{"id":72332,"date":"2021-02-08T18:22:11","date_gmt":"2021-02-08T17:22:11","guid":{"rendered":"https:\/\/manitese.it\/?p=72332"},"modified":"2023-11-30T16:33:35","modified_gmt":"2023-11-30T15:33:35","slug":"edna-apicoltura","status":"publish","type":"post","link":"https:\/\/www.manitese.it\/en\/edna-apicoltura\/","title":{"rendered":"EDNA E L\u2019APICOLTURA"},"content":{"rendered":"\r\n<p>Nella zona di Bogoria, nella <strong>Contea di Baringo<\/strong>, la maggior parte degli abitanti dipende economicamente dall\u2019allevamento del bestiame e dall\u2019agricoltura ma la principale fonte d\u2019acqua, il <strong>fiume Molo<\/strong>, \u00e8 secco per una parte dell\u2019anno.<\/p>\r\n\r\n\r\n\r\n<p>In questi periodi gli uomini e le donne devono trovare altre attivit\u00e0 generanti reddito per sopravvivere e un\u2019alternativa \u00e8 sicuramente l\u2019<strong>apicoltura<\/strong> che ha un grande potenziale poich\u00e9 l\u2019area \u00e8 ricoperta da alberi di acacia. Purtroppo, per\u00f2, le persone non hanno i mezzi per investire in quest\u2019attivit\u00e0 e di conseguenza viene implementata con strumenti rudimentali con capacit\u00e0 produttive limitate.<\/p>\r\n\r\n\r\n\r\n<p>Nell\u2019ambito del progetto <a href=\"https:\/\/manitese.it\/progetto\/agrichange-piccole-imprese-grandi-opportunita\" target=\"_blank\" rel=\"noreferrer noopener\" aria-label=\" (apre in una nuova scheda)\"><strong>\u201cAgri-change: piccole imprese grandi opportunit\u00e0. Sviluppo di filiere agro-alimentari nel bacino del fiume Molo\u201d<\/strong><\/a> cofinanziato dall\u2019<a href=\"https:\/\/www.aics.gov.it\/\" target=\"_blank\" rel=\"noreferrer noopener\" aria-label=\"Agenzia Italiana per la cooperazione allo sviluppo (apre in una nuova scheda)\"><strong>Agenzia Italiana per la cooperazione allo sviluppo<\/strong><\/a>, Mani Tese ha conosciuto <strong>Edna Sankok<\/strong>, una delle persone pi\u00f9 determinate che sono state coinvolte nell\u2019intervento.<\/p>\r\n\r\n\r\n\r\n<p>La sua principale fonte di reddito \u00e8 l\u2019allevamento delle capre dei vicini dai quali riceve una piccola somma di denaro a fine giornata. Spostandosi con le capre Edna ha scoperto un\u2019area adatta all\u2019apicoltura, con la presenza di molti alberi di acacia dai quali si produce un ottimo miele.<\/p>\r\n\r\n\r\n\r\n<p>Nel corso del tempo, <strong>Edna \u00e8 riuscita da sola ad acquistare cinque arnie<\/strong> e ha cominciato a produrre e vendere il miele nella citt\u00e0 di Marigat. Con il ricavato ha comprato cibo per la famiglia, composta da otto persone, ma la mancanza di ulteriori risorse economiche non le ha permesso, nonostante la determinazione, di sviluppare l\u2019attivit\u00e0 e di aumentare la produzione.<\/p>\r\n\r\n\r\n\r\n<p>Mani Tese ha deciso di sostenere l\u2019attivit\u00e0 di Edna e, grazie al <strong><a href=\"https:\/\/manitese.it\/progetto\/agrichange-piccole-imprese-grandi-opportunita\" target=\"_blank\" rel=\"noreferrer noopener\" aria-label=\"progetto Agri-change (apre in una nuova scheda)\">progetto Agri-change<\/a><\/strong> che intende sviluppare la filiera del miele, ha ricevuto sette nuove arnie. Due di queste, che ci ha mostrato orgogliosamente durante una nostra visita, sono gi\u00e0 colonizzate dalle api, le altre lo saranno presto e tra qualche mese il miele sar\u00e0 pronto.<\/p>\r\n\r\n\r\n\r\n<p>Sviluppare un\u2019attivit\u00e0 agricola, di allevamento o la stessa apicoltura, non \u00e8 facile nella Contea di Baringo: le principali criticit\u00e0 sono <strong>la siccit\u00e0<\/strong> e <strong>il cambiamento climatico<\/strong> che rende le stagioni sempre pi\u00f9 imprevedibili.<\/p>\r\n\r\n\r\n\r\n<p>Edna tuttavia \u00e8 fiduciosa e si augura di dedicare sempre pi\u00f9 tempo all\u2019apicoltura grazie al sostegno ricevuto e che ricever\u00e0 dal progetto, anche per le fasi successive alla produzione di raffinazione e commercializzazione del miele.<\/p>\r\n\r\n\r\n\r\n<div class=\"wp-block-image\">\r\n<figure class=\"aligncenter size-large\"><a href=\"https:\/\/manitese.it\/wp-content\/uploads\/2021\/02\/edna-presso-lapiario-1024x554.jpg\"><img decoding=\"async\" class=\"wp-image-72340\" src=\"https:\/\/manitese.it\/wp-content\/uploads\/2021\/02\/edna-presso-lapiario-1024x554.jpg\" alt=\"\" \/><\/a>\r\n<figcaption>Edna presso l&#8217;apiario<\/figcaption>\r\n<\/figure>\r\n<\/div>\r\n\r\n\r\n\r\n<div class=\"wp-block-image\">\r\n<figure class=\"aligncenter size-large\"><a href=\"https:\/\/manitese.it\/wp-content\/uploads\/2021\/02\/Uno-degli-alveari-colonizzati-della-fattoria-di-Edna.jpg\"><img decoding=\"async\" class=\"wp-image-72342\" src=\"https:\/\/manitese.it\/wp-content\/uploads\/2021\/02\/Uno-degli-alveari-colonizzati-della-fattoria-di-Edna-1024x636.jpg\" alt=\"\" \/><\/a>\r\n<figcaption>Uno degli alveari colonizzati della fattoria di Edna<\/figcaption>\r\n<\/figure>\r\n<\/div>\r\n","protected":false},"excerpt":{"rendered":"<p>Grazie al progetto AGRI-CHANGE, che Mani Tese sta realizzando in Kenya, Edna Sankok ha potuto sviluppare la sua attivit\u00e0 di apicoltrice.<\/p>\n","protected":false},"author":1,"featured_media":72336,"comment_status":"open","ping_status":"open","sticky":false,"template":"","format":"standard","meta":{"_acf_changed":false,"give_campaign_id":0,"inline_featured_image":false,"_jetpack_memberships_contains_paid_content":false,"footnotes":""},"categories":[3],"tags":[],"thematic_area":[918,917],"class_list":["post-72332","post","type-post","status-publish","format-standard","has-post-thumbnail","hentry","category-diari","thematic_area-sistemi-e-filiere-agroalimentari-locali","thematic_area-economia-circolare"],"acf":[],"yoast_head":"<!-- This site is optimized with the Yoast SEO plugin v27.5 - https:\/\/yoast.com\/product\/yoast-seo-wordpress\/ -->\n<title>EDNA E L\u2019APICOLTURA - Mani Tese<\/title>\n<meta name=\"description\" content=\"Grazie al progetto AGRI-CHANGE, che Mani Tese sta realizzando in Kenya, Edna Sankok ha potuto sviluppare la sua attivit\u00e0 di apicoltrice. Scopri di pi\u00f9!\" \/>\n<meta name=\"robots\" content=\"index, follow, max-snippet:-1, max-image-preview:large, max-video-preview:-1\" \/>\n<link rel=\"canonical\" href=\"https:\/\/www.manitese.it\/en\/edna-apicoltura\/\" \/>\n<meta property=\"og:locale\" content=\"en_US\" \/>\n<meta property=\"og:type\" content=\"article\" \/>\n<meta property=\"og:title\" content=\"EDNA E L\u2019APICOLTURA - Mani Tese\" \/>\n<meta property=\"og:description\" content=\"Grazie al progetto AGRI-CHANGE, che Mani Tese sta realizzando in Kenya, Edna Sankok ha potuto sviluppare la sua attivit\u00e0 di apicoltrice. Scopri di pi\u00f9!\" \/>\n<meta property=\"og:url\" content=\"https:\/\/www.manitese.it\/en\/edna-apicoltura\/\" \/>\n<meta property=\"og:site_name\" content=\"Mani Tese\" \/>\n<meta property=\"article:published_time\" content=\"2021-02-08T17:22:11+00:00\" \/>\n<meta property=\"article:modified_time\" content=\"2023-11-30T15:33:35+00:00\" \/>\n<meta property=\"og:image\" content=\"https:\/\/www.manitese.it\/wp-content\/uploads\/2021\/02\/edna-apicoltura-mani-tese-2021-1.jpg\" \/>\n\t<meta property=\"og:image:width\" content=\"1920\" \/>\n\t<meta property=\"og:image:height\" content=\"800\" \/>\n\t<meta property=\"og:image:type\" content=\"image\/jpeg\" \/>\n<meta name=\"author\" content=\"agevis\" \/>\n<meta name=\"twitter:card\" content=\"summary_large_image\" \/>\n<meta name=\"twitter:label1\" content=\"Written by\" \/>\n\t<meta name=\"twitter:data1\" content=\"agevis\" \/>\n\t<meta name=\"twitter:label2\" content=\"Est. reading time\" \/>\n\t<meta name=\"twitter:data2\" content=\"3 minutes\" \/>\n<script type=\"application\/ld+json\" class=\"yoast-schema-graph\">{\"@context\":\"https:\\\/\\\/schema.org\",\"@graph\":[{\"@type\":\"Article\",\"@id\":\"https:\\\/\\\/www.manitese.it\\\/en\\\/edna-apicoltura\\\/#article\",\"isPartOf\":{\"@id\":\"https:\\\/\\\/www.manitese.it\\\/en\\\/edna-apicoltura\\\/\"},\"author\":{\"name\":\"agevis\",\"@id\":\"https:\\\/\\\/www.manitese.it\\\/en\\\/#\\\/schema\\\/person\\\/5a9774f17e4940e2510bfeba90f04f65\"},\"headline\":\"EDNA E L\u2019APICOLTURA\",\"datePublished\":\"2021-02-08T17:22:11+00:00\",\"dateModified\":\"2023-11-30T15:33:35+00:00\",\"mainEntityOfPage\":{\"@id\":\"https:\\\/\\\/www.manitese.it\\\/en\\\/edna-apicoltura\\\/\"},\"wordCount\":393,\"commentCount\":0,\"image\":{\"@id\":\"https:\\\/\\\/www.manitese.it\\\/en\\\/edna-apicoltura\\\/#primaryimage\"},\"thumbnailUrl\":\"https:\\\/\\\/www.manitese.it\\\/wp-content\\\/uploads\\\/2021\\\/02\\\/edna-apicoltura-mani-tese-2021-1.jpg\",\"articleSection\":[\"Diari\"],\"inLanguage\":\"en-US\",\"potentialAction\":[{\"@type\":\"CommentAction\",\"name\":\"Comment\",\"target\":[\"https:\\\/\\\/www.manitese.it\\\/en\\\/edna-apicoltura\\\/#respond\"]}]},{\"@type\":\"WebPage\",\"@id\":\"https:\\\/\\\/www.manitese.it\\\/en\\\/edna-apicoltura\\\/\",\"url\":\"https:\\\/\\\/www.manitese.it\\\/en\\\/edna-apicoltura\\\/\",\"name\":\"EDNA E L\u2019APICOLTURA - Mani Tese\",\"isPartOf\":{\"@id\":\"https:\\\/\\\/www.manitese.it\\\/en\\\/#website\"},\"primaryImageOfPage\":{\"@id\":\"https:\\\/\\\/www.manitese.it\\\/en\\\/edna-apicoltura\\\/#primaryimage\"},\"image\":{\"@id\":\"https:\\\/\\\/www.manitese.it\\\/en\\\/edna-apicoltura\\\/#primaryimage\"},\"thumbnailUrl\":\"https:\\\/\\\/www.manitese.it\\\/wp-content\\\/uploads\\\/2021\\\/02\\\/edna-apicoltura-mani-tese-2021-1.jpg\",\"datePublished\":\"2021-02-08T17:22:11+00:00\",\"dateModified\":\"2023-11-30T15:33:35+00:00\",\"author\":{\"@id\":\"https:\\\/\\\/www.manitese.it\\\/en\\\/#\\\/schema\\\/person\\\/5a9774f17e4940e2510bfeba90f04f65\"},\"description\":\"Grazie al progetto AGRI-CHANGE, che Mani Tese sta realizzando in Kenya, Edna Sankok ha potuto sviluppare la sua attivit\u00e0 di apicoltrice. Scopri di pi\u00f9!\",\"breadcrumb\":{\"@id\":\"https:\\\/\\\/www.manitese.it\\\/en\\\/edna-apicoltura\\\/#breadcrumb\"},\"inLanguage\":\"en-US\",\"potentialAction\":[{\"@type\":\"ReadAction\",\"target\":[\"https:\\\/\\\/www.manitese.it\\\/en\\\/edna-apicoltura\\\/\"]}]},{\"@type\":\"ImageObject\",\"inLanguage\":\"en-US\",\"@id\":\"https:\\\/\\\/www.manitese.it\\\/en\\\/edna-apicoltura\\\/#primaryimage\",\"url\":\"https:\\\/\\\/www.manitese.it\\\/wp-content\\\/uploads\\\/2021\\\/02\\\/edna-apicoltura-mani-tese-2021-1.jpg\",\"contentUrl\":\"https:\\\/\\\/www.manitese.it\\\/wp-content\\\/uploads\\\/2021\\\/02\\\/edna-apicoltura-mani-tese-2021-1.jpg\",\"width\":1920,\"height\":800,\"caption\":\"edna apicoltura mani tese 2021\"},{\"@type\":\"BreadcrumbList\",\"@id\":\"https:\\\/\\\/www.manitese.it\\\/en\\\/edna-apicoltura\\\/#breadcrumb\",\"itemListElement\":[{\"@type\":\"ListItem\",\"position\":1,\"name\":\"Home\",\"item\":\"https:\\\/\\\/www.manitese.it\\\/en\\\/\"},{\"@type\":\"ListItem\",\"position\":2,\"name\":\"EDNA E L\u2019APICOLTURA\"}]},{\"@type\":\"WebSite\",\"@id\":\"https:\\\/\\\/www.manitese.it\\\/en\\\/#website\",\"url\":\"https:\\\/\\\/www.manitese.it\\\/en\\\/\",\"name\":\"Mani Tese\",\"description\":\"\",\"potentialAction\":[{\"@type\":\"SearchAction\",\"target\":{\"@type\":\"EntryPoint\",\"urlTemplate\":\"https:\\\/\\\/www.manitese.it\\\/en\\\/?s={search_term_string}\"},\"query-input\":{\"@type\":\"PropertyValueSpecification\",\"valueRequired\":true,\"valueName\":\"search_term_string\"}}],\"inLanguage\":\"en-US\"},{\"@type\":\"Person\",\"@id\":\"https:\\\/\\\/www.manitese.it\\\/en\\\/#\\\/schema\\\/person\\\/5a9774f17e4940e2510bfeba90f04f65\",\"name\":\"agevis\",\"image\":{\"@type\":\"ImageObject\",\"inLanguage\":\"en-US\",\"@id\":\"https:\\\/\\\/secure.gravatar.com\\\/avatar\\\/2dc96c93fcf3387a5922a93b50fb3bff01d4800590fb6a4ab91a034adb25ba17?s=96&d=mm&r=g\",\"url\":\"https:\\\/\\\/secure.gravatar.com\\\/avatar\\\/2dc96c93fcf3387a5922a93b50fb3bff01d4800590fb6a4ab91a034adb25ba17?s=96&d=mm&r=g\",\"contentUrl\":\"https:\\\/\\\/secure.gravatar.com\\\/avatar\\\/2dc96c93fcf3387a5922a93b50fb3bff01d4800590fb6a4ab91a034adb25ba17?s=96&d=mm&r=g\",\"caption\":\"agevis\"},\"url\":\"https:\\\/\\\/www.manitese.it\\\/en\\\/author\\\/wp_agevis_admin\\\/\"}]}<\/script>\n<!-- \/ Yoast SEO plugin. -->","yoast_head_json":{"title":"EDNA E L\u2019APICOLTURA - Mani Tese","description":"Grazie al progetto AGRI-CHANGE, che Mani Tese sta realizzando in Kenya, Edna Sankok ha potuto sviluppare la sua attivit\u00e0 di apicoltrice. Scopri di pi\u00f9!","robots":{"index":"index","follow":"follow","max-snippet":"max-snippet:-1","max-image-preview":"max-image-preview:large","max-video-preview":"max-video-preview:-1"},"canonical":"https:\/\/www.manitese.it\/en\/edna-apicoltura\/","og_locale":"en_US","og_type":"article","og_title":"EDNA E L\u2019APICOLTURA - Mani Tese","og_description":"Grazie al progetto AGRI-CHANGE, che Mani Tese sta realizzando in Kenya, Edna Sankok ha potuto sviluppare la sua attivit\u00e0 di apicoltrice. Scopri di pi\u00f9!","og_url":"https:\/\/www.manitese.it\/en\/edna-apicoltura\/","og_site_name":"Mani Tese","article_published_time":"2021-02-08T17:22:11+00:00","article_modified_time":"2023-11-30T15:33:35+00:00","og_image":[{"width":1920,"height":800,"url":"https:\/\/www.manitese.it\/wp-content\/uploads\/2021\/02\/edna-apicoltura-mani-tese-2021-1.jpg","type":"image\/jpeg"}],"author":"agevis","twitter_card":"summary_large_image","twitter_misc":{"Written by":"agevis","Est. reading time":"3 minutes"},"schema":{"@context":"https:\/\/schema.org","@graph":[{"@type":"Article","@id":"https:\/\/www.manitese.it\/en\/edna-apicoltura\/#article","isPartOf":{"@id":"https:\/\/www.manitese.it\/en\/edna-apicoltura\/"},"author":{"name":"agevis","@id":"https:\/\/www.manitese.it\/en\/#\/schema\/person\/5a9774f17e4940e2510bfeba90f04f65"},"headline":"EDNA E L\u2019APICOLTURA","datePublished":"2021-02-08T17:22:11+00:00","dateModified":"2023-11-30T15:33:35+00:00","mainEntityOfPage":{"@id":"https:\/\/www.manitese.it\/en\/edna-apicoltura\/"},"wordCount":393,"commentCount":0,"image":{"@id":"https:\/\/www.manitese.it\/en\/edna-apicoltura\/#primaryimage"},"thumbnailUrl":"https:\/\/www.manitese.it\/wp-content\/uploads\/2021\/02\/edna-apicoltura-mani-tese-2021-1.jpg","articleSection":["Diari"],"inLanguage":"en-US","potentialAction":[{"@type":"CommentAction","name":"Comment","target":["https:\/\/www.manitese.it\/en\/edna-apicoltura\/#respond"]}]},{"@type":"WebPage","@id":"https:\/\/www.manitese.it\/en\/edna-apicoltura\/","url":"https:\/\/www.manitese.it\/en\/edna-apicoltura\/","name":"EDNA E L\u2019APICOLTURA - Mani Tese","isPartOf":{"@id":"https:\/\/www.manitese.it\/en\/#website"},"primaryImageOfPage":{"@id":"https:\/\/www.manitese.it\/en\/edna-apicoltura\/#primaryimage"},"image":{"@id":"https:\/\/www.manitese.it\/en\/edna-apicoltura\/#primaryimage"},"thumbnailUrl":"https:\/\/www.manitese.it\/wp-content\/uploads\/2021\/02\/edna-apicoltura-mani-tese-2021-1.jpg","datePublished":"2021-02-08T17:22:11+00:00","dateModified":"2023-11-30T15:33:35+00:00","author":{"@id":"https:\/\/www.manitese.it\/en\/#\/schema\/person\/5a9774f17e4940e2510bfeba90f04f65"},"description":"Grazie al progetto AGRI-CHANGE, che Mani Tese sta realizzando in Kenya, Edna Sankok ha potuto sviluppare la sua attivit\u00e0 di apicoltrice. Scopri di pi\u00f9!","breadcrumb":{"@id":"https:\/\/www.manitese.it\/en\/edna-apicoltura\/#breadcrumb"},"inLanguage":"en-US","potentialAction":[{"@type":"ReadAction","target":["https:\/\/www.manitese.it\/en\/edna-apicoltura\/"]}]},{"@type":"ImageObject","inLanguage":"en-US","@id":"https:\/\/www.manitese.it\/en\/edna-apicoltura\/#primaryimage","url":"https:\/\/www.manitese.it\/wp-content\/uploads\/2021\/02\/edna-apicoltura-mani-tese-2021-1.jpg","contentUrl":"https:\/\/www.manitese.it\/wp-content\/uploads\/2021\/02\/edna-apicoltura-mani-tese-2021-1.jpg","width":1920,"height":800,"caption":"edna apicoltura mani tese 2021"},{"@type":"BreadcrumbList","@id":"https:\/\/www.manitese.it\/en\/edna-apicoltura\/#breadcrumb","itemListElement":[{"@type":"ListItem","position":1,"name":"Home","item":"https:\/\/www.manitese.it\/en\/"},{"@type":"ListItem","position":2,"name":"EDNA E L\u2019APICOLTURA"}]},{"@type":"WebSite","@id":"https:\/\/www.manitese.it\/en\/#website","url":"https:\/\/www.manitese.it\/en\/","name":"Mani Tese","description":"","potentialAction":[{"@type":"SearchAction","target":{"@type":"EntryPoint","urlTemplate":"https:\/\/www.manitese.it\/en\/?s={search_term_string}"},"query-input":{"@type":"PropertyValueSpecification","valueRequired":true,"valueName":"search_term_string"}}],"inLanguage":"en-US"},{"@type":"Person","@id":"https:\/\/www.manitese.it\/en\/#\/schema\/person\/5a9774f17e4940e2510bfeba90f04f65","name":"agevis","image":{"@type":"ImageObject","inLanguage":"en-US","@id":"https:\/\/secure.gravatar.com\/avatar\/2dc96c93fcf3387a5922a93b50fb3bff01d4800590fb6a4ab91a034adb25ba17?s=96&d=mm&r=g","url":"https:\/\/secure.gravatar.com\/avatar\/2dc96c93fcf3387a5922a93b50fb3bff01d4800590fb6a4ab91a034adb25ba17?s=96&d=mm&r=g","contentUrl":"https:\/\/secure.gravatar.com\/avatar\/2dc96c93fcf3387a5922a93b50fb3bff01d4800590fb6a4ab91a034adb25ba17?s=96&d=mm&r=g","caption":"agevis"},"url":"https:\/\/www.manitese.it\/en\/author\/wp_agevis_admin\/"}]}},"jetpack_featured_media_url":"https:\/\/www.manitese.it\/wp-content\/uploads\/2021\/02\/edna-apicoltura-mani-tese-2021-1.jpg","jetpack_sharing_enabled":true,"_links":{"self":[{"href":"https:\/\/www.manitese.it\/en\/wp-json\/wp\/v2\/posts\/72332","targetHints":{"allow":["GET"]}}],"collection":[{"href":"https:\/\/www.manitese.it\/en\/wp-json\/wp\/v2\/posts"}],"about":[{"href":"https:\/\/www.manitese.it\/en\/wp-json\/wp\/v2\/types\/post"}],"author":[{"embeddable":true,"href":"https:\/\/www.manitese.it\/en\/wp-json\/wp\/v2\/users\/1"}],"replies":[{"embeddable":true,"href":"https:\/\/www.manitese.it\/en\/wp-json\/wp\/v2\/comments?post=72332"}],"version-history":[{"count":2,"href":"https:\/\/www.manitese.it\/en\/wp-json\/wp\/v2\/posts\/72332\/revisions"}],"predecessor-version":[{"id":191721,"href":"https:\/\/www.manitese.it\/en\/wp-json\/wp\/v2\/posts\/72332\/revisions\/191721"}],"wp:featuredmedia":[{"embeddable":true,"href":"https:\/\/www.manitese.it\/en\/wp-json\/wp\/v2\/media\/72336"}],"wp:attachment":[{"href":"https:\/\/www.manitese.it\/en\/wp-json\/wp\/v2\/media?parent=72332"}],"wp:term":[{"taxonomy":"category","embeddable":true,"href":"https:\/\/www.manitese.it\/en\/wp-json\/wp\/v2\/categories?post=72332"},{"taxonomy":"post_tag","embeddable":true,"href":"https:\/\/www.manitese.it\/en\/wp-json\/wp\/v2\/tags?post=72332"},{"taxonomy":"thematic_area","embeddable":true,"href":"https:\/\/www.manitese.it\/en\/wp-json\/wp\/v2\/thematic_area?post=72332"}],"curies":[{"name":"wp","href":"https:\/\/api.w.org\/{rel}","templated":true}]}}