{"id":72000,"date":"2021-02-03T14:23:06","date_gmt":"2021-02-03T13:23:06","guid":{"rendered":"https:\/\/manitese.it\/?p=72000"},"modified":"2023-11-30T17:29:34","modified_gmt":"2023-11-30T16:29:34","slug":"indagine-sugli-impatti-della-pandemia-in-guinea-bissau","status":"publish","type":"post","link":"https:\/\/www.manitese.it\/en\/indagine-sugli-impatti-della-pandemia-in-guinea-bissau\/","title":{"rendered":"INDAGINE SUGLI IMPATTI DELLA PANDEMIA FRA LE COMUNIT\u00c0 DELLA GUINEA-BISSAU"},"content":{"rendered":"\r\n<p>Anche la <strong>Guinea-Bissau<\/strong>, come il resto del mondo, \u00e8 stata colpita dalla pandemia di <strong>Covid-19<\/strong> e, precisamente, ha registrato i primi casi di positivit\u00e0 il 25 marzo 2020. Pochi giorni dopo, il 28 marzo, veniva decretato lo <strong>stato di emergenza sanitaria<\/strong> e a luglio i casi Covid confermati avevano superato il migliaio.<\/p>\r\n\r\n\r\n\r\n<p>Non bisogna farsi ingannare dal basso numero assoluto di contagiati, perch\u00e9 la popolazione della Guinea-Bissau \u00e8 all\u2019incirca quella di una citt\u00e0 medio-grande (circa 1,9 milioni di persone) e, ovviamente, il monitoraggio dell\u2019epidemia non pu\u00f2 essere cos\u00ec puntuale come nei Paesi europei a causa della mancanza di strutture sanitarie.<\/p>\r\n\r\n\r\n\r\n<p>In ogni caso, anche qui sono stati presi dei provvedimenti per fermare la diffusione del virus ed \u00e8 stata nominata commissario per la gestione della pandemia <strong>Magda Robalo<\/strong>, in passato gi\u00e0 in prima linea nella lotta contro colera, malaria, morbillo ed ebola.<\/p>\r\n\r\n\r\n\r\n<p>In <strong>Guinea-Bissau<\/strong>, le principali misure di prevenzione sono state: l\u2019imposizione del distanziamento sociale, la limitazione degli spostamenti, la chiusura delle frontiere, la riduzione degli orari dei negozi e la sospensione delle \u201cLumos\u201d, ovvero delle fiere dedicate al commercio.<\/p>\r\n\r\n\r\n\r\n<p><strong>Mani Tese<\/strong> \u00e8 attiva in Guinea-Bissau in diversi progetti e regioni del Paese. In particolare nella regione di Cacheu, col progetto <a href=\"https:\/\/manitese.it\/progetto\/integrazione-richiedenti-asilo-rifiugiati-senegalesi\" target=\"_blank\" rel=\"noreferrer noopener\"><strong>\u201cProtezione e soluzioni durevoli per rifugiati e richiedenti asilo in Guinea-Bissau\u201d<\/strong><\/a>\u00a0cofinanziato da\u00a0<a href=\"https:\/\/www.unhcr.org\/it\/\" target=\"_blank\" rel=\"noreferrer noopener\"><strong>UNHCR<\/strong><\/a>, fra maggio e giugno 2020 ha deciso di avviare un\u2019indagine, in collaborazione con le comunit\u00e0 locali, per capire quali siano gli effetti delle misure preventive sulla vita delle persone e quali possano essere i bisogni primari in questo periodo di emergenza.<\/p>\r\n\r\n\r\n\r\n<p><u>Metodologia dell\u2019indagine<\/u><\/p>\r\n\r\n\r\n\r\n<p>Per mantenere il distanziamento sociale, Mani Tese ha optato per un\u2019indagine tramite <strong>sondaggio telefonico<\/strong> da realizzare in 34 villaggi della regione Cacheu che ospitano un totale di 4.957 rifugiati e naturalizzati. In seguito, i villaggi sono diventati 33 a causa di problemi riscontrati nelle comunicazioni telefoniche con il villaggio di Bagui.<\/p>\r\n\r\n\r\n\r\n<p><strong>Sono state intervistate 3 persone per villaggio per un totale di<\/strong> <strong>99 persone<\/strong>. Il criterio di selezione era 2 donne e 1 uomo e di queste\/i 2 dovevano essere rifugiati e 1 cittadino. La privacy dell&#8217;intervistato era preservata poich\u00e9 venivano registrati solo sesso, et\u00e0 e status (cittadino o rifugiato) e non l\u2019identit\u00e0.<\/p>\r\n\r\n\r\n\r\n<p><u>Risultati dell\u2019indagine<\/u><\/p>\r\n\r\n\r\n\r\n<p><strong>I risultati dell\u2019indagine evidenziano un impatto importante delle restrizioni sull&#8217;economia delle comunit\u00e0 di intervento<\/strong> <strong>(regione di Cacheu)<\/strong>. Da una parte, infatti, la sospensione delle fiere agricole ha la conseguenza di frenare il commercio locale; dall\u2019altra parte la chiusura delle frontiere svantaggia i villaggi vicini al confine col Senegal che vivono del commercio trasfrontaliero. L&#8217;84,8% degli intervistati ha quindi affermato che la pandemia e le restrizioni governative hanno avuto un forte impatto sulla vendita dei prodotti.<\/p>\r\n\r\n\r\n\r\n<p>Sempre secondo l\u2019indagine un impatto particolarmente negativo l\u2019hanno avuto le famiglie che vivono grazie alla commercializzazione degli <strong>anacardi<\/strong>, che rappresentano il principale prodotto della regione. Il 63,6% di queste famiglie, infatti, \u00e8 stata costretta a vendere gli anacardi al di sotto del prezzo di mercato. Un altro 32%, invece, conserver\u00e0 una parte significativa degli anacardi in attesa di prezzi migliori.<\/p>\r\n\r\n\r\n\r\n<p>Le restrizioni per la prevenzione del Covid hanno quindi un impatto importante sulla situazione economica della maggior parte degli intervistati. La sospensione delle fiere e la chiusura delle frontiere, in particolar mondo, hanno determinato una contrazione del reddito familiare (perdite rispetto all&#8217;anno precedente tra il 20% e l&#8217;80%), con un impatto diretto e immediato sulle abitudini di consumo, soprattutto legate al cibo. Infatti, <strong>se prima della pandemia la maggior parte delle famiglie consumava tre pasti, ad aprile ne venivano consumati solo due nella quasi totalit\u00e0 dei casi<\/strong>.<\/p>\r\n\r\n\r\n\r\n<p>Dal punto di vista sociale e comunitario, lo stato di emergenza decretato dal governo ha portato a un cambiamento significativo nel modo di vivere in tutte le comunit\u00e0 di intervento, poich\u00e9 durante questo periodo, le persone hanno smesso di svolgere le attivit\u00e0 socioculturali come feste di matrimonio, cerimonie tradizionali e tutto ci\u00f2 che pu\u00f2 far incontrare e riunire le persone. Inoltre, la maggior parte degli intervistati ha dichiarato di rispettare le misure preventive come il frequente lavaggio delle mani, il distanziamento sociale e l\u2019uso delle mascherine.<\/p>\r\n\r\n\r\n\r\n<p><u>Conclusioni: quali i bisogni delle comunit\u00e0?<\/u><\/p>\r\n\r\n\r\n\r\n<p>Agli intervistati \u00e8 stato infine chiesto: quale aiuto chiederebbe al governo ora? <strong>87 persone hanno risposto aiuti alimentari<\/strong>, <strong>in 16 hanno chiesto sementi agricole<\/strong>, e <strong>12 degli intervistati hanno\u00a0 richiesto un aumento dei materiali per la prevenzione del Covid-19 <\/strong>e di continuare con la sensibilizzazione nelle comunit\u00e0.<\/p>\r\n\r\n\r\n\r\n<p>Queste risposte e l\u2019analisi complessiva dell\u2019indagine ci hanno aiutato a capire le principali e prioritarie necessit\u00e0 delle comunit\u00e0 di intervento. Dopo una prima distribuzione di cibo e beni di prima necessit\u00e0 effettuata a maggio, quindi, ne \u00e8 seguita un\u2019altra nel mese di dicembre per rispondere in maniera ancora pi\u00f9 efficace ai bisogni delle comunit\u00e0.<\/p>\r\n\r\n\r\n\r\n<p>In totale Mani Tese insieme a UNHCR hanno consegnato: 32.000 kg di sacchi di riso, 1.480 litri di olio vegetale, 1.000 kg di cipolle, 2.360 litri di aceto, 480 secchi per il lavaggio delle mani, 2.268 barre di sapone, 1.560 litri di candeggina e 2.600 mascherine di tessuto.<\/p>\r\n\r\n\r\n\r\n<p>Qui di seguito alcune foto della consegna dei beni:<\/p>\r\n\r\n\r\n\r\n<div class=\"wp-block-image\">\r\n<figure class=\"aligncenter size-large\"><a href=\"https:\/\/manitese.it\/wp-content\/uploads\/2020\/05\/consegnati-primi-materiali-prevenzione-covid19-guinea-bissau_mani-tese-2020_1.jpg\"><img decoding=\"async\" class=\"wp-image-60106\" src=\"https:\/\/manitese.it\/wp-content\/uploads\/2020\/05\/consegnati-primi-materiali-prevenzione-covid19-guinea-bissau_mani-tese-2020_1-1024x576.jpg\" alt=\"consegnati primi materiali prevenzione covid19 guinea bissau_mani tese 2020_1\" \/><\/a><\/figure>\r\n<\/div>\r\n\r\n\r\n\r\n<div class=\"wp-block-image\">\r\n<figure class=\"aligncenter size-large\"><a href=\"https:\/\/manitese.it\/wp-content\/uploads\/2020\/05\/consegnati-primi-materiali-prevenzione-covid19-guinea-bissau_mani-tese-2020_4.jpg\"><img decoding=\"async\" class=\"wp-image-60100\" src=\"https:\/\/manitese.it\/wp-content\/uploads\/2020\/05\/consegnati-primi-materiali-prevenzione-covid19-guinea-bissau_mani-tese-2020_4-1024x576.jpg\" alt=\"consegnati primi materiali prevenzione covid19 guinea bissau_mani tese 2020_4\" \/><\/a><\/figure>\r\n<\/div>\r\n\r\n\r\n\r\n<div class=\"wp-block-image\">\r\n<figure class=\"aligncenter size-large\"><a href=\"https:\/\/manitese.it\/wp-content\/uploads\/2021\/02\/seconda-distribuzione-3.jpg\"><img decoding=\"async\" class=\"wp-image-72043\" src=\"https:\/\/manitese.it\/wp-content\/uploads\/2021\/02\/seconda-distribuzione-3.jpg\" alt=\"\" \/><\/a><\/figure>\r\n<\/div>\r\n\r\n\r\n\r\n<div class=\"wp-block-image\">\r\n<figure class=\"aligncenter size-large\"><a href=\"https:\/\/manitese.it\/wp-content\/uploads\/2021\/02\/seconda-distribuzione-5.jpg\"><img decoding=\"async\" class=\"wp-image-72045\" src=\"https:\/\/manitese.it\/wp-content\/uploads\/2021\/02\/seconda-distribuzione-5.jpg\" alt=\"\" \/><\/a><\/figure>\r\n<\/div>\r\n","protected":false},"excerpt":{"rendered":"<p>Ridotto da tre a due pasti al giorno il consumo di cibo fra le famiglie. L\u2019indagine di Mani Tese per capire criticit\u00e0 e bisogni generati dalle misure di prevenzione del virus imposte dal governo.<\/p>\n","protected":false},"author":1,"featured_media":72040,"comment_status":"open","ping_status":"open","sticky":false,"template":"","format":"standard","meta":{"_acf_changed":false,"give_campaign_id":0,"inline_featured_image":false,"_jetpack_memberships_contains_paid_content":false,"footnotes":""},"categories":[3],"tags":[],"thematic_area":[909,908,905],"class_list":["post-72000","post","type-post","status-publish","format-standard","has-post-thumbnail","hentry","category-diari","thematic_area-inclusione-sociale","thematic_area-parita-di-genere","thematic_area-accesso-universale-al-cibo-e-allacqua"],"acf":[],"yoast_head":"<!-- This site is optimized with the Yoast SEO plugin v27.5 - https:\/\/yoast.com\/product\/yoast-seo-wordpress\/ -->\n<title>INDAGINE SUGLI IMPATTI DELLA PANDEMIA FRA LE COMUNIT\u00c0 DELLA GUINEA-BISSAU - Mani Tese<\/title>\n<meta name=\"description\" content=\"Ridotto da tre a due pasti al giorno il consumo di cibo fra le famiglie. L\u2019indagine di Mani Tese per capire criticit\u00e0 e bisogni generati dalle misure di prevenzione del virus imposte dal governo.\" \/>\n<meta name=\"robots\" content=\"index, follow, max-snippet:-1, max-image-preview:large, max-video-preview:-1\" \/>\n<link rel=\"canonical\" href=\"https:\/\/www.manitese.it\/en\/indagine-sugli-impatti-della-pandemia-in-guinea-bissau\/\" \/>\n<meta property=\"og:locale\" content=\"en_US\" \/>\n<meta property=\"og:type\" content=\"article\" \/>\n<meta property=\"og:title\" content=\"INDAGINE SUGLI IMPATTI DELLA PANDEMIA FRA LE COMUNIT\u00c0 DELLA GUINEA-BISSAU - Mani Tese\" \/>\n<meta property=\"og:description\" content=\"Ridotto da tre a due pasti al giorno il consumo di cibo fra le famiglie. L\u2019indagine di Mani Tese per capire criticit\u00e0 e bisogni generati dalle misure di prevenzione del virus imposte dal governo.\" \/>\n<meta property=\"og:url\" content=\"https:\/\/www.manitese.it\/en\/indagine-sugli-impatti-della-pandemia-in-guinea-bissau\/\" \/>\n<meta property=\"og:site_name\" content=\"Mani Tese\" \/>\n<meta property=\"article:published_time\" content=\"2021-02-03T13:23:06+00:00\" \/>\n<meta property=\"article:modified_time\" content=\"2023-11-30T16:29:34+00:00\" \/>\n<meta property=\"og:image\" content=\"https:\/\/www.manitese.it\/wp-content\/uploads\/2021\/01\/indagine-covid19-guinea-bissau_mani-tese-2021_cover-1.jpg\" \/>\n\t<meta property=\"og:image:width\" content=\"1920\" \/>\n\t<meta property=\"og:image:height\" content=\"800\" \/>\n\t<meta property=\"og:image:type\" content=\"image\/jpeg\" \/>\n<meta name=\"author\" content=\"agevis\" \/>\n<meta name=\"twitter:card\" content=\"summary_large_image\" \/>\n<meta name=\"twitter:label1\" content=\"Written by\" \/>\n\t<meta name=\"twitter:data1\" content=\"agevis\" \/>\n\t<meta name=\"twitter:label2\" content=\"Est. reading time\" \/>\n\t<meta name=\"twitter:data2\" content=\"5 minutes\" \/>\n<script type=\"application\/ld+json\" class=\"yoast-schema-graph\">{\"@context\":\"https:\\\/\\\/schema.org\",\"@graph\":[{\"@type\":\"Article\",\"@id\":\"https:\\\/\\\/www.manitese.it\\\/en\\\/indagine-sugli-impatti-della-pandemia-in-guinea-bissau\\\/#article\",\"isPartOf\":{\"@id\":\"https:\\\/\\\/www.manitese.it\\\/en\\\/indagine-sugli-impatti-della-pandemia-in-guinea-bissau\\\/\"},\"author\":{\"name\":\"agevis\",\"@id\":\"https:\\\/\\\/www.manitese.it\\\/en\\\/#\\\/schema\\\/person\\\/5a9774f17e4940e2510bfeba90f04f65\"},\"headline\":\"INDAGINE SUGLI IMPATTI DELLA PANDEMIA FRA LE COMUNIT\u00c0 DELLA GUINEA-BISSAU\",\"datePublished\":\"2021-02-03T13:23:06+00:00\",\"dateModified\":\"2023-11-30T16:29:34+00:00\",\"mainEntityOfPage\":{\"@id\":\"https:\\\/\\\/www.manitese.it\\\/en\\\/indagine-sugli-impatti-della-pandemia-in-guinea-bissau\\\/\"},\"wordCount\":830,\"commentCount\":0,\"image\":{\"@id\":\"https:\\\/\\\/www.manitese.it\\\/en\\\/indagine-sugli-impatti-della-pandemia-in-guinea-bissau\\\/#primaryimage\"},\"thumbnailUrl\":\"https:\\\/\\\/www.manitese.it\\\/wp-content\\\/uploads\\\/2021\\\/01\\\/indagine-covid19-guinea-bissau_mani-tese-2021_cover-1.jpg\",\"articleSection\":[\"Diari\"],\"inLanguage\":\"en-US\",\"potentialAction\":[{\"@type\":\"CommentAction\",\"name\":\"Comment\",\"target\":[\"https:\\\/\\\/www.manitese.it\\\/en\\\/indagine-sugli-impatti-della-pandemia-in-guinea-bissau\\\/#respond\"]}]},{\"@type\":\"WebPage\",\"@id\":\"https:\\\/\\\/www.manitese.it\\\/en\\\/indagine-sugli-impatti-della-pandemia-in-guinea-bissau\\\/\",\"url\":\"https:\\\/\\\/www.manitese.it\\\/en\\\/indagine-sugli-impatti-della-pandemia-in-guinea-bissau\\\/\",\"name\":\"INDAGINE SUGLI IMPATTI DELLA PANDEMIA FRA LE COMUNIT\u00c0 DELLA GUINEA-BISSAU - Mani Tese\",\"isPartOf\":{\"@id\":\"https:\\\/\\\/www.manitese.it\\\/en\\\/#website\"},\"primaryImageOfPage\":{\"@id\":\"https:\\\/\\\/www.manitese.it\\\/en\\\/indagine-sugli-impatti-della-pandemia-in-guinea-bissau\\\/#primaryimage\"},\"image\":{\"@id\":\"https:\\\/\\\/www.manitese.it\\\/en\\\/indagine-sugli-impatti-della-pandemia-in-guinea-bissau\\\/#primaryimage\"},\"thumbnailUrl\":\"https:\\\/\\\/www.manitese.it\\\/wp-content\\\/uploads\\\/2021\\\/01\\\/indagine-covid19-guinea-bissau_mani-tese-2021_cover-1.jpg\",\"datePublished\":\"2021-02-03T13:23:06+00:00\",\"dateModified\":\"2023-11-30T16:29:34+00:00\",\"author\":{\"@id\":\"https:\\\/\\\/www.manitese.it\\\/en\\\/#\\\/schema\\\/person\\\/5a9774f17e4940e2510bfeba90f04f65\"},\"description\":\"Ridotto da tre a due pasti al giorno il consumo di cibo fra le famiglie. L\u2019indagine di Mani Tese per capire criticit\u00e0 e bisogni generati dalle misure di prevenzione del virus imposte dal governo.\",\"breadcrumb\":{\"@id\":\"https:\\\/\\\/www.manitese.it\\\/en\\\/indagine-sugli-impatti-della-pandemia-in-guinea-bissau\\\/#breadcrumb\"},\"inLanguage\":\"en-US\",\"potentialAction\":[{\"@type\":\"ReadAction\",\"target\":[\"https:\\\/\\\/www.manitese.it\\\/en\\\/indagine-sugli-impatti-della-pandemia-in-guinea-bissau\\\/\"]}]},{\"@type\":\"ImageObject\",\"inLanguage\":\"en-US\",\"@id\":\"https:\\\/\\\/www.manitese.it\\\/en\\\/indagine-sugli-impatti-della-pandemia-in-guinea-bissau\\\/#primaryimage\",\"url\":\"https:\\\/\\\/www.manitese.it\\\/wp-content\\\/uploads\\\/2021\\\/01\\\/indagine-covid19-guinea-bissau_mani-tese-2021_cover-1.jpg\",\"contentUrl\":\"https:\\\/\\\/www.manitese.it\\\/wp-content\\\/uploads\\\/2021\\\/01\\\/indagine-covid19-guinea-bissau_mani-tese-2021_cover-1.jpg\",\"width\":1920,\"height\":800,\"caption\":\"indagine covid19 guinea bissau_mani tese 2021\"},{\"@type\":\"BreadcrumbList\",\"@id\":\"https:\\\/\\\/www.manitese.it\\\/en\\\/indagine-sugli-impatti-della-pandemia-in-guinea-bissau\\\/#breadcrumb\",\"itemListElement\":[{\"@type\":\"ListItem\",\"position\":1,\"name\":\"Home\",\"item\":\"https:\\\/\\\/www.manitese.it\\\/en\\\/\"},{\"@type\":\"ListItem\",\"position\":2,\"name\":\"INDAGINE SUGLI IMPATTI DELLA PANDEMIA FRA LE COMUNIT\u00c0 DELLA GUINEA-BISSAU\"}]},{\"@type\":\"WebSite\",\"@id\":\"https:\\\/\\\/www.manitese.it\\\/en\\\/#website\",\"url\":\"https:\\\/\\\/www.manitese.it\\\/en\\\/\",\"name\":\"Mani Tese\",\"description\":\"\",\"potentialAction\":[{\"@type\":\"SearchAction\",\"target\":{\"@type\":\"EntryPoint\",\"urlTemplate\":\"https:\\\/\\\/www.manitese.it\\\/en\\\/?s={search_term_string}\"},\"query-input\":{\"@type\":\"PropertyValueSpecification\",\"valueRequired\":true,\"valueName\":\"search_term_string\"}}],\"inLanguage\":\"en-US\"},{\"@type\":\"Person\",\"@id\":\"https:\\\/\\\/www.manitese.it\\\/en\\\/#\\\/schema\\\/person\\\/5a9774f17e4940e2510bfeba90f04f65\",\"name\":\"agevis\",\"image\":{\"@type\":\"ImageObject\",\"inLanguage\":\"en-US\",\"@id\":\"https:\\\/\\\/secure.gravatar.com\\\/avatar\\\/2dc96c93fcf3387a5922a93b50fb3bff01d4800590fb6a4ab91a034adb25ba17?s=96&d=mm&r=g\",\"url\":\"https:\\\/\\\/secure.gravatar.com\\\/avatar\\\/2dc96c93fcf3387a5922a93b50fb3bff01d4800590fb6a4ab91a034adb25ba17?s=96&d=mm&r=g\",\"contentUrl\":\"https:\\\/\\\/secure.gravatar.com\\\/avatar\\\/2dc96c93fcf3387a5922a93b50fb3bff01d4800590fb6a4ab91a034adb25ba17?s=96&d=mm&r=g\",\"caption\":\"agevis\"},\"url\":\"https:\\\/\\\/www.manitese.it\\\/en\\\/author\\\/wp_agevis_admin\\\/\"}]}<\/script>\n<!-- \/ Yoast SEO plugin. -->","yoast_head_json":{"title":"INDAGINE SUGLI IMPATTI DELLA PANDEMIA FRA LE COMUNIT\u00c0 DELLA GUINEA-BISSAU - Mani Tese","description":"Ridotto da tre a due pasti al giorno il consumo di cibo fra le famiglie. L\u2019indagine di Mani Tese per capire criticit\u00e0 e bisogni generati dalle misure di prevenzione del virus imposte dal governo.","robots":{"index":"index","follow":"follow","max-snippet":"max-snippet:-1","max-image-preview":"max-image-preview:large","max-video-preview":"max-video-preview:-1"},"canonical":"https:\/\/www.manitese.it\/en\/indagine-sugli-impatti-della-pandemia-in-guinea-bissau\/","og_locale":"en_US","og_type":"article","og_title":"INDAGINE SUGLI IMPATTI DELLA PANDEMIA FRA LE COMUNIT\u00c0 DELLA GUINEA-BISSAU - Mani Tese","og_description":"Ridotto da tre a due pasti al giorno il consumo di cibo fra le famiglie. L\u2019indagine di Mani Tese per capire criticit\u00e0 e bisogni generati dalle misure di prevenzione del virus imposte dal governo.","og_url":"https:\/\/www.manitese.it\/en\/indagine-sugli-impatti-della-pandemia-in-guinea-bissau\/","og_site_name":"Mani Tese","article_published_time":"2021-02-03T13:23:06+00:00","article_modified_time":"2023-11-30T16:29:34+00:00","og_image":[{"width":1920,"height":800,"url":"https:\/\/www.manitese.it\/wp-content\/uploads\/2021\/01\/indagine-covid19-guinea-bissau_mani-tese-2021_cover-1.jpg","type":"image\/jpeg"}],"author":"agevis","twitter_card":"summary_large_image","twitter_misc":{"Written by":"agevis","Est. reading time":"5 minutes"},"schema":{"@context":"https:\/\/schema.org","@graph":[{"@type":"Article","@id":"https:\/\/www.manitese.it\/en\/indagine-sugli-impatti-della-pandemia-in-guinea-bissau\/#article","isPartOf":{"@id":"https:\/\/www.manitese.it\/en\/indagine-sugli-impatti-della-pandemia-in-guinea-bissau\/"},"author":{"name":"agevis","@id":"https:\/\/www.manitese.it\/en\/#\/schema\/person\/5a9774f17e4940e2510bfeba90f04f65"},"headline":"INDAGINE SUGLI IMPATTI DELLA PANDEMIA FRA LE COMUNIT\u00c0 DELLA GUINEA-BISSAU","datePublished":"2021-02-03T13:23:06+00:00","dateModified":"2023-11-30T16:29:34+00:00","mainEntityOfPage":{"@id":"https:\/\/www.manitese.it\/en\/indagine-sugli-impatti-della-pandemia-in-guinea-bissau\/"},"wordCount":830,"commentCount":0,"image":{"@id":"https:\/\/www.manitese.it\/en\/indagine-sugli-impatti-della-pandemia-in-guinea-bissau\/#primaryimage"},"thumbnailUrl":"https:\/\/www.manitese.it\/wp-content\/uploads\/2021\/01\/indagine-covid19-guinea-bissau_mani-tese-2021_cover-1.jpg","articleSection":["Diari"],"inLanguage":"en-US","potentialAction":[{"@type":"CommentAction","name":"Comment","target":["https:\/\/www.manitese.it\/en\/indagine-sugli-impatti-della-pandemia-in-guinea-bissau\/#respond"]}]},{"@type":"WebPage","@id":"https:\/\/www.manitese.it\/en\/indagine-sugli-impatti-della-pandemia-in-guinea-bissau\/","url":"https:\/\/www.manitese.it\/en\/indagine-sugli-impatti-della-pandemia-in-guinea-bissau\/","name":"INDAGINE SUGLI IMPATTI DELLA PANDEMIA FRA LE COMUNIT\u00c0 DELLA GUINEA-BISSAU - Mani Tese","isPartOf":{"@id":"https:\/\/www.manitese.it\/en\/#website"},"primaryImageOfPage":{"@id":"https:\/\/www.manitese.it\/en\/indagine-sugli-impatti-della-pandemia-in-guinea-bissau\/#primaryimage"},"image":{"@id":"https:\/\/www.manitese.it\/en\/indagine-sugli-impatti-della-pandemia-in-guinea-bissau\/#primaryimage"},"thumbnailUrl":"https:\/\/www.manitese.it\/wp-content\/uploads\/2021\/01\/indagine-covid19-guinea-bissau_mani-tese-2021_cover-1.jpg","datePublished":"2021-02-03T13:23:06+00:00","dateModified":"2023-11-30T16:29:34+00:00","author":{"@id":"https:\/\/www.manitese.it\/en\/#\/schema\/person\/5a9774f17e4940e2510bfeba90f04f65"},"description":"Ridotto da tre a due pasti al giorno il consumo di cibo fra le famiglie. L\u2019indagine di Mani Tese per capire criticit\u00e0 e bisogni generati dalle misure di prevenzione del virus imposte dal governo.","breadcrumb":{"@id":"https:\/\/www.manitese.it\/en\/indagine-sugli-impatti-della-pandemia-in-guinea-bissau\/#breadcrumb"},"inLanguage":"en-US","potentialAction":[{"@type":"ReadAction","target":["https:\/\/www.manitese.it\/en\/indagine-sugli-impatti-della-pandemia-in-guinea-bissau\/"]}]},{"@type":"ImageObject","inLanguage":"en-US","@id":"https:\/\/www.manitese.it\/en\/indagine-sugli-impatti-della-pandemia-in-guinea-bissau\/#primaryimage","url":"https:\/\/www.manitese.it\/wp-content\/uploads\/2021\/01\/indagine-covid19-guinea-bissau_mani-tese-2021_cover-1.jpg","contentUrl":"https:\/\/www.manitese.it\/wp-content\/uploads\/2021\/01\/indagine-covid19-guinea-bissau_mani-tese-2021_cover-1.jpg","width":1920,"height":800,"caption":"indagine covid19 guinea bissau_mani tese 2021"},{"@type":"BreadcrumbList","@id":"https:\/\/www.manitese.it\/en\/indagine-sugli-impatti-della-pandemia-in-guinea-bissau\/#breadcrumb","itemListElement":[{"@type":"ListItem","position":1,"name":"Home","item":"https:\/\/www.manitese.it\/en\/"},{"@type":"ListItem","position":2,"name":"INDAGINE SUGLI IMPATTI DELLA PANDEMIA FRA LE COMUNIT\u00c0 DELLA GUINEA-BISSAU"}]},{"@type":"WebSite","@id":"https:\/\/www.manitese.it\/en\/#website","url":"https:\/\/www.manitese.it\/en\/","name":"Mani Tese","description":"","potentialAction":[{"@type":"SearchAction","target":{"@type":"EntryPoint","urlTemplate":"https:\/\/www.manitese.it\/en\/?s={search_term_string}"},"query-input":{"@type":"PropertyValueSpecification","valueRequired":true,"valueName":"search_term_string"}}],"inLanguage":"en-US"},{"@type":"Person","@id":"https:\/\/www.manitese.it\/en\/#\/schema\/person\/5a9774f17e4940e2510bfeba90f04f65","name":"agevis","image":{"@type":"ImageObject","inLanguage":"en-US","@id":"https:\/\/secure.gravatar.com\/avatar\/2dc96c93fcf3387a5922a93b50fb3bff01d4800590fb6a4ab91a034adb25ba17?s=96&d=mm&r=g","url":"https:\/\/secure.gravatar.com\/avatar\/2dc96c93fcf3387a5922a93b50fb3bff01d4800590fb6a4ab91a034adb25ba17?s=96&d=mm&r=g","contentUrl":"https:\/\/secure.gravatar.com\/avatar\/2dc96c93fcf3387a5922a93b50fb3bff01d4800590fb6a4ab91a034adb25ba17?s=96&d=mm&r=g","caption":"agevis"},"url":"https:\/\/www.manitese.it\/en\/author\/wp_agevis_admin\/"}]}},"jetpack_featured_media_url":"https:\/\/www.manitese.it\/wp-content\/uploads\/2021\/01\/indagine-covid19-guinea-bissau_mani-tese-2021_cover-1.jpg","jetpack_sharing_enabled":true,"_links":{"self":[{"href":"https:\/\/www.manitese.it\/en\/wp-json\/wp\/v2\/posts\/72000","targetHints":{"allow":["GET"]}}],"collection":[{"href":"https:\/\/www.manitese.it\/en\/wp-json\/wp\/v2\/posts"}],"about":[{"href":"https:\/\/www.manitese.it\/en\/wp-json\/wp\/v2\/types\/post"}],"author":[{"embeddable":true,"href":"https:\/\/www.manitese.it\/en\/wp-json\/wp\/v2\/users\/1"}],"replies":[{"embeddable":true,"href":"https:\/\/www.manitese.it\/en\/wp-json\/wp\/v2\/comments?post=72000"}],"version-history":[{"count":2,"href":"https:\/\/www.manitese.it\/en\/wp-json\/wp\/v2\/posts\/72000\/revisions"}],"predecessor-version":[{"id":191734,"href":"https:\/\/www.manitese.it\/en\/wp-json\/wp\/v2\/posts\/72000\/revisions\/191734"}],"wp:featuredmedia":[{"embeddable":true,"href":"https:\/\/www.manitese.it\/en\/wp-json\/wp\/v2\/media\/72040"}],"wp:attachment":[{"href":"https:\/\/www.manitese.it\/en\/wp-json\/wp\/v2\/media?parent=72000"}],"wp:term":[{"taxonomy":"category","embeddable":true,"href":"https:\/\/www.manitese.it\/en\/wp-json\/wp\/v2\/categories?post=72000"},{"taxonomy":"post_tag","embeddable":true,"href":"https:\/\/www.manitese.it\/en\/wp-json\/wp\/v2\/tags?post=72000"},{"taxonomy":"thematic_area","embeddable":true,"href":"https:\/\/www.manitese.it\/en\/wp-json\/wp\/v2\/thematic_area?post=72000"}],"curies":[{"name":"wp","href":"https:\/\/api.w.org\/{rel}","templated":true}]}}