{"id":71977,"date":"2021-02-01T09:04:00","date_gmt":"2021-02-01T08:04:00","guid":{"rendered":"https:\/\/manitese.it\/?p=71977"},"modified":"2023-12-14T11:03:09","modified_gmt":"2023-12-14T10:03:09","slug":"mariam-i-prodotti-della-tradizione","status":"publish","type":"post","link":"https:\/\/www.manitese.it\/en\/mariam-i-prodotti-della-tradizione\/","title":{"rendered":"13. Mariam e i prodotti della tradizione"},"content":{"rendered":"\r\n<p><strong>Mariam Nombre<\/strong> \u00e8 la presidente della cooperativa di donne <strong>Sabtenga Wambako<\/strong>, che prende il nome dal villaggio di appartenenza \u2013 Sabtenga \u2013 e dal quartiere \u2013 Wambako \u2013 che letteralmente significa \u201cil luogo delle scimmie\u201d.<\/p>\r\n\r\n\r\n\r\n<p>L\u2019attivit\u00e0 principale della cooperativa \u00e8 <strong>la trasformazione del burro di karit\u00e9 e del soumbala<\/strong>, due prodotti della tradizione burkinab\u00e8. Il soumbala, in particolare, \u00e8 usato come insaporitore per condire i pasti e aiuta a regolare la pressione sanguigna; il burro di karit\u00e9 viene invece utilizzato come olio alimentare, unguento cosmetico o pomata da massaggio in caso di lussazioni o strappi muscolari. Inoltre, entrambi i prodotti vengono utilizzati in riti come matrimoni e funerali.<\/p>\r\n\r\n\r\n\r\n<p>Una delle caratteristiche di Sabtenga, ci racconta Mariam, \u00e8 che lei e le sue colleghe non comprano i prodotti da trasformare, ma li producono direttamente nel proprio terreno che hanno potuto predisporre alla coltivazione grazie al contributo di un\u2019associazione della diaspora burkinab\u00e9 in Italia, <strong>Solidariet\u00e0 Sabtenga di Treviso<\/strong>, che dal 2013 le accompagna nelle loro attivit\u00e0.<\/p>\r\n\r\n\r\n\r\n<p>Solidariet\u00e0 Sabtenga e lo si capisce anche dal nome, \u00e8 nata proprio per sostenere l\u2019omonimo villaggio dal quale, negli anni, sono partite per cercare un futuro in Italia moltissime persone e molte di loro hanno trovato una \u201cseconda casa\u201d nella provincia di Treviso, dove Mani Tese \u00e8 attiva con diverse attivit\u00e0 che coinvolgono le diaspore non solo del Burkina Faso.<\/p>\r\n\r\n\r\n\r\n<p>Nell\u2019ambito del progetto <strong>\u201c<\/strong><a href=\"https:\/\/manitese.it\/progetto\/imprese-sociali-innovative-partecipazione-migranti-per-inclusione-sociale-burkina-faso\" target=\"_blank\" rel=\"noreferrer noopener\"><strong>Imprese sociali innovative e partecipazione dei migranti per l\u2019inclusione sociale in Burkina Faso<\/strong><\/a><strong>\u201d <\/strong>cofinanziato dall\u2019<a href=\"https:\/\/www.aics.gov.it\/\" target=\"_blank\" rel=\"noreferrer noopener\"><strong>Agenzia Italiana per la Cooperazione allo Sviluppo<\/strong><\/a><strong>\u00a0<\/strong>e dalla<strong>\u00a0Fondazione Maria Enrica<\/strong>, la cooperativa di donne Sabtenga Wambako e Solidariet\u00e0 Sabtenga di Treviso hanno rinnovato il loro partenariato e questo\u00a0ha permesso loro di partecipare al bando per il sostegno e finanziamento di un&#8217;attivit\u00e0 di micro impresa in Burkina Faso nell\u2019ambito del lotto riservato ai partenariati con la diaspora burkinab\u00e9 in Italia.<\/p>\r\n\r\n\r\n\r\n<p>Le due associazioni sono cos\u00ec rientrate fra i soggetti beneficiari del progetto e hanno avuto la possibilit\u00e0 di partecipare a percorsi formativi sia in Italia, grazie al partenariato con CeSPI, sia in Burkina Faso e nel paese africano Mariam e la sua cooperativa hanno partecipato a un percorso di incubazione di impresa e ottenuto un finanziamento\u00a0 per costruire un locale per la preparazione di soumbal\u00e0 e burro di karit\u00e9 con un piccolo impianto solare e\u00a0un mulino.<\/p>\r\n\r\n\r\n\r\n<p>Mariam ci confessa di voler diventare un punto di riferimento e un esempio per tutte le donne del villaggio che non credono di poter diventare economicamente autonome. In conclusione al nostro incontro, poi, si rivolge ai giovani della sua zona facendo un appello affinch\u00e9 non tentino la strada della migrazione irregolare. Mariam \u00e8 infatti consapevole dei rischi che si corrono durante le migrazioni e l\u2019esperienza di <strong>Sabtenga Wambako \u00e8 la dimostrazione che anche in Burkina Faso si pu\u00f2 riuscire<\/strong>.<\/p>\r\n\r\n\r\n\r\n<p>Qui di seguito, alcune foto di Mariam nei campi e vicino ai macchinari della cooperativa.<\/p>\r\n\r\n\r\n\r\n<div class=\"wp-block-image\">\r\n<figure class=\"aligncenter size-large\"><a href=\"https:\/\/manitese.it\/wp-content\/uploads\/2021\/01\/mariam-burkina-faso-mani-tese-2021-1.jpg\"><img decoding=\"async\" class=\"wp-image-71985\" src=\"https:\/\/manitese.it\/wp-content\/uploads\/2021\/01\/mariam-burkina-faso-mani-tese-2021-1-1024x768.jpg\" alt=\"\" \/><\/a><\/figure>\r\n<\/div>\r\n\r\n\r\n\r\n<div class=\"wp-block-image\">\r\n<figure class=\"aligncenter size-large\"><a href=\"https:\/\/manitese.it\/wp-content\/uploads\/2021\/01\/mariam-burkina-faso-mani-tese-2021-2.jpg\"><img decoding=\"async\" class=\"wp-image-71987\" src=\"https:\/\/manitese.it\/wp-content\/uploads\/2021\/01\/mariam-burkina-faso-mani-tese-2021-2-768x1024.jpg\" alt=\"\" \/><\/a><\/figure>\r\n<\/div>\r\n\r\n\r\n\r\n<div class=\"wp-block-image\">\r\n<figure class=\"aligncenter size-large\"><a href=\"https:\/\/manitese.it\/wp-content\/uploads\/2021\/01\/mariam-burkina-faso-mani-tese-2021-3.jpg\"><img decoding=\"async\" class=\"wp-image-71989\" src=\"https:\/\/manitese.it\/wp-content\/uploads\/2021\/01\/mariam-burkina-faso-mani-tese-2021-3-1024x768.jpg\" alt=\"\" \/><\/a><\/figure>\r\n<\/div>\r\n\r\n\r\n\r\n<p class=\"has-text-align-center\"><strong><a href=\"https:\/\/manitese.it\/impresa-di-crescere-insieme\" target=\"_blank\" rel=\"noreferrer noopener\">CONTINUA A SEGUIRE IL BLOG \u201cL\u2019IMPRESA DI CRESCERE INSIEME\u201d<\/a><\/strong><\/p>\r\n","protected":false},"excerpt":{"rendered":"<p>Mariam produce burro di karit\u00e9 e soumbala e vorrebbe che la sua cooperativa diventasse un punto di riferimento per l\u2019intero villaggio.<\/p>\n","protected":false},"author":1,"featured_media":71978,"comment_status":"open","ping_status":"open","sticky":false,"template":"","format":"standard","meta":{"_acf_changed":false,"give_campaign_id":0,"inline_featured_image":false,"_jetpack_memberships_contains_paid_content":false,"footnotes":""},"categories":[3],"tags":[],"thematic_area":[918,907,916],"class_list":["post-71977","post","type-post","status-publish","format-standard","has-post-thumbnail","hentry","category-diari","thematic_area-sistemi-e-filiere-agroalimentari-locali","thematic_area-imprenditoria-sociale","thematic_area-citta-e-pratiche-sostenibili"],"acf":[],"yoast_head":"<!-- This site is optimized with the Yoast SEO plugin v27.5 - https:\/\/yoast.com\/product\/yoast-seo-wordpress\/ -->\n<title>Mariam e i prodotti della tradizione | Mani Tese<\/title>\n<meta name=\"description\" content=\"Mariam produce burro di karit\u00e9 e soumbala e vorrebbe che la sua cooperativa diventasse un punto di riferimento per l\u2019intero villaggio.\" \/>\n<meta name=\"robots\" content=\"index, follow, max-snippet:-1, max-image-preview:large, max-video-preview:-1\" \/>\n<link rel=\"canonical\" href=\"https:\/\/www.manitese.it\/en\/mariam-i-prodotti-della-tradizione\/\" \/>\n<meta property=\"og:locale\" content=\"en_US\" \/>\n<meta property=\"og:type\" content=\"article\" \/>\n<meta property=\"og:title\" content=\"Mariam e i prodotti della tradizione | Mani Tese\" \/>\n<meta property=\"og:description\" content=\"Mariam produce burro di karit\u00e9 e soumbala e vorrebbe che la sua cooperativa diventasse un punto di riferimento per l\u2019intero villaggio.\" \/>\n<meta property=\"og:url\" content=\"https:\/\/www.manitese.it\/en\/mariam-i-prodotti-della-tradizione\/\" \/>\n<meta property=\"og:site_name\" content=\"Mani Tese\" \/>\n<meta property=\"article:published_time\" content=\"2021-02-01T08:04:00+00:00\" \/>\n<meta property=\"article:modified_time\" content=\"2023-12-14T10:03:09+00:00\" \/>\n<meta property=\"og:image\" content=\"https:\/\/www.manitese.it\/wp-content\/uploads\/2021\/01\/mariam-burkina-faso-mani-tese-2021-cover-1.jpg\" \/>\n\t<meta property=\"og:image:width\" content=\"1920\" \/>\n\t<meta property=\"og:image:height\" content=\"800\" \/>\n\t<meta property=\"og:image:type\" content=\"image\/jpeg\" \/>\n<meta name=\"author\" content=\"agevis\" \/>\n<meta name=\"twitter:card\" content=\"summary_large_image\" \/>\n<meta name=\"twitter:label1\" content=\"Written by\" \/>\n\t<meta name=\"twitter:data1\" content=\"agevis\" \/>\n\t<meta name=\"twitter:label2\" content=\"Est. reading time\" \/>\n\t<meta name=\"twitter:data2\" content=\"3 minutes\" \/>\n<script type=\"application\/ld+json\" class=\"yoast-schema-graph\">{\"@context\":\"https:\\\/\\\/schema.org\",\"@graph\":[{\"@type\":\"Article\",\"@id\":\"https:\\\/\\\/www.manitese.it\\\/en\\\/mariam-i-prodotti-della-tradizione\\\/#article\",\"isPartOf\":{\"@id\":\"https:\\\/\\\/www.manitese.it\\\/en\\\/mariam-i-prodotti-della-tradizione\\\/\"},\"author\":{\"name\":\"agevis\",\"@id\":\"https:\\\/\\\/www.manitese.it\\\/en\\\/#\\\/schema\\\/person\\\/5a9774f17e4940e2510bfeba90f04f65\"},\"headline\":\"13. Mariam e i prodotti della tradizione\",\"datePublished\":\"2021-02-01T08:04:00+00:00\",\"dateModified\":\"2023-12-14T10:03:09+00:00\",\"mainEntityOfPage\":{\"@id\":\"https:\\\/\\\/www.manitese.it\\\/en\\\/mariam-i-prodotti-della-tradizione\\\/\"},\"wordCount\":486,\"commentCount\":0,\"image\":{\"@id\":\"https:\\\/\\\/www.manitese.it\\\/en\\\/mariam-i-prodotti-della-tradizione\\\/#primaryimage\"},\"thumbnailUrl\":\"https:\\\/\\\/www.manitese.it\\\/wp-content\\\/uploads\\\/2021\\\/01\\\/mariam-burkina-faso-mani-tese-2021-cover-1.jpg\",\"articleSection\":[\"Diari\"],\"inLanguage\":\"en-US\",\"potentialAction\":[{\"@type\":\"CommentAction\",\"name\":\"Comment\",\"target\":[\"https:\\\/\\\/www.manitese.it\\\/en\\\/mariam-i-prodotti-della-tradizione\\\/#respond\"]}]},{\"@type\":\"WebPage\",\"@id\":\"https:\\\/\\\/www.manitese.it\\\/en\\\/mariam-i-prodotti-della-tradizione\\\/\",\"url\":\"https:\\\/\\\/www.manitese.it\\\/en\\\/mariam-i-prodotti-della-tradizione\\\/\",\"name\":\"Mariam e i prodotti della tradizione | Mani Tese\",\"isPartOf\":{\"@id\":\"https:\\\/\\\/www.manitese.it\\\/en\\\/#website\"},\"primaryImageOfPage\":{\"@id\":\"https:\\\/\\\/www.manitese.it\\\/en\\\/mariam-i-prodotti-della-tradizione\\\/#primaryimage\"},\"image\":{\"@id\":\"https:\\\/\\\/www.manitese.it\\\/en\\\/mariam-i-prodotti-della-tradizione\\\/#primaryimage\"},\"thumbnailUrl\":\"https:\\\/\\\/www.manitese.it\\\/wp-content\\\/uploads\\\/2021\\\/01\\\/mariam-burkina-faso-mani-tese-2021-cover-1.jpg\",\"datePublished\":\"2021-02-01T08:04:00+00:00\",\"dateModified\":\"2023-12-14T10:03:09+00:00\",\"author\":{\"@id\":\"https:\\\/\\\/www.manitese.it\\\/en\\\/#\\\/schema\\\/person\\\/5a9774f17e4940e2510bfeba90f04f65\"},\"description\":\"Mariam produce burro di karit\u00e9 e soumbala e vorrebbe che la sua cooperativa diventasse un punto di riferimento per l\u2019intero villaggio.\",\"breadcrumb\":{\"@id\":\"https:\\\/\\\/www.manitese.it\\\/en\\\/mariam-i-prodotti-della-tradizione\\\/#breadcrumb\"},\"inLanguage\":\"en-US\",\"potentialAction\":[{\"@type\":\"ReadAction\",\"target\":[\"https:\\\/\\\/www.manitese.it\\\/en\\\/mariam-i-prodotti-della-tradizione\\\/\"]}]},{\"@type\":\"ImageObject\",\"inLanguage\":\"en-US\",\"@id\":\"https:\\\/\\\/www.manitese.it\\\/en\\\/mariam-i-prodotti-della-tradizione\\\/#primaryimage\",\"url\":\"https:\\\/\\\/www.manitese.it\\\/wp-content\\\/uploads\\\/2021\\\/01\\\/mariam-burkina-faso-mani-tese-2021-cover-1.jpg\",\"contentUrl\":\"https:\\\/\\\/www.manitese.it\\\/wp-content\\\/uploads\\\/2021\\\/01\\\/mariam-burkina-faso-mani-tese-2021-cover-1.jpg\",\"width\":1920,\"height\":800},{\"@type\":\"BreadcrumbList\",\"@id\":\"https:\\\/\\\/www.manitese.it\\\/en\\\/mariam-i-prodotti-della-tradizione\\\/#breadcrumb\",\"itemListElement\":[{\"@type\":\"ListItem\",\"position\":1,\"name\":\"Home\",\"item\":\"https:\\\/\\\/www.manitese.it\\\/en\\\/\"},{\"@type\":\"ListItem\",\"position\":2,\"name\":\"13. Mariam e i prodotti della tradizione\"}]},{\"@type\":\"WebSite\",\"@id\":\"https:\\\/\\\/www.manitese.it\\\/en\\\/#website\",\"url\":\"https:\\\/\\\/www.manitese.it\\\/en\\\/\",\"name\":\"Mani Tese\",\"description\":\"\",\"potentialAction\":[{\"@type\":\"SearchAction\",\"target\":{\"@type\":\"EntryPoint\",\"urlTemplate\":\"https:\\\/\\\/www.manitese.it\\\/en\\\/?s={search_term_string}\"},\"query-input\":{\"@type\":\"PropertyValueSpecification\",\"valueRequired\":true,\"valueName\":\"search_term_string\"}}],\"inLanguage\":\"en-US\"},{\"@type\":\"Person\",\"@id\":\"https:\\\/\\\/www.manitese.it\\\/en\\\/#\\\/schema\\\/person\\\/5a9774f17e4940e2510bfeba90f04f65\",\"name\":\"agevis\",\"image\":{\"@type\":\"ImageObject\",\"inLanguage\":\"en-US\",\"@id\":\"https:\\\/\\\/secure.gravatar.com\\\/avatar\\\/2dc96c93fcf3387a5922a93b50fb3bff01d4800590fb6a4ab91a034adb25ba17?s=96&d=mm&r=g\",\"url\":\"https:\\\/\\\/secure.gravatar.com\\\/avatar\\\/2dc96c93fcf3387a5922a93b50fb3bff01d4800590fb6a4ab91a034adb25ba17?s=96&d=mm&r=g\",\"contentUrl\":\"https:\\\/\\\/secure.gravatar.com\\\/avatar\\\/2dc96c93fcf3387a5922a93b50fb3bff01d4800590fb6a4ab91a034adb25ba17?s=96&d=mm&r=g\",\"caption\":\"agevis\"},\"url\":\"https:\\\/\\\/www.manitese.it\\\/en\\\/author\\\/wp_agevis_admin\\\/\"}]}<\/script>\n<!-- \/ Yoast SEO plugin. -->","yoast_head_json":{"title":"Mariam e i prodotti della tradizione | Mani Tese","description":"Mariam produce burro di karit\u00e9 e soumbala e vorrebbe che la sua cooperativa diventasse un punto di riferimento per l\u2019intero villaggio.","robots":{"index":"index","follow":"follow","max-snippet":"max-snippet:-1","max-image-preview":"max-image-preview:large","max-video-preview":"max-video-preview:-1"},"canonical":"https:\/\/www.manitese.it\/en\/mariam-i-prodotti-della-tradizione\/","og_locale":"en_US","og_type":"article","og_title":"Mariam e i prodotti della tradizione | Mani Tese","og_description":"Mariam produce burro di karit\u00e9 e soumbala e vorrebbe che la sua cooperativa diventasse un punto di riferimento per l\u2019intero villaggio.","og_url":"https:\/\/www.manitese.it\/en\/mariam-i-prodotti-della-tradizione\/","og_site_name":"Mani Tese","article_published_time":"2021-02-01T08:04:00+00:00","article_modified_time":"2023-12-14T10:03:09+00:00","og_image":[{"width":1920,"height":800,"url":"https:\/\/www.manitese.it\/wp-content\/uploads\/2021\/01\/mariam-burkina-faso-mani-tese-2021-cover-1.jpg","type":"image\/jpeg"}],"author":"agevis","twitter_card":"summary_large_image","twitter_misc":{"Written by":"agevis","Est. reading time":"3 minutes"},"schema":{"@context":"https:\/\/schema.org","@graph":[{"@type":"Article","@id":"https:\/\/www.manitese.it\/en\/mariam-i-prodotti-della-tradizione\/#article","isPartOf":{"@id":"https:\/\/www.manitese.it\/en\/mariam-i-prodotti-della-tradizione\/"},"author":{"name":"agevis","@id":"https:\/\/www.manitese.it\/en\/#\/schema\/person\/5a9774f17e4940e2510bfeba90f04f65"},"headline":"13. Mariam e i prodotti della tradizione","datePublished":"2021-02-01T08:04:00+00:00","dateModified":"2023-12-14T10:03:09+00:00","mainEntityOfPage":{"@id":"https:\/\/www.manitese.it\/en\/mariam-i-prodotti-della-tradizione\/"},"wordCount":486,"commentCount":0,"image":{"@id":"https:\/\/www.manitese.it\/en\/mariam-i-prodotti-della-tradizione\/#primaryimage"},"thumbnailUrl":"https:\/\/www.manitese.it\/wp-content\/uploads\/2021\/01\/mariam-burkina-faso-mani-tese-2021-cover-1.jpg","articleSection":["Diari"],"inLanguage":"en-US","potentialAction":[{"@type":"CommentAction","name":"Comment","target":["https:\/\/www.manitese.it\/en\/mariam-i-prodotti-della-tradizione\/#respond"]}]},{"@type":"WebPage","@id":"https:\/\/www.manitese.it\/en\/mariam-i-prodotti-della-tradizione\/","url":"https:\/\/www.manitese.it\/en\/mariam-i-prodotti-della-tradizione\/","name":"Mariam e i prodotti della tradizione | Mani Tese","isPartOf":{"@id":"https:\/\/www.manitese.it\/en\/#website"},"primaryImageOfPage":{"@id":"https:\/\/www.manitese.it\/en\/mariam-i-prodotti-della-tradizione\/#primaryimage"},"image":{"@id":"https:\/\/www.manitese.it\/en\/mariam-i-prodotti-della-tradizione\/#primaryimage"},"thumbnailUrl":"https:\/\/www.manitese.it\/wp-content\/uploads\/2021\/01\/mariam-burkina-faso-mani-tese-2021-cover-1.jpg","datePublished":"2021-02-01T08:04:00+00:00","dateModified":"2023-12-14T10:03:09+00:00","author":{"@id":"https:\/\/www.manitese.it\/en\/#\/schema\/person\/5a9774f17e4940e2510bfeba90f04f65"},"description":"Mariam produce burro di karit\u00e9 e soumbala e vorrebbe che la sua cooperativa diventasse un punto di riferimento per l\u2019intero villaggio.","breadcrumb":{"@id":"https:\/\/www.manitese.it\/en\/mariam-i-prodotti-della-tradizione\/#breadcrumb"},"inLanguage":"en-US","potentialAction":[{"@type":"ReadAction","target":["https:\/\/www.manitese.it\/en\/mariam-i-prodotti-della-tradizione\/"]}]},{"@type":"ImageObject","inLanguage":"en-US","@id":"https:\/\/www.manitese.it\/en\/mariam-i-prodotti-della-tradizione\/#primaryimage","url":"https:\/\/www.manitese.it\/wp-content\/uploads\/2021\/01\/mariam-burkina-faso-mani-tese-2021-cover-1.jpg","contentUrl":"https:\/\/www.manitese.it\/wp-content\/uploads\/2021\/01\/mariam-burkina-faso-mani-tese-2021-cover-1.jpg","width":1920,"height":800},{"@type":"BreadcrumbList","@id":"https:\/\/www.manitese.it\/en\/mariam-i-prodotti-della-tradizione\/#breadcrumb","itemListElement":[{"@type":"ListItem","position":1,"name":"Home","item":"https:\/\/www.manitese.it\/en\/"},{"@type":"ListItem","position":2,"name":"13. Mariam e i prodotti della tradizione"}]},{"@type":"WebSite","@id":"https:\/\/www.manitese.it\/en\/#website","url":"https:\/\/www.manitese.it\/en\/","name":"Mani Tese","description":"","potentialAction":[{"@type":"SearchAction","target":{"@type":"EntryPoint","urlTemplate":"https:\/\/www.manitese.it\/en\/?s={search_term_string}"},"query-input":{"@type":"PropertyValueSpecification","valueRequired":true,"valueName":"search_term_string"}}],"inLanguage":"en-US"},{"@type":"Person","@id":"https:\/\/www.manitese.it\/en\/#\/schema\/person\/5a9774f17e4940e2510bfeba90f04f65","name":"agevis","image":{"@type":"ImageObject","inLanguage":"en-US","@id":"https:\/\/secure.gravatar.com\/avatar\/2dc96c93fcf3387a5922a93b50fb3bff01d4800590fb6a4ab91a034adb25ba17?s=96&d=mm&r=g","url":"https:\/\/secure.gravatar.com\/avatar\/2dc96c93fcf3387a5922a93b50fb3bff01d4800590fb6a4ab91a034adb25ba17?s=96&d=mm&r=g","contentUrl":"https:\/\/secure.gravatar.com\/avatar\/2dc96c93fcf3387a5922a93b50fb3bff01d4800590fb6a4ab91a034adb25ba17?s=96&d=mm&r=g","caption":"agevis"},"url":"https:\/\/www.manitese.it\/en\/author\/wp_agevis_admin\/"}]}},"jetpack_featured_media_url":"https:\/\/www.manitese.it\/wp-content\/uploads\/2021\/01\/mariam-burkina-faso-mani-tese-2021-cover-1.jpg","jetpack_sharing_enabled":true,"_links":{"self":[{"href":"https:\/\/www.manitese.it\/en\/wp-json\/wp\/v2\/posts\/71977","targetHints":{"allow":["GET"]}}],"collection":[{"href":"https:\/\/www.manitese.it\/en\/wp-json\/wp\/v2\/posts"}],"about":[{"href":"https:\/\/www.manitese.it\/en\/wp-json\/wp\/v2\/types\/post"}],"author":[{"embeddable":true,"href":"https:\/\/www.manitese.it\/en\/wp-json\/wp\/v2\/users\/1"}],"replies":[{"embeddable":true,"href":"https:\/\/www.manitese.it\/en\/wp-json\/wp\/v2\/comments?post=71977"}],"version-history":[{"count":3,"href":"https:\/\/www.manitese.it\/en\/wp-json\/wp\/v2\/posts\/71977\/revisions"}],"predecessor-version":[{"id":191855,"href":"https:\/\/www.manitese.it\/en\/wp-json\/wp\/v2\/posts\/71977\/revisions\/191855"}],"wp:featuredmedia":[{"embeddable":true,"href":"https:\/\/www.manitese.it\/en\/wp-json\/wp\/v2\/media\/71978"}],"wp:attachment":[{"href":"https:\/\/www.manitese.it\/en\/wp-json\/wp\/v2\/media?parent=71977"}],"wp:term":[{"taxonomy":"category","embeddable":true,"href":"https:\/\/www.manitese.it\/en\/wp-json\/wp\/v2\/categories?post=71977"},{"taxonomy":"post_tag","embeddable":true,"href":"https:\/\/www.manitese.it\/en\/wp-json\/wp\/v2\/tags?post=71977"},{"taxonomy":"thematic_area","embeddable":true,"href":"https:\/\/www.manitese.it\/en\/wp-json\/wp\/v2\/thematic_area?post=71977"}],"curies":[{"name":"wp","href":"https:\/\/api.w.org\/{rel}","templated":true}]}}