{"id":71705,"date":"2021-01-21T10:12:11","date_gmt":"2021-01-21T09:12:11","guid":{"rendered":"https:\/\/manitese.it\/?p=71705"},"modified":"2023-07-21T13:58:15","modified_gmt":"2023-07-21T11:58:15","slug":"tratta-prostituzione-schiavitu-nuove-frontiere-nuove-sfide","status":"publish","type":"post","link":"https:\/\/www.manitese.it\/en\/tratta-prostituzione-schiavitu-nuove-frontiere-nuove-sfide\/","title":{"rendered":"Tratta, prostituzione e schiavit\u00f9, nuove frontiere e nuove sfide"},"content":{"rendered":"\n<p>Cambiano le rotte, ma cambiano anche\nle politiche di accoglienza. Cambiano le modalit\u00e0 di sfruttamento e cambiano pure\nle vittime della tratta costrette a prostituirsi. <strong>Chi sono le nuove schiave della prostituzione coatta?<\/strong> Da dove\nvengono? Dove e come sono forzate a vendere il loro corpo? <\/p>\n\n\n\n<p>Anche quest\u2019anno, in vista della\u00a0<strong>Giornata mondiale di preghiera e riflessione contro la tratta voluta da Papa Francesco<\/strong> (che si celebra l\u20198 febbraio, festa di Santa Bakhita),\u00a0il <strong><a href=\"https:\/\/www.pimemilano.com\/\" target=\"_blank\" rel=\"noreferrer noopener\" aria-label=\"Centro Pime (apre in una nuova scheda)\">Centro Pime<\/a><\/strong> di Milano, <strong><a href=\"https:\/\/manitese.it\/\" target=\"_blank\" rel=\"noreferrer noopener\" aria-label=\"Mani Tese (apre in una nuova scheda)\">Mani Tese<\/a><\/strong> e <strong><a href=\"https:\/\/www.caritasambrosiana.it\/\" target=\"_blank\" rel=\"noreferrer noopener\" aria-label=\"Caritas Ambrosiana (apre in una nuova scheda)\">Caritas Ambrosiana<\/a><\/strong> propongono, in collaborazione con <strong><a href=\"http:\/\/www.ucsi.it\/\" target=\"_blank\" rel=\"noreferrer noopener\" aria-label=\"Ucsi Lombardia (apre in una nuova scheda)\">Ucsi Lombardia<\/a><\/strong>, un\u2019occasione preziosa di confronto e approfondimento su un <strong>fenomeno in continua e drammatica evoluzione<\/strong>.<\/p>\n\n\n\n<p><strong>Focus conclusivo <\/strong>sulla tragedia che coinvolge proprio in queste settimane migliaia di migranti lungo la<strong> rotta balcanica, <\/strong>dove sono vittime di<strong> gravissime violazioni dei diritti umani<\/strong>.<\/p>\n\n\n\n<p><u><strong>GLI INTERVENTI<\/strong><\/u><\/p>\n\n\n\n<p><strong>LAURENCE HART<\/strong>, direttore Ufficio <strong><a href=\"https:\/\/italy.iom.int\/\" target=\"_blank\" rel=\"noreferrer noopener\" aria-label=\"OIM (apre in una nuova scheda)\">OIM<\/a><\/strong> per il Mediterraneo<strong><br>Le rotte della tratta<\/strong><\/p>\n\n\n\n<p><strong><em>Video testimonianza di Joy (Nigeria-Italia)<\/em><\/strong><\/p>\n\n\n\n<p><strong>CINZIA BRAGAGNOLO<\/strong>, coordinatrice Numero Verde Antitratta<strong><br>Lo sfruttamento in Italia<\/strong><\/p>\n\n\n\n<p><strong>MANUELA DE MARCO<\/strong>, Ufficio politiche migratorie e protezione internazionale di <strong><a href=\"https:\/\/www.caritas.it\/\" target=\"_blank\" rel=\"noreferrer noopener\" aria-label=\"Caritas Italiana (apre in una nuova scheda)\">Caritas Italiana<\/a><br>Le risposte possibili (e necessarie)<\/strong><\/p>\n\n\n\n<p><strong><em>Conclusione: Focus Balcani<\/em><\/strong><\/p>\n\n\n\n<p><strong><a href=\"https:\/\/www.nelloscavo.com\/chi-siamo\" target=\"_blank\" rel=\"noreferrer noopener\" aria-label=\"NELLO SCAVO (apre in una nuova scheda)\">NELLO SCAVO<\/a><\/strong>, giornalista di Avvenire, esperto di migrazioni<strong><br>La gelida vergogna<\/strong><\/p>\n\n\n\n<p><u><strong>IL FENOMENO<\/strong><\/u><\/p>\n\n\n\n<p>Nel mondo sono&nbsp;oltre <strong>40 milioni le\nvittime di tratta.&nbsp;<\/strong>Tra queste, il 72% sono donne, mentre il 23% sono\nminori. Fra le <strong>principali finalit\u00e0<\/strong>\ndella tratta vi sono lo <strong>sfruttamento\nsessuale (quasi 60%)<\/strong> e il lavoro forzato (34%). In questi ultimi anni il\nfenomeno della tratta \u00e8 cambiato anche <strong>in\nItalia<\/strong>, specialmente per quanto riguarda la prostituzione coatta. Sono\ndiminuite infatti le donne nigeriane &#8211; i cui sbarchi sono calati drasticamente,\nma il cui sfruttamento \u00e8 diventato ancora pi\u00f9 brutale in Libia &#8211; e sono\naumentare le donne di altre nazionalit\u00e0 cos\u00ec come le persone transessuali. Il\nfenomeno, inoltre &#8211; anche a causa del Coronavirus &#8211; si \u00e8 ulteriormente spostato\n<strong>dalla strada all\u2019indoor (e all\u2019online)<\/strong>,\nrendendo le vittime ancora pi\u00f9 invisibili, inavvicinabili e vulnerabili.<\/p>\n\n\n\n<p><u><strong>L&#8217;IMPEGNO DI PIME, MANI TESE E CARITAS\nAMBROSIANA<\/strong><\/u><\/p>\n\n\n\n<p><strong>Pime, Mani Tese e Caritas Ambrosiana<\/strong>\u00a0operano in contesti diversi per<strong>\u00a0la prevenzione del traffico di esseri umani e la protezione delle vittime<\/strong>.<strong>\u00a0<\/strong><\/p>\n\n\n\n<p>\u00abIl\u00a0<strong>Pime<\/strong>\u00a0\u00e8 presente in diversi Paesi di origine e transito delle vittime di tratta &#8211; spiega padre Mario Ghezzi, direttore del Centro Pime di Milano, rientrato in Italia dopo 17 anni in Cambogia &#8211; Il nostro principale impegno \u00e8 nell\u2019ambito dell\u2019educazione e della sensibilizzazione per cercare di prevenire la partenza di giovani senza prospettive e senza progetti migratori mirati, che li spingono quasi inevitabilmente nelle mani di trafficanti e sfruttatori. Grazie alla nostra rete di missionari e volontari, in diversi Paesi d&#8217;Africa, Asia e America Latina, e grazie al sostegno di molti amici e benefattori qui in Italia, cerchiamo di promuove istruzione e sviluppo, specialmente nei luoghi pi\u00f9 poveri e abbandonati, e di offrire cos\u00ec ai giovani opportunit\u00e0 di vita dignitosa e prospettive di futuro\u00bb.<\/p>\n\n\n\n<p><strong>Mani Tese\u00a0<\/strong>ha lanciato, nel 2016, il programma di sensibilizzazione <strong><a href=\"https:\/\/manitese.it\/campagne\/i-exist\" target=\"_blank\" rel=\"noreferrer noopener\" aria-label=\"\u201cI EXIST \u2013 say no to modern slavery\u201d (apre in una nuova scheda)\">\u201cI EXIST \u2013 say no to modern slavery\u201d<\/a><\/strong> per prevenire e contrastare le cause delle schiavit\u00f9 moderne, nell\u2019ambito del quale ha promosso iniziative di sensibilizzazione e avviato progetti in India e Cambogia a sostegno delle vittime di lavoro minorile, trafficking e sfruttamento lungo le filiere produttive. Dal 2017 ha inoltre avviato in Guinea-Bissau una collaborazione con l\u2019organizzazione locale AMIC per strutturare e rafforzare il sistema di protezione per donne e minori vittime di violenza, in particolare di matrimonio forzato e\/o precoce, e per i minori trafficati <em>talib\u00e8<\/em> rimpatriati dal Senegal.<\/p>\n\n\n\n<p>L\u2019impegno di&nbsp;<strong>Caritas Ambrosiana&nbsp;<\/strong>sul tema della tratta \u00e8 a tutto tondo. Promuove attivit\u00e0 di ricerca e di sensibilizzazione attraverso studi, convegni e campagne sul tema. Inoltre, l\u2019organismo diocesano \u00e8 attivo sul campo in collaborazione con la Cooperativa Farsi Prossimo, con l\u2019offerta di diversi servizi alle vittime: dal primo incontro realizzato dall\u2019unit\u00e0 di strada all\u2019inserimento in percorsi di integrazione reso possibile da una rete di case e alloggi protetti presenti nel territorio. Caritas Ambrosiana, con altre Caritas diocesane, assicura anche accoglienza ai richiedenti asilo che giungono nel nostro Paese attraverso i \u201cCorridoi Umanitari\u201d attivati in alcuni contesti di particolare emergenza.<\/p>\n\n\n\n<div class=\"wp-block-image\"><figure class=\"aligncenter size-large\"><a href=\"https:\/\/manitese.it\/wp-content\/uploads\/2021\/01\/convegno-giornata-tratta-2021-mani-tese.jpg\"><img decoding=\"async\" src=\"https:\/\/manitese.it\/wp-content\/uploads\/2021\/01\/convegno-giornata-tratta-2021-mani-tese-1024x512.jpg\" alt=\"\" class=\"wp-image-71707\"\/><\/a><\/figure><\/div>\n","protected":false},"excerpt":{"rendered":"<p>In occasione della Giornata Mondiale contro la Tratta, un convegno su un fenomeno in continua e drammatica evoluzione: sabato 6 febbraio in diretta Facebook sulle pagine di Centro Pime, Caritas Ambrosiana e Mani Tese.<\/p>\n","protected":false},"author":1,"featured_media":71709,"comment_status":"open","ping_status":"open","sticky":false,"template":"","format":"standard","meta":{"_acf_changed":false,"give_campaign_id":0,"inline_featured_image":false,"_jetpack_memberships_contains_paid_content":false,"footnotes":""},"categories":[22],"tags":[],"thematic_area":[],"class_list":["post-71705","post","type-post","status-publish","format-standard","has-post-thumbnail","hentry","category-area-stampa"],"acf":[],"yoast_head":"<!-- This site is optimized with the Yoast SEO plugin v27.5 - https:\/\/yoast.com\/product\/yoast-seo-wordpress\/ -->\n<title>Tratta, prostituzione e schiavit\u00f9, nuove frontiere e nuove sfide - Mani Tese<\/title>\n<meta name=\"description\" content=\"In occasione della Giornata Mondiale contro la Tratta, un convegno su un fenomeno in continua e drammatica evoluzione: sabato 6 febbraio in diretta Facebook sulle pagine di Centro Pime, Caritas Ambrosiana e Mani Tese.\" \/>\n<meta name=\"robots\" content=\"index, follow, max-snippet:-1, max-image-preview:large, max-video-preview:-1\" \/>\n<link rel=\"canonical\" href=\"https:\/\/www.manitese.it\/en\/tratta-prostituzione-schiavitu-nuove-frontiere-nuove-sfide\/\" \/>\n<meta property=\"og:locale\" content=\"en_US\" \/>\n<meta property=\"og:type\" content=\"article\" \/>\n<meta property=\"og:title\" content=\"Tratta, prostituzione e schiavit\u00f9, nuove frontiere e nuove sfide - Mani Tese\" \/>\n<meta property=\"og:description\" content=\"In occasione della Giornata Mondiale contro la Tratta, un convegno su un fenomeno in continua e drammatica evoluzione: sabato 6 febbraio in diretta Facebook sulle pagine di Centro Pime, Caritas Ambrosiana e Mani Tese.\" \/>\n<meta property=\"og:url\" content=\"https:\/\/www.manitese.it\/en\/tratta-prostituzione-schiavitu-nuove-frontiere-nuove-sfide\/\" \/>\n<meta property=\"og:site_name\" content=\"Mani Tese\" \/>\n<meta property=\"article:published_time\" content=\"2021-01-21T09:12:11+00:00\" \/>\n<meta property=\"article:modified_time\" content=\"2023-07-21T11:58:15+00:00\" \/>\n<meta property=\"og:image\" content=\"https:\/\/www.manitese.it\/wp-content\/uploads\/2021\/01\/convegno-giornata-tratta-2021-mani-tese-cover-1-1.jpg\" \/>\n\t<meta property=\"og:image:width\" content=\"1920\" \/>\n\t<meta property=\"og:image:height\" content=\"800\" \/>\n\t<meta property=\"og:image:type\" content=\"image\/jpeg\" \/>\n<meta name=\"author\" content=\"agevis\" \/>\n<meta name=\"twitter:card\" content=\"summary_large_image\" \/>\n<meta name=\"twitter:label1\" content=\"Written by\" \/>\n\t<meta name=\"twitter:data1\" content=\"agevis\" \/>\n\t<meta name=\"twitter:label2\" content=\"Est. reading time\" \/>\n\t<meta name=\"twitter:data2\" content=\"3 minutes\" \/>\n<script type=\"application\/ld+json\" class=\"yoast-schema-graph\">{\"@context\":\"https:\\\/\\\/schema.org\",\"@graph\":[{\"@type\":\"Article\",\"@id\":\"https:\\\/\\\/www.manitese.it\\\/en\\\/tratta-prostituzione-schiavitu-nuove-frontiere-nuove-sfide\\\/#article\",\"isPartOf\":{\"@id\":\"https:\\\/\\\/www.manitese.it\\\/en\\\/tratta-prostituzione-schiavitu-nuove-frontiere-nuove-sfide\\\/\"},\"author\":{\"name\":\"agevis\",\"@id\":\"https:\\\/\\\/www.manitese.it\\\/en\\\/#\\\/schema\\\/person\\\/5a9774f17e4940e2510bfeba90f04f65\"},\"headline\":\"Tratta, prostituzione e schiavit\u00f9, nuove frontiere e nuove sfide\",\"datePublished\":\"2021-01-21T09:12:11+00:00\",\"dateModified\":\"2023-07-21T11:58:15+00:00\",\"mainEntityOfPage\":{\"@id\":\"https:\\\/\\\/www.manitese.it\\\/en\\\/tratta-prostituzione-schiavitu-nuove-frontiere-nuove-sfide\\\/\"},\"wordCount\":686,\"commentCount\":0,\"image\":{\"@id\":\"https:\\\/\\\/www.manitese.it\\\/en\\\/tratta-prostituzione-schiavitu-nuove-frontiere-nuove-sfide\\\/#primaryimage\"},\"thumbnailUrl\":\"https:\\\/\\\/www.manitese.it\\\/wp-content\\\/uploads\\\/2021\\\/01\\\/convegno-giornata-tratta-2021-mani-tese-cover-1-1.jpg\",\"articleSection\":[\"Area stampa\"],\"inLanguage\":\"en-US\",\"potentialAction\":[{\"@type\":\"CommentAction\",\"name\":\"Comment\",\"target\":[\"https:\\\/\\\/www.manitese.it\\\/en\\\/tratta-prostituzione-schiavitu-nuove-frontiere-nuove-sfide\\\/#respond\"]}]},{\"@type\":\"WebPage\",\"@id\":\"https:\\\/\\\/www.manitese.it\\\/en\\\/tratta-prostituzione-schiavitu-nuove-frontiere-nuove-sfide\\\/\",\"url\":\"https:\\\/\\\/www.manitese.it\\\/en\\\/tratta-prostituzione-schiavitu-nuove-frontiere-nuove-sfide\\\/\",\"name\":\"Tratta, prostituzione e schiavit\u00f9, nuove frontiere e nuove sfide - Mani Tese\",\"isPartOf\":{\"@id\":\"https:\\\/\\\/www.manitese.it\\\/en\\\/#website\"},\"primaryImageOfPage\":{\"@id\":\"https:\\\/\\\/www.manitese.it\\\/en\\\/tratta-prostituzione-schiavitu-nuove-frontiere-nuove-sfide\\\/#primaryimage\"},\"image\":{\"@id\":\"https:\\\/\\\/www.manitese.it\\\/en\\\/tratta-prostituzione-schiavitu-nuove-frontiere-nuove-sfide\\\/#primaryimage\"},\"thumbnailUrl\":\"https:\\\/\\\/www.manitese.it\\\/wp-content\\\/uploads\\\/2021\\\/01\\\/convegno-giornata-tratta-2021-mani-tese-cover-1-1.jpg\",\"datePublished\":\"2021-01-21T09:12:11+00:00\",\"dateModified\":\"2023-07-21T11:58:15+00:00\",\"author\":{\"@id\":\"https:\\\/\\\/www.manitese.it\\\/en\\\/#\\\/schema\\\/person\\\/5a9774f17e4940e2510bfeba90f04f65\"},\"description\":\"In occasione della Giornata Mondiale contro la Tratta, un convegno su un fenomeno in continua e drammatica evoluzione: sabato 6 febbraio in diretta Facebook sulle pagine di Centro Pime, Caritas Ambrosiana e Mani Tese.\",\"breadcrumb\":{\"@id\":\"https:\\\/\\\/www.manitese.it\\\/en\\\/tratta-prostituzione-schiavitu-nuove-frontiere-nuove-sfide\\\/#breadcrumb\"},\"inLanguage\":\"en-US\",\"potentialAction\":[{\"@type\":\"ReadAction\",\"target\":[\"https:\\\/\\\/www.manitese.it\\\/en\\\/tratta-prostituzione-schiavitu-nuove-frontiere-nuove-sfide\\\/\"]}]},{\"@type\":\"ImageObject\",\"inLanguage\":\"en-US\",\"@id\":\"https:\\\/\\\/www.manitese.it\\\/en\\\/tratta-prostituzione-schiavitu-nuove-frontiere-nuove-sfide\\\/#primaryimage\",\"url\":\"https:\\\/\\\/www.manitese.it\\\/wp-content\\\/uploads\\\/2021\\\/01\\\/convegno-giornata-tratta-2021-mani-tese-cover-1-1.jpg\",\"contentUrl\":\"https:\\\/\\\/www.manitese.it\\\/wp-content\\\/uploads\\\/2021\\\/01\\\/convegno-giornata-tratta-2021-mani-tese-cover-1-1.jpg\",\"width\":1920,\"height\":800,\"caption\":\"convegno giornata tratta 2021 mani tese\"},{\"@type\":\"BreadcrumbList\",\"@id\":\"https:\\\/\\\/www.manitese.it\\\/en\\\/tratta-prostituzione-schiavitu-nuove-frontiere-nuove-sfide\\\/#breadcrumb\",\"itemListElement\":[{\"@type\":\"ListItem\",\"position\":1,\"name\":\"Home\",\"item\":\"https:\\\/\\\/www.manitese.it\\\/en\\\/\"},{\"@type\":\"ListItem\",\"position\":2,\"name\":\"Tratta, prostituzione e schiavit\u00f9, nuove frontiere e nuove sfide\"}]},{\"@type\":\"WebSite\",\"@id\":\"https:\\\/\\\/www.manitese.it\\\/en\\\/#website\",\"url\":\"https:\\\/\\\/www.manitese.it\\\/en\\\/\",\"name\":\"Mani Tese\",\"description\":\"\",\"potentialAction\":[{\"@type\":\"SearchAction\",\"target\":{\"@type\":\"EntryPoint\",\"urlTemplate\":\"https:\\\/\\\/www.manitese.it\\\/en\\\/?s={search_term_string}\"},\"query-input\":{\"@type\":\"PropertyValueSpecification\",\"valueRequired\":true,\"valueName\":\"search_term_string\"}}],\"inLanguage\":\"en-US\"},{\"@type\":\"Person\",\"@id\":\"https:\\\/\\\/www.manitese.it\\\/en\\\/#\\\/schema\\\/person\\\/5a9774f17e4940e2510bfeba90f04f65\",\"name\":\"agevis\",\"image\":{\"@type\":\"ImageObject\",\"inLanguage\":\"en-US\",\"@id\":\"https:\\\/\\\/secure.gravatar.com\\\/avatar\\\/2dc96c93fcf3387a5922a93b50fb3bff01d4800590fb6a4ab91a034adb25ba17?s=96&d=mm&r=g\",\"url\":\"https:\\\/\\\/secure.gravatar.com\\\/avatar\\\/2dc96c93fcf3387a5922a93b50fb3bff01d4800590fb6a4ab91a034adb25ba17?s=96&d=mm&r=g\",\"contentUrl\":\"https:\\\/\\\/secure.gravatar.com\\\/avatar\\\/2dc96c93fcf3387a5922a93b50fb3bff01d4800590fb6a4ab91a034adb25ba17?s=96&d=mm&r=g\",\"caption\":\"agevis\"},\"url\":\"https:\\\/\\\/www.manitese.it\\\/en\\\/author\\\/wp_agevis_admin\\\/\"}]}<\/script>\n<!-- \/ Yoast SEO plugin. -->","yoast_head_json":{"title":"Tratta, prostituzione e schiavit\u00f9, nuove frontiere e nuove sfide - Mani Tese","description":"In occasione della Giornata Mondiale contro la Tratta, un convegno su un fenomeno in continua e drammatica evoluzione: sabato 6 febbraio in diretta Facebook sulle pagine di Centro Pime, Caritas Ambrosiana e Mani Tese.","robots":{"index":"index","follow":"follow","max-snippet":"max-snippet:-1","max-image-preview":"max-image-preview:large","max-video-preview":"max-video-preview:-1"},"canonical":"https:\/\/www.manitese.it\/en\/tratta-prostituzione-schiavitu-nuove-frontiere-nuove-sfide\/","og_locale":"en_US","og_type":"article","og_title":"Tratta, prostituzione e schiavit\u00f9, nuove frontiere e nuove sfide - Mani Tese","og_description":"In occasione della Giornata Mondiale contro la Tratta, un convegno su un fenomeno in continua e drammatica evoluzione: sabato 6 febbraio in diretta Facebook sulle pagine di Centro Pime, Caritas Ambrosiana e Mani Tese.","og_url":"https:\/\/www.manitese.it\/en\/tratta-prostituzione-schiavitu-nuove-frontiere-nuove-sfide\/","og_site_name":"Mani Tese","article_published_time":"2021-01-21T09:12:11+00:00","article_modified_time":"2023-07-21T11:58:15+00:00","og_image":[{"width":1920,"height":800,"url":"https:\/\/www.manitese.it\/wp-content\/uploads\/2021\/01\/convegno-giornata-tratta-2021-mani-tese-cover-1-1.jpg","type":"image\/jpeg"}],"author":"agevis","twitter_card":"summary_large_image","twitter_misc":{"Written by":"agevis","Est. reading time":"3 minutes"},"schema":{"@context":"https:\/\/schema.org","@graph":[{"@type":"Article","@id":"https:\/\/www.manitese.it\/en\/tratta-prostituzione-schiavitu-nuove-frontiere-nuove-sfide\/#article","isPartOf":{"@id":"https:\/\/www.manitese.it\/en\/tratta-prostituzione-schiavitu-nuove-frontiere-nuove-sfide\/"},"author":{"name":"agevis","@id":"https:\/\/www.manitese.it\/en\/#\/schema\/person\/5a9774f17e4940e2510bfeba90f04f65"},"headline":"Tratta, prostituzione e schiavit\u00f9, nuove frontiere e nuove sfide","datePublished":"2021-01-21T09:12:11+00:00","dateModified":"2023-07-21T11:58:15+00:00","mainEntityOfPage":{"@id":"https:\/\/www.manitese.it\/en\/tratta-prostituzione-schiavitu-nuove-frontiere-nuove-sfide\/"},"wordCount":686,"commentCount":0,"image":{"@id":"https:\/\/www.manitese.it\/en\/tratta-prostituzione-schiavitu-nuove-frontiere-nuove-sfide\/#primaryimage"},"thumbnailUrl":"https:\/\/www.manitese.it\/wp-content\/uploads\/2021\/01\/convegno-giornata-tratta-2021-mani-tese-cover-1-1.jpg","articleSection":["Area stampa"],"inLanguage":"en-US","potentialAction":[{"@type":"CommentAction","name":"Comment","target":["https:\/\/www.manitese.it\/en\/tratta-prostituzione-schiavitu-nuove-frontiere-nuove-sfide\/#respond"]}]},{"@type":"WebPage","@id":"https:\/\/www.manitese.it\/en\/tratta-prostituzione-schiavitu-nuove-frontiere-nuove-sfide\/","url":"https:\/\/www.manitese.it\/en\/tratta-prostituzione-schiavitu-nuove-frontiere-nuove-sfide\/","name":"Tratta, prostituzione e schiavit\u00f9, nuove frontiere e nuove sfide - Mani Tese","isPartOf":{"@id":"https:\/\/www.manitese.it\/en\/#website"},"primaryImageOfPage":{"@id":"https:\/\/www.manitese.it\/en\/tratta-prostituzione-schiavitu-nuove-frontiere-nuove-sfide\/#primaryimage"},"image":{"@id":"https:\/\/www.manitese.it\/en\/tratta-prostituzione-schiavitu-nuove-frontiere-nuove-sfide\/#primaryimage"},"thumbnailUrl":"https:\/\/www.manitese.it\/wp-content\/uploads\/2021\/01\/convegno-giornata-tratta-2021-mani-tese-cover-1-1.jpg","datePublished":"2021-01-21T09:12:11+00:00","dateModified":"2023-07-21T11:58:15+00:00","author":{"@id":"https:\/\/www.manitese.it\/en\/#\/schema\/person\/5a9774f17e4940e2510bfeba90f04f65"},"description":"In occasione della Giornata Mondiale contro la Tratta, un convegno su un fenomeno in continua e drammatica evoluzione: sabato 6 febbraio in diretta Facebook sulle pagine di Centro Pime, Caritas Ambrosiana e Mani Tese.","breadcrumb":{"@id":"https:\/\/www.manitese.it\/en\/tratta-prostituzione-schiavitu-nuove-frontiere-nuove-sfide\/#breadcrumb"},"inLanguage":"en-US","potentialAction":[{"@type":"ReadAction","target":["https:\/\/www.manitese.it\/en\/tratta-prostituzione-schiavitu-nuove-frontiere-nuove-sfide\/"]}]},{"@type":"ImageObject","inLanguage":"en-US","@id":"https:\/\/www.manitese.it\/en\/tratta-prostituzione-schiavitu-nuove-frontiere-nuove-sfide\/#primaryimage","url":"https:\/\/www.manitese.it\/wp-content\/uploads\/2021\/01\/convegno-giornata-tratta-2021-mani-tese-cover-1-1.jpg","contentUrl":"https:\/\/www.manitese.it\/wp-content\/uploads\/2021\/01\/convegno-giornata-tratta-2021-mani-tese-cover-1-1.jpg","width":1920,"height":800,"caption":"convegno giornata tratta 2021 mani tese"},{"@type":"BreadcrumbList","@id":"https:\/\/www.manitese.it\/en\/tratta-prostituzione-schiavitu-nuove-frontiere-nuove-sfide\/#breadcrumb","itemListElement":[{"@type":"ListItem","position":1,"name":"Home","item":"https:\/\/www.manitese.it\/en\/"},{"@type":"ListItem","position":2,"name":"Tratta, prostituzione e schiavit\u00f9, nuove frontiere e nuove sfide"}]},{"@type":"WebSite","@id":"https:\/\/www.manitese.it\/en\/#website","url":"https:\/\/www.manitese.it\/en\/","name":"Mani Tese","description":"","potentialAction":[{"@type":"SearchAction","target":{"@type":"EntryPoint","urlTemplate":"https:\/\/www.manitese.it\/en\/?s={search_term_string}"},"query-input":{"@type":"PropertyValueSpecification","valueRequired":true,"valueName":"search_term_string"}}],"inLanguage":"en-US"},{"@type":"Person","@id":"https:\/\/www.manitese.it\/en\/#\/schema\/person\/5a9774f17e4940e2510bfeba90f04f65","name":"agevis","image":{"@type":"ImageObject","inLanguage":"en-US","@id":"https:\/\/secure.gravatar.com\/avatar\/2dc96c93fcf3387a5922a93b50fb3bff01d4800590fb6a4ab91a034adb25ba17?s=96&d=mm&r=g","url":"https:\/\/secure.gravatar.com\/avatar\/2dc96c93fcf3387a5922a93b50fb3bff01d4800590fb6a4ab91a034adb25ba17?s=96&d=mm&r=g","contentUrl":"https:\/\/secure.gravatar.com\/avatar\/2dc96c93fcf3387a5922a93b50fb3bff01d4800590fb6a4ab91a034adb25ba17?s=96&d=mm&r=g","caption":"agevis"},"url":"https:\/\/www.manitese.it\/en\/author\/wp_agevis_admin\/"}]}},"jetpack_featured_media_url":"https:\/\/www.manitese.it\/wp-content\/uploads\/2021\/01\/convegno-giornata-tratta-2021-mani-tese-cover-1-1.jpg","jetpack_sharing_enabled":true,"_links":{"self":[{"href":"https:\/\/www.manitese.it\/en\/wp-json\/wp\/v2\/posts\/71705","targetHints":{"allow":["GET"]}}],"collection":[{"href":"https:\/\/www.manitese.it\/en\/wp-json\/wp\/v2\/posts"}],"about":[{"href":"https:\/\/www.manitese.it\/en\/wp-json\/wp\/v2\/types\/post"}],"author":[{"embeddable":true,"href":"https:\/\/www.manitese.it\/en\/wp-json\/wp\/v2\/users\/1"}],"replies":[{"embeddable":true,"href":"https:\/\/www.manitese.it\/en\/wp-json\/wp\/v2\/comments?post=71705"}],"version-history":[{"count":2,"href":"https:\/\/www.manitese.it\/en\/wp-json\/wp\/v2\/posts\/71705\/revisions"}],"predecessor-version":[{"id":177739,"href":"https:\/\/www.manitese.it\/en\/wp-json\/wp\/v2\/posts\/71705\/revisions\/177739"}],"wp:featuredmedia":[{"embeddable":true,"href":"https:\/\/www.manitese.it\/en\/wp-json\/wp\/v2\/media\/71709"}],"wp:attachment":[{"href":"https:\/\/www.manitese.it\/en\/wp-json\/wp\/v2\/media?parent=71705"}],"wp:term":[{"taxonomy":"category","embeddable":true,"href":"https:\/\/www.manitese.it\/en\/wp-json\/wp\/v2\/categories?post=71705"},{"taxonomy":"post_tag","embeddable":true,"href":"https:\/\/www.manitese.it\/en\/wp-json\/wp\/v2\/tags?post=71705"},{"taxonomy":"thematic_area","embeddable":true,"href":"https:\/\/www.manitese.it\/en\/wp-json\/wp\/v2\/thematic_area?post=71705"}],"curies":[{"name":"wp","href":"https:\/\/api.w.org\/{rel}","templated":true}]}}