{"id":71687,"date":"2021-01-20T16:02:03","date_gmt":"2021-01-20T15:02:03","guid":{"rendered":"https:\/\/manitese.it\/?p=71687"},"modified":"2023-11-30T17:29:53","modified_gmt":"2023-11-30T16:29:53","slug":"grida-di-dolore-tutti-uniti-contro-violenza-di-genere-in-guinea-bissau","status":"publish","type":"post","link":"https:\/\/www.manitese.it\/en\/grida-di-dolore-tutti-uniti-contro-violenza-di-genere-in-guinea-bissau\/","title":{"rendered":"GRIDA DI DOLORE: TUTTI UNITI CONTRO LA VIOLENZA DI GENERE IN GUINEA-BISSAU"},"content":{"rendered":"\r\n<p>La violenza contro le donne \u00e8 un problema diffuso in tutta la <strong>Guinea-Bissau<\/strong> e in tutto il mondo e Mani Tese, presente in Guinea-Bissau dal 1979, da diversi anni \u00e8 attiva per <strong>promuovere e garantire i diritti di bambine e donne vittime di violenza e sfruttamento<\/strong>.<\/p>\r\n\r\n\r\n\r\n<p>Grazie al progetto <strong><a href=\"https:\/\/manitese.it\/progetto\/integrazione-richiedenti-asilo-rifiugiati-senegalesi\" target=\"_blank\" rel=\"noreferrer noopener\" aria-label=\"\u201cIntegrazione dei richiedenti asilo e dei rifugiati senegalesi\u201d (apre in una nuova scheda)\">\u201cIntegrazione dei richiedenti asilo e dei rifugiati senegalesi\u201d<\/a><\/strong>, cofinanziato da <strong><a href=\"https:\/\/www.unhcr.org\/it\/\" target=\"_blank\" rel=\"noreferrer noopener\" aria-label=\"UNHCR (apre in una nuova scheda)\">UNHCR<\/a><\/strong>, nei 34 villaggi dove Mani Tese opera sono stati creati <strong>comitati di protezione<\/strong> che si occupano di <strong>informare la popolazione sui diritti delle donne e di assistere le vittime di violenza di genere<\/strong>.<\/p>\r\n\r\n\r\n\r\n<p>\u00c8 importante e necessario un cambiamento di mentalit\u00e0 e una maggiore coscienza del problema, per questo in ogni comunit\u00e0 sono state formate cinque persone con il compito di mediare nei casi di violenza per denunciare, sensibilizzare e prevenire la violenza stessa.<\/p>\r\n\r\n\r\n\r\n<p>Guarda il reportage e ascolta le <strong>testimonianze delle donne vittime di violenza<\/strong> che Mani Tese supporta.<\/p>\r\n\r\n\r\n\r\n<p><iframe src=\"https:\/\/www.youtube.com\/embed\/hppWib_aBm4\" width=\"100%\" height=\"450\" frameborder=\"0\" allowfullscreen=\"allowfullscreen\"><\/iframe><\/p>\r\n","protected":false},"excerpt":{"rendered":"<p>Da diversi anni Mani Tese si occupa di promuovere i diritti delle donne e contrastare la violenza di genere. <\/p>\n","protected":false},"author":1,"featured_media":71689,"comment_status":"open","ping_status":"open","sticky":false,"template":"","format":"standard","meta":{"_acf_changed":false,"give_campaign_id":0,"inline_featured_image":false,"_jetpack_memberships_contains_paid_content":false,"footnotes":""},"categories":[3],"tags":[],"thematic_area":[909,908,905],"class_list":["post-71687","post","type-post","status-publish","format-standard","has-post-thumbnail","hentry","category-diari","thematic_area-inclusione-sociale","thematic_area-parita-di-genere","thematic_area-accesso-universale-al-cibo-e-allacqua"],"acf":[],"yoast_head":"<!-- This site is optimized with the Yoast SEO plugin v27.5 - https:\/\/yoast.com\/product\/yoast-seo-wordpress\/ -->\n<title>GRIDA DI DOLORE: TUTTI UNITI CONTRO LA VIOLENZA DI GENERE IN GUINEA-BISSAU - Mani Tese<\/title>\n<meta name=\"description\" content=\"Da diversi anni Mani Tese si occupa di promuovere i diritti delle donne e contrastare la violenza di genere.\" \/>\n<meta name=\"robots\" content=\"index, follow, max-snippet:-1, max-image-preview:large, max-video-preview:-1\" \/>\n<link rel=\"canonical\" href=\"https:\/\/www.manitese.it\/en\/grida-di-dolore-tutti-uniti-contro-violenza-di-genere-in-guinea-bissau\/\" \/>\n<meta property=\"og:locale\" content=\"en_US\" \/>\n<meta property=\"og:type\" content=\"article\" \/>\n<meta property=\"og:title\" content=\"GRIDA DI DOLORE: TUTTI UNITI CONTRO LA VIOLENZA DI GENERE IN GUINEA-BISSAU - Mani Tese\" \/>\n<meta property=\"og:description\" content=\"Da diversi anni Mani Tese si occupa di promuovere i diritti delle donne e contrastare la violenza di genere.\" \/>\n<meta property=\"og:url\" content=\"https:\/\/www.manitese.it\/en\/grida-di-dolore-tutti-uniti-contro-violenza-di-genere-in-guinea-bissau\/\" \/>\n<meta property=\"og:site_name\" content=\"Mani Tese\" \/>\n<meta property=\"article:published_time\" content=\"2021-01-20T15:02:03+00:00\" \/>\n<meta property=\"article:modified_time\" content=\"2023-11-30T16:29:53+00:00\" \/>\n<meta property=\"og:image\" content=\"https:\/\/www.manitese.it\/wp-content\/uploads\/2021\/01\/grida-di-dolore-guinea-bissau-mani-tese-2021-1.png\" \/>\n\t<meta property=\"og:image:width\" content=\"1920\" \/>\n\t<meta property=\"og:image:height\" content=\"800\" \/>\n\t<meta property=\"og:image:type\" content=\"image\/png\" \/>\n<meta name=\"author\" content=\"agevis\" \/>\n<meta name=\"twitter:card\" content=\"summary_large_image\" \/>\n<meta name=\"twitter:label1\" content=\"Written by\" \/>\n\t<meta name=\"twitter:data1\" content=\"agevis\" \/>\n\t<meta name=\"twitter:label2\" content=\"Est. reading time\" \/>\n\t<meta name=\"twitter:data2\" content=\"1 minute\" \/>\n<script type=\"application\/ld+json\" class=\"yoast-schema-graph\">{\"@context\":\"https:\\\/\\\/schema.org\",\"@graph\":[{\"@type\":\"Article\",\"@id\":\"https:\\\/\\\/www.manitese.it\\\/en\\\/grida-di-dolore-tutti-uniti-contro-violenza-di-genere-in-guinea-bissau\\\/#article\",\"isPartOf\":{\"@id\":\"https:\\\/\\\/www.manitese.it\\\/en\\\/grida-di-dolore-tutti-uniti-contro-violenza-di-genere-in-guinea-bissau\\\/\"},\"author\":{\"name\":\"agevis\",\"@id\":\"https:\\\/\\\/www.manitese.it\\\/en\\\/#\\\/schema\\\/person\\\/5a9774f17e4940e2510bfeba90f04f65\"},\"headline\":\"GRIDA DI DOLORE: TUTTI UNITI CONTRO LA VIOLENZA DI GENERE IN GUINEA-BISSAU\",\"datePublished\":\"2021-01-20T15:02:03+00:00\",\"dateModified\":\"2023-11-30T16:29:53+00:00\",\"mainEntityOfPage\":{\"@id\":\"https:\\\/\\\/www.manitese.it\\\/en\\\/grida-di-dolore-tutti-uniti-contro-violenza-di-genere-in-guinea-bissau\\\/\"},\"wordCount\":157,\"commentCount\":0,\"image\":{\"@id\":\"https:\\\/\\\/www.manitese.it\\\/en\\\/grida-di-dolore-tutti-uniti-contro-violenza-di-genere-in-guinea-bissau\\\/#primaryimage\"},\"thumbnailUrl\":\"https:\\\/\\\/www.manitese.it\\\/wp-content\\\/uploads\\\/2021\\\/01\\\/grida-di-dolore-guinea-bissau-mani-tese-2021-1.png\",\"articleSection\":[\"Diari\"],\"inLanguage\":\"en-US\",\"potentialAction\":[{\"@type\":\"CommentAction\",\"name\":\"Comment\",\"target\":[\"https:\\\/\\\/www.manitese.it\\\/en\\\/grida-di-dolore-tutti-uniti-contro-violenza-di-genere-in-guinea-bissau\\\/#respond\"]}]},{\"@type\":\"WebPage\",\"@id\":\"https:\\\/\\\/www.manitese.it\\\/en\\\/grida-di-dolore-tutti-uniti-contro-violenza-di-genere-in-guinea-bissau\\\/\",\"url\":\"https:\\\/\\\/www.manitese.it\\\/en\\\/grida-di-dolore-tutti-uniti-contro-violenza-di-genere-in-guinea-bissau\\\/\",\"name\":\"GRIDA DI DOLORE: TUTTI UNITI CONTRO LA VIOLENZA DI GENERE IN GUINEA-BISSAU - Mani Tese\",\"isPartOf\":{\"@id\":\"https:\\\/\\\/www.manitese.it\\\/en\\\/#website\"},\"primaryImageOfPage\":{\"@id\":\"https:\\\/\\\/www.manitese.it\\\/en\\\/grida-di-dolore-tutti-uniti-contro-violenza-di-genere-in-guinea-bissau\\\/#primaryimage\"},\"image\":{\"@id\":\"https:\\\/\\\/www.manitese.it\\\/en\\\/grida-di-dolore-tutti-uniti-contro-violenza-di-genere-in-guinea-bissau\\\/#primaryimage\"},\"thumbnailUrl\":\"https:\\\/\\\/www.manitese.it\\\/wp-content\\\/uploads\\\/2021\\\/01\\\/grida-di-dolore-guinea-bissau-mani-tese-2021-1.png\",\"datePublished\":\"2021-01-20T15:02:03+00:00\",\"dateModified\":\"2023-11-30T16:29:53+00:00\",\"author\":{\"@id\":\"https:\\\/\\\/www.manitese.it\\\/en\\\/#\\\/schema\\\/person\\\/5a9774f17e4940e2510bfeba90f04f65\"},\"description\":\"Da diversi anni Mani Tese si occupa di promuovere i diritti delle donne e contrastare la violenza di genere.\",\"breadcrumb\":{\"@id\":\"https:\\\/\\\/www.manitese.it\\\/en\\\/grida-di-dolore-tutti-uniti-contro-violenza-di-genere-in-guinea-bissau\\\/#breadcrumb\"},\"inLanguage\":\"en-US\",\"potentialAction\":[{\"@type\":\"ReadAction\",\"target\":[\"https:\\\/\\\/www.manitese.it\\\/en\\\/grida-di-dolore-tutti-uniti-contro-violenza-di-genere-in-guinea-bissau\\\/\"]}]},{\"@type\":\"ImageObject\",\"inLanguage\":\"en-US\",\"@id\":\"https:\\\/\\\/www.manitese.it\\\/en\\\/grida-di-dolore-tutti-uniti-contro-violenza-di-genere-in-guinea-bissau\\\/#primaryimage\",\"url\":\"https:\\\/\\\/www.manitese.it\\\/wp-content\\\/uploads\\\/2021\\\/01\\\/grida-di-dolore-guinea-bissau-mani-tese-2021-1.png\",\"contentUrl\":\"https:\\\/\\\/www.manitese.it\\\/wp-content\\\/uploads\\\/2021\\\/01\\\/grida-di-dolore-guinea-bissau-mani-tese-2021-1.png\",\"width\":1920,\"height\":800,\"caption\":\"grida di dolore guinea bissau mani tese 2021\"},{\"@type\":\"BreadcrumbList\",\"@id\":\"https:\\\/\\\/www.manitese.it\\\/en\\\/grida-di-dolore-tutti-uniti-contro-violenza-di-genere-in-guinea-bissau\\\/#breadcrumb\",\"itemListElement\":[{\"@type\":\"ListItem\",\"position\":1,\"name\":\"Home\",\"item\":\"https:\\\/\\\/www.manitese.it\\\/en\\\/\"},{\"@type\":\"ListItem\",\"position\":2,\"name\":\"GRIDA DI DOLORE: TUTTI UNITI CONTRO LA VIOLENZA DI GENERE IN GUINEA-BISSAU\"}]},{\"@type\":\"WebSite\",\"@id\":\"https:\\\/\\\/www.manitese.it\\\/en\\\/#website\",\"url\":\"https:\\\/\\\/www.manitese.it\\\/en\\\/\",\"name\":\"Mani Tese\",\"description\":\"\",\"potentialAction\":[{\"@type\":\"SearchAction\",\"target\":{\"@type\":\"EntryPoint\",\"urlTemplate\":\"https:\\\/\\\/www.manitese.it\\\/en\\\/?s={search_term_string}\"},\"query-input\":{\"@type\":\"PropertyValueSpecification\",\"valueRequired\":true,\"valueName\":\"search_term_string\"}}],\"inLanguage\":\"en-US\"},{\"@type\":\"Person\",\"@id\":\"https:\\\/\\\/www.manitese.it\\\/en\\\/#\\\/schema\\\/person\\\/5a9774f17e4940e2510bfeba90f04f65\",\"name\":\"agevis\",\"image\":{\"@type\":\"ImageObject\",\"inLanguage\":\"en-US\",\"@id\":\"https:\\\/\\\/secure.gravatar.com\\\/avatar\\\/2dc96c93fcf3387a5922a93b50fb3bff01d4800590fb6a4ab91a034adb25ba17?s=96&d=mm&r=g\",\"url\":\"https:\\\/\\\/secure.gravatar.com\\\/avatar\\\/2dc96c93fcf3387a5922a93b50fb3bff01d4800590fb6a4ab91a034adb25ba17?s=96&d=mm&r=g\",\"contentUrl\":\"https:\\\/\\\/secure.gravatar.com\\\/avatar\\\/2dc96c93fcf3387a5922a93b50fb3bff01d4800590fb6a4ab91a034adb25ba17?s=96&d=mm&r=g\",\"caption\":\"agevis\"},\"url\":\"https:\\\/\\\/www.manitese.it\\\/en\\\/author\\\/wp_agevis_admin\\\/\"}]}<\/script>\n<!-- \/ Yoast SEO plugin. -->","yoast_head_json":{"title":"GRIDA DI DOLORE: TUTTI UNITI CONTRO LA VIOLENZA DI GENERE IN GUINEA-BISSAU - Mani Tese","description":"Da diversi anni Mani Tese si occupa di promuovere i diritti delle donne e contrastare la violenza di genere.","robots":{"index":"index","follow":"follow","max-snippet":"max-snippet:-1","max-image-preview":"max-image-preview:large","max-video-preview":"max-video-preview:-1"},"canonical":"https:\/\/www.manitese.it\/en\/grida-di-dolore-tutti-uniti-contro-violenza-di-genere-in-guinea-bissau\/","og_locale":"en_US","og_type":"article","og_title":"GRIDA DI DOLORE: TUTTI UNITI CONTRO LA VIOLENZA DI GENERE IN GUINEA-BISSAU - Mani Tese","og_description":"Da diversi anni Mani Tese si occupa di promuovere i diritti delle donne e contrastare la violenza di genere.","og_url":"https:\/\/www.manitese.it\/en\/grida-di-dolore-tutti-uniti-contro-violenza-di-genere-in-guinea-bissau\/","og_site_name":"Mani Tese","article_published_time":"2021-01-20T15:02:03+00:00","article_modified_time":"2023-11-30T16:29:53+00:00","og_image":[{"width":1920,"height":800,"url":"https:\/\/www.manitese.it\/wp-content\/uploads\/2021\/01\/grida-di-dolore-guinea-bissau-mani-tese-2021-1.png","type":"image\/png"}],"author":"agevis","twitter_card":"summary_large_image","twitter_misc":{"Written by":"agevis","Est. reading time":"1 minute"},"schema":{"@context":"https:\/\/schema.org","@graph":[{"@type":"Article","@id":"https:\/\/www.manitese.it\/en\/grida-di-dolore-tutti-uniti-contro-violenza-di-genere-in-guinea-bissau\/#article","isPartOf":{"@id":"https:\/\/www.manitese.it\/en\/grida-di-dolore-tutti-uniti-contro-violenza-di-genere-in-guinea-bissau\/"},"author":{"name":"agevis","@id":"https:\/\/www.manitese.it\/en\/#\/schema\/person\/5a9774f17e4940e2510bfeba90f04f65"},"headline":"GRIDA DI DOLORE: TUTTI UNITI CONTRO LA VIOLENZA DI GENERE IN GUINEA-BISSAU","datePublished":"2021-01-20T15:02:03+00:00","dateModified":"2023-11-30T16:29:53+00:00","mainEntityOfPage":{"@id":"https:\/\/www.manitese.it\/en\/grida-di-dolore-tutti-uniti-contro-violenza-di-genere-in-guinea-bissau\/"},"wordCount":157,"commentCount":0,"image":{"@id":"https:\/\/www.manitese.it\/en\/grida-di-dolore-tutti-uniti-contro-violenza-di-genere-in-guinea-bissau\/#primaryimage"},"thumbnailUrl":"https:\/\/www.manitese.it\/wp-content\/uploads\/2021\/01\/grida-di-dolore-guinea-bissau-mani-tese-2021-1.png","articleSection":["Diari"],"inLanguage":"en-US","potentialAction":[{"@type":"CommentAction","name":"Comment","target":["https:\/\/www.manitese.it\/en\/grida-di-dolore-tutti-uniti-contro-violenza-di-genere-in-guinea-bissau\/#respond"]}]},{"@type":"WebPage","@id":"https:\/\/www.manitese.it\/en\/grida-di-dolore-tutti-uniti-contro-violenza-di-genere-in-guinea-bissau\/","url":"https:\/\/www.manitese.it\/en\/grida-di-dolore-tutti-uniti-contro-violenza-di-genere-in-guinea-bissau\/","name":"GRIDA DI DOLORE: TUTTI UNITI CONTRO LA VIOLENZA DI GENERE IN GUINEA-BISSAU - Mani Tese","isPartOf":{"@id":"https:\/\/www.manitese.it\/en\/#website"},"primaryImageOfPage":{"@id":"https:\/\/www.manitese.it\/en\/grida-di-dolore-tutti-uniti-contro-violenza-di-genere-in-guinea-bissau\/#primaryimage"},"image":{"@id":"https:\/\/www.manitese.it\/en\/grida-di-dolore-tutti-uniti-contro-violenza-di-genere-in-guinea-bissau\/#primaryimage"},"thumbnailUrl":"https:\/\/www.manitese.it\/wp-content\/uploads\/2021\/01\/grida-di-dolore-guinea-bissau-mani-tese-2021-1.png","datePublished":"2021-01-20T15:02:03+00:00","dateModified":"2023-11-30T16:29:53+00:00","author":{"@id":"https:\/\/www.manitese.it\/en\/#\/schema\/person\/5a9774f17e4940e2510bfeba90f04f65"},"description":"Da diversi anni Mani Tese si occupa di promuovere i diritti delle donne e contrastare la violenza di genere.","breadcrumb":{"@id":"https:\/\/www.manitese.it\/en\/grida-di-dolore-tutti-uniti-contro-violenza-di-genere-in-guinea-bissau\/#breadcrumb"},"inLanguage":"en-US","potentialAction":[{"@type":"ReadAction","target":["https:\/\/www.manitese.it\/en\/grida-di-dolore-tutti-uniti-contro-violenza-di-genere-in-guinea-bissau\/"]}]},{"@type":"ImageObject","inLanguage":"en-US","@id":"https:\/\/www.manitese.it\/en\/grida-di-dolore-tutti-uniti-contro-violenza-di-genere-in-guinea-bissau\/#primaryimage","url":"https:\/\/www.manitese.it\/wp-content\/uploads\/2021\/01\/grida-di-dolore-guinea-bissau-mani-tese-2021-1.png","contentUrl":"https:\/\/www.manitese.it\/wp-content\/uploads\/2021\/01\/grida-di-dolore-guinea-bissau-mani-tese-2021-1.png","width":1920,"height":800,"caption":"grida di dolore guinea bissau mani tese 2021"},{"@type":"BreadcrumbList","@id":"https:\/\/www.manitese.it\/en\/grida-di-dolore-tutti-uniti-contro-violenza-di-genere-in-guinea-bissau\/#breadcrumb","itemListElement":[{"@type":"ListItem","position":1,"name":"Home","item":"https:\/\/www.manitese.it\/en\/"},{"@type":"ListItem","position":2,"name":"GRIDA DI DOLORE: TUTTI UNITI CONTRO LA VIOLENZA DI GENERE IN GUINEA-BISSAU"}]},{"@type":"WebSite","@id":"https:\/\/www.manitese.it\/en\/#website","url":"https:\/\/www.manitese.it\/en\/","name":"Mani Tese","description":"","potentialAction":[{"@type":"SearchAction","target":{"@type":"EntryPoint","urlTemplate":"https:\/\/www.manitese.it\/en\/?s={search_term_string}"},"query-input":{"@type":"PropertyValueSpecification","valueRequired":true,"valueName":"search_term_string"}}],"inLanguage":"en-US"},{"@type":"Person","@id":"https:\/\/www.manitese.it\/en\/#\/schema\/person\/5a9774f17e4940e2510bfeba90f04f65","name":"agevis","image":{"@type":"ImageObject","inLanguage":"en-US","@id":"https:\/\/secure.gravatar.com\/avatar\/2dc96c93fcf3387a5922a93b50fb3bff01d4800590fb6a4ab91a034adb25ba17?s=96&d=mm&r=g","url":"https:\/\/secure.gravatar.com\/avatar\/2dc96c93fcf3387a5922a93b50fb3bff01d4800590fb6a4ab91a034adb25ba17?s=96&d=mm&r=g","contentUrl":"https:\/\/secure.gravatar.com\/avatar\/2dc96c93fcf3387a5922a93b50fb3bff01d4800590fb6a4ab91a034adb25ba17?s=96&d=mm&r=g","caption":"agevis"},"url":"https:\/\/www.manitese.it\/en\/author\/wp_agevis_admin\/"}]}},"jetpack_featured_media_url":"https:\/\/www.manitese.it\/wp-content\/uploads\/2021\/01\/grida-di-dolore-guinea-bissau-mani-tese-2021-1.png","jetpack_sharing_enabled":true,"_links":{"self":[{"href":"https:\/\/www.manitese.it\/en\/wp-json\/wp\/v2\/posts\/71687","targetHints":{"allow":["GET"]}}],"collection":[{"href":"https:\/\/www.manitese.it\/en\/wp-json\/wp\/v2\/posts"}],"about":[{"href":"https:\/\/www.manitese.it\/en\/wp-json\/wp\/v2\/types\/post"}],"author":[{"embeddable":true,"href":"https:\/\/www.manitese.it\/en\/wp-json\/wp\/v2\/users\/1"}],"replies":[{"embeddable":true,"href":"https:\/\/www.manitese.it\/en\/wp-json\/wp\/v2\/comments?post=71687"}],"version-history":[{"count":2,"href":"https:\/\/www.manitese.it\/en\/wp-json\/wp\/v2\/posts\/71687\/revisions"}],"predecessor-version":[{"id":191735,"href":"https:\/\/www.manitese.it\/en\/wp-json\/wp\/v2\/posts\/71687\/revisions\/191735"}],"wp:featuredmedia":[{"embeddable":true,"href":"https:\/\/www.manitese.it\/en\/wp-json\/wp\/v2\/media\/71689"}],"wp:attachment":[{"href":"https:\/\/www.manitese.it\/en\/wp-json\/wp\/v2\/media?parent=71687"}],"wp:term":[{"taxonomy":"category","embeddable":true,"href":"https:\/\/www.manitese.it\/en\/wp-json\/wp\/v2\/categories?post=71687"},{"taxonomy":"post_tag","embeddable":true,"href":"https:\/\/www.manitese.it\/en\/wp-json\/wp\/v2\/tags?post=71687"},{"taxonomy":"thematic_area","embeddable":true,"href":"https:\/\/www.manitese.it\/en\/wp-json\/wp\/v2\/thematic_area?post=71687"}],"curies":[{"name":"wp","href":"https:\/\/api.w.org\/{rel}","templated":true}]}}