{"id":71361,"date":"2021-01-13T10:34:21","date_gmt":"2021-01-13T09:34:21","guid":{"rendered":"https:\/\/manitese.it\/?p=71361"},"modified":"2023-11-30T16:03:33","modified_gmt":"2023-11-30T15:03:33","slug":"progetto-agricoltura-circolare-in-mozambico","status":"publish","type":"post","link":"https:\/\/www.manitese.it\/en\/progetto-agricoltura-circolare-in-mozambico\/","title":{"rendered":"UN PROGETTO SULL&#8217;AGRICOLTURA CIRCOLARE IN MOZAMBICO"},"content":{"rendered":"\r\n<p>Lo scorso dicembre, a Quelimane (Mozambico), si \u00e8 tenuta la cerimonia di avvio del progetto <strong><a href=\"https:\/\/manitese.it\/progetto\/agricoltura-circolare-per-ridurre-fame-in-zambezia\" target=\"_blank\" rel=\"noreferrer noopener\" aria-label=\"\u201cAgricoltura circolare per ridurre la fame in Zambezia\u201d (apre in una nuova scheda)\">\u201cAgricoltura circolare per ridurre la fame in Zambezia\u201d<\/a><\/strong> cofinanziato dall\u2019<strong>Otto Per Mille a gestione statale<\/strong>. All\u2019evento hanno partecipato, oltre al personale di Mani Tese, anche i rappresentanti delle autorit\u00e0 locali e alcuni beneficiari delle comunit\u00e0 coinvolte. Ovviamente si \u00e8 rispettato il distanziamento sociale e tutti i partecipanti indossavano le mascherine.<\/p>\r\n\r\n\r\n\r\n<p>Il progetto ha l&#8217;obiettivo di <strong>migliorare la sicurezza alimentare e la situazione nutrizionale delle comunit\u00e0 di Maquival<\/strong>, che si trova vicino alla citt\u00e0 di Quelimane nella provincia della Zambezia, attraverso il rafforzamento di agricoltura e allevamento. L\u2019approccio utilizzato \u00e8 quello dell\u2019<strong>agricoltura circolare<\/strong>, che prevede di <strong>ridurre il pi\u00f9 possibile i rifiuti e gli sprechi<\/strong> derivanti dalla produzione agricola, dall\u2019allevamento e dall\u2019irrigazione, riutilizzando e valorizzando i prodotti di scarto.<\/p>\r\n\r\n\r\n\r\n<p>La pandemia, purtroppo, ha rallentato alcune attivit\u00e0, in particolare quelle che prevedevano la presenza di pi\u00f9 persone, come le formazioni e la stessa cerimonia di lancio del progetto. Nonostante le difficolt\u00e0 lo staff sta avanzando con numerose iniziative e i beneficiari del progetto vedono gi\u00e0 i primi risultati.<\/p>\r\n\r\n\r\n\r\n<p>A breve pubblicheremo una notizia dedicata alle prime attivit\u00e0 di progetto, intanto condividiamo qui di seguito alcune foto della cerimonia:<\/p>\r\n\r\n\r\n\r\n<div class=\"wp-block-responsive-lightbox-gallery\">[rl_gallery id=&#8221;71376&#8243;]<\/div>\r\n","protected":false},"excerpt":{"rendered":"<p>L\u2019obiettivo \u00e8 migliorare la sicurezza alimentare delle comunit\u00e0 di Maquival (Zambezia) attraverso il rafforzamento di agricoltura e allevamento. <\/p>\n","protected":false},"author":1,"featured_media":71374,"comment_status":"open","ping_status":"open","sticky":false,"template":"","format":"standard","meta":{"_acf_changed":false,"give_campaign_id":0,"inline_featured_image":false,"_jetpack_memberships_contains_paid_content":false,"footnotes":""},"categories":[3],"tags":[],"thematic_area":[917,905],"class_list":["post-71361","post","type-post","status-publish","format-standard","has-post-thumbnail","hentry","category-diari","thematic_area-economia-circolare","thematic_area-accesso-universale-al-cibo-e-allacqua"],"acf":[],"yoast_head":"<!-- This site is optimized with the Yoast SEO plugin v27.5 - https:\/\/yoast.com\/product\/yoast-seo-wordpress\/ -->\n<title>UN PROGETTO SULL&#039;AGRICOLTURA CIRCOLARE IN MOZAMBICO - Mani Tese<\/title>\n<meta name=\"description\" content=\"L\u2019obiettivo \u00e8 migliorare la sicurezza alimentare delle comunit\u00e0 di Maquival (Zambezia) attraverso il rafforzamento di agricoltura e allevamento.\" \/>\n<meta name=\"robots\" content=\"index, follow, max-snippet:-1, max-image-preview:large, max-video-preview:-1\" \/>\n<link rel=\"canonical\" href=\"https:\/\/www.manitese.it\/en\/progetto-agricoltura-circolare-in-mozambico\/\" \/>\n<meta property=\"og:locale\" content=\"en_US\" \/>\n<meta property=\"og:type\" content=\"article\" \/>\n<meta property=\"og:title\" content=\"UN PROGETTO SULL&#039;AGRICOLTURA CIRCOLARE IN MOZAMBICO - Mani Tese\" \/>\n<meta property=\"og:description\" content=\"L\u2019obiettivo \u00e8 migliorare la sicurezza alimentare delle comunit\u00e0 di Maquival (Zambezia) attraverso il rafforzamento di agricoltura e allevamento.\" \/>\n<meta property=\"og:url\" content=\"https:\/\/www.manitese.it\/en\/progetto-agricoltura-circolare-in-mozambico\/\" \/>\n<meta property=\"og:site_name\" content=\"Mani Tese\" \/>\n<meta property=\"article:published_time\" content=\"2021-01-13T09:34:21+00:00\" \/>\n<meta property=\"article:modified_time\" content=\"2023-11-30T15:03:33+00:00\" \/>\n<meta property=\"og:image\" content=\"https:\/\/www.manitese.it\/wp-content\/uploads\/2021\/01\/avvio-progetto-agricoltura-circolare-mozambico-mani-tese-2021-cover_2-1.jpg\" \/>\n\t<meta property=\"og:image:width\" content=\"1920\" \/>\n\t<meta property=\"og:image:height\" content=\"800\" \/>\n\t<meta property=\"og:image:type\" content=\"image\/jpeg\" \/>\n<meta name=\"author\" content=\"agevis\" \/>\n<meta name=\"twitter:card\" content=\"summary_large_image\" \/>\n<meta name=\"twitter:label1\" content=\"Written by\" \/>\n\t<meta name=\"twitter:data1\" content=\"agevis\" \/>\n\t<meta name=\"twitter:label2\" content=\"Est. reading time\" \/>\n\t<meta name=\"twitter:data2\" content=\"1 minute\" \/>\n<script type=\"application\/ld+json\" class=\"yoast-schema-graph\">{\"@context\":\"https:\\\/\\\/schema.org\",\"@graph\":[{\"@type\":\"Article\",\"@id\":\"https:\\\/\\\/www.manitese.it\\\/en\\\/progetto-agricoltura-circolare-in-mozambico\\\/#article\",\"isPartOf\":{\"@id\":\"https:\\\/\\\/www.manitese.it\\\/en\\\/progetto-agricoltura-circolare-in-mozambico\\\/\"},\"author\":{\"name\":\"agevis\",\"@id\":\"https:\\\/\\\/www.manitese.it\\\/en\\\/#\\\/schema\\\/person\\\/5a9774f17e4940e2510bfeba90f04f65\"},\"headline\":\"UN PROGETTO SULL&#8217;AGRICOLTURA CIRCOLARE IN MOZAMBICO\",\"datePublished\":\"2021-01-13T09:34:21+00:00\",\"dateModified\":\"2023-11-30T15:03:33+00:00\",\"mainEntityOfPage\":{\"@id\":\"https:\\\/\\\/www.manitese.it\\\/en\\\/progetto-agricoltura-circolare-in-mozambico\\\/\"},\"wordCount\":215,\"commentCount\":0,\"image\":{\"@id\":\"https:\\\/\\\/www.manitese.it\\\/en\\\/progetto-agricoltura-circolare-in-mozambico\\\/#primaryimage\"},\"thumbnailUrl\":\"https:\\\/\\\/www.manitese.it\\\/wp-content\\\/uploads\\\/2021\\\/01\\\/avvio-progetto-agricoltura-circolare-mozambico-mani-tese-2021-cover_2-1.jpg\",\"articleSection\":[\"Diari\"],\"inLanguage\":\"en-US\",\"potentialAction\":[{\"@type\":\"CommentAction\",\"name\":\"Comment\",\"target\":[\"https:\\\/\\\/www.manitese.it\\\/en\\\/progetto-agricoltura-circolare-in-mozambico\\\/#respond\"]}]},{\"@type\":\"WebPage\",\"@id\":\"https:\\\/\\\/www.manitese.it\\\/en\\\/progetto-agricoltura-circolare-in-mozambico\\\/\",\"url\":\"https:\\\/\\\/www.manitese.it\\\/en\\\/progetto-agricoltura-circolare-in-mozambico\\\/\",\"name\":\"UN PROGETTO SULL'AGRICOLTURA CIRCOLARE IN MOZAMBICO - Mani Tese\",\"isPartOf\":{\"@id\":\"https:\\\/\\\/www.manitese.it\\\/en\\\/#website\"},\"primaryImageOfPage\":{\"@id\":\"https:\\\/\\\/www.manitese.it\\\/en\\\/progetto-agricoltura-circolare-in-mozambico\\\/#primaryimage\"},\"image\":{\"@id\":\"https:\\\/\\\/www.manitese.it\\\/en\\\/progetto-agricoltura-circolare-in-mozambico\\\/#primaryimage\"},\"thumbnailUrl\":\"https:\\\/\\\/www.manitese.it\\\/wp-content\\\/uploads\\\/2021\\\/01\\\/avvio-progetto-agricoltura-circolare-mozambico-mani-tese-2021-cover_2-1.jpg\",\"datePublished\":\"2021-01-13T09:34:21+00:00\",\"dateModified\":\"2023-11-30T15:03:33+00:00\",\"author\":{\"@id\":\"https:\\\/\\\/www.manitese.it\\\/en\\\/#\\\/schema\\\/person\\\/5a9774f17e4940e2510bfeba90f04f65\"},\"description\":\"L\u2019obiettivo \u00e8 migliorare la sicurezza alimentare delle comunit\u00e0 di Maquival (Zambezia) attraverso il rafforzamento di agricoltura e allevamento.\",\"breadcrumb\":{\"@id\":\"https:\\\/\\\/www.manitese.it\\\/en\\\/progetto-agricoltura-circolare-in-mozambico\\\/#breadcrumb\"},\"inLanguage\":\"en-US\",\"potentialAction\":[{\"@type\":\"ReadAction\",\"target\":[\"https:\\\/\\\/www.manitese.it\\\/en\\\/progetto-agricoltura-circolare-in-mozambico\\\/\"]}]},{\"@type\":\"ImageObject\",\"inLanguage\":\"en-US\",\"@id\":\"https:\\\/\\\/www.manitese.it\\\/en\\\/progetto-agricoltura-circolare-in-mozambico\\\/#primaryimage\",\"url\":\"https:\\\/\\\/www.manitese.it\\\/wp-content\\\/uploads\\\/2021\\\/01\\\/avvio-progetto-agricoltura-circolare-mozambico-mani-tese-2021-cover_2-1.jpg\",\"contentUrl\":\"https:\\\/\\\/www.manitese.it\\\/wp-content\\\/uploads\\\/2021\\\/01\\\/avvio-progetto-agricoltura-circolare-mozambico-mani-tese-2021-cover_2-1.jpg\",\"width\":1920,\"height\":800,\"caption\":\"avvio progetto agricoltura circolare mozambico mani tese 2021 cover_2\"},{\"@type\":\"BreadcrumbList\",\"@id\":\"https:\\\/\\\/www.manitese.it\\\/en\\\/progetto-agricoltura-circolare-in-mozambico\\\/#breadcrumb\",\"itemListElement\":[{\"@type\":\"ListItem\",\"position\":1,\"name\":\"Home\",\"item\":\"https:\\\/\\\/www.manitese.it\\\/en\\\/\"},{\"@type\":\"ListItem\",\"position\":2,\"name\":\"UN PROGETTO SULL&#8217;AGRICOLTURA CIRCOLARE IN MOZAMBICO\"}]},{\"@type\":\"WebSite\",\"@id\":\"https:\\\/\\\/www.manitese.it\\\/en\\\/#website\",\"url\":\"https:\\\/\\\/www.manitese.it\\\/en\\\/\",\"name\":\"Mani Tese\",\"description\":\"\",\"potentialAction\":[{\"@type\":\"SearchAction\",\"target\":{\"@type\":\"EntryPoint\",\"urlTemplate\":\"https:\\\/\\\/www.manitese.it\\\/en\\\/?s={search_term_string}\"},\"query-input\":{\"@type\":\"PropertyValueSpecification\",\"valueRequired\":true,\"valueName\":\"search_term_string\"}}],\"inLanguage\":\"en-US\"},{\"@type\":\"Person\",\"@id\":\"https:\\\/\\\/www.manitese.it\\\/en\\\/#\\\/schema\\\/person\\\/5a9774f17e4940e2510bfeba90f04f65\",\"name\":\"agevis\",\"image\":{\"@type\":\"ImageObject\",\"inLanguage\":\"en-US\",\"@id\":\"https:\\\/\\\/secure.gravatar.com\\\/avatar\\\/2dc96c93fcf3387a5922a93b50fb3bff01d4800590fb6a4ab91a034adb25ba17?s=96&d=mm&r=g\",\"url\":\"https:\\\/\\\/secure.gravatar.com\\\/avatar\\\/2dc96c93fcf3387a5922a93b50fb3bff01d4800590fb6a4ab91a034adb25ba17?s=96&d=mm&r=g\",\"contentUrl\":\"https:\\\/\\\/secure.gravatar.com\\\/avatar\\\/2dc96c93fcf3387a5922a93b50fb3bff01d4800590fb6a4ab91a034adb25ba17?s=96&d=mm&r=g\",\"caption\":\"agevis\"},\"url\":\"https:\\\/\\\/www.manitese.it\\\/en\\\/author\\\/wp_agevis_admin\\\/\"}]}<\/script>\n<!-- \/ Yoast SEO plugin. -->","yoast_head_json":{"title":"UN PROGETTO SULL'AGRICOLTURA CIRCOLARE IN MOZAMBICO - Mani Tese","description":"L\u2019obiettivo \u00e8 migliorare la sicurezza alimentare delle comunit\u00e0 di Maquival (Zambezia) attraverso il rafforzamento di agricoltura e allevamento.","robots":{"index":"index","follow":"follow","max-snippet":"max-snippet:-1","max-image-preview":"max-image-preview:large","max-video-preview":"max-video-preview:-1"},"canonical":"https:\/\/www.manitese.it\/en\/progetto-agricoltura-circolare-in-mozambico\/","og_locale":"en_US","og_type":"article","og_title":"UN PROGETTO SULL'AGRICOLTURA CIRCOLARE IN MOZAMBICO - Mani Tese","og_description":"L\u2019obiettivo \u00e8 migliorare la sicurezza alimentare delle comunit\u00e0 di Maquival (Zambezia) attraverso il rafforzamento di agricoltura e allevamento.","og_url":"https:\/\/www.manitese.it\/en\/progetto-agricoltura-circolare-in-mozambico\/","og_site_name":"Mani Tese","article_published_time":"2021-01-13T09:34:21+00:00","article_modified_time":"2023-11-30T15:03:33+00:00","og_image":[{"width":1920,"height":800,"url":"https:\/\/www.manitese.it\/wp-content\/uploads\/2021\/01\/avvio-progetto-agricoltura-circolare-mozambico-mani-tese-2021-cover_2-1.jpg","type":"image\/jpeg"}],"author":"agevis","twitter_card":"summary_large_image","twitter_misc":{"Written by":"agevis","Est. reading time":"1 minute"},"schema":{"@context":"https:\/\/schema.org","@graph":[{"@type":"Article","@id":"https:\/\/www.manitese.it\/en\/progetto-agricoltura-circolare-in-mozambico\/#article","isPartOf":{"@id":"https:\/\/www.manitese.it\/en\/progetto-agricoltura-circolare-in-mozambico\/"},"author":{"name":"agevis","@id":"https:\/\/www.manitese.it\/en\/#\/schema\/person\/5a9774f17e4940e2510bfeba90f04f65"},"headline":"UN PROGETTO SULL&#8217;AGRICOLTURA CIRCOLARE IN MOZAMBICO","datePublished":"2021-01-13T09:34:21+00:00","dateModified":"2023-11-30T15:03:33+00:00","mainEntityOfPage":{"@id":"https:\/\/www.manitese.it\/en\/progetto-agricoltura-circolare-in-mozambico\/"},"wordCount":215,"commentCount":0,"image":{"@id":"https:\/\/www.manitese.it\/en\/progetto-agricoltura-circolare-in-mozambico\/#primaryimage"},"thumbnailUrl":"https:\/\/www.manitese.it\/wp-content\/uploads\/2021\/01\/avvio-progetto-agricoltura-circolare-mozambico-mani-tese-2021-cover_2-1.jpg","articleSection":["Diari"],"inLanguage":"en-US","potentialAction":[{"@type":"CommentAction","name":"Comment","target":["https:\/\/www.manitese.it\/en\/progetto-agricoltura-circolare-in-mozambico\/#respond"]}]},{"@type":"WebPage","@id":"https:\/\/www.manitese.it\/en\/progetto-agricoltura-circolare-in-mozambico\/","url":"https:\/\/www.manitese.it\/en\/progetto-agricoltura-circolare-in-mozambico\/","name":"UN PROGETTO SULL'AGRICOLTURA CIRCOLARE IN MOZAMBICO - Mani Tese","isPartOf":{"@id":"https:\/\/www.manitese.it\/en\/#website"},"primaryImageOfPage":{"@id":"https:\/\/www.manitese.it\/en\/progetto-agricoltura-circolare-in-mozambico\/#primaryimage"},"image":{"@id":"https:\/\/www.manitese.it\/en\/progetto-agricoltura-circolare-in-mozambico\/#primaryimage"},"thumbnailUrl":"https:\/\/www.manitese.it\/wp-content\/uploads\/2021\/01\/avvio-progetto-agricoltura-circolare-mozambico-mani-tese-2021-cover_2-1.jpg","datePublished":"2021-01-13T09:34:21+00:00","dateModified":"2023-11-30T15:03:33+00:00","author":{"@id":"https:\/\/www.manitese.it\/en\/#\/schema\/person\/5a9774f17e4940e2510bfeba90f04f65"},"description":"L\u2019obiettivo \u00e8 migliorare la sicurezza alimentare delle comunit\u00e0 di Maquival (Zambezia) attraverso il rafforzamento di agricoltura e allevamento.","breadcrumb":{"@id":"https:\/\/www.manitese.it\/en\/progetto-agricoltura-circolare-in-mozambico\/#breadcrumb"},"inLanguage":"en-US","potentialAction":[{"@type":"ReadAction","target":["https:\/\/www.manitese.it\/en\/progetto-agricoltura-circolare-in-mozambico\/"]}]},{"@type":"ImageObject","inLanguage":"en-US","@id":"https:\/\/www.manitese.it\/en\/progetto-agricoltura-circolare-in-mozambico\/#primaryimage","url":"https:\/\/www.manitese.it\/wp-content\/uploads\/2021\/01\/avvio-progetto-agricoltura-circolare-mozambico-mani-tese-2021-cover_2-1.jpg","contentUrl":"https:\/\/www.manitese.it\/wp-content\/uploads\/2021\/01\/avvio-progetto-agricoltura-circolare-mozambico-mani-tese-2021-cover_2-1.jpg","width":1920,"height":800,"caption":"avvio progetto agricoltura circolare mozambico mani tese 2021 cover_2"},{"@type":"BreadcrumbList","@id":"https:\/\/www.manitese.it\/en\/progetto-agricoltura-circolare-in-mozambico\/#breadcrumb","itemListElement":[{"@type":"ListItem","position":1,"name":"Home","item":"https:\/\/www.manitese.it\/en\/"},{"@type":"ListItem","position":2,"name":"UN PROGETTO SULL&#8217;AGRICOLTURA CIRCOLARE IN MOZAMBICO"}]},{"@type":"WebSite","@id":"https:\/\/www.manitese.it\/en\/#website","url":"https:\/\/www.manitese.it\/en\/","name":"Mani Tese","description":"","potentialAction":[{"@type":"SearchAction","target":{"@type":"EntryPoint","urlTemplate":"https:\/\/www.manitese.it\/en\/?s={search_term_string}"},"query-input":{"@type":"PropertyValueSpecification","valueRequired":true,"valueName":"search_term_string"}}],"inLanguage":"en-US"},{"@type":"Person","@id":"https:\/\/www.manitese.it\/en\/#\/schema\/person\/5a9774f17e4940e2510bfeba90f04f65","name":"agevis","image":{"@type":"ImageObject","inLanguage":"en-US","@id":"https:\/\/secure.gravatar.com\/avatar\/2dc96c93fcf3387a5922a93b50fb3bff01d4800590fb6a4ab91a034adb25ba17?s=96&d=mm&r=g","url":"https:\/\/secure.gravatar.com\/avatar\/2dc96c93fcf3387a5922a93b50fb3bff01d4800590fb6a4ab91a034adb25ba17?s=96&d=mm&r=g","contentUrl":"https:\/\/secure.gravatar.com\/avatar\/2dc96c93fcf3387a5922a93b50fb3bff01d4800590fb6a4ab91a034adb25ba17?s=96&d=mm&r=g","caption":"agevis"},"url":"https:\/\/www.manitese.it\/en\/author\/wp_agevis_admin\/"}]}},"jetpack_featured_media_url":"https:\/\/www.manitese.it\/wp-content\/uploads\/2021\/01\/avvio-progetto-agricoltura-circolare-mozambico-mani-tese-2021-cover_2-1.jpg","jetpack_sharing_enabled":true,"_links":{"self":[{"href":"https:\/\/www.manitese.it\/en\/wp-json\/wp\/v2\/posts\/71361","targetHints":{"allow":["GET"]}}],"collection":[{"href":"https:\/\/www.manitese.it\/en\/wp-json\/wp\/v2\/posts"}],"about":[{"href":"https:\/\/www.manitese.it\/en\/wp-json\/wp\/v2\/types\/post"}],"author":[{"embeddable":true,"href":"https:\/\/www.manitese.it\/en\/wp-json\/wp\/v2\/users\/1"}],"replies":[{"embeddable":true,"href":"https:\/\/www.manitese.it\/en\/wp-json\/wp\/v2\/comments?post=71361"}],"version-history":[{"count":2,"href":"https:\/\/www.manitese.it\/en\/wp-json\/wp\/v2\/posts\/71361\/revisions"}],"predecessor-version":[{"id":191713,"href":"https:\/\/www.manitese.it\/en\/wp-json\/wp\/v2\/posts\/71361\/revisions\/191713"}],"wp:featuredmedia":[{"embeddable":true,"href":"https:\/\/www.manitese.it\/en\/wp-json\/wp\/v2\/media\/71374"}],"wp:attachment":[{"href":"https:\/\/www.manitese.it\/en\/wp-json\/wp\/v2\/media?parent=71361"}],"wp:term":[{"taxonomy":"category","embeddable":true,"href":"https:\/\/www.manitese.it\/en\/wp-json\/wp\/v2\/categories?post=71361"},{"taxonomy":"post_tag","embeddable":true,"href":"https:\/\/www.manitese.it\/en\/wp-json\/wp\/v2\/tags?post=71361"},{"taxonomy":"thematic_area","embeddable":true,"href":"https:\/\/www.manitese.it\/en\/wp-json\/wp\/v2\/thematic_area?post=71361"}],"curies":[{"name":"wp","href":"https:\/\/api.w.org\/{rel}","templated":true}]}}