{"id":70075,"date":"2020-12-21T10:35:40","date_gmt":"2020-12-21T09:35:40","guid":{"rendered":"https:\/\/manitese.it\/?p=70075"},"modified":"2023-12-12T11:51:01","modified_gmt":"2023-12-12T10:51:01","slug":"continua-cooperazione-milano-quelimane","status":"publish","type":"post","link":"https:\/\/www.manitese.it\/en\/continua-cooperazione-milano-quelimane\/","title":{"rendered":"CONTINUA LA COOPERAZIONE FRA MANI TESE, MILANO E LA CITT\u00c0 DI QUELIMANE"},"content":{"rendered":"\r\n<p><strong>Mani Tese<\/strong>, attraverso il progetto di cooperazione internazionale<strong>\u00a0<a href=\"https:\/\/manitese.it\/progetto\/quelimane-agricola-produce-cresce-consuma-sostenibile\" target=\"_blank\" rel=\"noreferrer noopener\" aria-label=\"\u201cQuelimane Agricola: produce, cresce e consuma sostenibile\u201d (apre in una nuova scheda)\">\u201cQuelimane Agricola: produce, cresce e consuma sostenibile\u201d<\/a><\/strong>, co-finanziato dall\u2019<strong><a href=\"https:\/\/www.aics.gov.it\/\" target=\"_blank\" rel=\"noreferrer noopener\" aria-label=\"Agenzia Italiana per la Cooperazione allo Sviluppo (apre in una nuova scheda)\">Agenzia Italiana per la Cooperazione allo Sviluppo<\/a><\/strong>, ha l\u2019obiettivo di rafforzare il food system della citt\u00e0 di Quelimane, nella provincia della Zambezia in Mozambico.<\/p>\r\n\r\n\r\n\r\n<p>Dal 2018 sono stati messi in pratica diversi interventi per migliorare e sostenere la produzione e\u00a0la commercializzazione\u00a0dei prodotti agricoli, per incentivare il consumo di cibo locale, sano e nutriente, e per ridurre la povert\u00e0 generando allo stesso tempo sviluppo sostenibile.<\/p>\r\n\r\n\r\n\r\n<p>Nell\u2019ambito del progetto viene promossa l\u2019adozione di pratiche innovative e sostenibili, e la collaborazione con altre associazioni, societ\u00e0 e istituzioni italiane rappresenta uno strumento utile ed efficace per uno scambio di esperienze.<\/p>\r\n\r\n\r\n\r\n<p>Alcune attivit\u00e0 del progetto Quelimane Agricola sono state realizzate in partnership con il\u00a0<strong><a href=\"https:\/\/www.comune.milano.it\/\" target=\"_blank\" rel=\"noreferrer noopener\" aria-label=\"Comune di Milano (apre in una nuova scheda)\">Comune di Milano<\/a>\u00a0<\/strong>e la sua controllata<strong>\u00a0<a href=\"https:\/\/www.mmspa.eu\/\" target=\"_blank\" rel=\"noreferrer noopener\" aria-label=\"MM Spa (apre in una nuova scheda)\">MM Spa<\/a><\/strong>\u00a0che si occupa anche della gestione del sistema idrico nella citt\u00e0 di Milano. Negli anni passati sono avvenute diverse visite di scambio tra Italia e Mozambico: il Comune di Milano e MM Spa sono andati pi\u00f9 volte a Quelimane per interventi di cooperazione e a novembre 2019 rappresentanti del Municipio di Quelimane e della FIPAG (Fundo de Investimento e Patrim\u00f3nio do Abastecimento de \u00c1gua) hanno potuto visitare gli impianti di depurazione e i laboratori di analisi di MM. Da questi scambi Mozambico-Italia \u00e8 nata la volont\u00e0 di approfondire alcune tematiche legate alla gestione delle acque.<\/p>\r\n\r\n\r\n\r\n<p>A causa dell\u2019emergenza da COVID-19, quest\u2019anno non \u00e8 stato possibile fare missioni in loco, n\u00e9 collaborare in Italia con i partner mozambicani. Per far fronte all\u2019impossibilit\u00e0 di viaggiare\u00a0<strong>\u00e8 stato deciso di realizzare un webinar<\/strong>, da mettere a disposizione del Municipio di Quelimane e della FIPAG,\u00a0<strong>sul miglioramento della gestione e della distribuzione delle acque<\/strong>.<\/p>\r\n\r\n\r\n\r\n<p>In video tutorial MM metter\u00e0 a disposizione il proprio\u00a0<em>know how<\/em>\u00a0e i risultati ottenuti nella citt\u00e0 di Milano per raggiungere due importanti obiettivi nella citt\u00e0 di Quelimane: il primo riguarda la gestione delle acque residue dei mercati cittadini, quindi le modalit\u00e0 di collettamento e di trattamento delle acque; il secondo obiettivo, invece, riguarda la riduzione della percentuale di acqua dispersa, quindi gli sprechi dovuti alle perdite dei sistemi idrici.<\/p>\r\n\r\n\r\n\r\n<p>L\u2019impossibilit\u00e0 di incontrarsi da un lato ha reso pi\u00f9 complicato questo scambio di esperienze e di buone pratiche, dall\u2019altro per\u00f2 ha permesso di trovare alternative valide per non interrompere e, anzi, per mantenere viva la cooperazione tra Milano e Quelimane.<\/p>\r\n\r\n\r\n\r\n<p>Per saperne di pi\u00f9 sul progetto: <a href=\"https:\/\/manitese.it\/progetto\/quelimane-agricola-produce-cresce-consuma-sostenibile\" target=\"_blank\" rel=\"noreferrer noopener\" aria-label=\"https:\/\/manitese.it\/progetto\/quelimane-agricola-produce-cresce-consuma-sostenibile (apre in una nuova scheda)\">https:\/\/manitese.it\/progetto\/quelimane-agricola-produce-cresce-consuma-sostenibile<\/a><\/p>\r\n","protected":false},"excerpt":{"rendered":"<p>Realizzato un webinar sulla gestione e distribuzione delle acque, in collaborazione con il Comune di Milano e MM Spa.<\/p>\n","protected":false},"author":1,"featured_media":70081,"comment_status":"open","ping_status":"open","sticky":false,"template":"","format":"standard","meta":{"_acf_changed":false,"give_campaign_id":0,"inline_featured_image":false,"_jetpack_memberships_contains_paid_content":false,"footnotes":""},"categories":[3],"tags":[],"thematic_area":[918,916],"class_list":["post-70075","post","type-post","status-publish","format-standard","has-post-thumbnail","hentry","category-diari","thematic_area-sistemi-e-filiere-agroalimentari-locali","thematic_area-citta-e-pratiche-sostenibili"],"acf":[],"yoast_head":"<!-- This site is optimized with the Yoast SEO plugin v27.5 - https:\/\/yoast.com\/product\/yoast-seo-wordpress\/ -->\n<title>CONTINUA LA COOPERAZIONE FRA MANI TESE, MILANO E LA CITT\u00c0 DI QUELIMANE - Mani Tese<\/title>\n<meta name=\"description\" content=\"Realizzato un webinar sulla gestione e distribuzione delle acque, in collaborazione con il Comune di Milano e MM Spa. Scopri di pi\u00f9!\" \/>\n<meta name=\"robots\" content=\"index, follow, max-snippet:-1, max-image-preview:large, max-video-preview:-1\" \/>\n<link rel=\"canonical\" href=\"https:\/\/www.manitese.it\/en\/continua-cooperazione-milano-quelimane\/\" \/>\n<meta property=\"og:locale\" content=\"en_US\" \/>\n<meta property=\"og:type\" content=\"article\" \/>\n<meta property=\"og:title\" content=\"CONTINUA LA COOPERAZIONE FRA MANI TESE, MILANO E LA CITT\u00c0 DI QUELIMANE - Mani Tese\" \/>\n<meta property=\"og:description\" content=\"Realizzato un webinar sulla gestione e distribuzione delle acque, in collaborazione con il Comune di Milano e MM Spa. Scopri di pi\u00f9!\" \/>\n<meta property=\"og:url\" content=\"https:\/\/www.manitese.it\/en\/continua-cooperazione-milano-quelimane\/\" \/>\n<meta property=\"og:site_name\" content=\"Mani Tese\" \/>\n<meta property=\"article:published_time\" content=\"2020-12-21T09:35:40+00:00\" \/>\n<meta property=\"article:modified_time\" content=\"2023-12-12T10:51:01+00:00\" \/>\n<meta property=\"og:image\" content=\"https:\/\/www.manitese.it\/wp-content\/uploads\/2020\/12\/mm-quelimane-cover-mani-tese-2020-1.jpg\" \/>\n\t<meta property=\"og:image:width\" content=\"1920\" \/>\n\t<meta property=\"og:image:height\" content=\"800\" \/>\n\t<meta property=\"og:image:type\" content=\"image\/jpeg\" \/>\n<meta name=\"author\" content=\"agevis\" \/>\n<meta name=\"twitter:card\" content=\"summary_large_image\" \/>\n<meta name=\"twitter:label1\" content=\"Written by\" \/>\n\t<meta name=\"twitter:data1\" content=\"agevis\" \/>\n\t<meta name=\"twitter:label2\" content=\"Est. reading time\" \/>\n\t<meta name=\"twitter:data2\" content=\"2 minutes\" \/>\n<script type=\"application\/ld+json\" class=\"yoast-schema-graph\">{\"@context\":\"https:\\\/\\\/schema.org\",\"@graph\":[{\"@type\":\"Article\",\"@id\":\"https:\\\/\\\/www.manitese.it\\\/en\\\/continua-cooperazione-milano-quelimane\\\/#article\",\"isPartOf\":{\"@id\":\"https:\\\/\\\/www.manitese.it\\\/en\\\/continua-cooperazione-milano-quelimane\\\/\"},\"author\":{\"name\":\"agevis\",\"@id\":\"https:\\\/\\\/www.manitese.it\\\/en\\\/#\\\/schema\\\/person\\\/5a9774f17e4940e2510bfeba90f04f65\"},\"headline\":\"CONTINUA LA COOPERAZIONE FRA MANI TESE, MILANO E LA CITT\u00c0 DI QUELIMANE\",\"datePublished\":\"2020-12-21T09:35:40+00:00\",\"dateModified\":\"2023-12-12T10:51:01+00:00\",\"mainEntityOfPage\":{\"@id\":\"https:\\\/\\\/www.manitese.it\\\/en\\\/continua-cooperazione-milano-quelimane\\\/\"},\"wordCount\":424,\"commentCount\":0,\"image\":{\"@id\":\"https:\\\/\\\/www.manitese.it\\\/en\\\/continua-cooperazione-milano-quelimane\\\/#primaryimage\"},\"thumbnailUrl\":\"https:\\\/\\\/www.manitese.it\\\/wp-content\\\/uploads\\\/2020\\\/12\\\/mm-quelimane-cover-mani-tese-2020-1.jpg\",\"articleSection\":[\"Diari\"],\"inLanguage\":\"en-US\",\"potentialAction\":[{\"@type\":\"CommentAction\",\"name\":\"Comment\",\"target\":[\"https:\\\/\\\/www.manitese.it\\\/en\\\/continua-cooperazione-milano-quelimane\\\/#respond\"]}]},{\"@type\":\"WebPage\",\"@id\":\"https:\\\/\\\/www.manitese.it\\\/en\\\/continua-cooperazione-milano-quelimane\\\/\",\"url\":\"https:\\\/\\\/www.manitese.it\\\/en\\\/continua-cooperazione-milano-quelimane\\\/\",\"name\":\"CONTINUA LA COOPERAZIONE FRA MANI TESE, MILANO E LA CITT\u00c0 DI QUELIMANE - Mani Tese\",\"isPartOf\":{\"@id\":\"https:\\\/\\\/www.manitese.it\\\/en\\\/#website\"},\"primaryImageOfPage\":{\"@id\":\"https:\\\/\\\/www.manitese.it\\\/en\\\/continua-cooperazione-milano-quelimane\\\/#primaryimage\"},\"image\":{\"@id\":\"https:\\\/\\\/www.manitese.it\\\/en\\\/continua-cooperazione-milano-quelimane\\\/#primaryimage\"},\"thumbnailUrl\":\"https:\\\/\\\/www.manitese.it\\\/wp-content\\\/uploads\\\/2020\\\/12\\\/mm-quelimane-cover-mani-tese-2020-1.jpg\",\"datePublished\":\"2020-12-21T09:35:40+00:00\",\"dateModified\":\"2023-12-12T10:51:01+00:00\",\"author\":{\"@id\":\"https:\\\/\\\/www.manitese.it\\\/en\\\/#\\\/schema\\\/person\\\/5a9774f17e4940e2510bfeba90f04f65\"},\"description\":\"Realizzato un webinar sulla gestione e distribuzione delle acque, in collaborazione con il Comune di Milano e MM Spa. Scopri di pi\u00f9!\",\"breadcrumb\":{\"@id\":\"https:\\\/\\\/www.manitese.it\\\/en\\\/continua-cooperazione-milano-quelimane\\\/#breadcrumb\"},\"inLanguage\":\"en-US\",\"potentialAction\":[{\"@type\":\"ReadAction\",\"target\":[\"https:\\\/\\\/www.manitese.it\\\/en\\\/continua-cooperazione-milano-quelimane\\\/\"]}]},{\"@type\":\"ImageObject\",\"inLanguage\":\"en-US\",\"@id\":\"https:\\\/\\\/www.manitese.it\\\/en\\\/continua-cooperazione-milano-quelimane\\\/#primaryimage\",\"url\":\"https:\\\/\\\/www.manitese.it\\\/wp-content\\\/uploads\\\/2020\\\/12\\\/mm-quelimane-cover-mani-tese-2020-1.jpg\",\"contentUrl\":\"https:\\\/\\\/www.manitese.it\\\/wp-content\\\/uploads\\\/2020\\\/12\\\/mm-quelimane-cover-mani-tese-2020-1.jpg\",\"width\":1920,\"height\":800,\"caption\":\"mm quelimane cover mani tese 2020\"},{\"@type\":\"BreadcrumbList\",\"@id\":\"https:\\\/\\\/www.manitese.it\\\/en\\\/continua-cooperazione-milano-quelimane\\\/#breadcrumb\",\"itemListElement\":[{\"@type\":\"ListItem\",\"position\":1,\"name\":\"Home\",\"item\":\"https:\\\/\\\/www.manitese.it\\\/en\\\/\"},{\"@type\":\"ListItem\",\"position\":2,\"name\":\"CONTINUA LA COOPERAZIONE FRA MANI TESE, MILANO E LA CITT\u00c0 DI QUELIMANE\"}]},{\"@type\":\"WebSite\",\"@id\":\"https:\\\/\\\/www.manitese.it\\\/en\\\/#website\",\"url\":\"https:\\\/\\\/www.manitese.it\\\/en\\\/\",\"name\":\"Mani Tese\",\"description\":\"\",\"potentialAction\":[{\"@type\":\"SearchAction\",\"target\":{\"@type\":\"EntryPoint\",\"urlTemplate\":\"https:\\\/\\\/www.manitese.it\\\/en\\\/?s={search_term_string}\"},\"query-input\":{\"@type\":\"PropertyValueSpecification\",\"valueRequired\":true,\"valueName\":\"search_term_string\"}}],\"inLanguage\":\"en-US\"},{\"@type\":\"Person\",\"@id\":\"https:\\\/\\\/www.manitese.it\\\/en\\\/#\\\/schema\\\/person\\\/5a9774f17e4940e2510bfeba90f04f65\",\"name\":\"agevis\",\"image\":{\"@type\":\"ImageObject\",\"inLanguage\":\"en-US\",\"@id\":\"https:\\\/\\\/secure.gravatar.com\\\/avatar\\\/2dc96c93fcf3387a5922a93b50fb3bff01d4800590fb6a4ab91a034adb25ba17?s=96&d=mm&r=g\",\"url\":\"https:\\\/\\\/secure.gravatar.com\\\/avatar\\\/2dc96c93fcf3387a5922a93b50fb3bff01d4800590fb6a4ab91a034adb25ba17?s=96&d=mm&r=g\",\"contentUrl\":\"https:\\\/\\\/secure.gravatar.com\\\/avatar\\\/2dc96c93fcf3387a5922a93b50fb3bff01d4800590fb6a4ab91a034adb25ba17?s=96&d=mm&r=g\",\"caption\":\"agevis\"},\"url\":\"https:\\\/\\\/www.manitese.it\\\/en\\\/author\\\/wp_agevis_admin\\\/\"}]}<\/script>\n<!-- \/ Yoast SEO plugin. -->","yoast_head_json":{"title":"CONTINUA LA COOPERAZIONE FRA MANI TESE, MILANO E LA CITT\u00c0 DI QUELIMANE - Mani Tese","description":"Realizzato un webinar sulla gestione e distribuzione delle acque, in collaborazione con il Comune di Milano e MM Spa. Scopri di pi\u00f9!","robots":{"index":"index","follow":"follow","max-snippet":"max-snippet:-1","max-image-preview":"max-image-preview:large","max-video-preview":"max-video-preview:-1"},"canonical":"https:\/\/www.manitese.it\/en\/continua-cooperazione-milano-quelimane\/","og_locale":"en_US","og_type":"article","og_title":"CONTINUA LA COOPERAZIONE FRA MANI TESE, MILANO E LA CITT\u00c0 DI QUELIMANE - Mani Tese","og_description":"Realizzato un webinar sulla gestione e distribuzione delle acque, in collaborazione con il Comune di Milano e MM Spa. Scopri di pi\u00f9!","og_url":"https:\/\/www.manitese.it\/en\/continua-cooperazione-milano-quelimane\/","og_site_name":"Mani Tese","article_published_time":"2020-12-21T09:35:40+00:00","article_modified_time":"2023-12-12T10:51:01+00:00","og_image":[{"width":1920,"height":800,"url":"https:\/\/www.manitese.it\/wp-content\/uploads\/2020\/12\/mm-quelimane-cover-mani-tese-2020-1.jpg","type":"image\/jpeg"}],"author":"agevis","twitter_card":"summary_large_image","twitter_misc":{"Written by":"agevis","Est. reading time":"2 minutes"},"schema":{"@context":"https:\/\/schema.org","@graph":[{"@type":"Article","@id":"https:\/\/www.manitese.it\/en\/continua-cooperazione-milano-quelimane\/#article","isPartOf":{"@id":"https:\/\/www.manitese.it\/en\/continua-cooperazione-milano-quelimane\/"},"author":{"name":"agevis","@id":"https:\/\/www.manitese.it\/en\/#\/schema\/person\/5a9774f17e4940e2510bfeba90f04f65"},"headline":"CONTINUA LA COOPERAZIONE FRA MANI TESE, MILANO E LA CITT\u00c0 DI QUELIMANE","datePublished":"2020-12-21T09:35:40+00:00","dateModified":"2023-12-12T10:51:01+00:00","mainEntityOfPage":{"@id":"https:\/\/www.manitese.it\/en\/continua-cooperazione-milano-quelimane\/"},"wordCount":424,"commentCount":0,"image":{"@id":"https:\/\/www.manitese.it\/en\/continua-cooperazione-milano-quelimane\/#primaryimage"},"thumbnailUrl":"https:\/\/www.manitese.it\/wp-content\/uploads\/2020\/12\/mm-quelimane-cover-mani-tese-2020-1.jpg","articleSection":["Diari"],"inLanguage":"en-US","potentialAction":[{"@type":"CommentAction","name":"Comment","target":["https:\/\/www.manitese.it\/en\/continua-cooperazione-milano-quelimane\/#respond"]}]},{"@type":"WebPage","@id":"https:\/\/www.manitese.it\/en\/continua-cooperazione-milano-quelimane\/","url":"https:\/\/www.manitese.it\/en\/continua-cooperazione-milano-quelimane\/","name":"CONTINUA LA COOPERAZIONE FRA MANI TESE, MILANO E LA CITT\u00c0 DI QUELIMANE - Mani Tese","isPartOf":{"@id":"https:\/\/www.manitese.it\/en\/#website"},"primaryImageOfPage":{"@id":"https:\/\/www.manitese.it\/en\/continua-cooperazione-milano-quelimane\/#primaryimage"},"image":{"@id":"https:\/\/www.manitese.it\/en\/continua-cooperazione-milano-quelimane\/#primaryimage"},"thumbnailUrl":"https:\/\/www.manitese.it\/wp-content\/uploads\/2020\/12\/mm-quelimane-cover-mani-tese-2020-1.jpg","datePublished":"2020-12-21T09:35:40+00:00","dateModified":"2023-12-12T10:51:01+00:00","author":{"@id":"https:\/\/www.manitese.it\/en\/#\/schema\/person\/5a9774f17e4940e2510bfeba90f04f65"},"description":"Realizzato un webinar sulla gestione e distribuzione delle acque, in collaborazione con il Comune di Milano e MM Spa. Scopri di pi\u00f9!","breadcrumb":{"@id":"https:\/\/www.manitese.it\/en\/continua-cooperazione-milano-quelimane\/#breadcrumb"},"inLanguage":"en-US","potentialAction":[{"@type":"ReadAction","target":["https:\/\/www.manitese.it\/en\/continua-cooperazione-milano-quelimane\/"]}]},{"@type":"ImageObject","inLanguage":"en-US","@id":"https:\/\/www.manitese.it\/en\/continua-cooperazione-milano-quelimane\/#primaryimage","url":"https:\/\/www.manitese.it\/wp-content\/uploads\/2020\/12\/mm-quelimane-cover-mani-tese-2020-1.jpg","contentUrl":"https:\/\/www.manitese.it\/wp-content\/uploads\/2020\/12\/mm-quelimane-cover-mani-tese-2020-1.jpg","width":1920,"height":800,"caption":"mm quelimane cover mani tese 2020"},{"@type":"BreadcrumbList","@id":"https:\/\/www.manitese.it\/en\/continua-cooperazione-milano-quelimane\/#breadcrumb","itemListElement":[{"@type":"ListItem","position":1,"name":"Home","item":"https:\/\/www.manitese.it\/en\/"},{"@type":"ListItem","position":2,"name":"CONTINUA LA COOPERAZIONE FRA MANI TESE, MILANO E LA CITT\u00c0 DI QUELIMANE"}]},{"@type":"WebSite","@id":"https:\/\/www.manitese.it\/en\/#website","url":"https:\/\/www.manitese.it\/en\/","name":"Mani Tese","description":"","potentialAction":[{"@type":"SearchAction","target":{"@type":"EntryPoint","urlTemplate":"https:\/\/www.manitese.it\/en\/?s={search_term_string}"},"query-input":{"@type":"PropertyValueSpecification","valueRequired":true,"valueName":"search_term_string"}}],"inLanguage":"en-US"},{"@type":"Person","@id":"https:\/\/www.manitese.it\/en\/#\/schema\/person\/5a9774f17e4940e2510bfeba90f04f65","name":"agevis","image":{"@type":"ImageObject","inLanguage":"en-US","@id":"https:\/\/secure.gravatar.com\/avatar\/2dc96c93fcf3387a5922a93b50fb3bff01d4800590fb6a4ab91a034adb25ba17?s=96&d=mm&r=g","url":"https:\/\/secure.gravatar.com\/avatar\/2dc96c93fcf3387a5922a93b50fb3bff01d4800590fb6a4ab91a034adb25ba17?s=96&d=mm&r=g","contentUrl":"https:\/\/secure.gravatar.com\/avatar\/2dc96c93fcf3387a5922a93b50fb3bff01d4800590fb6a4ab91a034adb25ba17?s=96&d=mm&r=g","caption":"agevis"},"url":"https:\/\/www.manitese.it\/en\/author\/wp_agevis_admin\/"}]}},"jetpack_featured_media_url":"https:\/\/www.manitese.it\/wp-content\/uploads\/2020\/12\/mm-quelimane-cover-mani-tese-2020-1.jpg","jetpack_sharing_enabled":true,"_links":{"self":[{"href":"https:\/\/www.manitese.it\/en\/wp-json\/wp\/v2\/posts\/70075","targetHints":{"allow":["GET"]}}],"collection":[{"href":"https:\/\/www.manitese.it\/en\/wp-json\/wp\/v2\/posts"}],"about":[{"href":"https:\/\/www.manitese.it\/en\/wp-json\/wp\/v2\/types\/post"}],"author":[{"embeddable":true,"href":"https:\/\/www.manitese.it\/en\/wp-json\/wp\/v2\/users\/1"}],"replies":[{"embeddable":true,"href":"https:\/\/www.manitese.it\/en\/wp-json\/wp\/v2\/comments?post=70075"}],"version-history":[{"count":2,"href":"https:\/\/www.manitese.it\/en\/wp-json\/wp\/v2\/posts\/70075\/revisions"}],"predecessor-version":[{"id":191824,"href":"https:\/\/www.manitese.it\/en\/wp-json\/wp\/v2\/posts\/70075\/revisions\/191824"}],"wp:featuredmedia":[{"embeddable":true,"href":"https:\/\/www.manitese.it\/en\/wp-json\/wp\/v2\/media\/70081"}],"wp:attachment":[{"href":"https:\/\/www.manitese.it\/en\/wp-json\/wp\/v2\/media?parent=70075"}],"wp:term":[{"taxonomy":"category","embeddable":true,"href":"https:\/\/www.manitese.it\/en\/wp-json\/wp\/v2\/categories?post=70075"},{"taxonomy":"post_tag","embeddable":true,"href":"https:\/\/www.manitese.it\/en\/wp-json\/wp\/v2\/tags?post=70075"},{"taxonomy":"thematic_area","embeddable":true,"href":"https:\/\/www.manitese.it\/en\/wp-json\/wp\/v2\/thematic_area?post=70075"}],"curies":[{"name":"wp","href":"https:\/\/api.w.org\/{rel}","templated":true}]}}