{"id":69833,"date":"2020-12-18T11:28:31","date_gmt":"2020-12-18T10:28:31","guid":{"rendered":"https:\/\/manitese.it\/?p=69833"},"modified":"2023-12-20T16:10:46","modified_gmt":"2023-12-20T15:10:46","slug":"zambezia-dopo-ciclone-idai-ora-si-affrontano-conseguenze-della-pandemia","status":"publish","type":"post","link":"https:\/\/www.manitese.it\/en\/zambezia-dopo-ciclone-idai-ora-si-affrontano-conseguenze-della-pandemia\/","title":{"rendered":"ZAMBEZIA: DOPO IL CICLONE IDAI, ORA SI AFFRONTANO LE CONSEGUENZE DELLA PANDEMIA"},"content":{"rendered":"\r\n<p>Nella notte tra il 14 e il 15 marzo del 2019, in Mozambico si \u00e8 abbattuto il devastante ciclone Idai, con conseguenze tragiche in molte zone del Paese. Nel distretto di Chinde, che si trova sulla foce del fiume Zambezi, il ciclone \u00e8 stato particolarmente violento e ha provocato forti piogge e numerosi allagamenti, distruggendo abitazioni, infrastrutture e coltivazioni.<\/p>\r\n\r\n\r\n\r\n<p>Il distretto sta affrontando la delicata fase di ripresa post-emergenza, che ha visto l\u2019avvio del programma, da poco concluso, del World Food Programme <strong><a href=\"https:\/\/manitese.it\/progetto\/emergenza-cibo-dopo-il-ciclone-idai\" target=\"_blank\" rel=\"noreferrer noopener\" aria-label=\"\u201cEMERGENZA CIBO DOPO IL CICLONE IDAI\u201d (apre in una nuova scheda)\">\u201cEMERGENZA CIBO DOPO IL CICLONE IDAI\u201d<\/a><\/strong> (<em>Food Assistance for Assets \u2013 FFA<\/em>), in cui <strong>Mani Tese ha partecipato come partner<\/strong>.<\/p>\r\n\r\n\r\n\r\n<p>Obiettivo principale dell\u2019intervento \u00e8 stato quello di <strong>migliorare le condizioni di vita della popolazione colpita dal ciclone<\/strong>, fornendo alimenti di prima necessit\u00e0 e al tempo stesso rilanciando attivit\u00e0 produttive come la costruzione di pozzi, latrine e strade di collegamento.<\/p>\r\n\r\n\r\n\r\n<p>All\u2019emergenza ambientale quest\u2019anno si \u00e8 per\u00f2 purtroppo <strong>sommata l\u2019emergenza sanitaria con il diffondersi della Pandemia COVID-19<\/strong>.<\/p>\r\n\r\n\r\n\r\n<p><strong>Maria Vittoria Moretti<\/strong> \u00e8 stata Responsabile Paese in Mozambico per Mani Tese e a capo del progetto <strong><a href=\"https:\/\/manitese.it\/progetto\/emergenza-cibo-dopo-il-ciclone-idai\" target=\"_blank\" rel=\"noreferrer noopener\" aria-label=\"EMERGENZA CIBO DOPO IL CICLONE IDAI (apre in una nuova scheda)\">EMERGENZA CIBO DOPO IL CICLONE IDAI<\/a><\/strong> realizzato in partnership con il <strong>World Food Programme<\/strong>, e ci ha spiegato cosa \u00e8 stato fatto.<\/p>\r\n\r\n\r\n\r\n<p><strong>Maria Vittoria, quali sono state le conseguenze e i danni alla popolazione in Mozambico del ciclone IDAI?<\/strong><\/p>\r\n\r\n\r\n\r\n<p>\u201cNon mi trovavo ancora presente sul territorio quando il ciclone IDAI ha colpito il Mozambico, ma, arrivando un paio di mesi dopo, ho potuto constatare con i miei occhi la devastazione che ha creato, ancora molto evidente. Le popolazioni colpite hanno perso tutto e, quando il \u201ctutto\u201d non ha incluso anche la vita, li ha lasciati senza abitazione, senza campi da coltivare, senza bestiame, senza energia, senza infrastrutture n\u00e9 collegamenti stradali e servizi di base e, nelle aree pi\u00f9 colpite, senza neppure accesso all\u2019acqua potabile. La situazione \u00e8 poi degenerata con malattie e infezioni cha hanno causato altre perdite umane e la mobilitazione di vari attori internazionali accorsi nel Paese a supporto del Governo nelle operazioni di pronto intervento e successivamente di recovery\u201d.<\/p>\r\n\r\n\r\n\r\n<p><strong>In cosa \u00e8 consistito l\u2019intervento di aiuto alle comunit\u00e0 colpite del progetto \u201cEmergenza cibo dopo il ciclone Idai\u201d realizzato in partnership con il WFP?<\/strong><\/p>\r\n\r\n\r\n\r\n<p>\u201cIl lavoro svolto dall\u2019equipe di Mani Tese nel Distretto di Chinde, uno dei pi\u00f9 poveri e isolati della Provincia della Zambezia, a sua volta una delle province pi\u00f9 colpite dal ciclone IDAI, \u00e8 stato un intervento di post-emergenza. L\u2019azione ha previsto una consegna mensile di pacchi alimentari (cereali, legumi e olio) in cambio di lavoro da parte dei beneficiari per risolvere insieme problemi infrastrutturali della comunit\u00e0: riabilitazioni di ponti e strade, apertura di nuovi campi da coltivare, pulizia di canalette di drenaggio, etc\u2026\u201d<\/p>\r\n\r\n\r\n\r\n<p><strong>Come \u00e8 nata la partnership con il World Food Programme?<\/strong><\/p>\r\n\r\n\r\n\r\n<p>\u201cCome Mani Tese abbiamo partecipato al bando FFA 2020 presentando al WFP il progetto per il Distretto di Chinde. Il progetto \u00e8 stato ritenuto efficace e cos\u00ec, dopo esserci aggiudicati il bando, abbiamo subito iniziato a lavorare insieme all&#8217;equipe WFP con sede in Zambezia fornendo una risposta utile e tempestiva per la popolazione\u201d.<\/p>\r\n\r\n\r\n\r\n<p><strong>Quanti beneficiari ha interessato il progetto e quante tonnellate di cibo sono state distribuite? Puoi darci qualche dato?<\/strong><\/p>\r\n\r\n\r\n\r\n<p>\u201cIl progetto \u00e8 iniziato il 20 novembre 2019 nella localit\u00e0 di Chinde raggiungendo 4000 famiglie su 25 comunit\u00e0. Il totale dei beneficiari direttamente coinvolti nell&#8217;intervento \u00e8 stato di 20.000 persone.<\/p>\r\n\r\n\r\n\r\n<p>Mensilmente ciascuna delle 4000 famiglie beneficiarie ha ricevuto per 16 giorni di lavoro, compresi corsi di formazione e sessioni di sensibilizzazione, una razione composta da 40kg di cereali tra riso e mais, 6 kg di fagioli e 3,75 kg di olio, corrispondenti circa a 267 grammi di cereali, 40 grammi di fagioli e 25 grammi di olio al giorno per persona.<\/p>\r\n\r\n\r\n\r\n<p>Ci sono state delle variazioni dovute a una carenza di pacchi alimentari nel Paese dal mese di febbraio, che ha comportato inizialmente la riduzione della razione mensile, fino alla sua completa sospensione, con la ripresa in aprile della distribuzione e l&#8217;estensione di 2 mesi di progetto, che si \u00e8 concluso il 31 di maggio 2020.<\/p>\r\n\r\n\r\n\r\n<p>Prima dell&#8217;avvio del progetto \u00e8 stata svolta una valutazione per la selezione dei beneficiari in base ai criteri di vulnerabilit\u00e0 definiti dal WFP insieme al governo locale e in stretta collaborazione con l&#8217;INGC (Istituto gestione calamit\u00e0 naturali).<\/p>\r\n\r\n\r\n\r\n<p>Durante il progetto \u00e8 stato svolto un monitoraggio continuo.\u201d<\/p>\r\n\r\n\r\n\r\n<p>Per quanto riguarda i lavori realizzati insieme ai destinatari del progetto, quali sono stati i principali risultati?<\/p>\r\n\r\n\r\n\r\n<p>\u201cTra le varie attivit\u00e0 svolte con i beneficiari di progetto \u00e8 stata realizzata la pulizia di tre strade secondarie nel distretto di Chinde nella comunit\u00e0 di Maguiguane, Chacuma e Matilde, la costruzione di un ponte con materiale locale che funger\u00e0 da via di evacuazione, la costruzione di aule scolastiche con materiale locale nella comunit\u00e0 di Pambane, l&#8217;installazione di numerosi Tipy Taps nelle scuole (stazioni lavaggio mani, realizzate con materiali locali e di recupero), la riforestazione di mangrovie nel distretto costiero di Chinde\u201d.<\/p>\r\n\r\n\r\n\r\n<p><strong>Dopo il COVID, come \u00e8 cambiato il vostro intervento? Quali sono state le conseguenze sulle attivit\u00e0 del progetto?<\/strong><\/p>\r\n\r\n\r\n\r\n<p>\u201cIn seguito all&#8217;emergenza COVID19 \u00e8 stato necessario rimodulare le attivit\u00e0 di progetto e, insieme al WFP, abbiamo deciso di sospendere le attivit\u00e0 lavorative delle comunit\u00e0 beneficiarie, implementando invece <strong>azioni di informazione e sensibilizzazione sulla pandemia coadiuvati dal Dipartimento della Salute di Chinde<\/strong>. Il Dipartimento ci ha assistiti durante la distribuzione dei pacchi alimentari dal mese di marzo supportandoci nell&#8217;applicazione delle misure di sicurezza anti COVID19 imposte dal governo. Il governo ha anche imposto la riduzione degli spostamenti marittimi e terrestri per ridurre il rischio di contagio interno al distretto, ma la nostra equipe ha avuto dei permessi speciali per continuare le operazioni di distribuzione\u201d.<\/p>\r\n\r\n\r\n\r\n<p><strong>Quali sono state le difficolt\u00e0 che avete incontrato?<\/strong><\/p>\r\n\r\n\r\n\r\n<p>\u201cLe difficolt\u00e0 incontrate sono state innumerevoli iniziando dalla posizione geografica del distretto, che si trova isolato e con collegamenti terrestri e marittimi quasi inesistenti con il resto della provincia. I mezzi di trasporto sono limitati anche sull&#8217;isola e il loro noleggio per le operazioni di distribuzione di materiali e alimenti non \u00e8 sempre stato facile. Complesso \u00e8 stato anche l&#8217;ottenimento del combustibile, che deve essere trasportato dalla terra ferma poich\u00e9 non esiste una stazione di servizio nel distretto di Chinde.<\/p>\r\n\r\n\r\n\r\n<p>Il distretto inoltre non ha energia elettrica, che viene fornita solo attraverso generatori che, durante i temporali, vengono spesso staccati facendo scomparire anche la rete telefonica. Potete immaginare la precariet\u00e0 di un distretto che si trova a corto dei servizi di base, anche solo pensando a scuole e ospedali che si ritrovano privi di elettricit\u00e0 per lunghi periodi.<\/p>\r\n\r\n\r\n\r\n<p>Le difficolt\u00e0 non si sono limitate al distretto: ci sono stati ritardi anche di giorni da parte dei trasportatori locali per la consegna dei materiali a Chinde, dove poi venivano presi in carico da Mani Tese. Abbiamo dovuto anche affrontare la perdita di un carico alimentare dovuto a un naufragio!<\/p>\r\n\r\n\r\n\r\n<p>Infine c\u2019\u00e8 stata la sospensione della distribuzione di pacchi alimentari nel mese di febbraio, che ha comportato alcuni problemi con i beneficiari che avevano gi\u00e0 svolto il lavoro per il ricevimento mensile dei pacchi. La nostra equipe, insieme al governo locale, l&#8217;INGC e l&#8217;equipe locale del WFP, \u00e8 per\u00f2 sempre stata pronta dimostrandosi all&#8217;altezza delle varie difficolt\u00e0. Un risultato evidente dall&#8217;ottimo rapporto che abbiamo mantenuto sin dall&#8217;inizio con le istituzioni locali, molto soddisfatte dell&#8217;intervento ricevuto\u201d.<\/p>\r\n\r\n\r\n\r\n<figure class=\"wp-block-image size-large\"><a href=\"https:\/\/manitese.it\/wp-content\/uploads\/2020\/12\/Maria-Vittoria-Moretti-1-scaled.jpg\"><img decoding=\"async\" class=\"wp-image-69882\" src=\"https:\/\/manitese.it\/wp-content\/uploads\/2020\/12\/Maria-Vittoria-Moretti-1-1024x733.jpg\" alt=\"Maria Vittoria Moretti\" \/><\/a>\r\n<figcaption><em>Maria Vittoria Moretti, Responsabile Paese in Mozambico per Mani Tese e capo del progetto EMERGENZA CIBO DOPO IL CICLONE IDAI<\/em><\/figcaption>\r\n<\/figure>\r\n\r\n\r\n\r\n<figure class=\"wp-block-image size-large\"><a href=\"https:\/\/manitese.it\/wp-content\/uploads\/2020\/12\/Attivit\u00e0-di-piantumazione-di-mangrovie-per-combattere-lerosione-del-terreno-a-Chinde-1-scaled.jpg\"><img decoding=\"async\" class=\"wp-image-69872\" src=\"https:\/\/manitese.it\/wp-content\/uploads\/2020\/12\/Attivit\u00e0-di-piantumazione-di-mangrovie-per-combattere-lerosione-del-terreno-a-Chinde-1-1024x577.jpg\" alt=\"Attivit\u00e0 di piantumazione di mangrovie per combattere l'erosione del terreno a Chinde\" \/><\/a>\r\n<figcaption><em>Attivit\u00e0 di piantumazione di mangrovie per combattere l&#8217;erosione del terreno a Chinde<\/em><\/figcaption>\r\n<\/figure>\r\n\r\n\r\n\r\n<div class=\"wp-block-responsive-lightbox-gallery\">[rl_gallery id=&#8221;69856&#8243;]<\/div>\r\n\r\n\r\n\r\n<p><em>Distribuzione di pacchi alimentari nella comunit\u00e0 Jorge<\/em><\/p>\r\n\r\n\r\n\r\n<figure class=\"wp-block-image size-large\"><a href=\"https:\/\/manitese.it\/wp-content\/uploads\/2020\/12\/Monitoraggio-e-valutazione-delle-attivit\u00e0-da-parte-dello-staff-di-progetto-1-scaled.jpg\"><img decoding=\"async\" class=\"wp-image-69884\" src=\"https:\/\/manitese.it\/wp-content\/uploads\/2020\/12\/Monitoraggio-e-valutazione-delle-attivit\u00e0-da-parte-dello-staff-di-progetto-1-1024x768.jpg\" alt=\"Monitoraggio e valutazione delle attivit\u00e0 da parte dello staff di progetto\" \/><\/a>\r\n<figcaption><em>Monitoraggio e valutazione delle attivit\u00e0 da parte dello staff di progetto<\/em><\/figcaption>\r\n<\/figure>\r\n","protected":false},"excerpt":{"rendered":"<p>Intervista a Maria Vittoria Moretti, Responsabile del progetto di intervento che ha gestito l\u2019emergenza in Mozambico dopo il Ciclone insieme al World Food Programme.<\/p>\n","protected":false},"author":1,"featured_media":69851,"comment_status":"open","ping_status":"open","sticky":false,"template":"","format":"standard","meta":{"_acf_changed":false,"give_campaign_id":0,"inline_featured_image":false,"_jetpack_memberships_contains_paid_content":false,"footnotes":""},"categories":[3],"tags":[],"thematic_area":[874],"class_list":["post-69833","post","type-post","status-publish","format-standard","has-post-thumbnail","hentry","category-diari","thematic_area-lotta-alla-fame-poverta-e-disuguaglianze"],"acf":[],"yoast_head":"<!-- This site is optimized with the Yoast SEO plugin v27.5 - https:\/\/yoast.com\/product\/yoast-seo-wordpress\/ -->\n<title>ZAMBEZIA: DOPO IL CICLONE IDAI, ORA SI AFFRONTANO LE CONSEGUENZE DELLA PANDEMIA - Mani Tese<\/title>\n<meta name=\"description\" content=\"Intervista a Maria Vittoria Moretti, Responsabile del progetto di intervento che ha gestito l\u2019emergenza in Mozambico dopo il Ciclone insieme al World Food Programme.\" \/>\n<meta name=\"robots\" content=\"index, follow, max-snippet:-1, max-image-preview:large, max-video-preview:-1\" \/>\n<link rel=\"canonical\" href=\"https:\/\/www.manitese.it\/en\/zambezia-dopo-ciclone-idai-ora-si-affrontano-conseguenze-della-pandemia\/\" \/>\n<meta property=\"og:locale\" content=\"en_US\" \/>\n<meta property=\"og:type\" content=\"article\" \/>\n<meta property=\"og:title\" content=\"ZAMBEZIA: DOPO IL CICLONE IDAI, ORA SI AFFRONTANO LE CONSEGUENZE DELLA PANDEMIA - Mani Tese\" \/>\n<meta property=\"og:description\" content=\"Intervista a Maria Vittoria Moretti, Responsabile del progetto di intervento che ha gestito l\u2019emergenza in Mozambico dopo il Ciclone insieme al World Food Programme.\" \/>\n<meta property=\"og:url\" content=\"https:\/\/www.manitese.it\/en\/zambezia-dopo-ciclone-idai-ora-si-affrontano-conseguenze-della-pandemia\/\" \/>\n<meta property=\"og:site_name\" content=\"Mani Tese\" \/>\n<meta property=\"article:published_time\" content=\"2020-12-18T10:28:31+00:00\" \/>\n<meta property=\"article:modified_time\" content=\"2023-12-20T15:10:46+00:00\" \/>\n<meta property=\"og:image\" content=\"https:\/\/www.manitese.it\/wp-content\/uploads\/2020\/12\/zambezia-dopo-ciclone-idai-conseguenze-pandemia_mani-tese-2020-cover-1.jpg\" \/>\n\t<meta property=\"og:image:width\" content=\"1920\" \/>\n\t<meta property=\"og:image:height\" content=\"800\" \/>\n\t<meta property=\"og:image:type\" content=\"image\/jpeg\" \/>\n<meta name=\"author\" content=\"agevis\" \/>\n<meta name=\"twitter:card\" content=\"summary_large_image\" \/>\n<meta name=\"twitter:label1\" content=\"Written by\" \/>\n\t<meta name=\"twitter:data1\" content=\"agevis\" \/>\n\t<meta name=\"twitter:label2\" content=\"Est. reading time\" \/>\n\t<meta name=\"twitter:data2\" content=\"7 minutes\" \/>\n<script type=\"application\/ld+json\" class=\"yoast-schema-graph\">{\"@context\":\"https:\\\/\\\/schema.org\",\"@graph\":[{\"@type\":\"Article\",\"@id\":\"https:\\\/\\\/www.manitese.it\\\/en\\\/zambezia-dopo-ciclone-idai-ora-si-affrontano-conseguenze-della-pandemia\\\/#article\",\"isPartOf\":{\"@id\":\"https:\\\/\\\/www.manitese.it\\\/en\\\/zambezia-dopo-ciclone-idai-ora-si-affrontano-conseguenze-della-pandemia\\\/\"},\"author\":{\"name\":\"agevis\",\"@id\":\"https:\\\/\\\/www.manitese.it\\\/en\\\/#\\\/schema\\\/person\\\/5a9774f17e4940e2510bfeba90f04f65\"},\"headline\":\"ZAMBEZIA: DOPO IL CICLONE IDAI, ORA SI AFFRONTANO LE CONSEGUENZE DELLA PANDEMIA\",\"datePublished\":\"2020-12-18T10:28:31+00:00\",\"dateModified\":\"2023-12-20T15:10:46+00:00\",\"mainEntityOfPage\":{\"@id\":\"https:\\\/\\\/www.manitese.it\\\/en\\\/zambezia-dopo-ciclone-idai-ora-si-affrontano-conseguenze-della-pandemia\\\/\"},\"wordCount\":1257,\"commentCount\":0,\"image\":{\"@id\":\"https:\\\/\\\/www.manitese.it\\\/en\\\/zambezia-dopo-ciclone-idai-ora-si-affrontano-conseguenze-della-pandemia\\\/#primaryimage\"},\"thumbnailUrl\":\"https:\\\/\\\/www.manitese.it\\\/wp-content\\\/uploads\\\/2020\\\/12\\\/zambezia-dopo-ciclone-idai-conseguenze-pandemia_mani-tese-2020-cover-1.jpg\",\"articleSection\":[\"Diari\"],\"inLanguage\":\"en-US\",\"potentialAction\":[{\"@type\":\"CommentAction\",\"name\":\"Comment\",\"target\":[\"https:\\\/\\\/www.manitese.it\\\/en\\\/zambezia-dopo-ciclone-idai-ora-si-affrontano-conseguenze-della-pandemia\\\/#respond\"]}]},{\"@type\":\"WebPage\",\"@id\":\"https:\\\/\\\/www.manitese.it\\\/en\\\/zambezia-dopo-ciclone-idai-ora-si-affrontano-conseguenze-della-pandemia\\\/\",\"url\":\"https:\\\/\\\/www.manitese.it\\\/en\\\/zambezia-dopo-ciclone-idai-ora-si-affrontano-conseguenze-della-pandemia\\\/\",\"name\":\"ZAMBEZIA: DOPO IL CICLONE IDAI, ORA SI AFFRONTANO LE CONSEGUENZE DELLA PANDEMIA - Mani Tese\",\"isPartOf\":{\"@id\":\"https:\\\/\\\/www.manitese.it\\\/en\\\/#website\"},\"primaryImageOfPage\":{\"@id\":\"https:\\\/\\\/www.manitese.it\\\/en\\\/zambezia-dopo-ciclone-idai-ora-si-affrontano-conseguenze-della-pandemia\\\/#primaryimage\"},\"image\":{\"@id\":\"https:\\\/\\\/www.manitese.it\\\/en\\\/zambezia-dopo-ciclone-idai-ora-si-affrontano-conseguenze-della-pandemia\\\/#primaryimage\"},\"thumbnailUrl\":\"https:\\\/\\\/www.manitese.it\\\/wp-content\\\/uploads\\\/2020\\\/12\\\/zambezia-dopo-ciclone-idai-conseguenze-pandemia_mani-tese-2020-cover-1.jpg\",\"datePublished\":\"2020-12-18T10:28:31+00:00\",\"dateModified\":\"2023-12-20T15:10:46+00:00\",\"author\":{\"@id\":\"https:\\\/\\\/www.manitese.it\\\/en\\\/#\\\/schema\\\/person\\\/5a9774f17e4940e2510bfeba90f04f65\"},\"description\":\"Intervista a Maria Vittoria Moretti, Responsabile del progetto di intervento che ha gestito l\u2019emergenza in Mozambico dopo il Ciclone insieme al World Food Programme.\",\"breadcrumb\":{\"@id\":\"https:\\\/\\\/www.manitese.it\\\/en\\\/zambezia-dopo-ciclone-idai-ora-si-affrontano-conseguenze-della-pandemia\\\/#breadcrumb\"},\"inLanguage\":\"en-US\",\"potentialAction\":[{\"@type\":\"ReadAction\",\"target\":[\"https:\\\/\\\/www.manitese.it\\\/en\\\/zambezia-dopo-ciclone-idai-ora-si-affrontano-conseguenze-della-pandemia\\\/\"]}]},{\"@type\":\"ImageObject\",\"inLanguage\":\"en-US\",\"@id\":\"https:\\\/\\\/www.manitese.it\\\/en\\\/zambezia-dopo-ciclone-idai-ora-si-affrontano-conseguenze-della-pandemia\\\/#primaryimage\",\"url\":\"https:\\\/\\\/www.manitese.it\\\/wp-content\\\/uploads\\\/2020\\\/12\\\/zambezia-dopo-ciclone-idai-conseguenze-pandemia_mani-tese-2020-cover-1.jpg\",\"contentUrl\":\"https:\\\/\\\/www.manitese.it\\\/wp-content\\\/uploads\\\/2020\\\/12\\\/zambezia-dopo-ciclone-idai-conseguenze-pandemia_mani-tese-2020-cover-1.jpg\",\"width\":1920,\"height\":800,\"caption\":\"zambezia dopo ciclone idai conseguenze pandemia_mani tese 2020 cover\"},{\"@type\":\"BreadcrumbList\",\"@id\":\"https:\\\/\\\/www.manitese.it\\\/en\\\/zambezia-dopo-ciclone-idai-ora-si-affrontano-conseguenze-della-pandemia\\\/#breadcrumb\",\"itemListElement\":[{\"@type\":\"ListItem\",\"position\":1,\"name\":\"Home\",\"item\":\"https:\\\/\\\/www.manitese.it\\\/en\\\/\"},{\"@type\":\"ListItem\",\"position\":2,\"name\":\"ZAMBEZIA: DOPO IL CICLONE IDAI, ORA SI AFFRONTANO LE CONSEGUENZE DELLA PANDEMIA\"}]},{\"@type\":\"WebSite\",\"@id\":\"https:\\\/\\\/www.manitese.it\\\/en\\\/#website\",\"url\":\"https:\\\/\\\/www.manitese.it\\\/en\\\/\",\"name\":\"Mani Tese\",\"description\":\"\",\"potentialAction\":[{\"@type\":\"SearchAction\",\"target\":{\"@type\":\"EntryPoint\",\"urlTemplate\":\"https:\\\/\\\/www.manitese.it\\\/en\\\/?s={search_term_string}\"},\"query-input\":{\"@type\":\"PropertyValueSpecification\",\"valueRequired\":true,\"valueName\":\"search_term_string\"}}],\"inLanguage\":\"en-US\"},{\"@type\":\"Person\",\"@id\":\"https:\\\/\\\/www.manitese.it\\\/en\\\/#\\\/schema\\\/person\\\/5a9774f17e4940e2510bfeba90f04f65\",\"name\":\"agevis\",\"image\":{\"@type\":\"ImageObject\",\"inLanguage\":\"en-US\",\"@id\":\"https:\\\/\\\/secure.gravatar.com\\\/avatar\\\/2dc96c93fcf3387a5922a93b50fb3bff01d4800590fb6a4ab91a034adb25ba17?s=96&d=mm&r=g\",\"url\":\"https:\\\/\\\/secure.gravatar.com\\\/avatar\\\/2dc96c93fcf3387a5922a93b50fb3bff01d4800590fb6a4ab91a034adb25ba17?s=96&d=mm&r=g\",\"contentUrl\":\"https:\\\/\\\/secure.gravatar.com\\\/avatar\\\/2dc96c93fcf3387a5922a93b50fb3bff01d4800590fb6a4ab91a034adb25ba17?s=96&d=mm&r=g\",\"caption\":\"agevis\"},\"url\":\"https:\\\/\\\/www.manitese.it\\\/en\\\/author\\\/wp_agevis_admin\\\/\"}]}<\/script>\n<!-- \/ Yoast SEO plugin. -->","yoast_head_json":{"title":"ZAMBEZIA: DOPO IL CICLONE IDAI, ORA SI AFFRONTANO LE CONSEGUENZE DELLA PANDEMIA - Mani Tese","description":"Intervista a Maria Vittoria Moretti, Responsabile del progetto di intervento che ha gestito l\u2019emergenza in Mozambico dopo il Ciclone insieme al World Food Programme.","robots":{"index":"index","follow":"follow","max-snippet":"max-snippet:-1","max-image-preview":"max-image-preview:large","max-video-preview":"max-video-preview:-1"},"canonical":"https:\/\/www.manitese.it\/en\/zambezia-dopo-ciclone-idai-ora-si-affrontano-conseguenze-della-pandemia\/","og_locale":"en_US","og_type":"article","og_title":"ZAMBEZIA: DOPO IL CICLONE IDAI, ORA SI AFFRONTANO LE CONSEGUENZE DELLA PANDEMIA - Mani Tese","og_description":"Intervista a Maria Vittoria Moretti, Responsabile del progetto di intervento che ha gestito l\u2019emergenza in Mozambico dopo il Ciclone insieme al World Food Programme.","og_url":"https:\/\/www.manitese.it\/en\/zambezia-dopo-ciclone-idai-ora-si-affrontano-conseguenze-della-pandemia\/","og_site_name":"Mani Tese","article_published_time":"2020-12-18T10:28:31+00:00","article_modified_time":"2023-12-20T15:10:46+00:00","og_image":[{"width":1920,"height":800,"url":"https:\/\/www.manitese.it\/wp-content\/uploads\/2020\/12\/zambezia-dopo-ciclone-idai-conseguenze-pandemia_mani-tese-2020-cover-1.jpg","type":"image\/jpeg"}],"author":"agevis","twitter_card":"summary_large_image","twitter_misc":{"Written by":"agevis","Est. reading time":"7 minutes"},"schema":{"@context":"https:\/\/schema.org","@graph":[{"@type":"Article","@id":"https:\/\/www.manitese.it\/en\/zambezia-dopo-ciclone-idai-ora-si-affrontano-conseguenze-della-pandemia\/#article","isPartOf":{"@id":"https:\/\/www.manitese.it\/en\/zambezia-dopo-ciclone-idai-ora-si-affrontano-conseguenze-della-pandemia\/"},"author":{"name":"agevis","@id":"https:\/\/www.manitese.it\/en\/#\/schema\/person\/5a9774f17e4940e2510bfeba90f04f65"},"headline":"ZAMBEZIA: DOPO IL CICLONE IDAI, ORA SI AFFRONTANO LE CONSEGUENZE DELLA PANDEMIA","datePublished":"2020-12-18T10:28:31+00:00","dateModified":"2023-12-20T15:10:46+00:00","mainEntityOfPage":{"@id":"https:\/\/www.manitese.it\/en\/zambezia-dopo-ciclone-idai-ora-si-affrontano-conseguenze-della-pandemia\/"},"wordCount":1257,"commentCount":0,"image":{"@id":"https:\/\/www.manitese.it\/en\/zambezia-dopo-ciclone-idai-ora-si-affrontano-conseguenze-della-pandemia\/#primaryimage"},"thumbnailUrl":"https:\/\/www.manitese.it\/wp-content\/uploads\/2020\/12\/zambezia-dopo-ciclone-idai-conseguenze-pandemia_mani-tese-2020-cover-1.jpg","articleSection":["Diari"],"inLanguage":"en-US","potentialAction":[{"@type":"CommentAction","name":"Comment","target":["https:\/\/www.manitese.it\/en\/zambezia-dopo-ciclone-idai-ora-si-affrontano-conseguenze-della-pandemia\/#respond"]}]},{"@type":"WebPage","@id":"https:\/\/www.manitese.it\/en\/zambezia-dopo-ciclone-idai-ora-si-affrontano-conseguenze-della-pandemia\/","url":"https:\/\/www.manitese.it\/en\/zambezia-dopo-ciclone-idai-ora-si-affrontano-conseguenze-della-pandemia\/","name":"ZAMBEZIA: DOPO IL CICLONE IDAI, ORA SI AFFRONTANO LE CONSEGUENZE DELLA PANDEMIA - Mani Tese","isPartOf":{"@id":"https:\/\/www.manitese.it\/en\/#website"},"primaryImageOfPage":{"@id":"https:\/\/www.manitese.it\/en\/zambezia-dopo-ciclone-idai-ora-si-affrontano-conseguenze-della-pandemia\/#primaryimage"},"image":{"@id":"https:\/\/www.manitese.it\/en\/zambezia-dopo-ciclone-idai-ora-si-affrontano-conseguenze-della-pandemia\/#primaryimage"},"thumbnailUrl":"https:\/\/www.manitese.it\/wp-content\/uploads\/2020\/12\/zambezia-dopo-ciclone-idai-conseguenze-pandemia_mani-tese-2020-cover-1.jpg","datePublished":"2020-12-18T10:28:31+00:00","dateModified":"2023-12-20T15:10:46+00:00","author":{"@id":"https:\/\/www.manitese.it\/en\/#\/schema\/person\/5a9774f17e4940e2510bfeba90f04f65"},"description":"Intervista a Maria Vittoria Moretti, Responsabile del progetto di intervento che ha gestito l\u2019emergenza in Mozambico dopo il Ciclone insieme al World Food Programme.","breadcrumb":{"@id":"https:\/\/www.manitese.it\/en\/zambezia-dopo-ciclone-idai-ora-si-affrontano-conseguenze-della-pandemia\/#breadcrumb"},"inLanguage":"en-US","potentialAction":[{"@type":"ReadAction","target":["https:\/\/www.manitese.it\/en\/zambezia-dopo-ciclone-idai-ora-si-affrontano-conseguenze-della-pandemia\/"]}]},{"@type":"ImageObject","inLanguage":"en-US","@id":"https:\/\/www.manitese.it\/en\/zambezia-dopo-ciclone-idai-ora-si-affrontano-conseguenze-della-pandemia\/#primaryimage","url":"https:\/\/www.manitese.it\/wp-content\/uploads\/2020\/12\/zambezia-dopo-ciclone-idai-conseguenze-pandemia_mani-tese-2020-cover-1.jpg","contentUrl":"https:\/\/www.manitese.it\/wp-content\/uploads\/2020\/12\/zambezia-dopo-ciclone-idai-conseguenze-pandemia_mani-tese-2020-cover-1.jpg","width":1920,"height":800,"caption":"zambezia dopo ciclone idai conseguenze pandemia_mani tese 2020 cover"},{"@type":"BreadcrumbList","@id":"https:\/\/www.manitese.it\/en\/zambezia-dopo-ciclone-idai-ora-si-affrontano-conseguenze-della-pandemia\/#breadcrumb","itemListElement":[{"@type":"ListItem","position":1,"name":"Home","item":"https:\/\/www.manitese.it\/en\/"},{"@type":"ListItem","position":2,"name":"ZAMBEZIA: DOPO IL CICLONE IDAI, ORA SI AFFRONTANO LE CONSEGUENZE DELLA PANDEMIA"}]},{"@type":"WebSite","@id":"https:\/\/www.manitese.it\/en\/#website","url":"https:\/\/www.manitese.it\/en\/","name":"Mani Tese","description":"","potentialAction":[{"@type":"SearchAction","target":{"@type":"EntryPoint","urlTemplate":"https:\/\/www.manitese.it\/en\/?s={search_term_string}"},"query-input":{"@type":"PropertyValueSpecification","valueRequired":true,"valueName":"search_term_string"}}],"inLanguage":"en-US"},{"@type":"Person","@id":"https:\/\/www.manitese.it\/en\/#\/schema\/person\/5a9774f17e4940e2510bfeba90f04f65","name":"agevis","image":{"@type":"ImageObject","inLanguage":"en-US","@id":"https:\/\/secure.gravatar.com\/avatar\/2dc96c93fcf3387a5922a93b50fb3bff01d4800590fb6a4ab91a034adb25ba17?s=96&d=mm&r=g","url":"https:\/\/secure.gravatar.com\/avatar\/2dc96c93fcf3387a5922a93b50fb3bff01d4800590fb6a4ab91a034adb25ba17?s=96&d=mm&r=g","contentUrl":"https:\/\/secure.gravatar.com\/avatar\/2dc96c93fcf3387a5922a93b50fb3bff01d4800590fb6a4ab91a034adb25ba17?s=96&d=mm&r=g","caption":"agevis"},"url":"https:\/\/www.manitese.it\/en\/author\/wp_agevis_admin\/"}]}},"jetpack_featured_media_url":"https:\/\/www.manitese.it\/wp-content\/uploads\/2020\/12\/zambezia-dopo-ciclone-idai-conseguenze-pandemia_mani-tese-2020-cover-1.jpg","jetpack_sharing_enabled":true,"_links":{"self":[{"href":"https:\/\/www.manitese.it\/en\/wp-json\/wp\/v2\/posts\/69833","targetHints":{"allow":["GET"]}}],"collection":[{"href":"https:\/\/www.manitese.it\/en\/wp-json\/wp\/v2\/posts"}],"about":[{"href":"https:\/\/www.manitese.it\/en\/wp-json\/wp\/v2\/types\/post"}],"author":[{"embeddable":true,"href":"https:\/\/www.manitese.it\/en\/wp-json\/wp\/v2\/users\/1"}],"replies":[{"embeddable":true,"href":"https:\/\/www.manitese.it\/en\/wp-json\/wp\/v2\/comments?post=69833"}],"version-history":[{"count":2,"href":"https:\/\/www.manitese.it\/en\/wp-json\/wp\/v2\/posts\/69833\/revisions"}],"predecessor-version":[{"id":191940,"href":"https:\/\/www.manitese.it\/en\/wp-json\/wp\/v2\/posts\/69833\/revisions\/191940"}],"wp:featuredmedia":[{"embeddable":true,"href":"https:\/\/www.manitese.it\/en\/wp-json\/wp\/v2\/media\/69851"}],"wp:attachment":[{"href":"https:\/\/www.manitese.it\/en\/wp-json\/wp\/v2\/media?parent=69833"}],"wp:term":[{"taxonomy":"category","embeddable":true,"href":"https:\/\/www.manitese.it\/en\/wp-json\/wp\/v2\/categories?post=69833"},{"taxonomy":"post_tag","embeddable":true,"href":"https:\/\/www.manitese.it\/en\/wp-json\/wp\/v2\/tags?post=69833"},{"taxonomy":"thematic_area","embeddable":true,"href":"https:\/\/www.manitese.it\/en\/wp-json\/wp\/v2\/thematic_area?post=69833"}],"curies":[{"name":"wp","href":"https:\/\/api.w.org\/{rel}","templated":true}]}}