{"id":69715,"date":"2020-12-16T10:33:19","date_gmt":"2020-12-16T09:33:19","guid":{"rendered":"https:\/\/manitese.it\/?p=69715"},"modified":"2023-11-30T17:46:49","modified_gmt":"2023-11-30T16:46:49","slug":"un-premio-per-integrazione-dei-rifugiati-in-guinea-bissau","status":"publish","type":"post","link":"https:\/\/www.manitese.it\/en\/un-premio-per-integrazione-dei-rifugiati-in-guinea-bissau\/","title":{"rendered":"UN PREMIO A MANI TESE PER L\u2019INTEGRAZIONE DEI RIFUGIATI IN GUINEA-BISSAU"},"content":{"rendered":"\r\n<p>L\u20198 dicembre l\u2019<a href=\"https:\/\/www.unhcr.org\/it\/\" target=\"_blank\" rel=\"noreferrer noopener\" aria-label=\" (apre in una nuova scheda)\"><strong>UNHCR<\/strong><\/a> ha celebrato per la prima volta in Guinea-Bissau la commemorazione della <strong>\u201cDichiarazione ufficiale di integrazione locale effettiva dei rifugiati di lunga durata\u201d<\/strong>, firmata dal governo del Paese il 5 dicembre 2017.<\/p>\r\n\r\n\r\n\r\n<p>Questa dichiarazione ha permesso ai rifugiati presenti in Guinea-Bissau di iniziare un <strong>processo di naturalizzazione<\/strong> che si \u00e8 concretizzato in questi anni con la <strong>consegna di documenti di identit\u00e0 guineensi <\/strong>e la <strong>partecipazione a<\/strong> <strong>progetti di integrazione locale<\/strong>.<\/p>\r\n\r\n\r\n\r\n<p>Si tratta di un evento molto importante per i rifugiati e per la <strong>Guinea-Bissau<\/strong>, in quanto unico paese nel continente africano a compiere un passo cos\u00ec importante nell\u2019ambito dei diritti umani e, in particolare, del diritto alla cittadinanza, che rappresenta il risultato dello sforzo e del lavoro di diverse istituzioni.<\/p>\r\n\r\n\r\n\r\n<p><strong>Anche l\u2019equipe di Mani Tese<\/strong>, che dal 2017 lavora nella regione di Cacheu a fianco di pi\u00f9 di 35 comunit\u00e0, <strong>ha ricevuto un riconoscimento per lo sforzo profuso in questi anni per il miglioramento delle condizioni di vita dei rifugiati naturalizzati<\/strong>.<\/p>\r\n\r\n\r\n\r\n<p>Tutto lo staff \u00e8 quindi salito sul palco. Da quattro anni molti di loro sono impegnati \u00a0giorno dopo giorno, per permettere il raggiungimento di questo storico traguardo per i rifugiati naturalizzati e per la Guinea-Bissau e contribuiscono alla realizzazione di questo progetto d\u2019integrazione.<\/p>\r\n\r\n\r\n\r\n<p>\u00a0<em>\u201cTutto il successo \u00e8 frutto di un lavoro di equipe\u201d si legge sulla motivazione del premio a Mani Tese \u201cLa meta pi\u00f9 distante \u00e8 raggiunta da chi ha una saggia speranza. Per trovare la strada, non importa tanto dove si \u00e8 stati, ma dove si vuole arrivare. Grazie per la dedizione e il contributo per il processo di naturalizzazione\u201d<\/em>.<\/p>\r\n\r\n\r\n\r\n<p><em>\u201cPer Mani Tese<\/em> \u2013 dichiara Sara Gianesini, capo progetto <em>\u2013 ricevere questo premio \u00e8 davvero motivo di grande soddisfazione, perch\u00e9 rappresenta il riconoscimento del grande impegno della nostra ONG e dei risultati che ha prodotto\u201d.<\/em><\/p>\r\n\r\n\r\n\r\n<p>Per saperne di pi\u00f9 sull\u2019attivit\u00e0 di Mani Tese con i rifugiati in Guinea-Bissau, sul nostro sito trovate la pagina dedicata al progetto <a href=\"https:\/\/manitese.it\/progetto\/integrazione-richiedenti-asilo-rifiugiati-senegalesi\" target=\"_blank\" rel=\"noreferrer noopener\" aria-label=\" (apre in una nuova scheda)\"><strong>\u201cIntegrazione dei richiedenti asilo e dei rifugiati senegalesi\u201d<\/strong><\/a> promosso da Mani Tese e cofinanziato dall\u2019<a href=\"https:\/\/www.unhcr.org\/it\/\" target=\"_blank\" rel=\"noreferrer noopener\" aria-label=\" (apre in una nuova scheda)\"><strong>UNHCR<\/strong><\/a>.<\/p>\r\n\r\n\r\n\r\n<p>Qui alcune immagini dell&#8217;evento e della premiazione:<\/p>\r\n\r\n\r\n\r\n<div class=\"wp-block-image\">\r\n<figure class=\"aligncenter size-large\"><a href=\"https:\/\/manitese.it\/wp-content\/uploads\/2020\/12\/Ministro-degli-Interni-Rep-UNCHR-Rep-Refugiados.jpg\"><img decoding=\"async\" class=\"wp-image-69725\" src=\"https:\/\/manitese.it\/wp-content\/uploads\/2020\/12\/Ministro-degli-Interni-Rep-UNCHR-Rep-Refugiados.jpg\" alt=\"\" \/><\/a>\r\n<figcaption>Sul palco il Ministro degli Interni Botche Cand\u00e9, la rappresentante UNHCR in Guinea-Bissau S.ra Eunice Queta Esteves e il rappresentante dei rifugiati senegalesi in Guinea-Bissau.<\/figcaption>\r\n<\/figure>\r\n<\/div>\r\n\r\n\r\n\r\n<div class=\"wp-block-image\">\r\n<figure class=\"aligncenter size-large\"><a href=\"https:\/\/manitese.it\/wp-content\/uploads\/2020\/12\/Gruppo-Culturale-Pilar140-formato-da-ragazzi-rifugiati-e-nazionali.jpg\"><img decoding=\"async\" class=\"wp-image-69729\" src=\"https:\/\/manitese.it\/wp-content\/uploads\/2020\/12\/Gruppo-Culturale-Pilar140-formato-da-ragazzi-rifugiati-e-nazionali.jpg\" alt=\"\" \/><\/a>\r\n<figcaption>Gruppo Culturale Pilar140 formato da ragazzi\/e rifugiati e nazionali<\/figcaption>\r\n<\/figure>\r\n<\/div>\r\n\r\n\r\n\r\n<div class=\"wp-block-image\">\r\n<figure class=\"aligncenter size-large\"><a href=\"https:\/\/manitese.it\/wp-content\/uploads\/2020\/12\/premio-mani-tese-unhcr-guinea-bissau-2020_1.png\"><img decoding=\"async\" class=\"wp-image-69731\" src=\"https:\/\/manitese.it\/wp-content\/uploads\/2020\/12\/premio-mani-tese-unhcr-guinea-bissau-2020_1.png\" alt=\"\" \/><\/a>\r\n<figcaption>Lo staff di Mani Tese sul palco riceve il premio<\/figcaption>\r\n<\/figure>\r\n<\/div>\r\n\r\n\r\n\r\n<div class=\"wp-block-image\">\r\n<figure class=\"aligncenter size-large\"><a href=\"https:\/\/manitese.it\/wp-content\/uploads\/2020\/12\/premio-simbolico-di-riconoscimento.jpg\"><img decoding=\"async\" class=\"wp-image-69733\" src=\"https:\/\/manitese.it\/wp-content\/uploads\/2020\/12\/premio-simbolico-di-riconoscimento.jpg\" alt=\"\" \/><\/a>\r\n<figcaption>Il premio a Mani Tese<\/figcaption>\r\n<\/figure>\r\n<\/div>\r\n","protected":false},"excerpt":{"rendered":"<p>L\u2019UNHCR ha consegnato allo staff di Mani Tese un premio per l\u2019impegno a favore del miglioramento delle condizioni di vita dei rifugiati in Guinea-Bissau.<\/p>\n","protected":false},"author":1,"featured_media":69721,"comment_status":"open","ping_status":"open","sticky":false,"template":"","format":"standard","meta":{"_acf_changed":false,"give_campaign_id":0,"inline_featured_image":false,"_jetpack_memberships_contains_paid_content":false,"footnotes":""},"categories":[3],"tags":[],"thematic_area":[909,908,905],"class_list":["post-69715","post","type-post","status-publish","format-standard","has-post-thumbnail","hentry","category-diari","thematic_area-inclusione-sociale","thematic_area-parita-di-genere","thematic_area-accesso-universale-al-cibo-e-allacqua"],"acf":[],"yoast_head":"<!-- This site is optimized with the Yoast SEO plugin v27.5 - https:\/\/yoast.com\/product\/yoast-seo-wordpress\/ -->\n<title>UN PREMIO A MANI TESE PER L\u2019INTEGRAZIONE DEI RIFUGIATI IN GUINEA-BISSAU - Mani Tese<\/title>\n<meta name=\"description\" content=\"L\u2019UNHCR ha consegnato allo staff di Mani Tese un premio per l\u2019impegno a favore del miglioramento delle condizioni di vita dei rifugiati in Guinea-Bissau.\" \/>\n<meta name=\"robots\" content=\"index, follow, max-snippet:-1, max-image-preview:large, max-video-preview:-1\" \/>\n<link rel=\"canonical\" href=\"https:\/\/www.manitese.it\/en\/un-premio-per-integrazione-dei-rifugiati-in-guinea-bissau\/\" \/>\n<meta property=\"og:locale\" content=\"en_US\" \/>\n<meta property=\"og:type\" content=\"article\" \/>\n<meta property=\"og:title\" content=\"UN PREMIO A MANI TESE PER L\u2019INTEGRAZIONE DEI RIFUGIATI IN GUINEA-BISSAU - Mani Tese\" \/>\n<meta property=\"og:description\" content=\"L\u2019UNHCR ha consegnato allo staff di Mani Tese un premio per l\u2019impegno a favore del miglioramento delle condizioni di vita dei rifugiati in Guinea-Bissau.\" \/>\n<meta property=\"og:url\" content=\"https:\/\/www.manitese.it\/en\/un-premio-per-integrazione-dei-rifugiati-in-guinea-bissau\/\" \/>\n<meta property=\"og:site_name\" content=\"Mani Tese\" \/>\n<meta property=\"article:published_time\" content=\"2020-12-16T09:33:19+00:00\" \/>\n<meta property=\"article:modified_time\" content=\"2023-11-30T16:46:49+00:00\" \/>\n<meta property=\"og:image\" content=\"https:\/\/www.manitese.it\/wp-content\/uploads\/2020\/12\/premio-mani-tese-unhcr-guinea-bissau-2020-1.png\" \/>\n\t<meta property=\"og:image:width\" content=\"1920\" \/>\n\t<meta property=\"og:image:height\" content=\"800\" \/>\n\t<meta property=\"og:image:type\" content=\"image\/png\" \/>\n<meta name=\"author\" content=\"agevis\" \/>\n<meta name=\"twitter:card\" content=\"summary_large_image\" \/>\n<meta name=\"twitter:label1\" content=\"Written by\" \/>\n\t<meta name=\"twitter:data1\" content=\"agevis\" \/>\n\t<meta name=\"twitter:label2\" content=\"Est. reading time\" \/>\n\t<meta name=\"twitter:data2\" content=\"3 minutes\" \/>\n<script type=\"application\/ld+json\" class=\"yoast-schema-graph\">{\"@context\":\"https:\\\/\\\/schema.org\",\"@graph\":[{\"@type\":\"Article\",\"@id\":\"https:\\\/\\\/www.manitese.it\\\/en\\\/un-premio-per-integrazione-dei-rifugiati-in-guinea-bissau\\\/#article\",\"isPartOf\":{\"@id\":\"https:\\\/\\\/www.manitese.it\\\/en\\\/un-premio-per-integrazione-dei-rifugiati-in-guinea-bissau\\\/\"},\"author\":{\"name\":\"agevis\",\"@id\":\"https:\\\/\\\/www.manitese.it\\\/en\\\/#\\\/schema\\\/person\\\/5a9774f17e4940e2510bfeba90f04f65\"},\"headline\":\"UN PREMIO A MANI TESE PER L\u2019INTEGRAZIONE DEI RIFUGIATI IN GUINEA-BISSAU\",\"datePublished\":\"2020-12-16T09:33:19+00:00\",\"dateModified\":\"2023-11-30T16:46:49+00:00\",\"mainEntityOfPage\":{\"@id\":\"https:\\\/\\\/www.manitese.it\\\/en\\\/un-premio-per-integrazione-dei-rifugiati-in-guinea-bissau\\\/\"},\"wordCount\":402,\"commentCount\":0,\"image\":{\"@id\":\"https:\\\/\\\/www.manitese.it\\\/en\\\/un-premio-per-integrazione-dei-rifugiati-in-guinea-bissau\\\/#primaryimage\"},\"thumbnailUrl\":\"https:\\\/\\\/www.manitese.it\\\/wp-content\\\/uploads\\\/2020\\\/12\\\/premio-mani-tese-unhcr-guinea-bissau-2020-1.png\",\"articleSection\":[\"Diari\"],\"inLanguage\":\"en-US\",\"potentialAction\":[{\"@type\":\"CommentAction\",\"name\":\"Comment\",\"target\":[\"https:\\\/\\\/www.manitese.it\\\/en\\\/un-premio-per-integrazione-dei-rifugiati-in-guinea-bissau\\\/#respond\"]}]},{\"@type\":\"WebPage\",\"@id\":\"https:\\\/\\\/www.manitese.it\\\/en\\\/un-premio-per-integrazione-dei-rifugiati-in-guinea-bissau\\\/\",\"url\":\"https:\\\/\\\/www.manitese.it\\\/en\\\/un-premio-per-integrazione-dei-rifugiati-in-guinea-bissau\\\/\",\"name\":\"UN PREMIO A MANI TESE PER L\u2019INTEGRAZIONE DEI RIFUGIATI IN GUINEA-BISSAU - Mani Tese\",\"isPartOf\":{\"@id\":\"https:\\\/\\\/www.manitese.it\\\/en\\\/#website\"},\"primaryImageOfPage\":{\"@id\":\"https:\\\/\\\/www.manitese.it\\\/en\\\/un-premio-per-integrazione-dei-rifugiati-in-guinea-bissau\\\/#primaryimage\"},\"image\":{\"@id\":\"https:\\\/\\\/www.manitese.it\\\/en\\\/un-premio-per-integrazione-dei-rifugiati-in-guinea-bissau\\\/#primaryimage\"},\"thumbnailUrl\":\"https:\\\/\\\/www.manitese.it\\\/wp-content\\\/uploads\\\/2020\\\/12\\\/premio-mani-tese-unhcr-guinea-bissau-2020-1.png\",\"datePublished\":\"2020-12-16T09:33:19+00:00\",\"dateModified\":\"2023-11-30T16:46:49+00:00\",\"author\":{\"@id\":\"https:\\\/\\\/www.manitese.it\\\/en\\\/#\\\/schema\\\/person\\\/5a9774f17e4940e2510bfeba90f04f65\"},\"description\":\"L\u2019UNHCR ha consegnato allo staff di Mani Tese un premio per l\u2019impegno a favore del miglioramento delle condizioni di vita dei rifugiati in Guinea-Bissau.\",\"breadcrumb\":{\"@id\":\"https:\\\/\\\/www.manitese.it\\\/en\\\/un-premio-per-integrazione-dei-rifugiati-in-guinea-bissau\\\/#breadcrumb\"},\"inLanguage\":\"en-US\",\"potentialAction\":[{\"@type\":\"ReadAction\",\"target\":[\"https:\\\/\\\/www.manitese.it\\\/en\\\/un-premio-per-integrazione-dei-rifugiati-in-guinea-bissau\\\/\"]}]},{\"@type\":\"ImageObject\",\"inLanguage\":\"en-US\",\"@id\":\"https:\\\/\\\/www.manitese.it\\\/en\\\/un-premio-per-integrazione-dei-rifugiati-in-guinea-bissau\\\/#primaryimage\",\"url\":\"https:\\\/\\\/www.manitese.it\\\/wp-content\\\/uploads\\\/2020\\\/12\\\/premio-mani-tese-unhcr-guinea-bissau-2020-1.png\",\"contentUrl\":\"https:\\\/\\\/www.manitese.it\\\/wp-content\\\/uploads\\\/2020\\\/12\\\/premio-mani-tese-unhcr-guinea-bissau-2020-1.png\",\"width\":1920,\"height\":800,\"caption\":\"premio mani tese unhcr guinea bissau 2020\"},{\"@type\":\"BreadcrumbList\",\"@id\":\"https:\\\/\\\/www.manitese.it\\\/en\\\/un-premio-per-integrazione-dei-rifugiati-in-guinea-bissau\\\/#breadcrumb\",\"itemListElement\":[{\"@type\":\"ListItem\",\"position\":1,\"name\":\"Home\",\"item\":\"https:\\\/\\\/www.manitese.it\\\/en\\\/\"},{\"@type\":\"ListItem\",\"position\":2,\"name\":\"UN PREMIO A MANI TESE PER L\u2019INTEGRAZIONE DEI RIFUGIATI IN GUINEA-BISSAU\"}]},{\"@type\":\"WebSite\",\"@id\":\"https:\\\/\\\/www.manitese.it\\\/en\\\/#website\",\"url\":\"https:\\\/\\\/www.manitese.it\\\/en\\\/\",\"name\":\"Mani Tese\",\"description\":\"\",\"potentialAction\":[{\"@type\":\"SearchAction\",\"target\":{\"@type\":\"EntryPoint\",\"urlTemplate\":\"https:\\\/\\\/www.manitese.it\\\/en\\\/?s={search_term_string}\"},\"query-input\":{\"@type\":\"PropertyValueSpecification\",\"valueRequired\":true,\"valueName\":\"search_term_string\"}}],\"inLanguage\":\"en-US\"},{\"@type\":\"Person\",\"@id\":\"https:\\\/\\\/www.manitese.it\\\/en\\\/#\\\/schema\\\/person\\\/5a9774f17e4940e2510bfeba90f04f65\",\"name\":\"agevis\",\"image\":{\"@type\":\"ImageObject\",\"inLanguage\":\"en-US\",\"@id\":\"https:\\\/\\\/secure.gravatar.com\\\/avatar\\\/2dc96c93fcf3387a5922a93b50fb3bff01d4800590fb6a4ab91a034adb25ba17?s=96&d=mm&r=g\",\"url\":\"https:\\\/\\\/secure.gravatar.com\\\/avatar\\\/2dc96c93fcf3387a5922a93b50fb3bff01d4800590fb6a4ab91a034adb25ba17?s=96&d=mm&r=g\",\"contentUrl\":\"https:\\\/\\\/secure.gravatar.com\\\/avatar\\\/2dc96c93fcf3387a5922a93b50fb3bff01d4800590fb6a4ab91a034adb25ba17?s=96&d=mm&r=g\",\"caption\":\"agevis\"},\"url\":\"https:\\\/\\\/www.manitese.it\\\/en\\\/author\\\/wp_agevis_admin\\\/\"}]}<\/script>\n<!-- \/ Yoast SEO plugin. -->","yoast_head_json":{"title":"UN PREMIO A MANI TESE PER L\u2019INTEGRAZIONE DEI RIFUGIATI IN GUINEA-BISSAU - Mani Tese","description":"L\u2019UNHCR ha consegnato allo staff di Mani Tese un premio per l\u2019impegno a favore del miglioramento delle condizioni di vita dei rifugiati in Guinea-Bissau.","robots":{"index":"index","follow":"follow","max-snippet":"max-snippet:-1","max-image-preview":"max-image-preview:large","max-video-preview":"max-video-preview:-1"},"canonical":"https:\/\/www.manitese.it\/en\/un-premio-per-integrazione-dei-rifugiati-in-guinea-bissau\/","og_locale":"en_US","og_type":"article","og_title":"UN PREMIO A MANI TESE PER L\u2019INTEGRAZIONE DEI RIFUGIATI IN GUINEA-BISSAU - Mani Tese","og_description":"L\u2019UNHCR ha consegnato allo staff di Mani Tese un premio per l\u2019impegno a favore del miglioramento delle condizioni di vita dei rifugiati in Guinea-Bissau.","og_url":"https:\/\/www.manitese.it\/en\/un-premio-per-integrazione-dei-rifugiati-in-guinea-bissau\/","og_site_name":"Mani Tese","article_published_time":"2020-12-16T09:33:19+00:00","article_modified_time":"2023-11-30T16:46:49+00:00","og_image":[{"width":1920,"height":800,"url":"https:\/\/www.manitese.it\/wp-content\/uploads\/2020\/12\/premio-mani-tese-unhcr-guinea-bissau-2020-1.png","type":"image\/png"}],"author":"agevis","twitter_card":"summary_large_image","twitter_misc":{"Written by":"agevis","Est. reading time":"3 minutes"},"schema":{"@context":"https:\/\/schema.org","@graph":[{"@type":"Article","@id":"https:\/\/www.manitese.it\/en\/un-premio-per-integrazione-dei-rifugiati-in-guinea-bissau\/#article","isPartOf":{"@id":"https:\/\/www.manitese.it\/en\/un-premio-per-integrazione-dei-rifugiati-in-guinea-bissau\/"},"author":{"name":"agevis","@id":"https:\/\/www.manitese.it\/en\/#\/schema\/person\/5a9774f17e4940e2510bfeba90f04f65"},"headline":"UN PREMIO A MANI TESE PER L\u2019INTEGRAZIONE DEI RIFUGIATI IN GUINEA-BISSAU","datePublished":"2020-12-16T09:33:19+00:00","dateModified":"2023-11-30T16:46:49+00:00","mainEntityOfPage":{"@id":"https:\/\/www.manitese.it\/en\/un-premio-per-integrazione-dei-rifugiati-in-guinea-bissau\/"},"wordCount":402,"commentCount":0,"image":{"@id":"https:\/\/www.manitese.it\/en\/un-premio-per-integrazione-dei-rifugiati-in-guinea-bissau\/#primaryimage"},"thumbnailUrl":"https:\/\/www.manitese.it\/wp-content\/uploads\/2020\/12\/premio-mani-tese-unhcr-guinea-bissau-2020-1.png","articleSection":["Diari"],"inLanguage":"en-US","potentialAction":[{"@type":"CommentAction","name":"Comment","target":["https:\/\/www.manitese.it\/en\/un-premio-per-integrazione-dei-rifugiati-in-guinea-bissau\/#respond"]}]},{"@type":"WebPage","@id":"https:\/\/www.manitese.it\/en\/un-premio-per-integrazione-dei-rifugiati-in-guinea-bissau\/","url":"https:\/\/www.manitese.it\/en\/un-premio-per-integrazione-dei-rifugiati-in-guinea-bissau\/","name":"UN PREMIO A MANI TESE PER L\u2019INTEGRAZIONE DEI RIFUGIATI IN GUINEA-BISSAU - Mani Tese","isPartOf":{"@id":"https:\/\/www.manitese.it\/en\/#website"},"primaryImageOfPage":{"@id":"https:\/\/www.manitese.it\/en\/un-premio-per-integrazione-dei-rifugiati-in-guinea-bissau\/#primaryimage"},"image":{"@id":"https:\/\/www.manitese.it\/en\/un-premio-per-integrazione-dei-rifugiati-in-guinea-bissau\/#primaryimage"},"thumbnailUrl":"https:\/\/www.manitese.it\/wp-content\/uploads\/2020\/12\/premio-mani-tese-unhcr-guinea-bissau-2020-1.png","datePublished":"2020-12-16T09:33:19+00:00","dateModified":"2023-11-30T16:46:49+00:00","author":{"@id":"https:\/\/www.manitese.it\/en\/#\/schema\/person\/5a9774f17e4940e2510bfeba90f04f65"},"description":"L\u2019UNHCR ha consegnato allo staff di Mani Tese un premio per l\u2019impegno a favore del miglioramento delle condizioni di vita dei rifugiati in Guinea-Bissau.","breadcrumb":{"@id":"https:\/\/www.manitese.it\/en\/un-premio-per-integrazione-dei-rifugiati-in-guinea-bissau\/#breadcrumb"},"inLanguage":"en-US","potentialAction":[{"@type":"ReadAction","target":["https:\/\/www.manitese.it\/en\/un-premio-per-integrazione-dei-rifugiati-in-guinea-bissau\/"]}]},{"@type":"ImageObject","inLanguage":"en-US","@id":"https:\/\/www.manitese.it\/en\/un-premio-per-integrazione-dei-rifugiati-in-guinea-bissau\/#primaryimage","url":"https:\/\/www.manitese.it\/wp-content\/uploads\/2020\/12\/premio-mani-tese-unhcr-guinea-bissau-2020-1.png","contentUrl":"https:\/\/www.manitese.it\/wp-content\/uploads\/2020\/12\/premio-mani-tese-unhcr-guinea-bissau-2020-1.png","width":1920,"height":800,"caption":"premio mani tese unhcr guinea bissau 2020"},{"@type":"BreadcrumbList","@id":"https:\/\/www.manitese.it\/en\/un-premio-per-integrazione-dei-rifugiati-in-guinea-bissau\/#breadcrumb","itemListElement":[{"@type":"ListItem","position":1,"name":"Home","item":"https:\/\/www.manitese.it\/en\/"},{"@type":"ListItem","position":2,"name":"UN PREMIO A MANI TESE PER L\u2019INTEGRAZIONE DEI RIFUGIATI IN GUINEA-BISSAU"}]},{"@type":"WebSite","@id":"https:\/\/www.manitese.it\/en\/#website","url":"https:\/\/www.manitese.it\/en\/","name":"Mani Tese","description":"","potentialAction":[{"@type":"SearchAction","target":{"@type":"EntryPoint","urlTemplate":"https:\/\/www.manitese.it\/en\/?s={search_term_string}"},"query-input":{"@type":"PropertyValueSpecification","valueRequired":true,"valueName":"search_term_string"}}],"inLanguage":"en-US"},{"@type":"Person","@id":"https:\/\/www.manitese.it\/en\/#\/schema\/person\/5a9774f17e4940e2510bfeba90f04f65","name":"agevis","image":{"@type":"ImageObject","inLanguage":"en-US","@id":"https:\/\/secure.gravatar.com\/avatar\/2dc96c93fcf3387a5922a93b50fb3bff01d4800590fb6a4ab91a034adb25ba17?s=96&d=mm&r=g","url":"https:\/\/secure.gravatar.com\/avatar\/2dc96c93fcf3387a5922a93b50fb3bff01d4800590fb6a4ab91a034adb25ba17?s=96&d=mm&r=g","contentUrl":"https:\/\/secure.gravatar.com\/avatar\/2dc96c93fcf3387a5922a93b50fb3bff01d4800590fb6a4ab91a034adb25ba17?s=96&d=mm&r=g","caption":"agevis"},"url":"https:\/\/www.manitese.it\/en\/author\/wp_agevis_admin\/"}]}},"jetpack_featured_media_url":"https:\/\/www.manitese.it\/wp-content\/uploads\/2020\/12\/premio-mani-tese-unhcr-guinea-bissau-2020-1.png","jetpack_sharing_enabled":true,"_links":{"self":[{"href":"https:\/\/www.manitese.it\/en\/wp-json\/wp\/v2\/posts\/69715","targetHints":{"allow":["GET"]}}],"collection":[{"href":"https:\/\/www.manitese.it\/en\/wp-json\/wp\/v2\/posts"}],"about":[{"href":"https:\/\/www.manitese.it\/en\/wp-json\/wp\/v2\/types\/post"}],"author":[{"embeddable":true,"href":"https:\/\/www.manitese.it\/en\/wp-json\/wp\/v2\/users\/1"}],"replies":[{"embeddable":true,"href":"https:\/\/www.manitese.it\/en\/wp-json\/wp\/v2\/comments?post=69715"}],"version-history":[{"count":2,"href":"https:\/\/www.manitese.it\/en\/wp-json\/wp\/v2\/posts\/69715\/revisions"}],"predecessor-version":[{"id":191737,"href":"https:\/\/www.manitese.it\/en\/wp-json\/wp\/v2\/posts\/69715\/revisions\/191737"}],"wp:featuredmedia":[{"embeddable":true,"href":"https:\/\/www.manitese.it\/en\/wp-json\/wp\/v2\/media\/69721"}],"wp:attachment":[{"href":"https:\/\/www.manitese.it\/en\/wp-json\/wp\/v2\/media?parent=69715"}],"wp:term":[{"taxonomy":"category","embeddable":true,"href":"https:\/\/www.manitese.it\/en\/wp-json\/wp\/v2\/categories?post=69715"},{"taxonomy":"post_tag","embeddable":true,"href":"https:\/\/www.manitese.it\/en\/wp-json\/wp\/v2\/tags?post=69715"},{"taxonomy":"thematic_area","embeddable":true,"href":"https:\/\/www.manitese.it\/en\/wp-json\/wp\/v2\/thematic_area?post=69715"}],"curies":[{"name":"wp","href":"https:\/\/api.w.org\/{rel}","templated":true}]}}