{"id":69645,"date":"2020-12-15T10:39:33","date_gmt":"2020-12-15T09:39:33","guid":{"rendered":"https:\/\/manitese.it\/?p=69645"},"modified":"2023-12-18T16:49:25","modified_gmt":"2023-12-18T15:49:25","slug":"il-finto-ecommerce-per-riflettere-sulla-fast-fashion","status":"publish","type":"post","link":"https:\/\/www.manitese.it\/en\/il-finto-ecommerce-per-riflettere-sulla-fast-fashion\/","title":{"rendered":"Il finto e-commerce a prezzi stracciati di mani tese per riflettere sulla fast fashion"},"content":{"rendered":"\r\n<p>Si chiama \u201c<strong>Prezzi dell\u2019altro mondo<\/strong>\u201d ed \u00e8 la nuova campagna online lanciata da <strong>Mani Tese<\/strong> per <strong>sensibilizzare sugli impatti sociali e ambientali legati alla fast fashion<\/strong>, una riflessione utile soprattutto in questo periodo di acquisti natalizi.<\/p>\r\n\r\n\r\n\r\n<p>Attraverso delle <strong>finte promozioni social con offerte di capi d\u2019abbigliamento a prezzi stracciati<\/strong>, i potenziali consumatori vengono indirizzati su <strong>una piattaforma di e-commerce fittizia<\/strong> dove, al momento dell\u2019acquisto, potranno riflettere sulle conseguenze provocate da questo tipo di moda \u201cusa e getta\u201d.<\/p>\r\n\r\n\r\n\r\n<p>La campagna si rivolge soprattutto ai <strong>giovani tra i 18 e i 35 anni<\/strong> che effettuano abitualmente acquisti online di vestiti, spinti dal bassissimo costo e dalle strategie pubblicitarie dei grandi marchi che stimolano un impulso costante all\u2019acquisto.<\/p>\r\n\r\n\r\n\r\n<p>\u201c<em>L\u2019obiettivo della campagna<\/em> \u2013 spiega <strong>Riccardo Rossella, responsabile del progetto Cambia MODA! per Mani Tese<\/strong> \u2013 <em>\u00e8 quello di indurre una riflessione su ci\u00f2 che si nasconde dietro ai ritmi di consumo sempre pi\u00f9 frenetici che caratterizzano il modello fast fashion, facendo leva proprio sulle dinamiche tipiche degli acquisti online di capi d\u2019abbigliamento\u201d.<\/em><\/p>\r\n\r\n\r\n\r\n<p>La campagna, che <strong>nel primo mese di vita ha raggiunto oltre 715.000 persone<\/strong>, \u00e8 stata lanciata il 16 novembre e <strong>durer\u00e0 fino alla fine del 2020.<\/strong> La scelta delle date non \u00e8 casuale: il periodo del <strong>Black Friday<\/strong>, prima, e quello <strong>natalizio<\/strong> poi, sono occasioni in cui lo stimolo allo shopping sfrenato raggiunge il suo apice.<\/p>\r\n\r\n\r\n\r\n<p><u><strong>La campagna \u201cPrezzi dell\u2019altro mondo\u201d<\/strong><\/u><\/p>\r\n\r\n\r\n\r\n<p>Attraverso promozioni mirate su Facebook e Instagram, \u201c<strong>Prezzi dell\u2019altro mondo\u201d<\/strong> intercetta i giovani consumatori proponendo loro delle offerte imperdibili legate a 5 capi (una t-shirt e una felpa per il pubblico maschile; una t-shirt, una maglia a maniche lunghe e un cardigan per quello femminile), venduti a pochi euro.<\/p>\r\n\r\n\r\n\r\n<p>Gli utenti interessati vengono quindi indirizzati sul sito <a href=\"http:\/\/www.prezzidellaltromondo.it\" target=\"_blank\" rel=\"noreferrer noopener\" aria-label=\" (apre in una nuova scheda)\"><strong>www.prezzidellaltromondo.it<\/strong><\/a>, progettato per simulare in tutto e per tutto una piattaforma di e-commerce, al fine di completare l\u2019acquisto dei vestiti desiderati, che \u00e8 possibile visionare in dettaglio grazie alle foto di due finti modelli.<\/p>\r\n\r\n\r\n\r\n<p>Una volta aggiunto il capo selezionato al carrello, ecco che entra in gioco l\u2019effetto sorpresa: <strong>le immagini dei modelli si animano e i due attori si rivolgono direttamente al consumatore<\/strong>, invitandolo a porsi delle domande sulle dinamiche sottostanti la produzione dei capi che permettono di mantenere prezzi di vendita cos\u00ec bassi.<\/p>\r\n\r\n\r\n\r\n<p>\u201cAnche io compravo, compravo, compravo\u2026Tanto costa poco!\u201d dice la finta modella \u201cPoi ho scoperto i danni causati dagli acquisti cos\u00ec frequenti dei capi fast fashion&#8230;\u201d.<\/p>\r\n\r\n\r\n\r\n<p>Contemporaneamente, accanto al prezzo originario compaiono una serie di costi aggiuntivi che non hanno la pretesa di esattezza scientifica, ma che intendono dare un\u2019idea degli impatti legati alle ripercussioni sull\u2019ambiente e sul rispetto dei diritti umani che spesso si celano dietro i vestiti fast fashion.<\/p>\r\n\r\n\r\n\r\n<p><u><strong>La fast fashion<\/strong><\/u><\/p>\r\n\r\n\r\n\r\n<p>La <strong>fast fashion \u00e8 un settore dell\u2019abbigliamento basato sulla grande rapidit\u00e0 di produzione e consumo attraverso l\u2019offerta continua di nuovi vestiti a prezzi stracciati, ma generalmente di scarsa qualit\u00e0.<\/strong><\/p>\r\n\r\n\r\n\r\n<p>Gli impatti globali dell\u2019industria dell\u2019abbigliamento riguardano molteplici aspetti quali <strong>emissioni di gas serra, produzione di rifiuti, consumo e inquinamento idrico, sfruttamento dei lavoratori e delle lavoratrici e violazione dei loro diritti. <\/strong><\/p>\r\n\r\n\r\n\r\n<p>Sul sito <a href=\"http:\/\/www.prezzidellaltromondo.it\" target=\"_blank\" rel=\"noreferrer noopener\" aria-label=\" (apre in una nuova scheda)\"><strong>www.prezzidellaltromondo.it<\/strong><\/a> l\u2019utente, invitato dal finto modello o dalla finta modella, pu\u00f2 approfondire ognuno di questi temi grazie a <strong>5 video<\/strong> che riportano dati e informazioni salienti.<\/p>\r\n\r\n\r\n\r\n<p>Nella stessa pagina \u00e8 anche possibile scaricare un utile \u201c<a href=\"https:\/\/www.prezzidellaltromondo.it\/2020\/wp-content\/uploads\/2020\/11\/decalogo-slow-fashion-PDAM.pdf\" target=\"_blank\" rel=\"noreferrer noopener\" aria-label=\" (apre in una nuova scheda)\"><strong>Decalogo della slow fashion<\/strong><\/a>\u201d, contenente dieci consigli alla portata di tutti per cambiare il modo di approcciarsi al proprio abbigliamento.<\/p>\r\n\r\n\r\n\r\n<p>Non solo: attraverso il sito \u00e8 possibile registrarsi per entrare a fare parte della <strong>comunit\u00e0 di attivisti <\/strong><a href=\"https:\/\/www.cambiamoda.it\/\" target=\"_blank\" rel=\"noreferrer noopener\" aria-label=\" (apre in una nuova scheda)\"><strong>#CambiaMODA!<\/strong><\/a> per impegnarsi in prima persona a favore di un\u2019industria dell\u2019abbigliamento pi\u00f9 giusta, etica e sostenibile.<\/p>\r\n\r\n\r\n\r\n<p><em>La campagna <strong>Prezzi dell\u2019altro mondo<\/strong> \u00e8 curata dall\u2019agenzia di comunicazione Nikura e rientra all\u2019interno del progetto <\/em><a href=\"https:\/\/manitese.it\/progetto\/cambia-moda\" target=\"_blank\" rel=\"noreferrer noopener\" aria-label=\" (apre in una nuova scheda)\"><em>Cambia MODA! \u2013 Dalla fast fashion a una filiera tessile trasparente e sostenibile<\/em><\/a><em>, promosso <strong>da Mani Tese<\/strong> e realizzato grazie al contributo dell\u2019<\/em><a href=\"https:\/\/www.aics.gov.it\/\" target=\"_blank\" rel=\"noreferrer noopener\" aria-label=\" (apre in una nuova scheda)\"><em>Agenzia Italiana per la Cooperazione allo Sviluppo<\/em><\/a><em>.<\/em><\/p>\r\n","protected":false},"excerpt":{"rendered":"<p>Mani Tese lancia una campagna social per sensibilizzare sulle conseguenze dell\u2019acquisto frequente di capi d\u2019abbigliamento a basso costo.<\/p>\n","protected":false},"author":1,"featured_media":69648,"comment_status":"open","ping_status":"open","sticky":false,"template":"","format":"standard","meta":{"_acf_changed":false,"give_campaign_id":0,"inline_featured_image":false,"_jetpack_memberships_contains_paid_content":false,"footnotes":""},"categories":[22],"tags":[],"thematic_area":[906],"class_list":["post-69645","post","type-post","status-publish","format-standard","has-post-thumbnail","hentry","category-area-stampa","thematic_area-lavoro-dignitoso"],"acf":[],"yoast_head":"<!-- This site is optimized with the Yoast SEO plugin v27.5 - https:\/\/yoast.com\/product\/yoast-seo-wordpress\/ -->\n<title>Il finto e-commerce a prezzi stracciati di mani tese per riflettere sulla fast fashion - Mani Tese<\/title>\n<meta name=\"description\" content=\"Mani Tese lancia una campagna social per sensibilizzare sulle conseguenze dell\u2019acquisto frequente di capi d\u2019abbigliamento a basso costo.\" \/>\n<meta name=\"robots\" content=\"index, follow, max-snippet:-1, max-image-preview:large, max-video-preview:-1\" \/>\n<link rel=\"canonical\" href=\"https:\/\/www.manitese.it\/en\/il-finto-ecommerce-per-riflettere-sulla-fast-fashion\/\" \/>\n<meta property=\"og:locale\" content=\"en_US\" \/>\n<meta property=\"og:type\" content=\"article\" \/>\n<meta property=\"og:title\" content=\"Il finto e-commerce a prezzi stracciati di mani tese per riflettere sulla fast fashion - Mani Tese\" \/>\n<meta property=\"og:description\" content=\"Mani Tese lancia una campagna social per sensibilizzare sulle conseguenze dell\u2019acquisto frequente di capi d\u2019abbigliamento a basso costo.\" \/>\n<meta property=\"og:url\" content=\"https:\/\/www.manitese.it\/en\/il-finto-ecommerce-per-riflettere-sulla-fast-fashion\/\" \/>\n<meta property=\"og:site_name\" content=\"Mani Tese\" \/>\n<meta property=\"article:published_time\" content=\"2020-12-15T09:39:33+00:00\" \/>\n<meta property=\"article:modified_time\" content=\"2023-12-18T15:49:25+00:00\" \/>\n<meta property=\"og:image\" content=\"https:\/\/www.manitese.it\/wp-content\/uploads\/2020\/12\/prezzi-dell-altro-mondo-cover-mani-tese-comunicato-2020-1.jpg\" \/>\n\t<meta property=\"og:image:width\" content=\"1920\" \/>\n\t<meta property=\"og:image:height\" content=\"800\" \/>\n\t<meta property=\"og:image:type\" content=\"image\/jpeg\" \/>\n<meta name=\"author\" content=\"agevis\" \/>\n<meta name=\"twitter:card\" content=\"summary_large_image\" \/>\n<meta name=\"twitter:label1\" content=\"Written by\" \/>\n\t<meta name=\"twitter:data1\" content=\"agevis\" \/>\n\t<meta name=\"twitter:label2\" content=\"Est. reading time\" \/>\n\t<meta name=\"twitter:data2\" content=\"3 minutes\" \/>\n<script type=\"application\/ld+json\" class=\"yoast-schema-graph\">{\"@context\":\"https:\\\/\\\/schema.org\",\"@graph\":[{\"@type\":\"Article\",\"@id\":\"https:\\\/\\\/www.manitese.it\\\/en\\\/il-finto-ecommerce-per-riflettere-sulla-fast-fashion\\\/#article\",\"isPartOf\":{\"@id\":\"https:\\\/\\\/www.manitese.it\\\/en\\\/il-finto-ecommerce-per-riflettere-sulla-fast-fashion\\\/\"},\"author\":{\"name\":\"agevis\",\"@id\":\"https:\\\/\\\/www.manitese.it\\\/en\\\/#\\\/schema\\\/person\\\/5a9774f17e4940e2510bfeba90f04f65\"},\"headline\":\"Il finto e-commerce a prezzi stracciati di mani tese per riflettere sulla fast fashion\",\"datePublished\":\"2020-12-15T09:39:33+00:00\",\"dateModified\":\"2023-12-18T15:49:25+00:00\",\"mainEntityOfPage\":{\"@id\":\"https:\\\/\\\/www.manitese.it\\\/en\\\/il-finto-ecommerce-per-riflettere-sulla-fast-fashion\\\/\"},\"wordCount\":662,\"commentCount\":0,\"image\":{\"@id\":\"https:\\\/\\\/www.manitese.it\\\/en\\\/il-finto-ecommerce-per-riflettere-sulla-fast-fashion\\\/#primaryimage\"},\"thumbnailUrl\":\"https:\\\/\\\/www.manitese.it\\\/wp-content\\\/uploads\\\/2020\\\/12\\\/prezzi-dell-altro-mondo-cover-mani-tese-comunicato-2020-1.jpg\",\"articleSection\":[\"Area stampa\"],\"inLanguage\":\"en-US\",\"potentialAction\":[{\"@type\":\"CommentAction\",\"name\":\"Comment\",\"target\":[\"https:\\\/\\\/www.manitese.it\\\/en\\\/il-finto-ecommerce-per-riflettere-sulla-fast-fashion\\\/#respond\"]}]},{\"@type\":\"WebPage\",\"@id\":\"https:\\\/\\\/www.manitese.it\\\/en\\\/il-finto-ecommerce-per-riflettere-sulla-fast-fashion\\\/\",\"url\":\"https:\\\/\\\/www.manitese.it\\\/en\\\/il-finto-ecommerce-per-riflettere-sulla-fast-fashion\\\/\",\"name\":\"Il finto e-commerce a prezzi stracciati di mani tese per riflettere sulla fast fashion - Mani Tese\",\"isPartOf\":{\"@id\":\"https:\\\/\\\/www.manitese.it\\\/en\\\/#website\"},\"primaryImageOfPage\":{\"@id\":\"https:\\\/\\\/www.manitese.it\\\/en\\\/il-finto-ecommerce-per-riflettere-sulla-fast-fashion\\\/#primaryimage\"},\"image\":{\"@id\":\"https:\\\/\\\/www.manitese.it\\\/en\\\/il-finto-ecommerce-per-riflettere-sulla-fast-fashion\\\/#primaryimage\"},\"thumbnailUrl\":\"https:\\\/\\\/www.manitese.it\\\/wp-content\\\/uploads\\\/2020\\\/12\\\/prezzi-dell-altro-mondo-cover-mani-tese-comunicato-2020-1.jpg\",\"datePublished\":\"2020-12-15T09:39:33+00:00\",\"dateModified\":\"2023-12-18T15:49:25+00:00\",\"author\":{\"@id\":\"https:\\\/\\\/www.manitese.it\\\/en\\\/#\\\/schema\\\/person\\\/5a9774f17e4940e2510bfeba90f04f65\"},\"description\":\"Mani Tese lancia una campagna social per sensibilizzare sulle conseguenze dell\u2019acquisto frequente di capi d\u2019abbigliamento a basso costo.\",\"breadcrumb\":{\"@id\":\"https:\\\/\\\/www.manitese.it\\\/en\\\/il-finto-ecommerce-per-riflettere-sulla-fast-fashion\\\/#breadcrumb\"},\"inLanguage\":\"en-US\",\"potentialAction\":[{\"@type\":\"ReadAction\",\"target\":[\"https:\\\/\\\/www.manitese.it\\\/en\\\/il-finto-ecommerce-per-riflettere-sulla-fast-fashion\\\/\"]}]},{\"@type\":\"ImageObject\",\"inLanguage\":\"en-US\",\"@id\":\"https:\\\/\\\/www.manitese.it\\\/en\\\/il-finto-ecommerce-per-riflettere-sulla-fast-fashion\\\/#primaryimage\",\"url\":\"https:\\\/\\\/www.manitese.it\\\/wp-content\\\/uploads\\\/2020\\\/12\\\/prezzi-dell-altro-mondo-cover-mani-tese-comunicato-2020-1.jpg\",\"contentUrl\":\"https:\\\/\\\/www.manitese.it\\\/wp-content\\\/uploads\\\/2020\\\/12\\\/prezzi-dell-altro-mondo-cover-mani-tese-comunicato-2020-1.jpg\",\"width\":1920,\"height\":800,\"caption\":\"prezzi dell altro mondo cover mani tese comunicato 2020\"},{\"@type\":\"BreadcrumbList\",\"@id\":\"https:\\\/\\\/www.manitese.it\\\/en\\\/il-finto-ecommerce-per-riflettere-sulla-fast-fashion\\\/#breadcrumb\",\"itemListElement\":[{\"@type\":\"ListItem\",\"position\":1,\"name\":\"Home\",\"item\":\"https:\\\/\\\/www.manitese.it\\\/en\\\/\"},{\"@type\":\"ListItem\",\"position\":2,\"name\":\"Il finto e-commerce a prezzi stracciati di mani tese per riflettere sulla fast fashion\"}]},{\"@type\":\"WebSite\",\"@id\":\"https:\\\/\\\/www.manitese.it\\\/en\\\/#website\",\"url\":\"https:\\\/\\\/www.manitese.it\\\/en\\\/\",\"name\":\"Mani Tese\",\"description\":\"\",\"potentialAction\":[{\"@type\":\"SearchAction\",\"target\":{\"@type\":\"EntryPoint\",\"urlTemplate\":\"https:\\\/\\\/www.manitese.it\\\/en\\\/?s={search_term_string}\"},\"query-input\":{\"@type\":\"PropertyValueSpecification\",\"valueRequired\":true,\"valueName\":\"search_term_string\"}}],\"inLanguage\":\"en-US\"},{\"@type\":\"Person\",\"@id\":\"https:\\\/\\\/www.manitese.it\\\/en\\\/#\\\/schema\\\/person\\\/5a9774f17e4940e2510bfeba90f04f65\",\"name\":\"agevis\",\"image\":{\"@type\":\"ImageObject\",\"inLanguage\":\"en-US\",\"@id\":\"https:\\\/\\\/secure.gravatar.com\\\/avatar\\\/2dc96c93fcf3387a5922a93b50fb3bff01d4800590fb6a4ab91a034adb25ba17?s=96&d=mm&r=g\",\"url\":\"https:\\\/\\\/secure.gravatar.com\\\/avatar\\\/2dc96c93fcf3387a5922a93b50fb3bff01d4800590fb6a4ab91a034adb25ba17?s=96&d=mm&r=g\",\"contentUrl\":\"https:\\\/\\\/secure.gravatar.com\\\/avatar\\\/2dc96c93fcf3387a5922a93b50fb3bff01d4800590fb6a4ab91a034adb25ba17?s=96&d=mm&r=g\",\"caption\":\"agevis\"},\"url\":\"https:\\\/\\\/www.manitese.it\\\/en\\\/author\\\/wp_agevis_admin\\\/\"}]}<\/script>\n<!-- \/ Yoast SEO plugin. -->","yoast_head_json":{"title":"Il finto e-commerce a prezzi stracciati di mani tese per riflettere sulla fast fashion - Mani Tese","description":"Mani Tese lancia una campagna social per sensibilizzare sulle conseguenze dell\u2019acquisto frequente di capi d\u2019abbigliamento a basso costo.","robots":{"index":"index","follow":"follow","max-snippet":"max-snippet:-1","max-image-preview":"max-image-preview:large","max-video-preview":"max-video-preview:-1"},"canonical":"https:\/\/www.manitese.it\/en\/il-finto-ecommerce-per-riflettere-sulla-fast-fashion\/","og_locale":"en_US","og_type":"article","og_title":"Il finto e-commerce a prezzi stracciati di mani tese per riflettere sulla fast fashion - Mani Tese","og_description":"Mani Tese lancia una campagna social per sensibilizzare sulle conseguenze dell\u2019acquisto frequente di capi d\u2019abbigliamento a basso costo.","og_url":"https:\/\/www.manitese.it\/en\/il-finto-ecommerce-per-riflettere-sulla-fast-fashion\/","og_site_name":"Mani Tese","article_published_time":"2020-12-15T09:39:33+00:00","article_modified_time":"2023-12-18T15:49:25+00:00","og_image":[{"width":1920,"height":800,"url":"https:\/\/www.manitese.it\/wp-content\/uploads\/2020\/12\/prezzi-dell-altro-mondo-cover-mani-tese-comunicato-2020-1.jpg","type":"image\/jpeg"}],"author":"agevis","twitter_card":"summary_large_image","twitter_misc":{"Written by":"agevis","Est. reading time":"3 minutes"},"schema":{"@context":"https:\/\/schema.org","@graph":[{"@type":"Article","@id":"https:\/\/www.manitese.it\/en\/il-finto-ecommerce-per-riflettere-sulla-fast-fashion\/#article","isPartOf":{"@id":"https:\/\/www.manitese.it\/en\/il-finto-ecommerce-per-riflettere-sulla-fast-fashion\/"},"author":{"name":"agevis","@id":"https:\/\/www.manitese.it\/en\/#\/schema\/person\/5a9774f17e4940e2510bfeba90f04f65"},"headline":"Il finto e-commerce a prezzi stracciati di mani tese per riflettere sulla fast fashion","datePublished":"2020-12-15T09:39:33+00:00","dateModified":"2023-12-18T15:49:25+00:00","mainEntityOfPage":{"@id":"https:\/\/www.manitese.it\/en\/il-finto-ecommerce-per-riflettere-sulla-fast-fashion\/"},"wordCount":662,"commentCount":0,"image":{"@id":"https:\/\/www.manitese.it\/en\/il-finto-ecommerce-per-riflettere-sulla-fast-fashion\/#primaryimage"},"thumbnailUrl":"https:\/\/www.manitese.it\/wp-content\/uploads\/2020\/12\/prezzi-dell-altro-mondo-cover-mani-tese-comunicato-2020-1.jpg","articleSection":["Area stampa"],"inLanguage":"en-US","potentialAction":[{"@type":"CommentAction","name":"Comment","target":["https:\/\/www.manitese.it\/en\/il-finto-ecommerce-per-riflettere-sulla-fast-fashion\/#respond"]}]},{"@type":"WebPage","@id":"https:\/\/www.manitese.it\/en\/il-finto-ecommerce-per-riflettere-sulla-fast-fashion\/","url":"https:\/\/www.manitese.it\/en\/il-finto-ecommerce-per-riflettere-sulla-fast-fashion\/","name":"Il finto e-commerce a prezzi stracciati di mani tese per riflettere sulla fast fashion - Mani Tese","isPartOf":{"@id":"https:\/\/www.manitese.it\/en\/#website"},"primaryImageOfPage":{"@id":"https:\/\/www.manitese.it\/en\/il-finto-ecommerce-per-riflettere-sulla-fast-fashion\/#primaryimage"},"image":{"@id":"https:\/\/www.manitese.it\/en\/il-finto-ecommerce-per-riflettere-sulla-fast-fashion\/#primaryimage"},"thumbnailUrl":"https:\/\/www.manitese.it\/wp-content\/uploads\/2020\/12\/prezzi-dell-altro-mondo-cover-mani-tese-comunicato-2020-1.jpg","datePublished":"2020-12-15T09:39:33+00:00","dateModified":"2023-12-18T15:49:25+00:00","author":{"@id":"https:\/\/www.manitese.it\/en\/#\/schema\/person\/5a9774f17e4940e2510bfeba90f04f65"},"description":"Mani Tese lancia una campagna social per sensibilizzare sulle conseguenze dell\u2019acquisto frequente di capi d\u2019abbigliamento a basso costo.","breadcrumb":{"@id":"https:\/\/www.manitese.it\/en\/il-finto-ecommerce-per-riflettere-sulla-fast-fashion\/#breadcrumb"},"inLanguage":"en-US","potentialAction":[{"@type":"ReadAction","target":["https:\/\/www.manitese.it\/en\/il-finto-ecommerce-per-riflettere-sulla-fast-fashion\/"]}]},{"@type":"ImageObject","inLanguage":"en-US","@id":"https:\/\/www.manitese.it\/en\/il-finto-ecommerce-per-riflettere-sulla-fast-fashion\/#primaryimage","url":"https:\/\/www.manitese.it\/wp-content\/uploads\/2020\/12\/prezzi-dell-altro-mondo-cover-mani-tese-comunicato-2020-1.jpg","contentUrl":"https:\/\/www.manitese.it\/wp-content\/uploads\/2020\/12\/prezzi-dell-altro-mondo-cover-mani-tese-comunicato-2020-1.jpg","width":1920,"height":800,"caption":"prezzi dell altro mondo cover mani tese comunicato 2020"},{"@type":"BreadcrumbList","@id":"https:\/\/www.manitese.it\/en\/il-finto-ecommerce-per-riflettere-sulla-fast-fashion\/#breadcrumb","itemListElement":[{"@type":"ListItem","position":1,"name":"Home","item":"https:\/\/www.manitese.it\/en\/"},{"@type":"ListItem","position":2,"name":"Il finto e-commerce a prezzi stracciati di mani tese per riflettere sulla fast fashion"}]},{"@type":"WebSite","@id":"https:\/\/www.manitese.it\/en\/#website","url":"https:\/\/www.manitese.it\/en\/","name":"Mani Tese","description":"","potentialAction":[{"@type":"SearchAction","target":{"@type":"EntryPoint","urlTemplate":"https:\/\/www.manitese.it\/en\/?s={search_term_string}"},"query-input":{"@type":"PropertyValueSpecification","valueRequired":true,"valueName":"search_term_string"}}],"inLanguage":"en-US"},{"@type":"Person","@id":"https:\/\/www.manitese.it\/en\/#\/schema\/person\/5a9774f17e4940e2510bfeba90f04f65","name":"agevis","image":{"@type":"ImageObject","inLanguage":"en-US","@id":"https:\/\/secure.gravatar.com\/avatar\/2dc96c93fcf3387a5922a93b50fb3bff01d4800590fb6a4ab91a034adb25ba17?s=96&d=mm&r=g","url":"https:\/\/secure.gravatar.com\/avatar\/2dc96c93fcf3387a5922a93b50fb3bff01d4800590fb6a4ab91a034adb25ba17?s=96&d=mm&r=g","contentUrl":"https:\/\/secure.gravatar.com\/avatar\/2dc96c93fcf3387a5922a93b50fb3bff01d4800590fb6a4ab91a034adb25ba17?s=96&d=mm&r=g","caption":"agevis"},"url":"https:\/\/www.manitese.it\/en\/author\/wp_agevis_admin\/"}]}},"jetpack_featured_media_url":"https:\/\/www.manitese.it\/wp-content\/uploads\/2020\/12\/prezzi-dell-altro-mondo-cover-mani-tese-comunicato-2020-1.jpg","jetpack_sharing_enabled":true,"_links":{"self":[{"href":"https:\/\/www.manitese.it\/en\/wp-json\/wp\/v2\/posts\/69645","targetHints":{"allow":["GET"]}}],"collection":[{"href":"https:\/\/www.manitese.it\/en\/wp-json\/wp\/v2\/posts"}],"about":[{"href":"https:\/\/www.manitese.it\/en\/wp-json\/wp\/v2\/types\/post"}],"author":[{"embeddable":true,"href":"https:\/\/www.manitese.it\/en\/wp-json\/wp\/v2\/users\/1"}],"replies":[{"embeddable":true,"href":"https:\/\/www.manitese.it\/en\/wp-json\/wp\/v2\/comments?post=69645"}],"version-history":[{"count":4,"href":"https:\/\/www.manitese.it\/en\/wp-json\/wp\/v2\/posts\/69645\/revisions"}],"predecessor-version":[{"id":191912,"href":"https:\/\/www.manitese.it\/en\/wp-json\/wp\/v2\/posts\/69645\/revisions\/191912"}],"wp:featuredmedia":[{"embeddable":true,"href":"https:\/\/www.manitese.it\/en\/wp-json\/wp\/v2\/media\/69648"}],"wp:attachment":[{"href":"https:\/\/www.manitese.it\/en\/wp-json\/wp\/v2\/media?parent=69645"}],"wp:term":[{"taxonomy":"category","embeddable":true,"href":"https:\/\/www.manitese.it\/en\/wp-json\/wp\/v2\/categories?post=69645"},{"taxonomy":"post_tag","embeddable":true,"href":"https:\/\/www.manitese.it\/en\/wp-json\/wp\/v2\/tags?post=69645"},{"taxonomy":"thematic_area","embeddable":true,"href":"https:\/\/www.manitese.it\/en\/wp-json\/wp\/v2\/thematic_area?post=69645"}],"curies":[{"name":"wp","href":"https:\/\/api.w.org\/{rel}","templated":true}]}}