{"id":69317,"date":"2020-12-09T11:35:22","date_gmt":"2020-12-09T10:35:22","guid":{"rendered":"https:\/\/manitese.it\/?p=69317"},"modified":"2023-07-21T14:19:04","modified_gmt":"2023-07-21T12:19:04","slug":"donne-educazione-e-agroecologia-tre-sfide-per-il-benin","status":"publish","type":"post","link":"https:\/\/www.manitese.it\/en\/donne-educazione-e-agroecologia-tre-sfide-per-il-benin\/","title":{"rendered":"Donne, educazione e agroecologia: tre sfide da tenere insieme per il Benin"},"content":{"rendered":"\n<p>Il Benin \u00e8 un piccolo Paese dell\u2019Africa Occidentale situato nel golfo di Guinea. Ha una popolazione di poco meno di 12 milioni di abitanti e un indice di sviluppo umano che lo colloca al 163esimo posto della graduatoria su 189 Paesi registrati. Mani Tese lavora in Benin dal 1979, prima con azioni su tutto il territorio nazionale, in seguito, negli ultimi 10 anni in particolare, concentrandosi nella zona nord del Paese, nel Dipartimento dell\u2019Atacor\u00e0, considerato uno dei pi\u00f9 poveri del Paese. La strategia di azione che si \u00e8 andata sviluppando negli ultimi anni ha messo al centro la valorizzazione, il rafforzamento e il riconoscimento del ruolo della donna nella societ\u00e0 beninese. Questo approccio ha toccato dapprima l\u2019ambito delle attivit\u00e0 agricole e in un secondo momento l\u2019ambito educativo, con una modalit\u00e0 che prevede un forte collegamento e interdipendenza tra questi ambiti.<\/p>\n\n\n\n<p><strong>Agroecologia: una chiave per la crescita economica e sociale<\/strong><\/p>\n\n\n\n<p>Rispetto all\u2019ambito sovranit\u00e0 alimentare\/agroecologia, la metodologia che Mani Tese utilizza parte dal lavoro con i gruppi di donne, gi\u00e0 presenti nelle comunit\u00e0 e nei villaggi, e prevede il loro sviluppo sociale ed economico valorizzando i prodotti locali nelle fasi di produzione, trasformazione e commercializzazione delle rispettive filiere.<\/p>\n\n\n\n<p>Questa scelta si basa sulla consapevolezza che le donne hanno un ruolo nell\u2019ambito dell\u2019economica agricola e sono elemento chiave per il sostentamento della famiglia, ma spesso questo rischia di essere marginale, sia da un punto di vista economico sia da un punto di vista sociale, a causa dell\u2019assenza di mezzi e opportunit\u00e0 con conseguente impatto negativo sull\u2019intera societ\u00e0.<\/p>\n\n\n\n<p>L\u2019altro aspetto della strategia \u00e8 quello della valorizzazione dei prodotti locali a cominciare dal fonio, un cereale della tradizione agricola del Benin come di altre zone di quella parte di Africa, dalle ricche propriet\u00e0 nutritive che negli anni \u00e8 stato dimenticato e sostituito dal mais e dalla coltivazione, a scopo di rendita, del cotone. Il secondo ambito, quello relativo all\u2019educazione, \u00e8 strettamente collegato al primo poich\u00e9 solo se alfabetizzate e formate le donne possono essere protagoniste nella vita sociale ed economica delle loro comunit\u00e0 di appartenenza.<\/p>\n\n\n\n<p><strong>Tra lavoro ed educazione<\/strong><\/p>\n\n\n\n<p>Per mettere in pratica questa strategia, Mani Tese, negli ultimi cinque anni ha realizzato e concluso in Benin tre progetti (Impresa sociale al femminile e percorsi educativi per la valorizzazione delle filiere agricole locali; Protagonismo femminile e sviluppo economico; Scuola diritti e agroecologia per le bambine e le donne in Benin) con cui sono state costituite, da un lato, tre imprese cooperative di donne nella filiera della manioca e dall\u2019altro si \u00e8 intervenuto sulle attivit\u00e0 educative, avviando un primo programma nell\u2019ambito della dispersione scolastica delle bambine con una parte di esercitazione pratica di orientamento al lavoro presso gli stessi gruppi di donne coinvolti nella filiera della manioca.<\/p>\n\n\n\n<p>Relativamente alle azioni in corso, a novembre 2020 ha preso avvio il progetto Miglioramento della sicurezza alimentare e delle condizioni igienico-sanitarie delle comunit\u00e0 di contadini del Dipartimento dell&#8217;Atacor\u00e0. Il progetto si pone l\u2019obiettivo di raggiungere tre risultati: l\u2019aumento della produzione agricola delle comunit\u00e0 e la loro capacit\u00e0 di trasformare i prodotti coinvolgendo un totale di 1125 contadini, in particolare oltre che sulla manioca e sul fonio, gi\u00e0 menzionati, a cui sar\u00e0 dedicata anche la fase di trasformazione, si lavorer\u00e0 su altre variet\u00e0 locali di prodotti quali mais giallo, sesamo, patata dolce e igname; un migliore e pi\u00f9 equilibrato apporto nutrizionale garantito dal coinvolgimento di 525 donne, promuovendo una maggior variet\u00e0 di prodotti agricoli; in terzo luogo, l\u2019incremento di acqua potabile attraverso la costruzione o riabilitazione di quattro pozzi con pompa a mano con i relativi comitati di gestione.<\/p>\n\n\n\n<p>Terminer\u00e0, invece, a fine 2020 il progetto Scuola per tutti: Prevenzione dell\u2019abbandono scolastico per assicurare il diritto all\u2019istruzione in Benin. Anche in questo caso sono previsti due risultati: assicurare un regolare monitoraggio dei casi di abbandono ed intervenire tempestivamente per accompagnare le studentesse a rientrare a scuola; rafforzare la consapevolezza dei leader comunitari, delle famiglie e degli stessi studenti sull\u2019importanza dell\u2019istruzione.<\/p>\n","protected":false},"excerpt":{"rendered":"<p>Dalla valorizzazione del ruolo femminile ai programmi per la sovranit\u00e0 alimentare fino all\u2019ambito educativo, altrettanto decisivo per il futuro delle comunit\u00e0 locali.<\/p>\n","protected":false},"author":1,"featured_media":69320,"comment_status":"open","ping_status":"open","sticky":false,"template":"","format":"standard","meta":{"_acf_changed":false,"give_campaign_id":0,"inline_featured_image":false,"_jetpack_memberships_contains_paid_content":false,"footnotes":""},"categories":[12],"tags":[],"thematic_area":[],"class_list":["post-69317","post","type-post","status-publish","format-standard","has-post-thumbnail","hentry","category-il-nostro-giornale"],"acf":[],"yoast_head":"<!-- This site is optimized with the Yoast SEO plugin v27.5 - https:\/\/yoast.com\/product\/yoast-seo-wordpress\/ -->\n<title>Donne, educazione e agroecologia: tre sfide da tenere insieme per il Benin - Mani Tese<\/title>\n<meta name=\"description\" content=\"Dalla valorizzazione del ruolo femminile ai programmi per la sovranit\u00e0 alimentare fino all\u2019ambito educativo, altrettanto decisivo per il futuro delle comunit\u00e0 locali.\" \/>\n<meta name=\"robots\" content=\"index, follow, max-snippet:-1, max-image-preview:large, max-video-preview:-1\" \/>\n<link rel=\"canonical\" href=\"https:\/\/www.manitese.it\/en\/donne-educazione-e-agroecologia-tre-sfide-per-il-benin\/\" \/>\n<meta property=\"og:locale\" content=\"en_US\" \/>\n<meta property=\"og:type\" content=\"article\" \/>\n<meta property=\"og:title\" content=\"Donne, educazione e agroecologia: tre sfide da tenere insieme per il Benin - Mani Tese\" \/>\n<meta property=\"og:description\" content=\"Dalla valorizzazione del ruolo femminile ai programmi per la sovranit\u00e0 alimentare fino all\u2019ambito educativo, altrettanto decisivo per il futuro delle comunit\u00e0 locali.\" \/>\n<meta property=\"og:url\" content=\"https:\/\/www.manitese.it\/en\/donne-educazione-e-agroecologia-tre-sfide-per-il-benin\/\" \/>\n<meta property=\"og:site_name\" content=\"Mani Tese\" \/>\n<meta property=\"article:published_time\" content=\"2020-12-09T10:35:22+00:00\" \/>\n<meta property=\"article:modified_time\" content=\"2023-07-21T12:19:04+00:00\" \/>\n<meta property=\"og:image\" content=\"https:\/\/www.manitese.it\/wp-content\/uploads\/2020\/12\/Donne-educazione-e-agroecologia_mani-tese-2020_cover-1.jpg\" \/>\n\t<meta property=\"og:image:width\" content=\"1920\" \/>\n\t<meta property=\"og:image:height\" content=\"800\" \/>\n\t<meta property=\"og:image:type\" content=\"image\/jpeg\" \/>\n<meta name=\"author\" content=\"agevis\" \/>\n<meta name=\"twitter:card\" content=\"summary_large_image\" \/>\n<meta name=\"twitter:label1\" content=\"Written by\" \/>\n\t<meta name=\"twitter:data1\" content=\"agevis\" \/>\n\t<meta name=\"twitter:label2\" content=\"Est. reading time\" \/>\n\t<meta name=\"twitter:data2\" content=\"3 minutes\" \/>\n<script type=\"application\/ld+json\" class=\"yoast-schema-graph\">{\"@context\":\"https:\\\/\\\/schema.org\",\"@graph\":[{\"@type\":\"Article\",\"@id\":\"https:\\\/\\\/www.manitese.it\\\/en\\\/donne-educazione-e-agroecologia-tre-sfide-per-il-benin\\\/#article\",\"isPartOf\":{\"@id\":\"https:\\\/\\\/www.manitese.it\\\/en\\\/donne-educazione-e-agroecologia-tre-sfide-per-il-benin\\\/\"},\"author\":{\"name\":\"agevis\",\"@id\":\"https:\\\/\\\/www.manitese.it\\\/en\\\/#\\\/schema\\\/person\\\/5a9774f17e4940e2510bfeba90f04f65\"},\"headline\":\"Donne, educazione e agroecologia: tre sfide da tenere insieme per il Benin\",\"datePublished\":\"2020-12-09T10:35:22+00:00\",\"dateModified\":\"2023-07-21T12:19:04+00:00\",\"mainEntityOfPage\":{\"@id\":\"https:\\\/\\\/www.manitese.it\\\/en\\\/donne-educazione-e-agroecologia-tre-sfide-per-il-benin\\\/\"},\"wordCount\":670,\"commentCount\":0,\"image\":{\"@id\":\"https:\\\/\\\/www.manitese.it\\\/en\\\/donne-educazione-e-agroecologia-tre-sfide-per-il-benin\\\/#primaryimage\"},\"thumbnailUrl\":\"https:\\\/\\\/www.manitese.it\\\/wp-content\\\/uploads\\\/2020\\\/12\\\/Donne-educazione-e-agroecologia_mani-tese-2020_cover-1.jpg\",\"articleSection\":[\"Il nostro giornale\"],\"inLanguage\":\"en-US\",\"potentialAction\":[{\"@type\":\"CommentAction\",\"name\":\"Comment\",\"target\":[\"https:\\\/\\\/www.manitese.it\\\/en\\\/donne-educazione-e-agroecologia-tre-sfide-per-il-benin\\\/#respond\"]}]},{\"@type\":\"WebPage\",\"@id\":\"https:\\\/\\\/www.manitese.it\\\/en\\\/donne-educazione-e-agroecologia-tre-sfide-per-il-benin\\\/\",\"url\":\"https:\\\/\\\/www.manitese.it\\\/en\\\/donne-educazione-e-agroecologia-tre-sfide-per-il-benin\\\/\",\"name\":\"Donne, educazione e agroecologia: tre sfide da tenere insieme per il Benin - Mani Tese\",\"isPartOf\":{\"@id\":\"https:\\\/\\\/www.manitese.it\\\/en\\\/#website\"},\"primaryImageOfPage\":{\"@id\":\"https:\\\/\\\/www.manitese.it\\\/en\\\/donne-educazione-e-agroecologia-tre-sfide-per-il-benin\\\/#primaryimage\"},\"image\":{\"@id\":\"https:\\\/\\\/www.manitese.it\\\/en\\\/donne-educazione-e-agroecologia-tre-sfide-per-il-benin\\\/#primaryimage\"},\"thumbnailUrl\":\"https:\\\/\\\/www.manitese.it\\\/wp-content\\\/uploads\\\/2020\\\/12\\\/Donne-educazione-e-agroecologia_mani-tese-2020_cover-1.jpg\",\"datePublished\":\"2020-12-09T10:35:22+00:00\",\"dateModified\":\"2023-07-21T12:19:04+00:00\",\"author\":{\"@id\":\"https:\\\/\\\/www.manitese.it\\\/en\\\/#\\\/schema\\\/person\\\/5a9774f17e4940e2510bfeba90f04f65\"},\"description\":\"Dalla valorizzazione del ruolo femminile ai programmi per la sovranit\u00e0 alimentare fino all\u2019ambito educativo, altrettanto decisivo per il futuro delle comunit\u00e0 locali.\",\"breadcrumb\":{\"@id\":\"https:\\\/\\\/www.manitese.it\\\/en\\\/donne-educazione-e-agroecologia-tre-sfide-per-il-benin\\\/#breadcrumb\"},\"inLanguage\":\"en-US\",\"potentialAction\":[{\"@type\":\"ReadAction\",\"target\":[\"https:\\\/\\\/www.manitese.it\\\/en\\\/donne-educazione-e-agroecologia-tre-sfide-per-il-benin\\\/\"]}]},{\"@type\":\"ImageObject\",\"inLanguage\":\"en-US\",\"@id\":\"https:\\\/\\\/www.manitese.it\\\/en\\\/donne-educazione-e-agroecologia-tre-sfide-per-il-benin\\\/#primaryimage\",\"url\":\"https:\\\/\\\/www.manitese.it\\\/wp-content\\\/uploads\\\/2020\\\/12\\\/Donne-educazione-e-agroecologia_mani-tese-2020_cover-1.jpg\",\"contentUrl\":\"https:\\\/\\\/www.manitese.it\\\/wp-content\\\/uploads\\\/2020\\\/12\\\/Donne-educazione-e-agroecologia_mani-tese-2020_cover-1.jpg\",\"width\":1920,\"height\":800,\"caption\":\"Annie Spratt\"},{\"@type\":\"BreadcrumbList\",\"@id\":\"https:\\\/\\\/www.manitese.it\\\/en\\\/donne-educazione-e-agroecologia-tre-sfide-per-il-benin\\\/#breadcrumb\",\"itemListElement\":[{\"@type\":\"ListItem\",\"position\":1,\"name\":\"Home\",\"item\":\"https:\\\/\\\/www.manitese.it\\\/en\\\/\"},{\"@type\":\"ListItem\",\"position\":2,\"name\":\"Donne, educazione e agroecologia: tre sfide da tenere insieme per il Benin\"}]},{\"@type\":\"WebSite\",\"@id\":\"https:\\\/\\\/www.manitese.it\\\/en\\\/#website\",\"url\":\"https:\\\/\\\/www.manitese.it\\\/en\\\/\",\"name\":\"Mani Tese\",\"description\":\"\",\"potentialAction\":[{\"@type\":\"SearchAction\",\"target\":{\"@type\":\"EntryPoint\",\"urlTemplate\":\"https:\\\/\\\/www.manitese.it\\\/en\\\/?s={search_term_string}\"},\"query-input\":{\"@type\":\"PropertyValueSpecification\",\"valueRequired\":true,\"valueName\":\"search_term_string\"}}],\"inLanguage\":\"en-US\"},{\"@type\":\"Person\",\"@id\":\"https:\\\/\\\/www.manitese.it\\\/en\\\/#\\\/schema\\\/person\\\/5a9774f17e4940e2510bfeba90f04f65\",\"name\":\"agevis\",\"image\":{\"@type\":\"ImageObject\",\"inLanguage\":\"en-US\",\"@id\":\"https:\\\/\\\/secure.gravatar.com\\\/avatar\\\/2dc96c93fcf3387a5922a93b50fb3bff01d4800590fb6a4ab91a034adb25ba17?s=96&d=mm&r=g\",\"url\":\"https:\\\/\\\/secure.gravatar.com\\\/avatar\\\/2dc96c93fcf3387a5922a93b50fb3bff01d4800590fb6a4ab91a034adb25ba17?s=96&d=mm&r=g\",\"contentUrl\":\"https:\\\/\\\/secure.gravatar.com\\\/avatar\\\/2dc96c93fcf3387a5922a93b50fb3bff01d4800590fb6a4ab91a034adb25ba17?s=96&d=mm&r=g\",\"caption\":\"agevis\"},\"url\":\"https:\\\/\\\/www.manitese.it\\\/en\\\/author\\\/wp_agevis_admin\\\/\"}]}<\/script>\n<!-- \/ Yoast SEO plugin. -->","yoast_head_json":{"title":"Donne, educazione e agroecologia: tre sfide da tenere insieme per il Benin - Mani Tese","description":"Dalla valorizzazione del ruolo femminile ai programmi per la sovranit\u00e0 alimentare fino all\u2019ambito educativo, altrettanto decisivo per il futuro delle comunit\u00e0 locali.","robots":{"index":"index","follow":"follow","max-snippet":"max-snippet:-1","max-image-preview":"max-image-preview:large","max-video-preview":"max-video-preview:-1"},"canonical":"https:\/\/www.manitese.it\/en\/donne-educazione-e-agroecologia-tre-sfide-per-il-benin\/","og_locale":"en_US","og_type":"article","og_title":"Donne, educazione e agroecologia: tre sfide da tenere insieme per il Benin - Mani Tese","og_description":"Dalla valorizzazione del ruolo femminile ai programmi per la sovranit\u00e0 alimentare fino all\u2019ambito educativo, altrettanto decisivo per il futuro delle comunit\u00e0 locali.","og_url":"https:\/\/www.manitese.it\/en\/donne-educazione-e-agroecologia-tre-sfide-per-il-benin\/","og_site_name":"Mani Tese","article_published_time":"2020-12-09T10:35:22+00:00","article_modified_time":"2023-07-21T12:19:04+00:00","og_image":[{"width":1920,"height":800,"url":"https:\/\/www.manitese.it\/wp-content\/uploads\/2020\/12\/Donne-educazione-e-agroecologia_mani-tese-2020_cover-1.jpg","type":"image\/jpeg"}],"author":"agevis","twitter_card":"summary_large_image","twitter_misc":{"Written by":"agevis","Est. reading time":"3 minutes"},"schema":{"@context":"https:\/\/schema.org","@graph":[{"@type":"Article","@id":"https:\/\/www.manitese.it\/en\/donne-educazione-e-agroecologia-tre-sfide-per-il-benin\/#article","isPartOf":{"@id":"https:\/\/www.manitese.it\/en\/donne-educazione-e-agroecologia-tre-sfide-per-il-benin\/"},"author":{"name":"agevis","@id":"https:\/\/www.manitese.it\/en\/#\/schema\/person\/5a9774f17e4940e2510bfeba90f04f65"},"headline":"Donne, educazione e agroecologia: tre sfide da tenere insieme per il Benin","datePublished":"2020-12-09T10:35:22+00:00","dateModified":"2023-07-21T12:19:04+00:00","mainEntityOfPage":{"@id":"https:\/\/www.manitese.it\/en\/donne-educazione-e-agroecologia-tre-sfide-per-il-benin\/"},"wordCount":670,"commentCount":0,"image":{"@id":"https:\/\/www.manitese.it\/en\/donne-educazione-e-agroecologia-tre-sfide-per-il-benin\/#primaryimage"},"thumbnailUrl":"https:\/\/www.manitese.it\/wp-content\/uploads\/2020\/12\/Donne-educazione-e-agroecologia_mani-tese-2020_cover-1.jpg","articleSection":["Il nostro giornale"],"inLanguage":"en-US","potentialAction":[{"@type":"CommentAction","name":"Comment","target":["https:\/\/www.manitese.it\/en\/donne-educazione-e-agroecologia-tre-sfide-per-il-benin\/#respond"]}]},{"@type":"WebPage","@id":"https:\/\/www.manitese.it\/en\/donne-educazione-e-agroecologia-tre-sfide-per-il-benin\/","url":"https:\/\/www.manitese.it\/en\/donne-educazione-e-agroecologia-tre-sfide-per-il-benin\/","name":"Donne, educazione e agroecologia: tre sfide da tenere insieme per il Benin - Mani Tese","isPartOf":{"@id":"https:\/\/www.manitese.it\/en\/#website"},"primaryImageOfPage":{"@id":"https:\/\/www.manitese.it\/en\/donne-educazione-e-agroecologia-tre-sfide-per-il-benin\/#primaryimage"},"image":{"@id":"https:\/\/www.manitese.it\/en\/donne-educazione-e-agroecologia-tre-sfide-per-il-benin\/#primaryimage"},"thumbnailUrl":"https:\/\/www.manitese.it\/wp-content\/uploads\/2020\/12\/Donne-educazione-e-agroecologia_mani-tese-2020_cover-1.jpg","datePublished":"2020-12-09T10:35:22+00:00","dateModified":"2023-07-21T12:19:04+00:00","author":{"@id":"https:\/\/www.manitese.it\/en\/#\/schema\/person\/5a9774f17e4940e2510bfeba90f04f65"},"description":"Dalla valorizzazione del ruolo femminile ai programmi per la sovranit\u00e0 alimentare fino all\u2019ambito educativo, altrettanto decisivo per il futuro delle comunit\u00e0 locali.","breadcrumb":{"@id":"https:\/\/www.manitese.it\/en\/donne-educazione-e-agroecologia-tre-sfide-per-il-benin\/#breadcrumb"},"inLanguage":"en-US","potentialAction":[{"@type":"ReadAction","target":["https:\/\/www.manitese.it\/en\/donne-educazione-e-agroecologia-tre-sfide-per-il-benin\/"]}]},{"@type":"ImageObject","inLanguage":"en-US","@id":"https:\/\/www.manitese.it\/en\/donne-educazione-e-agroecologia-tre-sfide-per-il-benin\/#primaryimage","url":"https:\/\/www.manitese.it\/wp-content\/uploads\/2020\/12\/Donne-educazione-e-agroecologia_mani-tese-2020_cover-1.jpg","contentUrl":"https:\/\/www.manitese.it\/wp-content\/uploads\/2020\/12\/Donne-educazione-e-agroecologia_mani-tese-2020_cover-1.jpg","width":1920,"height":800,"caption":"Annie Spratt"},{"@type":"BreadcrumbList","@id":"https:\/\/www.manitese.it\/en\/donne-educazione-e-agroecologia-tre-sfide-per-il-benin\/#breadcrumb","itemListElement":[{"@type":"ListItem","position":1,"name":"Home","item":"https:\/\/www.manitese.it\/en\/"},{"@type":"ListItem","position":2,"name":"Donne, educazione e agroecologia: tre sfide da tenere insieme per il Benin"}]},{"@type":"WebSite","@id":"https:\/\/www.manitese.it\/en\/#website","url":"https:\/\/www.manitese.it\/en\/","name":"Mani Tese","description":"","potentialAction":[{"@type":"SearchAction","target":{"@type":"EntryPoint","urlTemplate":"https:\/\/www.manitese.it\/en\/?s={search_term_string}"},"query-input":{"@type":"PropertyValueSpecification","valueRequired":true,"valueName":"search_term_string"}}],"inLanguage":"en-US"},{"@type":"Person","@id":"https:\/\/www.manitese.it\/en\/#\/schema\/person\/5a9774f17e4940e2510bfeba90f04f65","name":"agevis","image":{"@type":"ImageObject","inLanguage":"en-US","@id":"https:\/\/secure.gravatar.com\/avatar\/2dc96c93fcf3387a5922a93b50fb3bff01d4800590fb6a4ab91a034adb25ba17?s=96&d=mm&r=g","url":"https:\/\/secure.gravatar.com\/avatar\/2dc96c93fcf3387a5922a93b50fb3bff01d4800590fb6a4ab91a034adb25ba17?s=96&d=mm&r=g","contentUrl":"https:\/\/secure.gravatar.com\/avatar\/2dc96c93fcf3387a5922a93b50fb3bff01d4800590fb6a4ab91a034adb25ba17?s=96&d=mm&r=g","caption":"agevis"},"url":"https:\/\/www.manitese.it\/en\/author\/wp_agevis_admin\/"}]}},"jetpack_featured_media_url":"https:\/\/www.manitese.it\/wp-content\/uploads\/2020\/12\/Donne-educazione-e-agroecologia_mani-tese-2020_cover-1.jpg","jetpack_sharing_enabled":true,"_links":{"self":[{"href":"https:\/\/www.manitese.it\/en\/wp-json\/wp\/v2\/posts\/69317","targetHints":{"allow":["GET"]}}],"collection":[{"href":"https:\/\/www.manitese.it\/en\/wp-json\/wp\/v2\/posts"}],"about":[{"href":"https:\/\/www.manitese.it\/en\/wp-json\/wp\/v2\/types\/post"}],"author":[{"embeddable":true,"href":"https:\/\/www.manitese.it\/en\/wp-json\/wp\/v2\/users\/1"}],"replies":[{"embeddable":true,"href":"https:\/\/www.manitese.it\/en\/wp-json\/wp\/v2\/comments?post=69317"}],"version-history":[{"count":2,"href":"https:\/\/www.manitese.it\/en\/wp-json\/wp\/v2\/posts\/69317\/revisions"}],"predecessor-version":[{"id":177795,"href":"https:\/\/www.manitese.it\/en\/wp-json\/wp\/v2\/posts\/69317\/revisions\/177795"}],"wp:featuredmedia":[{"embeddable":true,"href":"https:\/\/www.manitese.it\/en\/wp-json\/wp\/v2\/media\/69320"}],"wp:attachment":[{"href":"https:\/\/www.manitese.it\/en\/wp-json\/wp\/v2\/media?parent=69317"}],"wp:term":[{"taxonomy":"category","embeddable":true,"href":"https:\/\/www.manitese.it\/en\/wp-json\/wp\/v2\/categories?post=69317"},{"taxonomy":"post_tag","embeddable":true,"href":"https:\/\/www.manitese.it\/en\/wp-json\/wp\/v2\/tags?post=69317"},{"taxonomy":"thematic_area","embeddable":true,"href":"https:\/\/www.manitese.it\/en\/wp-json\/wp\/v2\/thematic_area?post=69317"}],"curies":[{"name":"wp","href":"https:\/\/api.w.org\/{rel}","templated":true}]}}