{"id":68203,"date":"2020-11-17T10:21:51","date_gmt":"2020-11-17T09:21:51","guid":{"rendered":"https:\/\/manitese.it\/?p=68203"},"modified":"2023-12-18T12:14:05","modified_gmt":"2023-12-18T11:14:05","slug":"in-burkina-faso-facciamo-rete-contro-la-violenza-di-genere","status":"publish","type":"post","link":"https:\/\/www.manitese.it\/en\/in-burkina-faso-facciamo-rete-contro-la-violenza-di-genere\/","title":{"rendered":"IN BURKINA FASO FACCIAMO RETE CONTRO LA VIOLENZA DI GENERE"},"content":{"rendered":"\r\n<p><em>di Habibou Kabr\u00e9, coordinatrice di progetto Mani Tese<\/em><\/p>\r\n\r\n\r\n\r\n<p>Come purtroppo accade in molti Paesi africani come la <a href=\"https:\/\/manitese.it\/progetto\/libere-violenza-diritti-emancipazione-donne-bambine-guinea-bissau\" target=\"_blank\" rel=\"noreferrer noopener\" aria-label=\" (apre in una nuova scheda)\">Guinea-Bissau<\/a>, la <strong>violenza di genere<\/strong> \u00e8 un fenomeno preoccupante anche in <strong>Burkina Faso<\/strong>.<\/p>\r\n\r\n\r\n\r\n<p>Per contribuire alla lotta contro questa piaga <strong>Mani Tese<\/strong>, attraverso il progetto <strong>\u201c<\/strong><a href=\"https:\/\/manitese.it\/progetto\/promozione-sociale-donne-bambini-servizi-sanitari\" target=\"_blank\" rel=\"noreferrer noopener\"><strong>Promozione sociale e dei diritti delle donne e dei bambini per il miglioramento dei servizi sanitari e di stato civile<\/strong><\/a><strong>\u201d<\/strong> e in collaborazione con le autorit\u00e0 locali (direzione provinciale per le donne, consigli provinciali della giovent\u00f9 e autorit\u00e0 municipali), <strong>ha<\/strong> <strong>riunito le organizzazioni della societ\u00e0 civile per i diritti umani <\/strong>nelle regioni del centro, centro-sud e plateau central, per una sinergia di azione.<\/p>\r\n\r\n\r\n\r\n<p>L\u2019obiettivo \u00e8<strong> il rafforzamento delle capacit\u00e0 dei membri delle organizzazioni femminili e giovanili<\/strong>, per consentire loro di organizzarsi meglio e intervenire efficacemente nella promozione e protezione dei diritti umani in generale e di quelli delle donne e ragazze in particolare.<\/p>\r\n\r\n\r\n\r\n<p>A tal fine <strong>sono state costituite otto reti per la tutela e la promozione dei diritti umani<\/strong>, composte da oltre <strong>90 organizzazioni della societ\u00e0 civile <\/strong>dislocate in sette province delle tre regioni di intervento del progetto.<\/p>\r\n\r\n\r\n\r\n<p>Nell&#8217;ambito di questa iniziativa, \u00e8 stata organizzata <strong>una sessione di formazione<\/strong> <strong>sul fundraising<\/strong> <strong>e sulle strategie di mobilitazione delle risorse finanziarie<\/strong> al fine di rafforzare l\u2019efficienza e l\u2019efficacia di queste reti nella lotta contro la violenza di genere.<\/p>\r\n\r\n\r\n\r\n<p>Perch\u00e9 le reti possano lavorare al meglio si \u00e8 poi lavorato al <strong>coinvolgimento delle istituzioni<\/strong>, ovvero i sindaci dei comuni coinvolti, i direttori provinciali incaricati delle donne, i consigli provinciali della giovent\u00f9 nonch\u00e9 il coordinamento comunale e provinciale delle donne nelle suddette localit\u00e0.<\/p>\r\n\r\n\r\n\r\n<p>Secondo la direttrice provinciale delle donne dell\u2019Oubritenga, <strong>l&#8217;iniziativa di Mani Tese \u00e8 benvenuta perch\u00e9 risponde a un&#8217;esigenza sentita <\/strong>nel campo della promozione, difesa e tutela dei diritti umani delle fasce vulnerabili e delle donne in particolare.<\/p>\r\n\r\n\r\n\r\n<p>Qui di seguito alcune foto degli incontri con le organizzazioni della societ\u00e0 civile.<\/p>\r\n\r\n\r\n\r\n<div class=\"wp-block-image\">\r\n<figure class=\"aligncenter size-large\"><a href=\"https:\/\/manitese.it\/wp-content\/uploads\/2020\/11\/burkina-faso-facciamo-rete-contro-la-violenza-di-genere_mani-tese-2020_1.jpg\"><img decoding=\"async\" class=\"wp-image-68209\" src=\"https:\/\/manitese.it\/wp-content\/uploads\/2020\/11\/burkina-faso-facciamo-rete-contro-la-violenza-di-genere_mani-tese-2020_1-1024x767.jpg\" alt=\"\" \/><\/a><\/figure>\r\n<\/div>\r\n\r\n\r\n\r\n<div class=\"wp-block-image\">\r\n<figure class=\"aligncenter size-large\"><a href=\"https:\/\/manitese.it\/wp-content\/uploads\/2020\/11\/burkina-faso-facciamo-rete-contro-la-violenza-di-genere_mani-tese-2020_2.jpg\"><img decoding=\"async\" class=\"wp-image-68211\" src=\"https:\/\/manitese.it\/wp-content\/uploads\/2020\/11\/burkina-faso-facciamo-rete-contro-la-violenza-di-genere_mani-tese-2020_2.jpg\" alt=\"\" \/><\/a><\/figure>\r\n<\/div>\r\n","protected":false},"excerpt":{"rendered":"<p>Riunite oltre 90 organizzazioni della societ\u00e0 civile nelle regioni del centro, centro-sud e plateau central del Burkina Faso.<\/p>\n","protected":false},"author":1,"featured_media":68206,"comment_status":"open","ping_status":"open","sticky":false,"template":"","format":"standard","meta":{"_acf_changed":false,"give_campaign_id":0,"inline_featured_image":false,"_jetpack_memberships_contains_paid_content":false,"footnotes":""},"categories":[3],"tags":[],"thematic_area":[909,908],"class_list":["post-68203","post","type-post","status-publish","format-standard","has-post-thumbnail","hentry","category-diari","thematic_area-inclusione-sociale","thematic_area-parita-di-genere"],"acf":[],"yoast_head":"<!-- This site is optimized with the Yoast SEO plugin v27.5 - https:\/\/yoast.com\/product\/yoast-seo-wordpress\/ -->\n<title>IN BURKINA FASO FACCIAMO RETE CONTRO LA VIOLENZA DI GENERE - Mani Tese<\/title>\n<meta name=\"description\" content=\"Riunite oltre 90 organizzazioni della societ\u00e0 civile nelle regioni del centro, centro-sud e plateau central del Burkina Faso. Leggi la notizia!\" \/>\n<meta name=\"robots\" content=\"index, follow, max-snippet:-1, max-image-preview:large, max-video-preview:-1\" \/>\n<link rel=\"canonical\" href=\"https:\/\/www.manitese.it\/en\/in-burkina-faso-facciamo-rete-contro-la-violenza-di-genere\/\" \/>\n<meta property=\"og:locale\" content=\"en_US\" \/>\n<meta property=\"og:type\" content=\"article\" \/>\n<meta property=\"og:title\" content=\"IN BURKINA FASO FACCIAMO RETE CONTRO LA VIOLENZA DI GENERE - Mani Tese\" \/>\n<meta property=\"og:description\" content=\"Riunite oltre 90 organizzazioni della societ\u00e0 civile nelle regioni del centro, centro-sud e plateau central del Burkina Faso. Leggi la notizia!\" \/>\n<meta property=\"og:url\" content=\"https:\/\/www.manitese.it\/en\/in-burkina-faso-facciamo-rete-contro-la-violenza-di-genere\/\" \/>\n<meta property=\"og:site_name\" content=\"Mani Tese\" \/>\n<meta property=\"article:published_time\" content=\"2020-11-17T09:21:51+00:00\" \/>\n<meta property=\"article:modified_time\" content=\"2023-12-18T11:14:05+00:00\" \/>\n<meta property=\"og:image\" content=\"https:\/\/www.manitese.it\/wp-content\/uploads\/2020\/11\/burkina-faso-facciamo-rete-contro-la-violenza-di-genere_mani-tese-2020-cover-1.jpg\" \/>\n\t<meta property=\"og:image:width\" content=\"1920\" \/>\n\t<meta property=\"og:image:height\" content=\"800\" \/>\n\t<meta property=\"og:image:type\" content=\"image\/jpeg\" \/>\n<meta name=\"author\" content=\"agevis\" \/>\n<meta name=\"twitter:card\" content=\"summary_large_image\" \/>\n<meta name=\"twitter:label1\" content=\"Written by\" \/>\n\t<meta name=\"twitter:data1\" content=\"agevis\" \/>\n\t<meta name=\"twitter:label2\" content=\"Est. reading time\" \/>\n\t<meta name=\"twitter:data2\" content=\"2 minutes\" \/>\n<script type=\"application\/ld+json\" class=\"yoast-schema-graph\">{\"@context\":\"https:\\\/\\\/schema.org\",\"@graph\":[{\"@type\":\"Article\",\"@id\":\"https:\\\/\\\/www.manitese.it\\\/en\\\/in-burkina-faso-facciamo-rete-contro-la-violenza-di-genere\\\/#article\",\"isPartOf\":{\"@id\":\"https:\\\/\\\/www.manitese.it\\\/en\\\/in-burkina-faso-facciamo-rete-contro-la-violenza-di-genere\\\/\"},\"author\":{\"name\":\"agevis\",\"@id\":\"https:\\\/\\\/www.manitese.it\\\/en\\\/#\\\/schema\\\/person\\\/5a9774f17e4940e2510bfeba90f04f65\"},\"headline\":\"IN BURKINA FASO FACCIAMO RETE CONTRO LA VIOLENZA DI GENERE\",\"datePublished\":\"2020-11-17T09:21:51+00:00\",\"dateModified\":\"2023-12-18T11:14:05+00:00\",\"mainEntityOfPage\":{\"@id\":\"https:\\\/\\\/www.manitese.it\\\/en\\\/in-burkina-faso-facciamo-rete-contro-la-violenza-di-genere\\\/\"},\"wordCount\":322,\"commentCount\":0,\"image\":{\"@id\":\"https:\\\/\\\/www.manitese.it\\\/en\\\/in-burkina-faso-facciamo-rete-contro-la-violenza-di-genere\\\/#primaryimage\"},\"thumbnailUrl\":\"https:\\\/\\\/www.manitese.it\\\/wp-content\\\/uploads\\\/2020\\\/11\\\/burkina-faso-facciamo-rete-contro-la-violenza-di-genere_mani-tese-2020-cover-1.jpg\",\"articleSection\":[\"Diari\"],\"inLanguage\":\"en-US\",\"potentialAction\":[{\"@type\":\"CommentAction\",\"name\":\"Comment\",\"target\":[\"https:\\\/\\\/www.manitese.it\\\/en\\\/in-burkina-faso-facciamo-rete-contro-la-violenza-di-genere\\\/#respond\"]}]},{\"@type\":\"WebPage\",\"@id\":\"https:\\\/\\\/www.manitese.it\\\/en\\\/in-burkina-faso-facciamo-rete-contro-la-violenza-di-genere\\\/\",\"url\":\"https:\\\/\\\/www.manitese.it\\\/en\\\/in-burkina-faso-facciamo-rete-contro-la-violenza-di-genere\\\/\",\"name\":\"IN BURKINA FASO FACCIAMO RETE CONTRO LA VIOLENZA DI GENERE - Mani Tese\",\"isPartOf\":{\"@id\":\"https:\\\/\\\/www.manitese.it\\\/en\\\/#website\"},\"primaryImageOfPage\":{\"@id\":\"https:\\\/\\\/www.manitese.it\\\/en\\\/in-burkina-faso-facciamo-rete-contro-la-violenza-di-genere\\\/#primaryimage\"},\"image\":{\"@id\":\"https:\\\/\\\/www.manitese.it\\\/en\\\/in-burkina-faso-facciamo-rete-contro-la-violenza-di-genere\\\/#primaryimage\"},\"thumbnailUrl\":\"https:\\\/\\\/www.manitese.it\\\/wp-content\\\/uploads\\\/2020\\\/11\\\/burkina-faso-facciamo-rete-contro-la-violenza-di-genere_mani-tese-2020-cover-1.jpg\",\"datePublished\":\"2020-11-17T09:21:51+00:00\",\"dateModified\":\"2023-12-18T11:14:05+00:00\",\"author\":{\"@id\":\"https:\\\/\\\/www.manitese.it\\\/en\\\/#\\\/schema\\\/person\\\/5a9774f17e4940e2510bfeba90f04f65\"},\"description\":\"Riunite oltre 90 organizzazioni della societ\u00e0 civile nelle regioni del centro, centro-sud e plateau central del Burkina Faso. Leggi la notizia!\",\"breadcrumb\":{\"@id\":\"https:\\\/\\\/www.manitese.it\\\/en\\\/in-burkina-faso-facciamo-rete-contro-la-violenza-di-genere\\\/#breadcrumb\"},\"inLanguage\":\"en-US\",\"potentialAction\":[{\"@type\":\"ReadAction\",\"target\":[\"https:\\\/\\\/www.manitese.it\\\/en\\\/in-burkina-faso-facciamo-rete-contro-la-violenza-di-genere\\\/\"]}]},{\"@type\":\"ImageObject\",\"inLanguage\":\"en-US\",\"@id\":\"https:\\\/\\\/www.manitese.it\\\/en\\\/in-burkina-faso-facciamo-rete-contro-la-violenza-di-genere\\\/#primaryimage\",\"url\":\"https:\\\/\\\/www.manitese.it\\\/wp-content\\\/uploads\\\/2020\\\/11\\\/burkina-faso-facciamo-rete-contro-la-violenza-di-genere_mani-tese-2020-cover-1.jpg\",\"contentUrl\":\"https:\\\/\\\/www.manitese.it\\\/wp-content\\\/uploads\\\/2020\\\/11\\\/burkina-faso-facciamo-rete-contro-la-violenza-di-genere_mani-tese-2020-cover-1.jpg\",\"width\":1920,\"height\":800,\"caption\":\"burkina faso facciamo rete contro la violenza di genere_mani tese 2020 cover\"},{\"@type\":\"BreadcrumbList\",\"@id\":\"https:\\\/\\\/www.manitese.it\\\/en\\\/in-burkina-faso-facciamo-rete-contro-la-violenza-di-genere\\\/#breadcrumb\",\"itemListElement\":[{\"@type\":\"ListItem\",\"position\":1,\"name\":\"Home\",\"item\":\"https:\\\/\\\/www.manitese.it\\\/en\\\/\"},{\"@type\":\"ListItem\",\"position\":2,\"name\":\"IN BURKINA FASO FACCIAMO RETE CONTRO LA VIOLENZA DI GENERE\"}]},{\"@type\":\"WebSite\",\"@id\":\"https:\\\/\\\/www.manitese.it\\\/en\\\/#website\",\"url\":\"https:\\\/\\\/www.manitese.it\\\/en\\\/\",\"name\":\"Mani Tese\",\"description\":\"\",\"potentialAction\":[{\"@type\":\"SearchAction\",\"target\":{\"@type\":\"EntryPoint\",\"urlTemplate\":\"https:\\\/\\\/www.manitese.it\\\/en\\\/?s={search_term_string}\"},\"query-input\":{\"@type\":\"PropertyValueSpecification\",\"valueRequired\":true,\"valueName\":\"search_term_string\"}}],\"inLanguage\":\"en-US\"},{\"@type\":\"Person\",\"@id\":\"https:\\\/\\\/www.manitese.it\\\/en\\\/#\\\/schema\\\/person\\\/5a9774f17e4940e2510bfeba90f04f65\",\"name\":\"agevis\",\"image\":{\"@type\":\"ImageObject\",\"inLanguage\":\"en-US\",\"@id\":\"https:\\\/\\\/secure.gravatar.com\\\/avatar\\\/2dc96c93fcf3387a5922a93b50fb3bff01d4800590fb6a4ab91a034adb25ba17?s=96&d=mm&r=g\",\"url\":\"https:\\\/\\\/secure.gravatar.com\\\/avatar\\\/2dc96c93fcf3387a5922a93b50fb3bff01d4800590fb6a4ab91a034adb25ba17?s=96&d=mm&r=g\",\"contentUrl\":\"https:\\\/\\\/secure.gravatar.com\\\/avatar\\\/2dc96c93fcf3387a5922a93b50fb3bff01d4800590fb6a4ab91a034adb25ba17?s=96&d=mm&r=g\",\"caption\":\"agevis\"},\"url\":\"https:\\\/\\\/www.manitese.it\\\/en\\\/author\\\/wp_agevis_admin\\\/\"}]}<\/script>\n<!-- \/ Yoast SEO plugin. -->","yoast_head_json":{"title":"IN BURKINA FASO FACCIAMO RETE CONTRO LA VIOLENZA DI GENERE - Mani Tese","description":"Riunite oltre 90 organizzazioni della societ\u00e0 civile nelle regioni del centro, centro-sud e plateau central del Burkina Faso. Leggi la notizia!","robots":{"index":"index","follow":"follow","max-snippet":"max-snippet:-1","max-image-preview":"max-image-preview:large","max-video-preview":"max-video-preview:-1"},"canonical":"https:\/\/www.manitese.it\/en\/in-burkina-faso-facciamo-rete-contro-la-violenza-di-genere\/","og_locale":"en_US","og_type":"article","og_title":"IN BURKINA FASO FACCIAMO RETE CONTRO LA VIOLENZA DI GENERE - Mani Tese","og_description":"Riunite oltre 90 organizzazioni della societ\u00e0 civile nelle regioni del centro, centro-sud e plateau central del Burkina Faso. Leggi la notizia!","og_url":"https:\/\/www.manitese.it\/en\/in-burkina-faso-facciamo-rete-contro-la-violenza-di-genere\/","og_site_name":"Mani Tese","article_published_time":"2020-11-17T09:21:51+00:00","article_modified_time":"2023-12-18T11:14:05+00:00","og_image":[{"width":1920,"height":800,"url":"https:\/\/www.manitese.it\/wp-content\/uploads\/2020\/11\/burkina-faso-facciamo-rete-contro-la-violenza-di-genere_mani-tese-2020-cover-1.jpg","type":"image\/jpeg"}],"author":"agevis","twitter_card":"summary_large_image","twitter_misc":{"Written by":"agevis","Est. reading time":"2 minutes"},"schema":{"@context":"https:\/\/schema.org","@graph":[{"@type":"Article","@id":"https:\/\/www.manitese.it\/en\/in-burkina-faso-facciamo-rete-contro-la-violenza-di-genere\/#article","isPartOf":{"@id":"https:\/\/www.manitese.it\/en\/in-burkina-faso-facciamo-rete-contro-la-violenza-di-genere\/"},"author":{"name":"agevis","@id":"https:\/\/www.manitese.it\/en\/#\/schema\/person\/5a9774f17e4940e2510bfeba90f04f65"},"headline":"IN BURKINA FASO FACCIAMO RETE CONTRO LA VIOLENZA DI GENERE","datePublished":"2020-11-17T09:21:51+00:00","dateModified":"2023-12-18T11:14:05+00:00","mainEntityOfPage":{"@id":"https:\/\/www.manitese.it\/en\/in-burkina-faso-facciamo-rete-contro-la-violenza-di-genere\/"},"wordCount":322,"commentCount":0,"image":{"@id":"https:\/\/www.manitese.it\/en\/in-burkina-faso-facciamo-rete-contro-la-violenza-di-genere\/#primaryimage"},"thumbnailUrl":"https:\/\/www.manitese.it\/wp-content\/uploads\/2020\/11\/burkina-faso-facciamo-rete-contro-la-violenza-di-genere_mani-tese-2020-cover-1.jpg","articleSection":["Diari"],"inLanguage":"en-US","potentialAction":[{"@type":"CommentAction","name":"Comment","target":["https:\/\/www.manitese.it\/en\/in-burkina-faso-facciamo-rete-contro-la-violenza-di-genere\/#respond"]}]},{"@type":"WebPage","@id":"https:\/\/www.manitese.it\/en\/in-burkina-faso-facciamo-rete-contro-la-violenza-di-genere\/","url":"https:\/\/www.manitese.it\/en\/in-burkina-faso-facciamo-rete-contro-la-violenza-di-genere\/","name":"IN BURKINA FASO FACCIAMO RETE CONTRO LA VIOLENZA DI GENERE - Mani Tese","isPartOf":{"@id":"https:\/\/www.manitese.it\/en\/#website"},"primaryImageOfPage":{"@id":"https:\/\/www.manitese.it\/en\/in-burkina-faso-facciamo-rete-contro-la-violenza-di-genere\/#primaryimage"},"image":{"@id":"https:\/\/www.manitese.it\/en\/in-burkina-faso-facciamo-rete-contro-la-violenza-di-genere\/#primaryimage"},"thumbnailUrl":"https:\/\/www.manitese.it\/wp-content\/uploads\/2020\/11\/burkina-faso-facciamo-rete-contro-la-violenza-di-genere_mani-tese-2020-cover-1.jpg","datePublished":"2020-11-17T09:21:51+00:00","dateModified":"2023-12-18T11:14:05+00:00","author":{"@id":"https:\/\/www.manitese.it\/en\/#\/schema\/person\/5a9774f17e4940e2510bfeba90f04f65"},"description":"Riunite oltre 90 organizzazioni della societ\u00e0 civile nelle regioni del centro, centro-sud e plateau central del Burkina Faso. Leggi la notizia!","breadcrumb":{"@id":"https:\/\/www.manitese.it\/en\/in-burkina-faso-facciamo-rete-contro-la-violenza-di-genere\/#breadcrumb"},"inLanguage":"en-US","potentialAction":[{"@type":"ReadAction","target":["https:\/\/www.manitese.it\/en\/in-burkina-faso-facciamo-rete-contro-la-violenza-di-genere\/"]}]},{"@type":"ImageObject","inLanguage":"en-US","@id":"https:\/\/www.manitese.it\/en\/in-burkina-faso-facciamo-rete-contro-la-violenza-di-genere\/#primaryimage","url":"https:\/\/www.manitese.it\/wp-content\/uploads\/2020\/11\/burkina-faso-facciamo-rete-contro-la-violenza-di-genere_mani-tese-2020-cover-1.jpg","contentUrl":"https:\/\/www.manitese.it\/wp-content\/uploads\/2020\/11\/burkina-faso-facciamo-rete-contro-la-violenza-di-genere_mani-tese-2020-cover-1.jpg","width":1920,"height":800,"caption":"burkina faso facciamo rete contro la violenza di genere_mani tese 2020 cover"},{"@type":"BreadcrumbList","@id":"https:\/\/www.manitese.it\/en\/in-burkina-faso-facciamo-rete-contro-la-violenza-di-genere\/#breadcrumb","itemListElement":[{"@type":"ListItem","position":1,"name":"Home","item":"https:\/\/www.manitese.it\/en\/"},{"@type":"ListItem","position":2,"name":"IN BURKINA FASO FACCIAMO RETE CONTRO LA VIOLENZA DI GENERE"}]},{"@type":"WebSite","@id":"https:\/\/www.manitese.it\/en\/#website","url":"https:\/\/www.manitese.it\/en\/","name":"Mani Tese","description":"","potentialAction":[{"@type":"SearchAction","target":{"@type":"EntryPoint","urlTemplate":"https:\/\/www.manitese.it\/en\/?s={search_term_string}"},"query-input":{"@type":"PropertyValueSpecification","valueRequired":true,"valueName":"search_term_string"}}],"inLanguage":"en-US"},{"@type":"Person","@id":"https:\/\/www.manitese.it\/en\/#\/schema\/person\/5a9774f17e4940e2510bfeba90f04f65","name":"agevis","image":{"@type":"ImageObject","inLanguage":"en-US","@id":"https:\/\/secure.gravatar.com\/avatar\/2dc96c93fcf3387a5922a93b50fb3bff01d4800590fb6a4ab91a034adb25ba17?s=96&d=mm&r=g","url":"https:\/\/secure.gravatar.com\/avatar\/2dc96c93fcf3387a5922a93b50fb3bff01d4800590fb6a4ab91a034adb25ba17?s=96&d=mm&r=g","contentUrl":"https:\/\/secure.gravatar.com\/avatar\/2dc96c93fcf3387a5922a93b50fb3bff01d4800590fb6a4ab91a034adb25ba17?s=96&d=mm&r=g","caption":"agevis"},"url":"https:\/\/www.manitese.it\/en\/author\/wp_agevis_admin\/"}]}},"jetpack_featured_media_url":"https:\/\/www.manitese.it\/wp-content\/uploads\/2020\/11\/burkina-faso-facciamo-rete-contro-la-violenza-di-genere_mani-tese-2020-cover-1.jpg","jetpack_sharing_enabled":true,"_links":{"self":[{"href":"https:\/\/www.manitese.it\/en\/wp-json\/wp\/v2\/posts\/68203","targetHints":{"allow":["GET"]}}],"collection":[{"href":"https:\/\/www.manitese.it\/en\/wp-json\/wp\/v2\/posts"}],"about":[{"href":"https:\/\/www.manitese.it\/en\/wp-json\/wp\/v2\/types\/post"}],"author":[{"embeddable":true,"href":"https:\/\/www.manitese.it\/en\/wp-json\/wp\/v2\/users\/1"}],"replies":[{"embeddable":true,"href":"https:\/\/www.manitese.it\/en\/wp-json\/wp\/v2\/comments?post=68203"}],"version-history":[{"count":2,"href":"https:\/\/www.manitese.it\/en\/wp-json\/wp\/v2\/posts\/68203\/revisions"}],"predecessor-version":[{"id":191892,"href":"https:\/\/www.manitese.it\/en\/wp-json\/wp\/v2\/posts\/68203\/revisions\/191892"}],"wp:featuredmedia":[{"embeddable":true,"href":"https:\/\/www.manitese.it\/en\/wp-json\/wp\/v2\/media\/68206"}],"wp:attachment":[{"href":"https:\/\/www.manitese.it\/en\/wp-json\/wp\/v2\/media?parent=68203"}],"wp:term":[{"taxonomy":"category","embeddable":true,"href":"https:\/\/www.manitese.it\/en\/wp-json\/wp\/v2\/categories?post=68203"},{"taxonomy":"post_tag","embeddable":true,"href":"https:\/\/www.manitese.it\/en\/wp-json\/wp\/v2\/tags?post=68203"},{"taxonomy":"thematic_area","embeddable":true,"href":"https:\/\/www.manitese.it\/en\/wp-json\/wp\/v2\/thematic_area?post=68203"}],"curies":[{"name":"wp","href":"https:\/\/api.w.org\/{rel}","templated":true}]}}