{"id":67936,"date":"2020-11-14T19:04:56","date_gmt":"2020-11-14T18:04:56","guid":{"rendered":"https:\/\/manitese.it\/?p=67936"},"modified":"2023-11-30T17:47:02","modified_gmt":"2023-11-30T16:47:02","slug":"la-resilienza-delle-comunita-della-guinea-bissau","status":"publish","type":"post","link":"https:\/\/www.manitese.it\/en\/la-resilienza-delle-comunita-della-guinea-bissau\/","title":{"rendered":"LA RESILIENZA DELLE COMUNIT\u00c0 DELLA GUINEA-BISSAU DI FRONTE ALLA CRISI"},"content":{"rendered":"\r\n<p><em>di Sara Gianesini, coordinatrice di progetto in Guinea-Bissau<\/em><\/p>\r\n\r\n\r\n\r\n<p>La pandemia di coronavirus che ha scosso il mondo non ha risparmiato neanche i Paesi pi\u00f9 poveri come la <strong><a href=\"https:\/\/manitese.it\/paese\/guinea-bissau\" target=\"_blank\" rel=\"noreferrer noopener\" aria-label=\"Guinea-Bissau (apre in una nuova scheda)\">Guinea-Bissau<\/a><\/strong> e, in seguito alle misure adottate per mitigare la diffusione del virus e l&#8217;entrata in vigore dello stato di emergenza, <strong>tutti i settori economici sono stati colpiti dalla crisi<\/strong>.<\/p>\r\n\r\n\r\n\r\n<p>Il settore agricolo, dominato dalla produzione e commercializzazione di anacardi, e quello delle piccole attivit\u00e0 economiche generanti reddito per lo pi\u00f9 informali, principali pilastri dell&#8217;economia locale, sono stati particolarmente colpiti. La caduta dei prezzi, la ridotta possibilit\u00e0 di commercializzare i prodotti agricoli, la chiusura delle frontiere terrestri, il divieto di fiere e mercati settimanali, la restrizione interna alla circolazione di merci e persone sono, tra gli altri, i fattori fondamentali della crisi.<\/p>\r\n\r\n\r\n\r\n<p><strong>Mani Tese<\/strong>, nell&#8217;ambito del progetto <strong><a href=\"https:\/\/manitese.it\/progetto\/integrazione-richiedenti-asilo-rifiugiati-senegalesi\" target=\"_blank\" rel=\"noreferrer noopener\" aria-label=\"\u201cProtezione e soluzioni durevoli per rifugiati e richiedenti asilo in Guinea-Bissau\u201d (apre in una nuova scheda)\">\u201cProtezione e soluzioni durevoli per rifugiati e richiedenti asilo in Guinea-Bissau\u201d<\/a><\/strong> finanziato da <strong><a href=\"https:\/\/www.unhcr.org\/it\/\" target=\"_blank\" rel=\"noreferrer noopener\" aria-label=\"UNHCR (apre in una nuova scheda)\">UNHCR<\/a><\/strong>, cos\u00ec come ha dovuto fare in altri interventi e hanno fatto le altre organizzazioni della societ\u00e0 civile, le istituzioni pubbliche e parastatali, ha dovuto effettuare una revisione dell&#8217;agenda di lavoro che ha portato a limitazioni di molte attivit\u00e0 che prevedevano formazioni in presenza e al rinvio di quelle iniziative che comportavano l\u2019assembramento delle persone.<\/p>\r\n\r\n\r\n\r\n<p>Tuttavia, l&#8217;organizzazione non \u00e8 rimasta insensibile alle difficolt\u00e0 riscontrate nei villaggi che, oltre alla pandemia, hanno subito anche <strong>forti<\/strong> <strong>piogge<\/strong> che hanno causato molti danni aggravando una situazione gi\u00e0 terribile. Le inondazioni tra luglio e settembre hanno infatti danneggiato molte case e distrutto pozzi, lasciando i residenti delle comunit\u00e0 di Cacheu senza acqua potabile.<\/p>\r\n\r\n\r\n\r\n<p>Per far fronte a queste difficolt\u00e0, \u00e8 stato avviato un processo di <strong>finanziamento di microprogetti comunitari<\/strong> per sviluppare attivit\u00e0 sociali ed economiche comunitarie, o di gruppi di individui nei villaggi di intervento, e fare del momento di crisi un\u2019opportunit\u00e0 per tutti.<\/p>\r\n\r\n\r\n\r\n<p>Tutte le idee di sostegno socio-economico comunitario seguono un rigoroso processo di selezione, i cui principali criteri di valutazione sono la vulnerabilit\u00e0 della comunit\u00e0, la rilevanza dell&#8217;idea rispetto al contesto specifico e la sua sostenibilit\u00e0.<\/p>\r\n\r\n\r\n\r\n<p>A settembre \u00e8 stato avviato il processo di pre-selezione delle idee progettuali raccolte durante l&#8217;anno e sei gruppi selezionati a ottobre hanno ricevuto <strong>una<\/strong> <strong>formazione in gestione economica comunitaria<\/strong> per raggiungere cos\u00ec l\u2019obiettivo di ridurre al minimo le sofferenze causate dalla pandemia di coronavirus e dalle piogge torrenziali di questa estate.<\/p>\r\n\r\n\r\n\r\n<p>Tra le idee selezionate, tre riguardano la ricostruzione e riparazione di pozzi e pompe per l\u2019acqua in comunit\u00e0 e due riguardano l\u2019acquisto di macchinari per facilitare la raccolta del riso e la sua trasformazione. I soggetti coinvoli, \u00a0come sempre dimostrano il loro grande interesse a sostegno di tutti: i progetti selezionati sono infatti a beneficio della comunit\u00e0 intera, perch\u00e9 per loro \u00e8 quella che conta.<\/p>\r\n\r\n\r\n\r\n<p>Qui di seguito, alcune foto delle formazioni che prevedevano presenze limitate, distanziamento sociale e l\u2019uso della mascherina.<\/p>\r\n\r\n\r\n\r\n<figure class=\"wp-block-image size-large\"><img decoding=\"async\" class=\"wp-image-67946\" src=\"https:\/\/manitese.it\/wp-content\/uploads\/2020\/11\/resilienza-comunit\u00e0-guinea-bissau-mani-tese-2020_1.jpg\" alt=\"resilienza comunit\u00e0 guinea bissau mani tese 2020\" \/><\/figure>\r\n\r\n\r\n\r\n<figure class=\"wp-block-image size-large\"><img decoding=\"async\" class=\"wp-image-67944\" src=\"https:\/\/manitese.it\/wp-content\/uploads\/2020\/11\/resilienza-comunit\u00e0-guinea-bissau-mani-tese-2020_2.jpg\" alt=\"\" \/><\/figure>\r\n\r\n\r\n\r\n<div class=\"wp-block-responsive-lightbox-gallery\">[rl_gallery id=&#8221;67954&#8243;]<\/div>\r\n","protected":false},"excerpt":{"rendered":"<p>Nella regione di Cacheu sono stati finanziati dei microprogetti per permettere alle comunit\u00e0 di affrontare la crisi causata dalla pandemia e dalle piogge.<\/p>\n","protected":false},"author":1,"featured_media":67939,"comment_status":"open","ping_status":"open","sticky":false,"template":"","format":"standard","meta":{"_acf_changed":false,"give_campaign_id":0,"inline_featured_image":false,"_jetpack_memberships_contains_paid_content":false,"footnotes":""},"categories":[3],"tags":[],"thematic_area":[],"class_list":["post-67936","post","type-post","status-publish","format-standard","has-post-thumbnail","hentry","category-diari"],"acf":[],"yoast_head":"<!-- This site is optimized with the Yoast SEO plugin v27.5 - https:\/\/yoast.com\/product\/yoast-seo-wordpress\/ -->\n<title>La resilienza delle comunit\u00e0 della Guinea-Bissau di fronte alla crisi - Mani Tese<\/title>\n<meta name=\"description\" content=\"Nella regione di Cacheu sono stati finanziati dei microprogetti per permettere alle comunit\u00e0 di affrontare la crisi causata dalla pandemia e dalle piogge.\" \/>\n<meta name=\"robots\" content=\"index, follow, max-snippet:-1, max-image-preview:large, max-video-preview:-1\" \/>\n<link rel=\"canonical\" href=\"https:\/\/www.manitese.it\/en\/la-resilienza-delle-comunita-della-guinea-bissau\/\" \/>\n<meta property=\"og:locale\" content=\"en_US\" \/>\n<meta property=\"og:type\" content=\"article\" \/>\n<meta property=\"og:title\" content=\"La resilienza delle comunit\u00e0 della Guinea-Bissau di fronte alla crisi - Mani Tese\" \/>\n<meta property=\"og:description\" content=\"Nella regione di Cacheu sono stati finanziati dei microprogetti per permettere alle comunit\u00e0 di affrontare la crisi causata dalla pandemia e dalle piogge.\" \/>\n<meta property=\"og:url\" content=\"https:\/\/www.manitese.it\/en\/la-resilienza-delle-comunita-della-guinea-bissau\/\" \/>\n<meta property=\"og:site_name\" content=\"Mani Tese\" \/>\n<meta property=\"article:published_time\" content=\"2020-11-14T18:04:56+00:00\" \/>\n<meta property=\"article:modified_time\" content=\"2023-11-30T16:47:02+00:00\" \/>\n<meta property=\"og:image\" content=\"https:\/\/www.manitese.it\/wp-content\/uploads\/2020\/11\/resilienza-comunita-guinea-bissau-mani-tese-2020-cover.jpg\" \/>\n\t<meta property=\"og:image:width\" content=\"1920\" \/>\n\t<meta property=\"og:image:height\" content=\"800\" \/>\n\t<meta property=\"og:image:type\" content=\"image\/jpeg\" \/>\n<meta name=\"author\" content=\"agevis\" \/>\n<meta name=\"twitter:card\" content=\"summary_large_image\" \/>\n<meta name=\"twitter:label1\" content=\"Written by\" \/>\n\t<meta name=\"twitter:data1\" content=\"agevis\" \/>\n\t<meta name=\"twitter:label2\" content=\"Est. reading time\" \/>\n\t<meta name=\"twitter:data2\" content=\"3 minutes\" \/>\n<script type=\"application\/ld+json\" class=\"yoast-schema-graph\">{\"@context\":\"https:\\\/\\\/schema.org\",\"@graph\":[{\"@type\":\"Article\",\"@id\":\"https:\\\/\\\/www.manitese.it\\\/en\\\/la-resilienza-delle-comunita-della-guinea-bissau\\\/#article\",\"isPartOf\":{\"@id\":\"https:\\\/\\\/www.manitese.it\\\/en\\\/la-resilienza-delle-comunita-della-guinea-bissau\\\/\"},\"author\":{\"name\":\"agevis\",\"@id\":\"https:\\\/\\\/www.manitese.it\\\/en\\\/#\\\/schema\\\/person\\\/5a9774f17e4940e2510bfeba90f04f65\"},\"headline\":\"LA RESILIENZA DELLE COMUNIT\u00c0 DELLA GUINEA-BISSAU DI FRONTE ALLA CRISI\",\"datePublished\":\"2020-11-14T18:04:56+00:00\",\"dateModified\":\"2023-11-30T16:47:02+00:00\",\"mainEntityOfPage\":{\"@id\":\"https:\\\/\\\/www.manitese.it\\\/en\\\/la-resilienza-delle-comunita-della-guinea-bissau\\\/\"},\"wordCount\":487,\"commentCount\":0,\"image\":{\"@id\":\"https:\\\/\\\/www.manitese.it\\\/en\\\/la-resilienza-delle-comunita-della-guinea-bissau\\\/#primaryimage\"},\"thumbnailUrl\":\"https:\\\/\\\/www.manitese.it\\\/wp-content\\\/uploads\\\/2020\\\/11\\\/resilienza-comunita-guinea-bissau-mani-tese-2020-cover.jpg\",\"articleSection\":[\"Diari\"],\"inLanguage\":\"en-US\",\"potentialAction\":[{\"@type\":\"CommentAction\",\"name\":\"Comment\",\"target\":[\"https:\\\/\\\/www.manitese.it\\\/en\\\/la-resilienza-delle-comunita-della-guinea-bissau\\\/#respond\"]}]},{\"@type\":\"WebPage\",\"@id\":\"https:\\\/\\\/www.manitese.it\\\/en\\\/la-resilienza-delle-comunita-della-guinea-bissau\\\/\",\"url\":\"https:\\\/\\\/www.manitese.it\\\/en\\\/la-resilienza-delle-comunita-della-guinea-bissau\\\/\",\"name\":\"La resilienza delle comunit\u00e0 della Guinea-Bissau di fronte alla crisi - Mani Tese\",\"isPartOf\":{\"@id\":\"https:\\\/\\\/www.manitese.it\\\/en\\\/#website\"},\"primaryImageOfPage\":{\"@id\":\"https:\\\/\\\/www.manitese.it\\\/en\\\/la-resilienza-delle-comunita-della-guinea-bissau\\\/#primaryimage\"},\"image\":{\"@id\":\"https:\\\/\\\/www.manitese.it\\\/en\\\/la-resilienza-delle-comunita-della-guinea-bissau\\\/#primaryimage\"},\"thumbnailUrl\":\"https:\\\/\\\/www.manitese.it\\\/wp-content\\\/uploads\\\/2020\\\/11\\\/resilienza-comunita-guinea-bissau-mani-tese-2020-cover.jpg\",\"datePublished\":\"2020-11-14T18:04:56+00:00\",\"dateModified\":\"2023-11-30T16:47:02+00:00\",\"author\":{\"@id\":\"https:\\\/\\\/www.manitese.it\\\/en\\\/#\\\/schema\\\/person\\\/5a9774f17e4940e2510bfeba90f04f65\"},\"description\":\"Nella regione di Cacheu sono stati finanziati dei microprogetti per permettere alle comunit\u00e0 di affrontare la crisi causata dalla pandemia e dalle piogge.\",\"breadcrumb\":{\"@id\":\"https:\\\/\\\/www.manitese.it\\\/en\\\/la-resilienza-delle-comunita-della-guinea-bissau\\\/#breadcrumb\"},\"inLanguage\":\"en-US\",\"potentialAction\":[{\"@type\":\"ReadAction\",\"target\":[\"https:\\\/\\\/www.manitese.it\\\/en\\\/la-resilienza-delle-comunita-della-guinea-bissau\\\/\"]}]},{\"@type\":\"ImageObject\",\"inLanguage\":\"en-US\",\"@id\":\"https:\\\/\\\/www.manitese.it\\\/en\\\/la-resilienza-delle-comunita-della-guinea-bissau\\\/#primaryimage\",\"url\":\"https:\\\/\\\/www.manitese.it\\\/wp-content\\\/uploads\\\/2020\\\/11\\\/resilienza-comunita-guinea-bissau-mani-tese-2020-cover.jpg\",\"contentUrl\":\"https:\\\/\\\/www.manitese.it\\\/wp-content\\\/uploads\\\/2020\\\/11\\\/resilienza-comunita-guinea-bissau-mani-tese-2020-cover.jpg\",\"width\":1920,\"height\":800,\"caption\":\"resilienza comunit\u00e0 guinea bissau mani tese 2020\"},{\"@type\":\"BreadcrumbList\",\"@id\":\"https:\\\/\\\/www.manitese.it\\\/en\\\/la-resilienza-delle-comunita-della-guinea-bissau\\\/#breadcrumb\",\"itemListElement\":[{\"@type\":\"ListItem\",\"position\":1,\"name\":\"Home\",\"item\":\"https:\\\/\\\/www.manitese.it\\\/en\\\/\"},{\"@type\":\"ListItem\",\"position\":2,\"name\":\"LA RESILIENZA DELLE COMUNIT\u00c0 DELLA GUINEA-BISSAU DI FRONTE ALLA CRISI\"}]},{\"@type\":\"WebSite\",\"@id\":\"https:\\\/\\\/www.manitese.it\\\/en\\\/#website\",\"url\":\"https:\\\/\\\/www.manitese.it\\\/en\\\/\",\"name\":\"Mani Tese\",\"description\":\"\",\"potentialAction\":[{\"@type\":\"SearchAction\",\"target\":{\"@type\":\"EntryPoint\",\"urlTemplate\":\"https:\\\/\\\/www.manitese.it\\\/en\\\/?s={search_term_string}\"},\"query-input\":{\"@type\":\"PropertyValueSpecification\",\"valueRequired\":true,\"valueName\":\"search_term_string\"}}],\"inLanguage\":\"en-US\"},{\"@type\":\"Person\",\"@id\":\"https:\\\/\\\/www.manitese.it\\\/en\\\/#\\\/schema\\\/person\\\/5a9774f17e4940e2510bfeba90f04f65\",\"name\":\"agevis\",\"image\":{\"@type\":\"ImageObject\",\"inLanguage\":\"en-US\",\"@id\":\"https:\\\/\\\/secure.gravatar.com\\\/avatar\\\/2dc96c93fcf3387a5922a93b50fb3bff01d4800590fb6a4ab91a034adb25ba17?s=96&d=mm&r=g\",\"url\":\"https:\\\/\\\/secure.gravatar.com\\\/avatar\\\/2dc96c93fcf3387a5922a93b50fb3bff01d4800590fb6a4ab91a034adb25ba17?s=96&d=mm&r=g\",\"contentUrl\":\"https:\\\/\\\/secure.gravatar.com\\\/avatar\\\/2dc96c93fcf3387a5922a93b50fb3bff01d4800590fb6a4ab91a034adb25ba17?s=96&d=mm&r=g\",\"caption\":\"agevis\"},\"url\":\"https:\\\/\\\/www.manitese.it\\\/en\\\/author\\\/wp_agevis_admin\\\/\"}]}<\/script>\n<!-- \/ Yoast SEO plugin. -->","yoast_head_json":{"title":"La resilienza delle comunit\u00e0 della Guinea-Bissau di fronte alla crisi - Mani Tese","description":"Nella regione di Cacheu sono stati finanziati dei microprogetti per permettere alle comunit\u00e0 di affrontare la crisi causata dalla pandemia e dalle piogge.","robots":{"index":"index","follow":"follow","max-snippet":"max-snippet:-1","max-image-preview":"max-image-preview:large","max-video-preview":"max-video-preview:-1"},"canonical":"https:\/\/www.manitese.it\/en\/la-resilienza-delle-comunita-della-guinea-bissau\/","og_locale":"en_US","og_type":"article","og_title":"La resilienza delle comunit\u00e0 della Guinea-Bissau di fronte alla crisi - Mani Tese","og_description":"Nella regione di Cacheu sono stati finanziati dei microprogetti per permettere alle comunit\u00e0 di affrontare la crisi causata dalla pandemia e dalle piogge.","og_url":"https:\/\/www.manitese.it\/en\/la-resilienza-delle-comunita-della-guinea-bissau\/","og_site_name":"Mani Tese","article_published_time":"2020-11-14T18:04:56+00:00","article_modified_time":"2023-11-30T16:47:02+00:00","og_image":[{"width":1920,"height":800,"url":"https:\/\/www.manitese.it\/wp-content\/uploads\/2020\/11\/resilienza-comunita-guinea-bissau-mani-tese-2020-cover.jpg","type":"image\/jpeg"}],"author":"agevis","twitter_card":"summary_large_image","twitter_misc":{"Written by":"agevis","Est. reading time":"3 minutes"},"schema":{"@context":"https:\/\/schema.org","@graph":[{"@type":"Article","@id":"https:\/\/www.manitese.it\/en\/la-resilienza-delle-comunita-della-guinea-bissau\/#article","isPartOf":{"@id":"https:\/\/www.manitese.it\/en\/la-resilienza-delle-comunita-della-guinea-bissau\/"},"author":{"name":"agevis","@id":"https:\/\/www.manitese.it\/en\/#\/schema\/person\/5a9774f17e4940e2510bfeba90f04f65"},"headline":"LA RESILIENZA DELLE COMUNIT\u00c0 DELLA GUINEA-BISSAU DI FRONTE ALLA CRISI","datePublished":"2020-11-14T18:04:56+00:00","dateModified":"2023-11-30T16:47:02+00:00","mainEntityOfPage":{"@id":"https:\/\/www.manitese.it\/en\/la-resilienza-delle-comunita-della-guinea-bissau\/"},"wordCount":487,"commentCount":0,"image":{"@id":"https:\/\/www.manitese.it\/en\/la-resilienza-delle-comunita-della-guinea-bissau\/#primaryimage"},"thumbnailUrl":"https:\/\/www.manitese.it\/wp-content\/uploads\/2020\/11\/resilienza-comunita-guinea-bissau-mani-tese-2020-cover.jpg","articleSection":["Diari"],"inLanguage":"en-US","potentialAction":[{"@type":"CommentAction","name":"Comment","target":["https:\/\/www.manitese.it\/en\/la-resilienza-delle-comunita-della-guinea-bissau\/#respond"]}]},{"@type":"WebPage","@id":"https:\/\/www.manitese.it\/en\/la-resilienza-delle-comunita-della-guinea-bissau\/","url":"https:\/\/www.manitese.it\/en\/la-resilienza-delle-comunita-della-guinea-bissau\/","name":"La resilienza delle comunit\u00e0 della Guinea-Bissau di fronte alla crisi - Mani Tese","isPartOf":{"@id":"https:\/\/www.manitese.it\/en\/#website"},"primaryImageOfPage":{"@id":"https:\/\/www.manitese.it\/en\/la-resilienza-delle-comunita-della-guinea-bissau\/#primaryimage"},"image":{"@id":"https:\/\/www.manitese.it\/en\/la-resilienza-delle-comunita-della-guinea-bissau\/#primaryimage"},"thumbnailUrl":"https:\/\/www.manitese.it\/wp-content\/uploads\/2020\/11\/resilienza-comunita-guinea-bissau-mani-tese-2020-cover.jpg","datePublished":"2020-11-14T18:04:56+00:00","dateModified":"2023-11-30T16:47:02+00:00","author":{"@id":"https:\/\/www.manitese.it\/en\/#\/schema\/person\/5a9774f17e4940e2510bfeba90f04f65"},"description":"Nella regione di Cacheu sono stati finanziati dei microprogetti per permettere alle comunit\u00e0 di affrontare la crisi causata dalla pandemia e dalle piogge.","breadcrumb":{"@id":"https:\/\/www.manitese.it\/en\/la-resilienza-delle-comunita-della-guinea-bissau\/#breadcrumb"},"inLanguage":"en-US","potentialAction":[{"@type":"ReadAction","target":["https:\/\/www.manitese.it\/en\/la-resilienza-delle-comunita-della-guinea-bissau\/"]}]},{"@type":"ImageObject","inLanguage":"en-US","@id":"https:\/\/www.manitese.it\/en\/la-resilienza-delle-comunita-della-guinea-bissau\/#primaryimage","url":"https:\/\/www.manitese.it\/wp-content\/uploads\/2020\/11\/resilienza-comunita-guinea-bissau-mani-tese-2020-cover.jpg","contentUrl":"https:\/\/www.manitese.it\/wp-content\/uploads\/2020\/11\/resilienza-comunita-guinea-bissau-mani-tese-2020-cover.jpg","width":1920,"height":800,"caption":"resilienza comunit\u00e0 guinea bissau mani tese 2020"},{"@type":"BreadcrumbList","@id":"https:\/\/www.manitese.it\/en\/la-resilienza-delle-comunita-della-guinea-bissau\/#breadcrumb","itemListElement":[{"@type":"ListItem","position":1,"name":"Home","item":"https:\/\/www.manitese.it\/en\/"},{"@type":"ListItem","position":2,"name":"LA RESILIENZA DELLE COMUNIT\u00c0 DELLA GUINEA-BISSAU DI FRONTE ALLA CRISI"}]},{"@type":"WebSite","@id":"https:\/\/www.manitese.it\/en\/#website","url":"https:\/\/www.manitese.it\/en\/","name":"Mani Tese","description":"","potentialAction":[{"@type":"SearchAction","target":{"@type":"EntryPoint","urlTemplate":"https:\/\/www.manitese.it\/en\/?s={search_term_string}"},"query-input":{"@type":"PropertyValueSpecification","valueRequired":true,"valueName":"search_term_string"}}],"inLanguage":"en-US"},{"@type":"Person","@id":"https:\/\/www.manitese.it\/en\/#\/schema\/person\/5a9774f17e4940e2510bfeba90f04f65","name":"agevis","image":{"@type":"ImageObject","inLanguage":"en-US","@id":"https:\/\/secure.gravatar.com\/avatar\/2dc96c93fcf3387a5922a93b50fb3bff01d4800590fb6a4ab91a034adb25ba17?s=96&d=mm&r=g","url":"https:\/\/secure.gravatar.com\/avatar\/2dc96c93fcf3387a5922a93b50fb3bff01d4800590fb6a4ab91a034adb25ba17?s=96&d=mm&r=g","contentUrl":"https:\/\/secure.gravatar.com\/avatar\/2dc96c93fcf3387a5922a93b50fb3bff01d4800590fb6a4ab91a034adb25ba17?s=96&d=mm&r=g","caption":"agevis"},"url":"https:\/\/www.manitese.it\/en\/author\/wp_agevis_admin\/"}]}},"jetpack_featured_media_url":"https:\/\/www.manitese.it\/wp-content\/uploads\/2020\/11\/resilienza-comunita-guinea-bissau-mani-tese-2020-cover.jpg","jetpack_sharing_enabled":true,"_links":{"self":[{"href":"https:\/\/www.manitese.it\/en\/wp-json\/wp\/v2\/posts\/67936","targetHints":{"allow":["GET"]}}],"collection":[{"href":"https:\/\/www.manitese.it\/en\/wp-json\/wp\/v2\/posts"}],"about":[{"href":"https:\/\/www.manitese.it\/en\/wp-json\/wp\/v2\/types\/post"}],"author":[{"embeddable":true,"href":"https:\/\/www.manitese.it\/en\/wp-json\/wp\/v2\/users\/1"}],"replies":[{"embeddable":true,"href":"https:\/\/www.manitese.it\/en\/wp-json\/wp\/v2\/comments?post=67936"}],"version-history":[{"count":2,"href":"https:\/\/www.manitese.it\/en\/wp-json\/wp\/v2\/posts\/67936\/revisions"}],"predecessor-version":[{"id":191738,"href":"https:\/\/www.manitese.it\/en\/wp-json\/wp\/v2\/posts\/67936\/revisions\/191738"}],"wp:featuredmedia":[{"embeddable":true,"href":"https:\/\/www.manitese.it\/en\/wp-json\/wp\/v2\/media\/67939"}],"wp:attachment":[{"href":"https:\/\/www.manitese.it\/en\/wp-json\/wp\/v2\/media?parent=67936"}],"wp:term":[{"taxonomy":"category","embeddable":true,"href":"https:\/\/www.manitese.it\/en\/wp-json\/wp\/v2\/categories?post=67936"},{"taxonomy":"post_tag","embeddable":true,"href":"https:\/\/www.manitese.it\/en\/wp-json\/wp\/v2\/tags?post=67936"},{"taxonomy":"thematic_area","embeddable":true,"href":"https:\/\/www.manitese.it\/en\/wp-json\/wp\/v2\/thematic_area?post=67936"}],"curies":[{"name":"wp","href":"https:\/\/api.w.org\/{rel}","templated":true}]}}