{"id":67511,"date":"2020-11-09T21:24:57","date_gmt":"2020-11-09T20:24:57","guid":{"rendered":"https:\/\/manitese.it\/?p=67511"},"modified":"2023-12-18T16:37:36","modified_gmt":"2023-12-18T15:37:36","slug":"il-fenomeno-dei-bambini-talibe-in-guinea-bissau","status":"publish","type":"post","link":"https:\/\/www.manitese.it\/en\/il-fenomeno-dei-bambini-talibe-in-guinea-bissau\/","title":{"rendered":"IL FENOMENO DEI BAMBINI TALIB\u00c9 E LA TUTELA DEI DIRITTI DELL\u2019INFANZIA IN GUINEA-BISSAU"},"content":{"rendered":"\r\n<p><em>di Giulia Inguaggiato, cooperante in Guinea-Bissau<\/em><\/p>\r\n\r\n\r\n\r\n<p><strong><em>Talib\u00e9<\/em><\/strong>, in lingua araba, significa \u201ccercare\u201d mentre il <strong><em>talbo<\/em><\/strong>, nella tradizione dei Mandinga di Bidjine, \u00e8 una persona che si sposta da un luogo a un altro per apprendere il Corano. Nell\u2019Africa Occidentale la parola talib\u00e9 ha assunto purtroppo un carattere negativo poich\u00e9 descrive <strong>un fenomeno transfrontaliero di sfruttamento che colpisce svariati Paesi africani<\/strong>, tra i quali la <strong>Guinea-Bissau<\/strong> dove Mani Tese opera da pi\u00f9 di 40 anni.<\/p>\r\n\r\n\r\n\r\n<p>In questo contesto si definiscono <strong>talib\u00e9<\/strong> i bambini reclutati in massa da villaggi e citt\u00e0 e mandati in <strong>Senegal, Gambia e Guinea-Conakry<\/strong> con la scusa di acquisire i precetti coranici. Dinnanzi alla precariet\u00e0 dell\u2019insegnamento che connota la Guinea-Bissau, e in un contesto di forte povert\u00e0 delle comunit\u00e0 rurali, <strong>molte famiglie lasciano partire i propri figli con la speranza di assicurargli una migliore educazione religiosa all\u2019estero<\/strong>.<\/p>\r\n\r\n\r\n\r\n<p>Tuttavia, le famiglie sono ignare del vero scopo del viaggio e delle condizioni di vita in cui verseranno i minori una volta partiti. Giunti nel paese di destinazione i bambini, di et\u00e0 compresa tra i 5 e i 15 anni, <strong>vengono infatti lasciati a mendicare nelle strade da supposti maestri coranici<\/strong> che pretendono giornalmente una somma di denaro. <strong>Mangiano poco e male<\/strong>, molto spesso solo attraverso la carit\u00e0 che ricevono nelle strade, <strong>indossano stracci sporchi e logori e dormono sui marciapiedi<\/strong>. Inoltre, quando non riescono a consegnare alla fine della lunga giornata di mendicanza la somma di denaro richiesta, <strong>vengono picchiati e abusati<\/strong>.<\/p>\r\n\r\n\r\n\r\n<p>Nel contesto del <strong>traffico dei minori<\/strong> che interessa la subregione dell\u2019Africa Occidentale, <strong>la Guinea-Bissau rappresenta un Paese di origine dei flussi<\/strong>, con una predominanza del fenomeno nelle regioni di <strong>Gabu<\/strong> e <strong>Bafata<\/strong>, connotate dalla forte presenza di comunit\u00e0 musulmane. Alla luce della condizione inumana e degradante che caratterizza i talib\u00e9, <strong>molti bambini tentano di scappare da questa forma di schiavit\u00f9 moderna<\/strong>, cercando protezione e sicurezza.<\/p>\r\n\r\n\r\n\r\n<p>\u00c8 questo il quadro nel quale <strong>Mani Tese<\/strong> ha deciso di intervenire, come partner di <strong><a href=\"https:\/\/www.volint.it\/\" target=\"_blank\" rel=\"noreferrer noopener\" aria-label=\" (apre in una nuova scheda)\">VIS &#8211; Volontariato Internazionale per lo Sviluppo<\/a><\/strong> e <strong><a href=\"https:\/\/www.coopi.org\/\" target=\"_blank\" rel=\"noreferrer noopener\" aria-label=\" (apre in una nuova scheda)\">COOPI \u2013 Cooperazione Internazionale<\/a><\/strong>, nelle azioni in Guinea Bissau del progetto Multipaese <strong><a href=\"https:\/\/manitese.it\/progetto\/futuro-protezione-formazione-occupazione-migranti-in-senegal-gambia-guinea-bissau\" target=\"_blank\" rel=\"noreferrer noopener\" aria-label=\"\u201cInvestire sul futuro: protezione, formazione e occupazione per i migranti di ritorno, i migranti potenziali ed i migranti minori non accompagnati in Senegal, Gambia e Guinea Bissau\u201d (apre in una nuova scheda)\">\u201cInvestire sul futuro: protezione, formazione e occupazione per i migranti di ritorno, i migranti potenziali ed i migranti minori non accompagnati in Senegal, Gambia e Guinea Bissau\u201d<\/a><\/strong>, cofinanziato dall\u2019<a href=\"https:\/\/www.aics.gov.it\/\" target=\"_blank\" rel=\"noreferrer noopener\" aria-label=\" (apre in una nuova scheda)\"><strong>Agenzia Italiana per la Cooperazione allo Sviluppo<\/strong><\/a>, che include, tra i suoi ambiti di intervento, proprio la <strong>protezione dei minori e dei diritti dell\u2019infanzia<\/strong>, proseguendo il processo di rafforzamento delle capacit\u00e0 del partner locale <strong>Amigos das Criancas &#8211; AMIC<\/strong>, iniziato nel 2018.<\/p>\r\n\r\n\r\n\r\n<p>AMIC \u00e8 infatti parte della <strong>RAO, la Rete dell\u2019Africa dell\u2019Ovest<\/strong>, che si occupa della protezione dei minori e dei giovani in mobilit\u00e0 che versano condizione di vulnerabilit\u00e0, nello spazio della CEDEAO (Comunit\u00e0 economica degli Stati dell&#8217;Africa occidentale) e in Mauritania. AMIC coordina il lavoro della Rete in Guinea-Bissau, contribuendo alla protezione dei minori attraverso la loro presa in carico, la reintegrazione individuale nelle comunit\u00e0 di origine e con attivit\u00e0 di prevenzione, che mirano a sensibilizzare le famiglie di appartenenza su un fenomeno spesso ignorato e sottovalutato.<\/p>\r\n\r\n\r\n\r\n<p><strong>Mani Tese<\/strong>, con l\u2019attuale intervento, supporta l\u2019intero processo di tutela dei minori, dalla fase dell\u2019accoglienza, attraverso il <strong>miglioramento della struttura ricettiva di Gabu<\/strong>, fino alla completa reintegrazione dei talib\u00e9, assicurando <strong>sussidio psico-sociale<\/strong>, secondo un approccio olistico che si rivolge contemporaneamente a famiglie e minori, e garantendo il <strong>reinserimento scolastico<\/strong>. Tuttavia, consapevoli che tale azione non possa prescindere dal rafforzamento del livello istituzionale, <strong>l\u2019intervento mira anche a consolidare il meccanismo di coordinamento nazionale di lotta al traffico<\/strong>, affinch\u00e9 il quadro legislativo possa allinearsi agli standard nazionali, sovranazionali ed internazionali sulla protezione dei minori, rendendo il processo di protezione e reintegrazione pi\u00f9 durevole nel tempo.<\/p>\r\n\r\n\r\n\r\n<p>Qui di seguito alcune foto dal centro di accoglienza di Gabu:<\/p>\r\n\r\n\r\n\r\n<div class=\"wp-block-responsive-lightbox-gallery\">[rl_gallery id=&#8221;67528&#8243;]<\/div>\r\n\r\n\r\n\r\n<p><em>Un gruppo di minori accolti a Gabu e a Pirada<\/em><\/p>\r\n\r\n\r\n\r\n<figure class=\"wp-block-image size-large\"><img decoding=\"async\" class=\"wp-image-67538\" src=\"https:\/\/manitese.it\/wp-content\/uploads\/2020\/11\/bambini-talib\u00e9-guinea-bissau-mani-tese-2020_1-1024x768.jpg\" alt=\"\" \/>\r\n<figcaption><em>Un bambino sottoposto a visita medica<\/em><\/figcaption>\r\n<\/figure>\r\n\r\n\r\n\r\n<div class=\"wp-block-responsive-lightbox-gallery\">[rl_gallery id=&#8221;67533&#8243;]<\/div>\r\n\r\n\r\n\r\n<p><em>Momento ludici presso il centro di accoglienza di Gabu<\/em><\/p>\r\n\r\n\r\n\r\n<figure class=\"wp-block-image size-large\"><img decoding=\"async\" class=\"wp-image-67540\" src=\"https:\/\/manitese.it\/wp-content\/uploads\/2020\/11\/bambini-talib\u00e9-guinea-bissau-mani-tese-2020_5-1024x768.jpg\" alt=\"\" \/>\r\n<figcaption><em>Un genitore firma il documento di presa in carico di un minore<\/em><\/figcaption>\r\n<\/figure>\r\n\r\n\r\n\r\n<p>&nbsp;<\/p>\r\n","protected":false},"excerpt":{"rendered":"<p>La nostra cooperante in Guinea-Bissau Giulia ci racconta il fenomeno dei bambini talib\u00e9, una delle tante facce dello sfruttamento minorile.<\/p>\n","protected":false},"author":1,"featured_media":67522,"comment_status":"open","ping_status":"open","sticky":false,"template":"","format":"standard","meta":{"_acf_changed":false,"give_campaign_id":0,"inline_featured_image":false,"_jetpack_memberships_contains_paid_content":false,"footnotes":""},"categories":[3],"tags":[],"thematic_area":[909,910],"class_list":["post-67511","post","type-post","status-publish","format-standard","has-post-thumbnail","hentry","category-diari","thematic_area-inclusione-sociale","thematic_area-poverta-educative"],"acf":[],"yoast_head":"<!-- This site is optimized with the Yoast SEO plugin v27.5 - https:\/\/yoast.com\/product\/yoast-seo-wordpress\/ -->\n<title>IL FENOMENO DEI BAMBINI TALIB\u00c9 E LA TUTELA DEI DIRITTI DELL\u2019INFANZIA IN GUINEA-BISSAU - Mani Tese<\/title>\n<meta name=\"description\" content=\"La nostra cooperante in Guinea-Bissau Giulia ci racconta il fenomeno dei bambini talib\u00e9, una delle tante facce dello sfruttamento minorile.\" \/>\n<meta name=\"robots\" content=\"index, follow, max-snippet:-1, max-image-preview:large, max-video-preview:-1\" \/>\n<link rel=\"canonical\" href=\"https:\/\/www.manitese.it\/en\/il-fenomeno-dei-bambini-talibe-in-guinea-bissau\/\" \/>\n<meta property=\"og:locale\" content=\"en_US\" \/>\n<meta property=\"og:type\" content=\"article\" \/>\n<meta property=\"og:title\" content=\"IL FENOMENO DEI BAMBINI TALIB\u00c9 E LA TUTELA DEI DIRITTI DELL\u2019INFANZIA IN GUINEA-BISSAU - Mani Tese\" \/>\n<meta property=\"og:description\" content=\"La nostra cooperante in Guinea-Bissau Giulia ci racconta il fenomeno dei bambini talib\u00e9, una delle tante facce dello sfruttamento minorile.\" \/>\n<meta property=\"og:url\" content=\"https:\/\/www.manitese.it\/en\/il-fenomeno-dei-bambini-talibe-in-guinea-bissau\/\" \/>\n<meta property=\"og:site_name\" content=\"Mani Tese\" \/>\n<meta property=\"article:published_time\" content=\"2020-11-09T20:24:57+00:00\" \/>\n<meta property=\"article:modified_time\" content=\"2023-12-18T15:37:36+00:00\" \/>\n<meta property=\"og:image\" content=\"https:\/\/www.manitese.it\/wp-content\/uploads\/2020\/11\/bambini-talibe-guinea-bissau-mani-tese-2020-cover-1.jpg\" \/>\n\t<meta property=\"og:image:width\" content=\"1920\" \/>\n\t<meta property=\"og:image:height\" content=\"800\" \/>\n\t<meta property=\"og:image:type\" content=\"image\/jpeg\" \/>\n<meta name=\"author\" content=\"agevis\" \/>\n<meta name=\"twitter:card\" content=\"summary_large_image\" \/>\n<meta name=\"twitter:label1\" content=\"Written by\" \/>\n\t<meta name=\"twitter:data1\" content=\"agevis\" \/>\n\t<meta name=\"twitter:label2\" content=\"Est. reading time\" \/>\n\t<meta name=\"twitter:data2\" content=\"4 minutes\" \/>\n<script type=\"application\/ld+json\" class=\"yoast-schema-graph\">{\"@context\":\"https:\\\/\\\/schema.org\",\"@graph\":[{\"@type\":\"Article\",\"@id\":\"https:\\\/\\\/www.manitese.it\\\/en\\\/il-fenomeno-dei-bambini-talibe-in-guinea-bissau\\\/#article\",\"isPartOf\":{\"@id\":\"https:\\\/\\\/www.manitese.it\\\/en\\\/il-fenomeno-dei-bambini-talibe-in-guinea-bissau\\\/\"},\"author\":{\"name\":\"agevis\",\"@id\":\"https:\\\/\\\/www.manitese.it\\\/en\\\/#\\\/schema\\\/person\\\/5a9774f17e4940e2510bfeba90f04f65\"},\"headline\":\"IL FENOMENO DEI BAMBINI TALIB\u00c9 E LA TUTELA DEI DIRITTI DELL\u2019INFANZIA IN GUINEA-BISSAU\",\"datePublished\":\"2020-11-09T20:24:57+00:00\",\"dateModified\":\"2023-12-18T15:37:36+00:00\",\"mainEntityOfPage\":{\"@id\":\"https:\\\/\\\/www.manitese.it\\\/en\\\/il-fenomeno-dei-bambini-talibe-in-guinea-bissau\\\/\"},\"wordCount\":675,\"commentCount\":0,\"image\":{\"@id\":\"https:\\\/\\\/www.manitese.it\\\/en\\\/il-fenomeno-dei-bambini-talibe-in-guinea-bissau\\\/#primaryimage\"},\"thumbnailUrl\":\"https:\\\/\\\/www.manitese.it\\\/wp-content\\\/uploads\\\/2020\\\/11\\\/bambini-talibe-guinea-bissau-mani-tese-2020-cover-1.jpg\",\"articleSection\":[\"Diari\"],\"inLanguage\":\"en-US\",\"potentialAction\":[{\"@type\":\"CommentAction\",\"name\":\"Comment\",\"target\":[\"https:\\\/\\\/www.manitese.it\\\/en\\\/il-fenomeno-dei-bambini-talibe-in-guinea-bissau\\\/#respond\"]}]},{\"@type\":\"WebPage\",\"@id\":\"https:\\\/\\\/www.manitese.it\\\/en\\\/il-fenomeno-dei-bambini-talibe-in-guinea-bissau\\\/\",\"url\":\"https:\\\/\\\/www.manitese.it\\\/en\\\/il-fenomeno-dei-bambini-talibe-in-guinea-bissau\\\/\",\"name\":\"IL FENOMENO DEI BAMBINI TALIB\u00c9 E LA TUTELA DEI DIRITTI DELL\u2019INFANZIA IN GUINEA-BISSAU - Mani Tese\",\"isPartOf\":{\"@id\":\"https:\\\/\\\/www.manitese.it\\\/en\\\/#website\"},\"primaryImageOfPage\":{\"@id\":\"https:\\\/\\\/www.manitese.it\\\/en\\\/il-fenomeno-dei-bambini-talibe-in-guinea-bissau\\\/#primaryimage\"},\"image\":{\"@id\":\"https:\\\/\\\/www.manitese.it\\\/en\\\/il-fenomeno-dei-bambini-talibe-in-guinea-bissau\\\/#primaryimage\"},\"thumbnailUrl\":\"https:\\\/\\\/www.manitese.it\\\/wp-content\\\/uploads\\\/2020\\\/11\\\/bambini-talibe-guinea-bissau-mani-tese-2020-cover-1.jpg\",\"datePublished\":\"2020-11-09T20:24:57+00:00\",\"dateModified\":\"2023-12-18T15:37:36+00:00\",\"author\":{\"@id\":\"https:\\\/\\\/www.manitese.it\\\/en\\\/#\\\/schema\\\/person\\\/5a9774f17e4940e2510bfeba90f04f65\"},\"description\":\"La nostra cooperante in Guinea-Bissau Giulia ci racconta il fenomeno dei bambini talib\u00e9, una delle tante facce dello sfruttamento minorile.\",\"breadcrumb\":{\"@id\":\"https:\\\/\\\/www.manitese.it\\\/en\\\/il-fenomeno-dei-bambini-talibe-in-guinea-bissau\\\/#breadcrumb\"},\"inLanguage\":\"en-US\",\"potentialAction\":[{\"@type\":\"ReadAction\",\"target\":[\"https:\\\/\\\/www.manitese.it\\\/en\\\/il-fenomeno-dei-bambini-talibe-in-guinea-bissau\\\/\"]}]},{\"@type\":\"ImageObject\",\"inLanguage\":\"en-US\",\"@id\":\"https:\\\/\\\/www.manitese.it\\\/en\\\/il-fenomeno-dei-bambini-talibe-in-guinea-bissau\\\/#primaryimage\",\"url\":\"https:\\\/\\\/www.manitese.it\\\/wp-content\\\/uploads\\\/2020\\\/11\\\/bambini-talibe-guinea-bissau-mani-tese-2020-cover-1.jpg\",\"contentUrl\":\"https:\\\/\\\/www.manitese.it\\\/wp-content\\\/uploads\\\/2020\\\/11\\\/bambini-talibe-guinea-bissau-mani-tese-2020-cover-1.jpg\",\"width\":1920,\"height\":800,\"caption\":\"bambini talib\u00e8 guinea bissau mani tese 2020\"},{\"@type\":\"BreadcrumbList\",\"@id\":\"https:\\\/\\\/www.manitese.it\\\/en\\\/il-fenomeno-dei-bambini-talibe-in-guinea-bissau\\\/#breadcrumb\",\"itemListElement\":[{\"@type\":\"ListItem\",\"position\":1,\"name\":\"Home\",\"item\":\"https:\\\/\\\/www.manitese.it\\\/en\\\/\"},{\"@type\":\"ListItem\",\"position\":2,\"name\":\"IL FENOMENO DEI BAMBINI TALIB\u00c9 E LA TUTELA DEI DIRITTI DELL\u2019INFANZIA IN GUINEA-BISSAU\"}]},{\"@type\":\"WebSite\",\"@id\":\"https:\\\/\\\/www.manitese.it\\\/en\\\/#website\",\"url\":\"https:\\\/\\\/www.manitese.it\\\/en\\\/\",\"name\":\"Mani Tese\",\"description\":\"\",\"potentialAction\":[{\"@type\":\"SearchAction\",\"target\":{\"@type\":\"EntryPoint\",\"urlTemplate\":\"https:\\\/\\\/www.manitese.it\\\/en\\\/?s={search_term_string}\"},\"query-input\":{\"@type\":\"PropertyValueSpecification\",\"valueRequired\":true,\"valueName\":\"search_term_string\"}}],\"inLanguage\":\"en-US\"},{\"@type\":\"Person\",\"@id\":\"https:\\\/\\\/www.manitese.it\\\/en\\\/#\\\/schema\\\/person\\\/5a9774f17e4940e2510bfeba90f04f65\",\"name\":\"agevis\",\"image\":{\"@type\":\"ImageObject\",\"inLanguage\":\"en-US\",\"@id\":\"https:\\\/\\\/secure.gravatar.com\\\/avatar\\\/2dc96c93fcf3387a5922a93b50fb3bff01d4800590fb6a4ab91a034adb25ba17?s=96&d=mm&r=g\",\"url\":\"https:\\\/\\\/secure.gravatar.com\\\/avatar\\\/2dc96c93fcf3387a5922a93b50fb3bff01d4800590fb6a4ab91a034adb25ba17?s=96&d=mm&r=g\",\"contentUrl\":\"https:\\\/\\\/secure.gravatar.com\\\/avatar\\\/2dc96c93fcf3387a5922a93b50fb3bff01d4800590fb6a4ab91a034adb25ba17?s=96&d=mm&r=g\",\"caption\":\"agevis\"},\"url\":\"https:\\\/\\\/www.manitese.it\\\/en\\\/author\\\/wp_agevis_admin\\\/\"}]}<\/script>\n<!-- \/ Yoast SEO plugin. -->","yoast_head_json":{"title":"IL FENOMENO DEI BAMBINI TALIB\u00c9 E LA TUTELA DEI DIRITTI DELL\u2019INFANZIA IN GUINEA-BISSAU - Mani Tese","description":"La nostra cooperante in Guinea-Bissau Giulia ci racconta il fenomeno dei bambini talib\u00e9, una delle tante facce dello sfruttamento minorile.","robots":{"index":"index","follow":"follow","max-snippet":"max-snippet:-1","max-image-preview":"max-image-preview:large","max-video-preview":"max-video-preview:-1"},"canonical":"https:\/\/www.manitese.it\/en\/il-fenomeno-dei-bambini-talibe-in-guinea-bissau\/","og_locale":"en_US","og_type":"article","og_title":"IL FENOMENO DEI BAMBINI TALIB\u00c9 E LA TUTELA DEI DIRITTI DELL\u2019INFANZIA IN GUINEA-BISSAU - Mani Tese","og_description":"La nostra cooperante in Guinea-Bissau Giulia ci racconta il fenomeno dei bambini talib\u00e9, una delle tante facce dello sfruttamento minorile.","og_url":"https:\/\/www.manitese.it\/en\/il-fenomeno-dei-bambini-talibe-in-guinea-bissau\/","og_site_name":"Mani Tese","article_published_time":"2020-11-09T20:24:57+00:00","article_modified_time":"2023-12-18T15:37:36+00:00","og_image":[{"width":1920,"height":800,"url":"https:\/\/www.manitese.it\/wp-content\/uploads\/2020\/11\/bambini-talibe-guinea-bissau-mani-tese-2020-cover-1.jpg","type":"image\/jpeg"}],"author":"agevis","twitter_card":"summary_large_image","twitter_misc":{"Written by":"agevis","Est. reading time":"4 minutes"},"schema":{"@context":"https:\/\/schema.org","@graph":[{"@type":"Article","@id":"https:\/\/www.manitese.it\/en\/il-fenomeno-dei-bambini-talibe-in-guinea-bissau\/#article","isPartOf":{"@id":"https:\/\/www.manitese.it\/en\/il-fenomeno-dei-bambini-talibe-in-guinea-bissau\/"},"author":{"name":"agevis","@id":"https:\/\/www.manitese.it\/en\/#\/schema\/person\/5a9774f17e4940e2510bfeba90f04f65"},"headline":"IL FENOMENO DEI BAMBINI TALIB\u00c9 E LA TUTELA DEI DIRITTI DELL\u2019INFANZIA IN GUINEA-BISSAU","datePublished":"2020-11-09T20:24:57+00:00","dateModified":"2023-12-18T15:37:36+00:00","mainEntityOfPage":{"@id":"https:\/\/www.manitese.it\/en\/il-fenomeno-dei-bambini-talibe-in-guinea-bissau\/"},"wordCount":675,"commentCount":0,"image":{"@id":"https:\/\/www.manitese.it\/en\/il-fenomeno-dei-bambini-talibe-in-guinea-bissau\/#primaryimage"},"thumbnailUrl":"https:\/\/www.manitese.it\/wp-content\/uploads\/2020\/11\/bambini-talibe-guinea-bissau-mani-tese-2020-cover-1.jpg","articleSection":["Diari"],"inLanguage":"en-US","potentialAction":[{"@type":"CommentAction","name":"Comment","target":["https:\/\/www.manitese.it\/en\/il-fenomeno-dei-bambini-talibe-in-guinea-bissau\/#respond"]}]},{"@type":"WebPage","@id":"https:\/\/www.manitese.it\/en\/il-fenomeno-dei-bambini-talibe-in-guinea-bissau\/","url":"https:\/\/www.manitese.it\/en\/il-fenomeno-dei-bambini-talibe-in-guinea-bissau\/","name":"IL FENOMENO DEI BAMBINI TALIB\u00c9 E LA TUTELA DEI DIRITTI DELL\u2019INFANZIA IN GUINEA-BISSAU - Mani Tese","isPartOf":{"@id":"https:\/\/www.manitese.it\/en\/#website"},"primaryImageOfPage":{"@id":"https:\/\/www.manitese.it\/en\/il-fenomeno-dei-bambini-talibe-in-guinea-bissau\/#primaryimage"},"image":{"@id":"https:\/\/www.manitese.it\/en\/il-fenomeno-dei-bambini-talibe-in-guinea-bissau\/#primaryimage"},"thumbnailUrl":"https:\/\/www.manitese.it\/wp-content\/uploads\/2020\/11\/bambini-talibe-guinea-bissau-mani-tese-2020-cover-1.jpg","datePublished":"2020-11-09T20:24:57+00:00","dateModified":"2023-12-18T15:37:36+00:00","author":{"@id":"https:\/\/www.manitese.it\/en\/#\/schema\/person\/5a9774f17e4940e2510bfeba90f04f65"},"description":"La nostra cooperante in Guinea-Bissau Giulia ci racconta il fenomeno dei bambini talib\u00e9, una delle tante facce dello sfruttamento minorile.","breadcrumb":{"@id":"https:\/\/www.manitese.it\/en\/il-fenomeno-dei-bambini-talibe-in-guinea-bissau\/#breadcrumb"},"inLanguage":"en-US","potentialAction":[{"@type":"ReadAction","target":["https:\/\/www.manitese.it\/en\/il-fenomeno-dei-bambini-talibe-in-guinea-bissau\/"]}]},{"@type":"ImageObject","inLanguage":"en-US","@id":"https:\/\/www.manitese.it\/en\/il-fenomeno-dei-bambini-talibe-in-guinea-bissau\/#primaryimage","url":"https:\/\/www.manitese.it\/wp-content\/uploads\/2020\/11\/bambini-talibe-guinea-bissau-mani-tese-2020-cover-1.jpg","contentUrl":"https:\/\/www.manitese.it\/wp-content\/uploads\/2020\/11\/bambini-talibe-guinea-bissau-mani-tese-2020-cover-1.jpg","width":1920,"height":800,"caption":"bambini talib\u00e8 guinea bissau mani tese 2020"},{"@type":"BreadcrumbList","@id":"https:\/\/www.manitese.it\/en\/il-fenomeno-dei-bambini-talibe-in-guinea-bissau\/#breadcrumb","itemListElement":[{"@type":"ListItem","position":1,"name":"Home","item":"https:\/\/www.manitese.it\/en\/"},{"@type":"ListItem","position":2,"name":"IL FENOMENO DEI BAMBINI TALIB\u00c9 E LA TUTELA DEI DIRITTI DELL\u2019INFANZIA IN GUINEA-BISSAU"}]},{"@type":"WebSite","@id":"https:\/\/www.manitese.it\/en\/#website","url":"https:\/\/www.manitese.it\/en\/","name":"Mani Tese","description":"","potentialAction":[{"@type":"SearchAction","target":{"@type":"EntryPoint","urlTemplate":"https:\/\/www.manitese.it\/en\/?s={search_term_string}"},"query-input":{"@type":"PropertyValueSpecification","valueRequired":true,"valueName":"search_term_string"}}],"inLanguage":"en-US"},{"@type":"Person","@id":"https:\/\/www.manitese.it\/en\/#\/schema\/person\/5a9774f17e4940e2510bfeba90f04f65","name":"agevis","image":{"@type":"ImageObject","inLanguage":"en-US","@id":"https:\/\/secure.gravatar.com\/avatar\/2dc96c93fcf3387a5922a93b50fb3bff01d4800590fb6a4ab91a034adb25ba17?s=96&d=mm&r=g","url":"https:\/\/secure.gravatar.com\/avatar\/2dc96c93fcf3387a5922a93b50fb3bff01d4800590fb6a4ab91a034adb25ba17?s=96&d=mm&r=g","contentUrl":"https:\/\/secure.gravatar.com\/avatar\/2dc96c93fcf3387a5922a93b50fb3bff01d4800590fb6a4ab91a034adb25ba17?s=96&d=mm&r=g","caption":"agevis"},"url":"https:\/\/www.manitese.it\/en\/author\/wp_agevis_admin\/"}]}},"jetpack_featured_media_url":"https:\/\/www.manitese.it\/wp-content\/uploads\/2020\/11\/bambini-talibe-guinea-bissau-mani-tese-2020-cover-1.jpg","jetpack_sharing_enabled":true,"_links":{"self":[{"href":"https:\/\/www.manitese.it\/en\/wp-json\/wp\/v2\/posts\/67511","targetHints":{"allow":["GET"]}}],"collection":[{"href":"https:\/\/www.manitese.it\/en\/wp-json\/wp\/v2\/posts"}],"about":[{"href":"https:\/\/www.manitese.it\/en\/wp-json\/wp\/v2\/types\/post"}],"author":[{"embeddable":true,"href":"https:\/\/www.manitese.it\/en\/wp-json\/wp\/v2\/users\/1"}],"replies":[{"embeddable":true,"href":"https:\/\/www.manitese.it\/en\/wp-json\/wp\/v2\/comments?post=67511"}],"version-history":[{"count":2,"href":"https:\/\/www.manitese.it\/en\/wp-json\/wp\/v2\/posts\/67511\/revisions"}],"predecessor-version":[{"id":191897,"href":"https:\/\/www.manitese.it\/en\/wp-json\/wp\/v2\/posts\/67511\/revisions\/191897"}],"wp:featuredmedia":[{"embeddable":true,"href":"https:\/\/www.manitese.it\/en\/wp-json\/wp\/v2\/media\/67522"}],"wp:attachment":[{"href":"https:\/\/www.manitese.it\/en\/wp-json\/wp\/v2\/media?parent=67511"}],"wp:term":[{"taxonomy":"category","embeddable":true,"href":"https:\/\/www.manitese.it\/en\/wp-json\/wp\/v2\/categories?post=67511"},{"taxonomy":"post_tag","embeddable":true,"href":"https:\/\/www.manitese.it\/en\/wp-json\/wp\/v2\/tags?post=67511"},{"taxonomy":"thematic_area","embeddable":true,"href":"https:\/\/www.manitese.it\/en\/wp-json\/wp\/v2\/thematic_area?post=67511"}],"curies":[{"name":"wp","href":"https:\/\/api.w.org\/{rel}","templated":true}]}}