{"id":66133,"date":"2020-10-13T09:34:10","date_gmt":"2020-10-13T07:34:10","guid":{"rendered":"https:\/\/manitese.it\/?p=66133"},"modified":"2023-12-14T11:04:36","modified_gmt":"2023-12-14T10:04:36","slug":"distribuiti-kit-per-agricoltura-in-burkina-faso","status":"publish","type":"post","link":"https:\/\/www.manitese.it\/en\/distribuiti-kit-per-agricoltura-in-burkina-faso\/","title":{"rendered":"DISTRIBUITI KIT PER L\u2019AGRICOLTURA IN BURKINA FASO"},"content":{"rendered":"\r\n<p><strong>Sono stati mesi di duro lavoro, ma ce l\u2019abbiamo fatta!<\/strong> Nell\u2019ambito del progetto <a href=\"https:\/\/manitese.it\/progetto\/imprese-sociali-innovative-partecipazione-migranti-per-inclusione-sociale-burkina-faso\" target=\"_blank\" rel=\"noreferrer noopener\" aria-label=\" (apre in una nuova scheda)\"><strong>\u201cImprese sociali innovative e partecipazione dei migranti per l\u2019inclusione sociale in Burkina Faso\u201d<\/strong><\/a> cofinanziato da <a href=\"http:\/\/www.aics.gov.it\/\" target=\"_blank\" rel=\"noreferrer noopener\" aria-label=\" (apre in una nuova scheda)\"><strong>AICS<\/strong><\/a> e Fondazione Maria Enrica, da due anni (e un po\u2019) stavamo lavorando su un\u2019attivit\u00e0 molto speciale, ovvero <strong>la distribuzione di kit per l\u2019agricoltura<\/strong> ai contadini che lavorano all\u2019interno del perimetro urbano della capitale.<\/p>\r\n\r\n\r\n\r\n<p>Un\u2019operazione non semplice, partita da <strong>un censimento puntuale di tutti gli agricoltori di Ouagadougou<\/strong> che ha permesso, non solo di conoscerne il numero (pi\u00f9 di 3 mila) e i nomi, ma anche di identificare le caratteristiche dei siti e i mezzi di produzione di ciascuno.<\/p>\r\n\r\n\r\n\r\n<p>Conclusa questa prima parte di lavoro, a dicembre 2019, siamo passati, con non poche difficolt\u00e0 legate alla pandemia Covid-19, all\u2019<strong>acquisizione dei kit<\/strong> (201 tra kit composti da materiali come rastrello, zappa, carriola, innaffiatoio, ecc. e motopompe \u2013 in particolare 151 kit e 50 motopompe) e in seguito alla <strong>scelta dei beneficiari<\/strong>, che non \u00e8 stata affatto semplice.<\/p>\r\n\r\n\r\n\r\n<p>Prima di tutto volevamo accertarci della trasparenza dell\u2019operazione e poi abbiamo dovuto identificare, insieme alla <strong>Marie di Ouagadougou<\/strong>, nostro partner principale in questa azione, i criteri da applicare per la selezione.<\/p>\r\n\r\n\r\n\r\n<p><strong>Abbiamo voluto prima di tutto che i beneficiari fossero donne<\/strong>, poi che fossero donne da cui dipende il bilancio familiare, in seguito che fossero datrici di lavoro per altre persone, che fossero in ristrettezza di materiali e che ciononostante si impegnassero nella produzione di pi\u00f9 tipi di ortaggi.<\/p>\r\n\r\n\r\n\r\n<p>Inoltre abbiamo voluto che non fossero concentrate tutte nello stesso sito ma si trovassero in vari luoghi dell\u2019area di Ouagadougou. Infine abbiamo dovuto valutare chi, pi\u00f9 di altre, necessitasse della motopompa.<\/p>\r\n\r\n\r\n\r\n<p>Dopo questo lavoro certosino, fatto alla presenza di una commissione che garantisse imparzialit\u00e0 composta da noi di <strong>Mani Tese<\/strong>, dal partner <strong><a href=\"https:\/\/www.acra.it\/index.php?lang=it\" target=\"_blank\" rel=\"noreferrer noopener\" aria-label=\"ACRA (apre in una nuova scheda)\">ACRA<\/a><\/strong>, dalla <strong>Marie di Ouagadougou<\/strong>, dall\u2019<strong>associazione degli agricoltori e vivaisti di Ouaga<\/strong> e da un rappresentante del <strong>Ministero dell\u2019Agricoltura<\/strong>, abbiamo dovuto contattare tutte le beneficiarie e le autorit\u00e0 e organizzare la cerimonia per la distribuzione dei doni, un altro lavoro che ha richiesto <em>pas mal de temps<\/em>, soprattutto per riuscire a far convergere le agende di tutti gli invitati. Ma alla fine, il 4 settembre scorso, ci siamo riusciti.<\/p>\r\n\r\n\r\n\r\n<p>La cerimonia si \u00e8 tenuta alla Maison du Peuple a Ouagadougou alla presenza, oltre che delle beneficiarie, della stampa e delle autorit\u00e0, anche di un rappresentante dell\u2019<strong><a href=\"https:\/\/www.aics.gov.it\/\" target=\"_blank\" rel=\"noreferrer noopener\" aria-label=\"Agenzia Italiana di Cooperazione allo Sviluppo (apre in una nuova scheda)\">Agenzia Italiana per l<\/a><a href=\"https:\/\/www.aics.gov.it\/\" target=\"_blank\" rel=\"noreferrer noopener\" aria-label=\"Agenzia Italiana di Cooperazione allo Sviluppo (apre in una nuova scheda)\">a<\/a><a href=\"https:\/\/www.aics.gov.it\/\" target=\"_blank\" rel=\"noreferrer noopener\" aria-label=\"Agenzia Italiana di Cooperazione allo Sviluppo (apre in una nuova scheda)\"> Cooperazione allo Sviluppo<\/a><\/strong>, che ha espresso la sua soddisfazione per l\u2019iniziativa.<\/p>\r\n\r\n\r\n\r\n<p>Non nascondiamo che anche distribuire praticamente i doni sia stato un po\u2019 difficoltoso, soprattutto verificare l\u2019identit\u00e0 delle beneficiarie che a volte, nella lista del censimento, erano registrate col nome del marito o col soprannome che non corrispondeva alla loro carta d\u2019identit\u00e0\u2026 Ma insomma, incrociando diversi dati, alla fine siamo riusciti anche in questa impresa! Non solo, perch\u00e9 per quanto riguarda le motopompe, il fornitore ha anche radunato le beneficiarie durante il weekend per testarne il funzionamento una ad una e per insegnarne loro l\u2019utilizzo.<\/p>\r\n\r\n\r\n\r\n<p>\u00c8 stata dunque un\u2019attivit\u00e0 complessa e lunga, ma siamo contenti dell\u2019attenzione che abbiamo dedicato e siamo sicuri della qualit\u00e0 del nostro lavoro e della sua importanza, perch\u00e9 sono quelle donne, che hanno talvolta accolto il dono con le lacrime agli occhi, che sfamano la citt\u00e0 pi\u00f9 grande di questo Paese, destinata a diventare una megalopoli nel giro di qualche anno. Loro, che tutte le mattine, a partire dalle 3:30 vediamo ricurve sui campi intente a zappare.<\/p>\r\n\r\n\r\n\r\n<p>Qui di seguito alcune foto della consegna dei kit.<\/p>\r\n\r\n\r\n\r\n<div class=\"wp-block-image\">\r\n<figure class=\"aligncenter size-large\"><a href=\"https:\/\/manitese.it\/wp-content\/uploads\/2020\/10\/burkina-faso-distribuzione-kit-agricoltura-mani-tese-2020.jpg\"><img decoding=\"async\" class=\"wp-image-66142\" src=\"https:\/\/manitese.it\/wp-content\/uploads\/2020\/10\/burkina-faso-distribuzione-kit-agricoltura-mani-tese-2020-1024x497.jpg\" alt=\"\" \/><\/a><\/figure>\r\n<\/div>\r\n\r\n\r\n\r\n<div class=\"wp-block-image\">\r\n<figure class=\"aligncenter size-large\"><a href=\"https:\/\/manitese.it\/wp-content\/uploads\/2020\/10\/burkina-faso-distribuzione-kit-agricoltura-mani-tese-2020-2.jpg\"><img decoding=\"async\" class=\"wp-image-66144\" src=\"https:\/\/manitese.it\/wp-content\/uploads\/2020\/10\/burkina-faso-distribuzione-kit-agricoltura-mani-tese-2020-2.jpg\" alt=\"\" \/><\/a><\/figure>\r\n<\/div>\r\n\r\n\r\n\r\n<div class=\"wp-block-image\">\r\n<figure class=\"aligncenter size-large\"><a href=\"https:\/\/manitese.it\/wp-content\/uploads\/2020\/10\/burkina-faso-distribuzione-kit-agricoltura-mani-tese-2020-3.jpg\"><img decoding=\"async\" class=\"wp-image-66149\" src=\"https:\/\/manitese.it\/wp-content\/uploads\/2020\/10\/burkina-faso-distribuzione-kit-agricoltura-mani-tese-2020-3-768x1024.jpg\" alt=\"\" \/><\/a><\/figure>\r\n<\/div>\r\n","protected":false},"excerpt":{"rendered":"<p>Dopo mesi di lavoro sono stati donati kit per l\u2019agricoltura a 201 contadine di Ouagadougou.<\/p>\n","protected":false},"author":1,"featured_media":66139,"comment_status":"open","ping_status":"open","sticky":false,"template":"","format":"standard","meta":{"_acf_changed":false,"give_campaign_id":0,"inline_featured_image":false,"_jetpack_memberships_contains_paid_content":false,"footnotes":""},"categories":[3],"tags":[],"thematic_area":[918,907,916],"class_list":["post-66133","post","type-post","status-publish","format-standard","has-post-thumbnail","hentry","category-diari","thematic_area-sistemi-e-filiere-agroalimentari-locali","thematic_area-imprenditoria-sociale","thematic_area-citta-e-pratiche-sostenibili"],"acf":[],"yoast_head":"<!-- This site is optimized with the Yoast SEO plugin v27.5 - https:\/\/yoast.com\/product\/yoast-seo-wordpress\/ -->\n<title>DISTRIBUITI KIT PER L\u2019AGRICOLTURA IN BURKINA FASO - Mani Tese<\/title>\n<meta name=\"description\" content=\"Dopo mesi di lavoro sono stati donati kit per l\u2019agricoltura a 201 contadine di Ouagadougou.\" \/>\n<meta name=\"robots\" content=\"index, follow, max-snippet:-1, max-image-preview:large, max-video-preview:-1\" \/>\n<link rel=\"canonical\" href=\"https:\/\/www.manitese.it\/en\/distribuiti-kit-per-agricoltura-in-burkina-faso\/\" \/>\n<meta property=\"og:locale\" content=\"en_US\" \/>\n<meta property=\"og:type\" content=\"article\" \/>\n<meta property=\"og:title\" content=\"DISTRIBUITI KIT PER L\u2019AGRICOLTURA IN BURKINA FASO - Mani Tese\" \/>\n<meta property=\"og:description\" content=\"Dopo mesi di lavoro sono stati donati kit per l\u2019agricoltura a 201 contadine di Ouagadougou.\" \/>\n<meta property=\"og:url\" content=\"https:\/\/www.manitese.it\/en\/distribuiti-kit-per-agricoltura-in-burkina-faso\/\" \/>\n<meta property=\"og:site_name\" content=\"Mani Tese\" \/>\n<meta property=\"article:published_time\" content=\"2020-10-13T07:34:10+00:00\" \/>\n<meta property=\"article:modified_time\" content=\"2023-12-14T10:04:36+00:00\" \/>\n<meta property=\"og:image\" content=\"https:\/\/www.manitese.it\/wp-content\/uploads\/2020\/10\/burkina-faso-distribuzione-kit-agricoltura-cover-1-mani-tese-2020-1.jpg\" \/>\n\t<meta property=\"og:image:width\" content=\"1920\" \/>\n\t<meta property=\"og:image:height\" content=\"800\" \/>\n\t<meta property=\"og:image:type\" content=\"image\/jpeg\" \/>\n<meta name=\"author\" content=\"agevis\" \/>\n<meta name=\"twitter:card\" content=\"summary_large_image\" \/>\n<meta name=\"twitter:label1\" content=\"Written by\" \/>\n\t<meta name=\"twitter:data1\" content=\"agevis\" \/>\n\t<meta name=\"twitter:label2\" content=\"Est. reading time\" \/>\n\t<meta name=\"twitter:data2\" content=\"4 minutes\" \/>\n<script type=\"application\/ld+json\" class=\"yoast-schema-graph\">{\"@context\":\"https:\\\/\\\/schema.org\",\"@graph\":[{\"@type\":\"Article\",\"@id\":\"https:\\\/\\\/www.manitese.it\\\/en\\\/distribuiti-kit-per-agricoltura-in-burkina-faso\\\/#article\",\"isPartOf\":{\"@id\":\"https:\\\/\\\/www.manitese.it\\\/en\\\/distribuiti-kit-per-agricoltura-in-burkina-faso\\\/\"},\"author\":{\"name\":\"agevis\",\"@id\":\"https:\\\/\\\/www.manitese.it\\\/en\\\/#\\\/schema\\\/person\\\/5a9774f17e4940e2510bfeba90f04f65\"},\"headline\":\"DISTRIBUITI KIT PER L\u2019AGRICOLTURA IN BURKINA FASO\",\"datePublished\":\"2020-10-13T07:34:10+00:00\",\"dateModified\":\"2023-12-14T10:04:36+00:00\",\"mainEntityOfPage\":{\"@id\":\"https:\\\/\\\/www.manitese.it\\\/en\\\/distribuiti-kit-per-agricoltura-in-burkina-faso\\\/\"},\"wordCount\":591,\"commentCount\":0,\"image\":{\"@id\":\"https:\\\/\\\/www.manitese.it\\\/en\\\/distribuiti-kit-per-agricoltura-in-burkina-faso\\\/#primaryimage\"},\"thumbnailUrl\":\"https:\\\/\\\/www.manitese.it\\\/wp-content\\\/uploads\\\/2020\\\/10\\\/burkina-faso-distribuzione-kit-agricoltura-cover-1-mani-tese-2020-1.jpg\",\"articleSection\":[\"Diari\"],\"inLanguage\":\"en-US\",\"potentialAction\":[{\"@type\":\"CommentAction\",\"name\":\"Comment\",\"target\":[\"https:\\\/\\\/www.manitese.it\\\/en\\\/distribuiti-kit-per-agricoltura-in-burkina-faso\\\/#respond\"]}]},{\"@type\":\"WebPage\",\"@id\":\"https:\\\/\\\/www.manitese.it\\\/en\\\/distribuiti-kit-per-agricoltura-in-burkina-faso\\\/\",\"url\":\"https:\\\/\\\/www.manitese.it\\\/en\\\/distribuiti-kit-per-agricoltura-in-burkina-faso\\\/\",\"name\":\"DISTRIBUITI KIT PER L\u2019AGRICOLTURA IN BURKINA FASO - Mani Tese\",\"isPartOf\":{\"@id\":\"https:\\\/\\\/www.manitese.it\\\/en\\\/#website\"},\"primaryImageOfPage\":{\"@id\":\"https:\\\/\\\/www.manitese.it\\\/en\\\/distribuiti-kit-per-agricoltura-in-burkina-faso\\\/#primaryimage\"},\"image\":{\"@id\":\"https:\\\/\\\/www.manitese.it\\\/en\\\/distribuiti-kit-per-agricoltura-in-burkina-faso\\\/#primaryimage\"},\"thumbnailUrl\":\"https:\\\/\\\/www.manitese.it\\\/wp-content\\\/uploads\\\/2020\\\/10\\\/burkina-faso-distribuzione-kit-agricoltura-cover-1-mani-tese-2020-1.jpg\",\"datePublished\":\"2020-10-13T07:34:10+00:00\",\"dateModified\":\"2023-12-14T10:04:36+00:00\",\"author\":{\"@id\":\"https:\\\/\\\/www.manitese.it\\\/en\\\/#\\\/schema\\\/person\\\/5a9774f17e4940e2510bfeba90f04f65\"},\"description\":\"Dopo mesi di lavoro sono stati donati kit per l\u2019agricoltura a 201 contadine di Ouagadougou.\",\"breadcrumb\":{\"@id\":\"https:\\\/\\\/www.manitese.it\\\/en\\\/distribuiti-kit-per-agricoltura-in-burkina-faso\\\/#breadcrumb\"},\"inLanguage\":\"en-US\",\"potentialAction\":[{\"@type\":\"ReadAction\",\"target\":[\"https:\\\/\\\/www.manitese.it\\\/en\\\/distribuiti-kit-per-agricoltura-in-burkina-faso\\\/\"]}]},{\"@type\":\"ImageObject\",\"inLanguage\":\"en-US\",\"@id\":\"https:\\\/\\\/www.manitese.it\\\/en\\\/distribuiti-kit-per-agricoltura-in-burkina-faso\\\/#primaryimage\",\"url\":\"https:\\\/\\\/www.manitese.it\\\/wp-content\\\/uploads\\\/2020\\\/10\\\/burkina-faso-distribuzione-kit-agricoltura-cover-1-mani-tese-2020-1.jpg\",\"contentUrl\":\"https:\\\/\\\/www.manitese.it\\\/wp-content\\\/uploads\\\/2020\\\/10\\\/burkina-faso-distribuzione-kit-agricoltura-cover-1-mani-tese-2020-1.jpg\",\"width\":1920,\"height\":800,\"caption\":\"burkina faso distribuzione kit agricoltura cover 1 mani tese 2020\"},{\"@type\":\"BreadcrumbList\",\"@id\":\"https:\\\/\\\/www.manitese.it\\\/en\\\/distribuiti-kit-per-agricoltura-in-burkina-faso\\\/#breadcrumb\",\"itemListElement\":[{\"@type\":\"ListItem\",\"position\":1,\"name\":\"Home\",\"item\":\"https:\\\/\\\/www.manitese.it\\\/en\\\/\"},{\"@type\":\"ListItem\",\"position\":2,\"name\":\"DISTRIBUITI KIT PER L\u2019AGRICOLTURA IN BURKINA FASO\"}]},{\"@type\":\"WebSite\",\"@id\":\"https:\\\/\\\/www.manitese.it\\\/en\\\/#website\",\"url\":\"https:\\\/\\\/www.manitese.it\\\/en\\\/\",\"name\":\"Mani Tese\",\"description\":\"\",\"potentialAction\":[{\"@type\":\"SearchAction\",\"target\":{\"@type\":\"EntryPoint\",\"urlTemplate\":\"https:\\\/\\\/www.manitese.it\\\/en\\\/?s={search_term_string}\"},\"query-input\":{\"@type\":\"PropertyValueSpecification\",\"valueRequired\":true,\"valueName\":\"search_term_string\"}}],\"inLanguage\":\"en-US\"},{\"@type\":\"Person\",\"@id\":\"https:\\\/\\\/www.manitese.it\\\/en\\\/#\\\/schema\\\/person\\\/5a9774f17e4940e2510bfeba90f04f65\",\"name\":\"agevis\",\"image\":{\"@type\":\"ImageObject\",\"inLanguage\":\"en-US\",\"@id\":\"https:\\\/\\\/secure.gravatar.com\\\/avatar\\\/2dc96c93fcf3387a5922a93b50fb3bff01d4800590fb6a4ab91a034adb25ba17?s=96&d=mm&r=g\",\"url\":\"https:\\\/\\\/secure.gravatar.com\\\/avatar\\\/2dc96c93fcf3387a5922a93b50fb3bff01d4800590fb6a4ab91a034adb25ba17?s=96&d=mm&r=g\",\"contentUrl\":\"https:\\\/\\\/secure.gravatar.com\\\/avatar\\\/2dc96c93fcf3387a5922a93b50fb3bff01d4800590fb6a4ab91a034adb25ba17?s=96&d=mm&r=g\",\"caption\":\"agevis\"},\"url\":\"https:\\\/\\\/www.manitese.it\\\/en\\\/author\\\/wp_agevis_admin\\\/\"}]}<\/script>\n<!-- \/ Yoast SEO plugin. -->","yoast_head_json":{"title":"DISTRIBUITI KIT PER L\u2019AGRICOLTURA IN BURKINA FASO - Mani Tese","description":"Dopo mesi di lavoro sono stati donati kit per l\u2019agricoltura a 201 contadine di Ouagadougou.","robots":{"index":"index","follow":"follow","max-snippet":"max-snippet:-1","max-image-preview":"max-image-preview:large","max-video-preview":"max-video-preview:-1"},"canonical":"https:\/\/www.manitese.it\/en\/distribuiti-kit-per-agricoltura-in-burkina-faso\/","og_locale":"en_US","og_type":"article","og_title":"DISTRIBUITI KIT PER L\u2019AGRICOLTURA IN BURKINA FASO - Mani Tese","og_description":"Dopo mesi di lavoro sono stati donati kit per l\u2019agricoltura a 201 contadine di Ouagadougou.","og_url":"https:\/\/www.manitese.it\/en\/distribuiti-kit-per-agricoltura-in-burkina-faso\/","og_site_name":"Mani Tese","article_published_time":"2020-10-13T07:34:10+00:00","article_modified_time":"2023-12-14T10:04:36+00:00","og_image":[{"width":1920,"height":800,"url":"https:\/\/www.manitese.it\/wp-content\/uploads\/2020\/10\/burkina-faso-distribuzione-kit-agricoltura-cover-1-mani-tese-2020-1.jpg","type":"image\/jpeg"}],"author":"agevis","twitter_card":"summary_large_image","twitter_misc":{"Written by":"agevis","Est. reading time":"4 minutes"},"schema":{"@context":"https:\/\/schema.org","@graph":[{"@type":"Article","@id":"https:\/\/www.manitese.it\/en\/distribuiti-kit-per-agricoltura-in-burkina-faso\/#article","isPartOf":{"@id":"https:\/\/www.manitese.it\/en\/distribuiti-kit-per-agricoltura-in-burkina-faso\/"},"author":{"name":"agevis","@id":"https:\/\/www.manitese.it\/en\/#\/schema\/person\/5a9774f17e4940e2510bfeba90f04f65"},"headline":"DISTRIBUITI KIT PER L\u2019AGRICOLTURA IN BURKINA FASO","datePublished":"2020-10-13T07:34:10+00:00","dateModified":"2023-12-14T10:04:36+00:00","mainEntityOfPage":{"@id":"https:\/\/www.manitese.it\/en\/distribuiti-kit-per-agricoltura-in-burkina-faso\/"},"wordCount":591,"commentCount":0,"image":{"@id":"https:\/\/www.manitese.it\/en\/distribuiti-kit-per-agricoltura-in-burkina-faso\/#primaryimage"},"thumbnailUrl":"https:\/\/www.manitese.it\/wp-content\/uploads\/2020\/10\/burkina-faso-distribuzione-kit-agricoltura-cover-1-mani-tese-2020-1.jpg","articleSection":["Diari"],"inLanguage":"en-US","potentialAction":[{"@type":"CommentAction","name":"Comment","target":["https:\/\/www.manitese.it\/en\/distribuiti-kit-per-agricoltura-in-burkina-faso\/#respond"]}]},{"@type":"WebPage","@id":"https:\/\/www.manitese.it\/en\/distribuiti-kit-per-agricoltura-in-burkina-faso\/","url":"https:\/\/www.manitese.it\/en\/distribuiti-kit-per-agricoltura-in-burkina-faso\/","name":"DISTRIBUITI KIT PER L\u2019AGRICOLTURA IN BURKINA FASO - Mani Tese","isPartOf":{"@id":"https:\/\/www.manitese.it\/en\/#website"},"primaryImageOfPage":{"@id":"https:\/\/www.manitese.it\/en\/distribuiti-kit-per-agricoltura-in-burkina-faso\/#primaryimage"},"image":{"@id":"https:\/\/www.manitese.it\/en\/distribuiti-kit-per-agricoltura-in-burkina-faso\/#primaryimage"},"thumbnailUrl":"https:\/\/www.manitese.it\/wp-content\/uploads\/2020\/10\/burkina-faso-distribuzione-kit-agricoltura-cover-1-mani-tese-2020-1.jpg","datePublished":"2020-10-13T07:34:10+00:00","dateModified":"2023-12-14T10:04:36+00:00","author":{"@id":"https:\/\/www.manitese.it\/en\/#\/schema\/person\/5a9774f17e4940e2510bfeba90f04f65"},"description":"Dopo mesi di lavoro sono stati donati kit per l\u2019agricoltura a 201 contadine di Ouagadougou.","breadcrumb":{"@id":"https:\/\/www.manitese.it\/en\/distribuiti-kit-per-agricoltura-in-burkina-faso\/#breadcrumb"},"inLanguage":"en-US","potentialAction":[{"@type":"ReadAction","target":["https:\/\/www.manitese.it\/en\/distribuiti-kit-per-agricoltura-in-burkina-faso\/"]}]},{"@type":"ImageObject","inLanguage":"en-US","@id":"https:\/\/www.manitese.it\/en\/distribuiti-kit-per-agricoltura-in-burkina-faso\/#primaryimage","url":"https:\/\/www.manitese.it\/wp-content\/uploads\/2020\/10\/burkina-faso-distribuzione-kit-agricoltura-cover-1-mani-tese-2020-1.jpg","contentUrl":"https:\/\/www.manitese.it\/wp-content\/uploads\/2020\/10\/burkina-faso-distribuzione-kit-agricoltura-cover-1-mani-tese-2020-1.jpg","width":1920,"height":800,"caption":"burkina faso distribuzione kit agricoltura cover 1 mani tese 2020"},{"@type":"BreadcrumbList","@id":"https:\/\/www.manitese.it\/en\/distribuiti-kit-per-agricoltura-in-burkina-faso\/#breadcrumb","itemListElement":[{"@type":"ListItem","position":1,"name":"Home","item":"https:\/\/www.manitese.it\/en\/"},{"@type":"ListItem","position":2,"name":"DISTRIBUITI KIT PER L\u2019AGRICOLTURA IN BURKINA FASO"}]},{"@type":"WebSite","@id":"https:\/\/www.manitese.it\/en\/#website","url":"https:\/\/www.manitese.it\/en\/","name":"Mani Tese","description":"","potentialAction":[{"@type":"SearchAction","target":{"@type":"EntryPoint","urlTemplate":"https:\/\/www.manitese.it\/en\/?s={search_term_string}"},"query-input":{"@type":"PropertyValueSpecification","valueRequired":true,"valueName":"search_term_string"}}],"inLanguage":"en-US"},{"@type":"Person","@id":"https:\/\/www.manitese.it\/en\/#\/schema\/person\/5a9774f17e4940e2510bfeba90f04f65","name":"agevis","image":{"@type":"ImageObject","inLanguage":"en-US","@id":"https:\/\/secure.gravatar.com\/avatar\/2dc96c93fcf3387a5922a93b50fb3bff01d4800590fb6a4ab91a034adb25ba17?s=96&d=mm&r=g","url":"https:\/\/secure.gravatar.com\/avatar\/2dc96c93fcf3387a5922a93b50fb3bff01d4800590fb6a4ab91a034adb25ba17?s=96&d=mm&r=g","contentUrl":"https:\/\/secure.gravatar.com\/avatar\/2dc96c93fcf3387a5922a93b50fb3bff01d4800590fb6a4ab91a034adb25ba17?s=96&d=mm&r=g","caption":"agevis"},"url":"https:\/\/www.manitese.it\/en\/author\/wp_agevis_admin\/"}]}},"jetpack_featured_media_url":"https:\/\/www.manitese.it\/wp-content\/uploads\/2020\/10\/burkina-faso-distribuzione-kit-agricoltura-cover-1-mani-tese-2020-1.jpg","jetpack_sharing_enabled":true,"_links":{"self":[{"href":"https:\/\/www.manitese.it\/en\/wp-json\/wp\/v2\/posts\/66133","targetHints":{"allow":["GET"]}}],"collection":[{"href":"https:\/\/www.manitese.it\/en\/wp-json\/wp\/v2\/posts"}],"about":[{"href":"https:\/\/www.manitese.it\/en\/wp-json\/wp\/v2\/types\/post"}],"author":[{"embeddable":true,"href":"https:\/\/www.manitese.it\/en\/wp-json\/wp\/v2\/users\/1"}],"replies":[{"embeddable":true,"href":"https:\/\/www.manitese.it\/en\/wp-json\/wp\/v2\/comments?post=66133"}],"version-history":[{"count":2,"href":"https:\/\/www.manitese.it\/en\/wp-json\/wp\/v2\/posts\/66133\/revisions"}],"predecessor-version":[{"id":191859,"href":"https:\/\/www.manitese.it\/en\/wp-json\/wp\/v2\/posts\/66133\/revisions\/191859"}],"wp:featuredmedia":[{"embeddable":true,"href":"https:\/\/www.manitese.it\/en\/wp-json\/wp\/v2\/media\/66139"}],"wp:attachment":[{"href":"https:\/\/www.manitese.it\/en\/wp-json\/wp\/v2\/media?parent=66133"}],"wp:term":[{"taxonomy":"category","embeddable":true,"href":"https:\/\/www.manitese.it\/en\/wp-json\/wp\/v2\/categories?post=66133"},{"taxonomy":"post_tag","embeddable":true,"href":"https:\/\/www.manitese.it\/en\/wp-json\/wp\/v2\/tags?post=66133"},{"taxonomy":"thematic_area","embeddable":true,"href":"https:\/\/www.manitese.it\/en\/wp-json\/wp\/v2\/thematic_area?post=66133"}],"curies":[{"name":"wp","href":"https:\/\/api.w.org\/{rel}","templated":true}]}}