{"id":65935,"date":"2020-10-06T11:47:51","date_gmt":"2020-10-06T09:47:51","guid":{"rendered":"https:\/\/manitese.it\/?p=65935"},"modified":"2023-12-18T16:48:04","modified_gmt":"2023-12-18T15:48:04","slug":"moda-sostenibile-le-esperienze-di-finale-emilia-faenza-catania","status":"publish","type":"post","link":"https:\/\/www.manitese.it\/en\/moda-sostenibile-le-esperienze-di-finale-emilia-faenza-catania\/","title":{"rendered":"MODA SOSTENIBILE E RIUSO: LE ESPERIENZE DI FINALE EMILIA, FAENZA E CATANIA"},"content":{"rendered":"\r\n<p><strong>La moda \u00e8 arte, storia, cultura<\/strong>, \u00e8 il nostro modo di vestirci, di esprimere la nostra personalit\u00e0 ed \u00e8 anche uno dei principali settori produttivi del mondo, che d\u00e0 lavoro a <strong>oltre 300 milioni di lavoratori e lavoratrici<\/strong>.<\/p>\r\n\r\n\r\n\r\n<p><strong>Ma qual \u00e8 il lato oscuro della moda?<\/strong> Sfruttamento dei lavoratori, violazioni dei diritti e inquinamento ambientale. Soprattutto nel modello <strong>\u201cfast fashion\u201d<\/strong>, basato su una frenetica produzione di capi di abbigliamento a basso prezzo e per un consumo di massa, <strong>che<\/strong> <strong>amplifica gli impatti sulle persone e sull\u2019ambiente.<\/strong><\/p>\r\n\r\n\r\n\r\n<p>Per sensibilizzare i consumatori, diffondere consapevolezza su questo lato nascosto e chiedere un cambiamento all\u2019industria dell\u2019abbigliamento stiamo promuovendo il progetto <a href=\"https:\/\/manitese.it\/progetto\/cambia-moda\" target=\"_blank\" rel=\"noreferrer noopener\" aria-label=\" (apre in una nuova scheda)\"><strong>Cambia MODA<\/strong><\/a> insieme ai partner <a href=\"https:\/\/www.istituto-oikos.org\/\" target=\"_blank\" rel=\"noreferrer noopener\"><strong>Istituto Oikos Onlus<\/strong><\/a><strong>, <\/strong><a href=\"http:\/\/www.faircoop.it\/\" target=\"_blank\" rel=\"noreferrer noopener\"><strong>FAIR<\/strong><\/a><strong>, <\/strong><a href=\"https:\/\/altis.unicatt.it\/\" target=\"_blank\" rel=\"noreferrer noopener\"><strong>ALTIS (Universit\u00e0 Cattolica)<\/strong><\/a><strong>, <\/strong><a href=\"https:\/\/www.koinetica.it\/\" target=\"_blank\" rel=\"noreferrer noopener\"><strong>Koin\u00e8tica<\/strong><\/a><strong>, <a href=\"http:\/\/www.lottozero.org\/\" target=\"_blank\" rel=\"noreferrer noopener\" aria-label=\" (apre in una nuova scheda)\">Lottozero<\/a><\/strong> e <a href=\"https:\/\/www.guardavanti.org\/\" target=\"_blank\" rel=\"noreferrer noopener\"><strong>Guardavanti: per il futuro dei bambini<\/strong><\/a>.<\/p>\r\n\r\n\r\n\r\n<p>Ma il tema della <strong>sostenibilit\u00e0 e dell\u2019eticit\u00e0 della moda<\/strong>, cos\u00ec come quello del riuso e della circolarit\u00e0 dell\u2019economia, \u00e8 un tema caro da anni a <strong>Mani Tese<\/strong>, che svolge sul territorio attivit\u00e0 dedicate <strong>grazie anche alle associazioni e cooperative locali che fanno parte della <\/strong><a href=\"https:\/\/manitese.it\/chi-siamo\/federazione-mani-tese\" target=\"_blank\" rel=\"noreferrer noopener\" aria-label=\" (apre in una nuova scheda)\"><strong>Federazione Mani Tese<\/strong><\/a>.<\/p>\r\n\r\n\r\n\r\n<p>Oggi vogliamo parlarvi di loro e di alcuni specifici progetti dedicati <strong>al riuso e alla<\/strong> <strong>moda sostenibile<\/strong>.<\/p>\r\n\r\n\r\n\r\n<p><u><strong>Mani Tese Finale Emilia e il progetto Manigolde<\/strong><\/u><\/p>\r\n\r\n\r\n\r\n<p>Il gruppo <a href=\"https:\/\/manitese.it\/chi-siamo\/federazione-mani-tese\/associazione-mani-tese-finale-emilia\" target=\"_blank\" rel=\"noreferrer noopener\" aria-label=\" (apre in una nuova scheda)\"><strong>Mani Tese Finale Emilia<\/strong><\/a> nasce nel 1996 ed \u00e8 composto da circa 40 volontari e volontarie di tutte le et\u00e0. Fra le attivit\u00e0 svolte dall\u2019associazione c\u2019\u00e8 la gestione del <strong>mercatino dell\u2019usato<\/strong> (aperto mercoled\u00ec e sabato dalle 15.30 alle 18.30) che si trova in una struttura costruita dai volontari in via per Camposanto 7\/A, nella periferia di Finale Emilia.<\/p>\r\n\r\n\r\n\r\n<p>Al mercatino \u00e8 possibile portare qualsiasi cosa a cui si voglia dare una seconda vita e ogni settimana arrivano tantissime donazioni. Fra le varie tipologie di beni, i capi di abbigliamento sono certamente la categoria pi\u00f9 gettonata e <strong>negli ultimi anni le donazioni di vestiti sono raddoppiate<\/strong>.<\/p>\r\n\r\n\r\n\r\n<p>Purtroppo non \u00e8 possibile rivendere tutto al mercatino, quindi la domanda \u00e8 sorta spontanea: <strong>\u201ccosa ne facciamo di stoffe, jeans, tessuti e accessori invenduti?\u201d<\/strong>. Il quesito \u00e8 stato posto anche su Facebook e inaspettatamente sono arrivate tantissime risposte e proposte.<\/p>\r\n\r\n\r\n\r\n<p>\u00c8 da qui che nasce il progetto <strong>Manigolde<\/strong>.<\/p>\r\n\r\n\r\n\r\n<p><a href=\"https:\/\/manigolde.it\/\" target=\"_blank\" rel=\"noreferrer noopener\" aria-label=\" (apre in una nuova scheda)\"><strong>Manigolde<\/strong><\/a> \u00e8 una sartoria sociale con un duplice obiettivo: da una parte, <strong>recuperare gli indumenti di scarto<\/strong> e, dall\u2019altra, <strong>recuperare le persone<\/strong>, inserendo in un contesto lavorativo uomini e donne con svantaggi socioeconomici (a oggi gli inserimenti sono stati due).<\/p>\r\n\r\n\r\n\r\n<p>Tre sono le linee di moda che comunicano la filosofia del progetto:<\/p>\r\n\r\n\r\n\r\n<ul class=\"wp-block-list\">\r\n<li><strong>Manigolde<\/strong>, composta da modelli nuovi realizzati con tessuti di scarto industriali;<\/li>\r\n<li><strong>RiMani<\/strong>, creata modificando i capi d\u2019abbigliamento provenienti dalle donazioni al mercatino di Mani Tese Finale Emilia;<\/li>\r\n<li><strong>RiMani puro<\/strong>, che prevede la sanificazione di pezzi unici vintage.<\/li>\r\n<\/ul>\r\n\r\n\r\n\r\n<p>&nbsp;<\/p>\r\n\r\n\r\n\r\n<p>Il progetto<strong> Manigolde <\/strong>\u00e8 reso possibile dalla determinazione dei volontari e delle volontarie e dal sostegno di <strong>Mantovanibenne<\/strong>, <strong>Fondazione Cattolica Assicurazioni <\/strong>e <strong>Fondazione Cassa di Risparmio di Mirandola<\/strong>.<\/p>\r\n\r\n\r\n\r\n<p>Manigolde, per\u00f2, mira ad avere anche una <strong>sostenibilit\u00e0 economica<\/strong> data dalle vendite delle sue creazioni sartoriali\u2026 Per maggiori informazioni visitate i profili di Manigolde sui social (<strong><a href=\"https:\/\/www.facebook.com\/manigoldesartoriasociale\" target=\"_blank\" rel=\"noreferrer noopener\" aria-label=\" (apre in una nuova scheda)\">Facebook<\/a> <\/strong>o<strong> <a href=\"https:\/\/www.instagram.com\/manigolde_\/\" target=\"_blank\" rel=\"noreferrer noopener\" aria-label=\" (apre in una nuova scheda)\">Instagram<\/a><\/strong>) o scrivete a info.manigolde@gmail.com.<\/p>\r\n\r\n\r\n\r\n<div class=\"wp-block-image\">\r\n<figure class=\"aligncenter size-large\"><a href=\"https:\/\/manitese.it\/wp-content\/uploads\/2020\/10\/moda-sostenibile-e-riuso-manigolde-mani-tese-2020.jpeg\"><img decoding=\"async\" class=\"wp-image-65949\" src=\"https:\/\/manitese.it\/wp-content\/uploads\/2020\/10\/moda-sostenibile-e-riuso-manigolde-mani-tese-2020-1024x583.jpeg\" alt=\"\" \/><\/a><\/figure>\r\n<\/div>\r\n\r\n\r\n\r\n<p>&nbsp;<\/p>\r\n\r\n\r\n\r\n<p><u><strong>Mani Tese Faenza e il matrimonio con Garum<\/strong><\/u><\/p>\r\n\r\n\r\n\r\n<p>L\u2019<a href=\"https:\/\/manitese.it\/chi-siamo\/federazione-mani-tese\/associazione-mani-tese-faenza\" target=\"_blank\" rel=\"noreferrer noopener\" aria-label=\" (apre in una nuova scheda)\"><strong>Associazione Mani Tese Faenza<\/strong><\/a> si \u00e8 costituita nel 2011 e opera sul territorio faentino in stretta collaborazione con la\u00a0<a href=\"https:\/\/manitese.it\/chi-siamo\/federazione-mani-tese\/cooperativa-riciclaggio-solidarieta-faenza\/\" target=\"_blank\" rel=\"noreferrer noopener\"><strong>Cooperativa Sociale Riciclaggio e Solidariet\u00e0<\/strong><\/a><ins>,<\/ins> con cui condivide in particolare l\u2019attivit\u00e0 legata alla <strong>promozione del riuso e della cultura anti spreco<\/strong>.<\/p>\r\n\r\n\r\n\r\n<p>Anche Mani Tese Faenza gestisce un <strong>mercatino dell\u2019usato<\/strong> (aperto tutti i gioved\u00ec dalle 14:30 alle 18 e il primo sabato del mese dalle 10 alle 12.30), ma in questo articolo vi vogliamo parlare della collaborazione con <strong>Garum<\/strong>, altra associazione del faentino che recupera materiali tessili dagli scarti dei magazzini e li trasforma in nuovi capi dallo stile unico.<\/p>\r\n\r\n\r\n\r\n<p><em>\u201cGarum \u00e8 un insieme di colori, di stoffe, di stili, di magia dove una camicia da uomo diventa la perfetta borsa da donna e dove la gonna da donna diventa il perfetto gilet da uomo. Una fusione di creativit\u00e0, fantasia, passione e bravura che non ha limiti, confini, stereotipi e differenze. Dove non importa da dove vieni, ma importa solo dove puoi arrivare, dove un capo vecchio gettato pu\u00f2 tornare a splendere.\u201d<\/em><\/p>\r\n\r\n\r\n\r\n<p>Cultura del riuso, rispetto delle diversit\u00e0, rifiuto di qualsiasi forma di discriminazione: <strong>tante le cose in comune fra Garum e Mani Tese Faenza<\/strong> che sposano una i valori dell\u2019altra e celebrano questo matrimonio con <strong>due sfilate annuali<\/strong> <strong>delle collezioni di abiti sartoriali di Garum<\/strong>. Il ricavato delle vendite viene poi interamente devoluto ai progetti di Mani Tese.<\/p>\r\n\r\n\r\n\r\n<p>Per maggiori informazioni seguite <a href=\"https:\/\/www.facebook.com\/ManiTeseFaenza\" target=\"_blank\" rel=\"noreferrer noopener\" aria-label=\" (apre in una nuova scheda)\"><strong>il profilo Facebook di Mani Tese Faenza<\/strong><\/a>.<\/p>\r\n\r\n\r\n\r\n<div class=\"wp-block-image\">\r\n<figure class=\"aligncenter size-large\"><a href=\"https:\/\/manitese.it\/wp-content\/uploads\/2020\/10\/moda-sostenibile-e-riuso-garum-mani-tese-2020.jpg\"><img decoding=\"async\" class=\"wp-image-65947\" src=\"https:\/\/manitese.it\/wp-content\/uploads\/2020\/10\/moda-sostenibile-e-riuso-garum-mani-tese-2020.jpg\" alt=\"moda-sostenibile-e-riuso-garum-mani-tese-2020\" \/><\/a><\/figure>\r\n<\/div>\r\n\r\n\r\n\r\n<p>&nbsp;<\/p>\r\n\r\n\r\n\r\n<p><u><strong>La cooperativa FIERi e Mani Tese Sicilia<\/strong><\/u><\/p>\r\n\r\n\r\n\r\n<p><a href=\"https:\/\/www.fieri.info\/\" target=\"_blank\" rel=\"noreferrer noopener\" aria-label=\" (apre in una nuova scheda)\"><strong>FIERi (Fabbrica Interculturale Ecosostenibile del Riuso)<\/strong><\/a> nasce come progetto condiviso da varie realt\u00e0 siciliane, fra cui <a href=\"https:\/\/manitese.it\/chi-siamo\/federazione-mani-tese\/associazione-mani-tese-sicilia\/\" target=\"_blank\" rel=\"noreferrer noopener\" aria-label=\" (apre in una nuova scheda)\"><strong>Mani Tese Sicilia<\/strong><\/a>, attorno alle tematiche della <strong>riduzione dei rifiuti, del riuso, del riciclo e del recupero dei materiali considerati di scarto<\/strong>.<\/p>\r\n\r\n\r\n\r\n<p>La finalit\u00e0 della cooperativa \u00e8, da un lato, <strong>creare opportunit\u00e0 lavorative per migranti e giovani disoccupati<\/strong> in condizioni di marginalit\u00e0 sociale, dall\u2019altro, <strong>sviluppare un\u2019economia circolare<\/strong> in grado di reintegrare nella vita quotidiana le risorse e le persone.<\/p>\r\n\r\n\r\n\r\n<p><strong>FIERi \u00e8 specializzata nella creazione di abiti, accessori e arredi per interno ed esterno<\/strong>. Le creazioni, i modelli e i prototipi di FIERi hanno una storia che deriva dal fatto che si tratta di oggetti che hanno gi\u00e0 avuto una vita e dietro ognuno di essi c\u2019\u00e8 la storia di una o pi\u00f9 persone che lo hanno pensato.<\/p>\r\n\r\n\r\n\r\n<p>In quest\u2019ultimo anno si \u00e8 cercato di sistematizzare il recupero dei materiali collaborando con il mercatino della <a href=\"https:\/\/manitese.it\/chi-siamo\/federazione-mani-tese\/cooperativa-rimani-catania\/\" target=\"_blank\" rel=\"noreferrer noopener\" aria-label=\" (apre in una nuova scheda)\"><strong>Cooperativa Sociale Ri-Mani<\/strong><\/a> (nata da Mani Tese Sicilia) e riuscendo cos\u00ec a creare nuovi prodotti solo con materiali di riuso. Legna, mobili, stoffe, bottoni, cerniere, fili e tanto altro vengono trasformati e valorizzati come risorse e questo permette a FIERi di creare <strong>prodotti unici e di qualit\u00e0<\/strong>.<\/p>\r\n\r\n\r\n\r\n<p><strong>Purtroppo la cooperativa in questi anni ha subito <\/strong><a href=\"https:\/\/manitese.it\/furto-alla-fabbrica-interculturale-del-riuso-di-catania-al-via-la-raccolta-fondi\" target=\"_blank\" rel=\"noreferrer noopener\" aria-label=\" (apre in una nuova scheda)\"><strong>due furti<\/strong><\/a><strong> che l\u2019hanno obbligata a ricominciare quasi da zero<\/strong>, ma le donne della cooperativa sono scese in campo e con dolcezza, caparbiet\u00e0 e forza hanno rimesso in piedi FIERi raccogliendo donazioni, portando stoffe e ben tre macchine da cucire.<\/p>\r\n\r\n\r\n\r\n<p><strong>Oggi FIERi propone<\/strong> <strong>una linea di mascherine ecosostenibili, sacchetti per la spesa e sportine, accessori, borse, zaini, arredi per la casa<\/strong>, tutto realizzato con materiali che per l\u201980% arrivano dalla Cooperativa Ri-Mani. Da qualche settimana \u00e8 presente anche un angolo presso il mercatino, dove si mostra ci\u00f2 che si pu\u00f2 fare semplicemente osservando gli oggetti e le stoffe\u2026da un altro punto di vista!<\/p>\r\n\r\n\r\n\r\n<p>Per maggiori informazioni: <a href=\"http:\/\/www.fieri.info\" target=\"_blank\" rel=\"noreferrer noopener\" aria-label=\" (apre in una nuova scheda)\"><strong>www.fieri.info<\/strong><\/a> o <a href=\"http:\/\/www.facebook.com\/fieri.fabbrica.interculturale\" target=\"_blank\" rel=\"noreferrer noopener\" aria-label=\" (apre in una nuova scheda)\"><strong>www.facebook.com\/fieri.fabbrica.interculturale<\/strong><\/a><\/p>\r\n\r\n\r\n\r\n<figure class=\"wp-block-image size-large\"><img decoding=\"async\" class=\"wp-image-65945\" src=\"https:\/\/manitese.it\/wp-content\/uploads\/2020\/10\/moda-sostenibile-e-riuso-fieri-catania-mani-tese-2020-1024x427.jpeg\" alt=\"\" \/><\/figure>\r\n\r\n\r\n\r\n<p>&nbsp;<\/p>\r\n\r\n\r\n\r\n<p><u><strong>Il progetto Cambia MODA: link utili<\/strong><\/u><\/p>\r\n\r\n\r\n\r\n<p><em>Il progetto\u00a0<\/em><a href=\"https:\/\/manitese.it\/progetto\/cambia-moda\" target=\"_blank\" rel=\"noreferrer noopener\"><strong><em>\u201cCambia MODA! \u2013 Dalla fast fashion a una filiera tessile trasparente e sostenibile\u201d<\/em><\/strong><\/a><em> \u00e8 realizzato grazie al contributo dell\u2019<\/em><a href=\"https:\/\/www.aics.gov.it\/\" target=\"_blank\" rel=\"noreferrer noopener\"><strong><em>Agenzia Italiana per la Cooperazione allo Sviluppo<\/em><\/strong><\/a><em>. Se vuoi saperne di pi\u00f9 clicca qui: <\/em><a href=\"https:\/\/manitese.it\/progetto\/cambia-moda\" target=\"_blank\" rel=\"noreferrer noopener\" aria-label=\" (apre in una nuova scheda)\"><em><strong>https:\/\/manitese.it\/progetto\/cambia-moda<\/strong><\/em><\/a><\/p>\r\n\r\n\r\n\r\n<p><em>E iscriviti alla <\/em><a href=\"https:\/\/www.cambiamoda.it\/\" target=\"_blank\" rel=\"noreferrer noopener\" aria-label=\" (apre in una nuova scheda)\"><strong><em>comunit\u00e0 Cambia MODA!<\/em><\/strong><\/a><em> per chiedere una moda pi\u00f9 sostenibile, etica e trasparente: <\/em><a href=\"https:\/\/www.cambiamoda.it\/\" target=\"_blank\" rel=\"noreferrer noopener\" aria-label=\" (apre in una nuova scheda)\"><em><strong>https:\/\/www.cambiamoda.it\/<\/strong><\/em><\/a><\/p>\r\n","protected":false},"excerpt":{"rendered":"<p>La sostenibilit\u00e0 della moda \u00e8 un tema caro a Mani Tese e alle associazioni locali che fanno parte della nostra Federazione: scopri i progetti attivi a Finale Emilia, Faenza e Catania!<\/p>\n","protected":false},"author":1,"featured_media":65936,"comment_status":"open","ping_status":"open","sticky":false,"template":"","format":"standard","meta":{"_acf_changed":false,"give_campaign_id":0,"inline_featured_image":false,"_jetpack_memberships_contains_paid_content":false,"footnotes":""},"categories":[1],"tags":[],"thematic_area":[906],"class_list":["post-65935","post","type-post","status-publish","format-standard","has-post-thumbnail","hentry","category-news","thematic_area-lavoro-dignitoso"],"acf":[],"yoast_head":"<!-- This site is optimized with the Yoast SEO plugin v27.5 - https:\/\/yoast.com\/product\/yoast-seo-wordpress\/ -->\n<title>MODA SOSTENIBILE E RIUSO: LE ESPERIENZE DI FINALE EMILIA, FAENZA E CATANIA - Mani Tese<\/title>\n<meta name=\"description\" content=\"La sostenibilit\u00e0 della moda \u00e8 un tema caro a Mani Tese e alle associazioni locali che fanno parte della nostra Federazione: scopri i progetti attivi a Finale Emilia, Faenza e Catania!\" \/>\n<meta name=\"robots\" content=\"index, follow, max-snippet:-1, max-image-preview:large, max-video-preview:-1\" \/>\n<link rel=\"canonical\" href=\"https:\/\/www.manitese.it\/en\/moda-sostenibile-le-esperienze-di-finale-emilia-faenza-catania\/\" \/>\n<meta property=\"og:locale\" content=\"en_US\" \/>\n<meta property=\"og:type\" content=\"article\" \/>\n<meta property=\"og:title\" content=\"MODA SOSTENIBILE E RIUSO: LE ESPERIENZE DI FINALE EMILIA, FAENZA E CATANIA - Mani Tese\" \/>\n<meta property=\"og:description\" content=\"La sostenibilit\u00e0 della moda \u00e8 un tema caro a Mani Tese e alle associazioni locali che fanno parte della nostra Federazione: scopri i progetti attivi a Finale Emilia, Faenza e Catania!\" \/>\n<meta property=\"og:url\" content=\"https:\/\/www.manitese.it\/en\/moda-sostenibile-le-esperienze-di-finale-emilia-faenza-catania\/\" \/>\n<meta property=\"og:site_name\" content=\"Mani Tese\" \/>\n<meta property=\"article:published_time\" content=\"2020-10-06T09:47:51+00:00\" \/>\n<meta property=\"article:modified_time\" content=\"2023-12-18T15:48:04+00:00\" \/>\n<meta property=\"og:image\" content=\"https:\/\/www.manitese.it\/wp-content\/uploads\/2020\/10\/moda-sostenibile-e-riuso-manigolde-mani-tese-2020_cover-1.jpg\" \/>\n\t<meta property=\"og:image:width\" content=\"1920\" \/>\n\t<meta property=\"og:image:height\" content=\"800\" \/>\n\t<meta property=\"og:image:type\" content=\"image\/jpeg\" \/>\n<meta name=\"author\" content=\"agevis\" \/>\n<meta name=\"twitter:card\" content=\"summary_large_image\" \/>\n<meta name=\"twitter:label1\" content=\"Written by\" \/>\n\t<meta name=\"twitter:data1\" content=\"agevis\" \/>\n\t<meta name=\"twitter:label2\" content=\"Est. reading time\" \/>\n\t<meta name=\"twitter:data2\" content=\"6 minutes\" \/>\n<script type=\"application\/ld+json\" class=\"yoast-schema-graph\">{\"@context\":\"https:\\\/\\\/schema.org\",\"@graph\":[{\"@type\":\"Article\",\"@id\":\"https:\\\/\\\/www.manitese.it\\\/en\\\/moda-sostenibile-le-esperienze-di-finale-emilia-faenza-catania\\\/#article\",\"isPartOf\":{\"@id\":\"https:\\\/\\\/www.manitese.it\\\/en\\\/moda-sostenibile-le-esperienze-di-finale-emilia-faenza-catania\\\/\"},\"author\":{\"name\":\"agevis\",\"@id\":\"https:\\\/\\\/www.manitese.it\\\/en\\\/#\\\/schema\\\/person\\\/5a9774f17e4940e2510bfeba90f04f65\"},\"headline\":\"MODA SOSTENIBILE E RIUSO: LE ESPERIENZE DI FINALE EMILIA, FAENZA E CATANIA\",\"datePublished\":\"2020-10-06T09:47:51+00:00\",\"dateModified\":\"2023-12-18T15:48:04+00:00\",\"mainEntityOfPage\":{\"@id\":\"https:\\\/\\\/www.manitese.it\\\/en\\\/moda-sostenibile-le-esperienze-di-finale-emilia-faenza-catania\\\/\"},\"wordCount\":1150,\"commentCount\":0,\"image\":{\"@id\":\"https:\\\/\\\/www.manitese.it\\\/en\\\/moda-sostenibile-le-esperienze-di-finale-emilia-faenza-catania\\\/#primaryimage\"},\"thumbnailUrl\":\"https:\\\/\\\/www.manitese.it\\\/wp-content\\\/uploads\\\/2020\\\/10\\\/moda-sostenibile-e-riuso-manigolde-mani-tese-2020_cover-1.jpg\",\"articleSection\":[\"News\"],\"inLanguage\":\"en-US\",\"potentialAction\":[{\"@type\":\"CommentAction\",\"name\":\"Comment\",\"target\":[\"https:\\\/\\\/www.manitese.it\\\/en\\\/moda-sostenibile-le-esperienze-di-finale-emilia-faenza-catania\\\/#respond\"]}]},{\"@type\":\"WebPage\",\"@id\":\"https:\\\/\\\/www.manitese.it\\\/en\\\/moda-sostenibile-le-esperienze-di-finale-emilia-faenza-catania\\\/\",\"url\":\"https:\\\/\\\/www.manitese.it\\\/en\\\/moda-sostenibile-le-esperienze-di-finale-emilia-faenza-catania\\\/\",\"name\":\"MODA SOSTENIBILE E RIUSO: LE ESPERIENZE DI FINALE EMILIA, FAENZA E CATANIA - Mani Tese\",\"isPartOf\":{\"@id\":\"https:\\\/\\\/www.manitese.it\\\/en\\\/#website\"},\"primaryImageOfPage\":{\"@id\":\"https:\\\/\\\/www.manitese.it\\\/en\\\/moda-sostenibile-le-esperienze-di-finale-emilia-faenza-catania\\\/#primaryimage\"},\"image\":{\"@id\":\"https:\\\/\\\/www.manitese.it\\\/en\\\/moda-sostenibile-le-esperienze-di-finale-emilia-faenza-catania\\\/#primaryimage\"},\"thumbnailUrl\":\"https:\\\/\\\/www.manitese.it\\\/wp-content\\\/uploads\\\/2020\\\/10\\\/moda-sostenibile-e-riuso-manigolde-mani-tese-2020_cover-1.jpg\",\"datePublished\":\"2020-10-06T09:47:51+00:00\",\"dateModified\":\"2023-12-18T15:48:04+00:00\",\"author\":{\"@id\":\"https:\\\/\\\/www.manitese.it\\\/en\\\/#\\\/schema\\\/person\\\/5a9774f17e4940e2510bfeba90f04f65\"},\"description\":\"La sostenibilit\u00e0 della moda \u00e8 un tema caro a Mani Tese e alle associazioni locali che fanno parte della nostra Federazione: scopri i progetti attivi a Finale Emilia, Faenza e Catania!\",\"breadcrumb\":{\"@id\":\"https:\\\/\\\/www.manitese.it\\\/en\\\/moda-sostenibile-le-esperienze-di-finale-emilia-faenza-catania\\\/#breadcrumb\"},\"inLanguage\":\"en-US\",\"potentialAction\":[{\"@type\":\"ReadAction\",\"target\":[\"https:\\\/\\\/www.manitese.it\\\/en\\\/moda-sostenibile-le-esperienze-di-finale-emilia-faenza-catania\\\/\"]}]},{\"@type\":\"ImageObject\",\"inLanguage\":\"en-US\",\"@id\":\"https:\\\/\\\/www.manitese.it\\\/en\\\/moda-sostenibile-le-esperienze-di-finale-emilia-faenza-catania\\\/#primaryimage\",\"url\":\"https:\\\/\\\/www.manitese.it\\\/wp-content\\\/uploads\\\/2020\\\/10\\\/moda-sostenibile-e-riuso-manigolde-mani-tese-2020_cover-1.jpg\",\"contentUrl\":\"https:\\\/\\\/www.manitese.it\\\/wp-content\\\/uploads\\\/2020\\\/10\\\/moda-sostenibile-e-riuso-manigolde-mani-tese-2020_cover-1.jpg\",\"width\":1920,\"height\":800,\"caption\":\"moda sostenibile e riuso manigolde mani tese 2020_cover\"},{\"@type\":\"BreadcrumbList\",\"@id\":\"https:\\\/\\\/www.manitese.it\\\/en\\\/moda-sostenibile-le-esperienze-di-finale-emilia-faenza-catania\\\/#breadcrumb\",\"itemListElement\":[{\"@type\":\"ListItem\",\"position\":1,\"name\":\"Home\",\"item\":\"https:\\\/\\\/www.manitese.it\\\/en\\\/\"},{\"@type\":\"ListItem\",\"position\":2,\"name\":\"MODA SOSTENIBILE E RIUSO: LE ESPERIENZE DI FINALE EMILIA, FAENZA E CATANIA\"}]},{\"@type\":\"WebSite\",\"@id\":\"https:\\\/\\\/www.manitese.it\\\/en\\\/#website\",\"url\":\"https:\\\/\\\/www.manitese.it\\\/en\\\/\",\"name\":\"Mani Tese\",\"description\":\"\",\"potentialAction\":[{\"@type\":\"SearchAction\",\"target\":{\"@type\":\"EntryPoint\",\"urlTemplate\":\"https:\\\/\\\/www.manitese.it\\\/en\\\/?s={search_term_string}\"},\"query-input\":{\"@type\":\"PropertyValueSpecification\",\"valueRequired\":true,\"valueName\":\"search_term_string\"}}],\"inLanguage\":\"en-US\"},{\"@type\":\"Person\",\"@id\":\"https:\\\/\\\/www.manitese.it\\\/en\\\/#\\\/schema\\\/person\\\/5a9774f17e4940e2510bfeba90f04f65\",\"name\":\"agevis\",\"image\":{\"@type\":\"ImageObject\",\"inLanguage\":\"en-US\",\"@id\":\"https:\\\/\\\/secure.gravatar.com\\\/avatar\\\/2dc96c93fcf3387a5922a93b50fb3bff01d4800590fb6a4ab91a034adb25ba17?s=96&d=mm&r=g\",\"url\":\"https:\\\/\\\/secure.gravatar.com\\\/avatar\\\/2dc96c93fcf3387a5922a93b50fb3bff01d4800590fb6a4ab91a034adb25ba17?s=96&d=mm&r=g\",\"contentUrl\":\"https:\\\/\\\/secure.gravatar.com\\\/avatar\\\/2dc96c93fcf3387a5922a93b50fb3bff01d4800590fb6a4ab91a034adb25ba17?s=96&d=mm&r=g\",\"caption\":\"agevis\"},\"url\":\"https:\\\/\\\/www.manitese.it\\\/en\\\/author\\\/wp_agevis_admin\\\/\"}]}<\/script>\n<!-- \/ Yoast SEO plugin. -->","yoast_head_json":{"title":"MODA SOSTENIBILE E RIUSO: LE ESPERIENZE DI FINALE EMILIA, FAENZA E CATANIA - Mani Tese","description":"La sostenibilit\u00e0 della moda \u00e8 un tema caro a Mani Tese e alle associazioni locali che fanno parte della nostra Federazione: scopri i progetti attivi a Finale Emilia, Faenza e Catania!","robots":{"index":"index","follow":"follow","max-snippet":"max-snippet:-1","max-image-preview":"max-image-preview:large","max-video-preview":"max-video-preview:-1"},"canonical":"https:\/\/www.manitese.it\/en\/moda-sostenibile-le-esperienze-di-finale-emilia-faenza-catania\/","og_locale":"en_US","og_type":"article","og_title":"MODA SOSTENIBILE E RIUSO: LE ESPERIENZE DI FINALE EMILIA, FAENZA E CATANIA - Mani Tese","og_description":"La sostenibilit\u00e0 della moda \u00e8 un tema caro a Mani Tese e alle associazioni locali che fanno parte della nostra Federazione: scopri i progetti attivi a Finale Emilia, Faenza e Catania!","og_url":"https:\/\/www.manitese.it\/en\/moda-sostenibile-le-esperienze-di-finale-emilia-faenza-catania\/","og_site_name":"Mani Tese","article_published_time":"2020-10-06T09:47:51+00:00","article_modified_time":"2023-12-18T15:48:04+00:00","og_image":[{"width":1920,"height":800,"url":"https:\/\/www.manitese.it\/wp-content\/uploads\/2020\/10\/moda-sostenibile-e-riuso-manigolde-mani-tese-2020_cover-1.jpg","type":"image\/jpeg"}],"author":"agevis","twitter_card":"summary_large_image","twitter_misc":{"Written by":"agevis","Est. reading time":"6 minutes"},"schema":{"@context":"https:\/\/schema.org","@graph":[{"@type":"Article","@id":"https:\/\/www.manitese.it\/en\/moda-sostenibile-le-esperienze-di-finale-emilia-faenza-catania\/#article","isPartOf":{"@id":"https:\/\/www.manitese.it\/en\/moda-sostenibile-le-esperienze-di-finale-emilia-faenza-catania\/"},"author":{"name":"agevis","@id":"https:\/\/www.manitese.it\/en\/#\/schema\/person\/5a9774f17e4940e2510bfeba90f04f65"},"headline":"MODA SOSTENIBILE E RIUSO: LE ESPERIENZE DI FINALE EMILIA, FAENZA E CATANIA","datePublished":"2020-10-06T09:47:51+00:00","dateModified":"2023-12-18T15:48:04+00:00","mainEntityOfPage":{"@id":"https:\/\/www.manitese.it\/en\/moda-sostenibile-le-esperienze-di-finale-emilia-faenza-catania\/"},"wordCount":1150,"commentCount":0,"image":{"@id":"https:\/\/www.manitese.it\/en\/moda-sostenibile-le-esperienze-di-finale-emilia-faenza-catania\/#primaryimage"},"thumbnailUrl":"https:\/\/www.manitese.it\/wp-content\/uploads\/2020\/10\/moda-sostenibile-e-riuso-manigolde-mani-tese-2020_cover-1.jpg","articleSection":["News"],"inLanguage":"en-US","potentialAction":[{"@type":"CommentAction","name":"Comment","target":["https:\/\/www.manitese.it\/en\/moda-sostenibile-le-esperienze-di-finale-emilia-faenza-catania\/#respond"]}]},{"@type":"WebPage","@id":"https:\/\/www.manitese.it\/en\/moda-sostenibile-le-esperienze-di-finale-emilia-faenza-catania\/","url":"https:\/\/www.manitese.it\/en\/moda-sostenibile-le-esperienze-di-finale-emilia-faenza-catania\/","name":"MODA SOSTENIBILE E RIUSO: LE ESPERIENZE DI FINALE EMILIA, FAENZA E CATANIA - Mani Tese","isPartOf":{"@id":"https:\/\/www.manitese.it\/en\/#website"},"primaryImageOfPage":{"@id":"https:\/\/www.manitese.it\/en\/moda-sostenibile-le-esperienze-di-finale-emilia-faenza-catania\/#primaryimage"},"image":{"@id":"https:\/\/www.manitese.it\/en\/moda-sostenibile-le-esperienze-di-finale-emilia-faenza-catania\/#primaryimage"},"thumbnailUrl":"https:\/\/www.manitese.it\/wp-content\/uploads\/2020\/10\/moda-sostenibile-e-riuso-manigolde-mani-tese-2020_cover-1.jpg","datePublished":"2020-10-06T09:47:51+00:00","dateModified":"2023-12-18T15:48:04+00:00","author":{"@id":"https:\/\/www.manitese.it\/en\/#\/schema\/person\/5a9774f17e4940e2510bfeba90f04f65"},"description":"La sostenibilit\u00e0 della moda \u00e8 un tema caro a Mani Tese e alle associazioni locali che fanno parte della nostra Federazione: scopri i progetti attivi a Finale Emilia, Faenza e Catania!","breadcrumb":{"@id":"https:\/\/www.manitese.it\/en\/moda-sostenibile-le-esperienze-di-finale-emilia-faenza-catania\/#breadcrumb"},"inLanguage":"en-US","potentialAction":[{"@type":"ReadAction","target":["https:\/\/www.manitese.it\/en\/moda-sostenibile-le-esperienze-di-finale-emilia-faenza-catania\/"]}]},{"@type":"ImageObject","inLanguage":"en-US","@id":"https:\/\/www.manitese.it\/en\/moda-sostenibile-le-esperienze-di-finale-emilia-faenza-catania\/#primaryimage","url":"https:\/\/www.manitese.it\/wp-content\/uploads\/2020\/10\/moda-sostenibile-e-riuso-manigolde-mani-tese-2020_cover-1.jpg","contentUrl":"https:\/\/www.manitese.it\/wp-content\/uploads\/2020\/10\/moda-sostenibile-e-riuso-manigolde-mani-tese-2020_cover-1.jpg","width":1920,"height":800,"caption":"moda sostenibile e riuso manigolde mani tese 2020_cover"},{"@type":"BreadcrumbList","@id":"https:\/\/www.manitese.it\/en\/moda-sostenibile-le-esperienze-di-finale-emilia-faenza-catania\/#breadcrumb","itemListElement":[{"@type":"ListItem","position":1,"name":"Home","item":"https:\/\/www.manitese.it\/en\/"},{"@type":"ListItem","position":2,"name":"MODA SOSTENIBILE E RIUSO: LE ESPERIENZE DI FINALE EMILIA, FAENZA E CATANIA"}]},{"@type":"WebSite","@id":"https:\/\/www.manitese.it\/en\/#website","url":"https:\/\/www.manitese.it\/en\/","name":"Mani Tese","description":"","potentialAction":[{"@type":"SearchAction","target":{"@type":"EntryPoint","urlTemplate":"https:\/\/www.manitese.it\/en\/?s={search_term_string}"},"query-input":{"@type":"PropertyValueSpecification","valueRequired":true,"valueName":"search_term_string"}}],"inLanguage":"en-US"},{"@type":"Person","@id":"https:\/\/www.manitese.it\/en\/#\/schema\/person\/5a9774f17e4940e2510bfeba90f04f65","name":"agevis","image":{"@type":"ImageObject","inLanguage":"en-US","@id":"https:\/\/secure.gravatar.com\/avatar\/2dc96c93fcf3387a5922a93b50fb3bff01d4800590fb6a4ab91a034adb25ba17?s=96&d=mm&r=g","url":"https:\/\/secure.gravatar.com\/avatar\/2dc96c93fcf3387a5922a93b50fb3bff01d4800590fb6a4ab91a034adb25ba17?s=96&d=mm&r=g","contentUrl":"https:\/\/secure.gravatar.com\/avatar\/2dc96c93fcf3387a5922a93b50fb3bff01d4800590fb6a4ab91a034adb25ba17?s=96&d=mm&r=g","caption":"agevis"},"url":"https:\/\/www.manitese.it\/en\/author\/wp_agevis_admin\/"}]}},"jetpack_featured_media_url":"https:\/\/www.manitese.it\/wp-content\/uploads\/2020\/10\/moda-sostenibile-e-riuso-manigolde-mani-tese-2020_cover-1.jpg","jetpack_sharing_enabled":true,"_links":{"self":[{"href":"https:\/\/www.manitese.it\/en\/wp-json\/wp\/v2\/posts\/65935","targetHints":{"allow":["GET"]}}],"collection":[{"href":"https:\/\/www.manitese.it\/en\/wp-json\/wp\/v2\/posts"}],"about":[{"href":"https:\/\/www.manitese.it\/en\/wp-json\/wp\/v2\/types\/post"}],"author":[{"embeddable":true,"href":"https:\/\/www.manitese.it\/en\/wp-json\/wp\/v2\/users\/1"}],"replies":[{"embeddable":true,"href":"https:\/\/www.manitese.it\/en\/wp-json\/wp\/v2\/comments?post=65935"}],"version-history":[{"count":2,"href":"https:\/\/www.manitese.it\/en\/wp-json\/wp\/v2\/posts\/65935\/revisions"}],"predecessor-version":[{"id":191908,"href":"https:\/\/www.manitese.it\/en\/wp-json\/wp\/v2\/posts\/65935\/revisions\/191908"}],"wp:featuredmedia":[{"embeddable":true,"href":"https:\/\/www.manitese.it\/en\/wp-json\/wp\/v2\/media\/65936"}],"wp:attachment":[{"href":"https:\/\/www.manitese.it\/en\/wp-json\/wp\/v2\/media?parent=65935"}],"wp:term":[{"taxonomy":"category","embeddable":true,"href":"https:\/\/www.manitese.it\/en\/wp-json\/wp\/v2\/categories?post=65935"},{"taxonomy":"post_tag","embeddable":true,"href":"https:\/\/www.manitese.it\/en\/wp-json\/wp\/v2\/tags?post=65935"},{"taxonomy":"thematic_area","embeddable":true,"href":"https:\/\/www.manitese.it\/en\/wp-json\/wp\/v2\/thematic_area?post=65935"}],"curies":[{"name":"wp","href":"https:\/\/api.w.org\/{rel}","templated":true}]}}