{"id":64840,"date":"2020-09-17T12:05:29","date_gmt":"2020-09-17T10:05:29","guid":{"rendered":"https:\/\/manitese.it\/?p=64840"},"modified":"2023-12-18T16:48:19","modified_gmt":"2023-12-18T15:48:19","slug":"libreria-multimediale-per-educazione-alla-cittadinanza-globale","status":"publish","type":"post","link":"https:\/\/www.manitese.it\/en\/libreria-multimediale-per-educazione-alla-cittadinanza-globale\/","title":{"rendered":"ONLINE LA LIBRERIA MULTIMEDIALE PER L&#8217;EDUCAZIONE ALLA CITTADINANZA GLOBALE"},"content":{"rendered":"\r\n<p><strong>La scuola finalmente riparte<\/strong> e per farlo alla grande ha bisogno delle migliori competenze ed energie di docenti, esperti, formatori, educatori, genitori e ovviamente studenti e studentesse.<\/p>\r\n\r\n\r\n\r\n<p>Per questa ripartenza del tutto particolare abbiamo pensato di condividere online alcuni dei nostri migliori <strong>strumenti e contenuti per fare Educazione alla Cittadinanza Globale ed Educazione Civica<\/strong>.<\/p>\r\n\r\n\r\n\r\n<p>Si tratta di una vera e propria <strong><a href=\"https:\/\/cambiamoda.manitese.it\/library\" target=\"_blank\" rel=\"noreferrer noopener\" aria-label=\" (apre in una nuova scheda)\">libreria didattica multimediale<\/a><\/strong>, realizzata dai formatori di Mani Tese, e messa a disposizione per tutti, pensata soprattutto per i docenti, per i formatori e per gli studenti e le studentesse.<\/p>\r\n\r\n\r\n\r\n<p>La libreria presenta, in modo semplice e comparabile, <strong>decine di strumenti e risorse indispensabili per poter lavorare con gruppi di giovani<\/strong> (e meno giovani!) sulle sfide del XXI secolo e <strong>per aiutarli a sviluppare le competenze di cittadinanza globale<\/strong>.<\/p>\r\n\r\n\r\n\r\n<p>Navigando al suo interno troverete il materiale catalogato per categorie: <strong>ice-breakers<\/strong> per riscaldare l\u2019ambiente all\u2019inizio di un percorso; <strong>giochi cooperativi e giochi di ruolo<\/strong> per ribaltare la prospettiva sui problemi contemporanei; <strong>approfondimenti<\/strong> mirati; <strong>metodi di facilitazione<\/strong>; <strong>contenuti video<\/strong> prodotti da Mani Tese e <strong>due kit didattici multimediali<\/strong>, comprensivi di Linee Guida per docenti e formatori, utilissimi sia come supporto nelle classi che per la <strong>didattica a distanza<\/strong>. La navigazione \u00e8 facilitata dalla possibilit\u00e0 di ricerca anche per tematiche e fasce d\u2019et\u00e0 verso le quali sono rivolte le singole proposte.<\/p>\r\n\r\n\r\n\r\n<p>La nostra Library funziona come <strong>una cassetta degli attrezzi virtuale<\/strong> che si focalizza su alcune tematiche chiave per sviluppare unit\u00e0 didattiche transdisciplinari e poter lavorare con ragazzi\/e sui 17 Obiettivi dell\u2019Agenda 2030 dell\u2019ONU. <strong>Vogliamo preparare il terreno per far germogliare le competenze di cittadinanza.<\/strong><\/p>\r\n\r\n\r\n\r\n<p>Da anni il nostro obiettivo \u00e8 quello di aiutare i giovani a maturare competenze per affrontare le sfide del XXI secolo e, quindi, per <strong>trasformare<\/strong> \u2013 nella direzione dell\u2019Agenda 2030 \u2013 <strong>il nostro stile di vita e le nostre comunit\u00e0 per un futuro pi\u00f9 sostenibile e pi\u00f9 giusto<\/strong>.<\/p>\r\n\r\n\r\n\r\n<p>Non ci accontentiamo di denunciare i problemi contemporanei, non basta pi\u00f9 identificarne le cause, <strong>dobbiamo costruire insieme nuove strade fondate sul rispetto dei diritti umani e dei limiti ecologici del nostro Pianeta Terra<\/strong>. L\u2019anello centrale di questa trasformazione \u00e8 la formazione: da qui possiamo ripartire per abbandonare il mito della crescita infinita su un Pianeta dalle risorse limitate; da qui dobbiamo ripartire per contrastare la disuguaglianza economica, che permette all\u20191% pi\u00f9 ricco del mondo di detenere pi\u00f9 ricchezza di 6,9 miliardi di persone messe insieme. Da qui, in sostanza, vogliamo ripartire nelle prime settimane di scuola per non lasciare indietro nessuno.<\/p>\r\n\r\n\r\n\r\n<p>L\u2019iniziativa rientra nell\u2019ambito del progetto <a href=\"https:\/\/manitese.it\/progetto\/cambia-moda\" target=\"_blank\" rel=\"noreferrer noopener\" aria-label=\"\u201cCambia MODA! \u2013 Dalla fast fashion a una filiera tessile trasparente e sostenibile\u201d (apre in una nuova scheda)\">\u201cCambia MODA! \u2013 Dalla fast fashion a una filiera tessile trasparente e sostenibile\u201d<\/a>, realizzato grazie al contributo dell\u2019<a href=\"https:\/\/www.aics.gov.it\/\" target=\"_blank\" rel=\"noreferrer noopener\" aria-label=\"Agenzia Italiana per la Cooperazione allo Sviluppo (apre in una nuova scheda)\">Agenzia Italiana per la Cooperazione allo Sviluppo<\/a>.<\/p>\r\n\r\n\r\n\r\n<h2 class=\"has-text-align-center wp-block-heading\"><a href=\"https:\/\/cambiamoda.manitese.it\/library\" target=\"_blank\" rel=\"noreferrer noopener\" aria-label=\"VAI ALLA LIBRARY (apre in una nuova scheda)\">VAI ALLA LIBRARY<\/a><\/h2>\r\n","protected":false},"excerpt":{"rendered":"<p>La nostra cassetta degli attrezzi per l\u2019Educazione alla Cittadinanza Globale pensata per docenti, formatori, studenti e studentesse.<\/p>\n","protected":false},"author":1,"featured_media":65103,"comment_status":"open","ping_status":"open","sticky":false,"template":"","format":"standard","meta":{"_acf_changed":false,"give_campaign_id":0,"inline_featured_image":false,"_jetpack_memberships_contains_paid_content":false,"footnotes":""},"categories":[1],"tags":[],"thematic_area":[906],"class_list":["post-64840","post","type-post","status-publish","format-standard","has-post-thumbnail","hentry","category-news","thematic_area-lavoro-dignitoso"],"acf":[],"yoast_head":"<!-- This site is optimized with the Yoast SEO plugin v27.5 - https:\/\/yoast.com\/product\/yoast-seo-wordpress\/ -->\n<title>ONLINE LA LIBRERIA MULTIMEDIALE PER L&#039;EDUCAZIONE ALLA CITTADINANZA GLOBALE - Mani Tese<\/title>\n<meta name=\"description\" content=\"La nostra cassetta degli attrezzi per l\u2019Educazione alla Cittadinanza Globale pensata per docenti, formatori, studenti e studentesse.\" \/>\n<meta name=\"robots\" content=\"index, follow, max-snippet:-1, max-image-preview:large, max-video-preview:-1\" \/>\n<link rel=\"canonical\" href=\"https:\/\/www.manitese.it\/en\/libreria-multimediale-per-educazione-alla-cittadinanza-globale\/\" \/>\n<meta property=\"og:locale\" content=\"en_US\" \/>\n<meta property=\"og:type\" content=\"article\" \/>\n<meta property=\"og:title\" content=\"ONLINE LA LIBRERIA MULTIMEDIALE PER L&#039;EDUCAZIONE ALLA CITTADINANZA GLOBALE - Mani Tese\" \/>\n<meta property=\"og:description\" content=\"La nostra cassetta degli attrezzi per l\u2019Educazione alla Cittadinanza Globale pensata per docenti, formatori, studenti e studentesse.\" \/>\n<meta property=\"og:url\" content=\"https:\/\/www.manitese.it\/en\/libreria-multimediale-per-educazione-alla-cittadinanza-globale\/\" \/>\n<meta property=\"og:site_name\" content=\"Mani Tese\" \/>\n<meta property=\"article:published_time\" content=\"2020-09-17T10:05:29+00:00\" \/>\n<meta property=\"article:modified_time\" content=\"2023-12-18T15:48:19+00:00\" \/>\n<meta property=\"og:image\" content=\"https:\/\/www.manitese.it\/wp-content\/uploads\/2020\/09\/mani-tese-2020-libreria-didattica-multimediale-news-1.jpg\" \/>\n\t<meta property=\"og:image:width\" content=\"1920\" \/>\n\t<meta property=\"og:image:height\" content=\"800\" \/>\n\t<meta property=\"og:image:type\" content=\"image\/jpeg\" \/>\n<meta name=\"author\" content=\"agevis\" \/>\n<meta name=\"twitter:card\" content=\"summary_large_image\" \/>\n<meta name=\"twitter:label1\" content=\"Written by\" \/>\n\t<meta name=\"twitter:data1\" content=\"agevis\" \/>\n\t<meta name=\"twitter:label2\" content=\"Est. reading time\" \/>\n\t<meta name=\"twitter:data2\" content=\"2 minutes\" \/>\n<script type=\"application\/ld+json\" class=\"yoast-schema-graph\">{\"@context\":\"https:\\\/\\\/schema.org\",\"@graph\":[{\"@type\":\"Article\",\"@id\":\"https:\\\/\\\/www.manitese.it\\\/en\\\/libreria-multimediale-per-educazione-alla-cittadinanza-globale\\\/#article\",\"isPartOf\":{\"@id\":\"https:\\\/\\\/www.manitese.it\\\/en\\\/libreria-multimediale-per-educazione-alla-cittadinanza-globale\\\/\"},\"author\":{\"name\":\"agevis\",\"@id\":\"https:\\\/\\\/www.manitese.it\\\/en\\\/#\\\/schema\\\/person\\\/5a9774f17e4940e2510bfeba90f04f65\"},\"headline\":\"ONLINE LA LIBRERIA MULTIMEDIALE PER L&#8217;EDUCAZIONE ALLA CITTADINANZA GLOBALE\",\"datePublished\":\"2020-09-17T10:05:29+00:00\",\"dateModified\":\"2023-12-18T15:48:19+00:00\",\"mainEntityOfPage\":{\"@id\":\"https:\\\/\\\/www.manitese.it\\\/en\\\/libreria-multimediale-per-educazione-alla-cittadinanza-globale\\\/\"},\"wordCount\":455,\"commentCount\":0,\"image\":{\"@id\":\"https:\\\/\\\/www.manitese.it\\\/en\\\/libreria-multimediale-per-educazione-alla-cittadinanza-globale\\\/#primaryimage\"},\"thumbnailUrl\":\"https:\\\/\\\/www.manitese.it\\\/wp-content\\\/uploads\\\/2020\\\/09\\\/mani-tese-2020-libreria-didattica-multimediale-news-1.jpg\",\"articleSection\":[\"News\"],\"inLanguage\":\"en-US\",\"potentialAction\":[{\"@type\":\"CommentAction\",\"name\":\"Comment\",\"target\":[\"https:\\\/\\\/www.manitese.it\\\/en\\\/libreria-multimediale-per-educazione-alla-cittadinanza-globale\\\/#respond\"]}]},{\"@type\":\"WebPage\",\"@id\":\"https:\\\/\\\/www.manitese.it\\\/en\\\/libreria-multimediale-per-educazione-alla-cittadinanza-globale\\\/\",\"url\":\"https:\\\/\\\/www.manitese.it\\\/en\\\/libreria-multimediale-per-educazione-alla-cittadinanza-globale\\\/\",\"name\":\"ONLINE LA LIBRERIA MULTIMEDIALE PER L'EDUCAZIONE ALLA CITTADINANZA GLOBALE - Mani Tese\",\"isPartOf\":{\"@id\":\"https:\\\/\\\/www.manitese.it\\\/en\\\/#website\"},\"primaryImageOfPage\":{\"@id\":\"https:\\\/\\\/www.manitese.it\\\/en\\\/libreria-multimediale-per-educazione-alla-cittadinanza-globale\\\/#primaryimage\"},\"image\":{\"@id\":\"https:\\\/\\\/www.manitese.it\\\/en\\\/libreria-multimediale-per-educazione-alla-cittadinanza-globale\\\/#primaryimage\"},\"thumbnailUrl\":\"https:\\\/\\\/www.manitese.it\\\/wp-content\\\/uploads\\\/2020\\\/09\\\/mani-tese-2020-libreria-didattica-multimediale-news-1.jpg\",\"datePublished\":\"2020-09-17T10:05:29+00:00\",\"dateModified\":\"2023-12-18T15:48:19+00:00\",\"author\":{\"@id\":\"https:\\\/\\\/www.manitese.it\\\/en\\\/#\\\/schema\\\/person\\\/5a9774f17e4940e2510bfeba90f04f65\"},\"description\":\"La nostra cassetta degli attrezzi per l\u2019Educazione alla Cittadinanza Globale pensata per docenti, formatori, studenti e studentesse.\",\"breadcrumb\":{\"@id\":\"https:\\\/\\\/www.manitese.it\\\/en\\\/libreria-multimediale-per-educazione-alla-cittadinanza-globale\\\/#breadcrumb\"},\"inLanguage\":\"en-US\",\"potentialAction\":[{\"@type\":\"ReadAction\",\"target\":[\"https:\\\/\\\/www.manitese.it\\\/en\\\/libreria-multimediale-per-educazione-alla-cittadinanza-globale\\\/\"]}]},{\"@type\":\"ImageObject\",\"inLanguage\":\"en-US\",\"@id\":\"https:\\\/\\\/www.manitese.it\\\/en\\\/libreria-multimediale-per-educazione-alla-cittadinanza-globale\\\/#primaryimage\",\"url\":\"https:\\\/\\\/www.manitese.it\\\/wp-content\\\/uploads\\\/2020\\\/09\\\/mani-tese-2020-libreria-didattica-multimediale-news-1.jpg\",\"contentUrl\":\"https:\\\/\\\/www.manitese.it\\\/wp-content\\\/uploads\\\/2020\\\/09\\\/mani-tese-2020-libreria-didattica-multimediale-news-1.jpg\",\"width\":1920,\"height\":800,\"caption\":\"mani tese 2020 libreria didattica multimediale news\"},{\"@type\":\"BreadcrumbList\",\"@id\":\"https:\\\/\\\/www.manitese.it\\\/en\\\/libreria-multimediale-per-educazione-alla-cittadinanza-globale\\\/#breadcrumb\",\"itemListElement\":[{\"@type\":\"ListItem\",\"position\":1,\"name\":\"Home\",\"item\":\"https:\\\/\\\/www.manitese.it\\\/en\\\/\"},{\"@type\":\"ListItem\",\"position\":2,\"name\":\"ONLINE LA LIBRERIA MULTIMEDIALE PER L&#8217;EDUCAZIONE ALLA CITTADINANZA GLOBALE\"}]},{\"@type\":\"WebSite\",\"@id\":\"https:\\\/\\\/www.manitese.it\\\/en\\\/#website\",\"url\":\"https:\\\/\\\/www.manitese.it\\\/en\\\/\",\"name\":\"Mani Tese\",\"description\":\"\",\"potentialAction\":[{\"@type\":\"SearchAction\",\"target\":{\"@type\":\"EntryPoint\",\"urlTemplate\":\"https:\\\/\\\/www.manitese.it\\\/en\\\/?s={search_term_string}\"},\"query-input\":{\"@type\":\"PropertyValueSpecification\",\"valueRequired\":true,\"valueName\":\"search_term_string\"}}],\"inLanguage\":\"en-US\"},{\"@type\":\"Person\",\"@id\":\"https:\\\/\\\/www.manitese.it\\\/en\\\/#\\\/schema\\\/person\\\/5a9774f17e4940e2510bfeba90f04f65\",\"name\":\"agevis\",\"image\":{\"@type\":\"ImageObject\",\"inLanguage\":\"en-US\",\"@id\":\"https:\\\/\\\/secure.gravatar.com\\\/avatar\\\/2dc96c93fcf3387a5922a93b50fb3bff01d4800590fb6a4ab91a034adb25ba17?s=96&d=mm&r=g\",\"url\":\"https:\\\/\\\/secure.gravatar.com\\\/avatar\\\/2dc96c93fcf3387a5922a93b50fb3bff01d4800590fb6a4ab91a034adb25ba17?s=96&d=mm&r=g\",\"contentUrl\":\"https:\\\/\\\/secure.gravatar.com\\\/avatar\\\/2dc96c93fcf3387a5922a93b50fb3bff01d4800590fb6a4ab91a034adb25ba17?s=96&d=mm&r=g\",\"caption\":\"agevis\"},\"url\":\"https:\\\/\\\/www.manitese.it\\\/en\\\/author\\\/wp_agevis_admin\\\/\"}]}<\/script>\n<!-- \/ Yoast SEO plugin. -->","yoast_head_json":{"title":"ONLINE LA LIBRERIA MULTIMEDIALE PER L'EDUCAZIONE ALLA CITTADINANZA GLOBALE - Mani Tese","description":"La nostra cassetta degli attrezzi per l\u2019Educazione alla Cittadinanza Globale pensata per docenti, formatori, studenti e studentesse.","robots":{"index":"index","follow":"follow","max-snippet":"max-snippet:-1","max-image-preview":"max-image-preview:large","max-video-preview":"max-video-preview:-1"},"canonical":"https:\/\/www.manitese.it\/en\/libreria-multimediale-per-educazione-alla-cittadinanza-globale\/","og_locale":"en_US","og_type":"article","og_title":"ONLINE LA LIBRERIA MULTIMEDIALE PER L'EDUCAZIONE ALLA CITTADINANZA GLOBALE - Mani Tese","og_description":"La nostra cassetta degli attrezzi per l\u2019Educazione alla Cittadinanza Globale pensata per docenti, formatori, studenti e studentesse.","og_url":"https:\/\/www.manitese.it\/en\/libreria-multimediale-per-educazione-alla-cittadinanza-globale\/","og_site_name":"Mani Tese","article_published_time":"2020-09-17T10:05:29+00:00","article_modified_time":"2023-12-18T15:48:19+00:00","og_image":[{"width":1920,"height":800,"url":"https:\/\/www.manitese.it\/wp-content\/uploads\/2020\/09\/mani-tese-2020-libreria-didattica-multimediale-news-1.jpg","type":"image\/jpeg"}],"author":"agevis","twitter_card":"summary_large_image","twitter_misc":{"Written by":"agevis","Est. reading time":"2 minutes"},"schema":{"@context":"https:\/\/schema.org","@graph":[{"@type":"Article","@id":"https:\/\/www.manitese.it\/en\/libreria-multimediale-per-educazione-alla-cittadinanza-globale\/#article","isPartOf":{"@id":"https:\/\/www.manitese.it\/en\/libreria-multimediale-per-educazione-alla-cittadinanza-globale\/"},"author":{"name":"agevis","@id":"https:\/\/www.manitese.it\/en\/#\/schema\/person\/5a9774f17e4940e2510bfeba90f04f65"},"headline":"ONLINE LA LIBRERIA MULTIMEDIALE PER L&#8217;EDUCAZIONE ALLA CITTADINANZA GLOBALE","datePublished":"2020-09-17T10:05:29+00:00","dateModified":"2023-12-18T15:48:19+00:00","mainEntityOfPage":{"@id":"https:\/\/www.manitese.it\/en\/libreria-multimediale-per-educazione-alla-cittadinanza-globale\/"},"wordCount":455,"commentCount":0,"image":{"@id":"https:\/\/www.manitese.it\/en\/libreria-multimediale-per-educazione-alla-cittadinanza-globale\/#primaryimage"},"thumbnailUrl":"https:\/\/www.manitese.it\/wp-content\/uploads\/2020\/09\/mani-tese-2020-libreria-didattica-multimediale-news-1.jpg","articleSection":["News"],"inLanguage":"en-US","potentialAction":[{"@type":"CommentAction","name":"Comment","target":["https:\/\/www.manitese.it\/en\/libreria-multimediale-per-educazione-alla-cittadinanza-globale\/#respond"]}]},{"@type":"WebPage","@id":"https:\/\/www.manitese.it\/en\/libreria-multimediale-per-educazione-alla-cittadinanza-globale\/","url":"https:\/\/www.manitese.it\/en\/libreria-multimediale-per-educazione-alla-cittadinanza-globale\/","name":"ONLINE LA LIBRERIA MULTIMEDIALE PER L'EDUCAZIONE ALLA CITTADINANZA GLOBALE - Mani Tese","isPartOf":{"@id":"https:\/\/www.manitese.it\/en\/#website"},"primaryImageOfPage":{"@id":"https:\/\/www.manitese.it\/en\/libreria-multimediale-per-educazione-alla-cittadinanza-globale\/#primaryimage"},"image":{"@id":"https:\/\/www.manitese.it\/en\/libreria-multimediale-per-educazione-alla-cittadinanza-globale\/#primaryimage"},"thumbnailUrl":"https:\/\/www.manitese.it\/wp-content\/uploads\/2020\/09\/mani-tese-2020-libreria-didattica-multimediale-news-1.jpg","datePublished":"2020-09-17T10:05:29+00:00","dateModified":"2023-12-18T15:48:19+00:00","author":{"@id":"https:\/\/www.manitese.it\/en\/#\/schema\/person\/5a9774f17e4940e2510bfeba90f04f65"},"description":"La nostra cassetta degli attrezzi per l\u2019Educazione alla Cittadinanza Globale pensata per docenti, formatori, studenti e studentesse.","breadcrumb":{"@id":"https:\/\/www.manitese.it\/en\/libreria-multimediale-per-educazione-alla-cittadinanza-globale\/#breadcrumb"},"inLanguage":"en-US","potentialAction":[{"@type":"ReadAction","target":["https:\/\/www.manitese.it\/en\/libreria-multimediale-per-educazione-alla-cittadinanza-globale\/"]}]},{"@type":"ImageObject","inLanguage":"en-US","@id":"https:\/\/www.manitese.it\/en\/libreria-multimediale-per-educazione-alla-cittadinanza-globale\/#primaryimage","url":"https:\/\/www.manitese.it\/wp-content\/uploads\/2020\/09\/mani-tese-2020-libreria-didattica-multimediale-news-1.jpg","contentUrl":"https:\/\/www.manitese.it\/wp-content\/uploads\/2020\/09\/mani-tese-2020-libreria-didattica-multimediale-news-1.jpg","width":1920,"height":800,"caption":"mani tese 2020 libreria didattica multimediale news"},{"@type":"BreadcrumbList","@id":"https:\/\/www.manitese.it\/en\/libreria-multimediale-per-educazione-alla-cittadinanza-globale\/#breadcrumb","itemListElement":[{"@type":"ListItem","position":1,"name":"Home","item":"https:\/\/www.manitese.it\/en\/"},{"@type":"ListItem","position":2,"name":"ONLINE LA LIBRERIA MULTIMEDIALE PER L&#8217;EDUCAZIONE ALLA CITTADINANZA GLOBALE"}]},{"@type":"WebSite","@id":"https:\/\/www.manitese.it\/en\/#website","url":"https:\/\/www.manitese.it\/en\/","name":"Mani Tese","description":"","potentialAction":[{"@type":"SearchAction","target":{"@type":"EntryPoint","urlTemplate":"https:\/\/www.manitese.it\/en\/?s={search_term_string}"},"query-input":{"@type":"PropertyValueSpecification","valueRequired":true,"valueName":"search_term_string"}}],"inLanguage":"en-US"},{"@type":"Person","@id":"https:\/\/www.manitese.it\/en\/#\/schema\/person\/5a9774f17e4940e2510bfeba90f04f65","name":"agevis","image":{"@type":"ImageObject","inLanguage":"en-US","@id":"https:\/\/secure.gravatar.com\/avatar\/2dc96c93fcf3387a5922a93b50fb3bff01d4800590fb6a4ab91a034adb25ba17?s=96&d=mm&r=g","url":"https:\/\/secure.gravatar.com\/avatar\/2dc96c93fcf3387a5922a93b50fb3bff01d4800590fb6a4ab91a034adb25ba17?s=96&d=mm&r=g","contentUrl":"https:\/\/secure.gravatar.com\/avatar\/2dc96c93fcf3387a5922a93b50fb3bff01d4800590fb6a4ab91a034adb25ba17?s=96&d=mm&r=g","caption":"agevis"},"url":"https:\/\/www.manitese.it\/en\/author\/wp_agevis_admin\/"}]}},"jetpack_featured_media_url":"https:\/\/www.manitese.it\/wp-content\/uploads\/2020\/09\/mani-tese-2020-libreria-didattica-multimediale-news-1.jpg","jetpack_sharing_enabled":true,"_links":{"self":[{"href":"https:\/\/www.manitese.it\/en\/wp-json\/wp\/v2\/posts\/64840","targetHints":{"allow":["GET"]}}],"collection":[{"href":"https:\/\/www.manitese.it\/en\/wp-json\/wp\/v2\/posts"}],"about":[{"href":"https:\/\/www.manitese.it\/en\/wp-json\/wp\/v2\/types\/post"}],"author":[{"embeddable":true,"href":"https:\/\/www.manitese.it\/en\/wp-json\/wp\/v2\/users\/1"}],"replies":[{"embeddable":true,"href":"https:\/\/www.manitese.it\/en\/wp-json\/wp\/v2\/comments?post=64840"}],"version-history":[{"count":2,"href":"https:\/\/www.manitese.it\/en\/wp-json\/wp\/v2\/posts\/64840\/revisions"}],"predecessor-version":[{"id":191909,"href":"https:\/\/www.manitese.it\/en\/wp-json\/wp\/v2\/posts\/64840\/revisions\/191909"}],"wp:featuredmedia":[{"embeddable":true,"href":"https:\/\/www.manitese.it\/en\/wp-json\/wp\/v2\/media\/65103"}],"wp:attachment":[{"href":"https:\/\/www.manitese.it\/en\/wp-json\/wp\/v2\/media?parent=64840"}],"wp:term":[{"taxonomy":"category","embeddable":true,"href":"https:\/\/www.manitese.it\/en\/wp-json\/wp\/v2\/categories?post=64840"},{"taxonomy":"post_tag","embeddable":true,"href":"https:\/\/www.manitese.it\/en\/wp-json\/wp\/v2\/tags?post=64840"},{"taxonomy":"thematic_area","embeddable":true,"href":"https:\/\/www.manitese.it\/en\/wp-json\/wp\/v2\/thematic_area?post=64840"}],"curies":[{"name":"wp","href":"https:\/\/api.w.org\/{rel}","templated":true}]}}