{"id":64691,"date":"2020-09-15T10:30:20","date_gmt":"2020-09-15T08:30:20","guid":{"rendered":"https:\/\/manitese.it\/?p=64691"},"modified":"2023-11-30T17:53:22","modified_gmt":"2023-11-30T16:53:22","slug":"storia-di-una-bambina-vittima-di-abusi-in-cambogia","status":"publish","type":"post","link":"https:\/\/www.manitese.it\/en\/storia-di-una-bambina-vittima-di-abusi-in-cambogia\/","title":{"rendered":"SUN RAE, STORIA DI UNA BAMBINA VITTIMA DI ABUSI IN CAMBOGIA"},"content":{"rendered":"\r\n<p><strong>Sun Rae<\/strong>* ha 13 anni ed \u00e8 nata a\u00a0<strong>Poipet<\/strong>, una citt\u00e0 nel nord-ovest della Cambogia, al confine con la Thailandia. Quando ancora era piccola, i suoi genitori si separarono, il padre spos\u00f2 un\u2019altra donna e poi si trasfer\u00ec a Phnom Penh, perdendo i contatti con la famiglia.<\/p>\r\n\r\n\r\n\r\n<p><strong>La madre di Sun Rae era povera<\/strong>, non possedeva una casa, n\u00e9 poteva permettersi di affittare una stanza. Cos\u00ec, in seguito alla partenza del padre, Sun Rae e la madre camminavano ogni giorno per le strade\u00a0<strong>facendo l\u2019elemosina per potersi comprare qualcosa da mangiare<\/strong>. Di notte poi, cercavano un riparo o un giardino pubblico dove dormire fino al giorno successivo, quando avrebbero ripreso a chiedere l&#8217;elemosina fino a notte fonda.<\/p>\r\n\r\n\r\n\r\n<p>Come se non bastasse,<strong>\u00a0la madre di Sun Rae aveva problemi con l&#8217;alcol<\/strong>\u00a0e quando beveva diventava nervosa e mandava Sun Rae a mendicare da sola. Un giorno, per\u00f2, le autorit\u00e0 locali trovarono Sun Rae per strada e, dopo aver compreso che non aveva cibo n\u00e9 riparo, la indirizzarono al\u00a0<strong>centro di accoglienza di\u00a0<\/strong><a href=\"http:\/\/www.damnoktoek.org\/\" target=\"_blank\" rel=\"noreferrer noopener\"><strong>Damnok Toek<\/strong><\/a>\u00a0dove venne intervistata dal personale e dai membri del Dipartimento degli affari sociali.<\/p>\r\n\r\n\r\n\r\n<p>Nel centro di accoglienza, lo staff di Damnok Toek scopr\u00ec che\u00a0<strong>era malnutrita e senza forze<\/strong>.\u00a0Aveva difficolt\u00e0\u00a0nel ricordare gli episodi passati e aveva paura di parlare. Sun Rae era tranquilla e timida con gli altri bambini del centro e\u00a0<strong>continuava a chiedere di tornare da sua madre<\/strong>, ma gli assistenti sociali di Damnok Toek non riuscirono a trovarla, anche perch\u00e9 neanche la bambina sapeva dove potesse essere.<\/p>\r\n\r\n\r\n\r\n<p>Dopo essere rimasta nel centro per un po&#8217;, Sun Rae un giorno raccont\u00f2 a uno dei membri dello staff di un fatto che le successe mentre era sola a chiedere l&#8217;elemosina.\u00a0<strong>Disse di aver subito molestie sessuali da parte di un uomo<\/strong>: aveva paura di lui ed era troppo spaventata per allertare le autorit\u00e0. Il coordinatore di Damnok Toek, appreso dell\u2019accaduto, denunci\u00f2 immediatamente l\u2019episodio alla polizia, ma purtroppo non riuscirono mai a trovare l&#8217;uomo che abus\u00f2 della piccola.<\/p>\r\n\r\n\r\n\r\n<p><strong>Sun Rae adesso sta bene e il centro di Damnok Toek le offre un posto sicuro dove vivere, tre pasti al giorno, cure mediche, controlli sanitari e istruzione<\/strong>.\u00a0Grazie alle lezioni, abbiamo appreso che Sun Rae \u00e8 una brava studentessa: sa leggere e scrivere, disegna e si diverte con diverse attivit\u00e0. Ama anche cantare e ballare pezzi tradizionali Khmer (il gruppo etnico pi\u00f9 popoloso in Cambogia).<\/p>\r\n\r\n\r\n\r\n<p>\u201cVorrei ringraziare Damnok Toek che mi ha salvato e mi ha fornito molte opportunit\u00e0 per imparare \u2013<strong>\u00a0dice Sun Rae<\/strong>\u00a0\u2013 Ora sono forte e coraggiosa dopo aver vissuto qui. In futuro voglio essere una cantante pop. Il mio grande sogno \u00e8 quello di tornare a vivere con mia madre e prendermi cura di lei.&#8221;<\/p>\r\n\r\n\r\n\r\n<p>Il centro di accoglienza di Damnok Toek \u00e8 supportato da\u00a0<strong>Mani Tese<\/strong>\u00a0attraverso il progetto\u00a0<a href=\"https:\/\/manitese.it\/progetto\/cambogia-centro-accoglienza-bambini-vittime-trafficking-rischio-abusi\" target=\"_blank\" rel=\"noreferrer noopener\"><strong>\u201cBambini al sicuro in Cambogia\u201d<\/strong><\/a>\u00a0che vuole accogliere e riabilitare i bambini e le bambine vittime di\u00a0<em>trafficking<\/em>\u00a0e abusi. Scopri di pi\u00f9 sul progetto e fai una donazione se vuoi aiutare anche tu i bambini e le bambine della Cambogia:\u00a0<a href=\"https:\/\/manitese.it\/progetto\/cambogia-centro-accoglienza-bambini-vittime-trafficking-rischio-abusi\" target=\"_blank\" rel=\"noreferrer noopener\">https:\/\/manitese.it\/progetto\/cambogia-centro-accoglienza-bambini-vittime-trafficking-rischio-abusi<\/a><\/p>\r\n\r\n\r\n\r\n<p>*Nome di fantasia per proteggere la privacy del minore.<\/p>\r\n\r\n\r\n\r\n<p>Qui di seguito alcune foto dal centro di accoglienza di Damnok Toek:<\/p>\r\n\r\n\r\n\r\n<div class=\"wp-block-image\">\r\n<figure class=\"aligncenter size-large\"><a href=\"https:\/\/manitese.it\/wp-content\/uploads\/2020\/09\/storia-bambina-vittima-abusi-cambogia-mani-tese-2020-1.jpg\"><img decoding=\"async\" class=\"wp-image-64696\" src=\"https:\/\/manitese.it\/wp-content\/uploads\/2020\/09\/storia-bambina-vittima-abusi-cambogia-mani-tese-2020-1-1024x768.jpg\" alt=\"\" \/><\/a>\r\n<figcaption><em>Danza tradizionale Khmer<\/em><\/figcaption>\r\n<\/figure>\r\n<\/div>\r\n\r\n\r\n\r\n<div class=\"wp-block-image\">\r\n<figure class=\"aligncenter size-large\"><a href=\"https:\/\/manitese.it\/wp-content\/uploads\/2020\/09\/storia-bambina-vittima-abusi-cambogia-mani-tese-2020-2.jpg\"><img decoding=\"async\" class=\"wp-image-64698\" src=\"https:\/\/manitese.it\/wp-content\/uploads\/2020\/09\/storia-bambina-vittima-abusi-cambogia-mani-tese-2020-2-1024x768.jpg\" alt=\"\" \/><\/a>\r\n<figcaption><em>Un po&#8217; di ginnastica<\/em><\/figcaption>\r\n<\/figure>\r\n<\/div>\r\n\r\n\r\n\r\n<div class=\"wp-block-image\">\r\n<figure class=\"aligncenter size-large\"><a href=\"https:\/\/manitese.it\/wp-content\/uploads\/2020\/09\/storia-bambina-vittima-abusi-cambogia-mani-tese-2020-3.jpg\"><img decoding=\"async\" class=\"wp-image-64700\" src=\"https:\/\/manitese.it\/wp-content\/uploads\/2020\/09\/storia-bambina-vittima-abusi-cambogia-mani-tese-2020-3-1024x471.jpg\" alt=\"\" \/><\/a>\r\n<figcaption><em>Attivit\u00e0 nell&#8217;orto<\/em><\/figcaption>\r\n<\/figure>\r\n<\/div>\r\n\r\n\r\n\r\n<div class=\"wp-block-image\">\r\n<figure class=\"aligncenter size-large\"><a href=\"https:\/\/manitese.it\/wp-content\/uploads\/2020\/09\/storia-bambina-vittima-abusi-cambogia-mani-tese-2020-4.jpg\"><img decoding=\"async\" class=\"wp-image-64702\" src=\"https:\/\/manitese.it\/wp-content\/uploads\/2020\/09\/storia-bambina-vittima-abusi-cambogia-mani-tese-2020-4-1024x470.jpg\" alt=\"\" \/><\/a>\r\n<figcaption><em>Attivit\u00e0 di sensibilizzazione sul Covid-19<\/em><\/figcaption>\r\n<\/figure>\r\n<\/div>\r\n\r\n\r\n\r\n<div class=\"wp-block-image\">\r\n<figure class=\"aligncenter size-large\"><a href=\"https:\/\/manitese.it\/wp-content\/uploads\/2020\/09\/storia-bambina-vittima-abusi-cambogia-mani-tese-2020-5.jpg\"><img decoding=\"async\" class=\"wp-image-64704\" src=\"https:\/\/manitese.it\/wp-content\/uploads\/2020\/09\/storia-bambina-vittima-abusi-cambogia-mani-tese-2020-5-470x1024.jpg\" alt=\"\" \/><\/a>\r\n<figcaption><em>Gli operatori Damnok Toek insegnano a lavarsi bene le mani<\/em><\/figcaption>\r\n<\/figure>\r\n<\/div>\r\n","protected":false},"excerpt":{"rendered":"<p>Sun Rae, ospite del centro di accoglienza di Damnok Toek, ha avuto un\u2019infanzia difficile, ma ora \u00e8 rinata e vuole diventare una cantante.<\/p>\n","protected":false},"author":1,"featured_media":64692,"comment_status":"open","ping_status":"open","sticky":false,"template":"","format":"standard","meta":{"_acf_changed":false,"give_campaign_id":0,"inline_featured_image":false,"_jetpack_memberships_contains_paid_content":false,"footnotes":""},"categories":[3],"tags":[],"thematic_area":[909],"class_list":["post-64691","post","type-post","status-publish","format-standard","has-post-thumbnail","hentry","category-diari","thematic_area-inclusione-sociale"],"acf":[],"yoast_head":"<!-- This site is optimized with the Yoast SEO plugin v27.5 - https:\/\/yoast.com\/product\/yoast-seo-wordpress\/ -->\n<title>SUN RAE, STORIA DI UNA BAMBINA VITTIMA DI ABUSI IN CAMBOGIA - Mani Tese<\/title>\n<meta name=\"description\" content=\"Sun Rae, ospite del centro di accoglienza di Damnok Toek, ha avuto un\u2019infanzia difficile, ma ora \u00e8 rinata e vuole diventare una cantante.\" \/>\n<meta name=\"robots\" content=\"index, follow, max-snippet:-1, max-image-preview:large, max-video-preview:-1\" \/>\n<link rel=\"canonical\" href=\"https:\/\/www.manitese.it\/en\/storia-di-una-bambina-vittima-di-abusi-in-cambogia\/\" \/>\n<meta property=\"og:locale\" content=\"en_US\" \/>\n<meta property=\"og:type\" content=\"article\" \/>\n<meta property=\"og:title\" content=\"SUN RAE, STORIA DI UNA BAMBINA VITTIMA DI ABUSI IN CAMBOGIA - Mani Tese\" \/>\n<meta property=\"og:description\" content=\"Sun Rae, ospite del centro di accoglienza di Damnok Toek, ha avuto un\u2019infanzia difficile, ma ora \u00e8 rinata e vuole diventare una cantante.\" \/>\n<meta property=\"og:url\" content=\"https:\/\/www.manitese.it\/en\/storia-di-una-bambina-vittima-di-abusi-in-cambogia\/\" \/>\n<meta property=\"og:site_name\" content=\"Mani Tese\" \/>\n<meta property=\"article:published_time\" content=\"2020-09-15T08:30:20+00:00\" \/>\n<meta property=\"article:modified_time\" content=\"2023-11-30T16:53:22+00:00\" \/>\n<meta property=\"og:image\" content=\"https:\/\/www.manitese.it\/wp-content\/uploads\/2020\/09\/storia-bambina-vittima-abusi-cambogia-cover-mani-tese-2020-1.jpg\" \/>\n\t<meta property=\"og:image:width\" content=\"1920\" \/>\n\t<meta property=\"og:image:height\" content=\"800\" \/>\n\t<meta property=\"og:image:type\" content=\"image\/jpeg\" \/>\n<meta name=\"author\" content=\"agevis\" \/>\n<meta name=\"twitter:card\" content=\"summary_large_image\" \/>\n<meta name=\"twitter:label1\" content=\"Written by\" \/>\n\t<meta name=\"twitter:data1\" content=\"agevis\" \/>\n\t<meta name=\"twitter:label2\" content=\"Est. reading time\" \/>\n\t<meta name=\"twitter:data2\" content=\"4 minutes\" \/>\n<script type=\"application\/ld+json\" class=\"yoast-schema-graph\">{\"@context\":\"https:\\\/\\\/schema.org\",\"@graph\":[{\"@type\":\"Article\",\"@id\":\"https:\\\/\\\/www.manitese.it\\\/en\\\/storia-di-una-bambina-vittima-di-abusi-in-cambogia\\\/#article\",\"isPartOf\":{\"@id\":\"https:\\\/\\\/www.manitese.it\\\/en\\\/storia-di-una-bambina-vittima-di-abusi-in-cambogia\\\/\"},\"author\":{\"name\":\"agevis\",\"@id\":\"https:\\\/\\\/www.manitese.it\\\/en\\\/#\\\/schema\\\/person\\\/5a9774f17e4940e2510bfeba90f04f65\"},\"headline\":\"SUN RAE, STORIA DI UNA BAMBINA VITTIMA DI ABUSI IN CAMBOGIA\",\"datePublished\":\"2020-09-15T08:30:20+00:00\",\"dateModified\":\"2023-11-30T16:53:22+00:00\",\"mainEntityOfPage\":{\"@id\":\"https:\\\/\\\/www.manitese.it\\\/en\\\/storia-di-una-bambina-vittima-di-abusi-in-cambogia\\\/\"},\"wordCount\":574,\"commentCount\":0,\"image\":{\"@id\":\"https:\\\/\\\/www.manitese.it\\\/en\\\/storia-di-una-bambina-vittima-di-abusi-in-cambogia\\\/#primaryimage\"},\"thumbnailUrl\":\"https:\\\/\\\/www.manitese.it\\\/wp-content\\\/uploads\\\/2020\\\/09\\\/storia-bambina-vittima-abusi-cambogia-cover-mani-tese-2020-1.jpg\",\"articleSection\":[\"Diari\"],\"inLanguage\":\"en-US\",\"potentialAction\":[{\"@type\":\"CommentAction\",\"name\":\"Comment\",\"target\":[\"https:\\\/\\\/www.manitese.it\\\/en\\\/storia-di-una-bambina-vittima-di-abusi-in-cambogia\\\/#respond\"]}]},{\"@type\":\"WebPage\",\"@id\":\"https:\\\/\\\/www.manitese.it\\\/en\\\/storia-di-una-bambina-vittima-di-abusi-in-cambogia\\\/\",\"url\":\"https:\\\/\\\/www.manitese.it\\\/en\\\/storia-di-una-bambina-vittima-di-abusi-in-cambogia\\\/\",\"name\":\"SUN RAE, STORIA DI UNA BAMBINA VITTIMA DI ABUSI IN CAMBOGIA - Mani Tese\",\"isPartOf\":{\"@id\":\"https:\\\/\\\/www.manitese.it\\\/en\\\/#website\"},\"primaryImageOfPage\":{\"@id\":\"https:\\\/\\\/www.manitese.it\\\/en\\\/storia-di-una-bambina-vittima-di-abusi-in-cambogia\\\/#primaryimage\"},\"image\":{\"@id\":\"https:\\\/\\\/www.manitese.it\\\/en\\\/storia-di-una-bambina-vittima-di-abusi-in-cambogia\\\/#primaryimage\"},\"thumbnailUrl\":\"https:\\\/\\\/www.manitese.it\\\/wp-content\\\/uploads\\\/2020\\\/09\\\/storia-bambina-vittima-abusi-cambogia-cover-mani-tese-2020-1.jpg\",\"datePublished\":\"2020-09-15T08:30:20+00:00\",\"dateModified\":\"2023-11-30T16:53:22+00:00\",\"author\":{\"@id\":\"https:\\\/\\\/www.manitese.it\\\/en\\\/#\\\/schema\\\/person\\\/5a9774f17e4940e2510bfeba90f04f65\"},\"description\":\"Sun Rae, ospite del centro di accoglienza di Damnok Toek, ha avuto un\u2019infanzia difficile, ma ora \u00e8 rinata e vuole diventare una cantante.\",\"breadcrumb\":{\"@id\":\"https:\\\/\\\/www.manitese.it\\\/en\\\/storia-di-una-bambina-vittima-di-abusi-in-cambogia\\\/#breadcrumb\"},\"inLanguage\":\"en-US\",\"potentialAction\":[{\"@type\":\"ReadAction\",\"target\":[\"https:\\\/\\\/www.manitese.it\\\/en\\\/storia-di-una-bambina-vittima-di-abusi-in-cambogia\\\/\"]}]},{\"@type\":\"ImageObject\",\"inLanguage\":\"en-US\",\"@id\":\"https:\\\/\\\/www.manitese.it\\\/en\\\/storia-di-una-bambina-vittima-di-abusi-in-cambogia\\\/#primaryimage\",\"url\":\"https:\\\/\\\/www.manitese.it\\\/wp-content\\\/uploads\\\/2020\\\/09\\\/storia-bambina-vittima-abusi-cambogia-cover-mani-tese-2020-1.jpg\",\"contentUrl\":\"https:\\\/\\\/www.manitese.it\\\/wp-content\\\/uploads\\\/2020\\\/09\\\/storia-bambina-vittima-abusi-cambogia-cover-mani-tese-2020-1.jpg\",\"width\":1920,\"height\":800,\"caption\":\"storia bambina vittima abusi cambogia cover mani tese 2020\"},{\"@type\":\"BreadcrumbList\",\"@id\":\"https:\\\/\\\/www.manitese.it\\\/en\\\/storia-di-una-bambina-vittima-di-abusi-in-cambogia\\\/#breadcrumb\",\"itemListElement\":[{\"@type\":\"ListItem\",\"position\":1,\"name\":\"Home\",\"item\":\"https:\\\/\\\/www.manitese.it\\\/en\\\/\"},{\"@type\":\"ListItem\",\"position\":2,\"name\":\"SUN RAE, STORIA DI UNA BAMBINA VITTIMA DI ABUSI IN CAMBOGIA\"}]},{\"@type\":\"WebSite\",\"@id\":\"https:\\\/\\\/www.manitese.it\\\/en\\\/#website\",\"url\":\"https:\\\/\\\/www.manitese.it\\\/en\\\/\",\"name\":\"Mani Tese\",\"description\":\"\",\"potentialAction\":[{\"@type\":\"SearchAction\",\"target\":{\"@type\":\"EntryPoint\",\"urlTemplate\":\"https:\\\/\\\/www.manitese.it\\\/en\\\/?s={search_term_string}\"},\"query-input\":{\"@type\":\"PropertyValueSpecification\",\"valueRequired\":true,\"valueName\":\"search_term_string\"}}],\"inLanguage\":\"en-US\"},{\"@type\":\"Person\",\"@id\":\"https:\\\/\\\/www.manitese.it\\\/en\\\/#\\\/schema\\\/person\\\/5a9774f17e4940e2510bfeba90f04f65\",\"name\":\"agevis\",\"image\":{\"@type\":\"ImageObject\",\"inLanguage\":\"en-US\",\"@id\":\"https:\\\/\\\/secure.gravatar.com\\\/avatar\\\/2dc96c93fcf3387a5922a93b50fb3bff01d4800590fb6a4ab91a034adb25ba17?s=96&d=mm&r=g\",\"url\":\"https:\\\/\\\/secure.gravatar.com\\\/avatar\\\/2dc96c93fcf3387a5922a93b50fb3bff01d4800590fb6a4ab91a034adb25ba17?s=96&d=mm&r=g\",\"contentUrl\":\"https:\\\/\\\/secure.gravatar.com\\\/avatar\\\/2dc96c93fcf3387a5922a93b50fb3bff01d4800590fb6a4ab91a034adb25ba17?s=96&d=mm&r=g\",\"caption\":\"agevis\"},\"url\":\"https:\\\/\\\/www.manitese.it\\\/en\\\/author\\\/wp_agevis_admin\\\/\"}]}<\/script>\n<!-- \/ Yoast SEO plugin. -->","yoast_head_json":{"title":"SUN RAE, STORIA DI UNA BAMBINA VITTIMA DI ABUSI IN CAMBOGIA - Mani Tese","description":"Sun Rae, ospite del centro di accoglienza di Damnok Toek, ha avuto un\u2019infanzia difficile, ma ora \u00e8 rinata e vuole diventare una cantante.","robots":{"index":"index","follow":"follow","max-snippet":"max-snippet:-1","max-image-preview":"max-image-preview:large","max-video-preview":"max-video-preview:-1"},"canonical":"https:\/\/www.manitese.it\/en\/storia-di-una-bambina-vittima-di-abusi-in-cambogia\/","og_locale":"en_US","og_type":"article","og_title":"SUN RAE, STORIA DI UNA BAMBINA VITTIMA DI ABUSI IN CAMBOGIA - Mani Tese","og_description":"Sun Rae, ospite del centro di accoglienza di Damnok Toek, ha avuto un\u2019infanzia difficile, ma ora \u00e8 rinata e vuole diventare una cantante.","og_url":"https:\/\/www.manitese.it\/en\/storia-di-una-bambina-vittima-di-abusi-in-cambogia\/","og_site_name":"Mani Tese","article_published_time":"2020-09-15T08:30:20+00:00","article_modified_time":"2023-11-30T16:53:22+00:00","og_image":[{"width":1920,"height":800,"url":"https:\/\/www.manitese.it\/wp-content\/uploads\/2020\/09\/storia-bambina-vittima-abusi-cambogia-cover-mani-tese-2020-1.jpg","type":"image\/jpeg"}],"author":"agevis","twitter_card":"summary_large_image","twitter_misc":{"Written by":"agevis","Est. reading time":"4 minutes"},"schema":{"@context":"https:\/\/schema.org","@graph":[{"@type":"Article","@id":"https:\/\/www.manitese.it\/en\/storia-di-una-bambina-vittima-di-abusi-in-cambogia\/#article","isPartOf":{"@id":"https:\/\/www.manitese.it\/en\/storia-di-una-bambina-vittima-di-abusi-in-cambogia\/"},"author":{"name":"agevis","@id":"https:\/\/www.manitese.it\/en\/#\/schema\/person\/5a9774f17e4940e2510bfeba90f04f65"},"headline":"SUN RAE, STORIA DI UNA BAMBINA VITTIMA DI ABUSI IN CAMBOGIA","datePublished":"2020-09-15T08:30:20+00:00","dateModified":"2023-11-30T16:53:22+00:00","mainEntityOfPage":{"@id":"https:\/\/www.manitese.it\/en\/storia-di-una-bambina-vittima-di-abusi-in-cambogia\/"},"wordCount":574,"commentCount":0,"image":{"@id":"https:\/\/www.manitese.it\/en\/storia-di-una-bambina-vittima-di-abusi-in-cambogia\/#primaryimage"},"thumbnailUrl":"https:\/\/www.manitese.it\/wp-content\/uploads\/2020\/09\/storia-bambina-vittima-abusi-cambogia-cover-mani-tese-2020-1.jpg","articleSection":["Diari"],"inLanguage":"en-US","potentialAction":[{"@type":"CommentAction","name":"Comment","target":["https:\/\/www.manitese.it\/en\/storia-di-una-bambina-vittima-di-abusi-in-cambogia\/#respond"]}]},{"@type":"WebPage","@id":"https:\/\/www.manitese.it\/en\/storia-di-una-bambina-vittima-di-abusi-in-cambogia\/","url":"https:\/\/www.manitese.it\/en\/storia-di-una-bambina-vittima-di-abusi-in-cambogia\/","name":"SUN RAE, STORIA DI UNA BAMBINA VITTIMA DI ABUSI IN CAMBOGIA - Mani Tese","isPartOf":{"@id":"https:\/\/www.manitese.it\/en\/#website"},"primaryImageOfPage":{"@id":"https:\/\/www.manitese.it\/en\/storia-di-una-bambina-vittima-di-abusi-in-cambogia\/#primaryimage"},"image":{"@id":"https:\/\/www.manitese.it\/en\/storia-di-una-bambina-vittima-di-abusi-in-cambogia\/#primaryimage"},"thumbnailUrl":"https:\/\/www.manitese.it\/wp-content\/uploads\/2020\/09\/storia-bambina-vittima-abusi-cambogia-cover-mani-tese-2020-1.jpg","datePublished":"2020-09-15T08:30:20+00:00","dateModified":"2023-11-30T16:53:22+00:00","author":{"@id":"https:\/\/www.manitese.it\/en\/#\/schema\/person\/5a9774f17e4940e2510bfeba90f04f65"},"description":"Sun Rae, ospite del centro di accoglienza di Damnok Toek, ha avuto un\u2019infanzia difficile, ma ora \u00e8 rinata e vuole diventare una cantante.","breadcrumb":{"@id":"https:\/\/www.manitese.it\/en\/storia-di-una-bambina-vittima-di-abusi-in-cambogia\/#breadcrumb"},"inLanguage":"en-US","potentialAction":[{"@type":"ReadAction","target":["https:\/\/www.manitese.it\/en\/storia-di-una-bambina-vittima-di-abusi-in-cambogia\/"]}]},{"@type":"ImageObject","inLanguage":"en-US","@id":"https:\/\/www.manitese.it\/en\/storia-di-una-bambina-vittima-di-abusi-in-cambogia\/#primaryimage","url":"https:\/\/www.manitese.it\/wp-content\/uploads\/2020\/09\/storia-bambina-vittima-abusi-cambogia-cover-mani-tese-2020-1.jpg","contentUrl":"https:\/\/www.manitese.it\/wp-content\/uploads\/2020\/09\/storia-bambina-vittima-abusi-cambogia-cover-mani-tese-2020-1.jpg","width":1920,"height":800,"caption":"storia bambina vittima abusi cambogia cover mani tese 2020"},{"@type":"BreadcrumbList","@id":"https:\/\/www.manitese.it\/en\/storia-di-una-bambina-vittima-di-abusi-in-cambogia\/#breadcrumb","itemListElement":[{"@type":"ListItem","position":1,"name":"Home","item":"https:\/\/www.manitese.it\/en\/"},{"@type":"ListItem","position":2,"name":"SUN RAE, STORIA DI UNA BAMBINA VITTIMA DI ABUSI IN CAMBOGIA"}]},{"@type":"WebSite","@id":"https:\/\/www.manitese.it\/en\/#website","url":"https:\/\/www.manitese.it\/en\/","name":"Mani Tese","description":"","potentialAction":[{"@type":"SearchAction","target":{"@type":"EntryPoint","urlTemplate":"https:\/\/www.manitese.it\/en\/?s={search_term_string}"},"query-input":{"@type":"PropertyValueSpecification","valueRequired":true,"valueName":"search_term_string"}}],"inLanguage":"en-US"},{"@type":"Person","@id":"https:\/\/www.manitese.it\/en\/#\/schema\/person\/5a9774f17e4940e2510bfeba90f04f65","name":"agevis","image":{"@type":"ImageObject","inLanguage":"en-US","@id":"https:\/\/secure.gravatar.com\/avatar\/2dc96c93fcf3387a5922a93b50fb3bff01d4800590fb6a4ab91a034adb25ba17?s=96&d=mm&r=g","url":"https:\/\/secure.gravatar.com\/avatar\/2dc96c93fcf3387a5922a93b50fb3bff01d4800590fb6a4ab91a034adb25ba17?s=96&d=mm&r=g","contentUrl":"https:\/\/secure.gravatar.com\/avatar\/2dc96c93fcf3387a5922a93b50fb3bff01d4800590fb6a4ab91a034adb25ba17?s=96&d=mm&r=g","caption":"agevis"},"url":"https:\/\/www.manitese.it\/en\/author\/wp_agevis_admin\/"}]}},"jetpack_featured_media_url":"https:\/\/www.manitese.it\/wp-content\/uploads\/2020\/09\/storia-bambina-vittima-abusi-cambogia-cover-mani-tese-2020-1.jpg","jetpack_sharing_enabled":true,"_links":{"self":[{"href":"https:\/\/www.manitese.it\/en\/wp-json\/wp\/v2\/posts\/64691","targetHints":{"allow":["GET"]}}],"collection":[{"href":"https:\/\/www.manitese.it\/en\/wp-json\/wp\/v2\/posts"}],"about":[{"href":"https:\/\/www.manitese.it\/en\/wp-json\/wp\/v2\/types\/post"}],"author":[{"embeddable":true,"href":"https:\/\/www.manitese.it\/en\/wp-json\/wp\/v2\/users\/1"}],"replies":[{"embeddable":true,"href":"https:\/\/www.manitese.it\/en\/wp-json\/wp\/v2\/comments?post=64691"}],"version-history":[{"count":2,"href":"https:\/\/www.manitese.it\/en\/wp-json\/wp\/v2\/posts\/64691\/revisions"}],"predecessor-version":[{"id":191744,"href":"https:\/\/www.manitese.it\/en\/wp-json\/wp\/v2\/posts\/64691\/revisions\/191744"}],"wp:featuredmedia":[{"embeddable":true,"href":"https:\/\/www.manitese.it\/en\/wp-json\/wp\/v2\/media\/64692"}],"wp:attachment":[{"href":"https:\/\/www.manitese.it\/en\/wp-json\/wp\/v2\/media?parent=64691"}],"wp:term":[{"taxonomy":"category","embeddable":true,"href":"https:\/\/www.manitese.it\/en\/wp-json\/wp\/v2\/categories?post=64691"},{"taxonomy":"post_tag","embeddable":true,"href":"https:\/\/www.manitese.it\/en\/wp-json\/wp\/v2\/tags?post=64691"},{"taxonomy":"thematic_area","embeddable":true,"href":"https:\/\/www.manitese.it\/en\/wp-json\/wp\/v2\/thematic_area?post=64691"}],"curies":[{"name":"wp","href":"https:\/\/api.w.org\/{rel}","templated":true}]}}