{"id":62529,"date":"2020-07-09T12:43:03","date_gmt":"2020-07-09T10:43:03","guid":{"rendered":"https:\/\/manitese.it\/?p=62529"},"modified":"2023-11-30T17:47:37","modified_gmt":"2023-11-30T16:47:37","slug":"guinea-bissau-emergenza-sanitaria-e-alimentare","status":"publish","type":"post","link":"https:\/\/www.manitese.it\/en\/guinea-bissau-emergenza-sanitaria-e-alimentare\/","title":{"rendered":"IN GUINEA-BISSAU L\u2019EMERGENZA SANITARIA SI SOMMA ALL\u2019EMERGENZA ALIMENTARE"},"content":{"rendered":"\r\n<p><em>di Sara Gianesini, coordinatrice progetto \u201cIntegrazione dei richiedenti asilo e dei rifugiati senegalesi\u201d<\/em><\/p>\r\n\r\n\r\n\r\n<p><strong>In Guinea-Bissau la diffusione del coronavirus preoccupa<\/strong>: i contagi, infatti, continuano ad aumentare (1.654 casi al 29 giugno secondo i dati del COES, Centro de Opera\u00e7\u00f5es de Emerg\u00eancia de Sa\u00fade) e\u00a0<strong>il Governo ha appena rinnovato lo stato di emergenza per un altro mese<\/strong>, fino al 25 luglio 2020. Sono quindi pi\u00f9 di 3 mesi ormai che il popolo guineense affronta con scarsi mezzi l\u2019emergenza sanitaria e alimentare e le organizzazioni internazionali stanno facendo il massimo sforzo per supportare la popolazione civile.<\/p>\r\n\r\n\r\n\r\n<p>Nel mese di maggio, in collaborazione con l\u2019<strong><a href=\"https:\/\/www.unhcr.it\/\" target=\"_blank\" rel=\"noreferrer noopener\">UNHCR<\/a><\/strong>, Mani Tese ha consegnato\u00a0<strong>beni di prima necessit\u00e0 e di igiene a 40 villaggi<\/strong>\u00a0dislocati nella linea di frontiera con il Senegal. In particolare sono stati distribuiti: 480 kit per il lavaggio delle mani, 1.680 barre di sapone, 2.600 mascherine lavabili, 1.400 litri di candeggina, 14.000 kg di riso, 1.000 kg di cipolle, 1.040 litri di olio e 2.280 litri di aceto.<\/p>\r\n\r\n\r\n\r\n<p>Ma non \u00e8 abbastanza. Nei villaggi della regione di Cacheu, dove operiamo,\u00a0<strong>la popolazione \u00e8 in grande difficolt\u00e0 per via delle restrizioni dovute allo stato di emergenza<\/strong>. A documentarlo \u00e8 un sondaggio socioeconomico condotto da Mani Tese nell\u2019area.<\/p>\r\n\r\n\r\n\r\n<p>Fra le necessit\u00e0 pi\u00f9 urgenti c\u2019\u00e8\u00a0<strong>l\u2019approvvigionamento di cibo<\/strong>\u00a0e il bisogno di rilanciare il commercio del cajiu che impatta enormemente sulla economie familiari. <strong>La popolazione ha bisogno, inoltre, di semi per la coltivazione<\/strong>\u00a0che possano aiutare nella sussistenza comunitaria.<\/p>\r\n\r\n\r\n\r\n<p>Per far fronte a queste necessit\u00e0, nel mese di giugno\u00a0<strong>abbiamo consegnato pulcini e mangime a 10 pollai comunitari\u00a0<\/strong>e abbiamo sbloccato <strong>un sostegno a fondo perduto per 10 comunit\u00e0 affinch\u00e9 possano acquistare semi di mancarra e fagioli<\/strong>\u00a0per l\u2019imminente stagione agricola che coincide con la stagione delle piogge. Tutte attivit\u00e0 che aiutano le comunit\u00e0 dei rifugiati ad affrontare il momento di emergenza non solo sanitaria, ma anche alimentare.<\/p>\r\n\r\n\r\n\r\n<p>Queste attivit\u00e0 sono state realizzate nell\u2019ambito del\u00a0progetto \u201c<strong><a href=\"https:\/\/manitese.it\/progetto\/integrazione-richiedenti-asilo-rifiugiati-senegalesi\" target=\"_blank\" rel=\"noreferrer noopener\">Integrazione dei richiedenti asilo e dei rifugiati senegalesi<\/a><\/strong>\u201d implementato in partenariato con <strong><a href=\"https:\/\/www.unhcr.it\/\" target=\"_blank\" rel=\"noreferrer noopener\">UNHCR<\/a><\/strong>.<\/p>\r\n\r\n\r\n\r\n<p>Nelle foto qui di seguito la consegna dei beni di prima necessit\u00e0 e di igiene avvenuta a maggio.<\/p>\r\n\r\n\r\n\r\n<div class=\"wp-block-responsive-lightbox-gallery\">[rl_gallery id=&#8221;62538&#8243;]<\/div>\r\n\r\n\r\n\r\n<p>&nbsp;<\/p>\r\n\r\n\r\n\r\n<h2 class=\"has-text-align-center wp-block-heading\"><a href=\"https:\/\/regalisolidali.manitese.it\/ricorrenza.php?titolo=emergenza-coronavirus-nel-sud-del-mondo\" target=\"_blank\" rel=\"noreferrer noopener\">SOSTIENI I NOSTRI PROGETTI PER FAR FRONTE ALL\u2019EMERGENZA CORONAVIRUS NEL SUD DEL MONDO<\/a><\/h2>\r\n\r\n\r\n\r\n<p class=\"has-text-align-center\"><a href=\"https:\/\/manitese.it\/emergenza-coronavirus-nel-sud-del-mondo\" target=\"_blank\" rel=\"noreferrer noopener\"><strong>&gt;&gt;&gt; Leggi le ultime news dai progetti &lt;&lt;&lt;<\/strong><\/a><\/p>\r\n","protected":false},"excerpt":{"rendered":"<p>Per sostenere le comunit\u00e0 pi\u00f9 in difficolt\u00e0, nei mesi di maggio e giugno abbiamo distribuito cibo, beni di prima necessit\u00e0 e pulcini e mangime per 10 pollai.<\/p>\n","protected":false},"author":1,"featured_media":62618,"comment_status":"open","ping_status":"open","sticky":false,"template":"","format":"standard","meta":{"_acf_changed":false,"give_campaign_id":0,"inline_featured_image":false,"_jetpack_memberships_contains_paid_content":false,"footnotes":""},"categories":[3],"tags":[],"thematic_area":[909,908,905],"class_list":["post-62529","post","type-post","status-publish","format-standard","has-post-thumbnail","hentry","category-diari","thematic_area-inclusione-sociale","thematic_area-parita-di-genere","thematic_area-accesso-universale-al-cibo-e-allacqua"],"acf":[],"yoast_head":"<!-- This site is optimized with the Yoast SEO plugin v27.5 - https:\/\/yoast.com\/product\/yoast-seo-wordpress\/ -->\n<title>IN GUINEA-BISSAU L\u2019EMERGENZA SANITARIA SI SOMMA ALL\u2019EMERGENZA ALIMENTARE - Mani Tese<\/title>\n<meta name=\"description\" content=\"Per sostenere le comunit\u00e0 pi\u00f9 in difficolt\u00e0, nei mesi di maggio e giugno abbiamo distribuito cibo, beni di prima necessit\u00e0 e pulcini e mangime per 10 pollai. Scopri di pi\u00f9!\" \/>\n<meta name=\"robots\" content=\"index, follow, max-snippet:-1, max-image-preview:large, max-video-preview:-1\" \/>\n<link rel=\"canonical\" href=\"https:\/\/www.manitese.it\/en\/guinea-bissau-emergenza-sanitaria-e-alimentare\/\" \/>\n<meta property=\"og:locale\" content=\"en_US\" \/>\n<meta property=\"og:type\" content=\"article\" \/>\n<meta property=\"og:title\" content=\"IN GUINEA-BISSAU L\u2019EMERGENZA SANITARIA SI SOMMA ALL\u2019EMERGENZA ALIMENTARE - Mani Tese\" \/>\n<meta property=\"og:description\" content=\"Per sostenere le comunit\u00e0 pi\u00f9 in difficolt\u00e0, nei mesi di maggio e giugno abbiamo distribuito cibo, beni di prima necessit\u00e0 e pulcini e mangime per 10 pollai. Scopri di pi\u00f9!\" \/>\n<meta property=\"og:url\" content=\"https:\/\/www.manitese.it\/en\/guinea-bissau-emergenza-sanitaria-e-alimentare\/\" \/>\n<meta property=\"og:site_name\" content=\"Mani Tese\" \/>\n<meta property=\"article:published_time\" content=\"2020-07-09T10:43:03+00:00\" \/>\n<meta property=\"article:modified_time\" content=\"2023-11-30T16:47:37+00:00\" \/>\n<meta property=\"og:image\" content=\"https:\/\/www.manitese.it\/wp-content\/uploads\/2020\/07\/guinea-bissau-emergenza-sanitaria-emergenza-alimentare-cover2_mani-tese-2020-1.jpg\" \/>\n\t<meta property=\"og:image:width\" content=\"1920\" \/>\n\t<meta property=\"og:image:height\" content=\"800\" \/>\n\t<meta property=\"og:image:type\" content=\"image\/jpeg\" \/>\n<meta name=\"author\" content=\"agevis\" \/>\n<meta name=\"twitter:card\" content=\"summary_large_image\" \/>\n<meta name=\"twitter:label1\" content=\"Written by\" \/>\n\t<meta name=\"twitter:data1\" content=\"agevis\" \/>\n\t<meta name=\"twitter:label2\" content=\"Est. reading time\" \/>\n\t<meta name=\"twitter:data2\" content=\"2 minutes\" \/>\n<script type=\"application\/ld+json\" class=\"yoast-schema-graph\">{\"@context\":\"https:\\\/\\\/schema.org\",\"@graph\":[{\"@type\":\"Article\",\"@id\":\"https:\\\/\\\/www.manitese.it\\\/en\\\/guinea-bissau-emergenza-sanitaria-e-alimentare\\\/#article\",\"isPartOf\":{\"@id\":\"https:\\\/\\\/www.manitese.it\\\/en\\\/guinea-bissau-emergenza-sanitaria-e-alimentare\\\/\"},\"author\":{\"name\":\"agevis\",\"@id\":\"https:\\\/\\\/www.manitese.it\\\/en\\\/#\\\/schema\\\/person\\\/5a9774f17e4940e2510bfeba90f04f65\"},\"headline\":\"IN GUINEA-BISSAU L\u2019EMERGENZA SANITARIA SI SOMMA ALL\u2019EMERGENZA ALIMENTARE\",\"datePublished\":\"2020-07-09T10:43:03+00:00\",\"dateModified\":\"2023-11-30T16:47:37+00:00\",\"mainEntityOfPage\":{\"@id\":\"https:\\\/\\\/www.manitese.it\\\/en\\\/guinea-bissau-emergenza-sanitaria-e-alimentare\\\/\"},\"wordCount\":381,\"commentCount\":0,\"image\":{\"@id\":\"https:\\\/\\\/www.manitese.it\\\/en\\\/guinea-bissau-emergenza-sanitaria-e-alimentare\\\/#primaryimage\"},\"thumbnailUrl\":\"https:\\\/\\\/www.manitese.it\\\/wp-content\\\/uploads\\\/2020\\\/07\\\/guinea-bissau-emergenza-sanitaria-emergenza-alimentare-cover2_mani-tese-2020-1.jpg\",\"articleSection\":[\"Diari\"],\"inLanguage\":\"en-US\",\"potentialAction\":[{\"@type\":\"CommentAction\",\"name\":\"Comment\",\"target\":[\"https:\\\/\\\/www.manitese.it\\\/en\\\/guinea-bissau-emergenza-sanitaria-e-alimentare\\\/#respond\"]}]},{\"@type\":\"WebPage\",\"@id\":\"https:\\\/\\\/www.manitese.it\\\/en\\\/guinea-bissau-emergenza-sanitaria-e-alimentare\\\/\",\"url\":\"https:\\\/\\\/www.manitese.it\\\/en\\\/guinea-bissau-emergenza-sanitaria-e-alimentare\\\/\",\"name\":\"IN GUINEA-BISSAU L\u2019EMERGENZA SANITARIA SI SOMMA ALL\u2019EMERGENZA ALIMENTARE - Mani Tese\",\"isPartOf\":{\"@id\":\"https:\\\/\\\/www.manitese.it\\\/en\\\/#website\"},\"primaryImageOfPage\":{\"@id\":\"https:\\\/\\\/www.manitese.it\\\/en\\\/guinea-bissau-emergenza-sanitaria-e-alimentare\\\/#primaryimage\"},\"image\":{\"@id\":\"https:\\\/\\\/www.manitese.it\\\/en\\\/guinea-bissau-emergenza-sanitaria-e-alimentare\\\/#primaryimage\"},\"thumbnailUrl\":\"https:\\\/\\\/www.manitese.it\\\/wp-content\\\/uploads\\\/2020\\\/07\\\/guinea-bissau-emergenza-sanitaria-emergenza-alimentare-cover2_mani-tese-2020-1.jpg\",\"datePublished\":\"2020-07-09T10:43:03+00:00\",\"dateModified\":\"2023-11-30T16:47:37+00:00\",\"author\":{\"@id\":\"https:\\\/\\\/www.manitese.it\\\/en\\\/#\\\/schema\\\/person\\\/5a9774f17e4940e2510bfeba90f04f65\"},\"description\":\"Per sostenere le comunit\u00e0 pi\u00f9 in difficolt\u00e0, nei mesi di maggio e giugno abbiamo distribuito cibo, beni di prima necessit\u00e0 e pulcini e mangime per 10 pollai. Scopri di pi\u00f9!\",\"breadcrumb\":{\"@id\":\"https:\\\/\\\/www.manitese.it\\\/en\\\/guinea-bissau-emergenza-sanitaria-e-alimentare\\\/#breadcrumb\"},\"inLanguage\":\"en-US\",\"potentialAction\":[{\"@type\":\"ReadAction\",\"target\":[\"https:\\\/\\\/www.manitese.it\\\/en\\\/guinea-bissau-emergenza-sanitaria-e-alimentare\\\/\"]}]},{\"@type\":\"ImageObject\",\"inLanguage\":\"en-US\",\"@id\":\"https:\\\/\\\/www.manitese.it\\\/en\\\/guinea-bissau-emergenza-sanitaria-e-alimentare\\\/#primaryimage\",\"url\":\"https:\\\/\\\/www.manitese.it\\\/wp-content\\\/uploads\\\/2020\\\/07\\\/guinea-bissau-emergenza-sanitaria-emergenza-alimentare-cover2_mani-tese-2020-1.jpg\",\"contentUrl\":\"https:\\\/\\\/www.manitese.it\\\/wp-content\\\/uploads\\\/2020\\\/07\\\/guinea-bissau-emergenza-sanitaria-emergenza-alimentare-cover2_mani-tese-2020-1.jpg\",\"width\":1920,\"height\":800,\"caption\":\"guinea bissau emergenza sanitaria emergenza alimentare mani tese 2020\"},{\"@type\":\"BreadcrumbList\",\"@id\":\"https:\\\/\\\/www.manitese.it\\\/en\\\/guinea-bissau-emergenza-sanitaria-e-alimentare\\\/#breadcrumb\",\"itemListElement\":[{\"@type\":\"ListItem\",\"position\":1,\"name\":\"Home\",\"item\":\"https:\\\/\\\/www.manitese.it\\\/en\\\/\"},{\"@type\":\"ListItem\",\"position\":2,\"name\":\"IN GUINEA-BISSAU L\u2019EMERGENZA SANITARIA SI SOMMA ALL\u2019EMERGENZA ALIMENTARE\"}]},{\"@type\":\"WebSite\",\"@id\":\"https:\\\/\\\/www.manitese.it\\\/en\\\/#website\",\"url\":\"https:\\\/\\\/www.manitese.it\\\/en\\\/\",\"name\":\"Mani Tese\",\"description\":\"\",\"potentialAction\":[{\"@type\":\"SearchAction\",\"target\":{\"@type\":\"EntryPoint\",\"urlTemplate\":\"https:\\\/\\\/www.manitese.it\\\/en\\\/?s={search_term_string}\"},\"query-input\":{\"@type\":\"PropertyValueSpecification\",\"valueRequired\":true,\"valueName\":\"search_term_string\"}}],\"inLanguage\":\"en-US\"},{\"@type\":\"Person\",\"@id\":\"https:\\\/\\\/www.manitese.it\\\/en\\\/#\\\/schema\\\/person\\\/5a9774f17e4940e2510bfeba90f04f65\",\"name\":\"agevis\",\"image\":{\"@type\":\"ImageObject\",\"inLanguage\":\"en-US\",\"@id\":\"https:\\\/\\\/secure.gravatar.com\\\/avatar\\\/2dc96c93fcf3387a5922a93b50fb3bff01d4800590fb6a4ab91a034adb25ba17?s=96&d=mm&r=g\",\"url\":\"https:\\\/\\\/secure.gravatar.com\\\/avatar\\\/2dc96c93fcf3387a5922a93b50fb3bff01d4800590fb6a4ab91a034adb25ba17?s=96&d=mm&r=g\",\"contentUrl\":\"https:\\\/\\\/secure.gravatar.com\\\/avatar\\\/2dc96c93fcf3387a5922a93b50fb3bff01d4800590fb6a4ab91a034adb25ba17?s=96&d=mm&r=g\",\"caption\":\"agevis\"},\"url\":\"https:\\\/\\\/www.manitese.it\\\/en\\\/author\\\/wp_agevis_admin\\\/\"}]}<\/script>\n<!-- \/ Yoast SEO plugin. -->","yoast_head_json":{"title":"IN GUINEA-BISSAU L\u2019EMERGENZA SANITARIA SI SOMMA ALL\u2019EMERGENZA ALIMENTARE - Mani Tese","description":"Per sostenere le comunit\u00e0 pi\u00f9 in difficolt\u00e0, nei mesi di maggio e giugno abbiamo distribuito cibo, beni di prima necessit\u00e0 e pulcini e mangime per 10 pollai. Scopri di pi\u00f9!","robots":{"index":"index","follow":"follow","max-snippet":"max-snippet:-1","max-image-preview":"max-image-preview:large","max-video-preview":"max-video-preview:-1"},"canonical":"https:\/\/www.manitese.it\/en\/guinea-bissau-emergenza-sanitaria-e-alimentare\/","og_locale":"en_US","og_type":"article","og_title":"IN GUINEA-BISSAU L\u2019EMERGENZA SANITARIA SI SOMMA ALL\u2019EMERGENZA ALIMENTARE - Mani Tese","og_description":"Per sostenere le comunit\u00e0 pi\u00f9 in difficolt\u00e0, nei mesi di maggio e giugno abbiamo distribuito cibo, beni di prima necessit\u00e0 e pulcini e mangime per 10 pollai. Scopri di pi\u00f9!","og_url":"https:\/\/www.manitese.it\/en\/guinea-bissau-emergenza-sanitaria-e-alimentare\/","og_site_name":"Mani Tese","article_published_time":"2020-07-09T10:43:03+00:00","article_modified_time":"2023-11-30T16:47:37+00:00","og_image":[{"width":1920,"height":800,"url":"https:\/\/www.manitese.it\/wp-content\/uploads\/2020\/07\/guinea-bissau-emergenza-sanitaria-emergenza-alimentare-cover2_mani-tese-2020-1.jpg","type":"image\/jpeg"}],"author":"agevis","twitter_card":"summary_large_image","twitter_misc":{"Written by":"agevis","Est. reading time":"2 minutes"},"schema":{"@context":"https:\/\/schema.org","@graph":[{"@type":"Article","@id":"https:\/\/www.manitese.it\/en\/guinea-bissau-emergenza-sanitaria-e-alimentare\/#article","isPartOf":{"@id":"https:\/\/www.manitese.it\/en\/guinea-bissau-emergenza-sanitaria-e-alimentare\/"},"author":{"name":"agevis","@id":"https:\/\/www.manitese.it\/en\/#\/schema\/person\/5a9774f17e4940e2510bfeba90f04f65"},"headline":"IN GUINEA-BISSAU L\u2019EMERGENZA SANITARIA SI SOMMA ALL\u2019EMERGENZA ALIMENTARE","datePublished":"2020-07-09T10:43:03+00:00","dateModified":"2023-11-30T16:47:37+00:00","mainEntityOfPage":{"@id":"https:\/\/www.manitese.it\/en\/guinea-bissau-emergenza-sanitaria-e-alimentare\/"},"wordCount":381,"commentCount":0,"image":{"@id":"https:\/\/www.manitese.it\/en\/guinea-bissau-emergenza-sanitaria-e-alimentare\/#primaryimage"},"thumbnailUrl":"https:\/\/www.manitese.it\/wp-content\/uploads\/2020\/07\/guinea-bissau-emergenza-sanitaria-emergenza-alimentare-cover2_mani-tese-2020-1.jpg","articleSection":["Diari"],"inLanguage":"en-US","potentialAction":[{"@type":"CommentAction","name":"Comment","target":["https:\/\/www.manitese.it\/en\/guinea-bissau-emergenza-sanitaria-e-alimentare\/#respond"]}]},{"@type":"WebPage","@id":"https:\/\/www.manitese.it\/en\/guinea-bissau-emergenza-sanitaria-e-alimentare\/","url":"https:\/\/www.manitese.it\/en\/guinea-bissau-emergenza-sanitaria-e-alimentare\/","name":"IN GUINEA-BISSAU L\u2019EMERGENZA SANITARIA SI SOMMA ALL\u2019EMERGENZA ALIMENTARE - Mani Tese","isPartOf":{"@id":"https:\/\/www.manitese.it\/en\/#website"},"primaryImageOfPage":{"@id":"https:\/\/www.manitese.it\/en\/guinea-bissau-emergenza-sanitaria-e-alimentare\/#primaryimage"},"image":{"@id":"https:\/\/www.manitese.it\/en\/guinea-bissau-emergenza-sanitaria-e-alimentare\/#primaryimage"},"thumbnailUrl":"https:\/\/www.manitese.it\/wp-content\/uploads\/2020\/07\/guinea-bissau-emergenza-sanitaria-emergenza-alimentare-cover2_mani-tese-2020-1.jpg","datePublished":"2020-07-09T10:43:03+00:00","dateModified":"2023-11-30T16:47:37+00:00","author":{"@id":"https:\/\/www.manitese.it\/en\/#\/schema\/person\/5a9774f17e4940e2510bfeba90f04f65"},"description":"Per sostenere le comunit\u00e0 pi\u00f9 in difficolt\u00e0, nei mesi di maggio e giugno abbiamo distribuito cibo, beni di prima necessit\u00e0 e pulcini e mangime per 10 pollai. Scopri di pi\u00f9!","breadcrumb":{"@id":"https:\/\/www.manitese.it\/en\/guinea-bissau-emergenza-sanitaria-e-alimentare\/#breadcrumb"},"inLanguage":"en-US","potentialAction":[{"@type":"ReadAction","target":["https:\/\/www.manitese.it\/en\/guinea-bissau-emergenza-sanitaria-e-alimentare\/"]}]},{"@type":"ImageObject","inLanguage":"en-US","@id":"https:\/\/www.manitese.it\/en\/guinea-bissau-emergenza-sanitaria-e-alimentare\/#primaryimage","url":"https:\/\/www.manitese.it\/wp-content\/uploads\/2020\/07\/guinea-bissau-emergenza-sanitaria-emergenza-alimentare-cover2_mani-tese-2020-1.jpg","contentUrl":"https:\/\/www.manitese.it\/wp-content\/uploads\/2020\/07\/guinea-bissau-emergenza-sanitaria-emergenza-alimentare-cover2_mani-tese-2020-1.jpg","width":1920,"height":800,"caption":"guinea bissau emergenza sanitaria emergenza alimentare mani tese 2020"},{"@type":"BreadcrumbList","@id":"https:\/\/www.manitese.it\/en\/guinea-bissau-emergenza-sanitaria-e-alimentare\/#breadcrumb","itemListElement":[{"@type":"ListItem","position":1,"name":"Home","item":"https:\/\/www.manitese.it\/en\/"},{"@type":"ListItem","position":2,"name":"IN GUINEA-BISSAU L\u2019EMERGENZA SANITARIA SI SOMMA ALL\u2019EMERGENZA ALIMENTARE"}]},{"@type":"WebSite","@id":"https:\/\/www.manitese.it\/en\/#website","url":"https:\/\/www.manitese.it\/en\/","name":"Mani Tese","description":"","potentialAction":[{"@type":"SearchAction","target":{"@type":"EntryPoint","urlTemplate":"https:\/\/www.manitese.it\/en\/?s={search_term_string}"},"query-input":{"@type":"PropertyValueSpecification","valueRequired":true,"valueName":"search_term_string"}}],"inLanguage":"en-US"},{"@type":"Person","@id":"https:\/\/www.manitese.it\/en\/#\/schema\/person\/5a9774f17e4940e2510bfeba90f04f65","name":"agevis","image":{"@type":"ImageObject","inLanguage":"en-US","@id":"https:\/\/secure.gravatar.com\/avatar\/2dc96c93fcf3387a5922a93b50fb3bff01d4800590fb6a4ab91a034adb25ba17?s=96&d=mm&r=g","url":"https:\/\/secure.gravatar.com\/avatar\/2dc96c93fcf3387a5922a93b50fb3bff01d4800590fb6a4ab91a034adb25ba17?s=96&d=mm&r=g","contentUrl":"https:\/\/secure.gravatar.com\/avatar\/2dc96c93fcf3387a5922a93b50fb3bff01d4800590fb6a4ab91a034adb25ba17?s=96&d=mm&r=g","caption":"agevis"},"url":"https:\/\/www.manitese.it\/en\/author\/wp_agevis_admin\/"}]}},"jetpack_featured_media_url":"https:\/\/www.manitese.it\/wp-content\/uploads\/2020\/07\/guinea-bissau-emergenza-sanitaria-emergenza-alimentare-cover2_mani-tese-2020-1.jpg","jetpack_sharing_enabled":true,"_links":{"self":[{"href":"https:\/\/www.manitese.it\/en\/wp-json\/wp\/v2\/posts\/62529","targetHints":{"allow":["GET"]}}],"collection":[{"href":"https:\/\/www.manitese.it\/en\/wp-json\/wp\/v2\/posts"}],"about":[{"href":"https:\/\/www.manitese.it\/en\/wp-json\/wp\/v2\/types\/post"}],"author":[{"embeddable":true,"href":"https:\/\/www.manitese.it\/en\/wp-json\/wp\/v2\/users\/1"}],"replies":[{"embeddable":true,"href":"https:\/\/www.manitese.it\/en\/wp-json\/wp\/v2\/comments?post=62529"}],"version-history":[{"count":2,"href":"https:\/\/www.manitese.it\/en\/wp-json\/wp\/v2\/posts\/62529\/revisions"}],"predecessor-version":[{"id":191739,"href":"https:\/\/www.manitese.it\/en\/wp-json\/wp\/v2\/posts\/62529\/revisions\/191739"}],"wp:featuredmedia":[{"embeddable":true,"href":"https:\/\/www.manitese.it\/en\/wp-json\/wp\/v2\/media\/62618"}],"wp:attachment":[{"href":"https:\/\/www.manitese.it\/en\/wp-json\/wp\/v2\/media?parent=62529"}],"wp:term":[{"taxonomy":"category","embeddable":true,"href":"https:\/\/www.manitese.it\/en\/wp-json\/wp\/v2\/categories?post=62529"},{"taxonomy":"post_tag","embeddable":true,"href":"https:\/\/www.manitese.it\/en\/wp-json\/wp\/v2\/tags?post=62529"},{"taxonomy":"thematic_area","embeddable":true,"href":"https:\/\/www.manitese.it\/en\/wp-json\/wp\/v2\/thematic_area?post=62529"}],"curies":[{"name":"wp","href":"https:\/\/api.w.org\/{rel}","templated":true}]}}