{"id":62302,"date":"2020-07-06T09:16:57","date_gmt":"2020-07-06T07:16:57","guid":{"rendered":"https:\/\/manitese.it\/?p=62302"},"modified":"2023-12-18T12:14:25","modified_gmt":"2023-12-18T11:14:25","slug":"burkina-faso-feedback-sulle-attivita-di-prevenzione-covid-19","status":"publish","type":"post","link":"https:\/\/www.manitese.it\/en\/burkina-faso-feedback-sulle-attivita-di-prevenzione-covid-19\/","title":{"rendered":"DAL BURKINA FASO FEEDBACK POSITIVI SULLE NOSTRE ATTIVIT\u00c0 DI PREVENZIONE DEL COVID-19"},"content":{"rendered":"\r\n<p><em>di\u00a0Habibou Kabre, coordinatrice di progetto Mani Tese<\/em><\/p>\r\n\r\n\r\n\r\n<p>Come molti Paesi africani, anche il\u00a0<strong>Burkina Faso<\/strong>\u00a0in questi mesi \u00e8 stato colpito dalla\u00a0<strong>pandemia di Covid-19\u00a0<\/strong>che, al 2 luglio 2020, ha provocato circa 962 contagi e 53 decessi secondo i dati ufficiali.\u00a0Di fronte a questa situazione,\u00a0<strong>il governo ha lanciato un appello alla solidariet\u00e0<\/strong>\u00a0e Mani Tese ha dato il proprio contributo.<\/p>\r\n\r\n\r\n\r\n<p>In particolare abbiamo consegnato\u00a0<strong><a href=\"https:\/\/manitese.it\/burkina-faso-consegnato-materiale-sanitario-prevenzione-covid19\" target=\"_blank\" rel=\"noreferrer noopener\">kit di protezione a 15 centri di salute e promozione sociale (CSPS)<\/a><\/strong>\u00a0in tre regioni (Centro, Centro-Sud e Plateau Central)\u00a0e\u00a0condotto,\u00a0nelle stesse regioni,\u00a0<strong>sette programmi radio per sensibilizzare la popolazione sulle misure d\u2019igiene da adottare.<\/strong><\/p>\r\n\r\n\r\n\r\n<p>Nei\u00a0centri di salute e promozione sociale vengono\u00a0garantiti servizi di prevenzione e cura.\u00a0Si trovano,\u00a0di solito,\u00a0prestazioni di carattere ambulatoriale, la maternit\u00e0 con assistenza pre e post natale e una zona di ospedalizzazione per i casi pi\u00f9 gravi in attesa di trasferimento in una struttura pi\u00f9 idonea (in un CSPS si pu\u00f2 rimanere in osservazione per un massimo di 48 ore).<\/p>\r\n\r\n\r\n\r\n<p>I materiali\u00a0distribuiti,\u00a0per un valore\u00a0totale di oltre 7.650.000 CFA (circa 11.662 euro), comprendevano:<\/p>\r\n\r\n\r\n\r\n<p>&#8211; 60 lavamani<br \/>&#8211; 80 bottiglie di gel idroalcolico<br \/>&#8211; 150 confezioni di cotone<br \/>&#8211; 60 secchi da 20 litri per la pulizia\u00a0degli ambienti<br \/>&#8211; 60 tergipavimenti con manico<br \/>&#8211; 60 bottiglie di detersivo<br \/>&#8211; 90 lattine di candeggina<br \/>&#8211; 30 bombolette spray disinfettante<br \/>&#8211; 75 confezioni di asciugamani in rotolo<br \/>&#8211; 30 scatole di saponette<br \/>&#8211; 20 confezioni da cinquanta\u00a0mascherine\u00a0chirurgiche<br \/>&#8211; 60 paia di guanti di plastica per la pulizia\u00a0degli ambienti<\/p>\r\n\r\n\r\n\r\n<p>I\u00a0giorni\u00a0della\u00a0consegna dei kit\u00a0a ciascuna regione, si\u00a0sono\u00a0svolti\u00a0gli incontri\u00a0con i\u00a0governatori delle regioni interessate e con\u00a0i comitati regionali di gestione della pandemia, e tutti hanno accolto con gioia questa ondata di solidariet\u00e0. La Governatrice della regione del Plateau central BENON \u00a0YATASSAYE, in particolare, ha anche espresso la sua compassione e solidariet\u00e0 al popolo italiano, colpito duramente dalla pandemia, per poi assicurare che\u00a0<strong>questo materiale aiuter\u00e0 a spezzare la catena di trasmissione della pandemia<\/strong>\u00a0e a rafforzare la resilienza degli operatori sanitari di fronte al\u00a0Covid-19.<\/p>\r\n\r\n\r\n\r\n<p>A distanza di qualche settimana dalla consegna dei kit, siamo andati a vedere come stavano andando le cose in uno dei CSPS beneficiari.\u00a0<strong>Ci siamo recati dunque nel CSPS di Tintilou\u00a0<\/strong><strong>Nord\u00a0<\/strong><strong>(Regione del Centre)<\/strong><strong>\u00a0dove ci ha accolti Madame ZIDA<\/strong>, infermiera e responsabile del centro, che ogni giorno si occupa di circa 30 pazienti con il solo aiuto di un\u2019altra collega. Madame ZIDA ci ha spiegato che il materiale ricevuto \u00e8 stato molto utile: con le mascherine chirurgiche, il personale infermieristico \u00e8 stato infatti in grado di proteggersi e ricevere i pazienti in\u00a0maniera adeguata, i dispositivi di lavaggio delle mani sono stati installati all&#8217;ingresso del CSPS, nel reparto maternit\u00e0, e il materiale di pulizia ha contribuito notevolmente a migliorare l&#8217;igiene\u00a0del centro. &#8220;Il kit \u00e8 arrivato davvero al momento giusto, perch\u00e9 lo stock disponibile per il CSPS era quasi finito&#8221;, ci dice Madame ZIDA ringraziandoci per aver pensato al suo centro che continuer\u00e0 a beneficiare di quel materiale per molto tempo.<\/p>\r\n\r\n\r\n\r\n<p>L\u2019altra azione che abbiamo svolto \u00e8 stata\u00a0<strong>la sensibilizzazione alla prevenzione attraverso programmi radiofonici<\/strong>: l&#8217;accento \u00e8 stato posto sul rispetto delle misure barriera e sui servizi disponibili all&#8217;interno dei centri di salute. Queste trasmissioni sono state condotte da professionisti dei dipartimenti di salute, giustizia e registro civile dei comuni, e dopo ogni programma sono stati organizzati giochi radiofonici che garantivano un piccolo premio agli ascoltatori pi\u00f9 attenti.\u00a0I programmi,\u00a0trasmessi in 5 diverse radio per coprire il territorio delle tre regioni target,\u00a0hanno riscosso tantissimo successo tanto che spesso si \u00e8 sforata, o meglio \u00e8 stata raddoppiata, l\u2019ora di trasmissione prevista, per permettere al pubblico di continuare a intervenire.<\/p>\r\n\r\n\r\n\r\n<p>La donazione dei kit e i programmi radiofonici, secondo il sindaco della citt\u00e0\u00a0di\u00a0Komki Ipala\u00a0che ospita\u00a0il\u00a0CSPS di Tintilou Nord,\u00a0hanno contribuito da un lato alla sensibilizzazione e dall&#8217;altro al rafforzamento delle capacit\u00e0 dei CSPS nella lotta contro il Covid-19, ed egli ne \u00e8 stato talmente contento da pubblicizzare i nostri contributi\u00a0ai CSPS\u00a0presso\u00a03 radio della zona.<\/p>\r\n\r\n\r\n\r\n<p>Questa azione rientra tra le attivit\u00e0 del progetto\u00a0<strong>\u201c<a href=\"https:\/\/manitese.it\/progetto\/promozione-sociale-donne-bambini-servizi-sanitari\" target=\"_blank\" rel=\"noreferrer noopener\">Promozione sociale e dei diritti delle donne e dei bambini per il miglioramento dei servizi sanitari e di stato civile<\/a>\u201d<\/strong>, cofinanziato dall\u2019<strong>Unione Europea<\/strong>\u00a0e che stiamo realizzando in consorzio con la\u00a0<strong><a href=\"https:\/\/www.acra.it\/index.php?lang=it\" target=\"_blank\" rel=\"noreferrer noopener\">Fondazione ACRA<\/a><\/strong>\u00a0(capofila) e le ONG\u00a0<strong><a href=\"http:\/\/ongasmade.org\/\" target=\"_blank\" rel=\"noreferrer noopener\">Asmade<\/a>,\u00a0<a href=\"https:\/\/www.santegidio.org\/\" target=\"_blank\" rel=\"noreferrer noopener\">Comunit\u00e0 di Sant\u2019Egidio<\/a>\u00a0e la federazione delle donne rurali del Burkina Faso (Fenafer-B)<\/strong>.<\/p>\r\n\r\n\r\n\r\n<div class=\"wp-block-image\">\r\n<figure class=\"aligncenter size-large\"><a href=\"https:\/\/manitese.it\/wp-content\/uploads\/2020\/07\/burkina-faso-feedback-positivi-prevenzione-covid-19_mani-tese-2020_3.jpg\"><img decoding=\"async\" class=\"wp-image-62359\" src=\"https:\/\/manitese.it\/wp-content\/uploads\/2020\/07\/burkina-faso-feedback-positivi-prevenzione-covid-19_mani-tese-2020_3-1024x576.jpg\" alt=\"\" \/><\/a>\r\n<figcaption><em>Madame Zida, infermiera e responsabile del CSPS di Tintilou\u00a0Nord, insieme ad alcune delle sue collaboratrici<\/em><\/figcaption>\r\n<\/figure>\r\n<\/div>\r\n\r\n\r\n\r\n<div class=\"wp-block-image\">\r\n<figure class=\"aligncenter size-large\"><a href=\"https:\/\/manitese.it\/wp-content\/uploads\/2020\/07\/burkina-faso-feedback-positivi-prevenzione-covid-19_mani-tese-2020_1.jpg\"><img decoding=\"async\" class=\"wp-image-62361\" src=\"https:\/\/manitese.it\/wp-content\/uploads\/2020\/07\/burkina-faso-feedback-positivi-prevenzione-covid-19_mani-tese-2020_1.jpg\" alt=\"\" \/><\/a>\r\n<figcaption><em>I materiali di prevenzione distribuiti<\/em><\/figcaption>\r\n<\/figure>\r\n<\/div>\r\n\r\n\r\n\r\n<div class=\"wp-block-image\">\r\n<figure class=\"aligncenter size-large\"><a href=\"https:\/\/manitese.it\/wp-content\/uploads\/2020\/07\/burkina-faso-feedback-positivi-prevenzione-covid-19_mani-tese-2020_2.jpg\"><img decoding=\"async\" class=\"wp-image-62363\" src=\"https:\/\/manitese.it\/wp-content\/uploads\/2020\/07\/burkina-faso-feedback-positivi-prevenzione-covid-19_mani-tese-2020_2.jpg\" alt=\"\" \/><\/a>\r\n<figcaption>La registrazione di un programma radiofonico di sensibilizzazione<\/figcaption>\r\n<\/figure>\r\n<\/div>\r\n\r\n\r\n\r\n<h2 class=\"has-text-align-center wp-block-heading\"><a href=\"https:\/\/regalisolidali.manitese.it\/ricorrenza.php?titolo=emergenza-coronavirus-nel-sud-del-mondo\" target=\"_blank\" rel=\"noreferrer noopener\">SOSTIENI I NOSTRI PROGETTI PER FAR FRONTE ALL\u2019EMERGENZA CORONAVIRUS NEL SUD DEL MONDO<\/a><\/h2>\r\n\r\n\r\n\r\n<p class=\"has-text-align-center\"><a href=\"https:\/\/manitese.it\/emergenza-coronavirus-nel-sud-del-mondo\" target=\"_blank\" rel=\"noreferrer noopener\"><strong>&gt;&gt;&gt; Leggi le ultime news dai progetti &lt;&lt;&lt;<\/strong><\/a><\/p>\r\n","protected":false},"excerpt":{"rendered":"<p>Abbiamo visitato i centri di salute e promozione sociale dove nel mese di maggio abbiamo consegnato kit di prevenzione contro il Covid-19.<\/p>\n","protected":false},"author":1,"featured_media":62354,"comment_status":"open","ping_status":"open","sticky":false,"template":"","format":"standard","meta":{"_acf_changed":false,"give_campaign_id":0,"inline_featured_image":false,"_jetpack_memberships_contains_paid_content":false,"footnotes":""},"categories":[3],"tags":[],"thematic_area":[909,908],"class_list":["post-62302","post","type-post","status-publish","format-standard","has-post-thumbnail","hentry","category-diari","thematic_area-inclusione-sociale","thematic_area-parita-di-genere"],"acf":[],"yoast_head":"<!-- This site is optimized with the Yoast SEO plugin v27.5 - https:\/\/yoast.com\/product\/yoast-seo-wordpress\/ -->\n<title>DAL BURKINA FASO FEEDBACK POSITIVI SULLE NOSTRE ATTIVIT\u00c0 DI PREVENZIONE DEL COVID-19 - Mani Tese<\/title>\n<meta name=\"description\" content=\"Abbiamo visitato i centri di salute e promozione sociale dove nel mese di maggio abbiamo consegnato kit di prevenzione contro il Covid-19.\" \/>\n<meta name=\"robots\" content=\"index, follow, max-snippet:-1, max-image-preview:large, max-video-preview:-1\" \/>\n<link rel=\"canonical\" href=\"https:\/\/www.manitese.it\/en\/burkina-faso-feedback-sulle-attivita-di-prevenzione-covid-19\/\" \/>\n<meta property=\"og:locale\" content=\"en_US\" \/>\n<meta property=\"og:type\" content=\"article\" \/>\n<meta property=\"og:title\" content=\"DAL BURKINA FASO FEEDBACK POSITIVI SULLE NOSTRE ATTIVIT\u00c0 DI PREVENZIONE DEL COVID-19 - Mani Tese\" \/>\n<meta property=\"og:description\" content=\"Abbiamo visitato i centri di salute e promozione sociale dove nel mese di maggio abbiamo consegnato kit di prevenzione contro il Covid-19.\" \/>\n<meta property=\"og:url\" content=\"https:\/\/www.manitese.it\/en\/burkina-faso-feedback-sulle-attivita-di-prevenzione-covid-19\/\" \/>\n<meta property=\"og:site_name\" content=\"Mani Tese\" \/>\n<meta property=\"article:published_time\" content=\"2020-07-06T07:16:57+00:00\" \/>\n<meta property=\"article:modified_time\" content=\"2023-12-18T11:14:25+00:00\" \/>\n<meta property=\"og:image\" content=\"https:\/\/www.manitese.it\/wp-content\/uploads\/2020\/07\/burkina-faso-feedback-positivi-prevenzione-covid-19_cover_mani-tese-2020-1-1.jpg\" \/>\n\t<meta property=\"og:image:width\" content=\"1920\" \/>\n\t<meta property=\"og:image:height\" content=\"800\" \/>\n\t<meta property=\"og:image:type\" content=\"image\/jpeg\" \/>\n<meta name=\"author\" content=\"agevis\" \/>\n<meta name=\"twitter:card\" content=\"summary_large_image\" \/>\n<meta name=\"twitter:label1\" content=\"Written by\" \/>\n\t<meta name=\"twitter:data1\" content=\"agevis\" \/>\n\t<meta name=\"twitter:label2\" content=\"Est. reading time\" \/>\n\t<meta name=\"twitter:data2\" content=\"5 minutes\" \/>\n<script type=\"application\/ld+json\" class=\"yoast-schema-graph\">{\"@context\":\"https:\\\/\\\/schema.org\",\"@graph\":[{\"@type\":\"Article\",\"@id\":\"https:\\\/\\\/www.manitese.it\\\/en\\\/burkina-faso-feedback-sulle-attivita-di-prevenzione-covid-19\\\/#article\",\"isPartOf\":{\"@id\":\"https:\\\/\\\/www.manitese.it\\\/en\\\/burkina-faso-feedback-sulle-attivita-di-prevenzione-covid-19\\\/\"},\"author\":{\"name\":\"agevis\",\"@id\":\"https:\\\/\\\/www.manitese.it\\\/en\\\/#\\\/schema\\\/person\\\/5a9774f17e4940e2510bfeba90f04f65\"},\"headline\":\"DAL BURKINA FASO FEEDBACK POSITIVI SULLE NOSTRE ATTIVIT\u00c0 DI PREVENZIONE DEL COVID-19\",\"datePublished\":\"2020-07-06T07:16:57+00:00\",\"dateModified\":\"2023-12-18T11:14:25+00:00\",\"mainEntityOfPage\":{\"@id\":\"https:\\\/\\\/www.manitese.it\\\/en\\\/burkina-faso-feedback-sulle-attivita-di-prevenzione-covid-19\\\/\"},\"wordCount\":778,\"commentCount\":0,\"image\":{\"@id\":\"https:\\\/\\\/www.manitese.it\\\/en\\\/burkina-faso-feedback-sulle-attivita-di-prevenzione-covid-19\\\/#primaryimage\"},\"thumbnailUrl\":\"https:\\\/\\\/www.manitese.it\\\/wp-content\\\/uploads\\\/2020\\\/07\\\/burkina-faso-feedback-positivi-prevenzione-covid-19_cover_mani-tese-2020-1-1.jpg\",\"articleSection\":[\"Diari\"],\"inLanguage\":\"en-US\",\"potentialAction\":[{\"@type\":\"CommentAction\",\"name\":\"Comment\",\"target\":[\"https:\\\/\\\/www.manitese.it\\\/en\\\/burkina-faso-feedback-sulle-attivita-di-prevenzione-covid-19\\\/#respond\"]}]},{\"@type\":\"WebPage\",\"@id\":\"https:\\\/\\\/www.manitese.it\\\/en\\\/burkina-faso-feedback-sulle-attivita-di-prevenzione-covid-19\\\/\",\"url\":\"https:\\\/\\\/www.manitese.it\\\/en\\\/burkina-faso-feedback-sulle-attivita-di-prevenzione-covid-19\\\/\",\"name\":\"DAL BURKINA FASO FEEDBACK POSITIVI SULLE NOSTRE ATTIVIT\u00c0 DI PREVENZIONE DEL COVID-19 - Mani Tese\",\"isPartOf\":{\"@id\":\"https:\\\/\\\/www.manitese.it\\\/en\\\/#website\"},\"primaryImageOfPage\":{\"@id\":\"https:\\\/\\\/www.manitese.it\\\/en\\\/burkina-faso-feedback-sulle-attivita-di-prevenzione-covid-19\\\/#primaryimage\"},\"image\":{\"@id\":\"https:\\\/\\\/www.manitese.it\\\/en\\\/burkina-faso-feedback-sulle-attivita-di-prevenzione-covid-19\\\/#primaryimage\"},\"thumbnailUrl\":\"https:\\\/\\\/www.manitese.it\\\/wp-content\\\/uploads\\\/2020\\\/07\\\/burkina-faso-feedback-positivi-prevenzione-covid-19_cover_mani-tese-2020-1-1.jpg\",\"datePublished\":\"2020-07-06T07:16:57+00:00\",\"dateModified\":\"2023-12-18T11:14:25+00:00\",\"author\":{\"@id\":\"https:\\\/\\\/www.manitese.it\\\/en\\\/#\\\/schema\\\/person\\\/5a9774f17e4940e2510bfeba90f04f65\"},\"description\":\"Abbiamo visitato i centri di salute e promozione sociale dove nel mese di maggio abbiamo consegnato kit di prevenzione contro il Covid-19.\",\"breadcrumb\":{\"@id\":\"https:\\\/\\\/www.manitese.it\\\/en\\\/burkina-faso-feedback-sulle-attivita-di-prevenzione-covid-19\\\/#breadcrumb\"},\"inLanguage\":\"en-US\",\"potentialAction\":[{\"@type\":\"ReadAction\",\"target\":[\"https:\\\/\\\/www.manitese.it\\\/en\\\/burkina-faso-feedback-sulle-attivita-di-prevenzione-covid-19\\\/\"]}]},{\"@type\":\"ImageObject\",\"inLanguage\":\"en-US\",\"@id\":\"https:\\\/\\\/www.manitese.it\\\/en\\\/burkina-faso-feedback-sulle-attivita-di-prevenzione-covid-19\\\/#primaryimage\",\"url\":\"https:\\\/\\\/www.manitese.it\\\/wp-content\\\/uploads\\\/2020\\\/07\\\/burkina-faso-feedback-positivi-prevenzione-covid-19_cover_mani-tese-2020-1-1.jpg\",\"contentUrl\":\"https:\\\/\\\/www.manitese.it\\\/wp-content\\\/uploads\\\/2020\\\/07\\\/burkina-faso-feedback-positivi-prevenzione-covid-19_cover_mani-tese-2020-1-1.jpg\",\"width\":1920,\"height\":800,\"caption\":\"burkina faso feedback positivi prevenzione covid 19_cover_mani tese 2020\"},{\"@type\":\"BreadcrumbList\",\"@id\":\"https:\\\/\\\/www.manitese.it\\\/en\\\/burkina-faso-feedback-sulle-attivita-di-prevenzione-covid-19\\\/#breadcrumb\",\"itemListElement\":[{\"@type\":\"ListItem\",\"position\":1,\"name\":\"Home\",\"item\":\"https:\\\/\\\/www.manitese.it\\\/en\\\/\"},{\"@type\":\"ListItem\",\"position\":2,\"name\":\"DAL BURKINA FASO FEEDBACK POSITIVI SULLE NOSTRE ATTIVIT\u00c0 DI PREVENZIONE DEL COVID-19\"}]},{\"@type\":\"WebSite\",\"@id\":\"https:\\\/\\\/www.manitese.it\\\/en\\\/#website\",\"url\":\"https:\\\/\\\/www.manitese.it\\\/en\\\/\",\"name\":\"Mani Tese\",\"description\":\"\",\"potentialAction\":[{\"@type\":\"SearchAction\",\"target\":{\"@type\":\"EntryPoint\",\"urlTemplate\":\"https:\\\/\\\/www.manitese.it\\\/en\\\/?s={search_term_string}\"},\"query-input\":{\"@type\":\"PropertyValueSpecification\",\"valueRequired\":true,\"valueName\":\"search_term_string\"}}],\"inLanguage\":\"en-US\"},{\"@type\":\"Person\",\"@id\":\"https:\\\/\\\/www.manitese.it\\\/en\\\/#\\\/schema\\\/person\\\/5a9774f17e4940e2510bfeba90f04f65\",\"name\":\"agevis\",\"image\":{\"@type\":\"ImageObject\",\"inLanguage\":\"en-US\",\"@id\":\"https:\\\/\\\/secure.gravatar.com\\\/avatar\\\/2dc96c93fcf3387a5922a93b50fb3bff01d4800590fb6a4ab91a034adb25ba17?s=96&d=mm&r=g\",\"url\":\"https:\\\/\\\/secure.gravatar.com\\\/avatar\\\/2dc96c93fcf3387a5922a93b50fb3bff01d4800590fb6a4ab91a034adb25ba17?s=96&d=mm&r=g\",\"contentUrl\":\"https:\\\/\\\/secure.gravatar.com\\\/avatar\\\/2dc96c93fcf3387a5922a93b50fb3bff01d4800590fb6a4ab91a034adb25ba17?s=96&d=mm&r=g\",\"caption\":\"agevis\"},\"url\":\"https:\\\/\\\/www.manitese.it\\\/en\\\/author\\\/wp_agevis_admin\\\/\"}]}<\/script>\n<!-- \/ Yoast SEO plugin. -->","yoast_head_json":{"title":"DAL BURKINA FASO FEEDBACK POSITIVI SULLE NOSTRE ATTIVIT\u00c0 DI PREVENZIONE DEL COVID-19 - Mani Tese","description":"Abbiamo visitato i centri di salute e promozione sociale dove nel mese di maggio abbiamo consegnato kit di prevenzione contro il Covid-19.","robots":{"index":"index","follow":"follow","max-snippet":"max-snippet:-1","max-image-preview":"max-image-preview:large","max-video-preview":"max-video-preview:-1"},"canonical":"https:\/\/www.manitese.it\/en\/burkina-faso-feedback-sulle-attivita-di-prevenzione-covid-19\/","og_locale":"en_US","og_type":"article","og_title":"DAL BURKINA FASO FEEDBACK POSITIVI SULLE NOSTRE ATTIVIT\u00c0 DI PREVENZIONE DEL COVID-19 - Mani Tese","og_description":"Abbiamo visitato i centri di salute e promozione sociale dove nel mese di maggio abbiamo consegnato kit di prevenzione contro il Covid-19.","og_url":"https:\/\/www.manitese.it\/en\/burkina-faso-feedback-sulle-attivita-di-prevenzione-covid-19\/","og_site_name":"Mani Tese","article_published_time":"2020-07-06T07:16:57+00:00","article_modified_time":"2023-12-18T11:14:25+00:00","og_image":[{"width":1920,"height":800,"url":"https:\/\/www.manitese.it\/wp-content\/uploads\/2020\/07\/burkina-faso-feedback-positivi-prevenzione-covid-19_cover_mani-tese-2020-1-1.jpg","type":"image\/jpeg"}],"author":"agevis","twitter_card":"summary_large_image","twitter_misc":{"Written by":"agevis","Est. reading time":"5 minutes"},"schema":{"@context":"https:\/\/schema.org","@graph":[{"@type":"Article","@id":"https:\/\/www.manitese.it\/en\/burkina-faso-feedback-sulle-attivita-di-prevenzione-covid-19\/#article","isPartOf":{"@id":"https:\/\/www.manitese.it\/en\/burkina-faso-feedback-sulle-attivita-di-prevenzione-covid-19\/"},"author":{"name":"agevis","@id":"https:\/\/www.manitese.it\/en\/#\/schema\/person\/5a9774f17e4940e2510bfeba90f04f65"},"headline":"DAL BURKINA FASO FEEDBACK POSITIVI SULLE NOSTRE ATTIVIT\u00c0 DI PREVENZIONE DEL COVID-19","datePublished":"2020-07-06T07:16:57+00:00","dateModified":"2023-12-18T11:14:25+00:00","mainEntityOfPage":{"@id":"https:\/\/www.manitese.it\/en\/burkina-faso-feedback-sulle-attivita-di-prevenzione-covid-19\/"},"wordCount":778,"commentCount":0,"image":{"@id":"https:\/\/www.manitese.it\/en\/burkina-faso-feedback-sulle-attivita-di-prevenzione-covid-19\/#primaryimage"},"thumbnailUrl":"https:\/\/www.manitese.it\/wp-content\/uploads\/2020\/07\/burkina-faso-feedback-positivi-prevenzione-covid-19_cover_mani-tese-2020-1-1.jpg","articleSection":["Diari"],"inLanguage":"en-US","potentialAction":[{"@type":"CommentAction","name":"Comment","target":["https:\/\/www.manitese.it\/en\/burkina-faso-feedback-sulle-attivita-di-prevenzione-covid-19\/#respond"]}]},{"@type":"WebPage","@id":"https:\/\/www.manitese.it\/en\/burkina-faso-feedback-sulle-attivita-di-prevenzione-covid-19\/","url":"https:\/\/www.manitese.it\/en\/burkina-faso-feedback-sulle-attivita-di-prevenzione-covid-19\/","name":"DAL BURKINA FASO FEEDBACK POSITIVI SULLE NOSTRE ATTIVIT\u00c0 DI PREVENZIONE DEL COVID-19 - Mani Tese","isPartOf":{"@id":"https:\/\/www.manitese.it\/en\/#website"},"primaryImageOfPage":{"@id":"https:\/\/www.manitese.it\/en\/burkina-faso-feedback-sulle-attivita-di-prevenzione-covid-19\/#primaryimage"},"image":{"@id":"https:\/\/www.manitese.it\/en\/burkina-faso-feedback-sulle-attivita-di-prevenzione-covid-19\/#primaryimage"},"thumbnailUrl":"https:\/\/www.manitese.it\/wp-content\/uploads\/2020\/07\/burkina-faso-feedback-positivi-prevenzione-covid-19_cover_mani-tese-2020-1-1.jpg","datePublished":"2020-07-06T07:16:57+00:00","dateModified":"2023-12-18T11:14:25+00:00","author":{"@id":"https:\/\/www.manitese.it\/en\/#\/schema\/person\/5a9774f17e4940e2510bfeba90f04f65"},"description":"Abbiamo visitato i centri di salute e promozione sociale dove nel mese di maggio abbiamo consegnato kit di prevenzione contro il Covid-19.","breadcrumb":{"@id":"https:\/\/www.manitese.it\/en\/burkina-faso-feedback-sulle-attivita-di-prevenzione-covid-19\/#breadcrumb"},"inLanguage":"en-US","potentialAction":[{"@type":"ReadAction","target":["https:\/\/www.manitese.it\/en\/burkina-faso-feedback-sulle-attivita-di-prevenzione-covid-19\/"]}]},{"@type":"ImageObject","inLanguage":"en-US","@id":"https:\/\/www.manitese.it\/en\/burkina-faso-feedback-sulle-attivita-di-prevenzione-covid-19\/#primaryimage","url":"https:\/\/www.manitese.it\/wp-content\/uploads\/2020\/07\/burkina-faso-feedback-positivi-prevenzione-covid-19_cover_mani-tese-2020-1-1.jpg","contentUrl":"https:\/\/www.manitese.it\/wp-content\/uploads\/2020\/07\/burkina-faso-feedback-positivi-prevenzione-covid-19_cover_mani-tese-2020-1-1.jpg","width":1920,"height":800,"caption":"burkina faso feedback positivi prevenzione covid 19_cover_mani tese 2020"},{"@type":"BreadcrumbList","@id":"https:\/\/www.manitese.it\/en\/burkina-faso-feedback-sulle-attivita-di-prevenzione-covid-19\/#breadcrumb","itemListElement":[{"@type":"ListItem","position":1,"name":"Home","item":"https:\/\/www.manitese.it\/en\/"},{"@type":"ListItem","position":2,"name":"DAL BURKINA FASO FEEDBACK POSITIVI SULLE NOSTRE ATTIVIT\u00c0 DI PREVENZIONE DEL COVID-19"}]},{"@type":"WebSite","@id":"https:\/\/www.manitese.it\/en\/#website","url":"https:\/\/www.manitese.it\/en\/","name":"Mani Tese","description":"","potentialAction":[{"@type":"SearchAction","target":{"@type":"EntryPoint","urlTemplate":"https:\/\/www.manitese.it\/en\/?s={search_term_string}"},"query-input":{"@type":"PropertyValueSpecification","valueRequired":true,"valueName":"search_term_string"}}],"inLanguage":"en-US"},{"@type":"Person","@id":"https:\/\/www.manitese.it\/en\/#\/schema\/person\/5a9774f17e4940e2510bfeba90f04f65","name":"agevis","image":{"@type":"ImageObject","inLanguage":"en-US","@id":"https:\/\/secure.gravatar.com\/avatar\/2dc96c93fcf3387a5922a93b50fb3bff01d4800590fb6a4ab91a034adb25ba17?s=96&d=mm&r=g","url":"https:\/\/secure.gravatar.com\/avatar\/2dc96c93fcf3387a5922a93b50fb3bff01d4800590fb6a4ab91a034adb25ba17?s=96&d=mm&r=g","contentUrl":"https:\/\/secure.gravatar.com\/avatar\/2dc96c93fcf3387a5922a93b50fb3bff01d4800590fb6a4ab91a034adb25ba17?s=96&d=mm&r=g","caption":"agevis"},"url":"https:\/\/www.manitese.it\/en\/author\/wp_agevis_admin\/"}]}},"jetpack_featured_media_url":"https:\/\/www.manitese.it\/wp-content\/uploads\/2020\/07\/burkina-faso-feedback-positivi-prevenzione-covid-19_cover_mani-tese-2020-1-1.jpg","jetpack_sharing_enabled":true,"_links":{"self":[{"href":"https:\/\/www.manitese.it\/en\/wp-json\/wp\/v2\/posts\/62302","targetHints":{"allow":["GET"]}}],"collection":[{"href":"https:\/\/www.manitese.it\/en\/wp-json\/wp\/v2\/posts"}],"about":[{"href":"https:\/\/www.manitese.it\/en\/wp-json\/wp\/v2\/types\/post"}],"author":[{"embeddable":true,"href":"https:\/\/www.manitese.it\/en\/wp-json\/wp\/v2\/users\/1"}],"replies":[{"embeddable":true,"href":"https:\/\/www.manitese.it\/en\/wp-json\/wp\/v2\/comments?post=62302"}],"version-history":[{"count":2,"href":"https:\/\/www.manitese.it\/en\/wp-json\/wp\/v2\/posts\/62302\/revisions"}],"predecessor-version":[{"id":191893,"href":"https:\/\/www.manitese.it\/en\/wp-json\/wp\/v2\/posts\/62302\/revisions\/191893"}],"wp:featuredmedia":[{"embeddable":true,"href":"https:\/\/www.manitese.it\/en\/wp-json\/wp\/v2\/media\/62354"}],"wp:attachment":[{"href":"https:\/\/www.manitese.it\/en\/wp-json\/wp\/v2\/media?parent=62302"}],"wp:term":[{"taxonomy":"category","embeddable":true,"href":"https:\/\/www.manitese.it\/en\/wp-json\/wp\/v2\/categories?post=62302"},{"taxonomy":"post_tag","embeddable":true,"href":"https:\/\/www.manitese.it\/en\/wp-json\/wp\/v2\/tags?post=62302"},{"taxonomy":"thematic_area","embeddable":true,"href":"https:\/\/www.manitese.it\/en\/wp-json\/wp\/v2\/thematic_area?post=62302"}],"curies":[{"name":"wp","href":"https:\/\/api.w.org\/{rel}","templated":true}]}}