{"id":62263,"date":"2020-07-02T16:58:59","date_gmt":"2020-07-02T14:58:59","guid":{"rendered":"https:\/\/manitese.it\/?p=62263"},"modified":"2023-12-14T11:08:54","modified_gmt":"2023-12-14T10:08:54","slug":"imprese-sociali-burkina-faso-dopo-due-anni-di-progetto","status":"publish","type":"post","link":"https:\/\/www.manitese.it\/en\/imprese-sociali-burkina-faso-dopo-due-anni-di-progetto\/","title":{"rendered":"IMPRESE SOCIALI IN BURKINA FASO: IL PUNTO DOPO DUE ANNI DI PROGETTO"},"content":{"rendered":"\r\n<p>Siamo alla fine della seconda annualit\u00e0 del progetto\u00a0<a href=\"https:\/\/manitese.it\/progetto\/imprese-sociali-innovative-partecipazione-migranti-per-inclusione-sociale-burkina-faso\" target=\"_blank\" rel=\"noreferrer noopener\"><strong>\u201cImprese\u00a0sociali innovative e partecipazione dei migranti per l\u2019inclusione sociale in Burkina Faso\u201d<\/strong><\/a>, cofinanziato dall\u2019<a href=\"http:\/\/www.aics.gov.it\/\" target=\"_blank\" rel=\"noreferrer noopener\"><strong>AICS<\/strong><\/a>\u00a0e dalla\u00a0<strong>Fondazione Maria Enrica<\/strong>. Negli ultimi mesi abbiamo evidentemente dovuto rivedere alcune attivit\u00e0 in programma per evitare al massimo i rischi per la nostra \u00e9quipe e per i beneficiari del progetto, ma non ci siamo assolutamente fermati.\u00a0<strong>Abbiamo continuato a sostenere 40\u00a0imprese\u00a0in due province del Burkina Faso (Boulgou e Boulkiemd\u00e9)<\/strong>\u00a0con formazioni e incontri su bilancio d\u2019impresa e accesso al microcredito, con tanto di presentazioni dei loro piani d\u2019affari ai principali istituti di microfinanza, ciascuno nella propria provincia di appartenenza. Inoltre 20 tra\u00a0loro\u00a0hanno\u00a0anche ricevuto\u00a0un contributo economico per sviluppare la propria impresa di produzione\/trasformazione agroalimentare.<\/p>\r\n\r\n\r\n\r\n<p>Ne abbiamo per tutti i gusti:\u00a0<strong>dalle cooperative di produzione orticola, alle pasticcerie, agli allevamenti di polli, alle\u00a0imprese\u00a0di trasformazione di burro di karit\u00e9<\/strong>. Insomma, non ci manca niente! Ogni impresa ci ha infatti presentato quasi un anno fa il proprio progetto e,\u00a0dopo essere stata selezionata da una commissione formata dai\u00a0partner di progetto\u00a0e\u00a0dalle\u00a0autorit\u00e0 locali\u00a0responsabili per le tematiche donne, giovani e agricoltura, ha iniziato a ricevere, in tranche,\u00a0un\u00a0finanziamento a fondo perduto\u00a0per realizzare la propria idea. Le proposte sono venute direttamente dalle imprenditrici e dagli imprenditori: noi non abbiamo imposto nulla, se non determinate attenzioni formali e amministrative per assicurarci che tutto andasse a buon fine, per il resto stiamo semplicemente accompagnando le\u00a0imprese\u00a0con i nostri consigli.<\/p>\r\n\r\n\r\n\r\n<p>E non solo Mani Tese non sta imponendo nulla a livello di tipologia di spesa o acquisto, ma\u00a0<strong>le\u00a0imprese\u00a0partecipano anche economicamente alla realizzazione dei propri progetti, con un cofinanziamento del 20%<\/strong>\u00a0(10% in cash e 10% in natura), in modo da sentirsi veramente responsabili e padrone del lavoro che viene svolto! Su questo peraltro vale la pena sottolineare che\u00a0<strong>4 tra le nostre\u00a0imprese\u00a0sono supportate anche da associazioni della diaspora burkinab\u00e9 in Italia<\/strong>, che non solo aiutano a sostenere le spese cash, ma sono anche intervenute sul campo con\u00a0una\u00a0<a href=\"https:\/\/manitese.it\/migranti-burkinabe-sviluppo-dell-imprenditoria-locale\" target=\"_blank\" rel=\"noreferrer noopener\">missione di un loro rappresentante\u00a0tra dicembre e gennaio\u00a0scorsi<\/a>, per dare consigli e supporto tecnico.<\/p>\r\n\r\n\r\n\r\n<p>Certo, non tutto \u00e8 sempre facile. Per esempio far comprendere l\u2019importanza di un preventivo ben fatto \u00e8 stato complicato e in effetti ora alcune\u00a0imprese\u00a0si ritrovano a dover modificare i propri progetti in corso d\u2019opera per poter far fronte a spese impreviste, ma di solito non ci sono\u00a0grossi problemi\u00a0perch\u00e9 gli acquisti dei macchinari pi\u00f9 importanti ed economicamente impegnativi e le costruzioni riescono a completarli.<\/p>\r\n\r\n\r\n\r\n<p>A che punto siamo ora? Beh, qualche impresa ha gi\u00e0 completato\u00a0i propri acquisti e costruzioni,\u00a0ma la maggior parte sono ancora in corso. D\u2019altra parte\u00a0<strong>la nostra \u00e9quipe \u00e8 sempre presente a ogni acquisto per assicurare che il materiale comprato sia di buona qualit\u00e0 e il prezzo sia giusto e che i lavori vengano eseguiti a regola d\u2019arte<\/strong>. E questo, se da un lato rallenta un po\u2019 le cose, dall\u2019altro ci garantisce un miglior raggiungimento degli obiettivi! Insomma, chi va piano va sano e va lontano!<\/p>\r\n\r\n\r\n\r\n<p>Se volete conoscere meglio qualcuno degli imprenditori e delle imprenditrici coinvolti\/e nel progetto potete seguire il nostro blog\u00a0<a href=\"https:\/\/manitese.it\/impresa-di-crescere-insieme\" target=\"_blank\" rel=\"noreferrer noopener\"><strong>\u201cL\u2019impresa di crescere insieme\u201d<\/strong><\/a>.<\/p>\r\n\r\n\r\n\r\n<p>Qui di seguito, invece, trovate alcune foto che mostrano gli acquisti effettuati dalle imprese beneficiarie del progetto tramite i finanziamenti.<\/p>\r\n\r\n\r\n\r\n<div class=\"wp-block-image\">\r\n<figure class=\"aligncenter size-large\"><a href=\"https:\/\/manitese.it\/wp-content\/uploads\/2020\/07\/Imprese-sociali-Burkina-Faso-il-punto-dopo-due-anni-progetto_mani-tese-2020-1.jpg\"><img decoding=\"async\" class=\"wp-image-62266\" src=\"https:\/\/manitese.it\/wp-content\/uploads\/2020\/07\/Imprese-sociali-Burkina-Faso-il-punto-dopo-due-anni-progetto_mani-tese-2020-1-1024x472.jpg\" alt=\"Imprese sociali Burkina Faso, il punto dopo due anni progetto_mani tese 2020 (1)\" \/><\/a>\r\n<figcaption>L&#8217;impresa Koumare che produce olio di sesamo ha acquistato un triciclo a motore<\/figcaption>\r\n<\/figure>\r\n<\/div>\r\n\r\n\r\n\r\n<div class=\"wp-block-image\">\r\n<figure class=\"aligncenter size-large\"><a href=\"https:\/\/manitese.it\/wp-content\/uploads\/2020\/07\/Imprese-sociali-Burkina-Faso-il-punto-dopo-due-anni-progetto_mani-tese-2020-2.jpg\"><img decoding=\"async\" class=\"wp-image-62268\" src=\"https:\/\/manitese.it\/wp-content\/uploads\/2020\/07\/Imprese-sociali-Burkina-Faso-il-punto-dopo-due-anni-progetto_mani-tese-2020-2-1024x768.jpg\" alt=\"Imprese sociali Burkina Faso, il punto dopo due anni progetto_mani tese 2020 (2)\" \/><\/a>\r\n<figcaption>L&#8217;impresa Wendsongre che produce soumbala sta costruendo un magazzino<\/figcaption>\r\n<\/figure>\r\n<\/div>\r\n\r\n\r\n\r\n<div class=\"wp-block-image\">\r\n<figure class=\"aligncenter size-large\"><a href=\"https:\/\/manitese.it\/wp-content\/uploads\/2020\/07\/Imprese-sociali-Burkina-Faso-il-punto-dopo-due-anni-progetto_mani-tese-2020-3.jpg\"><img decoding=\"async\" class=\"wp-image-62270\" src=\"https:\/\/manitese.it\/wp-content\/uploads\/2020\/07\/Imprese-sociali-Burkina-Faso-il-punto-dopo-due-anni-progetto_mani-tese-2020-3.jpg\" alt=\"Imprese sociali Burkina Faso, il punto dopo due anni progetto_mani tese 2020 (3)\" \/><\/a>\r\n<figcaption>L&#8217;impresa Zaaksongo che produce confettura di papaya ha acquistato un impianto irriguo<\/figcaption>\r\n<\/figure>\r\n<\/div>\r\n\r\n\r\n\r\n<div class=\"wp-block-image\">\r\n<figure class=\"aligncenter size-large\"><a href=\"https:\/\/manitese.it\/wp-content\/uploads\/2020\/07\/Imprese-sociali-Burkina-Faso-il-punto-dopo-due-anni-progetto_mani-tese-2020-4.jpg\"><img decoding=\"async\" class=\"wp-image-62272\" src=\"https:\/\/manitese.it\/wp-content\/uploads\/2020\/07\/Imprese-sociali-Burkina-Faso-il-punto-dopo-due-anni-progetto_mani-tese-2020-4-768x1024.jpg\" alt=\"Imprese sociali Burkina Faso, il punto dopo due anni progetto_mani tese 2020 (4)\" \/><\/a>\r\n<figcaption>L&#8217;impresa Zeemstaba che produce biscotti e couscous di mais ha acquistato un forno<\/figcaption>\r\n<\/figure>\r\n<\/div>\r\n\r\n\r\n\r\n<div class=\"wp-block-image\">\r\n<figure class=\"aligncenter size-large\"><a href=\"https:\/\/manitese.it\/wp-content\/uploads\/2020\/07\/Imprese-sociali-Burkina-Faso-il-punto-dopo-due-anni-progetto_mani-tese-2020-5.jpg\"><img decoding=\"async\" class=\"wp-image-62274\" src=\"https:\/\/manitese.it\/wp-content\/uploads\/2020\/07\/Imprese-sociali-Burkina-Faso-il-punto-dopo-due-anni-progetto_mani-tese-2020-5-1024x768.jpg\" alt=\"Imprese sociali Burkina Faso, il punto dopo due anni progetto_mani tese 2020 (5)\" \/><\/a>\r\n<figcaption>L&#8217;Unione dei giovani leader di Boulgou (UJLB) sta costruendo un pollaio<\/figcaption>\r\n<\/figure>\r\n<\/div>\r\n","protected":false},"excerpt":{"rendered":"<p>Prosegue il progetto IMPRESE in Burkina Faso: dopo due anni le imprese coinvolte si sono sviluppate e stanno facendo piccoli investimenti.<\/p>\n","protected":false},"author":1,"featured_media":62276,"comment_status":"open","ping_status":"open","sticky":false,"template":"","format":"standard","meta":{"_acf_changed":false,"give_campaign_id":0,"inline_featured_image":false,"_jetpack_memberships_contains_paid_content":false,"footnotes":""},"categories":[3],"tags":[],"thematic_area":[918,907,916],"class_list":["post-62263","post","type-post","status-publish","format-standard","has-post-thumbnail","hentry","category-diari","thematic_area-sistemi-e-filiere-agroalimentari-locali","thematic_area-imprenditoria-sociale","thematic_area-citta-e-pratiche-sostenibili"],"acf":[],"yoast_head":"<!-- This site is optimized with the Yoast SEO plugin v27.5 - https:\/\/yoast.com\/product\/yoast-seo-wordpress\/ -->\n<title>IMPRESE SOCIALI IN BURKINA FASO: IL PUNTO DOPO DUE ANNI DI PROGETTO - Mani Tese<\/title>\n<meta name=\"description\" content=\"Prosegue il progetto IMPRESE in Burkina Faso: dopo due anni le imprese coinvolte si sono sviluppate e stanno facendo piccoli investimenti.\" \/>\n<meta name=\"robots\" content=\"index, follow, max-snippet:-1, max-image-preview:large, max-video-preview:-1\" \/>\n<link rel=\"canonical\" href=\"https:\/\/www.manitese.it\/en\/imprese-sociali-burkina-faso-dopo-due-anni-di-progetto\/\" \/>\n<meta property=\"og:locale\" content=\"en_US\" \/>\n<meta property=\"og:type\" content=\"article\" \/>\n<meta property=\"og:title\" content=\"IMPRESE SOCIALI IN BURKINA FASO: IL PUNTO DOPO DUE ANNI DI PROGETTO - Mani Tese\" \/>\n<meta property=\"og:description\" content=\"Prosegue il progetto IMPRESE in Burkina Faso: dopo due anni le imprese coinvolte si sono sviluppate e stanno facendo piccoli investimenti.\" \/>\n<meta property=\"og:url\" content=\"https:\/\/www.manitese.it\/en\/imprese-sociali-burkina-faso-dopo-due-anni-di-progetto\/\" \/>\n<meta property=\"og:site_name\" content=\"Mani Tese\" \/>\n<meta property=\"article:published_time\" content=\"2020-07-02T14:58:59+00:00\" \/>\n<meta property=\"article:modified_time\" content=\"2023-12-14T10:08:54+00:00\" \/>\n<meta property=\"og:image\" content=\"https:\/\/www.manitese.it\/wp-content\/uploads\/2020\/07\/imprese-sociali-in-burkina-faso_cover_mani-tese-2020-1.jpg\" \/>\n\t<meta property=\"og:image:width\" content=\"1920\" \/>\n\t<meta property=\"og:image:height\" content=\"800\" \/>\n\t<meta property=\"og:image:type\" content=\"image\/jpeg\" \/>\n<meta name=\"author\" content=\"agevis\" \/>\n<meta name=\"twitter:card\" content=\"summary_large_image\" \/>\n<meta name=\"twitter:label1\" content=\"Written by\" \/>\n\t<meta name=\"twitter:data1\" content=\"agevis\" \/>\n\t<meta name=\"twitter:label2\" content=\"Est. reading time\" \/>\n\t<meta name=\"twitter:data2\" content=\"4 minutes\" \/>\n<script type=\"application\/ld+json\" class=\"yoast-schema-graph\">{\"@context\":\"https:\\\/\\\/schema.org\",\"@graph\":[{\"@type\":\"Article\",\"@id\":\"https:\\\/\\\/www.manitese.it\\\/en\\\/imprese-sociali-burkina-faso-dopo-due-anni-di-progetto\\\/#article\",\"isPartOf\":{\"@id\":\"https:\\\/\\\/www.manitese.it\\\/en\\\/imprese-sociali-burkina-faso-dopo-due-anni-di-progetto\\\/\"},\"author\":{\"name\":\"agevis\",\"@id\":\"https:\\\/\\\/www.manitese.it\\\/en\\\/#\\\/schema\\\/person\\\/5a9774f17e4940e2510bfeba90f04f65\"},\"headline\":\"IMPRESE SOCIALI IN BURKINA FASO: IL PUNTO DOPO DUE ANNI DI PROGETTO\",\"datePublished\":\"2020-07-02T14:58:59+00:00\",\"dateModified\":\"2023-12-14T10:08:54+00:00\",\"mainEntityOfPage\":{\"@id\":\"https:\\\/\\\/www.manitese.it\\\/en\\\/imprese-sociali-burkina-faso-dopo-due-anni-di-progetto\\\/\"},\"wordCount\":633,\"commentCount\":0,\"image\":{\"@id\":\"https:\\\/\\\/www.manitese.it\\\/en\\\/imprese-sociali-burkina-faso-dopo-due-anni-di-progetto\\\/#primaryimage\"},\"thumbnailUrl\":\"https:\\\/\\\/www.manitese.it\\\/wp-content\\\/uploads\\\/2020\\\/07\\\/imprese-sociali-in-burkina-faso_cover_mani-tese-2020-1.jpg\",\"articleSection\":[\"Diari\"],\"inLanguage\":\"en-US\",\"potentialAction\":[{\"@type\":\"CommentAction\",\"name\":\"Comment\",\"target\":[\"https:\\\/\\\/www.manitese.it\\\/en\\\/imprese-sociali-burkina-faso-dopo-due-anni-di-progetto\\\/#respond\"]}]},{\"@type\":\"WebPage\",\"@id\":\"https:\\\/\\\/www.manitese.it\\\/en\\\/imprese-sociali-burkina-faso-dopo-due-anni-di-progetto\\\/\",\"url\":\"https:\\\/\\\/www.manitese.it\\\/en\\\/imprese-sociali-burkina-faso-dopo-due-anni-di-progetto\\\/\",\"name\":\"IMPRESE SOCIALI IN BURKINA FASO: IL PUNTO DOPO DUE ANNI DI PROGETTO - Mani Tese\",\"isPartOf\":{\"@id\":\"https:\\\/\\\/www.manitese.it\\\/en\\\/#website\"},\"primaryImageOfPage\":{\"@id\":\"https:\\\/\\\/www.manitese.it\\\/en\\\/imprese-sociali-burkina-faso-dopo-due-anni-di-progetto\\\/#primaryimage\"},\"image\":{\"@id\":\"https:\\\/\\\/www.manitese.it\\\/en\\\/imprese-sociali-burkina-faso-dopo-due-anni-di-progetto\\\/#primaryimage\"},\"thumbnailUrl\":\"https:\\\/\\\/www.manitese.it\\\/wp-content\\\/uploads\\\/2020\\\/07\\\/imprese-sociali-in-burkina-faso_cover_mani-tese-2020-1.jpg\",\"datePublished\":\"2020-07-02T14:58:59+00:00\",\"dateModified\":\"2023-12-14T10:08:54+00:00\",\"author\":{\"@id\":\"https:\\\/\\\/www.manitese.it\\\/en\\\/#\\\/schema\\\/person\\\/5a9774f17e4940e2510bfeba90f04f65\"},\"description\":\"Prosegue il progetto IMPRESE in Burkina Faso: dopo due anni le imprese coinvolte si sono sviluppate e stanno facendo piccoli investimenti.\",\"breadcrumb\":{\"@id\":\"https:\\\/\\\/www.manitese.it\\\/en\\\/imprese-sociali-burkina-faso-dopo-due-anni-di-progetto\\\/#breadcrumb\"},\"inLanguage\":\"en-US\",\"potentialAction\":[{\"@type\":\"ReadAction\",\"target\":[\"https:\\\/\\\/www.manitese.it\\\/en\\\/imprese-sociali-burkina-faso-dopo-due-anni-di-progetto\\\/\"]}]},{\"@type\":\"ImageObject\",\"inLanguage\":\"en-US\",\"@id\":\"https:\\\/\\\/www.manitese.it\\\/en\\\/imprese-sociali-burkina-faso-dopo-due-anni-di-progetto\\\/#primaryimage\",\"url\":\"https:\\\/\\\/www.manitese.it\\\/wp-content\\\/uploads\\\/2020\\\/07\\\/imprese-sociali-in-burkina-faso_cover_mani-tese-2020-1.jpg\",\"contentUrl\":\"https:\\\/\\\/www.manitese.it\\\/wp-content\\\/uploads\\\/2020\\\/07\\\/imprese-sociali-in-burkina-faso_cover_mani-tese-2020-1.jpg\",\"width\":1920,\"height\":800,\"caption\":\"imprese sociali in burkina faso_cover_mani tese 2020\"},{\"@type\":\"BreadcrumbList\",\"@id\":\"https:\\\/\\\/www.manitese.it\\\/en\\\/imprese-sociali-burkina-faso-dopo-due-anni-di-progetto\\\/#breadcrumb\",\"itemListElement\":[{\"@type\":\"ListItem\",\"position\":1,\"name\":\"Home\",\"item\":\"https:\\\/\\\/www.manitese.it\\\/en\\\/\"},{\"@type\":\"ListItem\",\"position\":2,\"name\":\"IMPRESE SOCIALI IN BURKINA FASO: IL PUNTO DOPO DUE ANNI DI PROGETTO\"}]},{\"@type\":\"WebSite\",\"@id\":\"https:\\\/\\\/www.manitese.it\\\/en\\\/#website\",\"url\":\"https:\\\/\\\/www.manitese.it\\\/en\\\/\",\"name\":\"Mani Tese\",\"description\":\"\",\"potentialAction\":[{\"@type\":\"SearchAction\",\"target\":{\"@type\":\"EntryPoint\",\"urlTemplate\":\"https:\\\/\\\/www.manitese.it\\\/en\\\/?s={search_term_string}\"},\"query-input\":{\"@type\":\"PropertyValueSpecification\",\"valueRequired\":true,\"valueName\":\"search_term_string\"}}],\"inLanguage\":\"en-US\"},{\"@type\":\"Person\",\"@id\":\"https:\\\/\\\/www.manitese.it\\\/en\\\/#\\\/schema\\\/person\\\/5a9774f17e4940e2510bfeba90f04f65\",\"name\":\"agevis\",\"image\":{\"@type\":\"ImageObject\",\"inLanguage\":\"en-US\",\"@id\":\"https:\\\/\\\/secure.gravatar.com\\\/avatar\\\/2dc96c93fcf3387a5922a93b50fb3bff01d4800590fb6a4ab91a034adb25ba17?s=96&d=mm&r=g\",\"url\":\"https:\\\/\\\/secure.gravatar.com\\\/avatar\\\/2dc96c93fcf3387a5922a93b50fb3bff01d4800590fb6a4ab91a034adb25ba17?s=96&d=mm&r=g\",\"contentUrl\":\"https:\\\/\\\/secure.gravatar.com\\\/avatar\\\/2dc96c93fcf3387a5922a93b50fb3bff01d4800590fb6a4ab91a034adb25ba17?s=96&d=mm&r=g\",\"caption\":\"agevis\"},\"url\":\"https:\\\/\\\/www.manitese.it\\\/en\\\/author\\\/wp_agevis_admin\\\/\"}]}<\/script>\n<!-- \/ Yoast SEO plugin. -->","yoast_head_json":{"title":"IMPRESE SOCIALI IN BURKINA FASO: IL PUNTO DOPO DUE ANNI DI PROGETTO - Mani Tese","description":"Prosegue il progetto IMPRESE in Burkina Faso: dopo due anni le imprese coinvolte si sono sviluppate e stanno facendo piccoli investimenti.","robots":{"index":"index","follow":"follow","max-snippet":"max-snippet:-1","max-image-preview":"max-image-preview:large","max-video-preview":"max-video-preview:-1"},"canonical":"https:\/\/www.manitese.it\/en\/imprese-sociali-burkina-faso-dopo-due-anni-di-progetto\/","og_locale":"en_US","og_type":"article","og_title":"IMPRESE SOCIALI IN BURKINA FASO: IL PUNTO DOPO DUE ANNI DI PROGETTO - Mani Tese","og_description":"Prosegue il progetto IMPRESE in Burkina Faso: dopo due anni le imprese coinvolte si sono sviluppate e stanno facendo piccoli investimenti.","og_url":"https:\/\/www.manitese.it\/en\/imprese-sociali-burkina-faso-dopo-due-anni-di-progetto\/","og_site_name":"Mani Tese","article_published_time":"2020-07-02T14:58:59+00:00","article_modified_time":"2023-12-14T10:08:54+00:00","og_image":[{"width":1920,"height":800,"url":"https:\/\/www.manitese.it\/wp-content\/uploads\/2020\/07\/imprese-sociali-in-burkina-faso_cover_mani-tese-2020-1.jpg","type":"image\/jpeg"}],"author":"agevis","twitter_card":"summary_large_image","twitter_misc":{"Written by":"agevis","Est. reading time":"4 minutes"},"schema":{"@context":"https:\/\/schema.org","@graph":[{"@type":"Article","@id":"https:\/\/www.manitese.it\/en\/imprese-sociali-burkina-faso-dopo-due-anni-di-progetto\/#article","isPartOf":{"@id":"https:\/\/www.manitese.it\/en\/imprese-sociali-burkina-faso-dopo-due-anni-di-progetto\/"},"author":{"name":"agevis","@id":"https:\/\/www.manitese.it\/en\/#\/schema\/person\/5a9774f17e4940e2510bfeba90f04f65"},"headline":"IMPRESE SOCIALI IN BURKINA FASO: IL PUNTO DOPO DUE ANNI DI PROGETTO","datePublished":"2020-07-02T14:58:59+00:00","dateModified":"2023-12-14T10:08:54+00:00","mainEntityOfPage":{"@id":"https:\/\/www.manitese.it\/en\/imprese-sociali-burkina-faso-dopo-due-anni-di-progetto\/"},"wordCount":633,"commentCount":0,"image":{"@id":"https:\/\/www.manitese.it\/en\/imprese-sociali-burkina-faso-dopo-due-anni-di-progetto\/#primaryimage"},"thumbnailUrl":"https:\/\/www.manitese.it\/wp-content\/uploads\/2020\/07\/imprese-sociali-in-burkina-faso_cover_mani-tese-2020-1.jpg","articleSection":["Diari"],"inLanguage":"en-US","potentialAction":[{"@type":"CommentAction","name":"Comment","target":["https:\/\/www.manitese.it\/en\/imprese-sociali-burkina-faso-dopo-due-anni-di-progetto\/#respond"]}]},{"@type":"WebPage","@id":"https:\/\/www.manitese.it\/en\/imprese-sociali-burkina-faso-dopo-due-anni-di-progetto\/","url":"https:\/\/www.manitese.it\/en\/imprese-sociali-burkina-faso-dopo-due-anni-di-progetto\/","name":"IMPRESE SOCIALI IN BURKINA FASO: IL PUNTO DOPO DUE ANNI DI PROGETTO - Mani Tese","isPartOf":{"@id":"https:\/\/www.manitese.it\/en\/#website"},"primaryImageOfPage":{"@id":"https:\/\/www.manitese.it\/en\/imprese-sociali-burkina-faso-dopo-due-anni-di-progetto\/#primaryimage"},"image":{"@id":"https:\/\/www.manitese.it\/en\/imprese-sociali-burkina-faso-dopo-due-anni-di-progetto\/#primaryimage"},"thumbnailUrl":"https:\/\/www.manitese.it\/wp-content\/uploads\/2020\/07\/imprese-sociali-in-burkina-faso_cover_mani-tese-2020-1.jpg","datePublished":"2020-07-02T14:58:59+00:00","dateModified":"2023-12-14T10:08:54+00:00","author":{"@id":"https:\/\/www.manitese.it\/en\/#\/schema\/person\/5a9774f17e4940e2510bfeba90f04f65"},"description":"Prosegue il progetto IMPRESE in Burkina Faso: dopo due anni le imprese coinvolte si sono sviluppate e stanno facendo piccoli investimenti.","breadcrumb":{"@id":"https:\/\/www.manitese.it\/en\/imprese-sociali-burkina-faso-dopo-due-anni-di-progetto\/#breadcrumb"},"inLanguage":"en-US","potentialAction":[{"@type":"ReadAction","target":["https:\/\/www.manitese.it\/en\/imprese-sociali-burkina-faso-dopo-due-anni-di-progetto\/"]}]},{"@type":"ImageObject","inLanguage":"en-US","@id":"https:\/\/www.manitese.it\/en\/imprese-sociali-burkina-faso-dopo-due-anni-di-progetto\/#primaryimage","url":"https:\/\/www.manitese.it\/wp-content\/uploads\/2020\/07\/imprese-sociali-in-burkina-faso_cover_mani-tese-2020-1.jpg","contentUrl":"https:\/\/www.manitese.it\/wp-content\/uploads\/2020\/07\/imprese-sociali-in-burkina-faso_cover_mani-tese-2020-1.jpg","width":1920,"height":800,"caption":"imprese sociali in burkina faso_cover_mani tese 2020"},{"@type":"BreadcrumbList","@id":"https:\/\/www.manitese.it\/en\/imprese-sociali-burkina-faso-dopo-due-anni-di-progetto\/#breadcrumb","itemListElement":[{"@type":"ListItem","position":1,"name":"Home","item":"https:\/\/www.manitese.it\/en\/"},{"@type":"ListItem","position":2,"name":"IMPRESE SOCIALI IN BURKINA FASO: IL PUNTO DOPO DUE ANNI DI PROGETTO"}]},{"@type":"WebSite","@id":"https:\/\/www.manitese.it\/en\/#website","url":"https:\/\/www.manitese.it\/en\/","name":"Mani Tese","description":"","potentialAction":[{"@type":"SearchAction","target":{"@type":"EntryPoint","urlTemplate":"https:\/\/www.manitese.it\/en\/?s={search_term_string}"},"query-input":{"@type":"PropertyValueSpecification","valueRequired":true,"valueName":"search_term_string"}}],"inLanguage":"en-US"},{"@type":"Person","@id":"https:\/\/www.manitese.it\/en\/#\/schema\/person\/5a9774f17e4940e2510bfeba90f04f65","name":"agevis","image":{"@type":"ImageObject","inLanguage":"en-US","@id":"https:\/\/secure.gravatar.com\/avatar\/2dc96c93fcf3387a5922a93b50fb3bff01d4800590fb6a4ab91a034adb25ba17?s=96&d=mm&r=g","url":"https:\/\/secure.gravatar.com\/avatar\/2dc96c93fcf3387a5922a93b50fb3bff01d4800590fb6a4ab91a034adb25ba17?s=96&d=mm&r=g","contentUrl":"https:\/\/secure.gravatar.com\/avatar\/2dc96c93fcf3387a5922a93b50fb3bff01d4800590fb6a4ab91a034adb25ba17?s=96&d=mm&r=g","caption":"agevis"},"url":"https:\/\/www.manitese.it\/en\/author\/wp_agevis_admin\/"}]}},"jetpack_featured_media_url":"https:\/\/www.manitese.it\/wp-content\/uploads\/2020\/07\/imprese-sociali-in-burkina-faso_cover_mani-tese-2020-1.jpg","jetpack_sharing_enabled":true,"_links":{"self":[{"href":"https:\/\/www.manitese.it\/en\/wp-json\/wp\/v2\/posts\/62263","targetHints":{"allow":["GET"]}}],"collection":[{"href":"https:\/\/www.manitese.it\/en\/wp-json\/wp\/v2\/posts"}],"about":[{"href":"https:\/\/www.manitese.it\/en\/wp-json\/wp\/v2\/types\/post"}],"author":[{"embeddable":true,"href":"https:\/\/www.manitese.it\/en\/wp-json\/wp\/v2\/users\/1"}],"replies":[{"embeddable":true,"href":"https:\/\/www.manitese.it\/en\/wp-json\/wp\/v2\/comments?post=62263"}],"version-history":[{"count":2,"href":"https:\/\/www.manitese.it\/en\/wp-json\/wp\/v2\/posts\/62263\/revisions"}],"predecessor-version":[{"id":191862,"href":"https:\/\/www.manitese.it\/en\/wp-json\/wp\/v2\/posts\/62263\/revisions\/191862"}],"wp:featuredmedia":[{"embeddable":true,"href":"https:\/\/www.manitese.it\/en\/wp-json\/wp\/v2\/media\/62276"}],"wp:attachment":[{"href":"https:\/\/www.manitese.it\/en\/wp-json\/wp\/v2\/media?parent=62263"}],"wp:term":[{"taxonomy":"category","embeddable":true,"href":"https:\/\/www.manitese.it\/en\/wp-json\/wp\/v2\/categories?post=62263"},{"taxonomy":"post_tag","embeddable":true,"href":"https:\/\/www.manitese.it\/en\/wp-json\/wp\/v2\/tags?post=62263"},{"taxonomy":"thematic_area","embeddable":true,"href":"https:\/\/www.manitese.it\/en\/wp-json\/wp\/v2\/thematic_area?post=62263"}],"curies":[{"name":"wp","href":"https:\/\/api.w.org\/{rel}","templated":true}]}}