{"id":62059,"date":"2020-06-29T19:34:39","date_gmt":"2020-06-29T17:34:39","guid":{"rendered":"https:\/\/manitese.it\/?p=62059"},"modified":"2023-12-14T11:09:38","modified_gmt":"2023-12-14T10:09:38","slug":"gertrude-e-il-burro-di-karite","status":"publish","type":"post","link":"https:\/\/www.manitese.it\/en\/gertrude-e-il-burro-di-karite\/","title":{"rendered":"8. Gertrude e la fabbrica di burro di Karit\u00e8"},"content":{"rendered":"\r\n<p><strong>Gertrude ha 63 anni<\/strong>. Alla sua et\u00e0, in Burkina Faso, molti si arrendono alla vecchiaia. Ma non lei. Da 16 anni Gertrude ha fondato il gruppo, ora cooperativa,\u00a0<strong>Wend Raabo<\/strong>. Di pi\u00f9, ne \u00e8 la presidente. Crede fermamente che l\u2019unione faccia la forza e per questo motivo ha creato la cooperativa.\u00a0<strong>\u201cDa soli andiamo pi\u00f9 veloce, ma insieme andiamo pi\u00f9 lontano\u201d<\/strong>, spiega, perch\u00e9 mettendo insieme conoscenze ed esperienze si pu\u00f2 crescere di pi\u00f9.<\/p>\r\n\r\n\r\n\r\n<p><strong>Gertrude e le sue colleghe producono<\/strong>\u00a0<strong>burro di karit\u00e9<\/strong>, un prodotto appunto dell\u2019albero di karit\u00e9, universalmente noto per le sue propriet\u00e0 idratanti e nutrienti in campo cosmetico, ma che si usa anche come alimento. E per di pi\u00f9 gli alberi di karit\u00e9 fanno ombra a tutto il villaggio!<\/p>\r\n\r\n\r\n\r\n<p><strong>Gertrude mi dice che anche a casa sua il burro di karit\u00e9 non deve mai mancare<\/strong>: lo usa per cucinare, per massaggiare i bambini, per tenere idratate eventuali ferite e soprattutto, dopo ogni doccia, per avere sempre una pelle bella morbida (il segreto della sua giovinezza: guardare le foto per credere!)<\/p>\r\n\r\n\r\n\r\n<p>Ovviamente Wend Raabo ha molti concorrenti sul mercato burkinab\u00e9: \u201cnon li temiamo\u201d dice Gertrude \u201c\u00e8 vero che ci sono tante associazioni e gruppi che lo producono, ma il nostro \u00e8 tra i migliori\u201d. Grazie al progetto\u00a0<strong><a href=\"https:\/\/manitese.it\/progetto\/imprese-sociali-innovative-partecipazione-migranti-per-inclusione-sociale-burkina-faso\" target=\"_blank\" rel=\"noreferrer noopener\">\u201cImprese sociali innovative e partecipazione dei migranti per l\u2019inclusione sociale in Burkina Faso\u201d<\/a><\/strong>, infatti, Wend Raabo ha ricevuto un equipaggiamento per una produzione moderna ed efficiente che permette di ridurre gli sprechi e aumentare quantit\u00e0 e qualit\u00e0.<\/p>\r\n\r\n\r\n\r\n<p><strong>Gertrude, quando ha fondato Wend Raabo, ha voluto che vi entrassero molti\u00a0giovani<\/strong>, una fascia della societ\u00e0 che fa fatica ad accedere\u00a0a finanziamenti per l\u2019avvio di imprese, a cui spesso mancano mezzi e\u00a0la possibilit\u00e0 di frequentare\u00a0corsi di formazione\u00a0e che per questo ha un tasso di disoccupazione altissimo: \u201cvorrei che Wend Raabo diventasse una grande fabbrica di burro di karit\u00e9\u201d dice Gertrude \u201c io sarei la direttrice e darei lavoro a tanti giovani e tante donne che riceverebbero un salario e potrebbero\u00a0cos\u00ec essere\u00a0economicamente indipendenti. Da parte mia potrei pagare le spese scolastiche dei miei nipoti e prendermi cura di tutta la famiglia, perch\u00e9 sono vedova e possono contare solo su di me\u201d.<\/p>\r\n\r\n\r\n\r\n<p>Qui di seguito alcune foto di Gertrude e della sua cooperativa.<\/p>\r\n\r\n\r\n\r\n<div class=\"wp-block-responsive-lightbox-gallery\">[rl_gallery id=&#8221;62066&#8243;]<\/div>\r\n\r\n\r\n\r\n<p>&nbsp;<\/p>\r\n\r\n\r\n\r\n<p class=\"has-text-align-center\"><strong><a href=\"https:\/\/manitese.it\/impresa-di-crescere-insieme\" target=\"_blank\" rel=\"noreferrer noopener\" aria-label=\"CONTINUA A SEGUIRE IL BLOG \u201cL\u2019IMPRESA DI CRESCERE INSIEME\u201d (apre in una nuova scheda)\">CONTINUA A SEGUIRE IL BLOG \u201cL\u2019IMPRESA DI CRESCERE INSIEME\u201d<\/a><\/strong><\/p>\r\n","protected":false},"excerpt":{"rendered":"<p>Il sogno di Gertrude \u00e8 avere una grande fabbrica di burro di karit\u00e9 per rendere i suoi lavoratori economicamente indipendenti.<\/p>\n","protected":false},"author":1,"featured_media":62062,"comment_status":"open","ping_status":"open","sticky":false,"template":"","format":"standard","meta":{"_acf_changed":false,"give_campaign_id":0,"inline_featured_image":false,"_jetpack_memberships_contains_paid_content":false,"footnotes":""},"categories":[3],"tags":[],"thematic_area":[918,907,916],"class_list":["post-62059","post","type-post","status-publish","format-standard","has-post-thumbnail","hentry","category-diari","thematic_area-sistemi-e-filiere-agroalimentari-locali","thematic_area-imprenditoria-sociale","thematic_area-citta-e-pratiche-sostenibili"],"acf":[],"yoast_head":"<!-- This site is optimized with the Yoast SEO plugin v27.5 - https:\/\/yoast.com\/product\/yoast-seo-wordpress\/ -->\n<title>8. Gertrude e la fabbrica di burro di Karit\u00e8 - Mani Tese<\/title>\n<meta name=\"description\" content=\"Il sogno di Gertrude \u00e8 avere una grande fabbrica di burro di karit\u00e9 per rendere i suoi lavoratori economicamente indipendenti. Scopri di pi\u00f9!\" \/>\n<meta name=\"robots\" content=\"index, follow, max-snippet:-1, max-image-preview:large, max-video-preview:-1\" \/>\n<link rel=\"canonical\" href=\"https:\/\/www.manitese.it\/en\/gertrude-e-il-burro-di-karite\/\" \/>\n<meta property=\"og:locale\" content=\"en_US\" \/>\n<meta property=\"og:type\" content=\"article\" \/>\n<meta property=\"og:title\" content=\"8. Gertrude e la fabbrica di burro di Karit\u00e8 - Mani Tese\" \/>\n<meta property=\"og:description\" content=\"Il sogno di Gertrude \u00e8 avere una grande fabbrica di burro di karit\u00e9 per rendere i suoi lavoratori economicamente indipendenti. Scopri di pi\u00f9!\" \/>\n<meta property=\"og:url\" content=\"https:\/\/www.manitese.it\/en\/gertrude-e-il-burro-di-karite\/\" \/>\n<meta property=\"og:site_name\" content=\"Mani Tese\" \/>\n<meta property=\"article:published_time\" content=\"2020-06-29T17:34:39+00:00\" \/>\n<meta property=\"article:modified_time\" content=\"2023-12-14T10:09:38+00:00\" \/>\n<meta property=\"og:image\" content=\"https:\/\/www.manitese.it\/wp-content\/uploads\/2020\/06\/Gertrude-Wend-Raabo-burro-di-karite_mani-tese-2020_cover-1.jpg\" \/>\n\t<meta property=\"og:image:width\" content=\"1920\" \/>\n\t<meta property=\"og:image:height\" content=\"800\" \/>\n\t<meta property=\"og:image:type\" content=\"image\/jpeg\" \/>\n<meta name=\"author\" content=\"agevis\" \/>\n<meta name=\"twitter:card\" content=\"summary_large_image\" \/>\n<meta name=\"twitter:label1\" content=\"Written by\" \/>\n\t<meta name=\"twitter:data1\" content=\"agevis\" \/>\n\t<meta name=\"twitter:label2\" content=\"Est. reading time\" \/>\n\t<meta name=\"twitter:data2\" content=\"2 minutes\" \/>\n<script type=\"application\/ld+json\" class=\"yoast-schema-graph\">{\"@context\":\"https:\\\/\\\/schema.org\",\"@graph\":[{\"@type\":\"Article\",\"@id\":\"https:\\\/\\\/www.manitese.it\\\/en\\\/gertrude-e-il-burro-di-karite\\\/#article\",\"isPartOf\":{\"@id\":\"https:\\\/\\\/www.manitese.it\\\/en\\\/gertrude-e-il-burro-di-karite\\\/\"},\"author\":{\"name\":\"agevis\",\"@id\":\"https:\\\/\\\/www.manitese.it\\\/en\\\/#\\\/schema\\\/person\\\/5a9774f17e4940e2510bfeba90f04f65\"},\"headline\":\"8. Gertrude e la fabbrica di burro di Karit\u00e8\",\"datePublished\":\"2020-06-29T17:34:39+00:00\",\"dateModified\":\"2023-12-14T10:09:38+00:00\",\"mainEntityOfPage\":{\"@id\":\"https:\\\/\\\/www.manitese.it\\\/en\\\/gertrude-e-il-burro-di-karite\\\/\"},\"wordCount\":393,\"commentCount\":0,\"image\":{\"@id\":\"https:\\\/\\\/www.manitese.it\\\/en\\\/gertrude-e-il-burro-di-karite\\\/#primaryimage\"},\"thumbnailUrl\":\"https:\\\/\\\/www.manitese.it\\\/wp-content\\\/uploads\\\/2020\\\/06\\\/Gertrude-Wend-Raabo-burro-di-karite_mani-tese-2020_cover-1.jpg\",\"articleSection\":[\"Diari\"],\"inLanguage\":\"en-US\",\"potentialAction\":[{\"@type\":\"CommentAction\",\"name\":\"Comment\",\"target\":[\"https:\\\/\\\/www.manitese.it\\\/en\\\/gertrude-e-il-burro-di-karite\\\/#respond\"]}]},{\"@type\":\"WebPage\",\"@id\":\"https:\\\/\\\/www.manitese.it\\\/en\\\/gertrude-e-il-burro-di-karite\\\/\",\"url\":\"https:\\\/\\\/www.manitese.it\\\/en\\\/gertrude-e-il-burro-di-karite\\\/\",\"name\":\"8. Gertrude e la fabbrica di burro di Karit\u00e8 - Mani Tese\",\"isPartOf\":{\"@id\":\"https:\\\/\\\/www.manitese.it\\\/en\\\/#website\"},\"primaryImageOfPage\":{\"@id\":\"https:\\\/\\\/www.manitese.it\\\/en\\\/gertrude-e-il-burro-di-karite\\\/#primaryimage\"},\"image\":{\"@id\":\"https:\\\/\\\/www.manitese.it\\\/en\\\/gertrude-e-il-burro-di-karite\\\/#primaryimage\"},\"thumbnailUrl\":\"https:\\\/\\\/www.manitese.it\\\/wp-content\\\/uploads\\\/2020\\\/06\\\/Gertrude-Wend-Raabo-burro-di-karite_mani-tese-2020_cover-1.jpg\",\"datePublished\":\"2020-06-29T17:34:39+00:00\",\"dateModified\":\"2023-12-14T10:09:38+00:00\",\"author\":{\"@id\":\"https:\\\/\\\/www.manitese.it\\\/en\\\/#\\\/schema\\\/person\\\/5a9774f17e4940e2510bfeba90f04f65\"},\"description\":\"Il sogno di Gertrude \u00e8 avere una grande fabbrica di burro di karit\u00e9 per rendere i suoi lavoratori economicamente indipendenti. Scopri di pi\u00f9!\",\"breadcrumb\":{\"@id\":\"https:\\\/\\\/www.manitese.it\\\/en\\\/gertrude-e-il-burro-di-karite\\\/#breadcrumb\"},\"inLanguage\":\"en-US\",\"potentialAction\":[{\"@type\":\"ReadAction\",\"target\":[\"https:\\\/\\\/www.manitese.it\\\/en\\\/gertrude-e-il-burro-di-karite\\\/\"]}]},{\"@type\":\"ImageObject\",\"inLanguage\":\"en-US\",\"@id\":\"https:\\\/\\\/www.manitese.it\\\/en\\\/gertrude-e-il-burro-di-karite\\\/#primaryimage\",\"url\":\"https:\\\/\\\/www.manitese.it\\\/wp-content\\\/uploads\\\/2020\\\/06\\\/Gertrude-Wend-Raabo-burro-di-karite_mani-tese-2020_cover-1.jpg\",\"contentUrl\":\"https:\\\/\\\/www.manitese.it\\\/wp-content\\\/uploads\\\/2020\\\/06\\\/Gertrude-Wend-Raabo-burro-di-karite_mani-tese-2020_cover-1.jpg\",\"width\":1920,\"height\":800,\"caption\":\"Gertrude Wend Raabo burro di karite_mani tese 2020_cover\"},{\"@type\":\"BreadcrumbList\",\"@id\":\"https:\\\/\\\/www.manitese.it\\\/en\\\/gertrude-e-il-burro-di-karite\\\/#breadcrumb\",\"itemListElement\":[{\"@type\":\"ListItem\",\"position\":1,\"name\":\"Home\",\"item\":\"https:\\\/\\\/www.manitese.it\\\/en\\\/\"},{\"@type\":\"ListItem\",\"position\":2,\"name\":\"8. Gertrude e la fabbrica di burro di Karit\u00e8\"}]},{\"@type\":\"WebSite\",\"@id\":\"https:\\\/\\\/www.manitese.it\\\/en\\\/#website\",\"url\":\"https:\\\/\\\/www.manitese.it\\\/en\\\/\",\"name\":\"Mani Tese\",\"description\":\"\",\"potentialAction\":[{\"@type\":\"SearchAction\",\"target\":{\"@type\":\"EntryPoint\",\"urlTemplate\":\"https:\\\/\\\/www.manitese.it\\\/en\\\/?s={search_term_string}\"},\"query-input\":{\"@type\":\"PropertyValueSpecification\",\"valueRequired\":true,\"valueName\":\"search_term_string\"}}],\"inLanguage\":\"en-US\"},{\"@type\":\"Person\",\"@id\":\"https:\\\/\\\/www.manitese.it\\\/en\\\/#\\\/schema\\\/person\\\/5a9774f17e4940e2510bfeba90f04f65\",\"name\":\"agevis\",\"image\":{\"@type\":\"ImageObject\",\"inLanguage\":\"en-US\",\"@id\":\"https:\\\/\\\/secure.gravatar.com\\\/avatar\\\/2dc96c93fcf3387a5922a93b50fb3bff01d4800590fb6a4ab91a034adb25ba17?s=96&d=mm&r=g\",\"url\":\"https:\\\/\\\/secure.gravatar.com\\\/avatar\\\/2dc96c93fcf3387a5922a93b50fb3bff01d4800590fb6a4ab91a034adb25ba17?s=96&d=mm&r=g\",\"contentUrl\":\"https:\\\/\\\/secure.gravatar.com\\\/avatar\\\/2dc96c93fcf3387a5922a93b50fb3bff01d4800590fb6a4ab91a034adb25ba17?s=96&d=mm&r=g\",\"caption\":\"agevis\"},\"url\":\"https:\\\/\\\/www.manitese.it\\\/en\\\/author\\\/wp_agevis_admin\\\/\"}]}<\/script>\n<!-- \/ Yoast SEO plugin. -->","yoast_head_json":{"title":"8. Gertrude e la fabbrica di burro di Karit\u00e8 - Mani Tese","description":"Il sogno di Gertrude \u00e8 avere una grande fabbrica di burro di karit\u00e9 per rendere i suoi lavoratori economicamente indipendenti. Scopri di pi\u00f9!","robots":{"index":"index","follow":"follow","max-snippet":"max-snippet:-1","max-image-preview":"max-image-preview:large","max-video-preview":"max-video-preview:-1"},"canonical":"https:\/\/www.manitese.it\/en\/gertrude-e-il-burro-di-karite\/","og_locale":"en_US","og_type":"article","og_title":"8. Gertrude e la fabbrica di burro di Karit\u00e8 - Mani Tese","og_description":"Il sogno di Gertrude \u00e8 avere una grande fabbrica di burro di karit\u00e9 per rendere i suoi lavoratori economicamente indipendenti. Scopri di pi\u00f9!","og_url":"https:\/\/www.manitese.it\/en\/gertrude-e-il-burro-di-karite\/","og_site_name":"Mani Tese","article_published_time":"2020-06-29T17:34:39+00:00","article_modified_time":"2023-12-14T10:09:38+00:00","og_image":[{"width":1920,"height":800,"url":"https:\/\/www.manitese.it\/wp-content\/uploads\/2020\/06\/Gertrude-Wend-Raabo-burro-di-karite_mani-tese-2020_cover-1.jpg","type":"image\/jpeg"}],"author":"agevis","twitter_card":"summary_large_image","twitter_misc":{"Written by":"agevis","Est. reading time":"2 minutes"},"schema":{"@context":"https:\/\/schema.org","@graph":[{"@type":"Article","@id":"https:\/\/www.manitese.it\/en\/gertrude-e-il-burro-di-karite\/#article","isPartOf":{"@id":"https:\/\/www.manitese.it\/en\/gertrude-e-il-burro-di-karite\/"},"author":{"name":"agevis","@id":"https:\/\/www.manitese.it\/en\/#\/schema\/person\/5a9774f17e4940e2510bfeba90f04f65"},"headline":"8. Gertrude e la fabbrica di burro di Karit\u00e8","datePublished":"2020-06-29T17:34:39+00:00","dateModified":"2023-12-14T10:09:38+00:00","mainEntityOfPage":{"@id":"https:\/\/www.manitese.it\/en\/gertrude-e-il-burro-di-karite\/"},"wordCount":393,"commentCount":0,"image":{"@id":"https:\/\/www.manitese.it\/en\/gertrude-e-il-burro-di-karite\/#primaryimage"},"thumbnailUrl":"https:\/\/www.manitese.it\/wp-content\/uploads\/2020\/06\/Gertrude-Wend-Raabo-burro-di-karite_mani-tese-2020_cover-1.jpg","articleSection":["Diari"],"inLanguage":"en-US","potentialAction":[{"@type":"CommentAction","name":"Comment","target":["https:\/\/www.manitese.it\/en\/gertrude-e-il-burro-di-karite\/#respond"]}]},{"@type":"WebPage","@id":"https:\/\/www.manitese.it\/en\/gertrude-e-il-burro-di-karite\/","url":"https:\/\/www.manitese.it\/en\/gertrude-e-il-burro-di-karite\/","name":"8. Gertrude e la fabbrica di burro di Karit\u00e8 - Mani Tese","isPartOf":{"@id":"https:\/\/www.manitese.it\/en\/#website"},"primaryImageOfPage":{"@id":"https:\/\/www.manitese.it\/en\/gertrude-e-il-burro-di-karite\/#primaryimage"},"image":{"@id":"https:\/\/www.manitese.it\/en\/gertrude-e-il-burro-di-karite\/#primaryimage"},"thumbnailUrl":"https:\/\/www.manitese.it\/wp-content\/uploads\/2020\/06\/Gertrude-Wend-Raabo-burro-di-karite_mani-tese-2020_cover-1.jpg","datePublished":"2020-06-29T17:34:39+00:00","dateModified":"2023-12-14T10:09:38+00:00","author":{"@id":"https:\/\/www.manitese.it\/en\/#\/schema\/person\/5a9774f17e4940e2510bfeba90f04f65"},"description":"Il sogno di Gertrude \u00e8 avere una grande fabbrica di burro di karit\u00e9 per rendere i suoi lavoratori economicamente indipendenti. Scopri di pi\u00f9!","breadcrumb":{"@id":"https:\/\/www.manitese.it\/en\/gertrude-e-il-burro-di-karite\/#breadcrumb"},"inLanguage":"en-US","potentialAction":[{"@type":"ReadAction","target":["https:\/\/www.manitese.it\/en\/gertrude-e-il-burro-di-karite\/"]}]},{"@type":"ImageObject","inLanguage":"en-US","@id":"https:\/\/www.manitese.it\/en\/gertrude-e-il-burro-di-karite\/#primaryimage","url":"https:\/\/www.manitese.it\/wp-content\/uploads\/2020\/06\/Gertrude-Wend-Raabo-burro-di-karite_mani-tese-2020_cover-1.jpg","contentUrl":"https:\/\/www.manitese.it\/wp-content\/uploads\/2020\/06\/Gertrude-Wend-Raabo-burro-di-karite_mani-tese-2020_cover-1.jpg","width":1920,"height":800,"caption":"Gertrude Wend Raabo burro di karite_mani tese 2020_cover"},{"@type":"BreadcrumbList","@id":"https:\/\/www.manitese.it\/en\/gertrude-e-il-burro-di-karite\/#breadcrumb","itemListElement":[{"@type":"ListItem","position":1,"name":"Home","item":"https:\/\/www.manitese.it\/en\/"},{"@type":"ListItem","position":2,"name":"8. Gertrude e la fabbrica di burro di Karit\u00e8"}]},{"@type":"WebSite","@id":"https:\/\/www.manitese.it\/en\/#website","url":"https:\/\/www.manitese.it\/en\/","name":"Mani Tese","description":"","potentialAction":[{"@type":"SearchAction","target":{"@type":"EntryPoint","urlTemplate":"https:\/\/www.manitese.it\/en\/?s={search_term_string}"},"query-input":{"@type":"PropertyValueSpecification","valueRequired":true,"valueName":"search_term_string"}}],"inLanguage":"en-US"},{"@type":"Person","@id":"https:\/\/www.manitese.it\/en\/#\/schema\/person\/5a9774f17e4940e2510bfeba90f04f65","name":"agevis","image":{"@type":"ImageObject","inLanguage":"en-US","@id":"https:\/\/secure.gravatar.com\/avatar\/2dc96c93fcf3387a5922a93b50fb3bff01d4800590fb6a4ab91a034adb25ba17?s=96&d=mm&r=g","url":"https:\/\/secure.gravatar.com\/avatar\/2dc96c93fcf3387a5922a93b50fb3bff01d4800590fb6a4ab91a034adb25ba17?s=96&d=mm&r=g","contentUrl":"https:\/\/secure.gravatar.com\/avatar\/2dc96c93fcf3387a5922a93b50fb3bff01d4800590fb6a4ab91a034adb25ba17?s=96&d=mm&r=g","caption":"agevis"},"url":"https:\/\/www.manitese.it\/en\/author\/wp_agevis_admin\/"}]}},"jetpack_featured_media_url":"https:\/\/www.manitese.it\/wp-content\/uploads\/2020\/06\/Gertrude-Wend-Raabo-burro-di-karite_mani-tese-2020_cover-1.jpg","jetpack_sharing_enabled":true,"_links":{"self":[{"href":"https:\/\/www.manitese.it\/en\/wp-json\/wp\/v2\/posts\/62059","targetHints":{"allow":["GET"]}}],"collection":[{"href":"https:\/\/www.manitese.it\/en\/wp-json\/wp\/v2\/posts"}],"about":[{"href":"https:\/\/www.manitese.it\/en\/wp-json\/wp\/v2\/types\/post"}],"author":[{"embeddable":true,"href":"https:\/\/www.manitese.it\/en\/wp-json\/wp\/v2\/users\/1"}],"replies":[{"embeddable":true,"href":"https:\/\/www.manitese.it\/en\/wp-json\/wp\/v2\/comments?post=62059"}],"version-history":[{"count":3,"href":"https:\/\/www.manitese.it\/en\/wp-json\/wp\/v2\/posts\/62059\/revisions"}],"predecessor-version":[{"id":191864,"href":"https:\/\/www.manitese.it\/en\/wp-json\/wp\/v2\/posts\/62059\/revisions\/191864"}],"wp:featuredmedia":[{"embeddable":true,"href":"https:\/\/www.manitese.it\/en\/wp-json\/wp\/v2\/media\/62062"}],"wp:attachment":[{"href":"https:\/\/www.manitese.it\/en\/wp-json\/wp\/v2\/media?parent=62059"}],"wp:term":[{"taxonomy":"category","embeddable":true,"href":"https:\/\/www.manitese.it\/en\/wp-json\/wp\/v2\/categories?post=62059"},{"taxonomy":"post_tag","embeddable":true,"href":"https:\/\/www.manitese.it\/en\/wp-json\/wp\/v2\/tags?post=62059"},{"taxonomy":"thematic_area","embeddable":true,"href":"https:\/\/www.manitese.it\/en\/wp-json\/wp\/v2\/thematic_area?post=62059"}],"curies":[{"name":"wp","href":"https:\/\/api.w.org\/{rel}","templated":true}]}}