{"id":62024,"date":"2020-06-29T09:38:31","date_gmt":"2020-06-29T07:38:31","guid":{"rendered":"https:\/\/manitese.it\/?p=62024"},"modified":"2023-12-18T16:48:40","modified_gmt":"2023-12-18T15:48:40","slug":"fast-fashion-una-campagna-per-cambiare-sistema-moda-in-italia","status":"publish","type":"post","link":"https:\/\/www.manitese.it\/en\/fast-fashion-una-campagna-per-cambiare-sistema-moda-in-italia\/","title":{"rendered":"Fast fashion, una campagna digital per cambiare il sistema moda in Italia"},"content":{"rendered":"\r\n<p><strong>L\u2019industria tessile \u00e8 una delle pi\u00f9 inquinanti al mondo<\/strong>: produce 1,2 miliardi di tonnellate l\u2019anno di gas serra, pi\u00f9 dei trasporti aerei e marittimi internazionali messi insieme (Ellen MacArthur Foundation 2017). Questo settore ha impatti enormi anche sul consumo dell\u2019acqua: basti pensare che <strong>per produrre una sola t-shirt ne occorrono circa 3.900 litri<\/strong>, quanta ne beve in media una persona in 5 anni (Friends of the Earth 2015). Secondo i dati della Campagna Abiti Puliti, coalizione italiana della Clean Clothes Campaign, si stima che 60 milioni di lavoratori alimentino l\u2019industria globale dell\u2019abbigliamento, generando miliardi di profitti. La maggior parte lavora per un numero di ore disumano e fa pi\u00f9 di un lavoro per far quadrare i conti. Circa l\u201980% di questa forza lavoro \u00e8 composta da donne e non percepisce un reddito dignitoso.<\/p>\r\n\r\n\r\n\r\n<p><u>L\u2019impatto della pandemia<\/u><strong> <br \/><\/strong>Oggi, complice la pandemia che ha colpito il pianeta, questa industria sta affrontando una crisi economica e sociale senza precedenti e a pagarne il prezzo pi\u00f9 alto sono i milioni di lavoratori e lavoratrici impiegati nel settore. <strong>Il coronavirus ha reso ancora pi\u00f9 evidenti i limiti<\/strong> di un sistema globale fondato sulle <strong>disuguaglianze<\/strong>, che annulla le tutele ed espone tutti a un futuro incerto. I marchi hanno fatto perdere all\u2019industria dell\u2019abbigliamento miliardi di dollari cancellando gli ordini indebitamente e facendo fallire molte fabbriche, con conseguenze devastanti sui lavoratori. Rifiutando di pagare prezzi che consentano ai lavoratori di percepire un salario dignitoso, i marchi committenti lasciano le persone che producono i loro vestiti senza alcun mezzo di sostentamento. Milioni di lavoratori vivono a rischio di precariet\u00e0 abitativa e di sussistenza e molte fabbriche sono al collasso economico.<\/p>\r\n\r\n\r\n\r\n<p><u>La campagna e la comunit\u00e0 #CambiaMODA!<\/u><br \/>Per questo motivo <a href=\"https:\/\/www.istituto-oikos.org\/\" target=\"_blank\" rel=\"noreferrer noopener\" aria-label=\" (apre in una nuova scheda)\"><strong>Istituto Oikos<\/strong><\/a><strong>, Mani Tese e <\/strong><a href=\"http:\/\/www.faircoop.it\/\" target=\"_blank\" rel=\"noreferrer noopener\" aria-label=\" (apre in una nuova scheda)\"><strong>Fair<\/strong><\/a> lanciano la nuova piattaforma #CambiaMODA! (<a href=\"http:\/\/www.cambiamoda.it\" target=\"_blank\" rel=\"noreferrer noopener\" aria-label=\" (apre in una nuova scheda)\">www.cambiamoda.it<\/a>): l\u2019obiettivo ambizioso \u00e8 contribuire a <strong>cambiare il sistema moda in Italia.<br \/><\/strong>Nella forte convinzione che una comunit\u00e0 abbia pi\u00f9 forza e pi\u00f9 potere del singolo, l\u2019invito \u00e8 rivolto soprattutto ai giovani. Per incoraggiarli ad aderire all\u2019iniziativa e chiedere a gran voce: <strong>adeguati ammortizzatori sociali <\/strong>per i lavoratori del settore colpiti dall\u2019attuale crisi; <strong>misure sanitarie e di sicurezza<\/strong> efficaci ed<strong> eque condizioni di lavoro<\/strong> per tutti e tutte; una <strong>riduzione <\/strong>drastica <strong>di rifiuti, inquinamento ed emissioni di CO<sub>2<\/sub>\u00a0<\/strong>da parte dei grandi marchi; verit\u00e0 e <strong>trasparenza <\/strong>su come vengono prodotti ivestiti che compriamo.<\/p>\r\n\r\n\r\n\r\n<p><u>Come aderire<\/u><br \/>Entrare a far parte della comunit\u00e0 #CambiaMODA! \u00e8 molto semplice: <strong>basta registrarsi<\/strong> sul sito <a href=\"http:\/\/www.cambiamoda.it\" target=\"_blank\" rel=\"noreferrer noopener\" aria-label=\" (apre in una nuova scheda)\">www.cambiamoda.it<\/a>. Sono molti i modi in cui contribuire: da una semplice azione sui social a una pi\u00f9 attiva partecipazione agli eventi e iniziative promossi nell\u2019ambito della campagna di sensibilizzazione, fino alla scelta di <strong>unirsi al team di ambassadors che ha gi\u00e0 deciso di abbracciare la causa<\/strong>. Tra queste, molte persone che hanno fatto della passione per moda e lifestyle il proprio lavoro, come la fashion design blogger <strong>Marinella Rauso<\/strong>, la youtuber <strong>Sofia Viscardi<\/strong>, la travel blogger <strong>Francesca Barbieri<\/strong>.<\/p>\r\n\r\n\r\n\r\n<p><strong>Un cambio di rotta decisivo<\/strong>, che favorisca filiere trasparenti, responsabili ed eque, \u00e8 quindi estremamente urgente: per <strong>proteggere l\u2019ambiente, la salute e i diritti di tutte le persone coinvolte nella filiera, in Italia e nel mondo.<\/strong><\/p>\r\n\r\n\r\n\r\n<p>Per maggiori info: <a href=\"http:\/\/www.cambiamoda.it\" target=\"_blank\" rel=\"noreferrer noopener\" aria-label=\" (apre in una nuova scheda)\">www.cambiamoda.it<\/a> &#8211; <a href=\"mailto:info@cambiamoda.it\" target=\"_blank\" rel=\"noreferrer noopener\" aria-label=\" (apre in una nuova scheda)\">info@cambiamoda.it<\/a><strong><br \/>Media kit per la stampa disponibile a questo link: <\/strong><a href=\"https:\/\/drive.google.com\/drive\/folders\/1CdSwdJ3WfcopS5JpRVV8cpNoUlsEqX6z\" target=\"_blank\" rel=\"noreferrer noopener\" aria-label=\" (apre in una nuova scheda)\">https:\/\/drive.google.com\/drive\/folders\/1CdSwdJ3WfcopS5JpRVV8cpNoUlsEqX6z<\/a><\/p>\r\n\r\n\r\n\r\n<p><em>La comunit\u00e0 Cambia MODA! fa parte di un progetto educativo e di sensibilizzazione promosso in Italia da una rete di 7 partner <strong>(Mani Tese, Istituto Oikos, Fair, Altis &#8211; Alta Scuola Impresa e Societ\u00e0, Koin\u00e8tica, Lottozero, Guardavanti)<\/strong> e finanziato dall\u2019<a href=\"https:\/\/www.aics.gov.it\/\" target=\"_blank\" rel=\"noreferrer noopener\" aria-label=\"Agenzia Italiana per la Cooperazione allo Sviluppo (apre in una nuova scheda)\">Agenzia Italiana per la Cooperazione allo Sviluppo<\/a>. L\u2019iniziativa prevede inoltre percorsi di formazione per insegnanti e studenti, eventi pubblici di informazione e sensibilizzazione, workshop rivolti a operatori d\u2019impresa.<\/em><\/p>\r\n\r\n\r\n\r\n<div class=\"wp-block-image\">\r\n<figure class=\"aligncenter size-large\"><a href=\"https:\/\/manitese.it\/wp-content\/uploads\/2020\/06\/Fast-fashion-una-campagna-digital-per-cambiare-il-sistema-moda-in-Italia_mani-tese-2020.jpg\"><img decoding=\"async\" class=\"wp-image-62038\" src=\"https:\/\/manitese.it\/wp-content\/uploads\/2020\/06\/Fast-fashion-una-campagna-digital-per-cambiare-il-sistema-moda-in-Italia_mani-tese-2020-1024x576.jpg\" alt=\"\" \/><\/a><\/figure>\r\n<\/div>\r\n\r\n\r\n\r\n<h2 class=\"has-text-align-center wp-block-heading\"><a href=\"https:\/\/manitese.it\/progetto\/cambia-moda\" target=\"_blank\" rel=\"noreferrer noopener\" aria-label=\"Scopri di pi\u00f9 sul progetto (apre in una nuova scheda)\">Scopri di pi\u00f9 sul progetto<\/a><\/h2>\r\n\r\n\r\n\r\n<p>&nbsp;<\/p>\r\n","protected":false},"excerpt":{"rendered":"<p>Al via oggi #CambiaMODA!, iniziativa promossa da Istituto Oikos, Mani Tese e Fair per mobilitare i cittadini e fare pressione su aziende e decisori politici. La richiesta: favorire un\u2019industria dell\u2019abbigliamento trasparente, che rispetti l\u2019ambiente e le persone.<\/p>\n","protected":false},"author":1,"featured_media":62031,"comment_status":"open","ping_status":"open","sticky":false,"template":"","format":"standard","meta":{"_acf_changed":false,"give_campaign_id":0,"inline_featured_image":false,"_jetpack_memberships_contains_paid_content":false,"footnotes":""},"categories":[22],"tags":[],"thematic_area":[906],"class_list":["post-62024","post","type-post","status-publish","format-standard","has-post-thumbnail","hentry","category-area-stampa","thematic_area-lavoro-dignitoso"],"acf":[],"yoast_head":"<!-- This site is optimized with the Yoast SEO plugin v27.5 - https:\/\/yoast.com\/product\/yoast-seo-wordpress\/ -->\n<title>Fast fashion, una campagna digital per cambiare il sistema moda in Italia - Mani Tese<\/title>\n<meta name=\"description\" content=\"Al via oggi #CambiaMODA!, iniziativa promossa da Istituto Oikos, Mani Tese e Fair per mobilitare i cittadini e fare pressione su aziende e decisori politici. La richiesta: favorire un\u2019industria dell\u2019abbigliamento trasparente, che rispetti l\u2019ambiente e le persone.\" \/>\n<meta name=\"robots\" content=\"index, follow, max-snippet:-1, max-image-preview:large, max-video-preview:-1\" \/>\n<link rel=\"canonical\" href=\"https:\/\/www.manitese.it\/en\/fast-fashion-una-campagna-per-cambiare-sistema-moda-in-italia\/\" \/>\n<meta property=\"og:locale\" content=\"en_US\" \/>\n<meta property=\"og:type\" content=\"article\" \/>\n<meta property=\"og:title\" content=\"Fast fashion, una campagna digital per cambiare il sistema moda in Italia - Mani Tese\" \/>\n<meta property=\"og:description\" content=\"Al via oggi #CambiaMODA!, iniziativa promossa da Istituto Oikos, Mani Tese e Fair per mobilitare i cittadini e fare pressione su aziende e decisori politici. La richiesta: favorire un\u2019industria dell\u2019abbigliamento trasparente, che rispetti l\u2019ambiente e le persone.\" \/>\n<meta property=\"og:url\" content=\"https:\/\/www.manitese.it\/en\/fast-fashion-una-campagna-per-cambiare-sistema-moda-in-italia\/\" \/>\n<meta property=\"og:site_name\" content=\"Mani Tese\" \/>\n<meta property=\"article:published_time\" content=\"2020-06-29T07:38:31+00:00\" \/>\n<meta property=\"article:modified_time\" content=\"2023-12-18T15:48:40+00:00\" \/>\n<meta property=\"og:image\" content=\"https:\/\/www.manitese.it\/wp-content\/uploads\/2020\/06\/Fast-fashion-una-campagna-digital-per-cambiare-il-sistema-moda-in-Italia_mani-tese-2020_cover2-1.jpg\" \/>\n\t<meta property=\"og:image:width\" content=\"1920\" \/>\n\t<meta property=\"og:image:height\" content=\"800\" \/>\n\t<meta property=\"og:image:type\" content=\"image\/jpeg\" \/>\n<meta name=\"author\" content=\"agevis\" \/>\n<meta name=\"twitter:card\" content=\"summary_large_image\" \/>\n<meta name=\"twitter:label1\" content=\"Written by\" \/>\n\t<meta name=\"twitter:data1\" content=\"agevis\" \/>\n\t<meta name=\"twitter:label2\" content=\"Est. reading time\" \/>\n\t<meta name=\"twitter:data2\" content=\"3 minutes\" \/>\n<script type=\"application\/ld+json\" class=\"yoast-schema-graph\">{\"@context\":\"https:\\\/\\\/schema.org\",\"@graph\":[{\"@type\":\"Article\",\"@id\":\"https:\\\/\\\/www.manitese.it\\\/en\\\/fast-fashion-una-campagna-per-cambiare-sistema-moda-in-italia\\\/#article\",\"isPartOf\":{\"@id\":\"https:\\\/\\\/www.manitese.it\\\/en\\\/fast-fashion-una-campagna-per-cambiare-sistema-moda-in-italia\\\/\"},\"author\":{\"name\":\"agevis\",\"@id\":\"https:\\\/\\\/www.manitese.it\\\/en\\\/#\\\/schema\\\/person\\\/5a9774f17e4940e2510bfeba90f04f65\"},\"headline\":\"Fast fashion, una campagna digital per cambiare il sistema moda in Italia\",\"datePublished\":\"2020-06-29T07:38:31+00:00\",\"dateModified\":\"2023-12-18T15:48:40+00:00\",\"mainEntityOfPage\":{\"@id\":\"https:\\\/\\\/www.manitese.it\\\/en\\\/fast-fashion-una-campagna-per-cambiare-sistema-moda-in-italia\\\/\"},\"wordCount\":639,\"commentCount\":0,\"image\":{\"@id\":\"https:\\\/\\\/www.manitese.it\\\/en\\\/fast-fashion-una-campagna-per-cambiare-sistema-moda-in-italia\\\/#primaryimage\"},\"thumbnailUrl\":\"https:\\\/\\\/www.manitese.it\\\/wp-content\\\/uploads\\\/2020\\\/06\\\/Fast-fashion-una-campagna-digital-per-cambiare-il-sistema-moda-in-Italia_mani-tese-2020_cover2-1.jpg\",\"articleSection\":[\"Area stampa\"],\"inLanguage\":\"en-US\",\"potentialAction\":[{\"@type\":\"CommentAction\",\"name\":\"Comment\",\"target\":[\"https:\\\/\\\/www.manitese.it\\\/en\\\/fast-fashion-una-campagna-per-cambiare-sistema-moda-in-italia\\\/#respond\"]}]},{\"@type\":\"WebPage\",\"@id\":\"https:\\\/\\\/www.manitese.it\\\/en\\\/fast-fashion-una-campagna-per-cambiare-sistema-moda-in-italia\\\/\",\"url\":\"https:\\\/\\\/www.manitese.it\\\/en\\\/fast-fashion-una-campagna-per-cambiare-sistema-moda-in-italia\\\/\",\"name\":\"Fast fashion, una campagna digital per cambiare il sistema moda in Italia - Mani Tese\",\"isPartOf\":{\"@id\":\"https:\\\/\\\/www.manitese.it\\\/en\\\/#website\"},\"primaryImageOfPage\":{\"@id\":\"https:\\\/\\\/www.manitese.it\\\/en\\\/fast-fashion-una-campagna-per-cambiare-sistema-moda-in-italia\\\/#primaryimage\"},\"image\":{\"@id\":\"https:\\\/\\\/www.manitese.it\\\/en\\\/fast-fashion-una-campagna-per-cambiare-sistema-moda-in-italia\\\/#primaryimage\"},\"thumbnailUrl\":\"https:\\\/\\\/www.manitese.it\\\/wp-content\\\/uploads\\\/2020\\\/06\\\/Fast-fashion-una-campagna-digital-per-cambiare-il-sistema-moda-in-Italia_mani-tese-2020_cover2-1.jpg\",\"datePublished\":\"2020-06-29T07:38:31+00:00\",\"dateModified\":\"2023-12-18T15:48:40+00:00\",\"author\":{\"@id\":\"https:\\\/\\\/www.manitese.it\\\/en\\\/#\\\/schema\\\/person\\\/5a9774f17e4940e2510bfeba90f04f65\"},\"description\":\"Al via oggi #CambiaMODA!, iniziativa promossa da Istituto Oikos, Mani Tese e Fair per mobilitare i cittadini e fare pressione su aziende e decisori politici. La richiesta: favorire un\u2019industria dell\u2019abbigliamento trasparente, che rispetti l\u2019ambiente e le persone.\",\"breadcrumb\":{\"@id\":\"https:\\\/\\\/www.manitese.it\\\/en\\\/fast-fashion-una-campagna-per-cambiare-sistema-moda-in-italia\\\/#breadcrumb\"},\"inLanguage\":\"en-US\",\"potentialAction\":[{\"@type\":\"ReadAction\",\"target\":[\"https:\\\/\\\/www.manitese.it\\\/en\\\/fast-fashion-una-campagna-per-cambiare-sistema-moda-in-italia\\\/\"]}]},{\"@type\":\"ImageObject\",\"inLanguage\":\"en-US\",\"@id\":\"https:\\\/\\\/www.manitese.it\\\/en\\\/fast-fashion-una-campagna-per-cambiare-sistema-moda-in-italia\\\/#primaryimage\",\"url\":\"https:\\\/\\\/www.manitese.it\\\/wp-content\\\/uploads\\\/2020\\\/06\\\/Fast-fashion-una-campagna-digital-per-cambiare-il-sistema-moda-in-Italia_mani-tese-2020_cover2-1.jpg\",\"contentUrl\":\"https:\\\/\\\/www.manitese.it\\\/wp-content\\\/uploads\\\/2020\\\/06\\\/Fast-fashion-una-campagna-digital-per-cambiare-il-sistema-moda-in-Italia_mani-tese-2020_cover2-1.jpg\",\"width\":1920,\"height\":800,\"caption\":\"Fast fashion, una campagna digital per cambiare il sistema moda in Italia_mani tese 2020_cover\"},{\"@type\":\"BreadcrumbList\",\"@id\":\"https:\\\/\\\/www.manitese.it\\\/en\\\/fast-fashion-una-campagna-per-cambiare-sistema-moda-in-italia\\\/#breadcrumb\",\"itemListElement\":[{\"@type\":\"ListItem\",\"position\":1,\"name\":\"Home\",\"item\":\"https:\\\/\\\/www.manitese.it\\\/en\\\/\"},{\"@type\":\"ListItem\",\"position\":2,\"name\":\"Fast fashion, una campagna digital per cambiare il sistema moda in Italia\"}]},{\"@type\":\"WebSite\",\"@id\":\"https:\\\/\\\/www.manitese.it\\\/en\\\/#website\",\"url\":\"https:\\\/\\\/www.manitese.it\\\/en\\\/\",\"name\":\"Mani Tese\",\"description\":\"\",\"potentialAction\":[{\"@type\":\"SearchAction\",\"target\":{\"@type\":\"EntryPoint\",\"urlTemplate\":\"https:\\\/\\\/www.manitese.it\\\/en\\\/?s={search_term_string}\"},\"query-input\":{\"@type\":\"PropertyValueSpecification\",\"valueRequired\":true,\"valueName\":\"search_term_string\"}}],\"inLanguage\":\"en-US\"},{\"@type\":\"Person\",\"@id\":\"https:\\\/\\\/www.manitese.it\\\/en\\\/#\\\/schema\\\/person\\\/5a9774f17e4940e2510bfeba90f04f65\",\"name\":\"agevis\",\"image\":{\"@type\":\"ImageObject\",\"inLanguage\":\"en-US\",\"@id\":\"https:\\\/\\\/secure.gravatar.com\\\/avatar\\\/2dc96c93fcf3387a5922a93b50fb3bff01d4800590fb6a4ab91a034adb25ba17?s=96&d=mm&r=g\",\"url\":\"https:\\\/\\\/secure.gravatar.com\\\/avatar\\\/2dc96c93fcf3387a5922a93b50fb3bff01d4800590fb6a4ab91a034adb25ba17?s=96&d=mm&r=g\",\"contentUrl\":\"https:\\\/\\\/secure.gravatar.com\\\/avatar\\\/2dc96c93fcf3387a5922a93b50fb3bff01d4800590fb6a4ab91a034adb25ba17?s=96&d=mm&r=g\",\"caption\":\"agevis\"},\"url\":\"https:\\\/\\\/www.manitese.it\\\/en\\\/author\\\/wp_agevis_admin\\\/\"}]}<\/script>\n<!-- \/ Yoast SEO plugin. -->","yoast_head_json":{"title":"Fast fashion, una campagna digital per cambiare il sistema moda in Italia - Mani Tese","description":"Al via oggi #CambiaMODA!, iniziativa promossa da Istituto Oikos, Mani Tese e Fair per mobilitare i cittadini e fare pressione su aziende e decisori politici. La richiesta: favorire un\u2019industria dell\u2019abbigliamento trasparente, che rispetti l\u2019ambiente e le persone.","robots":{"index":"index","follow":"follow","max-snippet":"max-snippet:-1","max-image-preview":"max-image-preview:large","max-video-preview":"max-video-preview:-1"},"canonical":"https:\/\/www.manitese.it\/en\/fast-fashion-una-campagna-per-cambiare-sistema-moda-in-italia\/","og_locale":"en_US","og_type":"article","og_title":"Fast fashion, una campagna digital per cambiare il sistema moda in Italia - Mani Tese","og_description":"Al via oggi #CambiaMODA!, iniziativa promossa da Istituto Oikos, Mani Tese e Fair per mobilitare i cittadini e fare pressione su aziende e decisori politici. La richiesta: favorire un\u2019industria dell\u2019abbigliamento trasparente, che rispetti l\u2019ambiente e le persone.","og_url":"https:\/\/www.manitese.it\/en\/fast-fashion-una-campagna-per-cambiare-sistema-moda-in-italia\/","og_site_name":"Mani Tese","article_published_time":"2020-06-29T07:38:31+00:00","article_modified_time":"2023-12-18T15:48:40+00:00","og_image":[{"width":1920,"height":800,"url":"https:\/\/www.manitese.it\/wp-content\/uploads\/2020\/06\/Fast-fashion-una-campagna-digital-per-cambiare-il-sistema-moda-in-Italia_mani-tese-2020_cover2-1.jpg","type":"image\/jpeg"}],"author":"agevis","twitter_card":"summary_large_image","twitter_misc":{"Written by":"agevis","Est. reading time":"3 minutes"},"schema":{"@context":"https:\/\/schema.org","@graph":[{"@type":"Article","@id":"https:\/\/www.manitese.it\/en\/fast-fashion-una-campagna-per-cambiare-sistema-moda-in-italia\/#article","isPartOf":{"@id":"https:\/\/www.manitese.it\/en\/fast-fashion-una-campagna-per-cambiare-sistema-moda-in-italia\/"},"author":{"name":"agevis","@id":"https:\/\/www.manitese.it\/en\/#\/schema\/person\/5a9774f17e4940e2510bfeba90f04f65"},"headline":"Fast fashion, una campagna digital per cambiare il sistema moda in Italia","datePublished":"2020-06-29T07:38:31+00:00","dateModified":"2023-12-18T15:48:40+00:00","mainEntityOfPage":{"@id":"https:\/\/www.manitese.it\/en\/fast-fashion-una-campagna-per-cambiare-sistema-moda-in-italia\/"},"wordCount":639,"commentCount":0,"image":{"@id":"https:\/\/www.manitese.it\/en\/fast-fashion-una-campagna-per-cambiare-sistema-moda-in-italia\/#primaryimage"},"thumbnailUrl":"https:\/\/www.manitese.it\/wp-content\/uploads\/2020\/06\/Fast-fashion-una-campagna-digital-per-cambiare-il-sistema-moda-in-Italia_mani-tese-2020_cover2-1.jpg","articleSection":["Area stampa"],"inLanguage":"en-US","potentialAction":[{"@type":"CommentAction","name":"Comment","target":["https:\/\/www.manitese.it\/en\/fast-fashion-una-campagna-per-cambiare-sistema-moda-in-italia\/#respond"]}]},{"@type":"WebPage","@id":"https:\/\/www.manitese.it\/en\/fast-fashion-una-campagna-per-cambiare-sistema-moda-in-italia\/","url":"https:\/\/www.manitese.it\/en\/fast-fashion-una-campagna-per-cambiare-sistema-moda-in-italia\/","name":"Fast fashion, una campagna digital per cambiare il sistema moda in Italia - Mani Tese","isPartOf":{"@id":"https:\/\/www.manitese.it\/en\/#website"},"primaryImageOfPage":{"@id":"https:\/\/www.manitese.it\/en\/fast-fashion-una-campagna-per-cambiare-sistema-moda-in-italia\/#primaryimage"},"image":{"@id":"https:\/\/www.manitese.it\/en\/fast-fashion-una-campagna-per-cambiare-sistema-moda-in-italia\/#primaryimage"},"thumbnailUrl":"https:\/\/www.manitese.it\/wp-content\/uploads\/2020\/06\/Fast-fashion-una-campagna-digital-per-cambiare-il-sistema-moda-in-Italia_mani-tese-2020_cover2-1.jpg","datePublished":"2020-06-29T07:38:31+00:00","dateModified":"2023-12-18T15:48:40+00:00","author":{"@id":"https:\/\/www.manitese.it\/en\/#\/schema\/person\/5a9774f17e4940e2510bfeba90f04f65"},"description":"Al via oggi #CambiaMODA!, iniziativa promossa da Istituto Oikos, Mani Tese e Fair per mobilitare i cittadini e fare pressione su aziende e decisori politici. La richiesta: favorire un\u2019industria dell\u2019abbigliamento trasparente, che rispetti l\u2019ambiente e le persone.","breadcrumb":{"@id":"https:\/\/www.manitese.it\/en\/fast-fashion-una-campagna-per-cambiare-sistema-moda-in-italia\/#breadcrumb"},"inLanguage":"en-US","potentialAction":[{"@type":"ReadAction","target":["https:\/\/www.manitese.it\/en\/fast-fashion-una-campagna-per-cambiare-sistema-moda-in-italia\/"]}]},{"@type":"ImageObject","inLanguage":"en-US","@id":"https:\/\/www.manitese.it\/en\/fast-fashion-una-campagna-per-cambiare-sistema-moda-in-italia\/#primaryimage","url":"https:\/\/www.manitese.it\/wp-content\/uploads\/2020\/06\/Fast-fashion-una-campagna-digital-per-cambiare-il-sistema-moda-in-Italia_mani-tese-2020_cover2-1.jpg","contentUrl":"https:\/\/www.manitese.it\/wp-content\/uploads\/2020\/06\/Fast-fashion-una-campagna-digital-per-cambiare-il-sistema-moda-in-Italia_mani-tese-2020_cover2-1.jpg","width":1920,"height":800,"caption":"Fast fashion, una campagna digital per cambiare il sistema moda in Italia_mani tese 2020_cover"},{"@type":"BreadcrumbList","@id":"https:\/\/www.manitese.it\/en\/fast-fashion-una-campagna-per-cambiare-sistema-moda-in-italia\/#breadcrumb","itemListElement":[{"@type":"ListItem","position":1,"name":"Home","item":"https:\/\/www.manitese.it\/en\/"},{"@type":"ListItem","position":2,"name":"Fast fashion, una campagna digital per cambiare il sistema moda in Italia"}]},{"@type":"WebSite","@id":"https:\/\/www.manitese.it\/en\/#website","url":"https:\/\/www.manitese.it\/en\/","name":"Mani Tese","description":"","potentialAction":[{"@type":"SearchAction","target":{"@type":"EntryPoint","urlTemplate":"https:\/\/www.manitese.it\/en\/?s={search_term_string}"},"query-input":{"@type":"PropertyValueSpecification","valueRequired":true,"valueName":"search_term_string"}}],"inLanguage":"en-US"},{"@type":"Person","@id":"https:\/\/www.manitese.it\/en\/#\/schema\/person\/5a9774f17e4940e2510bfeba90f04f65","name":"agevis","image":{"@type":"ImageObject","inLanguage":"en-US","@id":"https:\/\/secure.gravatar.com\/avatar\/2dc96c93fcf3387a5922a93b50fb3bff01d4800590fb6a4ab91a034adb25ba17?s=96&d=mm&r=g","url":"https:\/\/secure.gravatar.com\/avatar\/2dc96c93fcf3387a5922a93b50fb3bff01d4800590fb6a4ab91a034adb25ba17?s=96&d=mm&r=g","contentUrl":"https:\/\/secure.gravatar.com\/avatar\/2dc96c93fcf3387a5922a93b50fb3bff01d4800590fb6a4ab91a034adb25ba17?s=96&d=mm&r=g","caption":"agevis"},"url":"https:\/\/www.manitese.it\/en\/author\/wp_agevis_admin\/"}]}},"jetpack_featured_media_url":"https:\/\/www.manitese.it\/wp-content\/uploads\/2020\/06\/Fast-fashion-una-campagna-digital-per-cambiare-il-sistema-moda-in-Italia_mani-tese-2020_cover2-1.jpg","jetpack_sharing_enabled":true,"_links":{"self":[{"href":"https:\/\/www.manitese.it\/en\/wp-json\/wp\/v2\/posts\/62024","targetHints":{"allow":["GET"]}}],"collection":[{"href":"https:\/\/www.manitese.it\/en\/wp-json\/wp\/v2\/posts"}],"about":[{"href":"https:\/\/www.manitese.it\/en\/wp-json\/wp\/v2\/types\/post"}],"author":[{"embeddable":true,"href":"https:\/\/www.manitese.it\/en\/wp-json\/wp\/v2\/users\/1"}],"replies":[{"embeddable":true,"href":"https:\/\/www.manitese.it\/en\/wp-json\/wp\/v2\/comments?post=62024"}],"version-history":[{"count":3,"href":"https:\/\/www.manitese.it\/en\/wp-json\/wp\/v2\/posts\/62024\/revisions"}],"predecessor-version":[{"id":191910,"href":"https:\/\/www.manitese.it\/en\/wp-json\/wp\/v2\/posts\/62024\/revisions\/191910"}],"wp:featuredmedia":[{"embeddable":true,"href":"https:\/\/www.manitese.it\/en\/wp-json\/wp\/v2\/media\/62031"}],"wp:attachment":[{"href":"https:\/\/www.manitese.it\/en\/wp-json\/wp\/v2\/media?parent=62024"}],"wp:term":[{"taxonomy":"category","embeddable":true,"href":"https:\/\/www.manitese.it\/en\/wp-json\/wp\/v2\/categories?post=62024"},{"taxonomy":"post_tag","embeddable":true,"href":"https:\/\/www.manitese.it\/en\/wp-json\/wp\/v2\/tags?post=62024"},{"taxonomy":"thematic_area","embeddable":true,"href":"https:\/\/www.manitese.it\/en\/wp-json\/wp\/v2\/thematic_area?post=62024"}],"curies":[{"name":"wp","href":"https:\/\/api.w.org\/{rel}","templated":true}]}}