{"id":61969,"date":"2020-06-26T09:43:53","date_gmt":"2020-06-26T07:43:53","guid":{"rendered":"https:\/\/manitese.it\/?p=61969"},"modified":"2023-12-14T11:09:57","modified_gmt":"2023-12-14T10:09:57","slug":"i-polli-di-idrissa","status":"publish","type":"post","link":"https:\/\/www.manitese.it\/en\/i-polli-di-idrissa\/","title":{"rendered":"7. I polli di Idrissa"},"content":{"rendered":"\r\n<p>L\u2019<strong>Union des Jeunes Leaders du Boulgou o UJLB<\/strong> <strong><em>(Unione dei giovani leader di Boulgou)<\/em><\/strong> \u00e8 un\u2019associazione il cui nome mi ha sempre colpito. Tendenzialmente in Burkina Faso le associazioni e le imprese hanno o il nome del proprietario o un titolo benaugurante come ad esempio \u201cinsieme per la solidariet\u00e0\u201d, \u201cil Signore ci aiuta\u201d, \u201csia fatta la volont\u00e0 di Dio\u201d o cose cos\u00ec. UJLB \u00e8 decisamente inusuale. Di conseguenza andava approfondito e quindi mi faccio raccontare qualcosa da <strong>Idrissa<\/strong>, un giovane di 32 anni che fa parte dell\u2019associazione da 5 anni.<\/p>\r\n\r\n\r\n\r\n<p>\u201cLeader si \u00e8, non si diventa\u201d spiega Idrissa <strong>\u201cIl leader \u00e8 colui che ti mostra il cammino da intraprendere, che conduce gli altri\u201d<\/strong>. \u201cIo sono un leader. Sono un leader dinamico e lavoratore\u201d.<\/p>\r\n\r\n\r\n\r\n<p>E cos\u00ec <strong>Idrissa<\/strong> mi racconta la sua storia, di come sognasse di fare il commerciante, ma poi, entrato in contatto con UJLB, di come abbia capito che <strong>l\u2019attivit\u00e0 di allevamento dei polli nel suo villaggio potesse essere molto conveniente<\/strong>, visto che insieme al riso e ai fagioli, il pollo \u00e8 uno degli alimenti pi\u00f9 consumati.<\/p>\r\n\r\n\r\n\r\n<p><strong>Il pollo in Burkina Faso \u00e8 festa<\/strong>. Si mangia nella zuppa, grigliato, all\u2019aglio, fritto, nella salsa. Se inviti un Burkinab\u00e9 a cena e non hai il pollo \u00e8 quasi un dispetto. E poi parliamo di polli ruspanti, piccoli e atletici\u2026 i celebri <em>poulet bicyclette<\/em> di cui si legge a ogni angolo di strada.<\/p>\r\n\r\n\r\n\r\n<p>Grazie al progetto <a href=\"https:\/\/manitese.it\/progetto\/imprese-sociali-innovative-partecipazione-migranti-per-inclusione-sociale-burkina-faso\" target=\"_blank\" rel=\"noreferrer noopener\" aria-label=\" (apre in una nuova scheda)\"><strong>\u201cImprese sociali innovative e partecipazione dei migranti per l\u2019inclusione sociale in Burkina Faso\u201d<\/strong><\/a><strong> Idrissa e 19 membri dell\u2019Unione hanno ricevuto diverse formazioni per rendere questa attivit\u00e0 ancora pi\u00f9 redditizia<\/strong> e ora sono nella fase in cui, costruito il pollaio, stanno installando i macchinari per autoprodurre il mangime.<\/p>\r\n\r\n\r\n\r\n<p>L\u2019UJLB, inoltre, ha una forte relazione di amicizia con la <em>Ligue culturelle des Jeunes Burkinab\u00e9<\/em> di Montebelluna (Treviso): un\u2019associazione composta da 20 giovani migranti Burkinab\u00e9 il cui presidente \u00e8 <strong>Lucien Bambara<\/strong>. Anche la <em>Ligue culturelle<\/em> \u00e8 coinvolta nel progetto e si \u00e8 impegnata a <strong>cofinanziare la costruzione del pollaio<\/strong>. Lucien, che lo scorso mese di gennaio \u00e8 stato in Burkina Faso per dare una mano alla costruzione e verificare l\u2019avanzamento dei lavori, ritiene che l\u2019attivit\u00e0 intrapresa possa veramente garantire un reddito ai giovani del UJLB, alcuni dei quali hanno anche alle spalle storie di fallimenti migratori e sono stati costretti a rientrare dalla Libia a mani vuote. \u00a0\u00a0<\/p>\r\n\r\n\r\n\r\n<p><strong>Idrissa si sta impegnando molto in questo progetto e da bravo leader ha le idee chiare<\/strong>: il lavoro in associazione potr\u00e0 essere infatti un trampolino di lancio per ciascuno dei ragazzi perch\u00e9 possano un giorno avere una casa grande e bella e, perch\u00e9 no, con un pollaio da 1000 polli ciascuno.<\/p>\r\n\r\n\r\n\r\n<p>Perch\u00e9 i polli, in Burkina Faso, sono un affare serio!<\/p>\r\n\r\n\r\n\r\n<figure class=\"wp-block-image size-large\"><a href=\"https:\/\/manitese.it\/wp-content\/uploads\/2020\/06\/i-polli-di-idrissa_mani-tese-2020.jpeg\"><img decoding=\"async\" class=\"wp-image-61973\" src=\"https:\/\/manitese.it\/wp-content\/uploads\/2020\/06\/i-polli-di-idrissa_mani-tese-2020-768x1024.jpeg\" alt=\"\" \/><\/a>\r\n<figcaption><em>Idrissa Yankine del villaggio di Garango (Boulgou)<\/em><\/figcaption>\r\n<\/figure>\r\n\r\n\r\n\r\n<p class=\"has-text-align-center\"><strong><a href=\"https:\/\/manitese.it\/impresa-di-crescere-insieme\" target=\"_blank\" rel=\"noreferrer noopener\">CONTINUA A SEGUIRE IL BLOG \u201cL\u2019IMPRESA DI CRESCERE INSIEME\u201d<\/a><\/strong><\/p>\r\n","protected":false},"excerpt":{"rendered":"<p>Idrissa, dell\u2019associazione Union des Jeunes Leaders du Boulgou, ci racconta di come abbia iniziato l\u2019attivit\u00e0 di allevamento dei polli, un \u201caffare\u201d molto serio in Burkina Faso.<\/p>\n","protected":false},"author":1,"featured_media":61970,"comment_status":"open","ping_status":"open","sticky":false,"template":"","format":"standard","meta":{"_acf_changed":false,"give_campaign_id":0,"inline_featured_image":false,"_jetpack_memberships_contains_paid_content":false,"footnotes":""},"categories":[3],"tags":[],"thematic_area":[918,907,916],"class_list":["post-61969","post","type-post","status-publish","format-standard","has-post-thumbnail","hentry","category-diari","thematic_area-sistemi-e-filiere-agroalimentari-locali","thematic_area-imprenditoria-sociale","thematic_area-citta-e-pratiche-sostenibili"],"acf":[],"yoast_head":"<!-- This site is optimized with the Yoast SEO plugin v27.5 - https:\/\/yoast.com\/product\/yoast-seo-wordpress\/ -->\n<title>7. I polli di Idrissa - Mani Tese<\/title>\n<meta name=\"description\" content=\"Idrissa, dell\u2019associazione Union des Jeunes Leaders du Boulgou, ci racconta di come abbia iniziato l\u2019attivit\u00e0 di allevamento dei polli, un \u201caffare\u201d molto serio in Burkina Faso.\" \/>\n<meta name=\"robots\" content=\"index, follow, max-snippet:-1, max-image-preview:large, max-video-preview:-1\" \/>\n<link rel=\"canonical\" href=\"https:\/\/www.manitese.it\/en\/i-polli-di-idrissa\/\" \/>\n<meta property=\"og:locale\" content=\"en_US\" \/>\n<meta property=\"og:type\" content=\"article\" \/>\n<meta property=\"og:title\" content=\"7. I polli di Idrissa - Mani Tese\" \/>\n<meta property=\"og:description\" content=\"Idrissa, dell\u2019associazione Union des Jeunes Leaders du Boulgou, ci racconta di come abbia iniziato l\u2019attivit\u00e0 di allevamento dei polli, un \u201caffare\u201d molto serio in Burkina Faso.\" \/>\n<meta property=\"og:url\" content=\"https:\/\/www.manitese.it\/en\/i-polli-di-idrissa\/\" \/>\n<meta property=\"og:site_name\" content=\"Mani Tese\" \/>\n<meta property=\"article:published_time\" content=\"2020-06-26T07:43:53+00:00\" \/>\n<meta property=\"article:modified_time\" content=\"2023-12-14T10:09:57+00:00\" \/>\n<meta property=\"og:image\" content=\"https:\/\/www.manitese.it\/wp-content\/uploads\/2020\/06\/i-polli-di-idrissa_cover_mani-tese-2020-1.jpg\" \/>\n\t<meta property=\"og:image:width\" content=\"1920\" \/>\n\t<meta property=\"og:image:height\" content=\"800\" \/>\n\t<meta property=\"og:image:type\" content=\"image\/jpeg\" \/>\n<meta name=\"author\" content=\"agevis\" \/>\n<meta name=\"twitter:card\" content=\"summary_large_image\" \/>\n<meta name=\"twitter:label1\" content=\"Written by\" \/>\n\t<meta name=\"twitter:data1\" content=\"agevis\" \/>\n\t<meta name=\"twitter:label2\" content=\"Est. reading time\" \/>\n\t<meta name=\"twitter:data2\" content=\"3 minutes\" \/>\n<script type=\"application\/ld+json\" class=\"yoast-schema-graph\">{\"@context\":\"https:\\\/\\\/schema.org\",\"@graph\":[{\"@type\":\"Article\",\"@id\":\"https:\\\/\\\/www.manitese.it\\\/en\\\/i-polli-di-idrissa\\\/#article\",\"isPartOf\":{\"@id\":\"https:\\\/\\\/www.manitese.it\\\/en\\\/i-polli-di-idrissa\\\/\"},\"author\":{\"name\":\"agevis\",\"@id\":\"https:\\\/\\\/www.manitese.it\\\/en\\\/#\\\/schema\\\/person\\\/5a9774f17e4940e2510bfeba90f04f65\"},\"headline\":\"7. I polli di Idrissa\",\"datePublished\":\"2020-06-26T07:43:53+00:00\",\"dateModified\":\"2023-12-14T10:09:57+00:00\",\"mainEntityOfPage\":{\"@id\":\"https:\\\/\\\/www.manitese.it\\\/en\\\/i-polli-di-idrissa\\\/\"},\"wordCount\":465,\"commentCount\":0,\"image\":{\"@id\":\"https:\\\/\\\/www.manitese.it\\\/en\\\/i-polli-di-idrissa\\\/#primaryimage\"},\"thumbnailUrl\":\"https:\\\/\\\/www.manitese.it\\\/wp-content\\\/uploads\\\/2020\\\/06\\\/i-polli-di-idrissa_cover_mani-tese-2020-1.jpg\",\"articleSection\":[\"Diari\"],\"inLanguage\":\"en-US\",\"potentialAction\":[{\"@type\":\"CommentAction\",\"name\":\"Comment\",\"target\":[\"https:\\\/\\\/www.manitese.it\\\/en\\\/i-polli-di-idrissa\\\/#respond\"]}]},{\"@type\":\"WebPage\",\"@id\":\"https:\\\/\\\/www.manitese.it\\\/en\\\/i-polli-di-idrissa\\\/\",\"url\":\"https:\\\/\\\/www.manitese.it\\\/en\\\/i-polli-di-idrissa\\\/\",\"name\":\"7. I polli di Idrissa - Mani Tese\",\"isPartOf\":{\"@id\":\"https:\\\/\\\/www.manitese.it\\\/en\\\/#website\"},\"primaryImageOfPage\":{\"@id\":\"https:\\\/\\\/www.manitese.it\\\/en\\\/i-polli-di-idrissa\\\/#primaryimage\"},\"image\":{\"@id\":\"https:\\\/\\\/www.manitese.it\\\/en\\\/i-polli-di-idrissa\\\/#primaryimage\"},\"thumbnailUrl\":\"https:\\\/\\\/www.manitese.it\\\/wp-content\\\/uploads\\\/2020\\\/06\\\/i-polli-di-idrissa_cover_mani-tese-2020-1.jpg\",\"datePublished\":\"2020-06-26T07:43:53+00:00\",\"dateModified\":\"2023-12-14T10:09:57+00:00\",\"author\":{\"@id\":\"https:\\\/\\\/www.manitese.it\\\/en\\\/#\\\/schema\\\/person\\\/5a9774f17e4940e2510bfeba90f04f65\"},\"description\":\"Idrissa, dell\u2019associazione Union des Jeunes Leaders du Boulgou, ci racconta di come abbia iniziato l\u2019attivit\u00e0 di allevamento dei polli, un \u201caffare\u201d molto serio in Burkina Faso.\",\"breadcrumb\":{\"@id\":\"https:\\\/\\\/www.manitese.it\\\/en\\\/i-polli-di-idrissa\\\/#breadcrumb\"},\"inLanguage\":\"en-US\",\"potentialAction\":[{\"@type\":\"ReadAction\",\"target\":[\"https:\\\/\\\/www.manitese.it\\\/en\\\/i-polli-di-idrissa\\\/\"]}]},{\"@type\":\"ImageObject\",\"inLanguage\":\"en-US\",\"@id\":\"https:\\\/\\\/www.manitese.it\\\/en\\\/i-polli-di-idrissa\\\/#primaryimage\",\"url\":\"https:\\\/\\\/www.manitese.it\\\/wp-content\\\/uploads\\\/2020\\\/06\\\/i-polli-di-idrissa_cover_mani-tese-2020-1.jpg\",\"contentUrl\":\"https:\\\/\\\/www.manitese.it\\\/wp-content\\\/uploads\\\/2020\\\/06\\\/i-polli-di-idrissa_cover_mani-tese-2020-1.jpg\",\"width\":1920,\"height\":800,\"caption\":\"i polli di idrissa_cover_mani tese 2020\"},{\"@type\":\"BreadcrumbList\",\"@id\":\"https:\\\/\\\/www.manitese.it\\\/en\\\/i-polli-di-idrissa\\\/#breadcrumb\",\"itemListElement\":[{\"@type\":\"ListItem\",\"position\":1,\"name\":\"Home\",\"item\":\"https:\\\/\\\/www.manitese.it\\\/en\\\/\"},{\"@type\":\"ListItem\",\"position\":2,\"name\":\"7. I polli di Idrissa\"}]},{\"@type\":\"WebSite\",\"@id\":\"https:\\\/\\\/www.manitese.it\\\/en\\\/#website\",\"url\":\"https:\\\/\\\/www.manitese.it\\\/en\\\/\",\"name\":\"Mani Tese\",\"description\":\"\",\"potentialAction\":[{\"@type\":\"SearchAction\",\"target\":{\"@type\":\"EntryPoint\",\"urlTemplate\":\"https:\\\/\\\/www.manitese.it\\\/en\\\/?s={search_term_string}\"},\"query-input\":{\"@type\":\"PropertyValueSpecification\",\"valueRequired\":true,\"valueName\":\"search_term_string\"}}],\"inLanguage\":\"en-US\"},{\"@type\":\"Person\",\"@id\":\"https:\\\/\\\/www.manitese.it\\\/en\\\/#\\\/schema\\\/person\\\/5a9774f17e4940e2510bfeba90f04f65\",\"name\":\"agevis\",\"image\":{\"@type\":\"ImageObject\",\"inLanguage\":\"en-US\",\"@id\":\"https:\\\/\\\/secure.gravatar.com\\\/avatar\\\/2dc96c93fcf3387a5922a93b50fb3bff01d4800590fb6a4ab91a034adb25ba17?s=96&d=mm&r=g\",\"url\":\"https:\\\/\\\/secure.gravatar.com\\\/avatar\\\/2dc96c93fcf3387a5922a93b50fb3bff01d4800590fb6a4ab91a034adb25ba17?s=96&d=mm&r=g\",\"contentUrl\":\"https:\\\/\\\/secure.gravatar.com\\\/avatar\\\/2dc96c93fcf3387a5922a93b50fb3bff01d4800590fb6a4ab91a034adb25ba17?s=96&d=mm&r=g\",\"caption\":\"agevis\"},\"url\":\"https:\\\/\\\/www.manitese.it\\\/en\\\/author\\\/wp_agevis_admin\\\/\"}]}<\/script>\n<!-- \/ Yoast SEO plugin. -->","yoast_head_json":{"title":"7. I polli di Idrissa - Mani Tese","description":"Idrissa, dell\u2019associazione Union des Jeunes Leaders du Boulgou, ci racconta di come abbia iniziato l\u2019attivit\u00e0 di allevamento dei polli, un \u201caffare\u201d molto serio in Burkina Faso.","robots":{"index":"index","follow":"follow","max-snippet":"max-snippet:-1","max-image-preview":"max-image-preview:large","max-video-preview":"max-video-preview:-1"},"canonical":"https:\/\/www.manitese.it\/en\/i-polli-di-idrissa\/","og_locale":"en_US","og_type":"article","og_title":"7. I polli di Idrissa - Mani Tese","og_description":"Idrissa, dell\u2019associazione Union des Jeunes Leaders du Boulgou, ci racconta di come abbia iniziato l\u2019attivit\u00e0 di allevamento dei polli, un \u201caffare\u201d molto serio in Burkina Faso.","og_url":"https:\/\/www.manitese.it\/en\/i-polli-di-idrissa\/","og_site_name":"Mani Tese","article_published_time":"2020-06-26T07:43:53+00:00","article_modified_time":"2023-12-14T10:09:57+00:00","og_image":[{"width":1920,"height":800,"url":"https:\/\/www.manitese.it\/wp-content\/uploads\/2020\/06\/i-polli-di-idrissa_cover_mani-tese-2020-1.jpg","type":"image\/jpeg"}],"author":"agevis","twitter_card":"summary_large_image","twitter_misc":{"Written by":"agevis","Est. reading time":"3 minutes"},"schema":{"@context":"https:\/\/schema.org","@graph":[{"@type":"Article","@id":"https:\/\/www.manitese.it\/en\/i-polli-di-idrissa\/#article","isPartOf":{"@id":"https:\/\/www.manitese.it\/en\/i-polli-di-idrissa\/"},"author":{"name":"agevis","@id":"https:\/\/www.manitese.it\/en\/#\/schema\/person\/5a9774f17e4940e2510bfeba90f04f65"},"headline":"7. I polli di Idrissa","datePublished":"2020-06-26T07:43:53+00:00","dateModified":"2023-12-14T10:09:57+00:00","mainEntityOfPage":{"@id":"https:\/\/www.manitese.it\/en\/i-polli-di-idrissa\/"},"wordCount":465,"commentCount":0,"image":{"@id":"https:\/\/www.manitese.it\/en\/i-polli-di-idrissa\/#primaryimage"},"thumbnailUrl":"https:\/\/www.manitese.it\/wp-content\/uploads\/2020\/06\/i-polli-di-idrissa_cover_mani-tese-2020-1.jpg","articleSection":["Diari"],"inLanguage":"en-US","potentialAction":[{"@type":"CommentAction","name":"Comment","target":["https:\/\/www.manitese.it\/en\/i-polli-di-idrissa\/#respond"]}]},{"@type":"WebPage","@id":"https:\/\/www.manitese.it\/en\/i-polli-di-idrissa\/","url":"https:\/\/www.manitese.it\/en\/i-polli-di-idrissa\/","name":"7. I polli di Idrissa - Mani Tese","isPartOf":{"@id":"https:\/\/www.manitese.it\/en\/#website"},"primaryImageOfPage":{"@id":"https:\/\/www.manitese.it\/en\/i-polli-di-idrissa\/#primaryimage"},"image":{"@id":"https:\/\/www.manitese.it\/en\/i-polli-di-idrissa\/#primaryimage"},"thumbnailUrl":"https:\/\/www.manitese.it\/wp-content\/uploads\/2020\/06\/i-polli-di-idrissa_cover_mani-tese-2020-1.jpg","datePublished":"2020-06-26T07:43:53+00:00","dateModified":"2023-12-14T10:09:57+00:00","author":{"@id":"https:\/\/www.manitese.it\/en\/#\/schema\/person\/5a9774f17e4940e2510bfeba90f04f65"},"description":"Idrissa, dell\u2019associazione Union des Jeunes Leaders du Boulgou, ci racconta di come abbia iniziato l\u2019attivit\u00e0 di allevamento dei polli, un \u201caffare\u201d molto serio in Burkina Faso.","breadcrumb":{"@id":"https:\/\/www.manitese.it\/en\/i-polli-di-idrissa\/#breadcrumb"},"inLanguage":"en-US","potentialAction":[{"@type":"ReadAction","target":["https:\/\/www.manitese.it\/en\/i-polli-di-idrissa\/"]}]},{"@type":"ImageObject","inLanguage":"en-US","@id":"https:\/\/www.manitese.it\/en\/i-polli-di-idrissa\/#primaryimage","url":"https:\/\/www.manitese.it\/wp-content\/uploads\/2020\/06\/i-polli-di-idrissa_cover_mani-tese-2020-1.jpg","contentUrl":"https:\/\/www.manitese.it\/wp-content\/uploads\/2020\/06\/i-polli-di-idrissa_cover_mani-tese-2020-1.jpg","width":1920,"height":800,"caption":"i polli di idrissa_cover_mani tese 2020"},{"@type":"BreadcrumbList","@id":"https:\/\/www.manitese.it\/en\/i-polli-di-idrissa\/#breadcrumb","itemListElement":[{"@type":"ListItem","position":1,"name":"Home","item":"https:\/\/www.manitese.it\/en\/"},{"@type":"ListItem","position":2,"name":"7. I polli di Idrissa"}]},{"@type":"WebSite","@id":"https:\/\/www.manitese.it\/en\/#website","url":"https:\/\/www.manitese.it\/en\/","name":"Mani Tese","description":"","potentialAction":[{"@type":"SearchAction","target":{"@type":"EntryPoint","urlTemplate":"https:\/\/www.manitese.it\/en\/?s={search_term_string}"},"query-input":{"@type":"PropertyValueSpecification","valueRequired":true,"valueName":"search_term_string"}}],"inLanguage":"en-US"},{"@type":"Person","@id":"https:\/\/www.manitese.it\/en\/#\/schema\/person\/5a9774f17e4940e2510bfeba90f04f65","name":"agevis","image":{"@type":"ImageObject","inLanguage":"en-US","@id":"https:\/\/secure.gravatar.com\/avatar\/2dc96c93fcf3387a5922a93b50fb3bff01d4800590fb6a4ab91a034adb25ba17?s=96&d=mm&r=g","url":"https:\/\/secure.gravatar.com\/avatar\/2dc96c93fcf3387a5922a93b50fb3bff01d4800590fb6a4ab91a034adb25ba17?s=96&d=mm&r=g","contentUrl":"https:\/\/secure.gravatar.com\/avatar\/2dc96c93fcf3387a5922a93b50fb3bff01d4800590fb6a4ab91a034adb25ba17?s=96&d=mm&r=g","caption":"agevis"},"url":"https:\/\/www.manitese.it\/en\/author\/wp_agevis_admin\/"}]}},"jetpack_featured_media_url":"https:\/\/www.manitese.it\/wp-content\/uploads\/2020\/06\/i-polli-di-idrissa_cover_mani-tese-2020-1.jpg","jetpack_sharing_enabled":true,"_links":{"self":[{"href":"https:\/\/www.manitese.it\/en\/wp-json\/wp\/v2\/posts\/61969","targetHints":{"allow":["GET"]}}],"collection":[{"href":"https:\/\/www.manitese.it\/en\/wp-json\/wp\/v2\/posts"}],"about":[{"href":"https:\/\/www.manitese.it\/en\/wp-json\/wp\/v2\/types\/post"}],"author":[{"embeddable":true,"href":"https:\/\/www.manitese.it\/en\/wp-json\/wp\/v2\/users\/1"}],"replies":[{"embeddable":true,"href":"https:\/\/www.manitese.it\/en\/wp-json\/wp\/v2\/comments?post=61969"}],"version-history":[{"count":3,"href":"https:\/\/www.manitese.it\/en\/wp-json\/wp\/v2\/posts\/61969\/revisions"}],"predecessor-version":[{"id":191865,"href":"https:\/\/www.manitese.it\/en\/wp-json\/wp\/v2\/posts\/61969\/revisions\/191865"}],"wp:featuredmedia":[{"embeddable":true,"href":"https:\/\/www.manitese.it\/en\/wp-json\/wp\/v2\/media\/61970"}],"wp:attachment":[{"href":"https:\/\/www.manitese.it\/en\/wp-json\/wp\/v2\/media?parent=61969"}],"wp:term":[{"taxonomy":"category","embeddable":true,"href":"https:\/\/www.manitese.it\/en\/wp-json\/wp\/v2\/categories?post=61969"},{"taxonomy":"post_tag","embeddable":true,"href":"https:\/\/www.manitese.it\/en\/wp-json\/wp\/v2\/tags?post=61969"},{"taxonomy":"thematic_area","embeddable":true,"href":"https:\/\/www.manitese.it\/en\/wp-json\/wp\/v2\/thematic_area?post=61969"}],"curies":[{"name":"wp","href":"https:\/\/api.w.org\/{rel}","templated":true}]}}