{"id":61749,"date":"2020-06-17T11:32:27","date_gmt":"2020-06-17T09:32:27","guid":{"rendered":"https:\/\/manitese.it\/?p=61749"},"modified":"2023-12-12T11:16:33","modified_gmt":"2023-12-12T10:16:33","slug":"quelimane-sostenibile","status":"publish","type":"post","link":"https:\/\/www.manitese.it\/en\/quelimane-sostenibile\/","title":{"rendered":"Quelimane sostenibile"},"content":{"rendered":"\r\n<p>Mani Tese, grazie al progetto \u201c<strong><a href=\"https:\/\/manitese.it\/progetto\/quelimane-agricola-produce-cresce-consuma-sostenibile\" target=\"_blank\" rel=\"noreferrer noopener\" aria-label=\"Quelimane agricola: produce, cresce e consuma sostenibile (apre in una nuova scheda)\">Quelimane agricola: produce, cresce e consuma sostenibile<\/a><\/strong>\u201d vuole intervenire sul food system della <strong>Provincia della Zamb\u00e9zia, in Mozambico<\/strong>, e renderlo il pi\u00f9 possibile sostenibile.<\/p>\r\n\r\n\r\n\r\n<p>Per food system si intendono tutte le attivit\u00e0 di produzione, trasformazione, trasporto, distribuzione, marketing e consumo di prodotti alimentari. <strong>Un food system sostenibile fornisce alimenti sani e nutrienti<\/strong> &#8211; di preferenza prodotti localmente da agricoltori che vedono tutelati i loro diritti &#8211; per soddisfare le esigenze alimentari attuali, preservando gli ecosistemi in modo che possano fornire cibo anche per le generazioni future impattando il meno possibile sull\u2019ambiente. \u00c8 una sfida che coinvolge gli agronomi, ma anche gli economisti, i giuristi e i policy makers, e che pu\u00f2 essere supportata dall\u2019innovazione tecnologica.<\/p>\r\n\r\n\r\n\r\n<p>Per questo motivo, Mani Tese ha preliminarmente costituito un complesso partenariato che vede coinvolti la controparte locale UPC-Z, ovvero l\u2019Unione dei contadini della Provincia della Zamb\u00e9zia, l\u2019<a href=\"https:\/\/www.icei.it\/\" target=\"_blank\" rel=\"noreferrer noopener\" aria-label=\"ONG ICEI (apre in una nuova scheda)\">ONG ICEI<\/a>, l\u2019<a href=\"https:\/\/www.unifi.it\/\" target=\"_blank\" rel=\"noreferrer noopener\" aria-label=\"Universit\u00e0 degli Studi di Firenze (apre in una nuova scheda)\">Universit\u00e0 degli Studi di Firenze<\/a>, il Municipio di Quelimane, il <a href=\"https:\/\/www.comune.milano.it\/\" target=\"_blank\" rel=\"noreferrer noopener\" aria-label=\"Comune di Milano (apre in una nuova scheda)\">Comune di Milano<\/a>, il <a href=\"https:\/\/www.comune.re.it\/retecivica\/urp\/pes.nsf\/web\/Hmttl?opendocument\" target=\"_blank\" rel=\"noreferrer noopener\" aria-label=\"Comune di Reggio nell\u2019Emilia (apre in una nuova scheda)\">Comune di Reggio nell\u2019Emilia<\/a>, la <a href=\"https:\/\/e-35.it\/it\/home\/\" target=\"_blank\" rel=\"noreferrer noopener\" aria-label=\"Fondazione E35 (apre in una nuova scheda)\">Fondazione E35<\/a>, e infine <a href=\"https:\/\/www.gnucoop.com\/\" target=\"_blank\" rel=\"noreferrer noopener\" aria-label=\"Gnucoop (apre in una nuova scheda)\">Gnucoop<\/a>, cooperativa esperta in tecnologia e innovazione per il non-profit. L\u2019intervento, concepito grazie al contributo di tutti i partner, \u00e8 stato cofinanziato dall\u2019<a href=\"https:\/\/www.aics.gov.it\/\" target=\"_blank\" rel=\"noreferrer noopener\" aria-label=\"Agenzia Italiana per la Cooperazione allo Sviluppo (apre in una nuova scheda)\">Agenzia Italiana per la Cooperazione allo Sviluppo<\/a> ed \u00e8 iniziato nel 2018. Si propone, nello specifico, di contribuire allo sviluppo rurale sostenibile della provincia della Zamb\u00e9zia attraverso il rafforzamento del sistema agroalimentare locale e dei suoi principali attori &#8211; produttori, settore privato e autorit\u00e0 locali, adottando pratiche innovative e sostenibili in tutta la catena legata al food, ovvero dalla produzione nei campi al loro consumo.<\/p>\r\n\r\n\r\n\r\n<p>Ne abbiamo parlato con <strong>Agostinho de Brito, responsabile del Dipartimento di Cooperazione internazionale del Municipio di Quelimane<\/strong>.<\/p>\r\n\r\n\r\n\r\n<p><strong>Qual \u00e8 la sfida che il Municipio di Quelimane sta affrontando per promuovere i prodotti agricoli locali?<\/strong><\/p>\r\n\r\n\r\n\r\n<p>La citt\u00e0 di Quelimane ha una peculiarit\u00e0: i terreni sono salmastri e per questa ragione la produzione orticola in citt\u00e0 finora \u00e8 stata poco redditizia ed esigua. Con l&#8217;arrivo del progetto Quelimane Limpa, gestito dalla ONG CELIM, e in particolare con la costruzione di un Centro di compostaggio, i piccoli produttori hanno migliorato la resa agricola e aumentato la quantit\u00e0 prodotta. Ci\u00f2 ha creato un afflusso di prodotti locali sui mercati e alcuni produttori vendono i propri prodotti anche nei quartieri in cui vivono, per i vicini e per la gente di passaggio. La sfida pi\u00f9 grande, al momento, \u00e8 garantire la produzione agricola durante tutti i mesi dell\u2019anno, e quindi anche in quelli caratterizzati dalla siccit\u00e0, per esempio costruendo dei piccoli e semplici sistemi di irrigazione, come \u00e8 stato fatto nell\u2019ambito del progetto <a href=\"https:\/\/manitese.it\/progetto\/quelimane-agricola-produce-cresce-consuma-sostenibile\" target=\"_blank\" rel=\"noreferrer noopener\" aria-label=\"Quelimane Agricola (apre in una nuova scheda)\">Quelimane Agricola<\/a>. Inoltre, \u00e8 importante formare i produttori per far in modo che scelgano con accuratezza i prodotti da coltivare e che utilizzino le migliori tecniche per farlo. \u00c8 altrettanto cruciale migliorare il sistema di trasporto e di manipolazione degli alimenti (ci sono persone, infatti, che preferiscono comprare nei supermercati per questioni igieniche). Infine, \u00e8 assolutamente necessario un sistema di stoccaggio e vendita dei prodotti che prevede impianti refrigeranti in grado di prolungare la durata della conservazione degli alimenti.<\/p>\r\n\r\n\r\n\r\n<p><strong>\u00c8 aumentata l&#8217;offerta dei prodotti agricoli locali a Quelimane e quale ruolo ha avuto il progetto Quelimane Agricola?<\/strong><\/p>\r\n\r\n\r\n\r\n<p>\u00c8 aumentata sia l&#8217;offerta che la quantit\u00e0. Grazie al progetto <a href=\"https:\/\/manitese.it\/progetto\/quelimane-agricola-produce-cresce-consuma-sostenibile\" target=\"_blank\" rel=\"noreferrer noopener\" aria-label=\"Quelimane Agricola (apre in una nuova scheda)\">Quelimane Agricola<\/a> un numero maggiore di persone si \u00e8 impegnato in una produzione agricola di piccola scala diversa da quella familiare tradizionale e sta scommettendo su coltivazioni che permettono un aumento della quantit\u00e0 e qualit\u00e0 dei prodotti agricoli, su modi diversi di coltivare e sull&#8217;uso di compost organico. Un aspetto fondamentale in questo processo \u00e8 la quantit\u00e0 delle sementi, oltre che il loro prezzo. Molti agricoltori utilizzano sementi della produzione agricola precedente e questo ha come conseguenza un potere germinativo minore e un rendimento basso; il progetto <a href=\"https:\/\/manitese.it\/progetto\/quelimane-agricola-produce-cresce-consuma-sostenibile\" target=\"_blank\" rel=\"noreferrer noopener\" aria-label=\"Quelimane Agricola (apre in una nuova scheda)\">Quelimane Agricola<\/a> offre invece sementi di qualit\u00e0. Inoltre, tali sementi possono essere riprodotte e quindi moltiplicate grazie alla costruzione di apposite banche di sementi, per poter tra l\u2019altro garantire un prezzo accessibile per i produttori.<\/p>\r\n\r\n\r\n\r\n<p><strong>Pu\u00f2 fornirci qualche dato sui prodotti agricoli, locali e importati, che si trovano nei supermercati e nei mercati, per esempio il Mercato Centrale e il Mercato di Aquima che sono stati oggetto proprio in questi mesi di lavori infrastrutturali realizzati nell\u2019ambito del progetto Quelimane agricola?<\/strong><\/p>\r\n\r\n\r\n\r\n<p>Nei mercati si trovano pi\u00f9 prodotti locali rispetto ai supermercati. Ad esempio, il pesce presente nelle bancarelle dei mercati \u00e8 quasi esclusivamente locale, mentre quello che si trova nei supermercati proviene per l\u201980% da Cina, Portogallo e Angola. Un altro esempio riguarda la carota: se nei mercati \u00e8 possibile acquistare quella prodotta localmente, nei supermercati per l\u201980% si tratta di carote provenienti dal Sudafrica, che tra l\u2019altro esporta in Mozambico anche cipolla, pollo e carne rossa.<\/p>\r\n\r\n\r\n\r\n<p><strong>Da quand&#8217;\u00e8 che Quelimane fa parte del Milan Urban Food Policy Pact (MUFPP) e quali sono le iniziative prese dall&#8217;Amministrazione legate a questo Patto?<\/strong><\/p>\r\n\r\n\r\n\r\n<p>La citt\u00e0 di Quelimane fa parte del MUFPP da 4 anni e ha avviato il processo di apprendimento e di condivisione di buone pratiche. Per esempio, \u00e8 stato pubblicato un articolo sulla gestione e la trasformazione dei rifiuti solidi organici dei mercati locali e sui concimi organici utilizzati nei campi dagli agricoltori. Inoltre, le politiche di sicurezza alimentare della citt\u00e0 si basano sulle direttive del MUFPP. Credo che a breve, inoltre, la citt\u00e0 di Quelimane formuler\u00e0 un piano pi\u00f9 circostanziato per la sicurezza alimentare e per sistemi alimentari.<\/p>\r\n\r\n\r\n\r\n<p><strong>Nel novembre dello scorso anno lei ha visitato Milano, Reggio Emilia e Bologna. Cosa l&#8217;ha colpita di pi\u00f9? Cosa pensa del food system italiano?<\/strong><\/p>\r\n\r\n\r\n\r\n<p>\u201cRoma non \u00e8 stata costruita in un giorno\u201d, si dice. L&#8217;ho percepito chiaramente nell&#8217;organizzazione delle cooperative, soprattutto a Reggio Emilia, dove abbiamo visitato con molto interesse La Collina e la Cantina Albinea Canali. Inoltre, a Bologna abbiamo partecipato a una stimolante videoconferenza con il Sebrae dello Stato del Paran\u00e0 (Servizio di appoggio per la micro e piccola impresa) per uno scambio sulla gestione dei mercati, organizzata dalla Regione Emilia-Romagna. Italia e Brasile hanno sistemi alimentari sviluppati che consentono ai produttori di cooperare e di guadagnare un bargaining power nel mercato. Le cooperative hanno creato interessanti sistemi di incentivazione per i soci e il sistema di trattamento e manipolazione degli alimenti fa s\u00ec che i consumatori abbiano prodotti di qualit\u00e0.<\/p>\r\n","protected":false},"excerpt":{"rendered":"<p>L\u2019impegno di Mani Tese per costruire sul territorio un modello di food system innovativo che sostenga le produzioni agricole locali e un\u2019alimentazione sana.<\/p>\n","protected":false},"author":1,"featured_media":61752,"comment_status":"open","ping_status":"open","sticky":false,"template":"","format":"standard","meta":{"_acf_changed":false,"give_campaign_id":0,"inline_featured_image":false,"_jetpack_memberships_contains_paid_content":false,"footnotes":""},"categories":[12],"tags":[],"thematic_area":[918,916],"class_list":["post-61749","post","type-post","status-publish","format-standard","has-post-thumbnail","hentry","category-il-nostro-giornale","thematic_area-sistemi-e-filiere-agroalimentari-locali","thematic_area-citta-e-pratiche-sostenibili"],"acf":[],"yoast_head":"<!-- This site is optimized with the Yoast SEO plugin v27.5 - https:\/\/yoast.com\/product\/yoast-seo-wordpress\/ -->\n<title>Quelimane sostenibile - Mani Tese<\/title>\n<meta name=\"description\" content=\"L\u2019impegno di Mani Tese per costruire sul territorio un modello di food system innovativo che sostenga le produzioni agricole locali e un\u2019alimentazione sana.\" \/>\n<meta name=\"robots\" content=\"index, follow, max-snippet:-1, max-image-preview:large, max-video-preview:-1\" \/>\n<link rel=\"canonical\" href=\"https:\/\/www.manitese.it\/en\/quelimane-sostenibile\/\" \/>\n<meta property=\"og:locale\" content=\"en_US\" \/>\n<meta property=\"og:type\" content=\"article\" \/>\n<meta property=\"og:title\" content=\"Quelimane sostenibile - Mani Tese\" \/>\n<meta property=\"og:description\" content=\"L\u2019impegno di Mani Tese per costruire sul territorio un modello di food system innovativo che sostenga le produzioni agricole locali e un\u2019alimentazione sana.\" \/>\n<meta property=\"og:url\" content=\"https:\/\/www.manitese.it\/en\/quelimane-sostenibile\/\" \/>\n<meta property=\"og:site_name\" content=\"Mani Tese\" \/>\n<meta property=\"article:published_time\" content=\"2020-06-17T09:32:27+00:00\" \/>\n<meta property=\"article:modified_time\" content=\"2023-12-12T10:16:33+00:00\" \/>\n<meta property=\"og:image\" content=\"https:\/\/www.manitese.it\/wp-content\/uploads\/2020\/06\/Quelimane-sostenibile_giornale-Mani-Tese-2020_cover-1.jpg\" \/>\n\t<meta property=\"og:image:width\" content=\"1920\" \/>\n\t<meta property=\"og:image:height\" content=\"800\" \/>\n\t<meta property=\"og:image:type\" content=\"image\/jpeg\" \/>\n<meta name=\"author\" content=\"agevis\" \/>\n<meta name=\"twitter:card\" content=\"summary_large_image\" \/>\n<meta name=\"twitter:label1\" content=\"Written by\" \/>\n\t<meta name=\"twitter:data1\" content=\"agevis\" \/>\n\t<meta name=\"twitter:label2\" content=\"Est. reading time\" \/>\n\t<meta name=\"twitter:data2\" content=\"5 minutes\" \/>\n<script type=\"application\/ld+json\" class=\"yoast-schema-graph\">{\"@context\":\"https:\\\/\\\/schema.org\",\"@graph\":[{\"@type\":\"Article\",\"@id\":\"https:\\\/\\\/www.manitese.it\\\/en\\\/quelimane-sostenibile\\\/#article\",\"isPartOf\":{\"@id\":\"https:\\\/\\\/www.manitese.it\\\/en\\\/quelimane-sostenibile\\\/\"},\"author\":{\"name\":\"agevis\",\"@id\":\"https:\\\/\\\/www.manitese.it\\\/en\\\/#\\\/schema\\\/person\\\/5a9774f17e4940e2510bfeba90f04f65\"},\"headline\":\"Quelimane sostenibile\",\"datePublished\":\"2020-06-17T09:32:27+00:00\",\"dateModified\":\"2023-12-12T10:16:33+00:00\",\"mainEntityOfPage\":{\"@id\":\"https:\\\/\\\/www.manitese.it\\\/en\\\/quelimane-sostenibile\\\/\"},\"wordCount\":1037,\"commentCount\":0,\"image\":{\"@id\":\"https:\\\/\\\/www.manitese.it\\\/en\\\/quelimane-sostenibile\\\/#primaryimage\"},\"thumbnailUrl\":\"https:\\\/\\\/www.manitese.it\\\/wp-content\\\/uploads\\\/2020\\\/06\\\/Quelimane-sostenibile_giornale-Mani-Tese-2020_cover-1.jpg\",\"articleSection\":[\"Il nostro giornale\"],\"inLanguage\":\"en-US\",\"potentialAction\":[{\"@type\":\"CommentAction\",\"name\":\"Comment\",\"target\":[\"https:\\\/\\\/www.manitese.it\\\/en\\\/quelimane-sostenibile\\\/#respond\"]}]},{\"@type\":\"WebPage\",\"@id\":\"https:\\\/\\\/www.manitese.it\\\/en\\\/quelimane-sostenibile\\\/\",\"url\":\"https:\\\/\\\/www.manitese.it\\\/en\\\/quelimane-sostenibile\\\/\",\"name\":\"Quelimane sostenibile - Mani Tese\",\"isPartOf\":{\"@id\":\"https:\\\/\\\/www.manitese.it\\\/en\\\/#website\"},\"primaryImageOfPage\":{\"@id\":\"https:\\\/\\\/www.manitese.it\\\/en\\\/quelimane-sostenibile\\\/#primaryimage\"},\"image\":{\"@id\":\"https:\\\/\\\/www.manitese.it\\\/en\\\/quelimane-sostenibile\\\/#primaryimage\"},\"thumbnailUrl\":\"https:\\\/\\\/www.manitese.it\\\/wp-content\\\/uploads\\\/2020\\\/06\\\/Quelimane-sostenibile_giornale-Mani-Tese-2020_cover-1.jpg\",\"datePublished\":\"2020-06-17T09:32:27+00:00\",\"dateModified\":\"2023-12-12T10:16:33+00:00\",\"author\":{\"@id\":\"https:\\\/\\\/www.manitese.it\\\/en\\\/#\\\/schema\\\/person\\\/5a9774f17e4940e2510bfeba90f04f65\"},\"description\":\"L\u2019impegno di Mani Tese per costruire sul territorio un modello di food system innovativo che sostenga le produzioni agricole locali e un\u2019alimentazione sana.\",\"breadcrumb\":{\"@id\":\"https:\\\/\\\/www.manitese.it\\\/en\\\/quelimane-sostenibile\\\/#breadcrumb\"},\"inLanguage\":\"en-US\",\"potentialAction\":[{\"@type\":\"ReadAction\",\"target\":[\"https:\\\/\\\/www.manitese.it\\\/en\\\/quelimane-sostenibile\\\/\"]}]},{\"@type\":\"ImageObject\",\"inLanguage\":\"en-US\",\"@id\":\"https:\\\/\\\/www.manitese.it\\\/en\\\/quelimane-sostenibile\\\/#primaryimage\",\"url\":\"https:\\\/\\\/www.manitese.it\\\/wp-content\\\/uploads\\\/2020\\\/06\\\/Quelimane-sostenibile_giornale-Mani-Tese-2020_cover-1.jpg\",\"contentUrl\":\"https:\\\/\\\/www.manitese.it\\\/wp-content\\\/uploads\\\/2020\\\/06\\\/Quelimane-sostenibile_giornale-Mani-Tese-2020_cover-1.jpg\",\"width\":1920,\"height\":800,\"caption\":\"Quelimane sostenibile_giornale Mani Tese 2020_cover\"},{\"@type\":\"BreadcrumbList\",\"@id\":\"https:\\\/\\\/www.manitese.it\\\/en\\\/quelimane-sostenibile\\\/#breadcrumb\",\"itemListElement\":[{\"@type\":\"ListItem\",\"position\":1,\"name\":\"Home\",\"item\":\"https:\\\/\\\/www.manitese.it\\\/en\\\/\"},{\"@type\":\"ListItem\",\"position\":2,\"name\":\"Quelimane sostenibile\"}]},{\"@type\":\"WebSite\",\"@id\":\"https:\\\/\\\/www.manitese.it\\\/en\\\/#website\",\"url\":\"https:\\\/\\\/www.manitese.it\\\/en\\\/\",\"name\":\"Mani Tese\",\"description\":\"\",\"potentialAction\":[{\"@type\":\"SearchAction\",\"target\":{\"@type\":\"EntryPoint\",\"urlTemplate\":\"https:\\\/\\\/www.manitese.it\\\/en\\\/?s={search_term_string}\"},\"query-input\":{\"@type\":\"PropertyValueSpecification\",\"valueRequired\":true,\"valueName\":\"search_term_string\"}}],\"inLanguage\":\"en-US\"},{\"@type\":\"Person\",\"@id\":\"https:\\\/\\\/www.manitese.it\\\/en\\\/#\\\/schema\\\/person\\\/5a9774f17e4940e2510bfeba90f04f65\",\"name\":\"agevis\",\"image\":{\"@type\":\"ImageObject\",\"inLanguage\":\"en-US\",\"@id\":\"https:\\\/\\\/secure.gravatar.com\\\/avatar\\\/2dc96c93fcf3387a5922a93b50fb3bff01d4800590fb6a4ab91a034adb25ba17?s=96&d=mm&r=g\",\"url\":\"https:\\\/\\\/secure.gravatar.com\\\/avatar\\\/2dc96c93fcf3387a5922a93b50fb3bff01d4800590fb6a4ab91a034adb25ba17?s=96&d=mm&r=g\",\"contentUrl\":\"https:\\\/\\\/secure.gravatar.com\\\/avatar\\\/2dc96c93fcf3387a5922a93b50fb3bff01d4800590fb6a4ab91a034adb25ba17?s=96&d=mm&r=g\",\"caption\":\"agevis\"},\"url\":\"https:\\\/\\\/www.manitese.it\\\/en\\\/author\\\/wp_agevis_admin\\\/\"}]}<\/script>\n<!-- \/ Yoast SEO plugin. -->","yoast_head_json":{"title":"Quelimane sostenibile - Mani Tese","description":"L\u2019impegno di Mani Tese per costruire sul territorio un modello di food system innovativo che sostenga le produzioni agricole locali e un\u2019alimentazione sana.","robots":{"index":"index","follow":"follow","max-snippet":"max-snippet:-1","max-image-preview":"max-image-preview:large","max-video-preview":"max-video-preview:-1"},"canonical":"https:\/\/www.manitese.it\/en\/quelimane-sostenibile\/","og_locale":"en_US","og_type":"article","og_title":"Quelimane sostenibile - Mani Tese","og_description":"L\u2019impegno di Mani Tese per costruire sul territorio un modello di food system innovativo che sostenga le produzioni agricole locali e un\u2019alimentazione sana.","og_url":"https:\/\/www.manitese.it\/en\/quelimane-sostenibile\/","og_site_name":"Mani Tese","article_published_time":"2020-06-17T09:32:27+00:00","article_modified_time":"2023-12-12T10:16:33+00:00","og_image":[{"width":1920,"height":800,"url":"https:\/\/www.manitese.it\/wp-content\/uploads\/2020\/06\/Quelimane-sostenibile_giornale-Mani-Tese-2020_cover-1.jpg","type":"image\/jpeg"}],"author":"agevis","twitter_card":"summary_large_image","twitter_misc":{"Written by":"agevis","Est. reading time":"5 minutes"},"schema":{"@context":"https:\/\/schema.org","@graph":[{"@type":"Article","@id":"https:\/\/www.manitese.it\/en\/quelimane-sostenibile\/#article","isPartOf":{"@id":"https:\/\/www.manitese.it\/en\/quelimane-sostenibile\/"},"author":{"name":"agevis","@id":"https:\/\/www.manitese.it\/en\/#\/schema\/person\/5a9774f17e4940e2510bfeba90f04f65"},"headline":"Quelimane sostenibile","datePublished":"2020-06-17T09:32:27+00:00","dateModified":"2023-12-12T10:16:33+00:00","mainEntityOfPage":{"@id":"https:\/\/www.manitese.it\/en\/quelimane-sostenibile\/"},"wordCount":1037,"commentCount":0,"image":{"@id":"https:\/\/www.manitese.it\/en\/quelimane-sostenibile\/#primaryimage"},"thumbnailUrl":"https:\/\/www.manitese.it\/wp-content\/uploads\/2020\/06\/Quelimane-sostenibile_giornale-Mani-Tese-2020_cover-1.jpg","articleSection":["Il nostro giornale"],"inLanguage":"en-US","potentialAction":[{"@type":"CommentAction","name":"Comment","target":["https:\/\/www.manitese.it\/en\/quelimane-sostenibile\/#respond"]}]},{"@type":"WebPage","@id":"https:\/\/www.manitese.it\/en\/quelimane-sostenibile\/","url":"https:\/\/www.manitese.it\/en\/quelimane-sostenibile\/","name":"Quelimane sostenibile - Mani Tese","isPartOf":{"@id":"https:\/\/www.manitese.it\/en\/#website"},"primaryImageOfPage":{"@id":"https:\/\/www.manitese.it\/en\/quelimane-sostenibile\/#primaryimage"},"image":{"@id":"https:\/\/www.manitese.it\/en\/quelimane-sostenibile\/#primaryimage"},"thumbnailUrl":"https:\/\/www.manitese.it\/wp-content\/uploads\/2020\/06\/Quelimane-sostenibile_giornale-Mani-Tese-2020_cover-1.jpg","datePublished":"2020-06-17T09:32:27+00:00","dateModified":"2023-12-12T10:16:33+00:00","author":{"@id":"https:\/\/www.manitese.it\/en\/#\/schema\/person\/5a9774f17e4940e2510bfeba90f04f65"},"description":"L\u2019impegno di Mani Tese per costruire sul territorio un modello di food system innovativo che sostenga le produzioni agricole locali e un\u2019alimentazione sana.","breadcrumb":{"@id":"https:\/\/www.manitese.it\/en\/quelimane-sostenibile\/#breadcrumb"},"inLanguage":"en-US","potentialAction":[{"@type":"ReadAction","target":["https:\/\/www.manitese.it\/en\/quelimane-sostenibile\/"]}]},{"@type":"ImageObject","inLanguage":"en-US","@id":"https:\/\/www.manitese.it\/en\/quelimane-sostenibile\/#primaryimage","url":"https:\/\/www.manitese.it\/wp-content\/uploads\/2020\/06\/Quelimane-sostenibile_giornale-Mani-Tese-2020_cover-1.jpg","contentUrl":"https:\/\/www.manitese.it\/wp-content\/uploads\/2020\/06\/Quelimane-sostenibile_giornale-Mani-Tese-2020_cover-1.jpg","width":1920,"height":800,"caption":"Quelimane sostenibile_giornale Mani Tese 2020_cover"},{"@type":"BreadcrumbList","@id":"https:\/\/www.manitese.it\/en\/quelimane-sostenibile\/#breadcrumb","itemListElement":[{"@type":"ListItem","position":1,"name":"Home","item":"https:\/\/www.manitese.it\/en\/"},{"@type":"ListItem","position":2,"name":"Quelimane sostenibile"}]},{"@type":"WebSite","@id":"https:\/\/www.manitese.it\/en\/#website","url":"https:\/\/www.manitese.it\/en\/","name":"Mani Tese","description":"","potentialAction":[{"@type":"SearchAction","target":{"@type":"EntryPoint","urlTemplate":"https:\/\/www.manitese.it\/en\/?s={search_term_string}"},"query-input":{"@type":"PropertyValueSpecification","valueRequired":true,"valueName":"search_term_string"}}],"inLanguage":"en-US"},{"@type":"Person","@id":"https:\/\/www.manitese.it\/en\/#\/schema\/person\/5a9774f17e4940e2510bfeba90f04f65","name":"agevis","image":{"@type":"ImageObject","inLanguage":"en-US","@id":"https:\/\/secure.gravatar.com\/avatar\/2dc96c93fcf3387a5922a93b50fb3bff01d4800590fb6a4ab91a034adb25ba17?s=96&d=mm&r=g","url":"https:\/\/secure.gravatar.com\/avatar\/2dc96c93fcf3387a5922a93b50fb3bff01d4800590fb6a4ab91a034adb25ba17?s=96&d=mm&r=g","contentUrl":"https:\/\/secure.gravatar.com\/avatar\/2dc96c93fcf3387a5922a93b50fb3bff01d4800590fb6a4ab91a034adb25ba17?s=96&d=mm&r=g","caption":"agevis"},"url":"https:\/\/www.manitese.it\/en\/author\/wp_agevis_admin\/"}]}},"jetpack_featured_media_url":"https:\/\/www.manitese.it\/wp-content\/uploads\/2020\/06\/Quelimane-sostenibile_giornale-Mani-Tese-2020_cover-1.jpg","jetpack_sharing_enabled":true,"_links":{"self":[{"href":"https:\/\/www.manitese.it\/en\/wp-json\/wp\/v2\/posts\/61749","targetHints":{"allow":["GET"]}}],"collection":[{"href":"https:\/\/www.manitese.it\/en\/wp-json\/wp\/v2\/posts"}],"about":[{"href":"https:\/\/www.manitese.it\/en\/wp-json\/wp\/v2\/types\/post"}],"author":[{"embeddable":true,"href":"https:\/\/www.manitese.it\/en\/wp-json\/wp\/v2\/users\/1"}],"replies":[{"embeddable":true,"href":"https:\/\/www.manitese.it\/en\/wp-json\/wp\/v2\/comments?post=61749"}],"version-history":[{"count":3,"href":"https:\/\/www.manitese.it\/en\/wp-json\/wp\/v2\/posts\/61749\/revisions"}],"predecessor-version":[{"id":191814,"href":"https:\/\/www.manitese.it\/en\/wp-json\/wp\/v2\/posts\/61749\/revisions\/191814"}],"wp:featuredmedia":[{"embeddable":true,"href":"https:\/\/www.manitese.it\/en\/wp-json\/wp\/v2\/media\/61752"}],"wp:attachment":[{"href":"https:\/\/www.manitese.it\/en\/wp-json\/wp\/v2\/media?parent=61749"}],"wp:term":[{"taxonomy":"category","embeddable":true,"href":"https:\/\/www.manitese.it\/en\/wp-json\/wp\/v2\/categories?post=61749"},{"taxonomy":"post_tag","embeddable":true,"href":"https:\/\/www.manitese.it\/en\/wp-json\/wp\/v2\/tags?post=61749"},{"taxonomy":"thematic_area","embeddable":true,"href":"https:\/\/www.manitese.it\/en\/wp-json\/wp\/v2\/thematic_area?post=61749"}],"curies":[{"name":"wp","href":"https:\/\/api.w.org\/{rel}","templated":true}]}}