{"id":61525,"date":"2020-06-09T15:22:03","date_gmt":"2020-06-09T13:22:03","guid":{"rendered":"https:\/\/manitese.it\/?p=61525"},"modified":"2023-12-20T16:35:02","modified_gmt":"2023-12-20T15:35:02","slug":"cibo-locale-cibo-sano-produzione-agricola-sostenibile","status":"publish","type":"post","link":"https:\/\/www.manitese.it\/en\/cibo-locale-cibo-sano-produzione-agricola-sostenibile\/","title":{"rendered":"CIBO LOCALE, CIBO SANO: UNA PRODUZIONE AGRICOLA SOSTENIBILE"},"content":{"rendered":"\r\n<p>Il progetto\u00a0<strong><a href=\"https:\/\/manitese.it\/progetto\/cibo-locale-cibo-sano\" target=\"_blank\" rel=\"noreferrer noopener\">\u201cCIBO LOCALE, CIBO SANO\u201d<\/a><\/strong>, cofinanziato dalla\u00a0<strong><a href=\"https:\/\/www.regione.emilia-romagna.it\/\" target=\"_blank\" rel=\"noreferrer noopener\">Regione Emilia-Romagna<\/a><\/strong>, \u00e8 da poco terminato. Lo staff di Mani Tese si \u00e8 recato nelle comunit\u00e0 beneficiarie &#8211;\u00a0<strong>Mudenga, Barrone e Sangravera<\/strong>\u00a0&#8211; per svolgere degli incontri conclusivi e sensibilizzare sul tema del coronavirus che, purtroppo, \u00e8 arrivato anche nella provincia della Zambezia. A breve, pubblicheremo un video riassuntivo di questi incontri.<\/p>\r\n\r\n\r\n\r\n<p>Molte sono state le attivit\u00e0 realizzate grazie al progetto\u00a0<strong><a href=\"https:\/\/manitese.it\/progetto\/cibo-locale-cibo-sano\" target=\"_blank\" rel=\"noreferrer noopener\">\u201cCIBO LOCALE, CIBO SANO\u201d<\/a><\/strong>\u00a0che aveva l\u2019obiettivo di\u00a0<strong>valorizzare buone pratiche gi\u00e0 avviate nel settore alimentare<\/strong>, promuovendone di nuove, anche attraverso la creazione di partnership virtuose fra Italia e Mozambico.<\/p>\r\n\r\n\r\n\r\n<p>In questo articolo ci vogliamo concentrare sulla parte agricola del progetto che prevedeva la\u00a0<strong>costruzione di vivai, banche dei semi e unit\u00e0 di compostaggio<\/strong>, allo scopo di incrementare e differenziare la\u00a0<strong>produzione di cibo sano e locale<\/strong>\u00a0in modo sostenibile e con tecniche dell\u2019agricoltura di conservazione, senza l\u2019uso di fertilizzanti chimici.<\/p>\r\n\r\n\r\n\r\n<p>Come si pu\u00f2 vedere dalle foto qui di seguito, molto \u00e8 stato il lavoro fatto e importante \u00e8 stata, oltre al lavoro sui campi, anche\u00a0<strong>l\u2019opera di formazione condotta dal nostro staff<\/strong>\u00a0che, ad esempio, ha mostrato come preparare e applicare sui campi i biopesticidi.<\/p>\r\n\r\n\r\n\r\n<div class=\"wp-block-responsive-lightbox-gallery\">[rl_gallery id=&#8221;61533&#8243;]<\/div>\r\n\r\n\r\n\r\n<p><em>Il lavoro nei campi<\/em><\/p>\r\n\r\n\r\n\r\n<div class=\"wp-block-responsive-lightbox-gallery\">[rl_gallery id=&#8221;61554&#8243;]<\/div>\r\n\r\n\r\n\r\n<p><em>La costruzione di un vivaio<\/em><\/p>\r\n\r\n\r\n\r\n<div class=\"wp-block-responsive-lightbox-gallery\">[rl_gallery id=&#8221;61576&#8243;]<\/div>\r\n\r\n\r\n\r\n<p><em>La preparazione dei biopesticidi<\/em><\/p>\r\n\r\n\r\n\r\n<div class=\"wp-block-responsive-lightbox-gallery\">[rl_gallery id=&#8221;61596&#8243;]<\/div>\r\n\r\n\r\n\r\n<p><em>Le interviste alla comunit\u00e0<\/em><\/p>\r\n\r\n\r\n\r\n<div class=\"wp-block-image\">\r\n<figure class=\"aligncenter size-large\"><a href=\"https:\/\/manitese.it\/wp-content\/uploads\/2020\/06\/cibo-locale-cibo-sano-produzione-sostenibile_mani-tese-2020_27.jpg\"><img decoding=\"async\" class=\"wp-image-61601\" src=\"https:\/\/manitese.it\/wp-content\/uploads\/2020\/06\/cibo-locale-cibo-sano-produzione-sostenibile_mani-tese-2020_27-1024x576.jpg\" alt=\"cibo-locale-cibo-sano-produzione-sostenibile_mani-tese-2020_27\" \/><\/a><\/figure>\r\n<\/div>\r\n\r\n\r\n\r\n<p><em>La distribuzione delle sementi<\/em><\/p>\r\n","protected":false},"excerpt":{"rendered":"<p>\u00c8 da poco terminato il progetto &#8220;CIBO LOCALE, CIBO SANO&#8221;: fra le varie attivit\u00e0 in programma lo sviluppo di un&#8217;agricoltura sostenibile e senza l\u2019uso di fertilizzanti chimici.<\/p>\n","protected":false},"author":1,"featured_media":61526,"comment_status":"open","ping_status":"open","sticky":false,"template":"","format":"standard","meta":{"_acf_changed":false,"give_campaign_id":0,"inline_featured_image":false,"_jetpack_memberships_contains_paid_content":false,"footnotes":""},"categories":[3],"tags":[],"thematic_area":[905],"class_list":["post-61525","post","type-post","status-publish","format-standard","has-post-thumbnail","hentry","category-diari","thematic_area-accesso-universale-al-cibo-e-allacqua"],"acf":[],"yoast_head":"<!-- This site is optimized with the Yoast SEO plugin v27.5 - https:\/\/yoast.com\/product\/yoast-seo-wordpress\/ -->\n<title>CIBO LOCALE, CIBO SANO: UNA PRODUZIONE AGRICOLA SOSTENIBILE - Mani Tese<\/title>\n<meta name=\"description\" content=\"\u00c8 da poco terminato il progetto &quot;CIBO LOCALE, CIBO SANO&quot;: fra le varie attivit\u00e0 in programma lo sviluppo di un&#039;agricoltura sostenibile e senza l\u2019uso di fertilizzanti chimici.\" \/>\n<meta name=\"robots\" content=\"index, follow, max-snippet:-1, max-image-preview:large, max-video-preview:-1\" \/>\n<link rel=\"canonical\" href=\"https:\/\/www.manitese.it\/en\/cibo-locale-cibo-sano-produzione-agricola-sostenibile\/\" \/>\n<meta property=\"og:locale\" content=\"en_US\" \/>\n<meta property=\"og:type\" content=\"article\" \/>\n<meta property=\"og:title\" content=\"CIBO LOCALE, CIBO SANO: UNA PRODUZIONE AGRICOLA SOSTENIBILE - Mani Tese\" \/>\n<meta property=\"og:description\" content=\"\u00c8 da poco terminato il progetto &quot;CIBO LOCALE, CIBO SANO&quot;: fra le varie attivit\u00e0 in programma lo sviluppo di un&#039;agricoltura sostenibile e senza l\u2019uso di fertilizzanti chimici.\" \/>\n<meta property=\"og:url\" content=\"https:\/\/www.manitese.it\/en\/cibo-locale-cibo-sano-produzione-agricola-sostenibile\/\" \/>\n<meta property=\"og:site_name\" content=\"Mani Tese\" \/>\n<meta property=\"article:published_time\" content=\"2020-06-09T13:22:03+00:00\" \/>\n<meta property=\"article:modified_time\" content=\"2023-12-20T15:35:02+00:00\" \/>\n<meta property=\"og:image\" content=\"https:\/\/www.manitese.it\/wp-content\/uploads\/2020\/06\/cibo-locale-cibo-sano-produzione-sostenibile_mani-tese-2020_cover-1.jpg\" \/>\n\t<meta property=\"og:image:width\" content=\"1920\" \/>\n\t<meta property=\"og:image:height\" content=\"800\" \/>\n\t<meta property=\"og:image:type\" content=\"image\/jpeg\" \/>\n<meta name=\"author\" content=\"agevis\" \/>\n<meta name=\"twitter:card\" content=\"summary_large_image\" \/>\n<meta name=\"twitter:label1\" content=\"Written by\" \/>\n\t<meta name=\"twitter:data1\" content=\"agevis\" \/>\n\t<meta name=\"twitter:label2\" content=\"Est. reading time\" \/>\n\t<meta name=\"twitter:data2\" content=\"2 minutes\" \/>\n<script type=\"application\/ld+json\" class=\"yoast-schema-graph\">{\"@context\":\"https:\\\/\\\/schema.org\",\"@graph\":[{\"@type\":\"Article\",\"@id\":\"https:\\\/\\\/www.manitese.it\\\/en\\\/cibo-locale-cibo-sano-produzione-agricola-sostenibile\\\/#article\",\"isPartOf\":{\"@id\":\"https:\\\/\\\/www.manitese.it\\\/en\\\/cibo-locale-cibo-sano-produzione-agricola-sostenibile\\\/\"},\"author\":{\"name\":\"agevis\",\"@id\":\"https:\\\/\\\/www.manitese.it\\\/en\\\/#\\\/schema\\\/person\\\/5a9774f17e4940e2510bfeba90f04f65\"},\"headline\":\"CIBO LOCALE, CIBO SANO: UNA PRODUZIONE AGRICOLA SOSTENIBILE\",\"datePublished\":\"2020-06-09T13:22:03+00:00\",\"dateModified\":\"2023-12-20T15:35:02+00:00\",\"mainEntityOfPage\":{\"@id\":\"https:\\\/\\\/www.manitese.it\\\/en\\\/cibo-locale-cibo-sano-produzione-agricola-sostenibile\\\/\"},\"wordCount\":235,\"commentCount\":0,\"image\":{\"@id\":\"https:\\\/\\\/www.manitese.it\\\/en\\\/cibo-locale-cibo-sano-produzione-agricola-sostenibile\\\/#primaryimage\"},\"thumbnailUrl\":\"https:\\\/\\\/www.manitese.it\\\/wp-content\\\/uploads\\\/2020\\\/06\\\/cibo-locale-cibo-sano-produzione-sostenibile_mani-tese-2020_cover-1.jpg\",\"articleSection\":[\"Diari\"],\"inLanguage\":\"en-US\",\"potentialAction\":[{\"@type\":\"CommentAction\",\"name\":\"Comment\",\"target\":[\"https:\\\/\\\/www.manitese.it\\\/en\\\/cibo-locale-cibo-sano-produzione-agricola-sostenibile\\\/#respond\"]}]},{\"@type\":\"WebPage\",\"@id\":\"https:\\\/\\\/www.manitese.it\\\/en\\\/cibo-locale-cibo-sano-produzione-agricola-sostenibile\\\/\",\"url\":\"https:\\\/\\\/www.manitese.it\\\/en\\\/cibo-locale-cibo-sano-produzione-agricola-sostenibile\\\/\",\"name\":\"CIBO LOCALE, CIBO SANO: UNA PRODUZIONE AGRICOLA SOSTENIBILE - Mani Tese\",\"isPartOf\":{\"@id\":\"https:\\\/\\\/www.manitese.it\\\/en\\\/#website\"},\"primaryImageOfPage\":{\"@id\":\"https:\\\/\\\/www.manitese.it\\\/en\\\/cibo-locale-cibo-sano-produzione-agricola-sostenibile\\\/#primaryimage\"},\"image\":{\"@id\":\"https:\\\/\\\/www.manitese.it\\\/en\\\/cibo-locale-cibo-sano-produzione-agricola-sostenibile\\\/#primaryimage\"},\"thumbnailUrl\":\"https:\\\/\\\/www.manitese.it\\\/wp-content\\\/uploads\\\/2020\\\/06\\\/cibo-locale-cibo-sano-produzione-sostenibile_mani-tese-2020_cover-1.jpg\",\"datePublished\":\"2020-06-09T13:22:03+00:00\",\"dateModified\":\"2023-12-20T15:35:02+00:00\",\"author\":{\"@id\":\"https:\\\/\\\/www.manitese.it\\\/en\\\/#\\\/schema\\\/person\\\/5a9774f17e4940e2510bfeba90f04f65\"},\"description\":\"\u00c8 da poco terminato il progetto \\\"CIBO LOCALE, CIBO SANO\\\": fra le varie attivit\u00e0 in programma lo sviluppo di un'agricoltura sostenibile e senza l\u2019uso di fertilizzanti chimici.\",\"breadcrumb\":{\"@id\":\"https:\\\/\\\/www.manitese.it\\\/en\\\/cibo-locale-cibo-sano-produzione-agricola-sostenibile\\\/#breadcrumb\"},\"inLanguage\":\"en-US\",\"potentialAction\":[{\"@type\":\"ReadAction\",\"target\":[\"https:\\\/\\\/www.manitese.it\\\/en\\\/cibo-locale-cibo-sano-produzione-agricola-sostenibile\\\/\"]}]},{\"@type\":\"ImageObject\",\"inLanguage\":\"en-US\",\"@id\":\"https:\\\/\\\/www.manitese.it\\\/en\\\/cibo-locale-cibo-sano-produzione-agricola-sostenibile\\\/#primaryimage\",\"url\":\"https:\\\/\\\/www.manitese.it\\\/wp-content\\\/uploads\\\/2020\\\/06\\\/cibo-locale-cibo-sano-produzione-sostenibile_mani-tese-2020_cover-1.jpg\",\"contentUrl\":\"https:\\\/\\\/www.manitese.it\\\/wp-content\\\/uploads\\\/2020\\\/06\\\/cibo-locale-cibo-sano-produzione-sostenibile_mani-tese-2020_cover-1.jpg\",\"width\":1920,\"height\":800,\"caption\":\"cibo locale cibo sano produzione sostenibile_mani tese 2020_cover\"},{\"@type\":\"BreadcrumbList\",\"@id\":\"https:\\\/\\\/www.manitese.it\\\/en\\\/cibo-locale-cibo-sano-produzione-agricola-sostenibile\\\/#breadcrumb\",\"itemListElement\":[{\"@type\":\"ListItem\",\"position\":1,\"name\":\"Home\",\"item\":\"https:\\\/\\\/www.manitese.it\\\/en\\\/\"},{\"@type\":\"ListItem\",\"position\":2,\"name\":\"CIBO LOCALE, CIBO SANO: UNA PRODUZIONE AGRICOLA SOSTENIBILE\"}]},{\"@type\":\"WebSite\",\"@id\":\"https:\\\/\\\/www.manitese.it\\\/en\\\/#website\",\"url\":\"https:\\\/\\\/www.manitese.it\\\/en\\\/\",\"name\":\"Mani Tese\",\"description\":\"\",\"potentialAction\":[{\"@type\":\"SearchAction\",\"target\":{\"@type\":\"EntryPoint\",\"urlTemplate\":\"https:\\\/\\\/www.manitese.it\\\/en\\\/?s={search_term_string}\"},\"query-input\":{\"@type\":\"PropertyValueSpecification\",\"valueRequired\":true,\"valueName\":\"search_term_string\"}}],\"inLanguage\":\"en-US\"},{\"@type\":\"Person\",\"@id\":\"https:\\\/\\\/www.manitese.it\\\/en\\\/#\\\/schema\\\/person\\\/5a9774f17e4940e2510bfeba90f04f65\",\"name\":\"agevis\",\"image\":{\"@type\":\"ImageObject\",\"inLanguage\":\"en-US\",\"@id\":\"https:\\\/\\\/secure.gravatar.com\\\/avatar\\\/2dc96c93fcf3387a5922a93b50fb3bff01d4800590fb6a4ab91a034adb25ba17?s=96&d=mm&r=g\",\"url\":\"https:\\\/\\\/secure.gravatar.com\\\/avatar\\\/2dc96c93fcf3387a5922a93b50fb3bff01d4800590fb6a4ab91a034adb25ba17?s=96&d=mm&r=g\",\"contentUrl\":\"https:\\\/\\\/secure.gravatar.com\\\/avatar\\\/2dc96c93fcf3387a5922a93b50fb3bff01d4800590fb6a4ab91a034adb25ba17?s=96&d=mm&r=g\",\"caption\":\"agevis\"},\"url\":\"https:\\\/\\\/www.manitese.it\\\/en\\\/author\\\/wp_agevis_admin\\\/\"}]}<\/script>\n<!-- \/ Yoast SEO plugin. -->","yoast_head_json":{"title":"CIBO LOCALE, CIBO SANO: UNA PRODUZIONE AGRICOLA SOSTENIBILE - Mani Tese","description":"\u00c8 da poco terminato il progetto \"CIBO LOCALE, CIBO SANO\": fra le varie attivit\u00e0 in programma lo sviluppo di un'agricoltura sostenibile e senza l\u2019uso di fertilizzanti chimici.","robots":{"index":"index","follow":"follow","max-snippet":"max-snippet:-1","max-image-preview":"max-image-preview:large","max-video-preview":"max-video-preview:-1"},"canonical":"https:\/\/www.manitese.it\/en\/cibo-locale-cibo-sano-produzione-agricola-sostenibile\/","og_locale":"en_US","og_type":"article","og_title":"CIBO LOCALE, CIBO SANO: UNA PRODUZIONE AGRICOLA SOSTENIBILE - Mani Tese","og_description":"\u00c8 da poco terminato il progetto \"CIBO LOCALE, CIBO SANO\": fra le varie attivit\u00e0 in programma lo sviluppo di un'agricoltura sostenibile e senza l\u2019uso di fertilizzanti chimici.","og_url":"https:\/\/www.manitese.it\/en\/cibo-locale-cibo-sano-produzione-agricola-sostenibile\/","og_site_name":"Mani Tese","article_published_time":"2020-06-09T13:22:03+00:00","article_modified_time":"2023-12-20T15:35:02+00:00","og_image":[{"width":1920,"height":800,"url":"https:\/\/www.manitese.it\/wp-content\/uploads\/2020\/06\/cibo-locale-cibo-sano-produzione-sostenibile_mani-tese-2020_cover-1.jpg","type":"image\/jpeg"}],"author":"agevis","twitter_card":"summary_large_image","twitter_misc":{"Written by":"agevis","Est. reading time":"2 minutes"},"schema":{"@context":"https:\/\/schema.org","@graph":[{"@type":"Article","@id":"https:\/\/www.manitese.it\/en\/cibo-locale-cibo-sano-produzione-agricola-sostenibile\/#article","isPartOf":{"@id":"https:\/\/www.manitese.it\/en\/cibo-locale-cibo-sano-produzione-agricola-sostenibile\/"},"author":{"name":"agevis","@id":"https:\/\/www.manitese.it\/en\/#\/schema\/person\/5a9774f17e4940e2510bfeba90f04f65"},"headline":"CIBO LOCALE, CIBO SANO: UNA PRODUZIONE AGRICOLA SOSTENIBILE","datePublished":"2020-06-09T13:22:03+00:00","dateModified":"2023-12-20T15:35:02+00:00","mainEntityOfPage":{"@id":"https:\/\/www.manitese.it\/en\/cibo-locale-cibo-sano-produzione-agricola-sostenibile\/"},"wordCount":235,"commentCount":0,"image":{"@id":"https:\/\/www.manitese.it\/en\/cibo-locale-cibo-sano-produzione-agricola-sostenibile\/#primaryimage"},"thumbnailUrl":"https:\/\/www.manitese.it\/wp-content\/uploads\/2020\/06\/cibo-locale-cibo-sano-produzione-sostenibile_mani-tese-2020_cover-1.jpg","articleSection":["Diari"],"inLanguage":"en-US","potentialAction":[{"@type":"CommentAction","name":"Comment","target":["https:\/\/www.manitese.it\/en\/cibo-locale-cibo-sano-produzione-agricola-sostenibile\/#respond"]}]},{"@type":"WebPage","@id":"https:\/\/www.manitese.it\/en\/cibo-locale-cibo-sano-produzione-agricola-sostenibile\/","url":"https:\/\/www.manitese.it\/en\/cibo-locale-cibo-sano-produzione-agricola-sostenibile\/","name":"CIBO LOCALE, CIBO SANO: UNA PRODUZIONE AGRICOLA SOSTENIBILE - Mani Tese","isPartOf":{"@id":"https:\/\/www.manitese.it\/en\/#website"},"primaryImageOfPage":{"@id":"https:\/\/www.manitese.it\/en\/cibo-locale-cibo-sano-produzione-agricola-sostenibile\/#primaryimage"},"image":{"@id":"https:\/\/www.manitese.it\/en\/cibo-locale-cibo-sano-produzione-agricola-sostenibile\/#primaryimage"},"thumbnailUrl":"https:\/\/www.manitese.it\/wp-content\/uploads\/2020\/06\/cibo-locale-cibo-sano-produzione-sostenibile_mani-tese-2020_cover-1.jpg","datePublished":"2020-06-09T13:22:03+00:00","dateModified":"2023-12-20T15:35:02+00:00","author":{"@id":"https:\/\/www.manitese.it\/en\/#\/schema\/person\/5a9774f17e4940e2510bfeba90f04f65"},"description":"\u00c8 da poco terminato il progetto \"CIBO LOCALE, CIBO SANO\": fra le varie attivit\u00e0 in programma lo sviluppo di un'agricoltura sostenibile e senza l\u2019uso di fertilizzanti chimici.","breadcrumb":{"@id":"https:\/\/www.manitese.it\/en\/cibo-locale-cibo-sano-produzione-agricola-sostenibile\/#breadcrumb"},"inLanguage":"en-US","potentialAction":[{"@type":"ReadAction","target":["https:\/\/www.manitese.it\/en\/cibo-locale-cibo-sano-produzione-agricola-sostenibile\/"]}]},{"@type":"ImageObject","inLanguage":"en-US","@id":"https:\/\/www.manitese.it\/en\/cibo-locale-cibo-sano-produzione-agricola-sostenibile\/#primaryimage","url":"https:\/\/www.manitese.it\/wp-content\/uploads\/2020\/06\/cibo-locale-cibo-sano-produzione-sostenibile_mani-tese-2020_cover-1.jpg","contentUrl":"https:\/\/www.manitese.it\/wp-content\/uploads\/2020\/06\/cibo-locale-cibo-sano-produzione-sostenibile_mani-tese-2020_cover-1.jpg","width":1920,"height":800,"caption":"cibo locale cibo sano produzione sostenibile_mani tese 2020_cover"},{"@type":"BreadcrumbList","@id":"https:\/\/www.manitese.it\/en\/cibo-locale-cibo-sano-produzione-agricola-sostenibile\/#breadcrumb","itemListElement":[{"@type":"ListItem","position":1,"name":"Home","item":"https:\/\/www.manitese.it\/en\/"},{"@type":"ListItem","position":2,"name":"CIBO LOCALE, CIBO SANO: UNA PRODUZIONE AGRICOLA SOSTENIBILE"}]},{"@type":"WebSite","@id":"https:\/\/www.manitese.it\/en\/#website","url":"https:\/\/www.manitese.it\/en\/","name":"Mani Tese","description":"","potentialAction":[{"@type":"SearchAction","target":{"@type":"EntryPoint","urlTemplate":"https:\/\/www.manitese.it\/en\/?s={search_term_string}"},"query-input":{"@type":"PropertyValueSpecification","valueRequired":true,"valueName":"search_term_string"}}],"inLanguage":"en-US"},{"@type":"Person","@id":"https:\/\/www.manitese.it\/en\/#\/schema\/person\/5a9774f17e4940e2510bfeba90f04f65","name":"agevis","image":{"@type":"ImageObject","inLanguage":"en-US","@id":"https:\/\/secure.gravatar.com\/avatar\/2dc96c93fcf3387a5922a93b50fb3bff01d4800590fb6a4ab91a034adb25ba17?s=96&d=mm&r=g","url":"https:\/\/secure.gravatar.com\/avatar\/2dc96c93fcf3387a5922a93b50fb3bff01d4800590fb6a4ab91a034adb25ba17?s=96&d=mm&r=g","contentUrl":"https:\/\/secure.gravatar.com\/avatar\/2dc96c93fcf3387a5922a93b50fb3bff01d4800590fb6a4ab91a034adb25ba17?s=96&d=mm&r=g","caption":"agevis"},"url":"https:\/\/www.manitese.it\/en\/author\/wp_agevis_admin\/"}]}},"jetpack_featured_media_url":"https:\/\/www.manitese.it\/wp-content\/uploads\/2020\/06\/cibo-locale-cibo-sano-produzione-sostenibile_mani-tese-2020_cover-1.jpg","jetpack_sharing_enabled":true,"_links":{"self":[{"href":"https:\/\/www.manitese.it\/en\/wp-json\/wp\/v2\/posts\/61525","targetHints":{"allow":["GET"]}}],"collection":[{"href":"https:\/\/www.manitese.it\/en\/wp-json\/wp\/v2\/posts"}],"about":[{"href":"https:\/\/www.manitese.it\/en\/wp-json\/wp\/v2\/types\/post"}],"author":[{"embeddable":true,"href":"https:\/\/www.manitese.it\/en\/wp-json\/wp\/v2\/users\/1"}],"replies":[{"embeddable":true,"href":"https:\/\/www.manitese.it\/en\/wp-json\/wp\/v2\/comments?post=61525"}],"version-history":[{"count":2,"href":"https:\/\/www.manitese.it\/en\/wp-json\/wp\/v2\/posts\/61525\/revisions"}],"predecessor-version":[{"id":191963,"href":"https:\/\/www.manitese.it\/en\/wp-json\/wp\/v2\/posts\/61525\/revisions\/191963"}],"wp:featuredmedia":[{"embeddable":true,"href":"https:\/\/www.manitese.it\/en\/wp-json\/wp\/v2\/media\/61526"}],"wp:attachment":[{"href":"https:\/\/www.manitese.it\/en\/wp-json\/wp\/v2\/media?parent=61525"}],"wp:term":[{"taxonomy":"category","embeddable":true,"href":"https:\/\/www.manitese.it\/en\/wp-json\/wp\/v2\/categories?post=61525"},{"taxonomy":"post_tag","embeddable":true,"href":"https:\/\/www.manitese.it\/en\/wp-json\/wp\/v2\/tags?post=61525"},{"taxonomy":"thematic_area","embeddable":true,"href":"https:\/\/www.manitese.it\/en\/wp-json\/wp\/v2\/thematic_area?post=61525"}],"curies":[{"name":"wp","href":"https:\/\/api.w.org\/{rel}","templated":true}]}}