{"id":61004,"date":"2020-05-26T09:23:13","date_gmt":"2020-05-26T07:23:13","guid":{"rendered":"https:\/\/manitese.it\/?p=61004"},"modified":"2023-12-18T12:14:41","modified_gmt":"2023-12-18T11:14:41","slug":"burkina-faso-consegnato-materiale-sanitario-prevenzione-covid19","status":"publish","type":"post","link":"https:\/\/www.manitese.it\/en\/burkina-faso-consegnato-materiale-sanitario-prevenzione-covid19\/","title":{"rendered":"BURKINA FASO, CONSEGNATO MATERIALE SANITARIO PER LA PREVENZIONE DEL COVID-19"},"content":{"rendered":"\r\n<p>In\u00a0<strong>Burkina Faso<\/strong>, dove Mani Tese \u00e8 attiva da quasi 30 anni con progetti di sviluppo sostenibile per le comunit\u00e0 locali, il\u00a0<strong>Coronavirus<\/strong>\u00a0si \u00e8 aggiunto e ha esacerbato una crisi gi\u00e0 in atto a causa della\u00a0<strong>desertificazione<\/strong>\u00a0crescente, della\u00a0<strong>povert\u00e0<\/strong>\u00a0e dell\u2019avanzamento del\u00a0<strong>terrorismo<\/strong>.<\/p>\r\n\r\n\r\n\r\n<p>Ovviamente, anche il numero di ospedali \u00e8 scarso\u00a0nel Paese e per questo la popolazione, soprattutto quella rurale, si rivolge principalmente ai cosiddetti\u00a0<strong>\u201cCentri di Salute\u201d<\/strong>\u00a0ovvero\u00a0<strong>piccoli ambulatori di villaggio\u00a0<\/strong>dove ci si reca per piccole ferite, malattie\u00a0lievi\u00a0o anche per partorire.<\/p>\r\n\r\n\r\n\r\n<p>Gi\u00e0 in contatto con i Centri di Salute di villaggio di tre regioni grazie ad un progetto in corso sui\u00a0<strong><a href=\"https:\/\/manitese.it\/progetto\/promozione-sociale-donne-bambini-servizi-sanitari\" target=\"_blank\" rel=\"noreferrer noopener\">diritti delle donne e dei bambini e la promozione dei servizi sanitari e di stato civile<\/a><\/strong>, Mani Tese ha raccolto la richiesta di rendere questi luoghi pi\u00f9\u00a0attrezzati per\u00a0<strong>prevenire la diffusione del virus<\/strong>.<\/p>\r\n\r\n\r\n\r\n<p><strong>Ha quindi acquistato<\/strong>\u00a0<strong>kit igienizzanti<\/strong>\u00a0(lavamani, secchi, sapone, gel idroalcolico, disinfettante, candeggina, stracci, guanti, mascherine, scope)\u00a0<strong>per 15<\/strong><strong>\u00a0Centri di Salute di villaggio di 3 regioni\u00a0<\/strong>del Paese africano\u00a0(Plateau Central, Centre Sud e Centre) e\u00a0<strong>la prima consegna<\/strong>\u00a0\u00e8 avvenuta presso il governatorato di Ziniar\u00e9 (Plateau Central) qualche settimana fa.<\/p>\r\n\r\n\r\n\r\n<p>I kit sono stati portati su due enormi pick-up straripanti di secchi e strutture di ferro, con scope infilate in ogni angolo disponibile e corde a tenere insieme il tutto (ovviamente dopo aver caricato i suddetti pick-up, sotto il sole a 40 gradi, vanificando ogni tentativo di arrivare puliti e ordinati alla cerimonia\u2026 ma in fin dei conti, cosa importa? \u00c8 molto pi\u00f9 importante far arrivare il necessario!).<\/p>\r\n\r\n\r\n\r\n<p><strong>A Ziniar\u00e9 attendevano la governatrice e tutto il comitato di risposta all\u2019emergenza Covid-19 della Regione<\/strong>, nonch\u00e9 alcune organizzazioni beneficiarie del progetto, venute a sostenerci in questo momento particolare. La cerimonia \u00e8 stata semplice ma molto significativa:\u00a0<strong>la governatrice si \u00e8 quasi commossa ringraziandoci del sostegno che stiamo dando, nonostante nel nostro stesso Paese d\u2019origine, l\u2019Italia, la situazione sia drammatica<\/strong>.<\/p>\r\n\r\n\r\n\r\n<p><strong>Abbiamo avuto anche una bella sorpresa<\/strong>: i gruppi di donne che partecipano al progetto, a loro spese, avevano invitato un cantante che si \u00e8 esibito in una performance di canto e ballo,\u00a0a oggetto\u00a0\u201cgestes barri\u00e8re\u201d: il tema erano tutti quei gesti di prevenzione che \u00e8 buona norma adottare in questa situazione (portare la mascherina, lavarsi le mani, starnutire nell\u2019incavo del gomito, ecc). Le donne hanno dovuto sostenere anche la spesa del generatore, perch\u00e9 ovviamente non c\u2019era corrente!<\/p>\r\n\r\n\r\n\r\n<p>Siamo tornati da questo viaggio positivi e carichi, contenti del gesto compiuto e consapevoli che tanti, per fortuna, intorno a noi, si stanno muovendo nella stessa direzione e che in questo modo ce la potremo fare. Perch\u00e9 mai come in questa occasione, \u00e8 il caso di ribadire il motto burkinab\u00e9 per eccellenza:\u00a0<em>on est ensemble<\/em>\u00a0(stiamo insieme).<\/p>\r\n\r\n\r\n\r\n<p>Questo virus ci sta insegnando che, anche se siamo tutti vittime, comunque abbiamo la possibilit\u00e0 di guardare al di l\u00e0 del nostro orticello:\u00a0<strong>in Italia abbiamo ricevuto il sostegno da tanti Paesi nel mondo<\/strong>.\u00a0Qui in Burkina Faso, dove Mani Tese da anni \u00e8 ospite accolto e integrato,\u00a0<strong>era giusto fare la nostra parte<\/strong>: ci siamo quindi rimboccati le maniche per dare il nostro contributo.<\/p>\r\n\r\n\r\n\r\n<p>Questa azione rientra tra le attivit\u00e0 del progetto\u00a0<strong>\u201c<a href=\"https:\/\/manitese.it\/progetto\/promozione-sociale-donne-bambini-servizi-sanitari\" target=\"_blank\" rel=\"noreferrer noopener\">Promozione sociale e dei diritti delle donne e dei bambini per il miglioramento dei servizi sanitari e di stato civile<\/a>\u201d<\/strong>, cofinanziato dall\u2019<strong>Unione Europea<\/strong>\u00a0e che stiamo realizzando in consorzio con la\u00a0<strong><a href=\"https:\/\/www.acra.it\/index.php?lang=it\" target=\"_blank\" rel=\"noreferrer noopener\">Fondazione ACRA<\/a><\/strong>\u00a0(capofila) e le ONG\u00a0<strong><a href=\"http:\/\/ongasmade.org\/\" target=\"_blank\" rel=\"noreferrer noopener\">Asmade<\/a>,\u00a0<a href=\"https:\/\/www.santegidio.org\/\" target=\"_blank\" rel=\"noreferrer noopener\">Comunit\u00e0 di Sant\u2019Egidio<\/a>\u00a0e la federazione delle donne rurali del Burkina Faso (Fenafer-B)<\/strong>.<\/p>\r\n\r\n\r\n\r\n<div class=\"wp-block-responsive-lightbox-gallery\">[rl_gallery id=&#8221;61005&#8243;]<\/div>\r\n\r\n\r\n\r\n<div class=\"wp-block-responsive-lightbox-gallery\">[rl_gallery id=&#8221;61010&#8243;]<\/div>\r\n\r\n\r\n\r\n<div class=\"wp-block-responsive-lightbox-gallery\">[rl_gallery id=&#8221;61015&#8243;]<\/div>\r\n\r\n\r\n\r\n<p>&nbsp;<\/p>\r\n\r\n\r\n\r\n<h2 class=\"has-text-align-center wp-block-heading\"><a href=\"https:\/\/regalisolidali.manitese.it\/ricorrenza.php?titolo=emergenza-coronavirus-nel-sud-del-mondo\" target=\"_blank\" rel=\"noreferrer noopener\">SOSTIENI I NOSTRI PROGETTI PER FAR FRONTE ALL\u2019EMERGENZA CORONAVIRUS NEL SUD DEL MONDO<\/a><\/h2>\r\n\r\n\r\n\r\n<p class=\"has-text-align-center\"><a href=\"https:\/\/manitese.it\/emergenza-coronavirus-nel-sud-del-mondo\" target=\"_blank\" rel=\"noreferrer noopener\"><strong>&gt;&gt;&gt; Leggi le ultime news dai progetti &lt;&lt;&lt;<\/strong><\/a><\/p>\r\n","protected":false},"excerpt":{"rendered":"<p>Anche con il Coronavirus l\u2019impegno di Mani Tese in Burkina Faso non si ferma: consegnati kit igienizzanti per 15 Centri di Salute in 3 regioni del Paese.<\/p>\n","protected":false},"author":1,"featured_media":61020,"comment_status":"open","ping_status":"open","sticky":false,"template":"","format":"standard","meta":{"_acf_changed":false,"give_campaign_id":0,"inline_featured_image":false,"_jetpack_memberships_contains_paid_content":false,"footnotes":""},"categories":[3],"tags":[],"thematic_area":[909,908],"class_list":["post-61004","post","type-post","status-publish","format-standard","has-post-thumbnail","hentry","category-diari","thematic_area-inclusione-sociale","thematic_area-parita-di-genere"],"acf":[],"yoast_head":"<!-- This site is optimized with the Yoast SEO plugin v27.5 - https:\/\/yoast.com\/product\/yoast-seo-wordpress\/ -->\n<title>BURKINA FASO, CONSEGNATO MATERIALE SANITARIO PER LA PREVENZIONE DEL COVID-19 - Mani Tese<\/title>\n<meta name=\"description\" content=\"Anche con il Coronavirus l\u2019impegno di Mani Tese in Burkina Faso non si ferma: consegnati kit igienizzanti per 15 Centri di Salute in 3 regioni del Paese.\" \/>\n<meta name=\"robots\" content=\"index, follow, max-snippet:-1, max-image-preview:large, max-video-preview:-1\" \/>\n<link rel=\"canonical\" href=\"https:\/\/www.manitese.it\/en\/burkina-faso-consegnato-materiale-sanitario-prevenzione-covid19\/\" \/>\n<meta property=\"og:locale\" content=\"en_US\" \/>\n<meta property=\"og:type\" content=\"article\" \/>\n<meta property=\"og:title\" content=\"BURKINA FASO, CONSEGNATO MATERIALE SANITARIO PER LA PREVENZIONE DEL COVID-19 - Mani Tese\" \/>\n<meta property=\"og:description\" content=\"Anche con il Coronavirus l\u2019impegno di Mani Tese in Burkina Faso non si ferma: consegnati kit igienizzanti per 15 Centri di Salute in 3 regioni del Paese.\" \/>\n<meta property=\"og:url\" content=\"https:\/\/www.manitese.it\/en\/burkina-faso-consegnato-materiale-sanitario-prevenzione-covid19\/\" \/>\n<meta property=\"og:site_name\" content=\"Mani Tese\" \/>\n<meta property=\"article:published_time\" content=\"2020-05-26T07:23:13+00:00\" \/>\n<meta property=\"article:modified_time\" content=\"2023-12-18T11:14:41+00:00\" \/>\n<meta property=\"og:image\" content=\"https:\/\/www.manitese.it\/wp-content\/uploads\/2020\/05\/burkina-faso-materiale-sanitario-prevenzione-covid_cover_mani-tese-2020-1.jpg\" \/>\n\t<meta property=\"og:image:width\" content=\"1920\" \/>\n\t<meta property=\"og:image:height\" content=\"800\" \/>\n\t<meta property=\"og:image:type\" content=\"image\/jpeg\" \/>\n<meta name=\"author\" content=\"agevis\" \/>\n<meta name=\"twitter:card\" content=\"summary_large_image\" \/>\n<meta name=\"twitter:label1\" content=\"Written by\" \/>\n\t<meta name=\"twitter:data1\" content=\"agevis\" \/>\n\t<meta name=\"twitter:label2\" content=\"Est. reading time\" \/>\n\t<meta name=\"twitter:data2\" content=\"3 minutes\" \/>\n<script type=\"application\/ld+json\" class=\"yoast-schema-graph\">{\"@context\":\"https:\\\/\\\/schema.org\",\"@graph\":[{\"@type\":\"Article\",\"@id\":\"https:\\\/\\\/www.manitese.it\\\/en\\\/burkina-faso-consegnato-materiale-sanitario-prevenzione-covid19\\\/#article\",\"isPartOf\":{\"@id\":\"https:\\\/\\\/www.manitese.it\\\/en\\\/burkina-faso-consegnato-materiale-sanitario-prevenzione-covid19\\\/\"},\"author\":{\"name\":\"agevis\",\"@id\":\"https:\\\/\\\/www.manitese.it\\\/en\\\/#\\\/schema\\\/person\\\/5a9774f17e4940e2510bfeba90f04f65\"},\"headline\":\"BURKINA FASO, CONSEGNATO MATERIALE SANITARIO PER LA PREVENZIONE DEL COVID-19\",\"datePublished\":\"2020-05-26T07:23:13+00:00\",\"dateModified\":\"2023-12-18T11:14:41+00:00\",\"mainEntityOfPage\":{\"@id\":\"https:\\\/\\\/www.manitese.it\\\/en\\\/burkina-faso-consegnato-materiale-sanitario-prevenzione-covid19\\\/\"},\"wordCount\":620,\"commentCount\":0,\"image\":{\"@id\":\"https:\\\/\\\/www.manitese.it\\\/en\\\/burkina-faso-consegnato-materiale-sanitario-prevenzione-covid19\\\/#primaryimage\"},\"thumbnailUrl\":\"https:\\\/\\\/www.manitese.it\\\/wp-content\\\/uploads\\\/2020\\\/05\\\/burkina-faso-materiale-sanitario-prevenzione-covid_cover_mani-tese-2020-1.jpg\",\"articleSection\":[\"Diari\"],\"inLanguage\":\"en-US\",\"potentialAction\":[{\"@type\":\"CommentAction\",\"name\":\"Comment\",\"target\":[\"https:\\\/\\\/www.manitese.it\\\/en\\\/burkina-faso-consegnato-materiale-sanitario-prevenzione-covid19\\\/#respond\"]}]},{\"@type\":\"WebPage\",\"@id\":\"https:\\\/\\\/www.manitese.it\\\/en\\\/burkina-faso-consegnato-materiale-sanitario-prevenzione-covid19\\\/\",\"url\":\"https:\\\/\\\/www.manitese.it\\\/en\\\/burkina-faso-consegnato-materiale-sanitario-prevenzione-covid19\\\/\",\"name\":\"BURKINA FASO, CONSEGNATO MATERIALE SANITARIO PER LA PREVENZIONE DEL COVID-19 - Mani Tese\",\"isPartOf\":{\"@id\":\"https:\\\/\\\/www.manitese.it\\\/en\\\/#website\"},\"primaryImageOfPage\":{\"@id\":\"https:\\\/\\\/www.manitese.it\\\/en\\\/burkina-faso-consegnato-materiale-sanitario-prevenzione-covid19\\\/#primaryimage\"},\"image\":{\"@id\":\"https:\\\/\\\/www.manitese.it\\\/en\\\/burkina-faso-consegnato-materiale-sanitario-prevenzione-covid19\\\/#primaryimage\"},\"thumbnailUrl\":\"https:\\\/\\\/www.manitese.it\\\/wp-content\\\/uploads\\\/2020\\\/05\\\/burkina-faso-materiale-sanitario-prevenzione-covid_cover_mani-tese-2020-1.jpg\",\"datePublished\":\"2020-05-26T07:23:13+00:00\",\"dateModified\":\"2023-12-18T11:14:41+00:00\",\"author\":{\"@id\":\"https:\\\/\\\/www.manitese.it\\\/en\\\/#\\\/schema\\\/person\\\/5a9774f17e4940e2510bfeba90f04f65\"},\"description\":\"Anche con il Coronavirus l\u2019impegno di Mani Tese in Burkina Faso non si ferma: consegnati kit igienizzanti per 15 Centri di Salute in 3 regioni del Paese.\",\"breadcrumb\":{\"@id\":\"https:\\\/\\\/www.manitese.it\\\/en\\\/burkina-faso-consegnato-materiale-sanitario-prevenzione-covid19\\\/#breadcrumb\"},\"inLanguage\":\"en-US\",\"potentialAction\":[{\"@type\":\"ReadAction\",\"target\":[\"https:\\\/\\\/www.manitese.it\\\/en\\\/burkina-faso-consegnato-materiale-sanitario-prevenzione-covid19\\\/\"]}]},{\"@type\":\"ImageObject\",\"inLanguage\":\"en-US\",\"@id\":\"https:\\\/\\\/www.manitese.it\\\/en\\\/burkina-faso-consegnato-materiale-sanitario-prevenzione-covid19\\\/#primaryimage\",\"url\":\"https:\\\/\\\/www.manitese.it\\\/wp-content\\\/uploads\\\/2020\\\/05\\\/burkina-faso-materiale-sanitario-prevenzione-covid_cover_mani-tese-2020-1.jpg\",\"contentUrl\":\"https:\\\/\\\/www.manitese.it\\\/wp-content\\\/uploads\\\/2020\\\/05\\\/burkina-faso-materiale-sanitario-prevenzione-covid_cover_mani-tese-2020-1.jpg\",\"width\":1920,\"height\":800,\"caption\":\"burkina faso materiale sanitario prevenzione covid_cover_mani tese 2020\"},{\"@type\":\"BreadcrumbList\",\"@id\":\"https:\\\/\\\/www.manitese.it\\\/en\\\/burkina-faso-consegnato-materiale-sanitario-prevenzione-covid19\\\/#breadcrumb\",\"itemListElement\":[{\"@type\":\"ListItem\",\"position\":1,\"name\":\"Home\",\"item\":\"https:\\\/\\\/www.manitese.it\\\/en\\\/\"},{\"@type\":\"ListItem\",\"position\":2,\"name\":\"BURKINA FASO, CONSEGNATO MATERIALE SANITARIO PER LA PREVENZIONE DEL COVID-19\"}]},{\"@type\":\"WebSite\",\"@id\":\"https:\\\/\\\/www.manitese.it\\\/en\\\/#website\",\"url\":\"https:\\\/\\\/www.manitese.it\\\/en\\\/\",\"name\":\"Mani Tese\",\"description\":\"\",\"potentialAction\":[{\"@type\":\"SearchAction\",\"target\":{\"@type\":\"EntryPoint\",\"urlTemplate\":\"https:\\\/\\\/www.manitese.it\\\/en\\\/?s={search_term_string}\"},\"query-input\":{\"@type\":\"PropertyValueSpecification\",\"valueRequired\":true,\"valueName\":\"search_term_string\"}}],\"inLanguage\":\"en-US\"},{\"@type\":\"Person\",\"@id\":\"https:\\\/\\\/www.manitese.it\\\/en\\\/#\\\/schema\\\/person\\\/5a9774f17e4940e2510bfeba90f04f65\",\"name\":\"agevis\",\"image\":{\"@type\":\"ImageObject\",\"inLanguage\":\"en-US\",\"@id\":\"https:\\\/\\\/secure.gravatar.com\\\/avatar\\\/2dc96c93fcf3387a5922a93b50fb3bff01d4800590fb6a4ab91a034adb25ba17?s=96&d=mm&r=g\",\"url\":\"https:\\\/\\\/secure.gravatar.com\\\/avatar\\\/2dc96c93fcf3387a5922a93b50fb3bff01d4800590fb6a4ab91a034adb25ba17?s=96&d=mm&r=g\",\"contentUrl\":\"https:\\\/\\\/secure.gravatar.com\\\/avatar\\\/2dc96c93fcf3387a5922a93b50fb3bff01d4800590fb6a4ab91a034adb25ba17?s=96&d=mm&r=g\",\"caption\":\"agevis\"},\"url\":\"https:\\\/\\\/www.manitese.it\\\/en\\\/author\\\/wp_agevis_admin\\\/\"}]}<\/script>\n<!-- \/ Yoast SEO plugin. -->","yoast_head_json":{"title":"BURKINA FASO, CONSEGNATO MATERIALE SANITARIO PER LA PREVENZIONE DEL COVID-19 - Mani Tese","description":"Anche con il Coronavirus l\u2019impegno di Mani Tese in Burkina Faso non si ferma: consegnati kit igienizzanti per 15 Centri di Salute in 3 regioni del Paese.","robots":{"index":"index","follow":"follow","max-snippet":"max-snippet:-1","max-image-preview":"max-image-preview:large","max-video-preview":"max-video-preview:-1"},"canonical":"https:\/\/www.manitese.it\/en\/burkina-faso-consegnato-materiale-sanitario-prevenzione-covid19\/","og_locale":"en_US","og_type":"article","og_title":"BURKINA FASO, CONSEGNATO MATERIALE SANITARIO PER LA PREVENZIONE DEL COVID-19 - Mani Tese","og_description":"Anche con il Coronavirus l\u2019impegno di Mani Tese in Burkina Faso non si ferma: consegnati kit igienizzanti per 15 Centri di Salute in 3 regioni del Paese.","og_url":"https:\/\/www.manitese.it\/en\/burkina-faso-consegnato-materiale-sanitario-prevenzione-covid19\/","og_site_name":"Mani Tese","article_published_time":"2020-05-26T07:23:13+00:00","article_modified_time":"2023-12-18T11:14:41+00:00","og_image":[{"width":1920,"height":800,"url":"https:\/\/www.manitese.it\/wp-content\/uploads\/2020\/05\/burkina-faso-materiale-sanitario-prevenzione-covid_cover_mani-tese-2020-1.jpg","type":"image\/jpeg"}],"author":"agevis","twitter_card":"summary_large_image","twitter_misc":{"Written by":"agevis","Est. reading time":"3 minutes"},"schema":{"@context":"https:\/\/schema.org","@graph":[{"@type":"Article","@id":"https:\/\/www.manitese.it\/en\/burkina-faso-consegnato-materiale-sanitario-prevenzione-covid19\/#article","isPartOf":{"@id":"https:\/\/www.manitese.it\/en\/burkina-faso-consegnato-materiale-sanitario-prevenzione-covid19\/"},"author":{"name":"agevis","@id":"https:\/\/www.manitese.it\/en\/#\/schema\/person\/5a9774f17e4940e2510bfeba90f04f65"},"headline":"BURKINA FASO, CONSEGNATO MATERIALE SANITARIO PER LA PREVENZIONE DEL COVID-19","datePublished":"2020-05-26T07:23:13+00:00","dateModified":"2023-12-18T11:14:41+00:00","mainEntityOfPage":{"@id":"https:\/\/www.manitese.it\/en\/burkina-faso-consegnato-materiale-sanitario-prevenzione-covid19\/"},"wordCount":620,"commentCount":0,"image":{"@id":"https:\/\/www.manitese.it\/en\/burkina-faso-consegnato-materiale-sanitario-prevenzione-covid19\/#primaryimage"},"thumbnailUrl":"https:\/\/www.manitese.it\/wp-content\/uploads\/2020\/05\/burkina-faso-materiale-sanitario-prevenzione-covid_cover_mani-tese-2020-1.jpg","articleSection":["Diari"],"inLanguage":"en-US","potentialAction":[{"@type":"CommentAction","name":"Comment","target":["https:\/\/www.manitese.it\/en\/burkina-faso-consegnato-materiale-sanitario-prevenzione-covid19\/#respond"]}]},{"@type":"WebPage","@id":"https:\/\/www.manitese.it\/en\/burkina-faso-consegnato-materiale-sanitario-prevenzione-covid19\/","url":"https:\/\/www.manitese.it\/en\/burkina-faso-consegnato-materiale-sanitario-prevenzione-covid19\/","name":"BURKINA FASO, CONSEGNATO MATERIALE SANITARIO PER LA PREVENZIONE DEL COVID-19 - Mani Tese","isPartOf":{"@id":"https:\/\/www.manitese.it\/en\/#website"},"primaryImageOfPage":{"@id":"https:\/\/www.manitese.it\/en\/burkina-faso-consegnato-materiale-sanitario-prevenzione-covid19\/#primaryimage"},"image":{"@id":"https:\/\/www.manitese.it\/en\/burkina-faso-consegnato-materiale-sanitario-prevenzione-covid19\/#primaryimage"},"thumbnailUrl":"https:\/\/www.manitese.it\/wp-content\/uploads\/2020\/05\/burkina-faso-materiale-sanitario-prevenzione-covid_cover_mani-tese-2020-1.jpg","datePublished":"2020-05-26T07:23:13+00:00","dateModified":"2023-12-18T11:14:41+00:00","author":{"@id":"https:\/\/www.manitese.it\/en\/#\/schema\/person\/5a9774f17e4940e2510bfeba90f04f65"},"description":"Anche con il Coronavirus l\u2019impegno di Mani Tese in Burkina Faso non si ferma: consegnati kit igienizzanti per 15 Centri di Salute in 3 regioni del Paese.","breadcrumb":{"@id":"https:\/\/www.manitese.it\/en\/burkina-faso-consegnato-materiale-sanitario-prevenzione-covid19\/#breadcrumb"},"inLanguage":"en-US","potentialAction":[{"@type":"ReadAction","target":["https:\/\/www.manitese.it\/en\/burkina-faso-consegnato-materiale-sanitario-prevenzione-covid19\/"]}]},{"@type":"ImageObject","inLanguage":"en-US","@id":"https:\/\/www.manitese.it\/en\/burkina-faso-consegnato-materiale-sanitario-prevenzione-covid19\/#primaryimage","url":"https:\/\/www.manitese.it\/wp-content\/uploads\/2020\/05\/burkina-faso-materiale-sanitario-prevenzione-covid_cover_mani-tese-2020-1.jpg","contentUrl":"https:\/\/www.manitese.it\/wp-content\/uploads\/2020\/05\/burkina-faso-materiale-sanitario-prevenzione-covid_cover_mani-tese-2020-1.jpg","width":1920,"height":800,"caption":"burkina faso materiale sanitario prevenzione covid_cover_mani tese 2020"},{"@type":"BreadcrumbList","@id":"https:\/\/www.manitese.it\/en\/burkina-faso-consegnato-materiale-sanitario-prevenzione-covid19\/#breadcrumb","itemListElement":[{"@type":"ListItem","position":1,"name":"Home","item":"https:\/\/www.manitese.it\/en\/"},{"@type":"ListItem","position":2,"name":"BURKINA FASO, CONSEGNATO MATERIALE SANITARIO PER LA PREVENZIONE DEL COVID-19"}]},{"@type":"WebSite","@id":"https:\/\/www.manitese.it\/en\/#website","url":"https:\/\/www.manitese.it\/en\/","name":"Mani Tese","description":"","potentialAction":[{"@type":"SearchAction","target":{"@type":"EntryPoint","urlTemplate":"https:\/\/www.manitese.it\/en\/?s={search_term_string}"},"query-input":{"@type":"PropertyValueSpecification","valueRequired":true,"valueName":"search_term_string"}}],"inLanguage":"en-US"},{"@type":"Person","@id":"https:\/\/www.manitese.it\/en\/#\/schema\/person\/5a9774f17e4940e2510bfeba90f04f65","name":"agevis","image":{"@type":"ImageObject","inLanguage":"en-US","@id":"https:\/\/secure.gravatar.com\/avatar\/2dc96c93fcf3387a5922a93b50fb3bff01d4800590fb6a4ab91a034adb25ba17?s=96&d=mm&r=g","url":"https:\/\/secure.gravatar.com\/avatar\/2dc96c93fcf3387a5922a93b50fb3bff01d4800590fb6a4ab91a034adb25ba17?s=96&d=mm&r=g","contentUrl":"https:\/\/secure.gravatar.com\/avatar\/2dc96c93fcf3387a5922a93b50fb3bff01d4800590fb6a4ab91a034adb25ba17?s=96&d=mm&r=g","caption":"agevis"},"url":"https:\/\/www.manitese.it\/en\/author\/wp_agevis_admin\/"}]}},"jetpack_featured_media_url":"https:\/\/www.manitese.it\/wp-content\/uploads\/2020\/05\/burkina-faso-materiale-sanitario-prevenzione-covid_cover_mani-tese-2020-1.jpg","jetpack_sharing_enabled":true,"_links":{"self":[{"href":"https:\/\/www.manitese.it\/en\/wp-json\/wp\/v2\/posts\/61004","targetHints":{"allow":["GET"]}}],"collection":[{"href":"https:\/\/www.manitese.it\/en\/wp-json\/wp\/v2\/posts"}],"about":[{"href":"https:\/\/www.manitese.it\/en\/wp-json\/wp\/v2\/types\/post"}],"author":[{"embeddable":true,"href":"https:\/\/www.manitese.it\/en\/wp-json\/wp\/v2\/users\/1"}],"replies":[{"embeddable":true,"href":"https:\/\/www.manitese.it\/en\/wp-json\/wp\/v2\/comments?post=61004"}],"version-history":[{"count":2,"href":"https:\/\/www.manitese.it\/en\/wp-json\/wp\/v2\/posts\/61004\/revisions"}],"predecessor-version":[{"id":191894,"href":"https:\/\/www.manitese.it\/en\/wp-json\/wp\/v2\/posts\/61004\/revisions\/191894"}],"wp:featuredmedia":[{"embeddable":true,"href":"https:\/\/www.manitese.it\/en\/wp-json\/wp\/v2\/media\/61020"}],"wp:attachment":[{"href":"https:\/\/www.manitese.it\/en\/wp-json\/wp\/v2\/media?parent=61004"}],"wp:term":[{"taxonomy":"category","embeddable":true,"href":"https:\/\/www.manitese.it\/en\/wp-json\/wp\/v2\/categories?post=61004"},{"taxonomy":"post_tag","embeddable":true,"href":"https:\/\/www.manitese.it\/en\/wp-json\/wp\/v2\/tags?post=61004"},{"taxonomy":"thematic_area","embeddable":true,"href":"https:\/\/www.manitese.it\/en\/wp-json\/wp\/v2\/thematic_area?post=61004"}],"curies":[{"name":"wp","href":"https:\/\/api.w.org\/{rel}","templated":true}]}}