{"id":60789,"date":"2020-05-21T08:32:16","date_gmt":"2020-05-21T06:32:16","guid":{"rendered":"https:\/\/manitese.it\/?p=60789"},"modified":"2023-12-18T16:59:36","modified_gmt":"2023-12-18T15:59:36","slug":"pandemia-sotto-inchiesta-giornalismo-ai-tempi-del-coronavirus","status":"publish","type":"post","link":"https:\/\/www.manitese.it\/en\/pandemia-sotto-inchiesta-giornalismo-ai-tempi-del-coronavirus\/","title":{"rendered":"Pandemia sotto inchiesta: il giornalismo ai tempi del coronavirus"},"content":{"rendered":"\r\n<p>Chi vincer\u00e0 la seconda edizione del <strong>Premio Mani Tese per il giornalismo investigativo e sociale<\/strong>? Lo scopriremo in diretta <strong>gioved\u00ec 4 giugno alle 18.00<\/strong> sui <strong>canali <a href=\"https:\/\/www.facebook.com\/ManiTese\/\" target=\"_blank\" rel=\"noreferrer noopener\" aria-label=\"Facebook (apre in una nuova scheda)\">Facebook<\/a> e <a href=\"https:\/\/www.youtube.com\/user\/ManiTeseong\" target=\"_blank\" rel=\"noreferrer noopener\" aria-label=\"Youtube (apre in una nuova scheda)\">Youtube<\/a> di Mani Tese<\/strong> durante <strong>un evento live che vedr\u00e0 la partecipazione di tanti e tante ospiti illustri<\/strong>.<\/p>\r\n\r\n\r\n\r\n<p>Insieme a <strong>Federica Angeli, Gad Lerner, Tiziana Ferrario, Gianluigi Nuzzi, Eva Giovannini, Francesco Piccinini, Stefania Prandi, Riccardo Iacona, Emilio Ciarlo<\/strong>, giurati e giurate del Premio, parleremo di <strong>giornalismo e comunicazione ai tempi del coronavirus<\/strong>. A seguire <strong>i 5 finalisti del Premio, selezionati dalla giuria, si sfideranno presentando il proprio progetto d&#8217;inchiesta tramite pitch<\/strong>.<\/p>\r\n\r\n\r\n\r\n<p>La consegna simbolica del premio (<strong>fino a un massimo di 10.000 euro a copertura delle spese di realizzazione dell\u2019inchiesta<\/strong>) sar\u00e0 affidata a <strong>Sara de Simone, Presidente di Mani Tese<\/strong>, con la partecipazione di <strong>Margherita Rebuffoni, mamma di Nadia Toffa<\/strong>, alla cui figlia \u00e8 dedicata l&#8217;edizione 2020 del Premio.<\/p>\r\n\r\n\r\n\r\n<p><u><strong>Il programma<\/strong><\/u><\/p>\r\n\r\n\r\n\r\n<p><strong>PANDEMIA SOTTO INCHIESTA: IL GIORNALISMO AI TEMPI DEL CORONAVIRUS<\/strong><br \/>LiveTalk con Federica Angeli, Gad Lerner, Tiziana Ferrario, Gianluigi Nuzzi, Eva Giovannini, Francesco Piccinini, Stefania Prandi, Riccardo Iacona, Emilio Ciarlo.<\/p>\r\n\r\n\r\n\r\n<p><strong>AMAZON E LO SMALTIMENTO DELL&#8217;INVENDUTO: COME \u00c8 ANDATA A FINIRE?<\/strong><br \/>Collegamento con gli autori dell\u2019inchiesta vincitrice del Premio Mani Tese 2019 \u201cAmazon, uno smaltimento al di sopra di ogni sospetto\u201d.<\/p>\r\n\r\n\r\n\r\n<p><strong>IL LATO OSCURO DELLA MODA<\/strong><br \/>Pitch dei cinque finalisti del Premio Mani Tese 2020 che presenteranno i loro progetti d\u2019inchiesta sull\u2019impatto dell\u2019industria dell\u2019abbigliamento sui diritti umani e sull\u2019ambiente. Al termine, i giurati\/e presenti voteranno il progetto vincitore.<\/p>\r\n\r\n\r\n\r\n<p><strong>IN RICORDO DI NADIA<\/strong><br \/>Margherita Rebuffoni, mamma di Nadia Toffa, consegna virtualmente il premio in ricordo della figlia insieme a Sara de Simone, Presidente di Mani Tese.<\/p>\r\n\r\n\r\n\r\n<p>Conduce l\u2019evento Giorgia Vezzoli, Responsabile Comunicazione Istituzionale di Mani Tese.<\/p>\r\n\r\n\r\n\r\n<p><u><strong>La giuria del Premio<\/strong><\/u><\/p>\r\n\r\n\r\n\r\n<p><strong>Federica Angeli<\/strong><br \/>Cronista di nera e giudiziaria, dal 1998 scrive sulle pagine del quotidiano La Repubblica. Nota per le sue inchieste sulla mafia romana per le quali, in seguito alle minacce ricevute, vive sotto scorta dal 17 luglio 2013. Nel 2019 la sua storia \u00e8 protagonista del film <em>A mano disarmata<\/em>.<\/p>\r\n\r\n\r\n\r\n<p><strong>Emilio Ciarlo<\/strong><br \/>Direttore comunicazione dell\u2019AICS. Avvocato, giurista internazionale d\u2019impresa, pubblica su diverse testate articoli su politica estera, cooperazione e diritti umani. Dal 2013 al 2015 \u00e8 stato Consigliere politico del Vice Ministro degli Esteri e della Cooperazione.<\/p>\r\n\r\n\r\n\r\n<p><strong>Tiziana Ferrario<\/strong><br \/>Giornalista, gi\u00e0 inviata e conduttrice RAI. Dopo essersi occupata di politica estera, guerre e crisi umanitarie, ha deciso di dedicarsi al tema della parit\u00e0 di genere. Nel 2006 pubblica <em>Il vento di Kabul<\/em> (Baldini Castoldi Dalai). Nel 2017 <em>Orgoglio e Pregiudizi<\/em> (Chiarelettere).<\/p>\r\n\r\n\r\n\r\n<p><strong>Eva Giovannini<\/strong><br \/>Giornalista e inviata RAI. Ha condotto l&#8217;edizione 2017 del Premio Strega. Membro del &#8220;Comitato di Saggi&#8221; sull&#8217;Europa, ha scritto <em>Europa Anno Zero &#8211; Il ritorno dei Nazionalismi<\/em> (Marsilio, 2015). In TV ha lavorato per <em>Annozero, Piazzapulita, Skytg24<\/em>. Ha condotto il programma <em>Popolo Sovrano<\/em>.<\/p>\r\n\r\n\r\n\r\n<p><strong>Riccardo Iacona<\/strong><br \/>Giornalista e conduttore televisivo, si occupa di giornalismo d\u2019inchiesta. Ha lavorato per diversi programmi televisivi sia in Rai che in Mediaset, fra cui <em>Samarcanda, Il Rosso e il Nero, Tempo Reale, Moby dick, Moby&#8217;s, Circus, Sciusci\u00e0<\/em>. Ha realizzato numerose trasmissioni come <em>W gli sposi, W il mercato, W la ricerca<\/em> e la serie di inchieste <em>W l&#8217;Italia<\/em>. Dal 2009 conduce il suo programma di inchiesta <em>Presa diretta<\/em>, in onda su Rai Tre.<\/p>\r\n\r\n\r\n\r\n<p><strong>Gad Lerner<\/strong><br \/>Giornalista e autore di numerosi libri, ha collaborato con Radio Popolare, L\u2019Espresso, Corriere della sera, Repubblica, La stampa, Nigrizia. In RAI ha condotto <em>Profondo Nord, Milano, Italia, Pinocchio, L\u2019Approdo<\/em>. Su LA7 \u00e8 stato direttore del tg e conduttore di <em>Otto e mezzo<\/em> e <em>L\u2019Infedele<\/em>.<\/p>\r\n\r\n\r\n\r\n<p><strong>Gianluigi Nuzzi<\/strong><br \/>Giornalista autore di diverse inchieste e scoop che hanno avuto vasta eco come <em>Vaticano S.p.A.<\/em> (Chiarelettere, 2009) e <em>Metastasi<\/em> (Chiarelettere 2015). Ha ideato e condotto la trasmissione <em>Intoccabili <\/em>su La7. Attualmente conduce su Rete4 <em>Quarto Grado<\/em>.<\/p>\r\n\r\n\r\n\r\n<p><strong>Francesco Piccinini<\/strong><br \/>Direttore responsabile di Fanpage. Ha lavorato come digital manager di Caltagirone Editore Digital, direttore di AgoraVox Italia e docente presso l&#8217;\u00c9cole Sup\u00e9rieure de Gestion di Parigi. Tra gli autori di <em>Novantadue<\/em>. <em>L&#8217;anno che cambi\u00f2 l&#8217;Italia<\/em> (Castelvecchi, 2012).<\/p>\r\n\r\n\r\n\r\n<p><strong>Stefania Prandi<\/strong><br \/>Giornalista e fotogiornalista, si occupa di questioni di genere, lavoro, diritti umani, societ\u00e0 e ambiente. Ha realizzato reportage collaborando per Al Jazeera, El Pa\u00eds e altre testate. \u00c8 autrice di <em>Oro rosso. Fragole, pomodori, molestie e sfruttamento nel Mediterraneo<\/em> (Settenove, 2018).<\/p>\r\n\r\n\r\n\r\n<p><u><strong><em>A proposito del Premio Mani Tese<\/em><\/strong><\/u><\/p>\r\n\r\n\r\n\r\n<p><em>Il <a href=\"https:\/\/manitese.it\/premio-mani-tese-giornalismo-investigativo-sociale\" target=\"_blank\" rel=\"noreferrer noopener\" aria-label=\"Premio Mani Tese per il giornalismo investigativo e sociale (apre in una nuova scheda)\">Premio Mani Tese per il giornalismo investigativo e sociale<\/a> \u00e8 un\u2019iniziativa di Mani Tese, ONG che da oltre 55 anni si occupa di contrastare le ingiustizie nel mondo, e rientra nel programma <strong><a href=\"https:\/\/manitese.it\/made-in-justice\" target=\"_blank\" rel=\"noreferrer noopener\" aria-label=\"MADE IN JUSTICE (apre in una nuova scheda)\">MADE IN JUSTICE<\/a><\/strong> di Mani Tese, che mira a mettere i diritti umani e l\u2019ambiente al centro della governance delle imprese e delle scelte dei consumatori. L\u2019edizione 2020 del Premio si inserisce all\u2019interno del progetto \u201c<strong><a href=\"https:\/\/manitese.it\/progetto\/cambia-moda\" target=\"_blank\" rel=\"noreferrer noopener\" aria-label=\"Cambia MODA! Dalla fast fashion a una filiera tessile trasparente e sostenibile (apre in una nuova scheda)\">Cambia MODA! Dalla fast fashion a una filiera tessile trasparente e sostenibile<\/a><\/strong>\u201d, realizzato con il contributo dell\u2019<strong><a href=\"https:\/\/www.aics.gov.it\/\" target=\"_blank\" rel=\"noreferrer noopener\" aria-label=\"Agenzia Italiana per la Cooperazione allo Sviluppo (AICS) (apre in una nuova scheda)\">Agenzia Italiana per la Cooperazione allo Sviluppo (AICS)<\/a><\/strong>.<\/em><\/p>\r\n\r\n\r\n\r\n<p>Scarica e diffondi la locandina dell&#8217;evento!<\/p>\r\n\r\n\r\n\r\n<div class=\"wp-block-image\">\r\n<figure class=\"aligncenter size-large\"><a href=\"https:\/\/manitese.it\/wp-content\/uploads\/2020\/05\/pandemia-sotto-inchiesta_locandina_mani-tese-2020.jpg\"><img decoding=\"async\" class=\"wp-image-60814\" src=\"https:\/\/manitese.it\/wp-content\/uploads\/2020\/05\/pandemia-sotto-inchiesta_locandina_mani-tese-2020-761x1024.jpg\" alt=\"\" \/><\/a><\/figure>\r\n<\/div>\r\n","protected":false},"excerpt":{"rendered":"<p>LiveTalk in occasione della cerimonia di premiazione del Premio Mani Tese per il giornalismo investigativo e sociale con Federica Angeli, Gad Lerner, Tiziana Ferrario, Gianluigi Nuzzi, Eva Giovannini, Francesco Piccinini, Stefania Prandi, Riccardo Iacona, Emilio Ciarlo.<\/p>\n","protected":false},"author":1,"featured_media":41420,"comment_status":"open","ping_status":"open","sticky":false,"template":"","format":"standard","meta":{"_acf_changed":false,"give_campaign_id":0,"inline_featured_image":false,"_jetpack_memberships_contains_paid_content":false,"footnotes":""},"categories":[22],"tags":[],"thematic_area":[906],"class_list":["post-60789","post","type-post","status-publish","format-standard","has-post-thumbnail","hentry","category-area-stampa","thematic_area-lavoro-dignitoso"],"acf":[],"yoast_head":"<!-- This site is optimized with the Yoast SEO plugin v27.5 - https:\/\/yoast.com\/product\/yoast-seo-wordpress\/ -->\n<title>Pandemia sotto inchiesta: il giornalismo ai tempi del coronavirus - Mani Tese<\/title>\n<meta name=\"description\" content=\"LiveTalk in occasione della cerimonia di premiazione del Premio Mani Tese per il giornalismo investigativo e sociale con Federica Angeli, Gad Lerner, Tiziana Ferrario, Gianluigi Nuzzi, Eva Giovannini, Francesco Piccinini, Stefania Prandi, Riccardo Iacona, Emilio Ciarlo.\" \/>\n<meta name=\"robots\" content=\"index, follow, max-snippet:-1, max-image-preview:large, max-video-preview:-1\" \/>\n<link rel=\"canonical\" href=\"https:\/\/www.manitese.it\/en\/pandemia-sotto-inchiesta-giornalismo-ai-tempi-del-coronavirus\/\" \/>\n<meta property=\"og:locale\" content=\"en_US\" \/>\n<meta property=\"og:type\" content=\"article\" \/>\n<meta property=\"og:title\" content=\"Pandemia sotto inchiesta: il giornalismo ai tempi del coronavirus - Mani Tese\" \/>\n<meta property=\"og:description\" content=\"LiveTalk in occasione della cerimonia di premiazione del Premio Mani Tese per il giornalismo investigativo e sociale con Federica Angeli, Gad Lerner, Tiziana Ferrario, Gianluigi Nuzzi, Eva Giovannini, Francesco Piccinini, Stefania Prandi, Riccardo Iacona, Emilio Ciarlo.\" \/>\n<meta property=\"og:url\" content=\"https:\/\/www.manitese.it\/en\/pandemia-sotto-inchiesta-giornalismo-ai-tempi-del-coronavirus\/\" \/>\n<meta property=\"og:site_name\" content=\"Mani Tese\" \/>\n<meta property=\"article:published_time\" content=\"2020-05-21T06:32:16+00:00\" \/>\n<meta property=\"article:modified_time\" content=\"2023-12-18T15:59:36+00:00\" \/>\n<meta property=\"og:image\" content=\"https:\/\/www.manitese.it\/wp-content\/uploads\/2018\/12\/premio-giornalismo-investigativo-Mani-Tese-2018-1.jpg\" \/>\n\t<meta property=\"og:image:width\" content=\"1920\" \/>\n\t<meta property=\"og:image:height\" content=\"800\" \/>\n\t<meta property=\"og:image:type\" content=\"image\/jpeg\" \/>\n<meta name=\"author\" content=\"agevis\" \/>\n<meta name=\"twitter:card\" content=\"summary_large_image\" \/>\n<meta name=\"twitter:label1\" content=\"Written by\" \/>\n\t<meta name=\"twitter:data1\" content=\"agevis\" \/>\n\t<meta name=\"twitter:label2\" content=\"Est. reading time\" \/>\n\t<meta name=\"twitter:data2\" content=\"4 minutes\" \/>\n<script type=\"application\/ld+json\" class=\"yoast-schema-graph\">{\"@context\":\"https:\\\/\\\/schema.org\",\"@graph\":[{\"@type\":\"Article\",\"@id\":\"https:\\\/\\\/www.manitese.it\\\/en\\\/pandemia-sotto-inchiesta-giornalismo-ai-tempi-del-coronavirus\\\/#article\",\"isPartOf\":{\"@id\":\"https:\\\/\\\/www.manitese.it\\\/en\\\/pandemia-sotto-inchiesta-giornalismo-ai-tempi-del-coronavirus\\\/\"},\"author\":{\"name\":\"agevis\",\"@id\":\"https:\\\/\\\/www.manitese.it\\\/en\\\/#\\\/schema\\\/person\\\/5a9774f17e4940e2510bfeba90f04f65\"},\"headline\":\"Pandemia sotto inchiesta: il giornalismo ai tempi del coronavirus\",\"datePublished\":\"2020-05-21T06:32:16+00:00\",\"dateModified\":\"2023-12-18T15:59:36+00:00\",\"mainEntityOfPage\":{\"@id\":\"https:\\\/\\\/www.manitese.it\\\/en\\\/pandemia-sotto-inchiesta-giornalismo-ai-tempi-del-coronavirus\\\/\"},\"wordCount\":820,\"commentCount\":0,\"image\":{\"@id\":\"https:\\\/\\\/www.manitese.it\\\/en\\\/pandemia-sotto-inchiesta-giornalismo-ai-tempi-del-coronavirus\\\/#primaryimage\"},\"thumbnailUrl\":\"https:\\\/\\\/www.manitese.it\\\/wp-content\\\/uploads\\\/2018\\\/12\\\/premio-giornalismo-investigativo-Mani-Tese-2018-1.jpg\",\"articleSection\":[\"Area stampa\"],\"inLanguage\":\"en-US\",\"potentialAction\":[{\"@type\":\"CommentAction\",\"name\":\"Comment\",\"target\":[\"https:\\\/\\\/www.manitese.it\\\/en\\\/pandemia-sotto-inchiesta-giornalismo-ai-tempi-del-coronavirus\\\/#respond\"]}]},{\"@type\":\"WebPage\",\"@id\":\"https:\\\/\\\/www.manitese.it\\\/en\\\/pandemia-sotto-inchiesta-giornalismo-ai-tempi-del-coronavirus\\\/\",\"url\":\"https:\\\/\\\/www.manitese.it\\\/en\\\/pandemia-sotto-inchiesta-giornalismo-ai-tempi-del-coronavirus\\\/\",\"name\":\"Pandemia sotto inchiesta: il giornalismo ai tempi del coronavirus - Mani Tese\",\"isPartOf\":{\"@id\":\"https:\\\/\\\/www.manitese.it\\\/en\\\/#website\"},\"primaryImageOfPage\":{\"@id\":\"https:\\\/\\\/www.manitese.it\\\/en\\\/pandemia-sotto-inchiesta-giornalismo-ai-tempi-del-coronavirus\\\/#primaryimage\"},\"image\":{\"@id\":\"https:\\\/\\\/www.manitese.it\\\/en\\\/pandemia-sotto-inchiesta-giornalismo-ai-tempi-del-coronavirus\\\/#primaryimage\"},\"thumbnailUrl\":\"https:\\\/\\\/www.manitese.it\\\/wp-content\\\/uploads\\\/2018\\\/12\\\/premio-giornalismo-investigativo-Mani-Tese-2018-1.jpg\",\"datePublished\":\"2020-05-21T06:32:16+00:00\",\"dateModified\":\"2023-12-18T15:59:36+00:00\",\"author\":{\"@id\":\"https:\\\/\\\/www.manitese.it\\\/en\\\/#\\\/schema\\\/person\\\/5a9774f17e4940e2510bfeba90f04f65\"},\"description\":\"LiveTalk in occasione della cerimonia di premiazione del Premio Mani Tese per il giornalismo investigativo e sociale con Federica Angeli, Gad Lerner, Tiziana Ferrario, Gianluigi Nuzzi, Eva Giovannini, Francesco Piccinini, Stefania Prandi, Riccardo Iacona, Emilio Ciarlo.\",\"breadcrumb\":{\"@id\":\"https:\\\/\\\/www.manitese.it\\\/en\\\/pandemia-sotto-inchiesta-giornalismo-ai-tempi-del-coronavirus\\\/#breadcrumb\"},\"inLanguage\":\"en-US\",\"potentialAction\":[{\"@type\":\"ReadAction\",\"target\":[\"https:\\\/\\\/www.manitese.it\\\/en\\\/pandemia-sotto-inchiesta-giornalismo-ai-tempi-del-coronavirus\\\/\"]}]},{\"@type\":\"ImageObject\",\"inLanguage\":\"en-US\",\"@id\":\"https:\\\/\\\/www.manitese.it\\\/en\\\/pandemia-sotto-inchiesta-giornalismo-ai-tempi-del-coronavirus\\\/#primaryimage\",\"url\":\"https:\\\/\\\/www.manitese.it\\\/wp-content\\\/uploads\\\/2018\\\/12\\\/premio-giornalismo-investigativo-Mani-Tese-2018-1.jpg\",\"contentUrl\":\"https:\\\/\\\/www.manitese.it\\\/wp-content\\\/uploads\\\/2018\\\/12\\\/premio-giornalismo-investigativo-Mani-Tese-2018-1.jpg\",\"width\":1920,\"height\":800,\"caption\":\"premio giornalismo investigativo Mani Tese 2018\"},{\"@type\":\"BreadcrumbList\",\"@id\":\"https:\\\/\\\/www.manitese.it\\\/en\\\/pandemia-sotto-inchiesta-giornalismo-ai-tempi-del-coronavirus\\\/#breadcrumb\",\"itemListElement\":[{\"@type\":\"ListItem\",\"position\":1,\"name\":\"Home\",\"item\":\"https:\\\/\\\/www.manitese.it\\\/en\\\/\"},{\"@type\":\"ListItem\",\"position\":2,\"name\":\"Pandemia sotto inchiesta: il giornalismo ai tempi del coronavirus\"}]},{\"@type\":\"WebSite\",\"@id\":\"https:\\\/\\\/www.manitese.it\\\/en\\\/#website\",\"url\":\"https:\\\/\\\/www.manitese.it\\\/en\\\/\",\"name\":\"Mani Tese\",\"description\":\"\",\"potentialAction\":[{\"@type\":\"SearchAction\",\"target\":{\"@type\":\"EntryPoint\",\"urlTemplate\":\"https:\\\/\\\/www.manitese.it\\\/en\\\/?s={search_term_string}\"},\"query-input\":{\"@type\":\"PropertyValueSpecification\",\"valueRequired\":true,\"valueName\":\"search_term_string\"}}],\"inLanguage\":\"en-US\"},{\"@type\":\"Person\",\"@id\":\"https:\\\/\\\/www.manitese.it\\\/en\\\/#\\\/schema\\\/person\\\/5a9774f17e4940e2510bfeba90f04f65\",\"name\":\"agevis\",\"image\":{\"@type\":\"ImageObject\",\"inLanguage\":\"en-US\",\"@id\":\"https:\\\/\\\/secure.gravatar.com\\\/avatar\\\/2dc96c93fcf3387a5922a93b50fb3bff01d4800590fb6a4ab91a034adb25ba17?s=96&d=mm&r=g\",\"url\":\"https:\\\/\\\/secure.gravatar.com\\\/avatar\\\/2dc96c93fcf3387a5922a93b50fb3bff01d4800590fb6a4ab91a034adb25ba17?s=96&d=mm&r=g\",\"contentUrl\":\"https:\\\/\\\/secure.gravatar.com\\\/avatar\\\/2dc96c93fcf3387a5922a93b50fb3bff01d4800590fb6a4ab91a034adb25ba17?s=96&d=mm&r=g\",\"caption\":\"agevis\"},\"url\":\"https:\\\/\\\/www.manitese.it\\\/en\\\/author\\\/wp_agevis_admin\\\/\"}]}<\/script>\n<!-- \/ Yoast SEO plugin. -->","yoast_head_json":{"title":"Pandemia sotto inchiesta: il giornalismo ai tempi del coronavirus - Mani Tese","description":"LiveTalk in occasione della cerimonia di premiazione del Premio Mani Tese per il giornalismo investigativo e sociale con Federica Angeli, Gad Lerner, Tiziana Ferrario, Gianluigi Nuzzi, Eva Giovannini, Francesco Piccinini, Stefania Prandi, Riccardo Iacona, Emilio Ciarlo.","robots":{"index":"index","follow":"follow","max-snippet":"max-snippet:-1","max-image-preview":"max-image-preview:large","max-video-preview":"max-video-preview:-1"},"canonical":"https:\/\/www.manitese.it\/en\/pandemia-sotto-inchiesta-giornalismo-ai-tempi-del-coronavirus\/","og_locale":"en_US","og_type":"article","og_title":"Pandemia sotto inchiesta: il giornalismo ai tempi del coronavirus - Mani Tese","og_description":"LiveTalk in occasione della cerimonia di premiazione del Premio Mani Tese per il giornalismo investigativo e sociale con Federica Angeli, Gad Lerner, Tiziana Ferrario, Gianluigi Nuzzi, Eva Giovannini, Francesco Piccinini, Stefania Prandi, Riccardo Iacona, Emilio Ciarlo.","og_url":"https:\/\/www.manitese.it\/en\/pandemia-sotto-inchiesta-giornalismo-ai-tempi-del-coronavirus\/","og_site_name":"Mani Tese","article_published_time":"2020-05-21T06:32:16+00:00","article_modified_time":"2023-12-18T15:59:36+00:00","og_image":[{"width":1920,"height":800,"url":"https:\/\/www.manitese.it\/wp-content\/uploads\/2018\/12\/premio-giornalismo-investigativo-Mani-Tese-2018-1.jpg","type":"image\/jpeg"}],"author":"agevis","twitter_card":"summary_large_image","twitter_misc":{"Written by":"agevis","Est. reading time":"4 minutes"},"schema":{"@context":"https:\/\/schema.org","@graph":[{"@type":"Article","@id":"https:\/\/www.manitese.it\/en\/pandemia-sotto-inchiesta-giornalismo-ai-tempi-del-coronavirus\/#article","isPartOf":{"@id":"https:\/\/www.manitese.it\/en\/pandemia-sotto-inchiesta-giornalismo-ai-tempi-del-coronavirus\/"},"author":{"name":"agevis","@id":"https:\/\/www.manitese.it\/en\/#\/schema\/person\/5a9774f17e4940e2510bfeba90f04f65"},"headline":"Pandemia sotto inchiesta: il giornalismo ai tempi del coronavirus","datePublished":"2020-05-21T06:32:16+00:00","dateModified":"2023-12-18T15:59:36+00:00","mainEntityOfPage":{"@id":"https:\/\/www.manitese.it\/en\/pandemia-sotto-inchiesta-giornalismo-ai-tempi-del-coronavirus\/"},"wordCount":820,"commentCount":0,"image":{"@id":"https:\/\/www.manitese.it\/en\/pandemia-sotto-inchiesta-giornalismo-ai-tempi-del-coronavirus\/#primaryimage"},"thumbnailUrl":"https:\/\/www.manitese.it\/wp-content\/uploads\/2018\/12\/premio-giornalismo-investigativo-Mani-Tese-2018-1.jpg","articleSection":["Area stampa"],"inLanguage":"en-US","potentialAction":[{"@type":"CommentAction","name":"Comment","target":["https:\/\/www.manitese.it\/en\/pandemia-sotto-inchiesta-giornalismo-ai-tempi-del-coronavirus\/#respond"]}]},{"@type":"WebPage","@id":"https:\/\/www.manitese.it\/en\/pandemia-sotto-inchiesta-giornalismo-ai-tempi-del-coronavirus\/","url":"https:\/\/www.manitese.it\/en\/pandemia-sotto-inchiesta-giornalismo-ai-tempi-del-coronavirus\/","name":"Pandemia sotto inchiesta: il giornalismo ai tempi del coronavirus - Mani Tese","isPartOf":{"@id":"https:\/\/www.manitese.it\/en\/#website"},"primaryImageOfPage":{"@id":"https:\/\/www.manitese.it\/en\/pandemia-sotto-inchiesta-giornalismo-ai-tempi-del-coronavirus\/#primaryimage"},"image":{"@id":"https:\/\/www.manitese.it\/en\/pandemia-sotto-inchiesta-giornalismo-ai-tempi-del-coronavirus\/#primaryimage"},"thumbnailUrl":"https:\/\/www.manitese.it\/wp-content\/uploads\/2018\/12\/premio-giornalismo-investigativo-Mani-Tese-2018-1.jpg","datePublished":"2020-05-21T06:32:16+00:00","dateModified":"2023-12-18T15:59:36+00:00","author":{"@id":"https:\/\/www.manitese.it\/en\/#\/schema\/person\/5a9774f17e4940e2510bfeba90f04f65"},"description":"LiveTalk in occasione della cerimonia di premiazione del Premio Mani Tese per il giornalismo investigativo e sociale con Federica Angeli, Gad Lerner, Tiziana Ferrario, Gianluigi Nuzzi, Eva Giovannini, Francesco Piccinini, Stefania Prandi, Riccardo Iacona, Emilio Ciarlo.","breadcrumb":{"@id":"https:\/\/www.manitese.it\/en\/pandemia-sotto-inchiesta-giornalismo-ai-tempi-del-coronavirus\/#breadcrumb"},"inLanguage":"en-US","potentialAction":[{"@type":"ReadAction","target":["https:\/\/www.manitese.it\/en\/pandemia-sotto-inchiesta-giornalismo-ai-tempi-del-coronavirus\/"]}]},{"@type":"ImageObject","inLanguage":"en-US","@id":"https:\/\/www.manitese.it\/en\/pandemia-sotto-inchiesta-giornalismo-ai-tempi-del-coronavirus\/#primaryimage","url":"https:\/\/www.manitese.it\/wp-content\/uploads\/2018\/12\/premio-giornalismo-investigativo-Mani-Tese-2018-1.jpg","contentUrl":"https:\/\/www.manitese.it\/wp-content\/uploads\/2018\/12\/premio-giornalismo-investigativo-Mani-Tese-2018-1.jpg","width":1920,"height":800,"caption":"premio giornalismo investigativo Mani Tese 2018"},{"@type":"BreadcrumbList","@id":"https:\/\/www.manitese.it\/en\/pandemia-sotto-inchiesta-giornalismo-ai-tempi-del-coronavirus\/#breadcrumb","itemListElement":[{"@type":"ListItem","position":1,"name":"Home","item":"https:\/\/www.manitese.it\/en\/"},{"@type":"ListItem","position":2,"name":"Pandemia sotto inchiesta: il giornalismo ai tempi del coronavirus"}]},{"@type":"WebSite","@id":"https:\/\/www.manitese.it\/en\/#website","url":"https:\/\/www.manitese.it\/en\/","name":"Mani Tese","description":"","potentialAction":[{"@type":"SearchAction","target":{"@type":"EntryPoint","urlTemplate":"https:\/\/www.manitese.it\/en\/?s={search_term_string}"},"query-input":{"@type":"PropertyValueSpecification","valueRequired":true,"valueName":"search_term_string"}}],"inLanguage":"en-US"},{"@type":"Person","@id":"https:\/\/www.manitese.it\/en\/#\/schema\/person\/5a9774f17e4940e2510bfeba90f04f65","name":"agevis","image":{"@type":"ImageObject","inLanguage":"en-US","@id":"https:\/\/secure.gravatar.com\/avatar\/2dc96c93fcf3387a5922a93b50fb3bff01d4800590fb6a4ab91a034adb25ba17?s=96&d=mm&r=g","url":"https:\/\/secure.gravatar.com\/avatar\/2dc96c93fcf3387a5922a93b50fb3bff01d4800590fb6a4ab91a034adb25ba17?s=96&d=mm&r=g","contentUrl":"https:\/\/secure.gravatar.com\/avatar\/2dc96c93fcf3387a5922a93b50fb3bff01d4800590fb6a4ab91a034adb25ba17?s=96&d=mm&r=g","caption":"agevis"},"url":"https:\/\/www.manitese.it\/en\/author\/wp_agevis_admin\/"}]}},"jetpack_featured_media_url":"https:\/\/www.manitese.it\/wp-content\/uploads\/2018\/12\/premio-giornalismo-investigativo-Mani-Tese-2018-1.jpg","jetpack_sharing_enabled":true,"_links":{"self":[{"href":"https:\/\/www.manitese.it\/en\/wp-json\/wp\/v2\/posts\/60789","targetHints":{"allow":["GET"]}}],"collection":[{"href":"https:\/\/www.manitese.it\/en\/wp-json\/wp\/v2\/posts"}],"about":[{"href":"https:\/\/www.manitese.it\/en\/wp-json\/wp\/v2\/types\/post"}],"author":[{"embeddable":true,"href":"https:\/\/www.manitese.it\/en\/wp-json\/wp\/v2\/users\/1"}],"replies":[{"embeddable":true,"href":"https:\/\/www.manitese.it\/en\/wp-json\/wp\/v2\/comments?post=60789"}],"version-history":[{"count":3,"href":"https:\/\/www.manitese.it\/en\/wp-json\/wp\/v2\/posts\/60789\/revisions"}],"predecessor-version":[{"id":191914,"href":"https:\/\/www.manitese.it\/en\/wp-json\/wp\/v2\/posts\/60789\/revisions\/191914"}],"wp:featuredmedia":[{"embeddable":true,"href":"https:\/\/www.manitese.it\/en\/wp-json\/wp\/v2\/media\/41420"}],"wp:attachment":[{"href":"https:\/\/www.manitese.it\/en\/wp-json\/wp\/v2\/media?parent=60789"}],"wp:term":[{"taxonomy":"category","embeddable":true,"href":"https:\/\/www.manitese.it\/en\/wp-json\/wp\/v2\/categories?post=60789"},{"taxonomy":"post_tag","embeddable":true,"href":"https:\/\/www.manitese.it\/en\/wp-json\/wp\/v2\/tags?post=60789"},{"taxonomy":"thematic_area","embeddable":true,"href":"https:\/\/www.manitese.it\/en\/wp-json\/wp\/v2\/thematic_area?post=60789"}],"curies":[{"name":"wp","href":"https:\/\/api.w.org\/{rel}","templated":true}]}}