{"id":43335,"date":"2019-02-21T11:27:27","date_gmt":"2019-02-21T10:27:27","guid":{"rendered":"https:\/\/manitese.it\/?p=43335\/"},"modified":"2023-12-14T11:18:00","modified_gmt":"2023-12-14T10:18:00","slug":"burkina-faso-semi-nuovo-progetto","status":"publish","type":"post","link":"https:\/\/www.manitese.it\/en\/burkina-faso-semi-nuovo-progetto\/","title":{"rendered":"IN BURKINA FASO PIANTIAMO I SEMI DI UN NUOVO PROGETTO"},"content":{"rendered":"<p>Luned\u00ec 11 febbraio 2019 si \u00e8 tenuto l\u2019evento di lancio delle attivit\u00e0 di agricoltura urbana a Ouagadougou che ha inaugurato anche nella capitale il progetto \u201c<a href=\"https:\/\/manitese.it\/progetto\/imprese-sociali-innovative-partecipazione-migranti-per-inclusione-sociale-burkina-faso\/\"><strong>Imprese sociali innovative e partecipazione dei migranti per l\u2019inclusione sociale in Burkina Faso<\/strong><\/a><strong>\u201d<\/strong>, cofinanziato dall\u2019<strong>Agenzia Italiana per la cooperazione allo sviluppo<\/strong>\u00a0e dalla <strong>Fondazione Maria Enrica<\/strong>. Nei mesi scorsi il progetto <a href=\"https:\/\/manitese.it\/burkina-faso-nuovo-progetto-sviluppo-inclusione-migranti\/\"><strong>era stato presentato a Koudougou e Tenkodogo<\/strong><\/a>, capoluoghi delle due regioni, Centro Ovest e Centro Est, dove si svolgono le attivit\u00e0 di sostegno alle imprese agroalimentari e di coinvolgimento della diaspora burkinab\u00e8 in Italia previste dall\u2019intervento.<\/p>\n<p>La cerimonia si \u00e8 svolta alla presenza del <strong>sindaco di Ouagadougou<\/strong> <strong>Armand B\u00e9ouind\u00e9<\/strong> ed \u00e8 stata aperta con i saluti delle <strong>autorit\u00e0 pubbliche e tradizionali del quartiere di Tanghin,<\/strong> area che fa parte della cosiddetta cintura verde della capitale dove si \u00e8 svolto l\u2019evento. Le autorit\u00e0 hanno sottolineato l\u2019importanza di investire in agricoltura anche in ambito cittadino, con un\u2019attenzione particolare ai soggetti pi\u00f9 vulnerabili.<\/p>\n<p>\u00c8 poi intervenuto <strong>il rappresentante della Federazione degli orticoltori urbani<\/strong> ricordando che sono migliaia gli aderenti che praticano attivit\u00e0 orticole a Ouagadougou e che c\u2019\u00e8 ancora molta terra disponibile per essere coltivata.<\/p>\n<p>La parola \u00e8 poi passata a <strong>Giovanni Sartor, Responsabile cooperazione internazionale di Mani Tese,<\/strong> che ha dichiarato come sia fondamentale investire in agricoltura in ambito urbano promuovendo la transizione agroecologica e ha portato come esempio la citt\u00e0 di Milano, partner di progetto con cui \u00e8 prevista un\u2019attivit\u00e0 di scambio, seconda citt\u00e0 agricola d\u2019Italia che ha costituito il parco agricolo sud Milano e attua politiche attente al consumo di cibo locale, sano e di qualit\u00e0. Rispetto a quest\u2019ultimo aspetto \u00e8 intervenuta anche <strong>Elena Scanferla<\/strong>, direttrice di ACRA, partner di progetto, che ha brevemente introdotto la componente dell\u2019intervento riguardante l\u2019impresa sociale <strong><em>K\u00e9 de burkinab\u00e9,<\/em><\/strong> che si occupa di promuovere e commercializzare produzioni locali, sane e di qualit\u00e0 nella capitale.<\/p>\n<p>La parola \u00e8 quindi passata al <strong>sindaco della citt\u00e0 che<\/strong>, ringraziando Mani Tese e ACRA per l\u2019impegno nel progetto, ha ricordato brevemente le attivit\u00e0 previste a <strong>Ouagadougou<\/strong>, tra le quali lo studio cartografico e il censimento dei perimetri orticoli, il sostegno alle donne produttrici e il concorso per i giovani nell\u2019ambito delle nuove tecnologie. Ha infine ricordato che anche il comune ha impegnato delle risorse per le attivit\u00e0, che si aggiungono a quelle messe a disposizione dal progetto, in particolare per quanto riguarda la formazione dei produttori urbani.<\/p>\n<p>Il primo cittadino ha chiamato ad affiancarlo per dare l\u2019avvio ufficiale al progetto <strong>il dott. Domenico Bruzzone<\/strong>, <strong>direttore della sede AICS di Ouagadougou<\/strong>, che ha ricordato <strong>la solida amicizia che lega Italia e Burkina Faso<\/strong>, testimoniata anche dalla presenza positiva di migliaia di burkinab\u00e9 in Italia, alcuni dei quali sono coinvolti nel progetto, e che ha elogiato questo tipo di interventi innovativi frutto di un partenariato ampio e di un positivo scambio di esperienze.<\/p>\n<p>Il dott. Bruzzone e il sindaco B\u00e9ouind\u00e9, insieme alle altre autorit\u00e0 presenti, hanno dato il via ufficiale al progetto piantando alcuni semi, in segno di augurio per la sua buona riuscita, mentre <strong>Wendy Lenarduzzi, la responsabile Paese di Mani Tese in Burkina Faso,<\/strong> ha piantato il primo albero.<\/p>\n<p><em><u>A proposito del progetto<\/u><\/em><\/p>\n<p><em>Il progetto \u201c<\/em><a href=\"https:\/\/manitese.it\/progetto\/imprese-sociali-innovative-partecipazione-migranti-per-inclusione-sociale-burkina-faso\/\"><strong><em>Imprese sociali innovative e partecipazione dei migranti per l\u2019inclusione sociale in Burkina Faso<\/em><\/strong><\/a><strong><em>\u201d<\/em><\/strong><em> di durata triennale, \u00e8 nel corso della sua prima annualit\u00e0 ed \u00e8 realizzato da Mani Tese in partenariato con Fondazione ACRA, CeSPI, Chico Mendes, Ital-Watinoma Comune di Milano, Comune di Ouagadougou. Ass. Watinoma, FIAB (Federazione nazionale delle industrie agroalimentari e di trasformazione del Burkina Faso) e FENAFERB (Federazione nazionale delle donne rurali del Burkina Faso). Il progetto \u00e8 cofinanziato dall\u2019Agenzia Italiana per la cooperazione allo sviluppo\u00a0 e dalla Fondazione Maria Enrica.<\/em><\/p>\n<div id='gallery-1' class='gallery galleryid-43335 gallery-columns-2 gallery-size-large'><figure class='gallery-item'>\n\t\t\t<div class='gallery-icon landscape'>\n\t\t\t\t<a href='https:\/\/www.manitese.it\/en\/whatsapp-image-2019-02-12-at-10-59-18\/'><img fetchpriority=\"high\" decoding=\"async\" width=\"600\" height=\"338\" src=\"https:\/\/www.manitese.it\/wp-content\/uploads\/2019\/02\/WhatsApp-Image-2019-02-12-at-10.59.18-1-1024x576.jpeg\" class=\"attachment-large size-large\" alt=\"\" srcset=\"https:\/\/www.manitese.it\/wp-content\/uploads\/2019\/02\/WhatsApp-Image-2019-02-12-at-10.59.18-1-1024x576.jpeg 1024w, https:\/\/www.manitese.it\/wp-content\/uploads\/2019\/02\/WhatsApp-Image-2019-02-12-at-10.59.18-1-600x338.jpeg 600w, https:\/\/www.manitese.it\/wp-content\/uploads\/2019\/02\/WhatsApp-Image-2019-02-12-at-10.59.18-1-300x169.jpeg 300w, https:\/\/www.manitese.it\/wp-content\/uploads\/2019\/02\/WhatsApp-Image-2019-02-12-at-10.59.18-1-768x432.jpeg 768w, https:\/\/www.manitese.it\/wp-content\/uploads\/2019\/02\/WhatsApp-Image-2019-02-12-at-10.59.18-1-1536x864.jpeg 1536w, https:\/\/www.manitese.it\/wp-content\/uploads\/2019\/02\/WhatsApp-Image-2019-02-12-at-10.59.18-1-400x225.jpeg 400w, https:\/\/www.manitese.it\/wp-content\/uploads\/2019\/02\/WhatsApp-Image-2019-02-12-at-10.59.18-1.jpeg 1600w\" sizes=\"(max-width: 600px) 100vw, 600px\" \/><\/a>\n\t\t\t<\/div><\/figure><figure class='gallery-item'>\n\t\t\t<div class='gallery-icon landscape'>\n\t\t\t\t<a href='https:\/\/www.manitese.it\/en\/lancio-progetto-bukrina-faso-mani-tese-2019-jpg\/'><img decoding=\"async\" width=\"600\" height=\"338\" src=\"https:\/\/www.manitese.it\/wp-content\/uploads\/2019\/02\/lancio-progetto-bukrina-faso-mani-tese-2019.jpg-1-1024x576.jpeg\" class=\"attachment-large size-large\" alt=\"\" srcset=\"https:\/\/www.manitese.it\/wp-content\/uploads\/2019\/02\/lancio-progetto-bukrina-faso-mani-tese-2019.jpg-1-1024x576.jpeg 1024w, https:\/\/www.manitese.it\/wp-content\/uploads\/2019\/02\/lancio-progetto-bukrina-faso-mani-tese-2019.jpg-1-600x338.jpeg 600w, https:\/\/www.manitese.it\/wp-content\/uploads\/2019\/02\/lancio-progetto-bukrina-faso-mani-tese-2019.jpg-1-300x169.jpeg 300w, https:\/\/www.manitese.it\/wp-content\/uploads\/2019\/02\/lancio-progetto-bukrina-faso-mani-tese-2019.jpg-1-768x432.jpeg 768w, https:\/\/www.manitese.it\/wp-content\/uploads\/2019\/02\/lancio-progetto-bukrina-faso-mani-tese-2019.jpg-1-1536x864.jpeg 1536w, https:\/\/www.manitese.it\/wp-content\/uploads\/2019\/02\/lancio-progetto-bukrina-faso-mani-tese-2019.jpg-1-400x225.jpeg 400w, https:\/\/www.manitese.it\/wp-content\/uploads\/2019\/02\/lancio-progetto-bukrina-faso-mani-tese-2019.jpg-1.jpeg 1600w\" sizes=\"(max-width: 600px) 100vw, 600px\" \/><\/a>\n\t\t\t<\/div><\/figure><figure class='gallery-item'>\n\t\t\t<div class='gallery-icon landscape'>\n\t\t\t\t<a href='https:\/\/www.manitese.it\/en\/aics-burkina-faso-mani-tese-2019-jpg\/'><img decoding=\"async\" width=\"600\" height=\"338\" src=\"https:\/\/www.manitese.it\/wp-content\/uploads\/2019\/02\/aics-burkina-faso-mani-tese-2019-1.jpg-1-1024x576.jpg\" class=\"attachment-large size-large\" alt=\"\" srcset=\"https:\/\/www.manitese.it\/wp-content\/uploads\/2019\/02\/aics-burkina-faso-mani-tese-2019-1.jpg-1-1024x576.jpg 1024w, https:\/\/www.manitese.it\/wp-content\/uploads\/2019\/02\/aics-burkina-faso-mani-tese-2019-1.jpg-1-600x338.jpg 600w, https:\/\/www.manitese.it\/wp-content\/uploads\/2019\/02\/aics-burkina-faso-mani-tese-2019-1.jpg-1-300x169.jpg 300w, https:\/\/www.manitese.it\/wp-content\/uploads\/2019\/02\/aics-burkina-faso-mani-tese-2019-1.jpg-1-768x432.jpg 768w, https:\/\/www.manitese.it\/wp-content\/uploads\/2019\/02\/aics-burkina-faso-mani-tese-2019-1.jpg-1-1536x864.jpg 1536w, https:\/\/www.manitese.it\/wp-content\/uploads\/2019\/02\/aics-burkina-faso-mani-tese-2019-1.jpg-1-400x225.jpg 400w, https:\/\/www.manitese.it\/wp-content\/uploads\/2019\/02\/aics-burkina-faso-mani-tese-2019-1.jpg-1.jpg 1600w\" sizes=\"(max-width: 600px) 100vw, 600px\" \/><\/a>\n\t\t\t<\/div><\/figure><figure class='gallery-item'>\n\t\t\t<div class='gallery-icon landscape'>\n\t\t\t\t<a href='https:\/\/www.manitese.it\/en\/acra-burkina-faso-mani-tese-2019-jpg\/'><img loading=\"lazy\" decoding=\"async\" width=\"600\" height=\"338\" src=\"https:\/\/www.manitese.it\/wp-content\/uploads\/2019\/02\/acra-burkina-faso-mani-tese-2019-1.jpg-1-1024x576.jpg\" class=\"attachment-large size-large\" alt=\"\" srcset=\"https:\/\/www.manitese.it\/wp-content\/uploads\/2019\/02\/acra-burkina-faso-mani-tese-2019-1.jpg-1-1024x576.jpg 1024w, https:\/\/www.manitese.it\/wp-content\/uploads\/2019\/02\/acra-burkina-faso-mani-tese-2019-1.jpg-1-600x338.jpg 600w, https:\/\/www.manitese.it\/wp-content\/uploads\/2019\/02\/acra-burkina-faso-mani-tese-2019-1.jpg-1-300x169.jpg 300w, https:\/\/www.manitese.it\/wp-content\/uploads\/2019\/02\/acra-burkina-faso-mani-tese-2019-1.jpg-1-768x432.jpg 768w, https:\/\/www.manitese.it\/wp-content\/uploads\/2019\/02\/acra-burkina-faso-mani-tese-2019-1.jpg-1-1536x864.jpg 1536w, https:\/\/www.manitese.it\/wp-content\/uploads\/2019\/02\/acra-burkina-faso-mani-tese-2019-1.jpg-1-400x225.jpg 400w, https:\/\/www.manitese.it\/wp-content\/uploads\/2019\/02\/acra-burkina-faso-mani-tese-2019-1.jpg-1.jpg 1600w\" sizes=\"(max-width: 600px) 100vw, 600px\" \/><\/a>\n\t\t\t<\/div><\/figure><figure class='gallery-item'>\n\t\t\t<div class='gallery-icon portrait'>\n\t\t\t\t<a href='https:\/\/www.manitese.it\/en\/sartor_burkina-faso-mani-tese-2019-jpg-1\/'><img loading=\"lazy\" decoding=\"async\" width=\"576\" height=\"1024\" src=\"https:\/\/www.manitese.it\/wp-content\/uploads\/2019\/02\/sartor_burkina-faso-mani-tese-2019-1.jpg-1-1-576x1024.jpg\" class=\"attachment-large size-large\" alt=\"\" srcset=\"https:\/\/www.manitese.it\/wp-content\/uploads\/2019\/02\/sartor_burkina-faso-mani-tese-2019-1.jpg-1-1-576x1024.jpg 576w, https:\/\/www.manitese.it\/wp-content\/uploads\/2019\/02\/sartor_burkina-faso-mani-tese-2019-1.jpg-1-1-600x1067.jpg 600w, https:\/\/www.manitese.it\/wp-content\/uploads\/2019\/02\/sartor_burkina-faso-mani-tese-2019-1.jpg-1-1-169x300.jpg 169w, https:\/\/www.manitese.it\/wp-content\/uploads\/2019\/02\/sartor_burkina-faso-mani-tese-2019-1.jpg-1-1-768x1365.jpg 768w, https:\/\/www.manitese.it\/wp-content\/uploads\/2019\/02\/sartor_burkina-faso-mani-tese-2019-1.jpg-1-1-864x1536.jpg 864w, https:\/\/www.manitese.it\/wp-content\/uploads\/2019\/02\/sartor_burkina-faso-mani-tese-2019-1.jpg-1-1-400x711.jpg 400w, https:\/\/www.manitese.it\/wp-content\/uploads\/2019\/02\/sartor_burkina-faso-mani-tese-2019-1.jpg-1-1.jpg 900w\" sizes=\"(max-width: 576px) 100vw, 576px\" \/><\/a>\n\t\t\t<\/div><\/figure><figure class='gallery-item'>\n\t\t\t<div class='gallery-icon portrait'>\n\t\t\t\t<a href='https:\/\/www.manitese.it\/en\/burkina-faso-mani-tese-2019-jpg\/'><img loading=\"lazy\" decoding=\"async\" width=\"576\" height=\"1024\" src=\"https:\/\/www.manitese.it\/wp-content\/uploads\/2019\/02\/burkina-faso-mani-tese-2019-1.jpg-1-576x1024.jpg\" class=\"attachment-large size-large\" alt=\"\" srcset=\"https:\/\/www.manitese.it\/wp-content\/uploads\/2019\/02\/burkina-faso-mani-tese-2019-1.jpg-1-576x1024.jpg 576w, https:\/\/www.manitese.it\/wp-content\/uploads\/2019\/02\/burkina-faso-mani-tese-2019-1.jpg-1-600x1067.jpg 600w, https:\/\/www.manitese.it\/wp-content\/uploads\/2019\/02\/burkina-faso-mani-tese-2019-1.jpg-1-169x300.jpg 169w, https:\/\/www.manitese.it\/wp-content\/uploads\/2019\/02\/burkina-faso-mani-tese-2019-1.jpg-1-768x1365.jpg 768w, https:\/\/www.manitese.it\/wp-content\/uploads\/2019\/02\/burkina-faso-mani-tese-2019-1.jpg-1-864x1536.jpg 864w, https:\/\/www.manitese.it\/wp-content\/uploads\/2019\/02\/burkina-faso-mani-tese-2019-1.jpg-1-400x711.jpg 400w, https:\/\/www.manitese.it\/wp-content\/uploads\/2019\/02\/burkina-faso-mani-tese-2019-1.jpg-1.jpg 900w\" sizes=\"(max-width: 576px) 100vw, 576px\" \/><\/a>\n\t\t\t<\/div><\/figure><figure class='gallery-item'>\n\t\t\t<div class='gallery-icon portrait'>\n\t\t\t\t<a href='https:\/\/www.manitese.it\/en\/burkina-faso-mani-tese-2019-jpg-2\/'><img loading=\"lazy\" decoding=\"async\" width=\"600\" height=\"800\" src=\"https:\/\/www.manitese.it\/wp-content\/uploads\/2019\/02\/burkina-faso-mani-tese-2019-1.jpg-2-1-768x1024.jpg\" class=\"attachment-large size-large\" alt=\"\" srcset=\"https:\/\/www.manitese.it\/wp-content\/uploads\/2019\/02\/burkina-faso-mani-tese-2019-1.jpg-2-1-768x1024.jpg 768w, https:\/\/www.manitese.it\/wp-content\/uploads\/2019\/02\/burkina-faso-mani-tese-2019-1.jpg-2-1-600x800.jpg 600w, https:\/\/www.manitese.it\/wp-content\/uploads\/2019\/02\/burkina-faso-mani-tese-2019-1.jpg-2-1-225x300.jpg 225w, https:\/\/www.manitese.it\/wp-content\/uploads\/2019\/02\/burkina-faso-mani-tese-2019-1.jpg-2-1-400x533.jpg 400w, https:\/\/www.manitese.it\/wp-content\/uploads\/2019\/02\/burkina-faso-mani-tese-2019-1.jpg-2-1.jpg 900w\" sizes=\"(max-width: 600px) 100vw, 600px\" \/><\/a>\n\t\t\t<\/div><\/figure><figure class='gallery-item'>\n\t\t\t<div class='gallery-icon landscape'>\n\t\t\t\t<a href='https:\/\/www.manitese.it\/en\/burkina-faso-semi-mani-tese-2019-jpg\/'><img loading=\"lazy\" decoding=\"async\" width=\"600\" height=\"338\" src=\"https:\/\/www.manitese.it\/wp-content\/uploads\/2019\/02\/burkina-faso-semi-mani-tese-2019-1.jpg-1-1024x576.jpg\" class=\"attachment-large size-large\" alt=\"\" srcset=\"https:\/\/www.manitese.it\/wp-content\/uploads\/2019\/02\/burkina-faso-semi-mani-tese-2019-1.jpg-1-1024x576.jpg 1024w, https:\/\/www.manitese.it\/wp-content\/uploads\/2019\/02\/burkina-faso-semi-mani-tese-2019-1.jpg-1-600x338.jpg 600w, https:\/\/www.manitese.it\/wp-content\/uploads\/2019\/02\/burkina-faso-semi-mani-tese-2019-1.jpg-1-300x169.jpg 300w, https:\/\/www.manitese.it\/wp-content\/uploads\/2019\/02\/burkina-faso-semi-mani-tese-2019-1.jpg-1-768x432.jpg 768w, https:\/\/www.manitese.it\/wp-content\/uploads\/2019\/02\/burkina-faso-semi-mani-tese-2019-1.jpg-1-400x225.jpg 400w, https:\/\/www.manitese.it\/wp-content\/uploads\/2019\/02\/burkina-faso-semi-mani-tese-2019-1.jpg-1.jpg 1200w\" sizes=\"(max-width: 600px) 100vw, 600px\" \/><\/a>\n\t\t\t<\/div><\/figure>\n\t\t<\/div>\n\n<p>&nbsp;<\/p>\n","protected":false},"excerpt":{"rendered":"<p>Al via le attivit\u00e0 di agricoltura urbana del progetto \u201cImprese sociali innovative e partecipazione dei migranti per l\u2019inclusione sociale in Burkina Faso\u201d<\/p>\n","protected":false},"author":1,"featured_media":43329,"comment_status":"open","ping_status":"open","sticky":false,"template":"","format":"standard","meta":{"_acf_changed":false,"give_campaign_id":0,"inline_featured_image":false,"_jetpack_memberships_contains_paid_content":false,"footnotes":""},"categories":[3],"tags":[],"thematic_area":[918,907,916],"class_list":["post-43335","post","type-post","status-publish","format-standard","has-post-thumbnail","hentry","category-diari","thematic_area-sistemi-e-filiere-agroalimentari-locali","thematic_area-imprenditoria-sociale","thematic_area-citta-e-pratiche-sostenibili"],"acf":[],"yoast_head":"<!-- This site is optimized with the Yoast SEO plugin v27.5 - https:\/\/yoast.com\/product\/yoast-seo-wordpress\/ -->\n<title>In Burkina Faso piantiamo i semi di un nuovo progetto<\/title>\n<meta name=\"description\" content=\"Al via le attivit\u00e0 di agricoltura urbana del progetto \u201cImprese sociali innovative e partecipazione dei migranti per l\u2019inclusione sociale in Burkina Faso\u201d\" \/>\n<meta name=\"robots\" content=\"index, follow, max-snippet:-1, max-image-preview:large, max-video-preview:-1\" \/>\n<link rel=\"canonical\" href=\"https:\/\/www.manitese.it\/en\/burkina-faso-semi-nuovo-progetto\/\" \/>\n<meta property=\"og:locale\" content=\"en_US\" \/>\n<meta property=\"og:type\" content=\"article\" \/>\n<meta property=\"og:title\" content=\"In Burkina Faso piantiamo i semi di un nuovo progetto\" \/>\n<meta property=\"og:description\" content=\"Al via le attivit\u00e0 di agricoltura urbana del progetto \u201cImprese sociali innovative e partecipazione dei migranti per l\u2019inclusione sociale in Burkina Faso\u201d\" \/>\n<meta property=\"og:url\" content=\"https:\/\/www.manitese.it\/en\/burkina-faso-semi-nuovo-progetto\/\" \/>\n<meta property=\"og:site_name\" content=\"Mani Tese\" \/>\n<meta property=\"article:published_time\" content=\"2019-02-21T10:27:27+00:00\" \/>\n<meta property=\"article:modified_time\" content=\"2023-12-14T10:18:00+00:00\" \/>\n<meta property=\"og:image\" content=\"https:\/\/www.manitese.it\/wp-content\/uploads\/2019\/02\/impresesociali_burkinafaso_manitese_2019_cover-1.jpg\" \/>\n\t<meta property=\"og:image:width\" content=\"1920\" \/>\n\t<meta property=\"og:image:height\" content=\"800\" \/>\n\t<meta property=\"og:image:type\" content=\"image\/jpeg\" \/>\n<meta name=\"author\" content=\"agevis\" \/>\n<meta name=\"twitter:card\" content=\"summary_large_image\" \/>\n<meta name=\"twitter:label1\" content=\"Written by\" \/>\n\t<meta name=\"twitter:data1\" content=\"agevis\" \/>\n\t<meta name=\"twitter:label2\" content=\"Est. reading time\" \/>\n\t<meta name=\"twitter:data2\" content=\"3 minutes\" \/>\n<script type=\"application\/ld+json\" class=\"yoast-schema-graph\">{\"@context\":\"https:\\\/\\\/schema.org\",\"@graph\":[{\"@type\":\"Article\",\"@id\":\"https:\\\/\\\/www.manitese.it\\\/en\\\/burkina-faso-semi-nuovo-progetto\\\/#article\",\"isPartOf\":{\"@id\":\"https:\\\/\\\/www.manitese.it\\\/en\\\/burkina-faso-semi-nuovo-progetto\\\/\"},\"author\":{\"name\":\"agevis\",\"@id\":\"https:\\\/\\\/www.manitese.it\\\/en\\\/#\\\/schema\\\/person\\\/5a9774f17e4940e2510bfeba90f04f65\"},\"headline\":\"IN BURKINA FASO PIANTIAMO I SEMI DI UN NUOVO PROGETTO\",\"datePublished\":\"2019-02-21T10:27:27+00:00\",\"dateModified\":\"2023-12-14T10:18:00+00:00\",\"mainEntityOfPage\":{\"@id\":\"https:\\\/\\\/www.manitese.it\\\/en\\\/burkina-faso-semi-nuovo-progetto\\\/\"},\"wordCount\":626,\"commentCount\":0,\"image\":{\"@id\":\"https:\\\/\\\/www.manitese.it\\\/en\\\/burkina-faso-semi-nuovo-progetto\\\/#primaryimage\"},\"thumbnailUrl\":\"https:\\\/\\\/www.manitese.it\\\/wp-content\\\/uploads\\\/2019\\\/02\\\/impresesociali_burkinafaso_manitese_2019_cover-1.jpg\",\"articleSection\":[\"Diari\"],\"inLanguage\":\"en-US\",\"potentialAction\":[{\"@type\":\"CommentAction\",\"name\":\"Comment\",\"target\":[\"https:\\\/\\\/www.manitese.it\\\/en\\\/burkina-faso-semi-nuovo-progetto\\\/#respond\"]}]},{\"@type\":\"WebPage\",\"@id\":\"https:\\\/\\\/www.manitese.it\\\/en\\\/burkina-faso-semi-nuovo-progetto\\\/\",\"url\":\"https:\\\/\\\/www.manitese.it\\\/en\\\/burkina-faso-semi-nuovo-progetto\\\/\",\"name\":\"In Burkina Faso piantiamo i semi di un nuovo progetto\",\"isPartOf\":{\"@id\":\"https:\\\/\\\/www.manitese.it\\\/en\\\/#website\"},\"primaryImageOfPage\":{\"@id\":\"https:\\\/\\\/www.manitese.it\\\/en\\\/burkina-faso-semi-nuovo-progetto\\\/#primaryimage\"},\"image\":{\"@id\":\"https:\\\/\\\/www.manitese.it\\\/en\\\/burkina-faso-semi-nuovo-progetto\\\/#primaryimage\"},\"thumbnailUrl\":\"https:\\\/\\\/www.manitese.it\\\/wp-content\\\/uploads\\\/2019\\\/02\\\/impresesociali_burkinafaso_manitese_2019_cover-1.jpg\",\"datePublished\":\"2019-02-21T10:27:27+00:00\",\"dateModified\":\"2023-12-14T10:18:00+00:00\",\"author\":{\"@id\":\"https:\\\/\\\/www.manitese.it\\\/en\\\/#\\\/schema\\\/person\\\/5a9774f17e4940e2510bfeba90f04f65\"},\"description\":\"Al via le attivit\u00e0 di agricoltura urbana del progetto \u201cImprese sociali innovative e partecipazione dei migranti per l\u2019inclusione sociale in Burkina Faso\u201d\",\"breadcrumb\":{\"@id\":\"https:\\\/\\\/www.manitese.it\\\/en\\\/burkina-faso-semi-nuovo-progetto\\\/#breadcrumb\"},\"inLanguage\":\"en-US\",\"potentialAction\":[{\"@type\":\"ReadAction\",\"target\":[\"https:\\\/\\\/www.manitese.it\\\/en\\\/burkina-faso-semi-nuovo-progetto\\\/\"]}]},{\"@type\":\"ImageObject\",\"inLanguage\":\"en-US\",\"@id\":\"https:\\\/\\\/www.manitese.it\\\/en\\\/burkina-faso-semi-nuovo-progetto\\\/#primaryimage\",\"url\":\"https:\\\/\\\/www.manitese.it\\\/wp-content\\\/uploads\\\/2019\\\/02\\\/impresesociali_burkinafaso_manitese_2019_cover-1.jpg\",\"contentUrl\":\"https:\\\/\\\/www.manitese.it\\\/wp-content\\\/uploads\\\/2019\\\/02\\\/impresesociali_burkinafaso_manitese_2019_cover-1.jpg\",\"width\":1920,\"height\":800,\"caption\":\"impresesociali_burkinafaso_manitese_2019_cover\"},{\"@type\":\"BreadcrumbList\",\"@id\":\"https:\\\/\\\/www.manitese.it\\\/en\\\/burkina-faso-semi-nuovo-progetto\\\/#breadcrumb\",\"itemListElement\":[{\"@type\":\"ListItem\",\"position\":1,\"name\":\"Home\",\"item\":\"https:\\\/\\\/www.manitese.it\\\/en\\\/\"},{\"@type\":\"ListItem\",\"position\":2,\"name\":\"IN BURKINA FASO PIANTIAMO I SEMI DI UN NUOVO PROGETTO\"}]},{\"@type\":\"WebSite\",\"@id\":\"https:\\\/\\\/www.manitese.it\\\/en\\\/#website\",\"url\":\"https:\\\/\\\/www.manitese.it\\\/en\\\/\",\"name\":\"Mani Tese\",\"description\":\"\",\"potentialAction\":[{\"@type\":\"SearchAction\",\"target\":{\"@type\":\"EntryPoint\",\"urlTemplate\":\"https:\\\/\\\/www.manitese.it\\\/en\\\/?s={search_term_string}\"},\"query-input\":{\"@type\":\"PropertyValueSpecification\",\"valueRequired\":true,\"valueName\":\"search_term_string\"}}],\"inLanguage\":\"en-US\"},{\"@type\":\"Person\",\"@id\":\"https:\\\/\\\/www.manitese.it\\\/en\\\/#\\\/schema\\\/person\\\/5a9774f17e4940e2510bfeba90f04f65\",\"name\":\"agevis\",\"image\":{\"@type\":\"ImageObject\",\"inLanguage\":\"en-US\",\"@id\":\"https:\\\/\\\/secure.gravatar.com\\\/avatar\\\/2dc96c93fcf3387a5922a93b50fb3bff01d4800590fb6a4ab91a034adb25ba17?s=96&d=mm&r=g\",\"url\":\"https:\\\/\\\/secure.gravatar.com\\\/avatar\\\/2dc96c93fcf3387a5922a93b50fb3bff01d4800590fb6a4ab91a034adb25ba17?s=96&d=mm&r=g\",\"contentUrl\":\"https:\\\/\\\/secure.gravatar.com\\\/avatar\\\/2dc96c93fcf3387a5922a93b50fb3bff01d4800590fb6a4ab91a034adb25ba17?s=96&d=mm&r=g\",\"caption\":\"agevis\"},\"url\":\"https:\\\/\\\/www.manitese.it\\\/en\\\/author\\\/wp_agevis_admin\\\/\"}]}<\/script>\n<!-- \/ Yoast SEO plugin. -->","yoast_head_json":{"title":"In Burkina Faso piantiamo i semi di un nuovo progetto","description":"Al via le attivit\u00e0 di agricoltura urbana del progetto \u201cImprese sociali innovative e partecipazione dei migranti per l\u2019inclusione sociale in Burkina Faso\u201d","robots":{"index":"index","follow":"follow","max-snippet":"max-snippet:-1","max-image-preview":"max-image-preview:large","max-video-preview":"max-video-preview:-1"},"canonical":"https:\/\/www.manitese.it\/en\/burkina-faso-semi-nuovo-progetto\/","og_locale":"en_US","og_type":"article","og_title":"In Burkina Faso piantiamo i semi di un nuovo progetto","og_description":"Al via le attivit\u00e0 di agricoltura urbana del progetto \u201cImprese sociali innovative e partecipazione dei migranti per l\u2019inclusione sociale in Burkina Faso\u201d","og_url":"https:\/\/www.manitese.it\/en\/burkina-faso-semi-nuovo-progetto\/","og_site_name":"Mani Tese","article_published_time":"2019-02-21T10:27:27+00:00","article_modified_time":"2023-12-14T10:18:00+00:00","og_image":[{"width":1920,"height":800,"url":"https:\/\/www.manitese.it\/wp-content\/uploads\/2019\/02\/impresesociali_burkinafaso_manitese_2019_cover-1.jpg","type":"image\/jpeg"}],"author":"agevis","twitter_card":"summary_large_image","twitter_misc":{"Written by":"agevis","Est. reading time":"3 minutes"},"schema":{"@context":"https:\/\/schema.org","@graph":[{"@type":"Article","@id":"https:\/\/www.manitese.it\/en\/burkina-faso-semi-nuovo-progetto\/#article","isPartOf":{"@id":"https:\/\/www.manitese.it\/en\/burkina-faso-semi-nuovo-progetto\/"},"author":{"name":"agevis","@id":"https:\/\/www.manitese.it\/en\/#\/schema\/person\/5a9774f17e4940e2510bfeba90f04f65"},"headline":"IN BURKINA FASO PIANTIAMO I SEMI DI UN NUOVO PROGETTO","datePublished":"2019-02-21T10:27:27+00:00","dateModified":"2023-12-14T10:18:00+00:00","mainEntityOfPage":{"@id":"https:\/\/www.manitese.it\/en\/burkina-faso-semi-nuovo-progetto\/"},"wordCount":626,"commentCount":0,"image":{"@id":"https:\/\/www.manitese.it\/en\/burkina-faso-semi-nuovo-progetto\/#primaryimage"},"thumbnailUrl":"https:\/\/www.manitese.it\/wp-content\/uploads\/2019\/02\/impresesociali_burkinafaso_manitese_2019_cover-1.jpg","articleSection":["Diari"],"inLanguage":"en-US","potentialAction":[{"@type":"CommentAction","name":"Comment","target":["https:\/\/www.manitese.it\/en\/burkina-faso-semi-nuovo-progetto\/#respond"]}]},{"@type":"WebPage","@id":"https:\/\/www.manitese.it\/en\/burkina-faso-semi-nuovo-progetto\/","url":"https:\/\/www.manitese.it\/en\/burkina-faso-semi-nuovo-progetto\/","name":"In Burkina Faso piantiamo i semi di un nuovo progetto","isPartOf":{"@id":"https:\/\/www.manitese.it\/en\/#website"},"primaryImageOfPage":{"@id":"https:\/\/www.manitese.it\/en\/burkina-faso-semi-nuovo-progetto\/#primaryimage"},"image":{"@id":"https:\/\/www.manitese.it\/en\/burkina-faso-semi-nuovo-progetto\/#primaryimage"},"thumbnailUrl":"https:\/\/www.manitese.it\/wp-content\/uploads\/2019\/02\/impresesociali_burkinafaso_manitese_2019_cover-1.jpg","datePublished":"2019-02-21T10:27:27+00:00","dateModified":"2023-12-14T10:18:00+00:00","author":{"@id":"https:\/\/www.manitese.it\/en\/#\/schema\/person\/5a9774f17e4940e2510bfeba90f04f65"},"description":"Al via le attivit\u00e0 di agricoltura urbana del progetto \u201cImprese sociali innovative e partecipazione dei migranti per l\u2019inclusione sociale in Burkina Faso\u201d","breadcrumb":{"@id":"https:\/\/www.manitese.it\/en\/burkina-faso-semi-nuovo-progetto\/#breadcrumb"},"inLanguage":"en-US","potentialAction":[{"@type":"ReadAction","target":["https:\/\/www.manitese.it\/en\/burkina-faso-semi-nuovo-progetto\/"]}]},{"@type":"ImageObject","inLanguage":"en-US","@id":"https:\/\/www.manitese.it\/en\/burkina-faso-semi-nuovo-progetto\/#primaryimage","url":"https:\/\/www.manitese.it\/wp-content\/uploads\/2019\/02\/impresesociali_burkinafaso_manitese_2019_cover-1.jpg","contentUrl":"https:\/\/www.manitese.it\/wp-content\/uploads\/2019\/02\/impresesociali_burkinafaso_manitese_2019_cover-1.jpg","width":1920,"height":800,"caption":"impresesociali_burkinafaso_manitese_2019_cover"},{"@type":"BreadcrumbList","@id":"https:\/\/www.manitese.it\/en\/burkina-faso-semi-nuovo-progetto\/#breadcrumb","itemListElement":[{"@type":"ListItem","position":1,"name":"Home","item":"https:\/\/www.manitese.it\/en\/"},{"@type":"ListItem","position":2,"name":"IN BURKINA FASO PIANTIAMO I SEMI DI UN NUOVO PROGETTO"}]},{"@type":"WebSite","@id":"https:\/\/www.manitese.it\/en\/#website","url":"https:\/\/www.manitese.it\/en\/","name":"Mani Tese","description":"","potentialAction":[{"@type":"SearchAction","target":{"@type":"EntryPoint","urlTemplate":"https:\/\/www.manitese.it\/en\/?s={search_term_string}"},"query-input":{"@type":"PropertyValueSpecification","valueRequired":true,"valueName":"search_term_string"}}],"inLanguage":"en-US"},{"@type":"Person","@id":"https:\/\/www.manitese.it\/en\/#\/schema\/person\/5a9774f17e4940e2510bfeba90f04f65","name":"agevis","image":{"@type":"ImageObject","inLanguage":"en-US","@id":"https:\/\/secure.gravatar.com\/avatar\/2dc96c93fcf3387a5922a93b50fb3bff01d4800590fb6a4ab91a034adb25ba17?s=96&d=mm&r=g","url":"https:\/\/secure.gravatar.com\/avatar\/2dc96c93fcf3387a5922a93b50fb3bff01d4800590fb6a4ab91a034adb25ba17?s=96&d=mm&r=g","contentUrl":"https:\/\/secure.gravatar.com\/avatar\/2dc96c93fcf3387a5922a93b50fb3bff01d4800590fb6a4ab91a034adb25ba17?s=96&d=mm&r=g","caption":"agevis"},"url":"https:\/\/www.manitese.it\/en\/author\/wp_agevis_admin\/"}]}},"jetpack_featured_media_url":"https:\/\/www.manitese.it\/wp-content\/uploads\/2019\/02\/impresesociali_burkinafaso_manitese_2019_cover-1.jpg","jetpack_sharing_enabled":true,"_links":{"self":[{"href":"https:\/\/www.manitese.it\/en\/wp-json\/wp\/v2\/posts\/43335","targetHints":{"allow":["GET"]}}],"collection":[{"href":"https:\/\/www.manitese.it\/en\/wp-json\/wp\/v2\/posts"}],"about":[{"href":"https:\/\/www.manitese.it\/en\/wp-json\/wp\/v2\/types\/post"}],"author":[{"embeddable":true,"href":"https:\/\/www.manitese.it\/en\/wp-json\/wp\/v2\/users\/1"}],"replies":[{"embeddable":true,"href":"https:\/\/www.manitese.it\/en\/wp-json\/wp\/v2\/comments?post=43335"}],"version-history":[{"count":2,"href":"https:\/\/www.manitese.it\/en\/wp-json\/wp\/v2\/posts\/43335\/revisions"}],"predecessor-version":[{"id":191878,"href":"https:\/\/www.manitese.it\/en\/wp-json\/wp\/v2\/posts\/43335\/revisions\/191878"}],"wp:featuredmedia":[{"embeddable":true,"href":"https:\/\/www.manitese.it\/en\/wp-json\/wp\/v2\/media\/43329"}],"wp:attachment":[{"href":"https:\/\/www.manitese.it\/en\/wp-json\/wp\/v2\/media?parent=43335"}],"wp:term":[{"taxonomy":"category","embeddable":true,"href":"https:\/\/www.manitese.it\/en\/wp-json\/wp\/v2\/categories?post=43335"},{"taxonomy":"post_tag","embeddable":true,"href":"https:\/\/www.manitese.it\/en\/wp-json\/wp\/v2\/tags?post=43335"},{"taxonomy":"thematic_area","embeddable":true,"href":"https:\/\/www.manitese.it\/en\/wp-json\/wp\/v2\/thematic_area?post=43335"}],"curies":[{"name":"wp","href":"https:\/\/api.w.org\/{rel}","templated":true}]}}