{"id":203193,"date":"2026-02-25T10:01:42","date_gmt":"2026-02-25T09:01:42","guid":{"rendered":"https:\/\/www.manitese.it\/?p=203193"},"modified":"2026-02-25T10:03:05","modified_gmt":"2026-02-25T09:03:05","slug":"csddd-il-passaggio-in-consiglio-europeo-chiude-definitivamente-la-partita","status":"publish","type":"post","link":"https:\/\/www.manitese.it\/en\/csddd-il-passaggio-in-consiglio-europeo-chiude-definitivamente-la-partita\/","title":{"rendered":"CSDDD, il passaggio in Consiglio Europeo chiude definitivamente la partita"},"content":{"rendered":"\t\t<div data-elementor-type=\"wp-post\" data-elementor-id=\"203193\" class=\"elementor elementor-203193\">\n\t\t\t\t\t\t<section class=\"elementor-section elementor-top-section elementor-element elementor-element-59d79792 elementor-section-boxed elementor-section-height-default elementor-section-height-default\" data-id=\"59d79792\" data-element_type=\"section\">\n\t\t\t\t\t\t<div class=\"elementor-container elementor-column-gap-default\">\n\t\t\t\t\t<div class=\"elementor-column elementor-col-100 elementor-top-column elementor-element elementor-element-3a99f726\" data-id=\"3a99f726\" data-element_type=\"column\">\n\t\t\t<div class=\"elementor-widget-wrap elementor-element-populated\">\n\t\t\t\t\t\t<div class=\"elementor-element elementor-element-2477e808 elementor-widget elementor-widget-text-editor\" data-id=\"2477e808\" data-element_type=\"widget\" data-widget_type=\"text-editor.default\">\n\t\t\t\t<div class=\"elementor-widget-container\">\n\t\t\t\t\t        <div class=\"elementor-text-editor elementor-clearfix\"><p>Dopo quattro anni di lavoro sulla CSDDD (Corporate Sustainability Due Diligence Directive), Direttiva Europea volta a rendere le imprese legalmente responsabili degli impatti lungo l\u2019intera filiera produttiva a tutela di persone e ambiente \u2014 impegno portato avanti da Mani Tese a livello nazionale con la <a href=\"https:\/\/campagnaimpresa2030.org\/\">Campagna Impresa 2030<\/a> e a livello europeo come membro italiano di <a href=\"https:\/\/corporatejustice.org\/news\/joint-press-release-eu-watchdog-slams-commissions-undemocratic-environmental-rollbacks\/\">ECCJ<\/a> \u2014 il <a href=\"https:\/\/www.consilium.europa.eu\/it\/press\/press-releases\/2026\/02\/24\/council-signs-off-simplification-of-sustainability-reporting-and-due-diligence-requirements-to-boost-eu-competitiveness\/\">24 febbraio 2026 il Consiglio Europeo ha dato il via libera al testo definitivo.<\/a> Si tratta di un contesto legislativo che segna un importante arretramento, nella forma e nella sostanza, rispetto ai punti qualificanti della versione del 2024 (gi\u00e0 considerata ridimensionata), perdendo un\u2019importante occasione per cambiare un modello d\u2019impresa che negli anni ha causato gravi danni alle persone e all\u2019ambiente, soprattutto lungo le catene del valore.<\/p><p>Il 24 aprile 2013, l\u2019edificio Rana Plaza a Dhaka, in Bangladesh, che ospitava cinque diverse fabbriche di abbigliamento, crolla. Muoiono 1.134 lavoratori del settore tessile, 2.500 feriti. Tra le macerie vengono ritrovate etichette di alcuni dei pi\u00f9 grandi marchi globali della moda e Il caso suscita indignazione in tutto il mondo, diventando parte di un dibattito pi\u00f9 ampio: <strong>chi \u00e8 responsabile della devastazione e dei danni causati dalle grandi multinazionali?<\/strong><\/p><\/div>\n        \t\t\t\t<\/div>\n\t\t\t\t<\/div>\n\t\t\t\t\t<\/div>\n\t\t<\/div>\n\t\t\t\t\t<\/div>\n\t\t<\/section>\n\t\t\t\t<section class=\"elementor-section elementor-top-section elementor-element elementor-element-977c422 elementor-section-boxed elementor-section-height-default elementor-section-height-default\" data-id=\"977c422\" data-element_type=\"section\">\n\t\t\t\t\t\t<div class=\"elementor-container elementor-column-gap-default\">\n\t\t\t\t\t<div class=\"elementor-column elementor-col-100 elementor-top-column elementor-element elementor-element-c9a7edf\" data-id=\"c9a7edf\" data-element_type=\"column\">\n\t\t\t<div class=\"elementor-widget-wrap elementor-element-populated\">\n\t\t\t\t\t\t<div class=\"elementor-element elementor-element-b3b8669 elementor-widget elementor-widget-text-editor\" data-id=\"b3b8669\" data-element_type=\"widget\" data-widget_type=\"text-editor.default\">\n\t\t\t\t<div class=\"elementor-widget-container\">\n\t\t\t\t\t        <div class=\"elementor-text-editor elementor-clearfix\"><\/div>\n        \t\t\t\t<\/div>\n\t\t\t\t<\/div>\n\t\t\t\t<div class=\"elementor-element elementor-element-6280757 elementor-widget elementor-widget-image\" data-id=\"6280757\" data-element_type=\"widget\" data-widget_type=\"image.default\">\n\t\t\t\t<div class=\"elementor-widget-container\">\n\t\t\t\t\t\t\t\t\t\t\t\t<figure class=\"wp-caption\">\n\t\t\t\t\t\t\t\t\t\t<img fetchpriority=\"high\" decoding=\"async\" width=\"2048\" height=\"1362\" src=\"https:\/\/www.manitese.it\/wp-content\/uploads\/2026\/02\/due-diligence-1.png\" class=\"attachment-2048x2048 size-2048x2048 wp-image-203187\" alt=\"\" srcset=\"https:\/\/www.manitese.it\/wp-content\/uploads\/2026\/02\/due-diligence-1.png 2048w, https:\/\/www.manitese.it\/wp-content\/uploads\/2026\/02\/due-diligence-1-300x200.png 300w, https:\/\/www.manitese.it\/wp-content\/uploads\/2026\/02\/due-diligence-1-768x511.png 768w, https:\/\/www.manitese.it\/wp-content\/uploads\/2026\/02\/due-diligence-1-1024x681.png 1024w, https:\/\/www.manitese.it\/wp-content\/uploads\/2026\/02\/due-diligence-1-1536x1022.png 1536w, https:\/\/www.manitese.it\/wp-content\/uploads\/2026\/02\/due-diligence-1-400x266.png 400w, https:\/\/www.manitese.it\/wp-content\/uploads\/2026\/02\/due-diligence-1-600x399.png 600w\" sizes=\"(max-width: 2048px) 100vw, 2048px\" \/>\t\t\t\t\t\t\t\t\t\t\t<figcaption class=\"widget-image-caption wp-caption-text\">Il crollo del Rana Plaza a Dhaka, Bangladesh - 24 aprile 2013. Muoiono 1.134 lavoratori del settore tessile, 2.500 feriti<\/figcaption>\n\t\t\t\t\t\t\t\t\t\t<\/figure>\n\t\t\t\t\t\t\t\t\t<\/div>\n\t\t\t\t<\/div>\n\t\t\t\t\t<\/div>\n\t\t<\/div>\n\t\t\t\t\t<\/div>\n\t\t<\/section>\n\t\t\t\t<section class=\"elementor-section elementor-top-section elementor-element elementor-element-bc5236a elementor-section-boxed elementor-section-height-default elementor-section-height-default\" data-id=\"bc5236a\" data-element_type=\"section\">\n\t\t\t\t\t\t<div class=\"elementor-container elementor-column-gap-default\">\n\t\t\t\t\t<div class=\"elementor-column elementor-col-100 elementor-top-column elementor-element elementor-element-e1817b0\" data-id=\"e1817b0\" data-element_type=\"column\">\n\t\t\t<div class=\"elementor-widget-wrap elementor-element-populated\">\n\t\t\t\t\t\t<div class=\"elementor-element elementor-element-5883adc elementor-widget elementor-widget-text-editor\" data-id=\"5883adc\" data-element_type=\"widget\" data-widget_type=\"text-editor.default\">\n\t\t\t\t<div class=\"elementor-widget-container\">\n\t\t\t\t\t        <div class=\"elementor-text-editor elementor-clearfix\"><p>Inizia, dunque, un dibattito a livello europeo e globale che trova il suo punto di partenza nei <a href=\"https:\/\/www.ohchr.org\/sites\/default\/files\/documents\/publications\/guidingprinciplesbusinesshr_en.pdf\">Principi Guida su Imprese e Diritti Umani<\/a> adottati, ancora oggi riferimento indiscusso nella lotta contro abusi, sfruttamento e lavoro forzato, ma privi di carattere vincolante. Proprio l\u2019assenza di obblighi giuridici e di meccanismi sanzionatori ha spinto le istituzioni europee a tentare un salto di qualit\u00e0 sul piano normativo.<\/p><p>Il <a href=\"https:\/\/eur-lex.europa.eu\/legal-content\/IT\/TXT\/HTML\/?uri=CELEX:52022PC0071\">23 febbraio 2022 la Commissione Europea ha presentato la proposta di Direttiva sulla Due Diligence<\/a>, avviando un iter legislativo complesso e politicamente delicato. Il testo \u00e8 stato oggetto di numerose revisioni e negoziati che hanno coinvolto Parlamento Europeo e Consiglio, mentre organizzazioni della societ\u00e0 civile, sindacati e ONG hanno seguito il processo con attenzione, sollecitando una normativa ambiziosa e vincolante e, dopo quasi due anni di trattative, il Consiglio dell\u2019Unione Europea ha adottato formalmente la direttiva il 24 maggio 2024. Il provvedimento \u00e8 stato pubblicato nella Gazzetta ufficiale dell&#8217;Unione Europea il 5 luglio 2024 ed \u00e8 entrato in vigore il 25 luglio 2024.<\/p><p>Si trattava di un quadro normativo che, richiamando esplicitamente anche diversi Accordi, Dichiarazioni, Linee Guida, Codici di condotta, definiti dall\u2019Onu, dall\u2019ILO, dall\u2019OCSE, rappresentava una svolta storica nella <strong>definizione della responsabilit\u00e0 e degli obblighi per le aziende che operano all\u2019interno dell\u2019UE<\/strong>, sulla sostenibilit\u00e0 sociale e ambientale, oltre che prevedere il coinvolgimento degli stakeholder (OSC, sindacati e rappresentanti dei lavoratori) nello sviluppo e nell\u2019attuazione di ripensamenti strategici del modello di business nel suo complesso.<\/p><p><em>A pag. 16 del testo si legge:<\/em><em> \u201cLa Direttiva mira ad assicurare che le societ\u00e0 attive nel mercato interno contribuiscano allo sviluppo sostenibile e alla transizione economica e sociale verso la sostenibilit\u00e0 attraverso l\u2019individuazione, e, ove necessario, l\u2019attribuzione di priorit\u00e0, la prevenzione, l\u2019attenuazione, l\u2019arresto, la minimizzazione e la riparazione degli impatti negativi, siano essi effettivi o potenziali, sui diritti umani e sull\u2019ambiente connessi alle attivit\u00e0 delle societ\u00e0 stesse nonch\u00e9 alle attivit\u00e0 delle loro filiazioni e dei loro partner commerciali nelle catene di attivit\u00e0 cui le societ\u00e0 partecipano, e garantendo che le persone colpite dal mancato rispetto di tale obbligo abbiano accesso alla giustizia e ai mezzi di ricorso\u201d.<\/em><\/p><\/div>\n        \t\t\t\t<\/div>\n\t\t\t\t<\/div>\n\t\t\t\t<div class=\"elementor-element elementor-element-7496855 elementor-widget elementor-widget-image\" data-id=\"7496855\" data-element_type=\"widget\" data-widget_type=\"image.default\">\n\t\t\t\t<div class=\"elementor-widget-container\">\n\t\t\t\t\t\t\t\t\t\t\t\t\t\t\t<img decoding=\"async\" width=\"600\" height=\"399\" src=\"https:\/\/www.manitese.it\/wp-content\/uploads\/2026\/02\/due-diligence-2-1024x681.png\" class=\"attachment-large size-large wp-image-203185\" alt=\"\" srcset=\"https:\/\/www.manitese.it\/wp-content\/uploads\/2026\/02\/due-diligence-2-1024x681.png 1024w, https:\/\/www.manitese.it\/wp-content\/uploads\/2026\/02\/due-diligence-2-300x200.png 300w, https:\/\/www.manitese.it\/wp-content\/uploads\/2026\/02\/due-diligence-2-768x511.png 768w, https:\/\/www.manitese.it\/wp-content\/uploads\/2026\/02\/due-diligence-2-1536x1022.png 1536w, https:\/\/www.manitese.it\/wp-content\/uploads\/2026\/02\/due-diligence-2.png 2048w, https:\/\/www.manitese.it\/wp-content\/uploads\/2026\/02\/due-diligence-2-400x266.png 400w, https:\/\/www.manitese.it\/wp-content\/uploads\/2026\/02\/due-diligence-2-600x399.png 600w\" sizes=\"(max-width: 600px) 100vw, 600px\" \/>\t\t\t\t\t\t\t\t\t\t\t\t\t\t\t<\/div>\n\t\t\t\t<\/div>\n\t\t\t\t\t<\/div>\n\t\t<\/div>\n\t\t\t\t\t<\/div>\n\t\t<\/section>\n\t\t\t\t<section class=\"elementor-section elementor-top-section elementor-element elementor-element-cda905b elementor-section-boxed elementor-section-height-default elementor-section-height-default\" data-id=\"cda905b\" data-element_type=\"section\">\n\t\t\t\t\t\t<div class=\"elementor-container elementor-column-gap-default\">\n\t\t\t\t\t<div class=\"elementor-column elementor-col-100 elementor-top-column elementor-element elementor-element-5ea77fd\" data-id=\"5ea77fd\" data-element_type=\"column\">\n\t\t\t<div class=\"elementor-widget-wrap elementor-element-populated\">\n\t\t\t\t\t\t<div class=\"elementor-element elementor-element-a2bfdf7 elementor-widget elementor-widget-text-editor\" data-id=\"a2bfdf7\" data-element_type=\"widget\" data-widget_type=\"text-editor.default\">\n\t\t\t\t<div class=\"elementor-widget-container\">\n\t\t\t\t\t        <div class=\"elementor-text-editor elementor-clearfix\"><p>Ma proprio alla vigilia dell\u2019avvio della fase di recepimento nazionale, nel novembre 2024 la presidente della Commissione Europea, <a href=\"https:\/\/commission.europa.eu\/news-and-media\/news\/commission-proposes-cut-red-tape-and-simplify-business-environment-2025-02-26_it\">Ursula von der Leyen, ha annunciato l\u2019apertura del cosiddetto processo \u201cOmnibus<\/a>\u201d, un\u2019iniziativa volta a intervenire su direttive gi\u00e0 approvate \u2014 tra cui CSDDD, CSRD e Taxonomy \u2014 presentata come uno strumento di semplificazione e riduzione degli oneri amministrativi per le imprese europee, di fatto un vero e proprio percorso di deregolamentazione. La proposta ha suscitato fin da subito diffuse preoccupazioni per il rischio di un <strong>indebolimento degli standard della CSDDD<\/strong>, riaprendo il confronto politico e istituzionale su equilibri che sembravano ormai consolidati.<\/p><p>In questo contesto, l\u2019iter che ha condotto all\u2019approvazione \u00e8 stato rapido e fortemente controverso: le tempistiche accelerate, i limitati spazi di confronto pubblico e le pressioni divergenti di Stati membri e gruppi politici hanno sollevato <a href=\"https:\/\/corporatejustice.org\/news\/joint-press-release-eu-watchdog-slams-commissions-undemocratic-environmental-rollbacks\/\">dubbi sulla trasparenza del processo decisionale<\/a> e sull\u2019opportunit\u00e0 di riaprire cos\u00ec presto una disciplina appena approvata. La revisione della CSDDD \u2014 gi\u00e0 oggetto di un significativo ridimensionamento nel 2024 \u2014 segna cos\u00ec un ulteriore arretramento rispetto alle ambizioni iniziali, traducendosi in un impianto meno incisivo, soprattutto in riferimento a due nuclei centrali: la partecipazione degli stakeholder e l\u2019obbligo di adottare piani di transizione climatica. Tra gli elementi pi\u00f9 innovativi della proposta iniziale vi era la centralit\u00e0 effettiva degli stakeholder \u2014 lavoratori, comunit\u00e0 locali, sindacati, organizzazioni della societ\u00e0 civile e difensori dei diritti umani \u2014 nel processo di due diligence. Non una consultazione formale, ma un coinvolgimento concreto, tempestivo e informato in tutte le fasi: dall\u2019individuazione e valutazione degli impatti negativi alla definizione delle misure preventive e correttive, fino al monitoraggio della loro efficacia.<\/p><\/div>\n        \t\t\t\t<\/div>\n\t\t\t\t<\/div>\n\t\t\t\t<div class=\"elementor-element elementor-element-d859c90 elementor-widget elementor-widget-image\" data-id=\"d859c90\" data-element_type=\"widget\" data-widget_type=\"image.default\">\n\t\t\t\t<div class=\"elementor-widget-container\">\n\t\t\t\t\t\t\t\t\t\t\t\t\t\t\t<img decoding=\"async\" width=\"600\" height=\"399\" src=\"https:\/\/www.manitese.it\/wp-content\/uploads\/2026\/02\/due-diligence-1-1-1024x681.png\" class=\"attachment-large size-large wp-image-203189\" alt=\"\" srcset=\"https:\/\/www.manitese.it\/wp-content\/uploads\/2026\/02\/due-diligence-1-1-1024x681.png 1024w, https:\/\/www.manitese.it\/wp-content\/uploads\/2026\/02\/due-diligence-1-1-300x200.png 300w, https:\/\/www.manitese.it\/wp-content\/uploads\/2026\/02\/due-diligence-1-1-768x511.png 768w, https:\/\/www.manitese.it\/wp-content\/uploads\/2026\/02\/due-diligence-1-1-1536x1022.png 1536w, https:\/\/www.manitese.it\/wp-content\/uploads\/2026\/02\/due-diligence-1-1.png 2048w, https:\/\/www.manitese.it\/wp-content\/uploads\/2026\/02\/due-diligence-1-1-400x266.png 400w, https:\/\/www.manitese.it\/wp-content\/uploads\/2026\/02\/due-diligence-1-1-600x399.png 600w\" sizes=\"(max-width: 600px) 100vw, 600px\" \/>\t\t\t\t\t\t\t\t\t\t\t\t\t\t\t<\/div>\n\t\t\t\t<\/div>\n\t\t\t\t\t<\/div>\n\t\t<\/div>\n\t\t\t\t\t<\/div>\n\t\t<\/section>\n\t\t\t\t<section class=\"elementor-section elementor-top-section elementor-element elementor-element-601f4b0 elementor-section-boxed elementor-section-height-default elementor-section-height-default\" data-id=\"601f4b0\" data-element_type=\"section\">\n\t\t\t\t\t\t<div class=\"elementor-container elementor-column-gap-default\">\n\t\t\t\t\t<div class=\"elementor-column elementor-col-100 elementor-top-column elementor-element elementor-element-18872cf\" data-id=\"18872cf\" data-element_type=\"column\">\n\t\t\t<div class=\"elementor-widget-wrap elementor-element-populated\">\n\t\t\t\t\t\t<div class=\"elementor-element elementor-element-154e59c elementor-widget elementor-widget-text-editor\" data-id=\"154e59c\" data-element_type=\"widget\" data-widget_type=\"text-editor.default\">\n\t\t\t\t<div class=\"elementor-widget-container\">\n\t\t\t\t\t        <div class=\"elementor-text-editor elementor-clearfix\"><p>Il principio era chiaro: la gestione dei rischi ambientali e sociali lungo la catena del valore non pu\u00f2 ridursi a procedure interne o a verifiche documentali, ma richiede un<strong> confronto strutturato e continuo con chi quegli impatti li subisce direttamente<\/strong>.<\/p><p>L\u2019attenuazione di questi obblighi ha svuotato l\u2019impianto partecipativo originario, trasformando il dialogo con gli stakeholder in un mero adempimento formale o in consultazioni sporadiche, spesso concentrate nei momenti di maggiore visibilit\u00e0 per l\u2019azienda. Senza requisiti chiari su qualit\u00e0, trasparenza e tracciabilit\u00e0 del confronto, le imprese non sono pi\u00f9 chiamate a dimostrare come le osservazioni ricevute influenzino davvero le decisioni strategiche e operative. Le conseguenze sono evidenti: minore pressione interna per correggere pratiche rischiose lungo la catena del valore, accesso limitato alle informazioni per le comunit\u00e0 coinvolte e ridotta capacit\u00e0 di queste ultime di incidere concretamente sui processi decisionali aziendali.<\/p><p>Ancora pi\u00f9 significativa \u00e8 la <strong>decisione di eliminare l\u2019obbligo sostanziale relativo ai piani di transizione climatica<\/strong>. L\u2019esperienza di Mani Tese, impegnata da anni nella lotta al cambiamento climatico e testimone diretta degli impatti ambientali che colpiscono persone e territori in tutto il mondo, conferma come tali effetti mettano in discussione i presupposti stessi di equit\u00e0 sociale e ambientale. Nella versione precedente della direttiva, le grandi imprese erano obbligate a presentare un piano di transizione coerente con l\u2019obiettivo della neutralit\u00e0 climatica e con il quadro europeo di decarbonizzazione. La nuova impostazione, invece, allenta i vincoli: le strategie industriali rischiano di discostarsi dagli obiettivi climatici, gli organi di amministrazione vedono ridotta la loro responsabilit\u00e0 sulle scelte di decarbonizzazione, e i piani stessi potrebbero trasformarsi in meri strumenti dichiarativi, privi di un legame concreto con investimenti reali e risultati misurabili. la transizione climatica finisce per configurarsi come una scelta strategica rimessa all\u2019autonomia aziendale, anzich\u00e9 come un obbligo giuridicamente strutturato.<\/p><p>L\u2019auspicio \u00e8 che il processo di trasposizione non si limiti a un semplice recepimento formale \u2014 pur considerando che la direttiva rientra nel criterio di massima armonizzazione \u2014 ma sfrutti ogni margine giuridico disponibile per garantire l\u2019effettiva applicazione delle nuove regole. In gioco non c\u2019\u00e8 solo l\u2019equilibrio normativo, ma la stessa credibilit\u00e0 dell\u2019Unione Europea nel conciliare competitivit\u00e0 economica, tutela dei diritti umani e transizione ecologica.<\/p><\/div>\n        \t\t\t\t<\/div>\n\t\t\t\t<\/div>\n\t\t\t\t\t<\/div>\n\t\t<\/div>\n\t\t\t\t\t<\/div>\n\t\t<\/section>\n\t\t\t\t<\/div>\n\t\t","protected":false},"excerpt":{"rendered":"<p>Il 24 febbraio 2026 il Consiglio Europeo ha dato il via libera al testo definitivo sulla CSDDD: un netto arretramento nell&#8217;individuare la responsabilit\u00e0 d&#8217;impresa nella sostenibilit\u00e0 sociale e ambientale.<\/p>\n<p>di Elisa Lenhard<\/p>\n","protected":false},"author":33,"featured_media":203185,"comment_status":"open","ping_status":"open","sticky":false,"template":"","format":"standard","meta":{"_acf_changed":false,"give_campaign_id":0,"inline_featured_image":false,"_jetpack_memberships_contains_paid_content":false,"footnotes":""},"categories":[629],"tags":[701,812,1066,1067,1068],"thematic_area":[875,906],"class_list":["post-203193","post","type-post","status-publish","format-standard","has-post-thumbnail","hentry","category-dossier","tag-mani-tese","tag-due-diligence","tag-campagna-impresa-2030","tag-omnibus","tag-csddd","thematic_area-promozione-della-cittadinanza-globale","thematic_area-lavoro-dignitoso"],"acf":[],"yoast_head":"<!-- This site is optimized with the Yoast SEO plugin v27.5 - https:\/\/yoast.com\/product\/yoast-seo-wordpress\/ -->\n<title>CSDDD, il passaggio in Consiglio Europeo chiude definitivamente la partita - Mani Tese<\/title>\n<meta name=\"description\" content=\"Il 24 febbraio 2026 il Consiglio Europeo ha dato il via libera al testo definitivo sulla CSDDD: un netto arretramento nell&#039;individuare la responsabilit\u00e0 d&#039;impresa nella sostenibilit\u00e0 sociale e ambientale.\" \/>\n<meta name=\"robots\" content=\"index, follow, max-snippet:-1, max-image-preview:large, max-video-preview:-1\" \/>\n<link rel=\"canonical\" href=\"https:\/\/www.manitese.it\/en\/csddd-il-passaggio-in-consiglio-europeo-chiude-definitivamente-la-partita\/\" \/>\n<meta property=\"og:locale\" content=\"en_US\" \/>\n<meta property=\"og:type\" content=\"article\" \/>\n<meta property=\"og:title\" content=\"CSDDD, il passaggio in Consiglio Europeo chiude definitivamente la partita - Mani Tese\" \/>\n<meta property=\"og:description\" content=\"Il 24 febbraio 2026 il Consiglio Europeo ha dato il via libera al testo definitivo sulla CSDDD: un netto arretramento nell&#039;individuare la responsabilit\u00e0 d&#039;impresa nella sostenibilit\u00e0 sociale e ambientale.\" \/>\n<meta property=\"og:url\" content=\"https:\/\/www.manitese.it\/en\/csddd-il-passaggio-in-consiglio-europeo-chiude-definitivamente-la-partita\/\" \/>\n<meta property=\"og:site_name\" content=\"Mani Tese\" \/>\n<meta property=\"article:published_time\" content=\"2026-02-25T09:01:42+00:00\" \/>\n<meta property=\"article:modified_time\" content=\"2026-02-25T09:03:05+00:00\" \/>\n<meta property=\"og:image\" content=\"https:\/\/www.manitese.it\/wp-content\/uploads\/2026\/02\/due-diligence-2.png\" \/>\n\t<meta property=\"og:image:width\" content=\"2048\" \/>\n\t<meta property=\"og:image:height\" content=\"1362\" \/>\n\t<meta property=\"og:image:type\" content=\"image\/png\" \/>\n<meta name=\"author\" content=\"manitese-admin\" \/>\n<meta name=\"twitter:card\" content=\"summary_large_image\" \/>\n<meta name=\"twitter:label1\" content=\"Written by\" \/>\n\t<meta name=\"twitter:data1\" content=\"manitese-admin\" \/>\n\t<meta name=\"twitter:label2\" content=\"Est. reading time\" \/>\n\t<meta name=\"twitter:data2\" content=\"7 minutes\" \/>\n<script type=\"application\/ld+json\" class=\"yoast-schema-graph\">{\"@context\":\"https:\\\/\\\/schema.org\",\"@graph\":[{\"@type\":\"Article\",\"@id\":\"https:\\\/\\\/www.manitese.it\\\/en\\\/csddd-il-passaggio-in-consiglio-europeo-chiude-definitivamente-la-partita\\\/#article\",\"isPartOf\":{\"@id\":\"https:\\\/\\\/www.manitese.it\\\/en\\\/csddd-il-passaggio-in-consiglio-europeo-chiude-definitivamente-la-partita\\\/\"},\"author\":{\"name\":\"manitese-admin\",\"@id\":\"https:\\\/\\\/www.manitese.it\\\/en\\\/#\\\/schema\\\/person\\\/99fe39bcb74124ae7d25468962592642\"},\"headline\":\"CSDDD, il passaggio in Consiglio Europeo chiude definitivamente la partita\",\"datePublished\":\"2026-02-25T09:01:42+00:00\",\"dateModified\":\"2026-02-25T09:03:05+00:00\",\"mainEntityOfPage\":{\"@id\":\"https:\\\/\\\/www.manitese.it\\\/en\\\/csddd-il-passaggio-in-consiglio-europeo-chiude-definitivamente-la-partita\\\/\"},\"wordCount\":1200,\"commentCount\":0,\"image\":{\"@id\":\"https:\\\/\\\/www.manitese.it\\\/en\\\/csddd-il-passaggio-in-consiglio-europeo-chiude-definitivamente-la-partita\\\/#primaryimage\"},\"thumbnailUrl\":\"https:\\\/\\\/www.manitese.it\\\/wp-content\\\/uploads\\\/2026\\\/02\\\/due-diligence-2.png\",\"keywords\":[\"mani tese\",\"due diligence\",\"Campagna Impresa 2030\",\"Omnibus\",\"CSDDD\"],\"articleSection\":[\"Dossier\"],\"inLanguage\":\"en-US\",\"potentialAction\":[{\"@type\":\"CommentAction\",\"name\":\"Comment\",\"target\":[\"https:\\\/\\\/www.manitese.it\\\/en\\\/csddd-il-passaggio-in-consiglio-europeo-chiude-definitivamente-la-partita\\\/#respond\"]}]},{\"@type\":\"WebPage\",\"@id\":\"https:\\\/\\\/www.manitese.it\\\/en\\\/csddd-il-passaggio-in-consiglio-europeo-chiude-definitivamente-la-partita\\\/\",\"url\":\"https:\\\/\\\/www.manitese.it\\\/en\\\/csddd-il-passaggio-in-consiglio-europeo-chiude-definitivamente-la-partita\\\/\",\"name\":\"CSDDD, il passaggio in Consiglio Europeo chiude definitivamente la partita - Mani Tese\",\"isPartOf\":{\"@id\":\"https:\\\/\\\/www.manitese.it\\\/en\\\/#website\"},\"primaryImageOfPage\":{\"@id\":\"https:\\\/\\\/www.manitese.it\\\/en\\\/csddd-il-passaggio-in-consiglio-europeo-chiude-definitivamente-la-partita\\\/#primaryimage\"},\"image\":{\"@id\":\"https:\\\/\\\/www.manitese.it\\\/en\\\/csddd-il-passaggio-in-consiglio-europeo-chiude-definitivamente-la-partita\\\/#primaryimage\"},\"thumbnailUrl\":\"https:\\\/\\\/www.manitese.it\\\/wp-content\\\/uploads\\\/2026\\\/02\\\/due-diligence-2.png\",\"datePublished\":\"2026-02-25T09:01:42+00:00\",\"dateModified\":\"2026-02-25T09:03:05+00:00\",\"author\":{\"@id\":\"https:\\\/\\\/www.manitese.it\\\/en\\\/#\\\/schema\\\/person\\\/99fe39bcb74124ae7d25468962592642\"},\"description\":\"Il 24 febbraio 2026 il Consiglio Europeo ha dato il via libera al testo definitivo sulla CSDDD: un netto arretramento nell'individuare la responsabilit\u00e0 d'impresa nella sostenibilit\u00e0 sociale e ambientale.\",\"breadcrumb\":{\"@id\":\"https:\\\/\\\/www.manitese.it\\\/en\\\/csddd-il-passaggio-in-consiglio-europeo-chiude-definitivamente-la-partita\\\/#breadcrumb\"},\"inLanguage\":\"en-US\",\"potentialAction\":[{\"@type\":\"ReadAction\",\"target\":[\"https:\\\/\\\/www.manitese.it\\\/en\\\/csddd-il-passaggio-in-consiglio-europeo-chiude-definitivamente-la-partita\\\/\"]}]},{\"@type\":\"ImageObject\",\"inLanguage\":\"en-US\",\"@id\":\"https:\\\/\\\/www.manitese.it\\\/en\\\/csddd-il-passaggio-in-consiglio-europeo-chiude-definitivamente-la-partita\\\/#primaryimage\",\"url\":\"https:\\\/\\\/www.manitese.it\\\/wp-content\\\/uploads\\\/2026\\\/02\\\/due-diligence-2.png\",\"contentUrl\":\"https:\\\/\\\/www.manitese.it\\\/wp-content\\\/uploads\\\/2026\\\/02\\\/due-diligence-2.png\",\"width\":2048,\"height\":1362},{\"@type\":\"BreadcrumbList\",\"@id\":\"https:\\\/\\\/www.manitese.it\\\/en\\\/csddd-il-passaggio-in-consiglio-europeo-chiude-definitivamente-la-partita\\\/#breadcrumb\",\"itemListElement\":[{\"@type\":\"ListItem\",\"position\":1,\"name\":\"Home\",\"item\":\"https:\\\/\\\/www.manitese.it\\\/en\\\/\"},{\"@type\":\"ListItem\",\"position\":2,\"name\":\"CSDDD, il passaggio in Consiglio Europeo chiude definitivamente la partita\"}]},{\"@type\":\"WebSite\",\"@id\":\"https:\\\/\\\/www.manitese.it\\\/en\\\/#website\",\"url\":\"https:\\\/\\\/www.manitese.it\\\/en\\\/\",\"name\":\"Mani Tese\",\"description\":\"\",\"potentialAction\":[{\"@type\":\"SearchAction\",\"target\":{\"@type\":\"EntryPoint\",\"urlTemplate\":\"https:\\\/\\\/www.manitese.it\\\/en\\\/?s={search_term_string}\"},\"query-input\":{\"@type\":\"PropertyValueSpecification\",\"valueRequired\":true,\"valueName\":\"search_term_string\"}}],\"inLanguage\":\"en-US\"},{\"@type\":\"Person\",\"@id\":\"https:\\\/\\\/www.manitese.it\\\/en\\\/#\\\/schema\\\/person\\\/99fe39bcb74124ae7d25468962592642\",\"name\":\"manitese-admin\",\"image\":{\"@type\":\"ImageObject\",\"inLanguage\":\"en-US\",\"@id\":\"https:\\\/\\\/secure.gravatar.com\\\/avatar\\\/c1ac0686ac6ff8fb045b94aafcebaa9a4c8ce8bb132683f5606420533b6a8d78?s=96&d=mm&r=g\",\"url\":\"https:\\\/\\\/secure.gravatar.com\\\/avatar\\\/c1ac0686ac6ff8fb045b94aafcebaa9a4c8ce8bb132683f5606420533b6a8d78?s=96&d=mm&r=g\",\"contentUrl\":\"https:\\\/\\\/secure.gravatar.com\\\/avatar\\\/c1ac0686ac6ff8fb045b94aafcebaa9a4c8ce8bb132683f5606420533b6a8d78?s=96&d=mm&r=g\",\"caption\":\"manitese-admin\"},\"url\":\"https:\\\/\\\/www.manitese.it\\\/en\\\/author\\\/manitese-admin\\\/\"}]}<\/script>\n<!-- \/ Yoast SEO plugin. -->","yoast_head_json":{"title":"CSDDD, il passaggio in Consiglio Europeo chiude definitivamente la partita - Mani Tese","description":"Il 24 febbraio 2026 il Consiglio Europeo ha dato il via libera al testo definitivo sulla CSDDD: un netto arretramento nell'individuare la responsabilit\u00e0 d'impresa nella sostenibilit\u00e0 sociale e ambientale.","robots":{"index":"index","follow":"follow","max-snippet":"max-snippet:-1","max-image-preview":"max-image-preview:large","max-video-preview":"max-video-preview:-1"},"canonical":"https:\/\/www.manitese.it\/en\/csddd-il-passaggio-in-consiglio-europeo-chiude-definitivamente-la-partita\/","og_locale":"en_US","og_type":"article","og_title":"CSDDD, il passaggio in Consiglio Europeo chiude definitivamente la partita - Mani Tese","og_description":"Il 24 febbraio 2026 il Consiglio Europeo ha dato il via libera al testo definitivo sulla CSDDD: un netto arretramento nell'individuare la responsabilit\u00e0 d'impresa nella sostenibilit\u00e0 sociale e ambientale.","og_url":"https:\/\/www.manitese.it\/en\/csddd-il-passaggio-in-consiglio-europeo-chiude-definitivamente-la-partita\/","og_site_name":"Mani Tese","article_published_time":"2026-02-25T09:01:42+00:00","article_modified_time":"2026-02-25T09:03:05+00:00","og_image":[{"width":2048,"height":1362,"url":"https:\/\/www.manitese.it\/wp-content\/uploads\/2026\/02\/due-diligence-2.png","type":"image\/png"}],"author":"manitese-admin","twitter_card":"summary_large_image","twitter_misc":{"Written by":"manitese-admin","Est. reading time":"7 minutes"},"schema":{"@context":"https:\/\/schema.org","@graph":[{"@type":"Article","@id":"https:\/\/www.manitese.it\/en\/csddd-il-passaggio-in-consiglio-europeo-chiude-definitivamente-la-partita\/#article","isPartOf":{"@id":"https:\/\/www.manitese.it\/en\/csddd-il-passaggio-in-consiglio-europeo-chiude-definitivamente-la-partita\/"},"author":{"name":"manitese-admin","@id":"https:\/\/www.manitese.it\/en\/#\/schema\/person\/99fe39bcb74124ae7d25468962592642"},"headline":"CSDDD, il passaggio in Consiglio Europeo chiude definitivamente la partita","datePublished":"2026-02-25T09:01:42+00:00","dateModified":"2026-02-25T09:03:05+00:00","mainEntityOfPage":{"@id":"https:\/\/www.manitese.it\/en\/csddd-il-passaggio-in-consiglio-europeo-chiude-definitivamente-la-partita\/"},"wordCount":1200,"commentCount":0,"image":{"@id":"https:\/\/www.manitese.it\/en\/csddd-il-passaggio-in-consiglio-europeo-chiude-definitivamente-la-partita\/#primaryimage"},"thumbnailUrl":"https:\/\/www.manitese.it\/wp-content\/uploads\/2026\/02\/due-diligence-2.png","keywords":["mani tese","due diligence","Campagna Impresa 2030","Omnibus","CSDDD"],"articleSection":["Dossier"],"inLanguage":"en-US","potentialAction":[{"@type":"CommentAction","name":"Comment","target":["https:\/\/www.manitese.it\/en\/csddd-il-passaggio-in-consiglio-europeo-chiude-definitivamente-la-partita\/#respond"]}]},{"@type":"WebPage","@id":"https:\/\/www.manitese.it\/en\/csddd-il-passaggio-in-consiglio-europeo-chiude-definitivamente-la-partita\/","url":"https:\/\/www.manitese.it\/en\/csddd-il-passaggio-in-consiglio-europeo-chiude-definitivamente-la-partita\/","name":"CSDDD, il passaggio in Consiglio Europeo chiude definitivamente la partita - Mani Tese","isPartOf":{"@id":"https:\/\/www.manitese.it\/en\/#website"},"primaryImageOfPage":{"@id":"https:\/\/www.manitese.it\/en\/csddd-il-passaggio-in-consiglio-europeo-chiude-definitivamente-la-partita\/#primaryimage"},"image":{"@id":"https:\/\/www.manitese.it\/en\/csddd-il-passaggio-in-consiglio-europeo-chiude-definitivamente-la-partita\/#primaryimage"},"thumbnailUrl":"https:\/\/www.manitese.it\/wp-content\/uploads\/2026\/02\/due-diligence-2.png","datePublished":"2026-02-25T09:01:42+00:00","dateModified":"2026-02-25T09:03:05+00:00","author":{"@id":"https:\/\/www.manitese.it\/en\/#\/schema\/person\/99fe39bcb74124ae7d25468962592642"},"description":"Il 24 febbraio 2026 il Consiglio Europeo ha dato il via libera al testo definitivo sulla CSDDD: un netto arretramento nell'individuare la responsabilit\u00e0 d'impresa nella sostenibilit\u00e0 sociale e ambientale.","breadcrumb":{"@id":"https:\/\/www.manitese.it\/en\/csddd-il-passaggio-in-consiglio-europeo-chiude-definitivamente-la-partita\/#breadcrumb"},"inLanguage":"en-US","potentialAction":[{"@type":"ReadAction","target":["https:\/\/www.manitese.it\/en\/csddd-il-passaggio-in-consiglio-europeo-chiude-definitivamente-la-partita\/"]}]},{"@type":"ImageObject","inLanguage":"en-US","@id":"https:\/\/www.manitese.it\/en\/csddd-il-passaggio-in-consiglio-europeo-chiude-definitivamente-la-partita\/#primaryimage","url":"https:\/\/www.manitese.it\/wp-content\/uploads\/2026\/02\/due-diligence-2.png","contentUrl":"https:\/\/www.manitese.it\/wp-content\/uploads\/2026\/02\/due-diligence-2.png","width":2048,"height":1362},{"@type":"BreadcrumbList","@id":"https:\/\/www.manitese.it\/en\/csddd-il-passaggio-in-consiglio-europeo-chiude-definitivamente-la-partita\/#breadcrumb","itemListElement":[{"@type":"ListItem","position":1,"name":"Home","item":"https:\/\/www.manitese.it\/en\/"},{"@type":"ListItem","position":2,"name":"CSDDD, il passaggio in Consiglio Europeo chiude definitivamente la partita"}]},{"@type":"WebSite","@id":"https:\/\/www.manitese.it\/en\/#website","url":"https:\/\/www.manitese.it\/en\/","name":"Mani Tese","description":"","potentialAction":[{"@type":"SearchAction","target":{"@type":"EntryPoint","urlTemplate":"https:\/\/www.manitese.it\/en\/?s={search_term_string}"},"query-input":{"@type":"PropertyValueSpecification","valueRequired":true,"valueName":"search_term_string"}}],"inLanguage":"en-US"},{"@type":"Person","@id":"https:\/\/www.manitese.it\/en\/#\/schema\/person\/99fe39bcb74124ae7d25468962592642","name":"manitese-admin","image":{"@type":"ImageObject","inLanguage":"en-US","@id":"https:\/\/secure.gravatar.com\/avatar\/c1ac0686ac6ff8fb045b94aafcebaa9a4c8ce8bb132683f5606420533b6a8d78?s=96&d=mm&r=g","url":"https:\/\/secure.gravatar.com\/avatar\/c1ac0686ac6ff8fb045b94aafcebaa9a4c8ce8bb132683f5606420533b6a8d78?s=96&d=mm&r=g","contentUrl":"https:\/\/secure.gravatar.com\/avatar\/c1ac0686ac6ff8fb045b94aafcebaa9a4c8ce8bb132683f5606420533b6a8d78?s=96&d=mm&r=g","caption":"manitese-admin"},"url":"https:\/\/www.manitese.it\/en\/author\/manitese-admin\/"}]}},"jetpack_featured_media_url":"https:\/\/www.manitese.it\/wp-content\/uploads\/2026\/02\/due-diligence-2.png","jetpack_sharing_enabled":true,"_links":{"self":[{"href":"https:\/\/www.manitese.it\/en\/wp-json\/wp\/v2\/posts\/203193","targetHints":{"allow":["GET"]}}],"collection":[{"href":"https:\/\/www.manitese.it\/en\/wp-json\/wp\/v2\/posts"}],"about":[{"href":"https:\/\/www.manitese.it\/en\/wp-json\/wp\/v2\/types\/post"}],"author":[{"embeddable":true,"href":"https:\/\/www.manitese.it\/en\/wp-json\/wp\/v2\/users\/33"}],"replies":[{"embeddable":true,"href":"https:\/\/www.manitese.it\/en\/wp-json\/wp\/v2\/comments?post=203193"}],"version-history":[{"count":25,"href":"https:\/\/www.manitese.it\/en\/wp-json\/wp\/v2\/posts\/203193\/revisions"}],"predecessor-version":[{"id":203218,"href":"https:\/\/www.manitese.it\/en\/wp-json\/wp\/v2\/posts\/203193\/revisions\/203218"}],"wp:featuredmedia":[{"embeddable":true,"href":"https:\/\/www.manitese.it\/en\/wp-json\/wp\/v2\/media\/203185"}],"wp:attachment":[{"href":"https:\/\/www.manitese.it\/en\/wp-json\/wp\/v2\/media?parent=203193"}],"wp:term":[{"taxonomy":"category","embeddable":true,"href":"https:\/\/www.manitese.it\/en\/wp-json\/wp\/v2\/categories?post=203193"},{"taxonomy":"post_tag","embeddable":true,"href":"https:\/\/www.manitese.it\/en\/wp-json\/wp\/v2\/tags?post=203193"},{"taxonomy":"thematic_area","embeddable":true,"href":"https:\/\/www.manitese.it\/en\/wp-json\/wp\/v2\/thematic_area?post=203193"}],"curies":[{"name":"wp","href":"https:\/\/api.w.org\/{rel}","templated":true}]}}