{"id":192518,"date":"2024-01-24T19:03:52","date_gmt":"2024-01-24T18:03:52","guid":{"rendered":"https:\/\/manitese.it\/?p=192518"},"modified":"2024-01-26T19:06:34","modified_gmt":"2024-01-26T18:06:34","slug":"eureka-le-idee-delle-ragazze-e-dei-ragazzi-trasformano-la-scuola","status":"publish","type":"post","link":"https:\/\/www.manitese.it\/en\/eureka-le-idee-delle-ragazze-e-dei-ragazzi-trasformano-la-scuola\/","title":{"rendered":"Eureka! Le idee delle ragazze e dei ragazzi trasformano la scuola"},"content":{"rendered":"<p>La <strong>Giornata Internazionale dell\u2019Educazione<\/strong> (24 gennaio 2023) quest\u2019anno \u00e8 incentrata sull\u2019importanza della scuola come luogo e istituzione determinante nel processo del contrasto all\u2019incitamento all\u2019odio in tutte le sue forme e conseguenze, online e offline, e dell\u2019insegnante come figura fondamentale nel dibattito sulla diversit\u00e0 e sui diritti umani e sulla differenza tra incitamento all\u2019odio e libert\u00e0 di espressione.<\/p>\n<p>Per Mani Tese l\u2019educazione inclusiva \u00e8 da sempre un asset estremamente importante. L\u2019 impegno di Mani Tese si concretizza infatti nel raggiungimento <strong>dell\u2019SDG 4 &#8211; <em>Fornire un\u2019educazione di qualit\u00e0, equa ed inclusiva, e opportunit\u00e0 di apprendimento per tutti <\/em>&#8211; e in particolare del target 4.7<\/strong>, attraverso la realizzazione di progetti e campagne di sensibilizzazione.<\/p>\n<p>Mani Tese interviene, in particolare, nell\u2019ambito dei <strong>progetti di Educazione alla Cittadinanza Globale<\/strong>, intesa come approccio in grado di agire in maniera olistica sull\u2019individuo ponendolo come motore di cambiamento.<\/p>\n<p>\u00c8 in quest\u2019ambito che si inserisce il nostro nuovo progetto <strong><em>EUREKA! Le idee delle ragazze e i ragazzi trasformano la scuola<\/em><\/strong>. Attraverso il rafforzamento delle competenze di cittadinanza attiva, il progetto intende contrastare la dispersione scolastica dei ragazzi e delle ragazze favorendo la creativit\u00e0, la consapevolezza di s\u00e9 e lo sviluppo delle competenze di cittadinanza attiva.<\/p>\n<p>Il progetto<strong>, in partenariato con Bipart e Spaziopensiero<\/strong>, sperimenta <strong>un percorso di partecipazione e cittadinanza attiva innovativo e replicabile rivolto a circa 2700 studenti e studentesse delle scuole secondarie di primo grado dei 9 Municipi della citt\u00e0 di Milano<\/strong>, che non solo pone la scuola al centro ma interviene anche sulla famiglia e sulla comunit\u00e0 educante per generare un cambiamento.<\/p>\n<p>Il progetto si articola in attivit\u00e0 di formazione per gli insegnanti sui temi dell\u2019Educazione alla Cittadinanza Globale e sulle metodologie non formali e in percorsi con i ragazzi e le ragazze, anche in orario extrascolastico, volti a rafforzare una dimensione di impegno civico necessaria per lo sviluppo di cittadini e cittadine consapevoli. Come tutti i progetti di Mani Tese che rientrano nel Programma educativo volto a contrastare le Povert\u00e0 Educative, Eureka prevede inoltre incontri con le famiglie, in collaborazione con la scuola, per favorire un confronto sulle competenze genitoriali e dinamizzare il concetto di Patto Educativo tra scuola, territorio e famiglia<\/p>\n<p>Per Mani Tese infatti \u00e8 <strong>fondamentale ripensare la scuola come motore trainante di una societ\u00e0 in crescita<\/strong>, assicurare un impegno di risorse per garantire un progressivo ampliamento del tempo scuola su tutto il territorio nazionale, colmando i divari oggi presenti, e soprattutto <strong>sostenere <em>una scuola<\/em> che favorisca la partecipazione attiva di studenti e studentesse alla vita scolastica, e che favorisca il benessere scolastico e la motivazione allo studio a garanzia del diritto all&#8217;istruzione di qualit\u00e0 per tutti.<\/strong><\/p>\n<p>Per questo <strong>\u00e8 necessario introdurre misure economiche e strategie organizzative e didattiche volte a contenere l\u2019esplosione delle disuguaglianz<\/strong>e, investire sulla formazione permanente dei docenti e sui sistemi di reclutamento, promuovere scuole aperte a comunit\u00e0 e territorio, ripensare gli spazi di apprendimento affinch\u00e9 siano pi\u00f9 inclusivi oltre che pi\u00f9 sicuri e sostenibili, dinamizzare i processi di dialogo e interazione tra i soggetti attivi delle <em>Comunit\u00e0 educanti<\/em>.<\/p>\n<p><img fetchpriority=\"high\" decoding=\"async\" class=\"alignnone size-medium wp-image-192523\" src=\"https:\/\/manitese.it\/wp-content\/uploads\/2024\/01\/foto1-scaled-2-300x221.jpg\" alt=\"\" width=\"300\" height=\"221\" srcset=\"https:\/\/www.manitese.it\/wp-content\/uploads\/2024\/01\/foto1-scaled-2-300x221.jpg 300w, https:\/\/www.manitese.it\/wp-content\/uploads\/2024\/01\/foto1-scaled-2-768x567.jpg 768w, https:\/\/www.manitese.it\/wp-content\/uploads\/2024\/01\/foto1-scaled-2-1024x756.jpg 1024w, https:\/\/www.manitese.it\/wp-content\/uploads\/2024\/01\/foto1-scaled-2-1536x1134.jpg 1536w, https:\/\/www.manitese.it\/wp-content\/uploads\/2024\/01\/foto1-scaled-2-2048x1512.jpg 2048w, https:\/\/www.manitese.it\/wp-content\/uploads\/2024\/01\/foto1-scaled-2-400x295.jpg 400w, https:\/\/www.manitese.it\/wp-content\/uploads\/2024\/01\/foto1-scaled-2-600x443.jpg 600w\" sizes=\"(max-width: 300px) 100vw, 300px\" \/> <img decoding=\"async\" class=\"alignnone size-medium wp-image-192525\" src=\"https:\/\/manitese.it\/wp-content\/uploads\/2024\/01\/foto2-scaled-2-200x300.jpg\" alt=\"\" width=\"200\" height=\"300\" srcset=\"https:\/\/www.manitese.it\/wp-content\/uploads\/2024\/01\/foto2-scaled-2-200x300.jpg 200w, https:\/\/www.manitese.it\/wp-content\/uploads\/2024\/01\/foto2-scaled-2-768x1152.jpg 768w, https:\/\/www.manitese.it\/wp-content\/uploads\/2024\/01\/foto2-scaled-2-683x1024.jpg 683w, https:\/\/www.manitese.it\/wp-content\/uploads\/2024\/01\/foto2-scaled-2-1024x1536.jpg 1024w, https:\/\/www.manitese.it\/wp-content\/uploads\/2024\/01\/foto2-scaled-2-1366x2048.jpg 1366w, https:\/\/www.manitese.it\/wp-content\/uploads\/2024\/01\/foto2-scaled-2-400x600.jpg 400w, https:\/\/www.manitese.it\/wp-content\/uploads\/2024\/01\/foto2-scaled-2-600x900.jpg 600w, https:\/\/www.manitese.it\/wp-content\/uploads\/2024\/01\/foto2-scaled-2.jpg 1707w\" sizes=\"(max-width: 200px) 100vw, 200px\" \/><\/p>\n","protected":false},"excerpt":{"rendered":"<p>La Giornata Internazionale dell\u2019Educazione quest\u2019anno \u00e8 incentrata sull\u2019importanza della scuola come luogo e istituzione determinante nel processo del contrasto all\u2019incitamento all\u2019odio in tutte le sue forme e conseguenze.<\/p>\n","protected":false},"author":1,"featured_media":192521,"comment_status":"open","ping_status":"open","sticky":false,"template":"","format":"standard","meta":{"_acf_changed":false,"give_campaign_id":0,"inline_featured_image":false,"_jetpack_memberships_contains_paid_content":false,"footnotes":""},"categories":[1],"tags":[],"thematic_area":[],"class_list":["post-192518","post","type-post","status-publish","format-standard","has-post-thumbnail","hentry","category-news"],"acf":[],"yoast_head":"<!-- This site is optimized with the Yoast SEO plugin v27.5 - https:\/\/yoast.com\/product\/yoast-seo-wordpress\/ -->\n<title>Eureka! Le idee delle ragazze e dei ragazzi trasformano la scuola - Mani Tese<\/title>\n<meta name=\"robots\" content=\"index, follow, max-snippet:-1, max-image-preview:large, max-video-preview:-1\" \/>\n<link rel=\"canonical\" href=\"https:\/\/www.manitese.it\/en\/eureka-le-idee-delle-ragazze-e-dei-ragazzi-trasformano-la-scuola\/\" \/>\n<meta property=\"og:locale\" content=\"en_US\" \/>\n<meta property=\"og:type\" content=\"article\" \/>\n<meta property=\"og:title\" content=\"Eureka! Le idee delle ragazze e dei ragazzi trasformano la scuola - Mani Tese\" \/>\n<meta property=\"og:description\" content=\"La Giornata Internazionale dell\u2019Educazione quest\u2019anno \u00e8 incentrata sull\u2019importanza della scuola come luogo e istituzione determinante nel processo del contrasto all\u2019incitamento all\u2019odio in tutte le sue forme e conseguenze.\" \/>\n<meta property=\"og:url\" content=\"https:\/\/www.manitese.it\/en\/eureka-le-idee-delle-ragazze-e-dei-ragazzi-trasformano-la-scuola\/\" \/>\n<meta property=\"og:site_name\" content=\"Mani Tese\" \/>\n<meta property=\"article:published_time\" content=\"2024-01-24T18:03:52+00:00\" \/>\n<meta property=\"article:modified_time\" content=\"2024-01-26T18:06:34+00:00\" \/>\n<meta property=\"og:image\" content=\"https:\/\/www.manitese.it\/wp-content\/uploads\/2024\/01\/foto2-scaled-1.jpg\" \/>\n\t<meta property=\"og:image:width\" content=\"1707\" \/>\n\t<meta property=\"og:image:height\" content=\"2560\" \/>\n\t<meta property=\"og:image:type\" content=\"image\/jpeg\" \/>\n<meta name=\"author\" content=\"agevis\" \/>\n<meta name=\"twitter:card\" content=\"summary_large_image\" \/>\n<meta name=\"twitter:label1\" content=\"Written by\" \/>\n\t<meta name=\"twitter:data1\" content=\"agevis\" \/>\n\t<meta name=\"twitter:label2\" content=\"Est. reading time\" \/>\n\t<meta name=\"twitter:data2\" content=\"3 minutes\" \/>\n<script type=\"application\/ld+json\" class=\"yoast-schema-graph\">{\"@context\":\"https:\\\/\\\/schema.org\",\"@graph\":[{\"@type\":\"Article\",\"@id\":\"https:\\\/\\\/www.manitese.it\\\/en\\\/eureka-le-idee-delle-ragazze-e-dei-ragazzi-trasformano-la-scuola\\\/#article\",\"isPartOf\":{\"@id\":\"https:\\\/\\\/www.manitese.it\\\/en\\\/eureka-le-idee-delle-ragazze-e-dei-ragazzi-trasformano-la-scuola\\\/\"},\"author\":{\"name\":\"agevis\",\"@id\":\"https:\\\/\\\/www.manitese.it\\\/en\\\/#\\\/schema\\\/person\\\/5a9774f17e4940e2510bfeba90f04f65\"},\"headline\":\"Eureka! Le idee delle ragazze e dei ragazzi trasformano la scuola\",\"datePublished\":\"2024-01-24T18:03:52+00:00\",\"dateModified\":\"2024-01-26T18:06:34+00:00\",\"mainEntityOfPage\":{\"@id\":\"https:\\\/\\\/www.manitese.it\\\/en\\\/eureka-le-idee-delle-ragazze-e-dei-ragazzi-trasformano-la-scuola\\\/\"},\"wordCount\":515,\"commentCount\":0,\"image\":{\"@id\":\"https:\\\/\\\/www.manitese.it\\\/en\\\/eureka-le-idee-delle-ragazze-e-dei-ragazzi-trasformano-la-scuola\\\/#primaryimage\"},\"thumbnailUrl\":\"https:\\\/\\\/www.manitese.it\\\/wp-content\\\/uploads\\\/2024\\\/01\\\/foto2-scaled-1.jpg\",\"articleSection\":[\"News\"],\"inLanguage\":\"en-US\",\"potentialAction\":[{\"@type\":\"CommentAction\",\"name\":\"Comment\",\"target\":[\"https:\\\/\\\/www.manitese.it\\\/en\\\/eureka-le-idee-delle-ragazze-e-dei-ragazzi-trasformano-la-scuola\\\/#respond\"]}]},{\"@type\":\"WebPage\",\"@id\":\"https:\\\/\\\/www.manitese.it\\\/en\\\/eureka-le-idee-delle-ragazze-e-dei-ragazzi-trasformano-la-scuola\\\/\",\"url\":\"https:\\\/\\\/www.manitese.it\\\/en\\\/eureka-le-idee-delle-ragazze-e-dei-ragazzi-trasformano-la-scuola\\\/\",\"name\":\"Eureka! Le idee delle ragazze e dei ragazzi trasformano la scuola - Mani Tese\",\"isPartOf\":{\"@id\":\"https:\\\/\\\/www.manitese.it\\\/en\\\/#website\"},\"primaryImageOfPage\":{\"@id\":\"https:\\\/\\\/www.manitese.it\\\/en\\\/eureka-le-idee-delle-ragazze-e-dei-ragazzi-trasformano-la-scuola\\\/#primaryimage\"},\"image\":{\"@id\":\"https:\\\/\\\/www.manitese.it\\\/en\\\/eureka-le-idee-delle-ragazze-e-dei-ragazzi-trasformano-la-scuola\\\/#primaryimage\"},\"thumbnailUrl\":\"https:\\\/\\\/www.manitese.it\\\/wp-content\\\/uploads\\\/2024\\\/01\\\/foto2-scaled-1.jpg\",\"datePublished\":\"2024-01-24T18:03:52+00:00\",\"dateModified\":\"2024-01-26T18:06:34+00:00\",\"author\":{\"@id\":\"https:\\\/\\\/www.manitese.it\\\/en\\\/#\\\/schema\\\/person\\\/5a9774f17e4940e2510bfeba90f04f65\"},\"breadcrumb\":{\"@id\":\"https:\\\/\\\/www.manitese.it\\\/en\\\/eureka-le-idee-delle-ragazze-e-dei-ragazzi-trasformano-la-scuola\\\/#breadcrumb\"},\"inLanguage\":\"en-US\",\"potentialAction\":[{\"@type\":\"ReadAction\",\"target\":[\"https:\\\/\\\/www.manitese.it\\\/en\\\/eureka-le-idee-delle-ragazze-e-dei-ragazzi-trasformano-la-scuola\\\/\"]}]},{\"@type\":\"ImageObject\",\"inLanguage\":\"en-US\",\"@id\":\"https:\\\/\\\/www.manitese.it\\\/en\\\/eureka-le-idee-delle-ragazze-e-dei-ragazzi-trasformano-la-scuola\\\/#primaryimage\",\"url\":\"https:\\\/\\\/www.manitese.it\\\/wp-content\\\/uploads\\\/2024\\\/01\\\/foto2-scaled-1.jpg\",\"contentUrl\":\"https:\\\/\\\/www.manitese.it\\\/wp-content\\\/uploads\\\/2024\\\/01\\\/foto2-scaled-1.jpg\",\"width\":1707,\"height\":2560},{\"@type\":\"BreadcrumbList\",\"@id\":\"https:\\\/\\\/www.manitese.it\\\/en\\\/eureka-le-idee-delle-ragazze-e-dei-ragazzi-trasformano-la-scuola\\\/#breadcrumb\",\"itemListElement\":[{\"@type\":\"ListItem\",\"position\":1,\"name\":\"Home\",\"item\":\"https:\\\/\\\/www.manitese.it\\\/en\\\/\"},{\"@type\":\"ListItem\",\"position\":2,\"name\":\"Eureka! Le idee delle ragazze e dei ragazzi trasformano la scuola\"}]},{\"@type\":\"WebSite\",\"@id\":\"https:\\\/\\\/www.manitese.it\\\/en\\\/#website\",\"url\":\"https:\\\/\\\/www.manitese.it\\\/en\\\/\",\"name\":\"Mani Tese\",\"description\":\"\",\"potentialAction\":[{\"@type\":\"SearchAction\",\"target\":{\"@type\":\"EntryPoint\",\"urlTemplate\":\"https:\\\/\\\/www.manitese.it\\\/en\\\/?s={search_term_string}\"},\"query-input\":{\"@type\":\"PropertyValueSpecification\",\"valueRequired\":true,\"valueName\":\"search_term_string\"}}],\"inLanguage\":\"en-US\"},{\"@type\":\"Person\",\"@id\":\"https:\\\/\\\/www.manitese.it\\\/en\\\/#\\\/schema\\\/person\\\/5a9774f17e4940e2510bfeba90f04f65\",\"name\":\"agevis\",\"image\":{\"@type\":\"ImageObject\",\"inLanguage\":\"en-US\",\"@id\":\"https:\\\/\\\/secure.gravatar.com\\\/avatar\\\/2dc96c93fcf3387a5922a93b50fb3bff01d4800590fb6a4ab91a034adb25ba17?s=96&d=mm&r=g\",\"url\":\"https:\\\/\\\/secure.gravatar.com\\\/avatar\\\/2dc96c93fcf3387a5922a93b50fb3bff01d4800590fb6a4ab91a034adb25ba17?s=96&d=mm&r=g\",\"contentUrl\":\"https:\\\/\\\/secure.gravatar.com\\\/avatar\\\/2dc96c93fcf3387a5922a93b50fb3bff01d4800590fb6a4ab91a034adb25ba17?s=96&d=mm&r=g\",\"caption\":\"agevis\"},\"url\":\"https:\\\/\\\/www.manitese.it\\\/en\\\/author\\\/wp_agevis_admin\\\/\"}]}<\/script>\n<!-- \/ Yoast SEO plugin. -->","yoast_head_json":{"title":"Eureka! Le idee delle ragazze e dei ragazzi trasformano la scuola - Mani Tese","robots":{"index":"index","follow":"follow","max-snippet":"max-snippet:-1","max-image-preview":"max-image-preview:large","max-video-preview":"max-video-preview:-1"},"canonical":"https:\/\/www.manitese.it\/en\/eureka-le-idee-delle-ragazze-e-dei-ragazzi-trasformano-la-scuola\/","og_locale":"en_US","og_type":"article","og_title":"Eureka! Le idee delle ragazze e dei ragazzi trasformano la scuola - Mani Tese","og_description":"La Giornata Internazionale dell\u2019Educazione quest\u2019anno \u00e8 incentrata sull\u2019importanza della scuola come luogo e istituzione determinante nel processo del contrasto all\u2019incitamento all\u2019odio in tutte le sue forme e conseguenze.","og_url":"https:\/\/www.manitese.it\/en\/eureka-le-idee-delle-ragazze-e-dei-ragazzi-trasformano-la-scuola\/","og_site_name":"Mani Tese","article_published_time":"2024-01-24T18:03:52+00:00","article_modified_time":"2024-01-26T18:06:34+00:00","og_image":[{"width":1707,"height":2560,"url":"https:\/\/www.manitese.it\/wp-content\/uploads\/2024\/01\/foto2-scaled-1.jpg","type":"image\/jpeg"}],"author":"agevis","twitter_card":"summary_large_image","twitter_misc":{"Written by":"agevis","Est. reading time":"3 minutes"},"schema":{"@context":"https:\/\/schema.org","@graph":[{"@type":"Article","@id":"https:\/\/www.manitese.it\/en\/eureka-le-idee-delle-ragazze-e-dei-ragazzi-trasformano-la-scuola\/#article","isPartOf":{"@id":"https:\/\/www.manitese.it\/en\/eureka-le-idee-delle-ragazze-e-dei-ragazzi-trasformano-la-scuola\/"},"author":{"name":"agevis","@id":"https:\/\/www.manitese.it\/en\/#\/schema\/person\/5a9774f17e4940e2510bfeba90f04f65"},"headline":"Eureka! Le idee delle ragazze e dei ragazzi trasformano la scuola","datePublished":"2024-01-24T18:03:52+00:00","dateModified":"2024-01-26T18:06:34+00:00","mainEntityOfPage":{"@id":"https:\/\/www.manitese.it\/en\/eureka-le-idee-delle-ragazze-e-dei-ragazzi-trasformano-la-scuola\/"},"wordCount":515,"commentCount":0,"image":{"@id":"https:\/\/www.manitese.it\/en\/eureka-le-idee-delle-ragazze-e-dei-ragazzi-trasformano-la-scuola\/#primaryimage"},"thumbnailUrl":"https:\/\/www.manitese.it\/wp-content\/uploads\/2024\/01\/foto2-scaled-1.jpg","articleSection":["News"],"inLanguage":"en-US","potentialAction":[{"@type":"CommentAction","name":"Comment","target":["https:\/\/www.manitese.it\/en\/eureka-le-idee-delle-ragazze-e-dei-ragazzi-trasformano-la-scuola\/#respond"]}]},{"@type":"WebPage","@id":"https:\/\/www.manitese.it\/en\/eureka-le-idee-delle-ragazze-e-dei-ragazzi-trasformano-la-scuola\/","url":"https:\/\/www.manitese.it\/en\/eureka-le-idee-delle-ragazze-e-dei-ragazzi-trasformano-la-scuola\/","name":"Eureka! Le idee delle ragazze e dei ragazzi trasformano la scuola - Mani Tese","isPartOf":{"@id":"https:\/\/www.manitese.it\/en\/#website"},"primaryImageOfPage":{"@id":"https:\/\/www.manitese.it\/en\/eureka-le-idee-delle-ragazze-e-dei-ragazzi-trasformano-la-scuola\/#primaryimage"},"image":{"@id":"https:\/\/www.manitese.it\/en\/eureka-le-idee-delle-ragazze-e-dei-ragazzi-trasformano-la-scuola\/#primaryimage"},"thumbnailUrl":"https:\/\/www.manitese.it\/wp-content\/uploads\/2024\/01\/foto2-scaled-1.jpg","datePublished":"2024-01-24T18:03:52+00:00","dateModified":"2024-01-26T18:06:34+00:00","author":{"@id":"https:\/\/www.manitese.it\/en\/#\/schema\/person\/5a9774f17e4940e2510bfeba90f04f65"},"breadcrumb":{"@id":"https:\/\/www.manitese.it\/en\/eureka-le-idee-delle-ragazze-e-dei-ragazzi-trasformano-la-scuola\/#breadcrumb"},"inLanguage":"en-US","potentialAction":[{"@type":"ReadAction","target":["https:\/\/www.manitese.it\/en\/eureka-le-idee-delle-ragazze-e-dei-ragazzi-trasformano-la-scuola\/"]}]},{"@type":"ImageObject","inLanguage":"en-US","@id":"https:\/\/www.manitese.it\/en\/eureka-le-idee-delle-ragazze-e-dei-ragazzi-trasformano-la-scuola\/#primaryimage","url":"https:\/\/www.manitese.it\/wp-content\/uploads\/2024\/01\/foto2-scaled-1.jpg","contentUrl":"https:\/\/www.manitese.it\/wp-content\/uploads\/2024\/01\/foto2-scaled-1.jpg","width":1707,"height":2560},{"@type":"BreadcrumbList","@id":"https:\/\/www.manitese.it\/en\/eureka-le-idee-delle-ragazze-e-dei-ragazzi-trasformano-la-scuola\/#breadcrumb","itemListElement":[{"@type":"ListItem","position":1,"name":"Home","item":"https:\/\/www.manitese.it\/en\/"},{"@type":"ListItem","position":2,"name":"Eureka! Le idee delle ragazze e dei ragazzi trasformano la scuola"}]},{"@type":"WebSite","@id":"https:\/\/www.manitese.it\/en\/#website","url":"https:\/\/www.manitese.it\/en\/","name":"Mani Tese","description":"","potentialAction":[{"@type":"SearchAction","target":{"@type":"EntryPoint","urlTemplate":"https:\/\/www.manitese.it\/en\/?s={search_term_string}"},"query-input":{"@type":"PropertyValueSpecification","valueRequired":true,"valueName":"search_term_string"}}],"inLanguage":"en-US"},{"@type":"Person","@id":"https:\/\/www.manitese.it\/en\/#\/schema\/person\/5a9774f17e4940e2510bfeba90f04f65","name":"agevis","image":{"@type":"ImageObject","inLanguage":"en-US","@id":"https:\/\/secure.gravatar.com\/avatar\/2dc96c93fcf3387a5922a93b50fb3bff01d4800590fb6a4ab91a034adb25ba17?s=96&d=mm&r=g","url":"https:\/\/secure.gravatar.com\/avatar\/2dc96c93fcf3387a5922a93b50fb3bff01d4800590fb6a4ab91a034adb25ba17?s=96&d=mm&r=g","contentUrl":"https:\/\/secure.gravatar.com\/avatar\/2dc96c93fcf3387a5922a93b50fb3bff01d4800590fb6a4ab91a034adb25ba17?s=96&d=mm&r=g","caption":"agevis"},"url":"https:\/\/www.manitese.it\/en\/author\/wp_agevis_admin\/"}]}},"jetpack_featured_media_url":"https:\/\/www.manitese.it\/wp-content\/uploads\/2024\/01\/foto2-scaled-1.jpg","jetpack_sharing_enabled":true,"_links":{"self":[{"href":"https:\/\/www.manitese.it\/en\/wp-json\/wp\/v2\/posts\/192518","targetHints":{"allow":["GET"]}}],"collection":[{"href":"https:\/\/www.manitese.it\/en\/wp-json\/wp\/v2\/posts"}],"about":[{"href":"https:\/\/www.manitese.it\/en\/wp-json\/wp\/v2\/types\/post"}],"author":[{"embeddable":true,"href":"https:\/\/www.manitese.it\/en\/wp-json\/wp\/v2\/users\/1"}],"replies":[{"embeddable":true,"href":"https:\/\/www.manitese.it\/en\/wp-json\/wp\/v2\/comments?post=192518"}],"version-history":[{"count":1,"href":"https:\/\/www.manitese.it\/en\/wp-json\/wp\/v2\/posts\/192518\/revisions"}],"predecessor-version":[{"id":192527,"href":"https:\/\/www.manitese.it\/en\/wp-json\/wp\/v2\/posts\/192518\/revisions\/192527"}],"wp:featuredmedia":[{"embeddable":true,"href":"https:\/\/www.manitese.it\/en\/wp-json\/wp\/v2\/media\/192521"}],"wp:attachment":[{"href":"https:\/\/www.manitese.it\/en\/wp-json\/wp\/v2\/media?parent=192518"}],"wp:term":[{"taxonomy":"category","embeddable":true,"href":"https:\/\/www.manitese.it\/en\/wp-json\/wp\/v2\/categories?post=192518"},{"taxonomy":"post_tag","embeddable":true,"href":"https:\/\/www.manitese.it\/en\/wp-json\/wp\/v2\/tags?post=192518"},{"taxonomy":"thematic_area","embeddable":true,"href":"https:\/\/www.manitese.it\/en\/wp-json\/wp\/v2\/thematic_area?post=192518"}],"curies":[{"name":"wp","href":"https:\/\/api.w.org\/{rel}","templated":true}]}}