{"id":192506,"date":"2024-01-22T18:46:37","date_gmt":"2024-01-22T17:46:37","guid":{"rendered":"https:\/\/manitese.it\/?p=192506"},"modified":"2024-01-26T18:58:21","modified_gmt":"2024-01-26T17:58:21","slug":"la-fiera-avicola-agroecologica-in-guinea-bissau","status":"publish","type":"post","link":"https:\/\/www.manitese.it\/en\/la-fiera-avicola-agroecologica-in-guinea-bissau\/","title":{"rendered":"La fiera avicola &#038; agroecologica in Guinea Bissau"},"content":{"rendered":"<p><span data-contrast=\"auto\">In Guinea-Bissau a dicembre si \u00e8 tenuta la tanto attesa <\/span><b><span data-contrast=\"auto\">fiera avicola e agroecologica.<\/span><\/b><span data-contrast=\"auto\"> Si tratta di un importante momento di condivisione fra i produttori locali, organizzato da Mani Tese nell\u2019ambito del progetto <\/span><b><span data-contrast=\"auto\">\u201c<\/span><\/b><a href=\"https:\/\/www.manitese.it\/progetto\/mettiamo-le-ali-allo-sviluppo\"><b><span data-contrast=\"none\">Mettiamo le ali allo sviluppo<\/span><\/b><\/a><span data-contrast=\"auto\">\u201d cofinanziato dall\u2019Unione Europea.\u00a0<\/span><span data-ccp-props=\"{&quot;201341983&quot;:0,&quot;335559739&quot;:160,&quot;335559740&quot;:259}\">\u00a0<\/span><\/p>\n<p><b><span data-contrast=\"auto\">Tanti produttori sono arrivati da ogni angolo del Paese<\/span><\/b><span data-contrast=\"auto\">. Alcuni si conoscono tra di loro perch\u00e9 si sono incontrati in altre occasioni, durante questi 5 anni di progetto, ma altri non si sono mai visti, proprio a causa della difficolt\u00e0 che la Guinea-Bissau affronta ogni giorno in termini di infrastrutture e trasporti.<\/span><span data-ccp-props=\"{&quot;201341983&quot;:0,&quot;335559739&quot;:160,&quot;335559740&quot;:259}\">\u00a0<\/span><\/p>\n<p><span data-contrast=\"auto\">Durante la fiera, i produttori hanno espresso le loro preoccupazioni: la dissoluzione del governo e del parlamento non ha aiutato la gi\u00e0 difficile situazione economica. Per fortuna l\u2019evento non \u00e8 solo un luogo di commercio ma anche <\/span><b><span data-contrast=\"auto\">un prezioso momento di scambio di esperienze tra vari produttori<\/span><\/b><span data-contrast=\"auto\"> che scoprono di avere tante cose da condividere per aiutarsi nel mandare avanti i loro pollai o per migliorare il rendimento dei loro orti.<\/span><span data-ccp-props=\"{&quot;201341983&quot;:0,&quot;335559739&quot;:160,&quot;335559740&quot;:259}\">\u00a0<\/span><\/p>\n<p><span data-contrast=\"auto\">La fiera, organizzata in partnership con i colleghi di Asas de Socorro, Essor, OGD, AVSF e molte altre associazioni locali come, per esempio, la neonata KABAS DE VIDA (associazione di donne contadine di Bissau), <\/span><b><span data-contrast=\"auto\">rappresenta un punto di partenza per creare un punto vendita stabile per i produttori di uova, polli, verdure, legumi e cereali, e ai conseguenti prodotti trasformati, come succhi di frutta e marmellate.<\/span><\/b><span data-ccp-props=\"{&quot;201341983&quot;:0,&quot;335559739&quot;:160,&quot;335559740&quot;:259}\">\u00a0<\/span><\/p>\n<p><span data-contrast=\"auto\">L\u2019affermarsi di un mercato locale deve concretizzarsi, come dicevamo, in un punto vendita stabile, dove i consumatori riconoscano l\u2019importanza del preferire i prodotti locali da quelli importanti. Questo succeder\u00e1 grazie alle diverse azioni di advocacy, tra le quali, quella di UPCA, l\u2019Unione dei Produttori della Filiera Avicola in Guinea-Bissau, che in questi anni Mani Tese ha contribuito a supportare favorendone lo sviluppo. Si tratta, questo, di un percorso non facile ma necessario per <\/span><b><span data-contrast=\"auto\">intessere un dialogo con le istituzioni per il miglioramento delle condizioni di vita degli avicoltori e degli orticoltori del Paese. <\/span><\/b><span data-contrast=\"auto\">UPCA nello spazio della fiera ha avuto la possibilit\u00e0 di realizzare la sua assemblea annuale. Il morale non \u00e8 altissimo, complice la prossima fine del nostro progetto, ma l\u2019associazione in questi anni \u00e8 cresciuta molto e ci auspichiamo che la suddivisione in varie equipe territoriali le permetta di espandersi in ogni angolo del Paese.<\/span><span data-ccp-props=\"{&quot;201341983&quot;:0,&quot;335559739&quot;:160,&quot;335559740&quot;:259}\">\u00a0<\/span><\/p>\n<p><b><span data-contrast=\"auto\">Fare squadra fra produttori e istituzioni \u00e8 di vitale importanza anche per affrontare la concorrenza dei prodotti importati.<\/span><\/b><span data-contrast=\"auto\"> I polli congelati che arrivano dal Brasile continuano a essere i preferiti dei guineani, a causa del prezzo stracciato al quale vengono venduti, nonostante il lungo viaggio che affrontano. Questo per\u00f2 non \u00e8 certo sinonimo di <\/span><b><span data-contrast=\"auto\">agroecologia<\/span><\/b><span data-contrast=\"auto\">, tema molto caro a Mani Tese.\u00a0<\/span><span data-ccp-props=\"{&quot;201341983&quot;:0,&quot;335559739&quot;:160,&quot;335559740&quot;:259}\">\u00a0<\/span><\/p>\n<p><span data-contrast=\"auto\">In Guinea-Bissau ci sono gi\u00e0 tanti esempi di agroecologia, come tutto ci\u00f2 che \u00e8 legato alla coltura del riso, ma bisogna arrivare a <\/span><b><span data-contrast=\"auto\">diffondere le buone pratiche dell\u2019agroecologia in ogni settore della vita guineense<\/span><\/b><span data-contrast=\"auto\">, a partire dall\u2019eliminazione totale dei pesticidi chimici, per preferire l\u2019ampia variet\u00e0 dei biopesticidi e biofertilizzanti, altro argomento di cui si \u00e8 parlato molto durante la fiera.<\/span><span data-ccp-props=\"{&quot;201341983&quot;:0,&quot;335559739&quot;:160,&quot;335559740&quot;:259}\">\u00a0<\/span><\/p>\n<p><img fetchpriority=\"high\" decoding=\"async\" class=\"alignnone size-medium wp-image-192509\" src=\"https:\/\/manitese.it\/wp-content\/uploads\/2024\/01\/WhatsApp-Image-2023-12-21-at-12-40-52-300x200.jpeg\" alt=\"\" width=\"300\" height=\"200\" srcset=\"https:\/\/www.manitese.it\/wp-content\/uploads\/2024\/01\/WhatsApp-Image-2023-12-21-at-12-40-52-300x200.jpeg 300w, https:\/\/www.manitese.it\/wp-content\/uploads\/2024\/01\/WhatsApp-Image-2023-12-21-at-12-40-52-768x512.jpeg 768w, https:\/\/www.manitese.it\/wp-content\/uploads\/2024\/01\/WhatsApp-Image-2023-12-21-at-12-40-52-1024x682.jpeg 1024w, https:\/\/www.manitese.it\/wp-content\/uploads\/2024\/01\/WhatsApp-Image-2023-12-21-at-12-40-52-1536x1023.jpeg 1536w, https:\/\/www.manitese.it\/wp-content\/uploads\/2024\/01\/WhatsApp-Image-2023-12-21-at-12-40-52.jpeg 1600w, https:\/\/www.manitese.it\/wp-content\/uploads\/2024\/01\/WhatsApp-Image-2023-12-21-at-12-40-52-400x267.jpeg 400w, https:\/\/www.manitese.it\/wp-content\/uploads\/2024\/01\/WhatsApp-Image-2023-12-21-at-12-40-52-600x400.jpeg 600w\" sizes=\"(max-width: 300px) 100vw, 300px\" \/> <img decoding=\"async\" class=\"alignnone size-medium wp-image-192511\" src=\"https:\/\/manitese.it\/wp-content\/uploads\/2024\/01\/WhatsApp-Image-2023-12-21-at-12-40-52-2-300x200.jpeg\" alt=\"\" width=\"300\" height=\"200\" srcset=\"https:\/\/www.manitese.it\/wp-content\/uploads\/2024\/01\/WhatsApp-Image-2023-12-21-at-12-40-52-2-300x200.jpeg 300w, https:\/\/www.manitese.it\/wp-content\/uploads\/2024\/01\/WhatsApp-Image-2023-12-21-at-12-40-52-2-768x512.jpeg 768w, https:\/\/www.manitese.it\/wp-content\/uploads\/2024\/01\/WhatsApp-Image-2023-12-21-at-12-40-52-2-1024x682.jpeg 1024w, https:\/\/www.manitese.it\/wp-content\/uploads\/2024\/01\/WhatsApp-Image-2023-12-21-at-12-40-52-2-1536x1023.jpeg 1536w, https:\/\/www.manitese.it\/wp-content\/uploads\/2024\/01\/WhatsApp-Image-2023-12-21-at-12-40-52-2.jpeg 1600w, https:\/\/www.manitese.it\/wp-content\/uploads\/2024\/01\/WhatsApp-Image-2023-12-21-at-12-40-52-2-400x267.jpeg 400w, https:\/\/www.manitese.it\/wp-content\/uploads\/2024\/01\/WhatsApp-Image-2023-12-21-at-12-40-52-2-600x400.jpeg 600w\" sizes=\"(max-width: 300px) 100vw, 300px\" \/> <img decoding=\"async\" class=\"alignnone size-medium wp-image-192513\" src=\"https:\/\/manitese.it\/wp-content\/uploads\/2024\/01\/WhatsApp-Image-2023-12-21-at-12-40-51-300x200.jpeg\" alt=\"\" width=\"300\" height=\"200\" srcset=\"https:\/\/www.manitese.it\/wp-content\/uploads\/2024\/01\/WhatsApp-Image-2023-12-21-at-12-40-51-300x200.jpeg 300w, https:\/\/www.manitese.it\/wp-content\/uploads\/2024\/01\/WhatsApp-Image-2023-12-21-at-12-40-51-768x512.jpeg 768w, https:\/\/www.manitese.it\/wp-content\/uploads\/2024\/01\/WhatsApp-Image-2023-12-21-at-12-40-51-1024x682.jpeg 1024w, https:\/\/www.manitese.it\/wp-content\/uploads\/2024\/01\/WhatsApp-Image-2023-12-21-at-12-40-51-1536x1023.jpeg 1536w, https:\/\/www.manitese.it\/wp-content\/uploads\/2024\/01\/WhatsApp-Image-2023-12-21-at-12-40-51.jpeg 1600w, https:\/\/www.manitese.it\/wp-content\/uploads\/2024\/01\/WhatsApp-Image-2023-12-21-at-12-40-51-400x267.jpeg 400w, https:\/\/www.manitese.it\/wp-content\/uploads\/2024\/01\/WhatsApp-Image-2023-12-21-at-12-40-51-600x400.jpeg 600w\" sizes=\"(max-width: 300px) 100vw, 300px\" \/> <img loading=\"lazy\" decoding=\"async\" class=\"alignnone size-medium wp-image-192515\" src=\"https:\/\/manitese.it\/wp-content\/uploads\/2024\/01\/WhatsApp-Image-2023-12-21-at-12-40-51-3-300x200.jpeg\" alt=\"\" width=\"300\" height=\"200\" srcset=\"https:\/\/www.manitese.it\/wp-content\/uploads\/2024\/01\/WhatsApp-Image-2023-12-21-at-12-40-51-3-300x200.jpeg 300w, https:\/\/www.manitese.it\/wp-content\/uploads\/2024\/01\/WhatsApp-Image-2023-12-21-at-12-40-51-3-768x512.jpeg 768w, https:\/\/www.manitese.it\/wp-content\/uploads\/2024\/01\/WhatsApp-Image-2023-12-21-at-12-40-51-3-1024x682.jpeg 1024w, https:\/\/www.manitese.it\/wp-content\/uploads\/2024\/01\/WhatsApp-Image-2023-12-21-at-12-40-51-3-1536x1023.jpeg 1536w, https:\/\/www.manitese.it\/wp-content\/uploads\/2024\/01\/WhatsApp-Image-2023-12-21-at-12-40-51-3.jpeg 1600w, https:\/\/www.manitese.it\/wp-content\/uploads\/2024\/01\/WhatsApp-Image-2023-12-21-at-12-40-51-3-400x267.jpeg 400w, https:\/\/www.manitese.it\/wp-content\/uploads\/2024\/01\/WhatsApp-Image-2023-12-21-at-12-40-51-3-600x400.jpeg 600w\" sizes=\"(max-width: 300px) 100vw, 300px\" \/><\/p>\n","protected":false},"excerpt":{"rendered":"<p>Un importante momento di scambio fra i produttori locali per rafforzare la produzione locale agroecologica del Paese.<\/p>\n","protected":false},"author":1,"featured_media":192507,"comment_status":"open","ping_status":"open","sticky":false,"template":"","format":"standard","meta":{"_acf_changed":false,"give_campaign_id":0,"inline_featured_image":false,"_jetpack_memberships_contains_paid_content":false,"footnotes":""},"categories":[1],"tags":[],"thematic_area":[],"class_list":["post-192506","post","type-post","status-publish","format-standard","has-post-thumbnail","hentry","category-news"],"acf":[],"yoast_head":"<!-- This site is optimized with the Yoast SEO plugin v27.5 - https:\/\/yoast.com\/product\/yoast-seo-wordpress\/ -->\n<title>La fiera avicola &amp; agroecologica in Guinea Bissau - Mani Tese<\/title>\n<meta name=\"robots\" content=\"index, follow, max-snippet:-1, max-image-preview:large, max-video-preview:-1\" \/>\n<link rel=\"canonical\" href=\"https:\/\/www.manitese.it\/en\/la-fiera-avicola-agroecologica-in-guinea-bissau\/\" \/>\n<meta property=\"og:locale\" content=\"en_US\" \/>\n<meta property=\"og:type\" content=\"article\" \/>\n<meta property=\"og:title\" content=\"La fiera avicola &amp; agroecologica in Guinea Bissau - Mani Tese\" \/>\n<meta property=\"og:description\" content=\"Un importante momento di scambio fra i produttori locali per rafforzare la produzione locale agroecologica del Paese.\" \/>\n<meta property=\"og:url\" content=\"https:\/\/www.manitese.it\/en\/la-fiera-avicola-agroecologica-in-guinea-bissau\/\" \/>\n<meta property=\"og:site_name\" content=\"Mani Tese\" \/>\n<meta property=\"article:published_time\" content=\"2024-01-22T17:46:37+00:00\" \/>\n<meta property=\"article:modified_time\" content=\"2024-01-26T17:58:21+00:00\" \/>\n<meta property=\"og:image\" content=\"https:\/\/www.manitese.it\/wp-content\/uploads\/2024\/01\/WhatsApp-Image-2023-12-21-at-12-40-50.jpeg\" \/>\n\t<meta property=\"og:image:width\" content=\"1600\" \/>\n\t<meta property=\"og:image:height\" content=\"1066\" \/>\n\t<meta property=\"og:image:type\" content=\"image\/jpeg\" \/>\n<meta name=\"author\" content=\"agevis\" \/>\n<meta name=\"twitter:card\" content=\"summary_large_image\" \/>\n<meta name=\"twitter:label1\" content=\"Written by\" \/>\n\t<meta name=\"twitter:data1\" content=\"agevis\" \/>\n\t<meta name=\"twitter:label2\" content=\"Est. reading time\" \/>\n\t<meta name=\"twitter:data2\" content=\"4 minutes\" \/>\n<script type=\"application\/ld+json\" class=\"yoast-schema-graph\">{\"@context\":\"https:\\\/\\\/schema.org\",\"@graph\":[{\"@type\":\"Article\",\"@id\":\"https:\\\/\\\/www.manitese.it\\\/en\\\/la-fiera-avicola-agroecologica-in-guinea-bissau\\\/#article\",\"isPartOf\":{\"@id\":\"https:\\\/\\\/www.manitese.it\\\/en\\\/la-fiera-avicola-agroecologica-in-guinea-bissau\\\/\"},\"author\":{\"name\":\"agevis\",\"@id\":\"https:\\\/\\\/www.manitese.it\\\/en\\\/#\\\/schema\\\/person\\\/5a9774f17e4940e2510bfeba90f04f65\"},\"headline\":\"La fiera avicola &#038; agroecologica in Guinea Bissau\",\"datePublished\":\"2024-01-22T17:46:37+00:00\",\"dateModified\":\"2024-01-26T17:58:21+00:00\",\"mainEntityOfPage\":{\"@id\":\"https:\\\/\\\/www.manitese.it\\\/en\\\/la-fiera-avicola-agroecologica-in-guinea-bissau\\\/\"},\"wordCount\":506,\"commentCount\":0,\"image\":{\"@id\":\"https:\\\/\\\/www.manitese.it\\\/en\\\/la-fiera-avicola-agroecologica-in-guinea-bissau\\\/#primaryimage\"},\"thumbnailUrl\":\"https:\\\/\\\/www.manitese.it\\\/wp-content\\\/uploads\\\/2024\\\/01\\\/WhatsApp-Image-2023-12-21-at-12-40-50.jpeg\",\"articleSection\":[\"News\"],\"inLanguage\":\"en-US\",\"potentialAction\":[{\"@type\":\"CommentAction\",\"name\":\"Comment\",\"target\":[\"https:\\\/\\\/www.manitese.it\\\/en\\\/la-fiera-avicola-agroecologica-in-guinea-bissau\\\/#respond\"]}]},{\"@type\":\"WebPage\",\"@id\":\"https:\\\/\\\/www.manitese.it\\\/en\\\/la-fiera-avicola-agroecologica-in-guinea-bissau\\\/\",\"url\":\"https:\\\/\\\/www.manitese.it\\\/en\\\/la-fiera-avicola-agroecologica-in-guinea-bissau\\\/\",\"name\":\"La fiera avicola & agroecologica in Guinea Bissau - Mani Tese\",\"isPartOf\":{\"@id\":\"https:\\\/\\\/www.manitese.it\\\/en\\\/#website\"},\"primaryImageOfPage\":{\"@id\":\"https:\\\/\\\/www.manitese.it\\\/en\\\/la-fiera-avicola-agroecologica-in-guinea-bissau\\\/#primaryimage\"},\"image\":{\"@id\":\"https:\\\/\\\/www.manitese.it\\\/en\\\/la-fiera-avicola-agroecologica-in-guinea-bissau\\\/#primaryimage\"},\"thumbnailUrl\":\"https:\\\/\\\/www.manitese.it\\\/wp-content\\\/uploads\\\/2024\\\/01\\\/WhatsApp-Image-2023-12-21-at-12-40-50.jpeg\",\"datePublished\":\"2024-01-22T17:46:37+00:00\",\"dateModified\":\"2024-01-26T17:58:21+00:00\",\"author\":{\"@id\":\"https:\\\/\\\/www.manitese.it\\\/en\\\/#\\\/schema\\\/person\\\/5a9774f17e4940e2510bfeba90f04f65\"},\"breadcrumb\":{\"@id\":\"https:\\\/\\\/www.manitese.it\\\/en\\\/la-fiera-avicola-agroecologica-in-guinea-bissau\\\/#breadcrumb\"},\"inLanguage\":\"en-US\",\"potentialAction\":[{\"@type\":\"ReadAction\",\"target\":[\"https:\\\/\\\/www.manitese.it\\\/en\\\/la-fiera-avicola-agroecologica-in-guinea-bissau\\\/\"]}]},{\"@type\":\"ImageObject\",\"inLanguage\":\"en-US\",\"@id\":\"https:\\\/\\\/www.manitese.it\\\/en\\\/la-fiera-avicola-agroecologica-in-guinea-bissau\\\/#primaryimage\",\"url\":\"https:\\\/\\\/www.manitese.it\\\/wp-content\\\/uploads\\\/2024\\\/01\\\/WhatsApp-Image-2023-12-21-at-12-40-50.jpeg\",\"contentUrl\":\"https:\\\/\\\/www.manitese.it\\\/wp-content\\\/uploads\\\/2024\\\/01\\\/WhatsApp-Image-2023-12-21-at-12-40-50.jpeg\",\"width\":1600,\"height\":1066},{\"@type\":\"BreadcrumbList\",\"@id\":\"https:\\\/\\\/www.manitese.it\\\/en\\\/la-fiera-avicola-agroecologica-in-guinea-bissau\\\/#breadcrumb\",\"itemListElement\":[{\"@type\":\"ListItem\",\"position\":1,\"name\":\"Home\",\"item\":\"https:\\\/\\\/www.manitese.it\\\/en\\\/\"},{\"@type\":\"ListItem\",\"position\":2,\"name\":\"La fiera avicola &#038; agroecologica in Guinea Bissau\"}]},{\"@type\":\"WebSite\",\"@id\":\"https:\\\/\\\/www.manitese.it\\\/en\\\/#website\",\"url\":\"https:\\\/\\\/www.manitese.it\\\/en\\\/\",\"name\":\"Mani Tese\",\"description\":\"\",\"potentialAction\":[{\"@type\":\"SearchAction\",\"target\":{\"@type\":\"EntryPoint\",\"urlTemplate\":\"https:\\\/\\\/www.manitese.it\\\/en\\\/?s={search_term_string}\"},\"query-input\":{\"@type\":\"PropertyValueSpecification\",\"valueRequired\":true,\"valueName\":\"search_term_string\"}}],\"inLanguage\":\"en-US\"},{\"@type\":\"Person\",\"@id\":\"https:\\\/\\\/www.manitese.it\\\/en\\\/#\\\/schema\\\/person\\\/5a9774f17e4940e2510bfeba90f04f65\",\"name\":\"agevis\",\"image\":{\"@type\":\"ImageObject\",\"inLanguage\":\"en-US\",\"@id\":\"https:\\\/\\\/secure.gravatar.com\\\/avatar\\\/2dc96c93fcf3387a5922a93b50fb3bff01d4800590fb6a4ab91a034adb25ba17?s=96&d=mm&r=g\",\"url\":\"https:\\\/\\\/secure.gravatar.com\\\/avatar\\\/2dc96c93fcf3387a5922a93b50fb3bff01d4800590fb6a4ab91a034adb25ba17?s=96&d=mm&r=g\",\"contentUrl\":\"https:\\\/\\\/secure.gravatar.com\\\/avatar\\\/2dc96c93fcf3387a5922a93b50fb3bff01d4800590fb6a4ab91a034adb25ba17?s=96&d=mm&r=g\",\"caption\":\"agevis\"},\"url\":\"https:\\\/\\\/www.manitese.it\\\/en\\\/author\\\/wp_agevis_admin\\\/\"}]}<\/script>\n<!-- \/ Yoast SEO plugin. -->","yoast_head_json":{"title":"La fiera avicola & agroecologica in Guinea Bissau - Mani Tese","robots":{"index":"index","follow":"follow","max-snippet":"max-snippet:-1","max-image-preview":"max-image-preview:large","max-video-preview":"max-video-preview:-1"},"canonical":"https:\/\/www.manitese.it\/en\/la-fiera-avicola-agroecologica-in-guinea-bissau\/","og_locale":"en_US","og_type":"article","og_title":"La fiera avicola & agroecologica in Guinea Bissau - Mani Tese","og_description":"Un importante momento di scambio fra i produttori locali per rafforzare la produzione locale agroecologica del Paese.","og_url":"https:\/\/www.manitese.it\/en\/la-fiera-avicola-agroecologica-in-guinea-bissau\/","og_site_name":"Mani Tese","article_published_time":"2024-01-22T17:46:37+00:00","article_modified_time":"2024-01-26T17:58:21+00:00","og_image":[{"width":1600,"height":1066,"url":"https:\/\/www.manitese.it\/wp-content\/uploads\/2024\/01\/WhatsApp-Image-2023-12-21-at-12-40-50.jpeg","type":"image\/jpeg"}],"author":"agevis","twitter_card":"summary_large_image","twitter_misc":{"Written by":"agevis","Est. reading time":"4 minutes"},"schema":{"@context":"https:\/\/schema.org","@graph":[{"@type":"Article","@id":"https:\/\/www.manitese.it\/en\/la-fiera-avicola-agroecologica-in-guinea-bissau\/#article","isPartOf":{"@id":"https:\/\/www.manitese.it\/en\/la-fiera-avicola-agroecologica-in-guinea-bissau\/"},"author":{"name":"agevis","@id":"https:\/\/www.manitese.it\/en\/#\/schema\/person\/5a9774f17e4940e2510bfeba90f04f65"},"headline":"La fiera avicola &#038; agroecologica in Guinea Bissau","datePublished":"2024-01-22T17:46:37+00:00","dateModified":"2024-01-26T17:58:21+00:00","mainEntityOfPage":{"@id":"https:\/\/www.manitese.it\/en\/la-fiera-avicola-agroecologica-in-guinea-bissau\/"},"wordCount":506,"commentCount":0,"image":{"@id":"https:\/\/www.manitese.it\/en\/la-fiera-avicola-agroecologica-in-guinea-bissau\/#primaryimage"},"thumbnailUrl":"https:\/\/www.manitese.it\/wp-content\/uploads\/2024\/01\/WhatsApp-Image-2023-12-21-at-12-40-50.jpeg","articleSection":["News"],"inLanguage":"en-US","potentialAction":[{"@type":"CommentAction","name":"Comment","target":["https:\/\/www.manitese.it\/en\/la-fiera-avicola-agroecologica-in-guinea-bissau\/#respond"]}]},{"@type":"WebPage","@id":"https:\/\/www.manitese.it\/en\/la-fiera-avicola-agroecologica-in-guinea-bissau\/","url":"https:\/\/www.manitese.it\/en\/la-fiera-avicola-agroecologica-in-guinea-bissau\/","name":"La fiera avicola & agroecologica in Guinea Bissau - Mani Tese","isPartOf":{"@id":"https:\/\/www.manitese.it\/en\/#website"},"primaryImageOfPage":{"@id":"https:\/\/www.manitese.it\/en\/la-fiera-avicola-agroecologica-in-guinea-bissau\/#primaryimage"},"image":{"@id":"https:\/\/www.manitese.it\/en\/la-fiera-avicola-agroecologica-in-guinea-bissau\/#primaryimage"},"thumbnailUrl":"https:\/\/www.manitese.it\/wp-content\/uploads\/2024\/01\/WhatsApp-Image-2023-12-21-at-12-40-50.jpeg","datePublished":"2024-01-22T17:46:37+00:00","dateModified":"2024-01-26T17:58:21+00:00","author":{"@id":"https:\/\/www.manitese.it\/en\/#\/schema\/person\/5a9774f17e4940e2510bfeba90f04f65"},"breadcrumb":{"@id":"https:\/\/www.manitese.it\/en\/la-fiera-avicola-agroecologica-in-guinea-bissau\/#breadcrumb"},"inLanguage":"en-US","potentialAction":[{"@type":"ReadAction","target":["https:\/\/www.manitese.it\/en\/la-fiera-avicola-agroecologica-in-guinea-bissau\/"]}]},{"@type":"ImageObject","inLanguage":"en-US","@id":"https:\/\/www.manitese.it\/en\/la-fiera-avicola-agroecologica-in-guinea-bissau\/#primaryimage","url":"https:\/\/www.manitese.it\/wp-content\/uploads\/2024\/01\/WhatsApp-Image-2023-12-21-at-12-40-50.jpeg","contentUrl":"https:\/\/www.manitese.it\/wp-content\/uploads\/2024\/01\/WhatsApp-Image-2023-12-21-at-12-40-50.jpeg","width":1600,"height":1066},{"@type":"BreadcrumbList","@id":"https:\/\/www.manitese.it\/en\/la-fiera-avicola-agroecologica-in-guinea-bissau\/#breadcrumb","itemListElement":[{"@type":"ListItem","position":1,"name":"Home","item":"https:\/\/www.manitese.it\/en\/"},{"@type":"ListItem","position":2,"name":"La fiera avicola &#038; agroecologica in Guinea Bissau"}]},{"@type":"WebSite","@id":"https:\/\/www.manitese.it\/en\/#website","url":"https:\/\/www.manitese.it\/en\/","name":"Mani Tese","description":"","potentialAction":[{"@type":"SearchAction","target":{"@type":"EntryPoint","urlTemplate":"https:\/\/www.manitese.it\/en\/?s={search_term_string}"},"query-input":{"@type":"PropertyValueSpecification","valueRequired":true,"valueName":"search_term_string"}}],"inLanguage":"en-US"},{"@type":"Person","@id":"https:\/\/www.manitese.it\/en\/#\/schema\/person\/5a9774f17e4940e2510bfeba90f04f65","name":"agevis","image":{"@type":"ImageObject","inLanguage":"en-US","@id":"https:\/\/secure.gravatar.com\/avatar\/2dc96c93fcf3387a5922a93b50fb3bff01d4800590fb6a4ab91a034adb25ba17?s=96&d=mm&r=g","url":"https:\/\/secure.gravatar.com\/avatar\/2dc96c93fcf3387a5922a93b50fb3bff01d4800590fb6a4ab91a034adb25ba17?s=96&d=mm&r=g","contentUrl":"https:\/\/secure.gravatar.com\/avatar\/2dc96c93fcf3387a5922a93b50fb3bff01d4800590fb6a4ab91a034adb25ba17?s=96&d=mm&r=g","caption":"agevis"},"url":"https:\/\/www.manitese.it\/en\/author\/wp_agevis_admin\/"}]}},"jetpack_featured_media_url":"https:\/\/www.manitese.it\/wp-content\/uploads\/2024\/01\/WhatsApp-Image-2023-12-21-at-12-40-50.jpeg","jetpack_sharing_enabled":true,"_links":{"self":[{"href":"https:\/\/www.manitese.it\/en\/wp-json\/wp\/v2\/posts\/192506","targetHints":{"allow":["GET"]}}],"collection":[{"href":"https:\/\/www.manitese.it\/en\/wp-json\/wp\/v2\/posts"}],"about":[{"href":"https:\/\/www.manitese.it\/en\/wp-json\/wp\/v2\/types\/post"}],"author":[{"embeddable":true,"href":"https:\/\/www.manitese.it\/en\/wp-json\/wp\/v2\/users\/1"}],"replies":[{"embeddable":true,"href":"https:\/\/www.manitese.it\/en\/wp-json\/wp\/v2\/comments?post=192506"}],"version-history":[{"count":1,"href":"https:\/\/www.manitese.it\/en\/wp-json\/wp\/v2\/posts\/192506\/revisions"}],"predecessor-version":[{"id":192517,"href":"https:\/\/www.manitese.it\/en\/wp-json\/wp\/v2\/posts\/192506\/revisions\/192517"}],"wp:featuredmedia":[{"embeddable":true,"href":"https:\/\/www.manitese.it\/en\/wp-json\/wp\/v2\/media\/192507"}],"wp:attachment":[{"href":"https:\/\/www.manitese.it\/en\/wp-json\/wp\/v2\/media?parent=192506"}],"wp:term":[{"taxonomy":"category","embeddable":true,"href":"https:\/\/www.manitese.it\/en\/wp-json\/wp\/v2\/categories?post=192506"},{"taxonomy":"post_tag","embeddable":true,"href":"https:\/\/www.manitese.it\/en\/wp-json\/wp\/v2\/tags?post=192506"},{"taxonomy":"thematic_area","embeddable":true,"href":"https:\/\/www.manitese.it\/en\/wp-json\/wp\/v2\/thematic_area?post=192506"}],"curies":[{"name":"wp","href":"https:\/\/api.w.org\/{rel}","templated":true}]}}