{"id":192476,"date":"2024-01-08T17:57:59","date_gmt":"2024-01-08T16:57:59","guid":{"rendered":"https:\/\/manitese.it\/?p=192476"},"modified":"2024-01-26T18:01:24","modified_gmt":"2024-01-26T17:01:24","slug":"tutte-in-fiera-per-le-giornate-agro-alimentari","status":"publish","type":"post","link":"https:\/\/www.manitese.it\/en\/tutte-in-fiera-per-le-giornate-agro-alimentari\/","title":{"rendered":"Tutte in fiera per le giornate agro-alimentari!"},"content":{"rendered":"<p><span data-contrast=\"auto\">Dal 28 al 3 dicembre si \u00e8 svolta in Burkina Faso, a Ouagadougou, la <\/span><b><span data-contrast=\"auto\">Fiera JAAL<\/span><\/b><span data-contrast=\"auto\">, ovvero <\/span><b><span data-contrast=\"auto\">la fiera delle Giornate Agro-<\/span><\/b><b><span data-contrast=\"auto\">alimentari<\/span><\/b><span data-contrast=\"auto\">, che ha l\u2019obiettivo di sensibilizzare al consumo dei prodotti del Paese contribuendo allo sviluppo di un\u2019alimentazione sana e di qualit\u00e0.<\/span><span data-ccp-props=\"{&quot;201341983&quot;:0,&quot;335551550&quot;:6,&quot;335551620&quot;:6,&quot;335559739&quot;:160,&quot;335559740&quot;:259}\">\u00a0<\/span><\/p>\n<p><span data-contrast=\"auto\">Le donne <\/span><b><span data-contrast=\"auto\">dell\u2019Associazione delle sorelle <\/span><\/b><b><span data-contrast=\"auto\">Burkinab\u00e9<\/span><\/b><b><span data-contrast=\"auto\"> di <\/span><\/b><b><span data-contrast=\"auto\">Poedogo<\/span><\/b><span data-contrast=\"auto\">, sostenute dal nostro progetto \u201c<\/span><b><span data-contrast=\"auto\">TRASFORMIAMO! Sviluppo di attivit\u00e0 di trasformazione alimentare e promozione del cibo locale nel comune di <\/span><\/b><b><span data-contrast=\"auto\">Koubr<\/span><\/b><b><span data-contrast=\"auto\">i<\/span><\/b><b><span data-contrast=\"auto\"> in Burkina Faso<\/span><\/b><span data-contrast=\"auto\">\u201d, cofinanziato dalla Regione Emilia-Romagna, <\/span><b><span data-contrast=\"auto\">vi hanno partecipato <\/span><\/b><b><span data-contrast=\"auto\">per la prima volta, <\/span><\/b><b><span data-contrast=\"auto\">mettendo in mostra i loro prodotti<\/span><\/b><span data-contrast=\"auto\">. Per diverse di loro si \u00e8 trattato anche della prima volta nella capitale. Per tutte \u00e8 stata la prima partecipazione a una fiera di portata nazionale.<\/span><span data-ccp-props=\"{&quot;201341983&quot;:0,&quot;335551550&quot;:6,&quot;335551620&quot;:6,&quot;335559739&quot;:160,&quot;335559740&quot;:259}\">\u00a0<\/span><\/p>\n<p><span data-contrast=\"auto\">La fiera, organizzata da <\/span><b><span data-contrast=\"auto\">FIAB, la Federazione dell\u2019industria Agro-Alimentare del Burkina<\/span><\/b><b><span data-contrast=\"auto\"> Faso<\/span><\/b><span data-contrast=\"auto\">, si \u00e8 tenuta presso il Salone Internazionale dell\u2019Artigianato di Ouagadougou e ha ospitato circa <\/span><b><span data-contrast=\"auto\">un centinaio di stand di produttori <\/span><\/b><b><span data-contrast=\"auto\">Burkinab\u00e9<\/span><\/b><b><span data-contrast=\"auto\"> attivi nel settore. <\/span><\/b><span data-contrast=\"auto\">Dopo una prima giornata d\u2019inaugurazione, si \u00e8 aperto il mercato e lo scambio tra partecipanti e visitatori.<\/span><span data-ccp-props=\"{&quot;201341983&quot;:0,&quot;335551550&quot;:6,&quot;335551620&quot;:6,&quot;335559739&quot;:160,&quot;335559740&quot;:259}\">\u00a0<\/span><\/p>\n<p><b><span data-contrast=\"auto\">Le donne dell\u2019Associazione delle Sorelle <\/span><\/b><b><span data-contrast=\"auto\">Burkinab\u00e9<\/span><\/b><b><span data-contrast=\"auto\"> di <\/span><\/b><b><span data-contrast=\"auto\">Poedogo<\/span><\/b><b><span data-contrast=\"auto\">, sostenute dal progetto <\/span><\/b><b><span data-contrast=\"auto\">TRASFORMIAMO!<\/span><\/b> <b><span data-contrast=\"auto\">erano presenti con il loro stand <\/span><\/b><b><span data-contrast=\"auto\">variopinto<\/span><\/b><b><span data-contrast=\"auto\">,<\/span><\/b><b><span data-contrast=\"auto\"> dove hanno <\/span><\/b><b><span data-contrast=\"auto\">potuto mettere in mostra e vendere, in particolare,<\/span><\/b> <b><span data-contrast=\"auto\">la pasta <\/span><\/b><b><span data-contrast=\"auto\">d\u2019arachidi e il <\/span><\/b><b><span data-contrast=\"auto\">soumbala<\/span><\/b><span data-contrast=\"auto\">. Con il progetto, infatti, le donne sono state accompagnate nell\u2019apprendimento del processo di trasformazione dell\u2019arachide in pasta e del soumbala da grano a farina. L\u2019obiettivo era quello di <\/span><b><span data-contrast=\"auto\">potenziare queste filiere<\/span><\/b><span data-contrast=\"auto\"> migliorando la tecnica di trasformazione e facilitandone la produzione. <\/span><span data-contrast=\"auto\">P<\/span><span data-contrast=\"auto\">er questo<\/span><span data-contrast=\"auto\">,<\/span><span data-contrast=\"auto\"> grazie al progetto<\/span><span data-contrast=\"auto\">,<\/span><b><span data-contrast=\"auto\"> sono stati donati all\u2019Associazione un mulino a energia solare, un torrefattore e una tostatrice<\/span><\/b><span data-contrast=\"auto\">, che velocizzano la trasformazione dell\u2019arachide in pasta pronta per l\u2019uso, e il materiale necessario per cuocere e trasformare i grani di ner\u00e9 in soumbala.<\/span><span data-ccp-props=\"{&quot;201341983&quot;:0,&quot;335551550&quot;:6,&quot;335551620&quot;:6,&quot;335559739&quot;:160,&quot;335559740&quot;:259}\">\u00a0<\/span><\/p>\n<p><i><span data-contrast=\"auto\">\u201cSono molto contenta<\/span><\/i><span data-contrast=\"auto\">&#8211; racconta <\/span><b><span data-contrast=\"auto\">Eveline<\/span><\/b><b><span data-contrast=\"auto\">, <\/span><\/b><b><span data-contrast=\"auto\">P<\/span><\/b><b><span data-contrast=\"auto\">residente<\/span><\/b><b><span data-contrast=\"auto\"> dell\u2019Associazione<\/span><\/b><span data-contrast=\"auto\"> &#8211; <\/span><i><span data-contrast=\"auto\">la fiera mi \u00e8 piaciuta molto perch\u00e9 mi ha permesso, cos\u00ec come alle altre donne del gruppo, di conoscere qualcosa <\/span><\/i><i><span data-contrast=\"auto\">di <\/span><\/i><i><span data-contrast=\"auto\">nuovo, incontrare<\/span><\/i><i><span data-contrast=\"auto\"> persone nuove e <\/span><\/i><i><span data-contrast=\"auto\">sviluppare<\/span><\/i><i><span data-contrast=\"auto\"> contatti utili che potranno aiutarci a migliorare anche il nostro lavoro nel perimetro e nel centro di trasformazione\u201d.<\/span><\/i><span data-ccp-props=\"{&quot;201341983&quot;:0,&quot;335551550&quot;:6,&quot;335551620&quot;:6,&quot;335559739&quot;:160,&quot;335559740&quot;:259}\">\u00a0<\/span><\/p>\n<p><span data-ccp-props=\"{&quot;201341983&quot;:0,&quot;335551550&quot;:6,&quot;335551620&quot;:6,&quot;335559739&quot;:160,&quot;335559740&quot;:259}\">\u00a0<\/span><\/p>\n<p><span data-contrast=\"auto\">Nel corso dell\u2019anno <\/span><b><span data-contrast=\"auto\">le donne dell\u2019Associazione delle sorelle <\/span><\/b><b><span data-contrast=\"auto\">Burkinab\u00e9<\/span><\/b><b><span data-contrast=\"auto\"> di <\/span><\/b><b><span data-contrast=\"auto\">Poedogo<\/span><\/b><b><span data-contrast=\"auto\"> si sono date parecchio da fare per cercare di migliorare la produzione e arrivare a trasformare i loro prodotti <\/span><\/b><b><span data-contrast=\"auto\">agroecologici<\/span><\/b><span data-contrast=\"auto\"> e la fiera ha permesso loro di conoscere meglio il mercato e la concorrenza.\u00a0<\/span><span data-ccp-props=\"{&quot;201341983&quot;:0,&quot;335551550&quot;:6,&quot;335551620&quot;:6,&quot;335559739&quot;:160,&quot;335559740&quot;:259}\">\u00a0<\/span><\/p>\n<p><span data-contrast=\"auto\">\u201c<\/span><i><span data-contrast=\"auto\">Abbiamo venduto la pasta d\u2019arachide e la farina di soumbala, insieme anche ad altri frutti della nostra produzione agroecologica come i fagioli secchi, la farina di baobab, le foglie secche di melanzana locale e la farina di fagioli<\/span><\/i><span data-contrast=\"auto\"> &#8211; racconta <\/span><b><span data-contrast=\"auto\">Mariam<\/span><\/b><b><span data-contrast=\"auto\">, che, dal villaggio di Poedogo,<\/span><\/b><b><span data-contrast=\"auto\"> per la prima volta \u00e8 venuta <\/span><\/b><b><span data-contrast=\"auto\">nella<\/span><\/b><b><span data-contrast=\"auto\"> capitale <\/span><\/b><span data-contrast=\"auto\">&#8211; <\/span><i><span data-contrast=\"auto\">La fiera \u00e8 stata bella<\/span><\/i><i><span data-contrast=\"auto\">. Ho imparato tante cose e adesso ho voglia di impegnarmi ancora pi\u00f9 a fondo nel lavoro con l\u2019associazione\u201d.<\/span><\/i><span data-ccp-props=\"{&quot;201341983&quot;:0,&quot;335551550&quot;:6,&quot;335551620&quot;:6,&quot;335559739&quot;:160,&quot;335559740&quot;:259}\">\u00a0<\/span><\/p>\n<p><img fetchpriority=\"high\" decoding=\"async\" class=\"alignnone size-medium wp-image-192479\" src=\"https:\/\/manitese.it\/wp-content\/uploads\/2024\/01\/20231128_132924-300x207-1.jpg\" alt=\"\" width=\"300\" height=\"207\" \/> <img decoding=\"async\" class=\"alignnone size-medium wp-image-192481\" src=\"https:\/\/manitese.it\/wp-content\/uploads\/2024\/01\/IMG-20231121-WA0023-225x300-1.jpg\" alt=\"\" width=\"225\" height=\"300\" \/><\/p>\n","protected":false},"excerpt":{"rendered":"<p>L\u2019associazione delle Sorelle Burkinab\u00e9 di Poedogo, sostenute dal nostro progetto \u201cTRASFORMIAMO!\u201d in Burkina Faso, per la prima volta ha esposto i propri prodotti a una fiera nazionale.<\/p>\n","protected":false},"author":1,"featured_media":192477,"comment_status":"open","ping_status":"open","sticky":false,"template":"","format":"standard","meta":{"_acf_changed":false,"give_campaign_id":0,"inline_featured_image":false,"_jetpack_memberships_contains_paid_content":false,"footnotes":""},"categories":[1],"tags":[],"thematic_area":[],"class_list":["post-192476","post","type-post","status-publish","format-standard","has-post-thumbnail","hentry","category-news"],"acf":[],"yoast_head":"<!-- This site is optimized with the Yoast SEO plugin v27.5 - https:\/\/yoast.com\/product\/yoast-seo-wordpress\/ -->\n<title>Tutte in fiera per le giornate agro-alimentari! - Mani Tese<\/title>\n<meta name=\"robots\" content=\"index, follow, max-snippet:-1, max-image-preview:large, max-video-preview:-1\" \/>\n<link rel=\"canonical\" href=\"https:\/\/www.manitese.it\/en\/tutte-in-fiera-per-le-giornate-agro-alimentari\/\" \/>\n<meta property=\"og:locale\" content=\"en_US\" \/>\n<meta property=\"og:type\" content=\"article\" \/>\n<meta property=\"og:title\" content=\"Tutte in fiera per le giornate agro-alimentari! - Mani Tese\" \/>\n<meta property=\"og:description\" content=\"L\u2019associazione delle Sorelle Burkinab\u00e9 di Poedogo, sostenute dal nostro progetto \u201cTRASFORMIAMO!\u201d in Burkina Faso, per la prima volta ha esposto i propri prodotti a una fiera nazionale.\" \/>\n<meta property=\"og:url\" content=\"https:\/\/www.manitese.it\/en\/tutte-in-fiera-per-le-giornate-agro-alimentari\/\" \/>\n<meta property=\"og:site_name\" content=\"Mani Tese\" \/>\n<meta property=\"article:published_time\" content=\"2024-01-08T16:57:59+00:00\" \/>\n<meta property=\"article:modified_time\" content=\"2024-01-26T17:01:24+00:00\" \/>\n<meta property=\"og:image\" content=\"https:\/\/www.manitese.it\/wp-content\/uploads\/2024\/01\/20231127_121634-scaled-1.jpg\" \/>\n\t<meta property=\"og:image:width\" content=\"2560\" \/>\n\t<meta property=\"og:image:height\" content=\"1183\" \/>\n\t<meta property=\"og:image:type\" content=\"image\/jpeg\" \/>\n<meta name=\"author\" content=\"agevis\" \/>\n<meta name=\"twitter:card\" content=\"summary_large_image\" \/>\n<meta name=\"twitter:label1\" content=\"Written by\" \/>\n\t<meta name=\"twitter:data1\" content=\"agevis\" \/>\n\t<meta name=\"twitter:label2\" content=\"Est. reading time\" \/>\n\t<meta name=\"twitter:data2\" content=\"3 minutes\" \/>\n<script type=\"application\/ld+json\" class=\"yoast-schema-graph\">{\"@context\":\"https:\\\/\\\/schema.org\",\"@graph\":[{\"@type\":\"Article\",\"@id\":\"https:\\\/\\\/www.manitese.it\\\/en\\\/tutte-in-fiera-per-le-giornate-agro-alimentari\\\/#article\",\"isPartOf\":{\"@id\":\"https:\\\/\\\/www.manitese.it\\\/en\\\/tutte-in-fiera-per-le-giornate-agro-alimentari\\\/\"},\"author\":{\"name\":\"agevis\",\"@id\":\"https:\\\/\\\/www.manitese.it\\\/en\\\/#\\\/schema\\\/person\\\/5a9774f17e4940e2510bfeba90f04f65\"},\"headline\":\"Tutte in fiera per le giornate agro-alimentari!\",\"datePublished\":\"2024-01-08T16:57:59+00:00\",\"dateModified\":\"2024-01-26T17:01:24+00:00\",\"mainEntityOfPage\":{\"@id\":\"https:\\\/\\\/www.manitese.it\\\/en\\\/tutte-in-fiera-per-le-giornate-agro-alimentari\\\/\"},\"wordCount\":484,\"commentCount\":0,\"image\":{\"@id\":\"https:\\\/\\\/www.manitese.it\\\/en\\\/tutte-in-fiera-per-le-giornate-agro-alimentari\\\/#primaryimage\"},\"thumbnailUrl\":\"https:\\\/\\\/www.manitese.it\\\/wp-content\\\/uploads\\\/2024\\\/01\\\/20231127_121634-scaled-1.jpg\",\"articleSection\":[\"News\"],\"inLanguage\":\"en-US\",\"potentialAction\":[{\"@type\":\"CommentAction\",\"name\":\"Comment\",\"target\":[\"https:\\\/\\\/www.manitese.it\\\/en\\\/tutte-in-fiera-per-le-giornate-agro-alimentari\\\/#respond\"]}]},{\"@type\":\"WebPage\",\"@id\":\"https:\\\/\\\/www.manitese.it\\\/en\\\/tutte-in-fiera-per-le-giornate-agro-alimentari\\\/\",\"url\":\"https:\\\/\\\/www.manitese.it\\\/en\\\/tutte-in-fiera-per-le-giornate-agro-alimentari\\\/\",\"name\":\"Tutte in fiera per le giornate agro-alimentari! - Mani Tese\",\"isPartOf\":{\"@id\":\"https:\\\/\\\/www.manitese.it\\\/en\\\/#website\"},\"primaryImageOfPage\":{\"@id\":\"https:\\\/\\\/www.manitese.it\\\/en\\\/tutte-in-fiera-per-le-giornate-agro-alimentari\\\/#primaryimage\"},\"image\":{\"@id\":\"https:\\\/\\\/www.manitese.it\\\/en\\\/tutte-in-fiera-per-le-giornate-agro-alimentari\\\/#primaryimage\"},\"thumbnailUrl\":\"https:\\\/\\\/www.manitese.it\\\/wp-content\\\/uploads\\\/2024\\\/01\\\/20231127_121634-scaled-1.jpg\",\"datePublished\":\"2024-01-08T16:57:59+00:00\",\"dateModified\":\"2024-01-26T17:01:24+00:00\",\"author\":{\"@id\":\"https:\\\/\\\/www.manitese.it\\\/en\\\/#\\\/schema\\\/person\\\/5a9774f17e4940e2510bfeba90f04f65\"},\"breadcrumb\":{\"@id\":\"https:\\\/\\\/www.manitese.it\\\/en\\\/tutte-in-fiera-per-le-giornate-agro-alimentari\\\/#breadcrumb\"},\"inLanguage\":\"en-US\",\"potentialAction\":[{\"@type\":\"ReadAction\",\"target\":[\"https:\\\/\\\/www.manitese.it\\\/en\\\/tutte-in-fiera-per-le-giornate-agro-alimentari\\\/\"]}]},{\"@type\":\"ImageObject\",\"inLanguage\":\"en-US\",\"@id\":\"https:\\\/\\\/www.manitese.it\\\/en\\\/tutte-in-fiera-per-le-giornate-agro-alimentari\\\/#primaryimage\",\"url\":\"https:\\\/\\\/www.manitese.it\\\/wp-content\\\/uploads\\\/2024\\\/01\\\/20231127_121634-scaled-1.jpg\",\"contentUrl\":\"https:\\\/\\\/www.manitese.it\\\/wp-content\\\/uploads\\\/2024\\\/01\\\/20231127_121634-scaled-1.jpg\",\"width\":2560,\"height\":1183},{\"@type\":\"BreadcrumbList\",\"@id\":\"https:\\\/\\\/www.manitese.it\\\/en\\\/tutte-in-fiera-per-le-giornate-agro-alimentari\\\/#breadcrumb\",\"itemListElement\":[{\"@type\":\"ListItem\",\"position\":1,\"name\":\"Home\",\"item\":\"https:\\\/\\\/www.manitese.it\\\/en\\\/\"},{\"@type\":\"ListItem\",\"position\":2,\"name\":\"Tutte in fiera per le giornate agro-alimentari!\"}]},{\"@type\":\"WebSite\",\"@id\":\"https:\\\/\\\/www.manitese.it\\\/en\\\/#website\",\"url\":\"https:\\\/\\\/www.manitese.it\\\/en\\\/\",\"name\":\"Mani Tese\",\"description\":\"\",\"potentialAction\":[{\"@type\":\"SearchAction\",\"target\":{\"@type\":\"EntryPoint\",\"urlTemplate\":\"https:\\\/\\\/www.manitese.it\\\/en\\\/?s={search_term_string}\"},\"query-input\":{\"@type\":\"PropertyValueSpecification\",\"valueRequired\":true,\"valueName\":\"search_term_string\"}}],\"inLanguage\":\"en-US\"},{\"@type\":\"Person\",\"@id\":\"https:\\\/\\\/www.manitese.it\\\/en\\\/#\\\/schema\\\/person\\\/5a9774f17e4940e2510bfeba90f04f65\",\"name\":\"agevis\",\"image\":{\"@type\":\"ImageObject\",\"inLanguage\":\"en-US\",\"@id\":\"https:\\\/\\\/secure.gravatar.com\\\/avatar\\\/2dc96c93fcf3387a5922a93b50fb3bff01d4800590fb6a4ab91a034adb25ba17?s=96&d=mm&r=g\",\"url\":\"https:\\\/\\\/secure.gravatar.com\\\/avatar\\\/2dc96c93fcf3387a5922a93b50fb3bff01d4800590fb6a4ab91a034adb25ba17?s=96&d=mm&r=g\",\"contentUrl\":\"https:\\\/\\\/secure.gravatar.com\\\/avatar\\\/2dc96c93fcf3387a5922a93b50fb3bff01d4800590fb6a4ab91a034adb25ba17?s=96&d=mm&r=g\",\"caption\":\"agevis\"},\"url\":\"https:\\\/\\\/www.manitese.it\\\/en\\\/author\\\/wp_agevis_admin\\\/\"}]}<\/script>\n<!-- \/ Yoast SEO plugin. -->","yoast_head_json":{"title":"Tutte in fiera per le giornate agro-alimentari! - Mani Tese","robots":{"index":"index","follow":"follow","max-snippet":"max-snippet:-1","max-image-preview":"max-image-preview:large","max-video-preview":"max-video-preview:-1"},"canonical":"https:\/\/www.manitese.it\/en\/tutte-in-fiera-per-le-giornate-agro-alimentari\/","og_locale":"en_US","og_type":"article","og_title":"Tutte in fiera per le giornate agro-alimentari! - Mani Tese","og_description":"L\u2019associazione delle Sorelle Burkinab\u00e9 di Poedogo, sostenute dal nostro progetto \u201cTRASFORMIAMO!\u201d in Burkina Faso, per la prima volta ha esposto i propri prodotti a una fiera nazionale.","og_url":"https:\/\/www.manitese.it\/en\/tutte-in-fiera-per-le-giornate-agro-alimentari\/","og_site_name":"Mani Tese","article_published_time":"2024-01-08T16:57:59+00:00","article_modified_time":"2024-01-26T17:01:24+00:00","og_image":[{"width":2560,"height":1183,"url":"https:\/\/www.manitese.it\/wp-content\/uploads\/2024\/01\/20231127_121634-scaled-1.jpg","type":"image\/jpeg"}],"author":"agevis","twitter_card":"summary_large_image","twitter_misc":{"Written by":"agevis","Est. reading time":"3 minutes"},"schema":{"@context":"https:\/\/schema.org","@graph":[{"@type":"Article","@id":"https:\/\/www.manitese.it\/en\/tutte-in-fiera-per-le-giornate-agro-alimentari\/#article","isPartOf":{"@id":"https:\/\/www.manitese.it\/en\/tutte-in-fiera-per-le-giornate-agro-alimentari\/"},"author":{"name":"agevis","@id":"https:\/\/www.manitese.it\/en\/#\/schema\/person\/5a9774f17e4940e2510bfeba90f04f65"},"headline":"Tutte in fiera per le giornate agro-alimentari!","datePublished":"2024-01-08T16:57:59+00:00","dateModified":"2024-01-26T17:01:24+00:00","mainEntityOfPage":{"@id":"https:\/\/www.manitese.it\/en\/tutte-in-fiera-per-le-giornate-agro-alimentari\/"},"wordCount":484,"commentCount":0,"image":{"@id":"https:\/\/www.manitese.it\/en\/tutte-in-fiera-per-le-giornate-agro-alimentari\/#primaryimage"},"thumbnailUrl":"https:\/\/www.manitese.it\/wp-content\/uploads\/2024\/01\/20231127_121634-scaled-1.jpg","articleSection":["News"],"inLanguage":"en-US","potentialAction":[{"@type":"CommentAction","name":"Comment","target":["https:\/\/www.manitese.it\/en\/tutte-in-fiera-per-le-giornate-agro-alimentari\/#respond"]}]},{"@type":"WebPage","@id":"https:\/\/www.manitese.it\/en\/tutte-in-fiera-per-le-giornate-agro-alimentari\/","url":"https:\/\/www.manitese.it\/en\/tutte-in-fiera-per-le-giornate-agro-alimentari\/","name":"Tutte in fiera per le giornate agro-alimentari! - Mani Tese","isPartOf":{"@id":"https:\/\/www.manitese.it\/en\/#website"},"primaryImageOfPage":{"@id":"https:\/\/www.manitese.it\/en\/tutte-in-fiera-per-le-giornate-agro-alimentari\/#primaryimage"},"image":{"@id":"https:\/\/www.manitese.it\/en\/tutte-in-fiera-per-le-giornate-agro-alimentari\/#primaryimage"},"thumbnailUrl":"https:\/\/www.manitese.it\/wp-content\/uploads\/2024\/01\/20231127_121634-scaled-1.jpg","datePublished":"2024-01-08T16:57:59+00:00","dateModified":"2024-01-26T17:01:24+00:00","author":{"@id":"https:\/\/www.manitese.it\/en\/#\/schema\/person\/5a9774f17e4940e2510bfeba90f04f65"},"breadcrumb":{"@id":"https:\/\/www.manitese.it\/en\/tutte-in-fiera-per-le-giornate-agro-alimentari\/#breadcrumb"},"inLanguage":"en-US","potentialAction":[{"@type":"ReadAction","target":["https:\/\/www.manitese.it\/en\/tutte-in-fiera-per-le-giornate-agro-alimentari\/"]}]},{"@type":"ImageObject","inLanguage":"en-US","@id":"https:\/\/www.manitese.it\/en\/tutte-in-fiera-per-le-giornate-agro-alimentari\/#primaryimage","url":"https:\/\/www.manitese.it\/wp-content\/uploads\/2024\/01\/20231127_121634-scaled-1.jpg","contentUrl":"https:\/\/www.manitese.it\/wp-content\/uploads\/2024\/01\/20231127_121634-scaled-1.jpg","width":2560,"height":1183},{"@type":"BreadcrumbList","@id":"https:\/\/www.manitese.it\/en\/tutte-in-fiera-per-le-giornate-agro-alimentari\/#breadcrumb","itemListElement":[{"@type":"ListItem","position":1,"name":"Home","item":"https:\/\/www.manitese.it\/en\/"},{"@type":"ListItem","position":2,"name":"Tutte in fiera per le giornate agro-alimentari!"}]},{"@type":"WebSite","@id":"https:\/\/www.manitese.it\/en\/#website","url":"https:\/\/www.manitese.it\/en\/","name":"Mani Tese","description":"","potentialAction":[{"@type":"SearchAction","target":{"@type":"EntryPoint","urlTemplate":"https:\/\/www.manitese.it\/en\/?s={search_term_string}"},"query-input":{"@type":"PropertyValueSpecification","valueRequired":true,"valueName":"search_term_string"}}],"inLanguage":"en-US"},{"@type":"Person","@id":"https:\/\/www.manitese.it\/en\/#\/schema\/person\/5a9774f17e4940e2510bfeba90f04f65","name":"agevis","image":{"@type":"ImageObject","inLanguage":"en-US","@id":"https:\/\/secure.gravatar.com\/avatar\/2dc96c93fcf3387a5922a93b50fb3bff01d4800590fb6a4ab91a034adb25ba17?s=96&d=mm&r=g","url":"https:\/\/secure.gravatar.com\/avatar\/2dc96c93fcf3387a5922a93b50fb3bff01d4800590fb6a4ab91a034adb25ba17?s=96&d=mm&r=g","contentUrl":"https:\/\/secure.gravatar.com\/avatar\/2dc96c93fcf3387a5922a93b50fb3bff01d4800590fb6a4ab91a034adb25ba17?s=96&d=mm&r=g","caption":"agevis"},"url":"https:\/\/www.manitese.it\/en\/author\/wp_agevis_admin\/"}]}},"jetpack_featured_media_url":"https:\/\/www.manitese.it\/wp-content\/uploads\/2024\/01\/20231127_121634-scaled-1.jpg","jetpack_sharing_enabled":true,"_links":{"self":[{"href":"https:\/\/www.manitese.it\/en\/wp-json\/wp\/v2\/posts\/192476","targetHints":{"allow":["GET"]}}],"collection":[{"href":"https:\/\/www.manitese.it\/en\/wp-json\/wp\/v2\/posts"}],"about":[{"href":"https:\/\/www.manitese.it\/en\/wp-json\/wp\/v2\/types\/post"}],"author":[{"embeddable":true,"href":"https:\/\/www.manitese.it\/en\/wp-json\/wp\/v2\/users\/1"}],"replies":[{"embeddable":true,"href":"https:\/\/www.manitese.it\/en\/wp-json\/wp\/v2\/comments?post=192476"}],"version-history":[{"count":1,"href":"https:\/\/www.manitese.it\/en\/wp-json\/wp\/v2\/posts\/192476\/revisions"}],"predecessor-version":[{"id":192483,"href":"https:\/\/www.manitese.it\/en\/wp-json\/wp\/v2\/posts\/192476\/revisions\/192483"}],"wp:featuredmedia":[{"embeddable":true,"href":"https:\/\/www.manitese.it\/en\/wp-json\/wp\/v2\/media\/192477"}],"wp:attachment":[{"href":"https:\/\/www.manitese.it\/en\/wp-json\/wp\/v2\/media?parent=192476"}],"wp:term":[{"taxonomy":"category","embeddable":true,"href":"https:\/\/www.manitese.it\/en\/wp-json\/wp\/v2\/categories?post=192476"},{"taxonomy":"post_tag","embeddable":true,"href":"https:\/\/www.manitese.it\/en\/wp-json\/wp\/v2\/tags?post=192476"},{"taxonomy":"thematic_area","embeddable":true,"href":"https:\/\/www.manitese.it\/en\/wp-json\/wp\/v2\/thematic_area?post=192476"}],"curies":[{"name":"wp","href":"https:\/\/api.w.org\/{rel}","templated":true}]}}