{"id":192472,"date":"2024-01-02T17:50:52","date_gmt":"2024-01-02T16:50:52","guid":{"rendered":"https:\/\/manitese.it\/?p=192472"},"modified":"2024-01-26T17:56:26","modified_gmt":"2024-01-26T16:56:26","slug":"per-un-cacao-giusto-in-costa-davorio","status":"publish","type":"post","link":"https:\/\/www.manitese.it\/en\/per-un-cacao-giusto-in-costa-davorio\/","title":{"rendered":"Per un cacao giusto in Costa d\u2019Avorio"},"content":{"rendered":"<p>La Costa d\u2019Avorio si staglia come il principale produttore mondiale di cacao, con una produzione che tocca i 2,2 milioni di tonnellate. Questo dato, tuttavia, \u00e8 solo la punta dell\u2019iceberg di una realt\u00e0 complessa, dove la tradizione agricola si scontra con le pressioni della modernizzazione e le esigenze della sostenibilit\u00e0 ambientale, sociale ed economica. La filiera del cacao \u00e8 un microcosmo che riflette le dinamiche globali: da un lato, la standardizzazione imposta dal mercato internazionale, dall\u2019altro, la lotta per preservare le peculiarit\u00e0 locali e la biodiversit\u00e0. La filiera del cacao in Costa d\u2019Avorio non inizia solo con la raccolta delle fave, ma si intreccia profondamente con la storia del territorio stesso e con le complesse dinamiche del diritto fondiario. I lavoratori del cacao, nonostante un reddito sopra la media nazionale, lottano contro la povert\u00e0. Discrepanze tra stipendio e costo della vita rendono difficile per molti giovani come Roland, un lavoratore di un laboratorio di cacao, sostenere s\u00e9 stessi e le loro famiglie. Questa situazione evidenzia la necessit\u00e0 di un cambiamento nel sistema di retribuzione e di supporto ai lavoratori del settore i quali, da una parte si trovano in difficolt\u00e0 di fronte a una calmierazione del prezzo a livello nazionale piuttosto arbitraria, circa 1,52 euro, mentre dall\u2019altra i produttori delle zone rurali fanno fatica a incontrare le esigenze dell\u2019esportazione. La filiera del cacao presenta dunque questioni di insostenibilit\u00e0 economica che si riverberano anche nella componente sociale e ambientale. Da una parte, un rapporto del 2022 dell\u2019International Cocoa Initiative mostra che il 26% dei minori in un campione di 800mila produttori \u00e8 vittima di lavoro minorile. Dall\u2019altra, dal 1950 la Costa d\u2019Avorio ha perso il 90% delle foreste, con il cacao tra i responsabili principali; l\u2019uso crescente di pesticidi e fertilizzanti chimici per aumentare la produzione aggrava la situazione. Per questi motivi, diverse realt\u00e0 nel Paese si stanno orientando al biologico. Un modo per far fronte all\u2019insostenibilit\u00e0 della filiera, in particolare al livello del piccolo\/medio produttore. Troviamo esempi come quelli delle cooperative di Yosran e Ndikro, situati nella regione di Tiassal\u00e9, che producono cospicue rendite sfruttando sistemi agroecologici e tecniche di produzione e fermentazione biologiche. Pratiche che non richiedono l\u2019utilizzo di pesticidi o fertilizzanti chimici per incrementare la produzione. Queste colture di alta qualit\u00e0 necessitano per\u00f2 di un maggior sostegno a un\u2019adeguata commercializzazione visto che al momento i costi gravano sul produttore. I vantaggi sono notevoli, non solo per la maggiore sostenibilit\u00e0 ambientale, ma anche per la possibilit\u00e0 di adempiere alle normative internazionali. Non \u00a9 Luca Rondisolo, questo tipo di produzione sviluppa anche una cultura positiva relativa alla gestione comune degli ambienti, con i produttori che sono pi\u00f9 spinti a collaborare per attivit\u00e0 trasversali ma comunque utili come la produzione del compost o di repellenti bio. Ci\u00f2 \u00e8 accaduto lungo le sponde del fiume Bandama, dove col tempo \u00e8 stata costruita una vera e propria biofabbrica. Un settore cos\u00ec altamente produttivo offre grandi opportunit\u00e0 anche nella trasformazione della materia prima, un modo per migliorare il mercato interno dato che al momento i prodotti derivati come il pain au chocolat o tavolette di cioccolato vengono quasi totalmente importati dalla Francia producendo un paradosso singolare; \u00e8 l\u2019esempio di Choco+ della Fondazione Gruppo Abele di Torino. Progetto che ha realizzato veri e propri laboratori di produzione a Grand Bassam che al giorno d\u2019oggi produce circa duemila chilogrammi di cioccolato trasformato costruendo un sistema di produzione capace di sviluppare persino linee di cosmetici come burro di cacao, saponette e oli essenziali. Un sistema di filiera che non solo riesce a offrire opportunit\u00e0 lavorative di livello, ma che paga due euro al chilo il cacao, andando a migliorare la situazione anche delle aree rurali dove viene coltivato. Le iniziative biologiche e agroforestali, insieme ai progetti di trasformazione locale, rappresentano non solo un\u2019ancora di salvezza per la biodiversit\u00e0 e per le comunit\u00e0 rurali, ma anche un modello di business che pu\u00f2 rispondere alle esigenze di un mercato sempre pi\u00f9 consapevole e esigente ma che soprattutto garantisce dei benefici che si estendono a tutta la filiera del cacao, da chi coltiva le fave a chi si delizia con il prodotto finito.<\/p>\n<p><a href=\"https:\/\/www.manitese.it\/il-nostro-giornale\">Giornale<\/a><\/p>\n<p><a href=\"https:\/\/www.manitese.it\/linsostenibile-prezzo-del-cacao\">Dossier Mani Tese in collaborazione con Altreconomia<\/a><\/p>\n<p><img fetchpriority=\"high\" decoding=\"async\" class=\"alignnone size-medium wp-image-192438\" src=\"https:\/\/manitese.it\/wp-content\/uploads\/2024\/01\/DSCF7231-scaled-1-300x200.jpg\" alt=\"\" width=\"300\" height=\"200\" srcset=\"https:\/\/www.manitese.it\/wp-content\/uploads\/2024\/01\/DSCF7231-scaled-1-300x200.jpg 300w, https:\/\/www.manitese.it\/wp-content\/uploads\/2024\/01\/DSCF7231-scaled-1-768x512.jpg 768w, https:\/\/www.manitese.it\/wp-content\/uploads\/2024\/01\/DSCF7231-scaled-1-1024x683.jpg 1024w, https:\/\/www.manitese.it\/wp-content\/uploads\/2024\/01\/DSCF7231-scaled-1-1536x1024.jpg 1536w, https:\/\/www.manitese.it\/wp-content\/uploads\/2024\/01\/DSCF7231-scaled-1-2048x1366.jpg 2048w, https:\/\/www.manitese.it\/wp-content\/uploads\/2024\/01\/DSCF7231-scaled-1-400x267.jpg 400w, https:\/\/www.manitese.it\/wp-content\/uploads\/2024\/01\/DSCF7231-scaled-1-600x400.jpg 600w\" sizes=\"(max-width: 300px) 100vw, 300px\" \/> <img decoding=\"async\" class=\"alignnone size-medium wp-image-192442\" src=\"https:\/\/manitese.it\/wp-content\/uploads\/2024\/01\/DSCF6636chirit-scaled-1-220x300.jpg\" alt=\"\" width=\"220\" height=\"300\" srcset=\"https:\/\/www.manitese.it\/wp-content\/uploads\/2024\/01\/DSCF6636chirit-scaled-1-220x300.jpg 220w, https:\/\/www.manitese.it\/wp-content\/uploads\/2024\/01\/DSCF6636chirit-scaled-1-768x1047.jpg 768w, https:\/\/www.manitese.it\/wp-content\/uploads\/2024\/01\/DSCF6636chirit-scaled-1-751x1024.jpg 751w, https:\/\/www.manitese.it\/wp-content\/uploads\/2024\/01\/DSCF6636chirit-scaled-1-1126x1536.jpg 1126w, https:\/\/www.manitese.it\/wp-content\/uploads\/2024\/01\/DSCF6636chirit-scaled-1-1502x2048.jpg 1502w, https:\/\/www.manitese.it\/wp-content\/uploads\/2024\/01\/DSCF6636chirit-scaled-1-400x546.jpg 400w, https:\/\/www.manitese.it\/wp-content\/uploads\/2024\/01\/DSCF6636chirit-scaled-1-600x818.jpg 600w, https:\/\/www.manitese.it\/wp-content\/uploads\/2024\/01\/DSCF6636chirit-scaled-1.jpg 1877w\" sizes=\"(max-width: 220px) 100vw, 220px\" \/> <img decoding=\"async\" class=\"alignnone size-medium wp-image-192473\" src=\"https:\/\/manitese.it\/wp-content\/uploads\/2024\/01\/8-300x300-1.png\" alt=\"\" width=\"300\" height=\"300\" srcset=\"https:\/\/www.manitese.it\/wp-content\/uploads\/2024\/01\/8-300x300-1.png 300w, https:\/\/www.manitese.it\/wp-content\/uploads\/2024\/01\/8-300x300-1-150x150.png 150w, https:\/\/www.manitese.it\/wp-content\/uploads\/2024\/01\/8-300x300-1-110x110.png 110w, https:\/\/www.manitese.it\/wp-content\/uploads\/2024\/01\/8-300x300-1-160x160.png 160w, https:\/\/www.manitese.it\/wp-content\/uploads\/2024\/01\/8-300x300-1-100x100.png 100w, https:\/\/www.manitese.it\/wp-content\/uploads\/2024\/01\/8-300x300-1-50x50.png 50w\" sizes=\"(max-width: 300px) 100vw, 300px\" \/><\/p>\n","protected":false},"excerpt":{"rendered":"<p>Il reportage realizzato per conto di Tese nell\u2019ambito del progetto \u201cFood Wave\u201d finanziato dalla Commissione europea e coordinato dal Comune di Milano mostra le difficolt\u00e0 dei produttori e della sostenibilit\u00e0 ambientale nel Paese ma anche le opportunit\u00e0 di una produzione rispettosa e biologica.<\/p>\n","protected":false},"author":1,"featured_media":192442,"comment_status":"open","ping_status":"open","sticky":false,"template":"","format":"standard","meta":{"_acf_changed":false,"give_campaign_id":0,"inline_featured_image":false,"_jetpack_memberships_contains_paid_content":false,"footnotes":""},"categories":[1],"tags":[],"thematic_area":[],"class_list":["post-192472","post","type-post","status-publish","format-standard","has-post-thumbnail","hentry","category-news"],"acf":[],"yoast_head":"<!-- This site is optimized with the Yoast SEO plugin v27.5 - https:\/\/yoast.com\/product\/yoast-seo-wordpress\/ -->\n<title>Per un cacao giusto in Costa d\u2019Avorio - Mani Tese<\/title>\n<meta name=\"robots\" content=\"index, follow, max-snippet:-1, max-image-preview:large, max-video-preview:-1\" \/>\n<link rel=\"canonical\" href=\"https:\/\/www.manitese.it\/en\/per-un-cacao-giusto-in-costa-davorio\/\" \/>\n<meta property=\"og:locale\" content=\"en_US\" \/>\n<meta property=\"og:type\" content=\"article\" \/>\n<meta property=\"og:title\" content=\"Per un cacao giusto in Costa d\u2019Avorio - Mani Tese\" \/>\n<meta property=\"og:description\" content=\"Il reportage realizzato per conto di Tese nell\u2019ambito del progetto \u201cFood Wave\u201d finanziato dalla Commissione europea e coordinato dal Comune di Milano mostra le difficolt\u00e0 dei produttori e della sostenibilit\u00e0 ambientale nel Paese ma anche le opportunit\u00e0 di una produzione rispettosa e biologica.\" \/>\n<meta property=\"og:url\" content=\"https:\/\/www.manitese.it\/en\/per-un-cacao-giusto-in-costa-davorio\/\" \/>\n<meta property=\"og:site_name\" content=\"Mani Tese\" \/>\n<meta property=\"article:published_time\" content=\"2024-01-02T16:50:52+00:00\" \/>\n<meta property=\"article:modified_time\" content=\"2024-01-26T16:56:26+00:00\" \/>\n<meta property=\"og:image\" content=\"https:\/\/www.manitese.it\/wp-content\/uploads\/2024\/01\/DSCF6636chirit-scaled-1.jpg\" \/>\n\t<meta property=\"og:image:width\" content=\"1877\" \/>\n\t<meta property=\"og:image:height\" content=\"2560\" \/>\n\t<meta property=\"og:image:type\" content=\"image\/jpeg\" \/>\n<meta name=\"author\" content=\"agevis\" \/>\n<meta name=\"twitter:card\" content=\"summary_large_image\" \/>\n<meta name=\"twitter:label1\" content=\"Written by\" \/>\n\t<meta name=\"twitter:data1\" content=\"agevis\" \/>\n\t<meta name=\"twitter:label2\" content=\"Est. reading time\" \/>\n\t<meta name=\"twitter:data2\" content=\"4 minutes\" \/>\n<script type=\"application\/ld+json\" class=\"yoast-schema-graph\">{\"@context\":\"https:\\\/\\\/schema.org\",\"@graph\":[{\"@type\":\"Article\",\"@id\":\"https:\\\/\\\/www.manitese.it\\\/en\\\/per-un-cacao-giusto-in-costa-davorio\\\/#article\",\"isPartOf\":{\"@id\":\"https:\\\/\\\/www.manitese.it\\\/en\\\/per-un-cacao-giusto-in-costa-davorio\\\/\"},\"author\":{\"name\":\"agevis\",\"@id\":\"https:\\\/\\\/www.manitese.it\\\/en\\\/#\\\/schema\\\/person\\\/5a9774f17e4940e2510bfeba90f04f65\"},\"headline\":\"Per un cacao giusto in Costa d\u2019Avorio\",\"datePublished\":\"2024-01-02T16:50:52+00:00\",\"dateModified\":\"2024-01-26T16:56:26+00:00\",\"mainEntityOfPage\":{\"@id\":\"https:\\\/\\\/www.manitese.it\\\/en\\\/per-un-cacao-giusto-in-costa-davorio\\\/\"},\"wordCount\":703,\"commentCount\":0,\"image\":{\"@id\":\"https:\\\/\\\/www.manitese.it\\\/en\\\/per-un-cacao-giusto-in-costa-davorio\\\/#primaryimage\"},\"thumbnailUrl\":\"https:\\\/\\\/www.manitese.it\\\/wp-content\\\/uploads\\\/2024\\\/01\\\/DSCF6636chirit-scaled-1.jpg\",\"articleSection\":[\"News\"],\"inLanguage\":\"en-US\",\"potentialAction\":[{\"@type\":\"CommentAction\",\"name\":\"Comment\",\"target\":[\"https:\\\/\\\/www.manitese.it\\\/en\\\/per-un-cacao-giusto-in-costa-davorio\\\/#respond\"]}]},{\"@type\":\"WebPage\",\"@id\":\"https:\\\/\\\/www.manitese.it\\\/en\\\/per-un-cacao-giusto-in-costa-davorio\\\/\",\"url\":\"https:\\\/\\\/www.manitese.it\\\/en\\\/per-un-cacao-giusto-in-costa-davorio\\\/\",\"name\":\"Per un cacao giusto in Costa d\u2019Avorio - Mani Tese\",\"isPartOf\":{\"@id\":\"https:\\\/\\\/www.manitese.it\\\/en\\\/#website\"},\"primaryImageOfPage\":{\"@id\":\"https:\\\/\\\/www.manitese.it\\\/en\\\/per-un-cacao-giusto-in-costa-davorio\\\/#primaryimage\"},\"image\":{\"@id\":\"https:\\\/\\\/www.manitese.it\\\/en\\\/per-un-cacao-giusto-in-costa-davorio\\\/#primaryimage\"},\"thumbnailUrl\":\"https:\\\/\\\/www.manitese.it\\\/wp-content\\\/uploads\\\/2024\\\/01\\\/DSCF6636chirit-scaled-1.jpg\",\"datePublished\":\"2024-01-02T16:50:52+00:00\",\"dateModified\":\"2024-01-26T16:56:26+00:00\",\"author\":{\"@id\":\"https:\\\/\\\/www.manitese.it\\\/en\\\/#\\\/schema\\\/person\\\/5a9774f17e4940e2510bfeba90f04f65\"},\"breadcrumb\":{\"@id\":\"https:\\\/\\\/www.manitese.it\\\/en\\\/per-un-cacao-giusto-in-costa-davorio\\\/#breadcrumb\"},\"inLanguage\":\"en-US\",\"potentialAction\":[{\"@type\":\"ReadAction\",\"target\":[\"https:\\\/\\\/www.manitese.it\\\/en\\\/per-un-cacao-giusto-in-costa-davorio\\\/\"]}]},{\"@type\":\"ImageObject\",\"inLanguage\":\"en-US\",\"@id\":\"https:\\\/\\\/www.manitese.it\\\/en\\\/per-un-cacao-giusto-in-costa-davorio\\\/#primaryimage\",\"url\":\"https:\\\/\\\/www.manitese.it\\\/wp-content\\\/uploads\\\/2024\\\/01\\\/DSCF6636chirit-scaled-1.jpg\",\"contentUrl\":\"https:\\\/\\\/www.manitese.it\\\/wp-content\\\/uploads\\\/2024\\\/01\\\/DSCF6636chirit-scaled-1.jpg\",\"width\":1877,\"height\":2560},{\"@type\":\"BreadcrumbList\",\"@id\":\"https:\\\/\\\/www.manitese.it\\\/en\\\/per-un-cacao-giusto-in-costa-davorio\\\/#breadcrumb\",\"itemListElement\":[{\"@type\":\"ListItem\",\"position\":1,\"name\":\"Home\",\"item\":\"https:\\\/\\\/www.manitese.it\\\/en\\\/\"},{\"@type\":\"ListItem\",\"position\":2,\"name\":\"Per un cacao giusto in Costa d\u2019Avorio\"}]},{\"@type\":\"WebSite\",\"@id\":\"https:\\\/\\\/www.manitese.it\\\/en\\\/#website\",\"url\":\"https:\\\/\\\/www.manitese.it\\\/en\\\/\",\"name\":\"Mani Tese\",\"description\":\"\",\"potentialAction\":[{\"@type\":\"SearchAction\",\"target\":{\"@type\":\"EntryPoint\",\"urlTemplate\":\"https:\\\/\\\/www.manitese.it\\\/en\\\/?s={search_term_string}\"},\"query-input\":{\"@type\":\"PropertyValueSpecification\",\"valueRequired\":true,\"valueName\":\"search_term_string\"}}],\"inLanguage\":\"en-US\"},{\"@type\":\"Person\",\"@id\":\"https:\\\/\\\/www.manitese.it\\\/en\\\/#\\\/schema\\\/person\\\/5a9774f17e4940e2510bfeba90f04f65\",\"name\":\"agevis\",\"image\":{\"@type\":\"ImageObject\",\"inLanguage\":\"en-US\",\"@id\":\"https:\\\/\\\/secure.gravatar.com\\\/avatar\\\/2dc96c93fcf3387a5922a93b50fb3bff01d4800590fb6a4ab91a034adb25ba17?s=96&d=mm&r=g\",\"url\":\"https:\\\/\\\/secure.gravatar.com\\\/avatar\\\/2dc96c93fcf3387a5922a93b50fb3bff01d4800590fb6a4ab91a034adb25ba17?s=96&d=mm&r=g\",\"contentUrl\":\"https:\\\/\\\/secure.gravatar.com\\\/avatar\\\/2dc96c93fcf3387a5922a93b50fb3bff01d4800590fb6a4ab91a034adb25ba17?s=96&d=mm&r=g\",\"caption\":\"agevis\"},\"url\":\"https:\\\/\\\/www.manitese.it\\\/en\\\/author\\\/wp_agevis_admin\\\/\"}]}<\/script>\n<!-- \/ Yoast SEO plugin. -->","yoast_head_json":{"title":"Per un cacao giusto in Costa d\u2019Avorio - Mani Tese","robots":{"index":"index","follow":"follow","max-snippet":"max-snippet:-1","max-image-preview":"max-image-preview:large","max-video-preview":"max-video-preview:-1"},"canonical":"https:\/\/www.manitese.it\/en\/per-un-cacao-giusto-in-costa-davorio\/","og_locale":"en_US","og_type":"article","og_title":"Per un cacao giusto in Costa d\u2019Avorio - Mani Tese","og_description":"Il reportage realizzato per conto di Tese nell\u2019ambito del progetto \u201cFood Wave\u201d finanziato dalla Commissione europea e coordinato dal Comune di Milano mostra le difficolt\u00e0 dei produttori e della sostenibilit\u00e0 ambientale nel Paese ma anche le opportunit\u00e0 di una produzione rispettosa e biologica.","og_url":"https:\/\/www.manitese.it\/en\/per-un-cacao-giusto-in-costa-davorio\/","og_site_name":"Mani Tese","article_published_time":"2024-01-02T16:50:52+00:00","article_modified_time":"2024-01-26T16:56:26+00:00","og_image":[{"width":1877,"height":2560,"url":"https:\/\/www.manitese.it\/wp-content\/uploads\/2024\/01\/DSCF6636chirit-scaled-1.jpg","type":"image\/jpeg"}],"author":"agevis","twitter_card":"summary_large_image","twitter_misc":{"Written by":"agevis","Est. reading time":"4 minutes"},"schema":{"@context":"https:\/\/schema.org","@graph":[{"@type":"Article","@id":"https:\/\/www.manitese.it\/en\/per-un-cacao-giusto-in-costa-davorio\/#article","isPartOf":{"@id":"https:\/\/www.manitese.it\/en\/per-un-cacao-giusto-in-costa-davorio\/"},"author":{"name":"agevis","@id":"https:\/\/www.manitese.it\/en\/#\/schema\/person\/5a9774f17e4940e2510bfeba90f04f65"},"headline":"Per un cacao giusto in Costa d\u2019Avorio","datePublished":"2024-01-02T16:50:52+00:00","dateModified":"2024-01-26T16:56:26+00:00","mainEntityOfPage":{"@id":"https:\/\/www.manitese.it\/en\/per-un-cacao-giusto-in-costa-davorio\/"},"wordCount":703,"commentCount":0,"image":{"@id":"https:\/\/www.manitese.it\/en\/per-un-cacao-giusto-in-costa-davorio\/#primaryimage"},"thumbnailUrl":"https:\/\/www.manitese.it\/wp-content\/uploads\/2024\/01\/DSCF6636chirit-scaled-1.jpg","articleSection":["News"],"inLanguage":"en-US","potentialAction":[{"@type":"CommentAction","name":"Comment","target":["https:\/\/www.manitese.it\/en\/per-un-cacao-giusto-in-costa-davorio\/#respond"]}]},{"@type":"WebPage","@id":"https:\/\/www.manitese.it\/en\/per-un-cacao-giusto-in-costa-davorio\/","url":"https:\/\/www.manitese.it\/en\/per-un-cacao-giusto-in-costa-davorio\/","name":"Per un cacao giusto in Costa d\u2019Avorio - Mani Tese","isPartOf":{"@id":"https:\/\/www.manitese.it\/en\/#website"},"primaryImageOfPage":{"@id":"https:\/\/www.manitese.it\/en\/per-un-cacao-giusto-in-costa-davorio\/#primaryimage"},"image":{"@id":"https:\/\/www.manitese.it\/en\/per-un-cacao-giusto-in-costa-davorio\/#primaryimage"},"thumbnailUrl":"https:\/\/www.manitese.it\/wp-content\/uploads\/2024\/01\/DSCF6636chirit-scaled-1.jpg","datePublished":"2024-01-02T16:50:52+00:00","dateModified":"2024-01-26T16:56:26+00:00","author":{"@id":"https:\/\/www.manitese.it\/en\/#\/schema\/person\/5a9774f17e4940e2510bfeba90f04f65"},"breadcrumb":{"@id":"https:\/\/www.manitese.it\/en\/per-un-cacao-giusto-in-costa-davorio\/#breadcrumb"},"inLanguage":"en-US","potentialAction":[{"@type":"ReadAction","target":["https:\/\/www.manitese.it\/en\/per-un-cacao-giusto-in-costa-davorio\/"]}]},{"@type":"ImageObject","inLanguage":"en-US","@id":"https:\/\/www.manitese.it\/en\/per-un-cacao-giusto-in-costa-davorio\/#primaryimage","url":"https:\/\/www.manitese.it\/wp-content\/uploads\/2024\/01\/DSCF6636chirit-scaled-1.jpg","contentUrl":"https:\/\/www.manitese.it\/wp-content\/uploads\/2024\/01\/DSCF6636chirit-scaled-1.jpg","width":1877,"height":2560},{"@type":"BreadcrumbList","@id":"https:\/\/www.manitese.it\/en\/per-un-cacao-giusto-in-costa-davorio\/#breadcrumb","itemListElement":[{"@type":"ListItem","position":1,"name":"Home","item":"https:\/\/www.manitese.it\/en\/"},{"@type":"ListItem","position":2,"name":"Per un cacao giusto in Costa d\u2019Avorio"}]},{"@type":"WebSite","@id":"https:\/\/www.manitese.it\/en\/#website","url":"https:\/\/www.manitese.it\/en\/","name":"Mani Tese","description":"","potentialAction":[{"@type":"SearchAction","target":{"@type":"EntryPoint","urlTemplate":"https:\/\/www.manitese.it\/en\/?s={search_term_string}"},"query-input":{"@type":"PropertyValueSpecification","valueRequired":true,"valueName":"search_term_string"}}],"inLanguage":"en-US"},{"@type":"Person","@id":"https:\/\/www.manitese.it\/en\/#\/schema\/person\/5a9774f17e4940e2510bfeba90f04f65","name":"agevis","image":{"@type":"ImageObject","inLanguage":"en-US","@id":"https:\/\/secure.gravatar.com\/avatar\/2dc96c93fcf3387a5922a93b50fb3bff01d4800590fb6a4ab91a034adb25ba17?s=96&d=mm&r=g","url":"https:\/\/secure.gravatar.com\/avatar\/2dc96c93fcf3387a5922a93b50fb3bff01d4800590fb6a4ab91a034adb25ba17?s=96&d=mm&r=g","contentUrl":"https:\/\/secure.gravatar.com\/avatar\/2dc96c93fcf3387a5922a93b50fb3bff01d4800590fb6a4ab91a034adb25ba17?s=96&d=mm&r=g","caption":"agevis"},"url":"https:\/\/www.manitese.it\/en\/author\/wp_agevis_admin\/"}]}},"jetpack_featured_media_url":"https:\/\/www.manitese.it\/wp-content\/uploads\/2024\/01\/DSCF6636chirit-scaled-1.jpg","jetpack_sharing_enabled":true,"_links":{"self":[{"href":"https:\/\/www.manitese.it\/en\/wp-json\/wp\/v2\/posts\/192472","targetHints":{"allow":["GET"]}}],"collection":[{"href":"https:\/\/www.manitese.it\/en\/wp-json\/wp\/v2\/posts"}],"about":[{"href":"https:\/\/www.manitese.it\/en\/wp-json\/wp\/v2\/types\/post"}],"author":[{"embeddable":true,"href":"https:\/\/www.manitese.it\/en\/wp-json\/wp\/v2\/users\/1"}],"replies":[{"embeddable":true,"href":"https:\/\/www.manitese.it\/en\/wp-json\/wp\/v2\/comments?post=192472"}],"version-history":[{"count":1,"href":"https:\/\/www.manitese.it\/en\/wp-json\/wp\/v2\/posts\/192472\/revisions"}],"predecessor-version":[{"id":192475,"href":"https:\/\/www.manitese.it\/en\/wp-json\/wp\/v2\/posts\/192472\/revisions\/192475"}],"wp:featuredmedia":[{"embeddable":true,"href":"https:\/\/www.manitese.it\/en\/wp-json\/wp\/v2\/media\/192442"}],"wp:attachment":[{"href":"https:\/\/www.manitese.it\/en\/wp-json\/wp\/v2\/media?parent=192472"}],"wp:term":[{"taxonomy":"category","embeddable":true,"href":"https:\/\/www.manitese.it\/en\/wp-json\/wp\/v2\/categories?post=192472"},{"taxonomy":"post_tag","embeddable":true,"href":"https:\/\/www.manitese.it\/en\/wp-json\/wp\/v2\/tags?post=192472"},{"taxonomy":"thematic_area","embeddable":true,"href":"https:\/\/www.manitese.it\/en\/wp-json\/wp\/v2\/thematic_area?post=192472"}],"curies":[{"name":"wp","href":"https:\/\/api.w.org\/{rel}","templated":true}]}}