{"id":192468,"date":"2023-12-21T17:46:55","date_gmt":"2023-12-21T16:46:55","guid":{"rendered":"https:\/\/manitese.it\/?p=192468"},"modified":"2024-01-26T17:49:39","modified_gmt":"2024-01-26T16:49:39","slug":"contrastare-la-violenza-di-genere-in-guinea-bissau","status":"publish","type":"post","link":"https:\/\/www.manitese.it\/en\/contrastare-la-violenza-di-genere-in-guinea-bissau\/","title":{"rendered":"Contrastare la violenza di genere in Guinea-Bissau"},"content":{"rendered":"<p>In Guinea-Bissau la disuguaglianza e la violenza di genere raggiungono livelli allarmanti. Le donne infatti subiscono diverse forme di violenza: domestica, psicologica, sessuale, matrimoni precoci e forzati e mutilazioni genitali femminili. Il problema della violenza di genere assume caratteri ancora pi\u00f9 preoccupanti nelle zone rurali, a causa dell\u2019isolamento e la difficolt\u00e0 di accesso ai servizi di informazione o protezione per le donne. In una recente ricerca condotta in loco da Mani Tese, il 67% delle donne intervistate ha dichiarato di essere stata vittima di almeno un tipo di violenza. In particolare, delle 978 donne intervistate che hanno o hanno avuto un partner, ben 613 hanno affermato di aver subito violenza da quest\u2019ultimo. Purtroppo sono pochissime le donne che denunciano gli atti di violenza: il 68% non ha raccontato a nessuno l\u2019accaduto e solo lo 0,5% lo ha riferito a un medico. Tantissime sono inoltre le ragazze costrette a matrimoni forzati e precoci. Su 871 donne che hanno risposto a domanda diretta, l\u201981,1% ha dichiarato che il loro matrimonio \u00e8 stato deciso dalla famiglia del marito. Infine pi\u00f9 della met\u00e0 delle donne ha subito mutilazione genitale femminile (il 52%). Si tratta soprattutto di bambine tra gli 0 e i 14 anni (30%). In uno studio realizzato nel 2021 nel quadro del progetto promosso da Mani Tese NO NA CUIDA DE NO VIDA, MINDJER!, ben il 60% delle donne intervistate ha confessato di aver subito questa pratica.<\/p>\n<p>Da alcuni anni Mani Tese sostiene gli unici due centri di accoglienza per vittime di violenza di genere presenti in Guinea-Bissau: il centro di Bissau e quello, pi\u00f9 recente, di S\u00e3o Domingos. I due centri di accoglienza rappresentano attualmente l\u2019unica speranza di sopravvivenza per tantissime donne in difficolt\u00e0: ragazzine costrette a matrimoni forzati con uomini molto pi\u00f9 grandi di loro, donne abusate dai propri compagni o dai famigliari, ragazze che subiscono mutilazione genitale femminile&#8230; Sono tante le attivit\u00e0 dei centri sostenute da Mani Tese, le quali attualmente rientrano nell\u2019ambito del progetto \u201cNO TENE DIRITU A UM VIDA SEM VIOL\u00caNCIA\u201d \u2013 Rafforzamento dei meccanismi di protezione delle vittime di gbv e promozione dei diritti delle donne in Guinea-Bissau\u201d cofinanziato dall\u2019Unione Europea e promosso da Mani Tese in partenariato con FEC \u2013 F\u00e9 e Coopera\u00e7\u00e3o, ENGIM \u2013 Fondazione Ente Nazionale Giuseppini Murialdo, AMIC \u2013 Associa\u00e7\u00e3o dos Amigos da Crian\u00e7a. Fra le attivit\u00e0 sostenute da Mani Tese, c\u2019\u00e8 innanzitutto la fornitura di kit alimentari e igienico-sanitari per le vittime accolte presso i centri. C\u2019\u00e8 poi anche l\u2019appoggio per i corsi di formazione dedicati alle donne ospitate, per aiutarle a imparare un mestiere e, quindi, ad emanciparle. Fra questi, molto importanti sono i corsi di formazione in sartoria.<\/p>\n<p>\u201cTutte le ragazze che beneficiano di questa formazione prima non sapevano nulla sulla sartoria. &#8211; Sostiene, in un video recentemente realizzato per Mani Tese, Ivaldino Paulo Martins, formatore dei corsi in sartoria &#8211; Adesso sanno gi\u00e0 realizzare alcuni prodotti. Questo pu\u00f2 essere utile per loro in futuro per riuscire a guadagnare qualcosa, perch\u00e9 \u00e8 un\u2019attivit\u00e0 che genera reddito, e poter essere un po\u2019 pi\u00f9 indipendenti.\u201d Mani Tese sta facendo tutto il possibile per mantenere i due centri di accoglienza per vittime di violenza di genere aperti, ma le necessit\u00e0 sono diverse e urgenti e le vittime purtroppo sono sempre tante. Per questo, recentemente Mani Tese ha deciso di sostenere la creazione di un orto sostenibile presso il centro gestito da AMIC, con il quale poter produrre cibo sia per le ospiti sia per la vendita, cos\u00ec da garantire sempre di pi\u00f9 l\u2019autosufficienza del centro stesso. Inoltre, in occasione del 25 novembre, Giornata internazionale per l\u2019eliminazione della violenza contro le donne, ha lanciato una campagna di raccolta fondi per il sostegno dei due centri di accoglienza. \u201cRingraziamo per il supporto gi\u00e0 ricevuto ma vorremmo chiedere un po\u2019 di pi\u00f9 al popolo italiano per assicurare il necessario alle vittime che accogliamo quasi continuativamente. &#8211; dichiara Fernando C\u00e1, coordinatore di AMIC, in un altro recente video &#8211; Anche questa mattina abbiamo accolto due di loro. Le vittime di violenza di genere non mancano mai qui.\u201d<\/p>\n","protected":false},"excerpt":{"rendered":"<p>Mani Tese da alcuni anni sostiene i due unici centri di accoglienza per le vittime di violenza sulle donne nel Paese.<\/p>\n","protected":false},"author":1,"featured_media":192469,"comment_status":"open","ping_status":"open","sticky":false,"template":"","format":"standard","meta":{"_acf_changed":false,"give_campaign_id":0,"inline_featured_image":false,"_jetpack_memberships_contains_paid_content":false,"footnotes":""},"categories":[1],"tags":[],"thematic_area":[],"class_list":["post-192468","post","type-post","status-publish","format-standard","has-post-thumbnail","hentry","category-news"],"acf":[],"yoast_head":"<!-- This site is optimized with the Yoast SEO plugin v27.5 - https:\/\/yoast.com\/product\/yoast-seo-wordpress\/ -->\n<title>Contrastare la violenza di genere in Guinea-Bissau - Mani Tese<\/title>\n<meta name=\"robots\" content=\"index, follow, max-snippet:-1, max-image-preview:large, max-video-preview:-1\" \/>\n<link rel=\"canonical\" href=\"https:\/\/www.manitese.it\/en\/contrastare-la-violenza-di-genere-in-guinea-bissau\/\" \/>\n<meta property=\"og:locale\" content=\"en_US\" \/>\n<meta property=\"og:type\" content=\"article\" \/>\n<meta property=\"og:title\" content=\"Contrastare la violenza di genere in Guinea-Bissau - Mani Tese\" \/>\n<meta property=\"og:description\" content=\"Mani Tese da alcuni anni sostiene i due unici centri di accoglienza per le vittime di violenza sulle donne nel Paese.\" \/>\n<meta property=\"og:url\" content=\"https:\/\/www.manitese.it\/en\/contrastare-la-violenza-di-genere-in-guinea-bissau\/\" \/>\n<meta property=\"og:site_name\" content=\"Mani Tese\" \/>\n<meta property=\"article:published_time\" content=\"2023-12-21T16:46:55+00:00\" \/>\n<meta property=\"article:modified_time\" content=\"2024-01-26T16:49:39+00:00\" \/>\n<meta property=\"og:image\" content=\"https:\/\/www.manitese.it\/wp-content\/uploads\/2024\/01\/q.png\" \/>\n\t<meta property=\"og:image:width\" content=\"699\" \/>\n\t<meta property=\"og:image:height\" content=\"462\" \/>\n\t<meta property=\"og:image:type\" content=\"image\/png\" \/>\n<meta name=\"author\" content=\"agevis\" \/>\n<meta name=\"twitter:card\" content=\"summary_large_image\" \/>\n<meta name=\"twitter:label1\" content=\"Written by\" \/>\n\t<meta name=\"twitter:data1\" content=\"agevis\" \/>\n\t<meta name=\"twitter:label2\" content=\"Est. reading time\" \/>\n\t<meta name=\"twitter:data2\" content=\"4 minutes\" \/>\n<script type=\"application\/ld+json\" class=\"yoast-schema-graph\">{\"@context\":\"https:\\\/\\\/schema.org\",\"@graph\":[{\"@type\":\"Article\",\"@id\":\"https:\\\/\\\/www.manitese.it\\\/en\\\/contrastare-la-violenza-di-genere-in-guinea-bissau\\\/#article\",\"isPartOf\":{\"@id\":\"https:\\\/\\\/www.manitese.it\\\/en\\\/contrastare-la-violenza-di-genere-in-guinea-bissau\\\/\"},\"author\":{\"name\":\"agevis\",\"@id\":\"https:\\\/\\\/www.manitese.it\\\/en\\\/#\\\/schema\\\/person\\\/5a9774f17e4940e2510bfeba90f04f65\"},\"headline\":\"Contrastare la violenza di genere in Guinea-Bissau\",\"datePublished\":\"2023-12-21T16:46:55+00:00\",\"dateModified\":\"2024-01-26T16:49:39+00:00\",\"mainEntityOfPage\":{\"@id\":\"https:\\\/\\\/www.manitese.it\\\/en\\\/contrastare-la-violenza-di-genere-in-guinea-bissau\\\/\"},\"wordCount\":674,\"commentCount\":0,\"image\":{\"@id\":\"https:\\\/\\\/www.manitese.it\\\/en\\\/contrastare-la-violenza-di-genere-in-guinea-bissau\\\/#primaryimage\"},\"thumbnailUrl\":\"https:\\\/\\\/www.manitese.it\\\/wp-content\\\/uploads\\\/2024\\\/01\\\/q.png\",\"articleSection\":[\"News\"],\"inLanguage\":\"en-US\",\"potentialAction\":[{\"@type\":\"CommentAction\",\"name\":\"Comment\",\"target\":[\"https:\\\/\\\/www.manitese.it\\\/en\\\/contrastare-la-violenza-di-genere-in-guinea-bissau\\\/#respond\"]}]},{\"@type\":\"WebPage\",\"@id\":\"https:\\\/\\\/www.manitese.it\\\/en\\\/contrastare-la-violenza-di-genere-in-guinea-bissau\\\/\",\"url\":\"https:\\\/\\\/www.manitese.it\\\/en\\\/contrastare-la-violenza-di-genere-in-guinea-bissau\\\/\",\"name\":\"Contrastare la violenza di genere in Guinea-Bissau - Mani Tese\",\"isPartOf\":{\"@id\":\"https:\\\/\\\/www.manitese.it\\\/en\\\/#website\"},\"primaryImageOfPage\":{\"@id\":\"https:\\\/\\\/www.manitese.it\\\/en\\\/contrastare-la-violenza-di-genere-in-guinea-bissau\\\/#primaryimage\"},\"image\":{\"@id\":\"https:\\\/\\\/www.manitese.it\\\/en\\\/contrastare-la-violenza-di-genere-in-guinea-bissau\\\/#primaryimage\"},\"thumbnailUrl\":\"https:\\\/\\\/www.manitese.it\\\/wp-content\\\/uploads\\\/2024\\\/01\\\/q.png\",\"datePublished\":\"2023-12-21T16:46:55+00:00\",\"dateModified\":\"2024-01-26T16:49:39+00:00\",\"author\":{\"@id\":\"https:\\\/\\\/www.manitese.it\\\/en\\\/#\\\/schema\\\/person\\\/5a9774f17e4940e2510bfeba90f04f65\"},\"breadcrumb\":{\"@id\":\"https:\\\/\\\/www.manitese.it\\\/en\\\/contrastare-la-violenza-di-genere-in-guinea-bissau\\\/#breadcrumb\"},\"inLanguage\":\"en-US\",\"potentialAction\":[{\"@type\":\"ReadAction\",\"target\":[\"https:\\\/\\\/www.manitese.it\\\/en\\\/contrastare-la-violenza-di-genere-in-guinea-bissau\\\/\"]}]},{\"@type\":\"ImageObject\",\"inLanguage\":\"en-US\",\"@id\":\"https:\\\/\\\/www.manitese.it\\\/en\\\/contrastare-la-violenza-di-genere-in-guinea-bissau\\\/#primaryimage\",\"url\":\"https:\\\/\\\/www.manitese.it\\\/wp-content\\\/uploads\\\/2024\\\/01\\\/q.png\",\"contentUrl\":\"https:\\\/\\\/www.manitese.it\\\/wp-content\\\/uploads\\\/2024\\\/01\\\/q.png\",\"width\":699,\"height\":462},{\"@type\":\"BreadcrumbList\",\"@id\":\"https:\\\/\\\/www.manitese.it\\\/en\\\/contrastare-la-violenza-di-genere-in-guinea-bissau\\\/#breadcrumb\",\"itemListElement\":[{\"@type\":\"ListItem\",\"position\":1,\"name\":\"Home\",\"item\":\"https:\\\/\\\/www.manitese.it\\\/en\\\/\"},{\"@type\":\"ListItem\",\"position\":2,\"name\":\"Contrastare la violenza di genere in Guinea-Bissau\"}]},{\"@type\":\"WebSite\",\"@id\":\"https:\\\/\\\/www.manitese.it\\\/en\\\/#website\",\"url\":\"https:\\\/\\\/www.manitese.it\\\/en\\\/\",\"name\":\"Mani Tese\",\"description\":\"\",\"potentialAction\":[{\"@type\":\"SearchAction\",\"target\":{\"@type\":\"EntryPoint\",\"urlTemplate\":\"https:\\\/\\\/www.manitese.it\\\/en\\\/?s={search_term_string}\"},\"query-input\":{\"@type\":\"PropertyValueSpecification\",\"valueRequired\":true,\"valueName\":\"search_term_string\"}}],\"inLanguage\":\"en-US\"},{\"@type\":\"Person\",\"@id\":\"https:\\\/\\\/www.manitese.it\\\/en\\\/#\\\/schema\\\/person\\\/5a9774f17e4940e2510bfeba90f04f65\",\"name\":\"agevis\",\"image\":{\"@type\":\"ImageObject\",\"inLanguage\":\"en-US\",\"@id\":\"https:\\\/\\\/secure.gravatar.com\\\/avatar\\\/2dc96c93fcf3387a5922a93b50fb3bff01d4800590fb6a4ab91a034adb25ba17?s=96&d=mm&r=g\",\"url\":\"https:\\\/\\\/secure.gravatar.com\\\/avatar\\\/2dc96c93fcf3387a5922a93b50fb3bff01d4800590fb6a4ab91a034adb25ba17?s=96&d=mm&r=g\",\"contentUrl\":\"https:\\\/\\\/secure.gravatar.com\\\/avatar\\\/2dc96c93fcf3387a5922a93b50fb3bff01d4800590fb6a4ab91a034adb25ba17?s=96&d=mm&r=g\",\"caption\":\"agevis\"},\"url\":\"https:\\\/\\\/www.manitese.it\\\/en\\\/author\\\/wp_agevis_admin\\\/\"}]}<\/script>\n<!-- \/ Yoast SEO plugin. -->","yoast_head_json":{"title":"Contrastare la violenza di genere in Guinea-Bissau - Mani Tese","robots":{"index":"index","follow":"follow","max-snippet":"max-snippet:-1","max-image-preview":"max-image-preview:large","max-video-preview":"max-video-preview:-1"},"canonical":"https:\/\/www.manitese.it\/en\/contrastare-la-violenza-di-genere-in-guinea-bissau\/","og_locale":"en_US","og_type":"article","og_title":"Contrastare la violenza di genere in Guinea-Bissau - Mani Tese","og_description":"Mani Tese da alcuni anni sostiene i due unici centri di accoglienza per le vittime di violenza sulle donne nel Paese.","og_url":"https:\/\/www.manitese.it\/en\/contrastare-la-violenza-di-genere-in-guinea-bissau\/","og_site_name":"Mani Tese","article_published_time":"2023-12-21T16:46:55+00:00","article_modified_time":"2024-01-26T16:49:39+00:00","og_image":[{"width":699,"height":462,"url":"https:\/\/www.manitese.it\/wp-content\/uploads\/2024\/01\/q.png","type":"image\/png"}],"author":"agevis","twitter_card":"summary_large_image","twitter_misc":{"Written by":"agevis","Est. reading time":"4 minutes"},"schema":{"@context":"https:\/\/schema.org","@graph":[{"@type":"Article","@id":"https:\/\/www.manitese.it\/en\/contrastare-la-violenza-di-genere-in-guinea-bissau\/#article","isPartOf":{"@id":"https:\/\/www.manitese.it\/en\/contrastare-la-violenza-di-genere-in-guinea-bissau\/"},"author":{"name":"agevis","@id":"https:\/\/www.manitese.it\/en\/#\/schema\/person\/5a9774f17e4940e2510bfeba90f04f65"},"headline":"Contrastare la violenza di genere in Guinea-Bissau","datePublished":"2023-12-21T16:46:55+00:00","dateModified":"2024-01-26T16:49:39+00:00","mainEntityOfPage":{"@id":"https:\/\/www.manitese.it\/en\/contrastare-la-violenza-di-genere-in-guinea-bissau\/"},"wordCount":674,"commentCount":0,"image":{"@id":"https:\/\/www.manitese.it\/en\/contrastare-la-violenza-di-genere-in-guinea-bissau\/#primaryimage"},"thumbnailUrl":"https:\/\/www.manitese.it\/wp-content\/uploads\/2024\/01\/q.png","articleSection":["News"],"inLanguage":"en-US","potentialAction":[{"@type":"CommentAction","name":"Comment","target":["https:\/\/www.manitese.it\/en\/contrastare-la-violenza-di-genere-in-guinea-bissau\/#respond"]}]},{"@type":"WebPage","@id":"https:\/\/www.manitese.it\/en\/contrastare-la-violenza-di-genere-in-guinea-bissau\/","url":"https:\/\/www.manitese.it\/en\/contrastare-la-violenza-di-genere-in-guinea-bissau\/","name":"Contrastare la violenza di genere in Guinea-Bissau - Mani Tese","isPartOf":{"@id":"https:\/\/www.manitese.it\/en\/#website"},"primaryImageOfPage":{"@id":"https:\/\/www.manitese.it\/en\/contrastare-la-violenza-di-genere-in-guinea-bissau\/#primaryimage"},"image":{"@id":"https:\/\/www.manitese.it\/en\/contrastare-la-violenza-di-genere-in-guinea-bissau\/#primaryimage"},"thumbnailUrl":"https:\/\/www.manitese.it\/wp-content\/uploads\/2024\/01\/q.png","datePublished":"2023-12-21T16:46:55+00:00","dateModified":"2024-01-26T16:49:39+00:00","author":{"@id":"https:\/\/www.manitese.it\/en\/#\/schema\/person\/5a9774f17e4940e2510bfeba90f04f65"},"breadcrumb":{"@id":"https:\/\/www.manitese.it\/en\/contrastare-la-violenza-di-genere-in-guinea-bissau\/#breadcrumb"},"inLanguage":"en-US","potentialAction":[{"@type":"ReadAction","target":["https:\/\/www.manitese.it\/en\/contrastare-la-violenza-di-genere-in-guinea-bissau\/"]}]},{"@type":"ImageObject","inLanguage":"en-US","@id":"https:\/\/www.manitese.it\/en\/contrastare-la-violenza-di-genere-in-guinea-bissau\/#primaryimage","url":"https:\/\/www.manitese.it\/wp-content\/uploads\/2024\/01\/q.png","contentUrl":"https:\/\/www.manitese.it\/wp-content\/uploads\/2024\/01\/q.png","width":699,"height":462},{"@type":"BreadcrumbList","@id":"https:\/\/www.manitese.it\/en\/contrastare-la-violenza-di-genere-in-guinea-bissau\/#breadcrumb","itemListElement":[{"@type":"ListItem","position":1,"name":"Home","item":"https:\/\/www.manitese.it\/en\/"},{"@type":"ListItem","position":2,"name":"Contrastare la violenza di genere in Guinea-Bissau"}]},{"@type":"WebSite","@id":"https:\/\/www.manitese.it\/en\/#website","url":"https:\/\/www.manitese.it\/en\/","name":"Mani Tese","description":"","potentialAction":[{"@type":"SearchAction","target":{"@type":"EntryPoint","urlTemplate":"https:\/\/www.manitese.it\/en\/?s={search_term_string}"},"query-input":{"@type":"PropertyValueSpecification","valueRequired":true,"valueName":"search_term_string"}}],"inLanguage":"en-US"},{"@type":"Person","@id":"https:\/\/www.manitese.it\/en\/#\/schema\/person\/5a9774f17e4940e2510bfeba90f04f65","name":"agevis","image":{"@type":"ImageObject","inLanguage":"en-US","@id":"https:\/\/secure.gravatar.com\/avatar\/2dc96c93fcf3387a5922a93b50fb3bff01d4800590fb6a4ab91a034adb25ba17?s=96&d=mm&r=g","url":"https:\/\/secure.gravatar.com\/avatar\/2dc96c93fcf3387a5922a93b50fb3bff01d4800590fb6a4ab91a034adb25ba17?s=96&d=mm&r=g","contentUrl":"https:\/\/secure.gravatar.com\/avatar\/2dc96c93fcf3387a5922a93b50fb3bff01d4800590fb6a4ab91a034adb25ba17?s=96&d=mm&r=g","caption":"agevis"},"url":"https:\/\/www.manitese.it\/en\/author\/wp_agevis_admin\/"}]}},"jetpack_featured_media_url":"https:\/\/www.manitese.it\/wp-content\/uploads\/2024\/01\/q.png","jetpack_sharing_enabled":true,"_links":{"self":[{"href":"https:\/\/www.manitese.it\/en\/wp-json\/wp\/v2\/posts\/192468","targetHints":{"allow":["GET"]}}],"collection":[{"href":"https:\/\/www.manitese.it\/en\/wp-json\/wp\/v2\/posts"}],"about":[{"href":"https:\/\/www.manitese.it\/en\/wp-json\/wp\/v2\/types\/post"}],"author":[{"embeddable":true,"href":"https:\/\/www.manitese.it\/en\/wp-json\/wp\/v2\/users\/1"}],"replies":[{"embeddable":true,"href":"https:\/\/www.manitese.it\/en\/wp-json\/wp\/v2\/comments?post=192468"}],"version-history":[{"count":1,"href":"https:\/\/www.manitese.it\/en\/wp-json\/wp\/v2\/posts\/192468\/revisions"}],"predecessor-version":[{"id":192471,"href":"https:\/\/www.manitese.it\/en\/wp-json\/wp\/v2\/posts\/192468\/revisions\/192471"}],"wp:featuredmedia":[{"embeddable":true,"href":"https:\/\/www.manitese.it\/en\/wp-json\/wp\/v2\/media\/192469"}],"wp:attachment":[{"href":"https:\/\/www.manitese.it\/en\/wp-json\/wp\/v2\/media?parent=192468"}],"wp:term":[{"taxonomy":"category","embeddable":true,"href":"https:\/\/www.manitese.it\/en\/wp-json\/wp\/v2\/categories?post=192468"},{"taxonomy":"post_tag","embeddable":true,"href":"https:\/\/www.manitese.it\/en\/wp-json\/wp\/v2\/tags?post=192468"},{"taxonomy":"thematic_area","embeddable":true,"href":"https:\/\/www.manitese.it\/en\/wp-json\/wp\/v2\/thematic_area?post=192468"}],"curies":[{"name":"wp","href":"https:\/\/api.w.org\/{rel}","templated":true}]}}