{"id":192449,"date":"2023-12-11T15:46:58","date_gmt":"2023-12-11T14:46:58","guid":{"rendered":"https:\/\/manitese.it\/?p=192449"},"modified":"2024-01-26T16:02:55","modified_gmt":"2024-01-26T15:02:55","slug":"dona-veronica-e-lorto-famigliare-agroecologico","status":"publish","type":"post","link":"https:\/\/www.manitese.it\/en\/dona-veronica-e-lorto-famigliare-agroecologico\/","title":{"rendered":"Do\u00f1a Veronica e l&#8217;orto famigliare agroecologico"},"content":{"rendered":"<p><span data-contrast=\"auto\">Do\u00f1a Veronica \u00e8 una donna della comunit\u00e0 di Muyurc\u00f2, nella frazione di El Chorro, in Guatenala, che vive con il marito e con i figli di 16 e 17 anni.\u00a0<\/span><span data-ccp-props=\"{}\">\u00a0<\/span><\/p>\n<p><span data-contrast=\"auto\">Per anni, Do\u00f1a Veronica ha partecipato con costanza e dedizione come destinataria dei progetti di cooperazione realizzati dal partner locale di Mani Tese e, grazie a questo suo impegno, \u00e8 riuscita, negli anni, a migliorare la propria condizione.\u00a0<\/span><span data-ccp-props=\"{}\">\u00a0<\/span><\/p>\n<p><span data-ccp-props=\"{}\">\u00a0<\/span><\/p>\n<p><span data-contrast=\"auto\">Proprio per la sua dedizione e il suo entusiasmo, Do\u00f1a Veronica \u00e8 stata quindi selezionata come beneficiaria di una <\/span><i><span data-contrast=\"auto\">estufa ahorradora de le\u00f1a <\/span><\/i><span data-contrast=\"auto\">(una stufa a risparmio di legna) nell\u2019ambito del progetto <\/span><i><span data-contrast=\"auto\">\u201cLucha contra la desnutricion nel departamento de Chiquimula\u201d<\/span><\/i><span data-contrast=\"auto\"> (<\/span><b><span data-contrast=\"auto\">Lotta alla denutrizione nel dipartimento di Chiquimula<\/span><\/b><span data-contrast=\"auto\">) promosso da Mani Tese.<\/span><span data-ccp-props=\"{}\">\u00a0<\/span><\/p>\n<p><span data-ccp-props=\"{}\">\u00a0<\/span><\/p>\n<p><b><span data-contrast=\"auto\">La stufa \u00e8 uno strumento molto importante per combattere l\u2019insorgere di malattie respiratorie, soprattutto nelle donne e nei bambini<\/span><\/b><span data-contrast=\"auto\">. Si tratta di malattie, tra l\u2019altro, che rappresentano le principali cause di denutrizione infantile. Questo perch\u00e9 il modo tradizionale di cucinare, in questa zona, prevede l\u2019uso di una piastra, detta \u201ccomal\u201d, posta direttamente sul fuoco libero all\u2019interno di luoghi chiusi, dove le persone cucinano e al contempo dormono, che quindi si riempiono di fumi tossici.\u00a0<\/span><span data-ccp-props=\"{}\">\u00a0<\/span><\/p>\n<p><span data-ccp-props=\"{}\">\u00a0<\/span><\/p>\n<p><span data-contrast=\"auto\">Grazie al progetto, <\/span><b><span data-contrast=\"auto\">Do\u00f1a Veronica non solo ha ricevuto una stufa a risparmio di legna, ma anche dei semi per il suo orto e delle piante da frutto partecipando con entusiasmo a tutte le formazioni previste dalle nostre attivit\u00e0<\/span><\/b><span data-contrast=\"auto\">.<\/span><span data-ccp-props=\"{}\">\u00a0<\/span><\/p>\n<p><span data-ccp-props=\"{}\">\u00a0<\/span><\/p>\n<p><span data-contrast=\"auto\">La sua esperienza, unita alla sua grande voglia di lavorare e alla disponibilit\u00e0 di terra fertile di cui dispone, le hanno dato la possibilit\u00e0 di creare <\/span><b><span data-contrast=\"auto\">un perfetto sistema silvestre agroecologico<\/span><\/b><span data-contrast=\"auto\"> in cui convivono coltivazioni di mais, caff\u00e8, piante da frutto come mango, avocado e arancia, tuberi come la yuca e il camote, e anche piante di ananas.\u00a0<\/span><span data-ccp-props=\"{}\">\u00a0<\/span><\/p>\n<p><span data-contrast=\"auto\">La produzione di Do\u00f1a Veronica si distingue inoltre per i suoi grandi chayote o guisquil, frutti dal sapore e uso simile alla patata, che nascono per\u00f2 da una pianta rampicante.<\/span><span data-ccp-props=\"{}\">\u00a0<\/span><\/p>\n<p><span data-ccp-props=\"{}\">\u00a0<\/span><\/p>\n<p><span data-contrast=\"auto\">La dedizione di Do\u00f1a Veronica ci ha molto colpiti ed \u00e8 stata un esempio di come sfruttare al meglio le opportunit\u00e0 offerte dal nostro progetto rendendo un orto famigliare una vera e propria attivit\u00e0 produttiva redditizia.<\/span><span data-ccp-props=\"{}\">\u00a0<\/span><\/p>\n<p><img fetchpriority=\"high\" decoding=\"async\" class=\"alignnone size-medium wp-image-192455\" src=\"https:\/\/manitese.it\/wp-content\/uploads\/2023\/12\/IMG_7439-scaled-1-300x300.jpeg\" alt=\"\" width=\"300\" height=\"300\" srcset=\"https:\/\/www.manitese.it\/wp-content\/uploads\/2023\/12\/IMG_7439-scaled-1-300x300.jpeg 300w, https:\/\/www.manitese.it\/wp-content\/uploads\/2023\/12\/IMG_7439-scaled-1-150x150.jpeg 150w, https:\/\/www.manitese.it\/wp-content\/uploads\/2023\/12\/IMG_7439-scaled-1-768x768.jpeg 768w, https:\/\/www.manitese.it\/wp-content\/uploads\/2023\/12\/IMG_7439-scaled-1-1024x1024.jpeg 1024w, https:\/\/www.manitese.it\/wp-content\/uploads\/2023\/12\/IMG_7439-scaled-1-1536x1536.jpeg 1536w, https:\/\/www.manitese.it\/wp-content\/uploads\/2023\/12\/IMG_7439-scaled-1-2048x2048.jpeg 2048w, https:\/\/www.manitese.it\/wp-content\/uploads\/2023\/12\/IMG_7439-scaled-1-110x110.jpeg 110w, https:\/\/www.manitese.it\/wp-content\/uploads\/2023\/12\/IMG_7439-scaled-1-400x400.jpeg 400w, https:\/\/www.manitese.it\/wp-content\/uploads\/2023\/12\/IMG_7439-scaled-1-160x160.jpeg 160w, https:\/\/www.manitese.it\/wp-content\/uploads\/2023\/12\/IMG_7439-scaled-1-100x100.jpeg 100w, https:\/\/www.manitese.it\/wp-content\/uploads\/2023\/12\/IMG_7439-scaled-1-600x600.jpeg 600w, https:\/\/www.manitese.it\/wp-content\/uploads\/2023\/12\/IMG_7439-scaled-1-50x50.jpeg 50w\" sizes=\"(max-width: 300px) 100vw, 300px\" \/><\/p>\n","protected":false},"excerpt":{"rendered":"<p>Una stufa migliorata, dei semi, delle piante, tanta formazione e buona volont\u00e0 sono gli ingredienti che hanno reso l\u2019orto famigliare di Dona Veronica un\u2019attivit\u00e0 redditizia, realizzata nell\u2019ambito del nostro progetto in Guatemala.<\/p>\n","protected":false},"author":1,"featured_media":192458,"comment_status":"open","ping_status":"open","sticky":false,"template":"","format":"standard","meta":{"_acf_changed":false,"give_campaign_id":0,"inline_featured_image":false,"_jetpack_memberships_contains_paid_content":false,"footnotes":""},"categories":[1],"tags":[],"thematic_area":[],"class_list":["post-192449","post","type-post","status-publish","format-standard","has-post-thumbnail","hentry","category-news"],"acf":[],"yoast_head":"<!-- This site is optimized with the Yoast SEO plugin v27.5 - https:\/\/yoast.com\/product\/yoast-seo-wordpress\/ -->\n<title>Do\u00f1a Veronica e l&#039;orto famigliare agroecologico - Mani Tese<\/title>\n<meta name=\"robots\" content=\"index, follow, max-snippet:-1, max-image-preview:large, max-video-preview:-1\" \/>\n<link rel=\"canonical\" href=\"https:\/\/www.manitese.it\/en\/dona-veronica-e-lorto-famigliare-agroecologico\/\" \/>\n<meta property=\"og:locale\" content=\"en_US\" \/>\n<meta property=\"og:type\" content=\"article\" \/>\n<meta property=\"og:title\" content=\"Do\u00f1a Veronica e l&#039;orto famigliare agroecologico - Mani Tese\" \/>\n<meta property=\"og:description\" content=\"Una stufa migliorata, dei semi, delle piante, tanta formazione e buona volont\u00e0 sono gli ingredienti che hanno reso l\u2019orto famigliare di Dona Veronica un\u2019attivit\u00e0 redditizia, realizzata nell\u2019ambito del nostro progetto in Guatemala.\" \/>\n<meta property=\"og:url\" content=\"https:\/\/www.manitese.it\/en\/dona-veronica-e-lorto-famigliare-agroecologico\/\" \/>\n<meta property=\"og:site_name\" content=\"Mani Tese\" \/>\n<meta property=\"article:published_time\" content=\"2023-12-11T14:46:58+00:00\" \/>\n<meta property=\"article:modified_time\" content=\"2024-01-26T15:02:55+00:00\" \/>\n<meta property=\"og:image\" content=\"https:\/\/www.manitese.it\/wp-content\/uploads\/2023\/12\/veronica2.jpeg\" \/>\n\t<meta property=\"og:image:width\" content=\"2560\" \/>\n\t<meta property=\"og:image:height\" content=\"1117\" \/>\n\t<meta property=\"og:image:type\" content=\"image\/jpeg\" \/>\n<meta name=\"author\" content=\"agevis\" \/>\n<meta name=\"twitter:card\" content=\"summary_large_image\" \/>\n<meta name=\"twitter:label1\" content=\"Written by\" \/>\n\t<meta name=\"twitter:data1\" content=\"agevis\" \/>\n\t<meta name=\"twitter:label2\" content=\"Est. reading time\" \/>\n\t<meta name=\"twitter:data2\" content=\"2 minutes\" \/>\n<script type=\"application\/ld+json\" class=\"yoast-schema-graph\">{\"@context\":\"https:\\\/\\\/schema.org\",\"@graph\":[{\"@type\":\"Article\",\"@id\":\"https:\\\/\\\/www.manitese.it\\\/en\\\/dona-veronica-e-lorto-famigliare-agroecologico\\\/#article\",\"isPartOf\":{\"@id\":\"https:\\\/\\\/www.manitese.it\\\/en\\\/dona-veronica-e-lorto-famigliare-agroecologico\\\/\"},\"author\":{\"name\":\"agevis\",\"@id\":\"https:\\\/\\\/www.manitese.it\\\/en\\\/#\\\/schema\\\/person\\\/5a9774f17e4940e2510bfeba90f04f65\"},\"headline\":\"Do\u00f1a Veronica e l&#8217;orto famigliare agroecologico\",\"datePublished\":\"2023-12-11T14:46:58+00:00\",\"dateModified\":\"2024-01-26T15:02:55+00:00\",\"mainEntityOfPage\":{\"@id\":\"https:\\\/\\\/www.manitese.it\\\/en\\\/dona-veronica-e-lorto-famigliare-agroecologico\\\/\"},\"wordCount\":369,\"commentCount\":0,\"image\":{\"@id\":\"https:\\\/\\\/www.manitese.it\\\/en\\\/dona-veronica-e-lorto-famigliare-agroecologico\\\/#primaryimage\"},\"thumbnailUrl\":\"https:\\\/\\\/www.manitese.it\\\/wp-content\\\/uploads\\\/2023\\\/12\\\/veronica2.jpeg\",\"articleSection\":[\"News\"],\"inLanguage\":\"en-US\",\"potentialAction\":[{\"@type\":\"CommentAction\",\"name\":\"Comment\",\"target\":[\"https:\\\/\\\/www.manitese.it\\\/en\\\/dona-veronica-e-lorto-famigliare-agroecologico\\\/#respond\"]}]},{\"@type\":\"WebPage\",\"@id\":\"https:\\\/\\\/www.manitese.it\\\/en\\\/dona-veronica-e-lorto-famigliare-agroecologico\\\/\",\"url\":\"https:\\\/\\\/www.manitese.it\\\/en\\\/dona-veronica-e-lorto-famigliare-agroecologico\\\/\",\"name\":\"Do\u00f1a Veronica e l'orto famigliare agroecologico - Mani Tese\",\"isPartOf\":{\"@id\":\"https:\\\/\\\/www.manitese.it\\\/en\\\/#website\"},\"primaryImageOfPage\":{\"@id\":\"https:\\\/\\\/www.manitese.it\\\/en\\\/dona-veronica-e-lorto-famigliare-agroecologico\\\/#primaryimage\"},\"image\":{\"@id\":\"https:\\\/\\\/www.manitese.it\\\/en\\\/dona-veronica-e-lorto-famigliare-agroecologico\\\/#primaryimage\"},\"thumbnailUrl\":\"https:\\\/\\\/www.manitese.it\\\/wp-content\\\/uploads\\\/2023\\\/12\\\/veronica2.jpeg\",\"datePublished\":\"2023-12-11T14:46:58+00:00\",\"dateModified\":\"2024-01-26T15:02:55+00:00\",\"author\":{\"@id\":\"https:\\\/\\\/www.manitese.it\\\/en\\\/#\\\/schema\\\/person\\\/5a9774f17e4940e2510bfeba90f04f65\"},\"breadcrumb\":{\"@id\":\"https:\\\/\\\/www.manitese.it\\\/en\\\/dona-veronica-e-lorto-famigliare-agroecologico\\\/#breadcrumb\"},\"inLanguage\":\"en-US\",\"potentialAction\":[{\"@type\":\"ReadAction\",\"target\":[\"https:\\\/\\\/www.manitese.it\\\/en\\\/dona-veronica-e-lorto-famigliare-agroecologico\\\/\"]}]},{\"@type\":\"ImageObject\",\"inLanguage\":\"en-US\",\"@id\":\"https:\\\/\\\/www.manitese.it\\\/en\\\/dona-veronica-e-lorto-famigliare-agroecologico\\\/#primaryimage\",\"url\":\"https:\\\/\\\/www.manitese.it\\\/wp-content\\\/uploads\\\/2023\\\/12\\\/veronica2.jpeg\",\"contentUrl\":\"https:\\\/\\\/www.manitese.it\\\/wp-content\\\/uploads\\\/2023\\\/12\\\/veronica2.jpeg\",\"width\":2560,\"height\":1117},{\"@type\":\"BreadcrumbList\",\"@id\":\"https:\\\/\\\/www.manitese.it\\\/en\\\/dona-veronica-e-lorto-famigliare-agroecologico\\\/#breadcrumb\",\"itemListElement\":[{\"@type\":\"ListItem\",\"position\":1,\"name\":\"Home\",\"item\":\"https:\\\/\\\/www.manitese.it\\\/en\\\/\"},{\"@type\":\"ListItem\",\"position\":2,\"name\":\"Do\u00f1a Veronica e l&#8217;orto famigliare agroecologico\"}]},{\"@type\":\"WebSite\",\"@id\":\"https:\\\/\\\/www.manitese.it\\\/en\\\/#website\",\"url\":\"https:\\\/\\\/www.manitese.it\\\/en\\\/\",\"name\":\"Mani Tese\",\"description\":\"\",\"potentialAction\":[{\"@type\":\"SearchAction\",\"target\":{\"@type\":\"EntryPoint\",\"urlTemplate\":\"https:\\\/\\\/www.manitese.it\\\/en\\\/?s={search_term_string}\"},\"query-input\":{\"@type\":\"PropertyValueSpecification\",\"valueRequired\":true,\"valueName\":\"search_term_string\"}}],\"inLanguage\":\"en-US\"},{\"@type\":\"Person\",\"@id\":\"https:\\\/\\\/www.manitese.it\\\/en\\\/#\\\/schema\\\/person\\\/5a9774f17e4940e2510bfeba90f04f65\",\"name\":\"agevis\",\"image\":{\"@type\":\"ImageObject\",\"inLanguage\":\"en-US\",\"@id\":\"https:\\\/\\\/secure.gravatar.com\\\/avatar\\\/2dc96c93fcf3387a5922a93b50fb3bff01d4800590fb6a4ab91a034adb25ba17?s=96&d=mm&r=g\",\"url\":\"https:\\\/\\\/secure.gravatar.com\\\/avatar\\\/2dc96c93fcf3387a5922a93b50fb3bff01d4800590fb6a4ab91a034adb25ba17?s=96&d=mm&r=g\",\"contentUrl\":\"https:\\\/\\\/secure.gravatar.com\\\/avatar\\\/2dc96c93fcf3387a5922a93b50fb3bff01d4800590fb6a4ab91a034adb25ba17?s=96&d=mm&r=g\",\"caption\":\"agevis\"},\"url\":\"https:\\\/\\\/www.manitese.it\\\/en\\\/author\\\/wp_agevis_admin\\\/\"}]}<\/script>\n<!-- \/ Yoast SEO plugin. -->","yoast_head_json":{"title":"Do\u00f1a Veronica e l'orto famigliare agroecologico - Mani Tese","robots":{"index":"index","follow":"follow","max-snippet":"max-snippet:-1","max-image-preview":"max-image-preview:large","max-video-preview":"max-video-preview:-1"},"canonical":"https:\/\/www.manitese.it\/en\/dona-veronica-e-lorto-famigliare-agroecologico\/","og_locale":"en_US","og_type":"article","og_title":"Do\u00f1a Veronica e l'orto famigliare agroecologico - Mani Tese","og_description":"Una stufa migliorata, dei semi, delle piante, tanta formazione e buona volont\u00e0 sono gli ingredienti che hanno reso l\u2019orto famigliare di Dona Veronica un\u2019attivit\u00e0 redditizia, realizzata nell\u2019ambito del nostro progetto in Guatemala.","og_url":"https:\/\/www.manitese.it\/en\/dona-veronica-e-lorto-famigliare-agroecologico\/","og_site_name":"Mani Tese","article_published_time":"2023-12-11T14:46:58+00:00","article_modified_time":"2024-01-26T15:02:55+00:00","og_image":[{"width":2560,"height":1117,"url":"https:\/\/www.manitese.it\/wp-content\/uploads\/2023\/12\/veronica2.jpeg","type":"image\/jpeg"}],"author":"agevis","twitter_card":"summary_large_image","twitter_misc":{"Written by":"agevis","Est. reading time":"2 minutes"},"schema":{"@context":"https:\/\/schema.org","@graph":[{"@type":"Article","@id":"https:\/\/www.manitese.it\/en\/dona-veronica-e-lorto-famigliare-agroecologico\/#article","isPartOf":{"@id":"https:\/\/www.manitese.it\/en\/dona-veronica-e-lorto-famigliare-agroecologico\/"},"author":{"name":"agevis","@id":"https:\/\/www.manitese.it\/en\/#\/schema\/person\/5a9774f17e4940e2510bfeba90f04f65"},"headline":"Do\u00f1a Veronica e l&#8217;orto famigliare agroecologico","datePublished":"2023-12-11T14:46:58+00:00","dateModified":"2024-01-26T15:02:55+00:00","mainEntityOfPage":{"@id":"https:\/\/www.manitese.it\/en\/dona-veronica-e-lorto-famigliare-agroecologico\/"},"wordCount":369,"commentCount":0,"image":{"@id":"https:\/\/www.manitese.it\/en\/dona-veronica-e-lorto-famigliare-agroecologico\/#primaryimage"},"thumbnailUrl":"https:\/\/www.manitese.it\/wp-content\/uploads\/2023\/12\/veronica2.jpeg","articleSection":["News"],"inLanguage":"en-US","potentialAction":[{"@type":"CommentAction","name":"Comment","target":["https:\/\/www.manitese.it\/en\/dona-veronica-e-lorto-famigliare-agroecologico\/#respond"]}]},{"@type":"WebPage","@id":"https:\/\/www.manitese.it\/en\/dona-veronica-e-lorto-famigliare-agroecologico\/","url":"https:\/\/www.manitese.it\/en\/dona-veronica-e-lorto-famigliare-agroecologico\/","name":"Do\u00f1a Veronica e l'orto famigliare agroecologico - Mani Tese","isPartOf":{"@id":"https:\/\/www.manitese.it\/en\/#website"},"primaryImageOfPage":{"@id":"https:\/\/www.manitese.it\/en\/dona-veronica-e-lorto-famigliare-agroecologico\/#primaryimage"},"image":{"@id":"https:\/\/www.manitese.it\/en\/dona-veronica-e-lorto-famigliare-agroecologico\/#primaryimage"},"thumbnailUrl":"https:\/\/www.manitese.it\/wp-content\/uploads\/2023\/12\/veronica2.jpeg","datePublished":"2023-12-11T14:46:58+00:00","dateModified":"2024-01-26T15:02:55+00:00","author":{"@id":"https:\/\/www.manitese.it\/en\/#\/schema\/person\/5a9774f17e4940e2510bfeba90f04f65"},"breadcrumb":{"@id":"https:\/\/www.manitese.it\/en\/dona-veronica-e-lorto-famigliare-agroecologico\/#breadcrumb"},"inLanguage":"en-US","potentialAction":[{"@type":"ReadAction","target":["https:\/\/www.manitese.it\/en\/dona-veronica-e-lorto-famigliare-agroecologico\/"]}]},{"@type":"ImageObject","inLanguage":"en-US","@id":"https:\/\/www.manitese.it\/en\/dona-veronica-e-lorto-famigliare-agroecologico\/#primaryimage","url":"https:\/\/www.manitese.it\/wp-content\/uploads\/2023\/12\/veronica2.jpeg","contentUrl":"https:\/\/www.manitese.it\/wp-content\/uploads\/2023\/12\/veronica2.jpeg","width":2560,"height":1117},{"@type":"BreadcrumbList","@id":"https:\/\/www.manitese.it\/en\/dona-veronica-e-lorto-famigliare-agroecologico\/#breadcrumb","itemListElement":[{"@type":"ListItem","position":1,"name":"Home","item":"https:\/\/www.manitese.it\/en\/"},{"@type":"ListItem","position":2,"name":"Do\u00f1a Veronica e l&#8217;orto famigliare agroecologico"}]},{"@type":"WebSite","@id":"https:\/\/www.manitese.it\/en\/#website","url":"https:\/\/www.manitese.it\/en\/","name":"Mani Tese","description":"","potentialAction":[{"@type":"SearchAction","target":{"@type":"EntryPoint","urlTemplate":"https:\/\/www.manitese.it\/en\/?s={search_term_string}"},"query-input":{"@type":"PropertyValueSpecification","valueRequired":true,"valueName":"search_term_string"}}],"inLanguage":"en-US"},{"@type":"Person","@id":"https:\/\/www.manitese.it\/en\/#\/schema\/person\/5a9774f17e4940e2510bfeba90f04f65","name":"agevis","image":{"@type":"ImageObject","inLanguage":"en-US","@id":"https:\/\/secure.gravatar.com\/avatar\/2dc96c93fcf3387a5922a93b50fb3bff01d4800590fb6a4ab91a034adb25ba17?s=96&d=mm&r=g","url":"https:\/\/secure.gravatar.com\/avatar\/2dc96c93fcf3387a5922a93b50fb3bff01d4800590fb6a4ab91a034adb25ba17?s=96&d=mm&r=g","contentUrl":"https:\/\/secure.gravatar.com\/avatar\/2dc96c93fcf3387a5922a93b50fb3bff01d4800590fb6a4ab91a034adb25ba17?s=96&d=mm&r=g","caption":"agevis"},"url":"https:\/\/www.manitese.it\/en\/author\/wp_agevis_admin\/"}]}},"jetpack_featured_media_url":"https:\/\/www.manitese.it\/wp-content\/uploads\/2023\/12\/veronica2.jpeg","jetpack_sharing_enabled":true,"_links":{"self":[{"href":"https:\/\/www.manitese.it\/en\/wp-json\/wp\/v2\/posts\/192449","targetHints":{"allow":["GET"]}}],"collection":[{"href":"https:\/\/www.manitese.it\/en\/wp-json\/wp\/v2\/posts"}],"about":[{"href":"https:\/\/www.manitese.it\/en\/wp-json\/wp\/v2\/types\/post"}],"author":[{"embeddable":true,"href":"https:\/\/www.manitese.it\/en\/wp-json\/wp\/v2\/users\/1"}],"replies":[{"embeddable":true,"href":"https:\/\/www.manitese.it\/en\/wp-json\/wp\/v2\/comments?post=192449"}],"version-history":[{"count":2,"href":"https:\/\/www.manitese.it\/en\/wp-json\/wp\/v2\/posts\/192449\/revisions"}],"predecessor-version":[{"id":192457,"href":"https:\/\/www.manitese.it\/en\/wp-json\/wp\/v2\/posts\/192449\/revisions\/192457"}],"wp:featuredmedia":[{"embeddable":true,"href":"https:\/\/www.manitese.it\/en\/wp-json\/wp\/v2\/media\/192458"}],"wp:attachment":[{"href":"https:\/\/www.manitese.it\/en\/wp-json\/wp\/v2\/media?parent=192449"}],"wp:term":[{"taxonomy":"category","embeddable":true,"href":"https:\/\/www.manitese.it\/en\/wp-json\/wp\/v2\/categories?post=192449"},{"taxonomy":"post_tag","embeddable":true,"href":"https:\/\/www.manitese.it\/en\/wp-json\/wp\/v2\/tags?post=192449"},{"taxonomy":"thematic_area","embeddable":true,"href":"https:\/\/www.manitese.it\/en\/wp-json\/wp\/v2\/thematic_area?post=192449"}],"curies":[{"name":"wp","href":"https:\/\/api.w.org\/{rel}","templated":true}]}}