{"id":192441,"date":"2023-11-27T15:18:57","date_gmt":"2023-11-27T14:18:57","guid":{"rendered":"https:\/\/manitese.it\/?p=192441"},"modified":"2024-04-11T16:18:33","modified_gmt":"2024-04-11T14:18:33","slug":"linsostenibile-prezzo-del-cacao","status":"publish","type":"post","link":"https:\/\/www.manitese.it\/en\/linsostenibile-prezzo-del-cacao\/","title":{"rendered":"L&#8217;insostenibile Prezzo del Cacao"},"content":{"rendered":"\t\t<div data-elementor-type=\"wp-post\" data-elementor-id=\"192441\" class=\"elementor elementor-192441\">\n\t\t\t\t\t\t<section class=\"elementor-section elementor-top-section elementor-element elementor-element-6002c5ec elementor-section-boxed elementor-section-height-default elementor-section-height-default\" data-id=\"6002c5ec\" data-element_type=\"section\">\n\t\t\t\t\t\t<div class=\"elementor-container elementor-column-gap-default\">\n\t\t\t\t\t<div class=\"elementor-column elementor-col-100 elementor-top-column elementor-element elementor-element-73df1601\" data-id=\"73df1601\" data-element_type=\"column\">\n\t\t\t<div class=\"elementor-widget-wrap elementor-element-populated\">\n\t\t\t\t\t\t<div class=\"elementor-element elementor-element-6bab7402 elementor-widget elementor-widget-text-editor\" data-id=\"6bab7402\" data-element_type=\"widget\" data-widget_type=\"text-editor.default\">\n\t\t\t\t<div class=\"elementor-widget-container\">\n\t\t\t\t\t        <div class=\"elementor-text-editor elementor-clearfix\"><p>Di Luca Rondi<\/p><p>\u201c\u00c8 buonissimo\u201d grida entusiasta Amina, donna sulla quarantina che vive in un piccolo villaggio vicino a Meagu\u00ec, citt\u00e0 lungo la \u201cvia del cacao\u201d che dal Nord della Costa d\u2019Avorio scende diritta verso San Pedro, uno dei principali porti di esportazione del Paese. Dagli anziani ai bambini pi\u00f9 piccoli del villaggio, tutti si affrettano ad agguantare una punta di pasta di cacao ammassata su un piccolo pianale di pietra appoggiato a terra. Il cerchio intorno alla pentola di medie dimensioni, in cui le fave sono appena state tostate e poi ridotte in pasta morbida tramite un mortaio, diventa sempre pi\u00f9 stretto. \u201cNon sapevo che gusto avesse il cacao\u201d, spiega Da\u00f2, uno egli altri abitanti del villaggio, che da quarant\u2019anni si prende cura della sua piantagione.<\/p><p>La storia del cacao \u00e8 una storia di paradossi. E questo rito collettivo a cui prendiamo parte in diverse zone del Paese lo descrive nitidamente: dal punto di raccolta della fava alla tavoletta di cioccolato non \u00e8 il \u201csapore\u201d quello che conta. N\u00e9 per i produttori, che spesso non lo conoscono, n\u00e9 in fin dei conti per i consumatori, per cui l\u2019importante \u00e8 non spendere troppo per soddisfare un \u201cvizio\u201d: un meccanismo in cui a pagare il conto pi\u00f9 alto sono la sostenibilit\u00e0 sociale e ambientale. Nello stupore di Amina e Da\u00f2 c\u2019\u00e8 anche, e soprattutto, tanta ingiustizia: perch\u00e9 quella scarsa conoscenza del gusto-ma soprattutto delle potenzialit\u00e0- di quella pianta cos\u00ec centrale nei bilanci famigliari dei produttori \u00e8 funzionale al mercato, al sistema, agli interessi di chi, su quelle piantagioni, ci costruisce imperi economici. E non ha interesse a far diventare \u201cpadrone\u201d di un sapere cos\u00ec prezioso le migliaia di agricoltori che stanno alla base della piramide. \u201cLa filiera del cacao ci dice tanto del mondo di oggi, dei processi che si verificano: lo scontro \u00e8 tra due visioni del mondo. Da un lato quello che standardizza, figlio del neoliberismo, dall\u2019altro quello che invece esalta la biodiversit\u00e0, le differenze e la loro armonizzazione\u201d, ci racconta Andrea Mecozzi operatore di filiera che si occupa del cacao ivoriano da oltre dieci anni, mentre visitiamo la piantagione di Bole Ndrikro, soprannominato bioman, che nel 2021 ha vinto il premio per il miglior cacao biologico della<br \/>cooperativa Ecam. \u201cHo visto che si diffondevano tante malattie, sulle piante come su di noi -ci racconta Nrdikro-. Ho abbandonato i pesticidi e sono passato al bio per me, per la mia famiglia e per l\u2019ambiente in cui viviamo\u201d.<br \/>In questo report vogliamo raccontare le storie di chi, come bioman, dimostra che quella \u201cvisione del mondo che esalta la biodiversit\u00e0\u201d \u00e8 gi\u00e0 realt\u00e0. In tutto il Paese cooperative pi\u00f9 o meno grandi provano a promuovere pratiche agricole all\u2019avanguardia, attente sia alla dimensione ambientale sia sociale. \u201cAbbiamo visto tante soluzioni innovative e di alto livello -racconta Eugenio Attard, capo missione di Mani Tese in Burkina Faso-. Dall\u2019utilizzo del biocompost alle avanzate tecniche di raccolta dei frutti e di protezione delle piantagioni biologiche. Un sapere davvero prezioso\u201d.<br \/>Che per\u00f2, spesso rischia di essere soffocato dal \u201csistema cacao\u201d: dall\u2019incontro con produttori, aziende che si occupano di esportare le fave di cacao, realt\u00e0 che trasformano in loco il prodotto finito, esperti che si occupano da anni del tema abbiamo ricostruito la filiera del cacao: dalla piantagione fino al prodotto finito.<\/p><h1 style=\"text-align: center;\"><a href=\"https:\/\/www.manitese.it\/wp-content\/uploads\/2024\/04\/Dossier-Cacao-IT.pdf\"><strong>SCARICA QUI IL DOSSIER<\/strong><\/a><\/h1><\/div>\n        \t\t\t\t<\/div>\n\t\t\t\t<\/div>\n\t\t\t\t\t<\/div>\n\t\t<\/div>\n\t\t\t\t\t<\/div>\n\t\t<\/section>\n\t\t\t\t<\/div>\n\t\t","protected":false},"excerpt":{"rendered":"<p>Caso studio condotto da Mani Tese nell\u2019ambito del progetto Food Wave, autore Luca Rondi di Altraeconomia.<\/p>\n","protected":false},"author":1,"featured_media":192442,"comment_status":"open","ping_status":"open","sticky":false,"template":"","format":"standard","meta":{"_acf_changed":false,"give_campaign_id":0,"inline_featured_image":false,"_jetpack_memberships_contains_paid_content":false,"footnotes":""},"categories":[1],"tags":[],"thematic_area":[874],"class_list":["post-192441","post","type-post","status-publish","format-standard","has-post-thumbnail","hentry","category-news","thematic_area-lotta-alla-fame-poverta-e-disuguaglianze"],"acf":[],"yoast_head":"<!-- This site is optimized with the Yoast SEO plugin v27.5 - https:\/\/yoast.com\/product\/yoast-seo-wordpress\/ -->\n<title>L&#039;insostenibile Prezzo del Cacao - Mani Tese<\/title>\n<meta name=\"robots\" content=\"index, follow, max-snippet:-1, max-image-preview:large, max-video-preview:-1\" \/>\n<link rel=\"canonical\" href=\"https:\/\/www.manitese.it\/en\/linsostenibile-prezzo-del-cacao\/\" \/>\n<meta property=\"og:locale\" content=\"en_US\" \/>\n<meta property=\"og:type\" content=\"article\" \/>\n<meta property=\"og:title\" content=\"L&#039;insostenibile Prezzo del Cacao - Mani Tese\" \/>\n<meta property=\"og:description\" content=\"Caso studio condotto da Mani Tese nell\u2019ambito del progetto Food Wave, autore Luca Rondi di Altraeconomia.\" \/>\n<meta property=\"og:url\" content=\"https:\/\/www.manitese.it\/en\/linsostenibile-prezzo-del-cacao\/\" \/>\n<meta property=\"og:site_name\" content=\"Mani Tese\" \/>\n<meta property=\"article:published_time\" content=\"2023-11-27T14:18:57+00:00\" \/>\n<meta property=\"article:modified_time\" content=\"2024-04-11T14:18:33+00:00\" \/>\n<meta property=\"og:image\" content=\"https:\/\/www.manitese.it\/wp-content\/uploads\/2024\/01\/DSCF6636chirit-scaled-1.jpg\" \/>\n\t<meta property=\"og:image:width\" content=\"1877\" \/>\n\t<meta property=\"og:image:height\" content=\"2560\" \/>\n\t<meta property=\"og:image:type\" content=\"image\/jpeg\" \/>\n<meta name=\"author\" content=\"agevis\" \/>\n<meta name=\"twitter:card\" content=\"summary_large_image\" \/>\n<meta name=\"twitter:label1\" content=\"Written by\" \/>\n\t<meta name=\"twitter:data1\" content=\"agevis\" \/>\n\t<meta name=\"twitter:label2\" content=\"Est. reading time\" \/>\n\t<meta name=\"twitter:data2\" content=\"3 minutes\" \/>\n<script type=\"application\/ld+json\" class=\"yoast-schema-graph\">{\"@context\":\"https:\\\/\\\/schema.org\",\"@graph\":[{\"@type\":\"Article\",\"@id\":\"https:\\\/\\\/www.manitese.it\\\/en\\\/linsostenibile-prezzo-del-cacao\\\/#article\",\"isPartOf\":{\"@id\":\"https:\\\/\\\/www.manitese.it\\\/en\\\/linsostenibile-prezzo-del-cacao\\\/\"},\"author\":{\"name\":\"agevis\",\"@id\":\"https:\\\/\\\/www.manitese.it\\\/en\\\/#\\\/schema\\\/person\\\/5a9774f17e4940e2510bfeba90f04f65\"},\"headline\":\"L&#8217;insostenibile Prezzo del Cacao\",\"datePublished\":\"2023-11-27T14:18:57+00:00\",\"dateModified\":\"2024-04-11T14:18:33+00:00\",\"mainEntityOfPage\":{\"@id\":\"https:\\\/\\\/www.manitese.it\\\/en\\\/linsostenibile-prezzo-del-cacao\\\/\"},\"wordCount\":554,\"commentCount\":0,\"image\":{\"@id\":\"https:\\\/\\\/www.manitese.it\\\/en\\\/linsostenibile-prezzo-del-cacao\\\/#primaryimage\"},\"thumbnailUrl\":\"https:\\\/\\\/www.manitese.it\\\/wp-content\\\/uploads\\\/2024\\\/01\\\/DSCF6636chirit-scaled-1.jpg\",\"articleSection\":[\"News\"],\"inLanguage\":\"en-US\",\"potentialAction\":[{\"@type\":\"CommentAction\",\"name\":\"Comment\",\"target\":[\"https:\\\/\\\/www.manitese.it\\\/en\\\/linsostenibile-prezzo-del-cacao\\\/#respond\"]}]},{\"@type\":\"WebPage\",\"@id\":\"https:\\\/\\\/www.manitese.it\\\/en\\\/linsostenibile-prezzo-del-cacao\\\/\",\"url\":\"https:\\\/\\\/www.manitese.it\\\/en\\\/linsostenibile-prezzo-del-cacao\\\/\",\"name\":\"L'insostenibile Prezzo del Cacao - Mani Tese\",\"isPartOf\":{\"@id\":\"https:\\\/\\\/www.manitese.it\\\/en\\\/#website\"},\"primaryImageOfPage\":{\"@id\":\"https:\\\/\\\/www.manitese.it\\\/en\\\/linsostenibile-prezzo-del-cacao\\\/#primaryimage\"},\"image\":{\"@id\":\"https:\\\/\\\/www.manitese.it\\\/en\\\/linsostenibile-prezzo-del-cacao\\\/#primaryimage\"},\"thumbnailUrl\":\"https:\\\/\\\/www.manitese.it\\\/wp-content\\\/uploads\\\/2024\\\/01\\\/DSCF6636chirit-scaled-1.jpg\",\"datePublished\":\"2023-11-27T14:18:57+00:00\",\"dateModified\":\"2024-04-11T14:18:33+00:00\",\"author\":{\"@id\":\"https:\\\/\\\/www.manitese.it\\\/en\\\/#\\\/schema\\\/person\\\/5a9774f17e4940e2510bfeba90f04f65\"},\"breadcrumb\":{\"@id\":\"https:\\\/\\\/www.manitese.it\\\/en\\\/linsostenibile-prezzo-del-cacao\\\/#breadcrumb\"},\"inLanguage\":\"en-US\",\"potentialAction\":[{\"@type\":\"ReadAction\",\"target\":[\"https:\\\/\\\/www.manitese.it\\\/en\\\/linsostenibile-prezzo-del-cacao\\\/\"]}]},{\"@type\":\"ImageObject\",\"inLanguage\":\"en-US\",\"@id\":\"https:\\\/\\\/www.manitese.it\\\/en\\\/linsostenibile-prezzo-del-cacao\\\/#primaryimage\",\"url\":\"https:\\\/\\\/www.manitese.it\\\/wp-content\\\/uploads\\\/2024\\\/01\\\/DSCF6636chirit-scaled-1.jpg\",\"contentUrl\":\"https:\\\/\\\/www.manitese.it\\\/wp-content\\\/uploads\\\/2024\\\/01\\\/DSCF6636chirit-scaled-1.jpg\",\"width\":1877,\"height\":2560},{\"@type\":\"BreadcrumbList\",\"@id\":\"https:\\\/\\\/www.manitese.it\\\/en\\\/linsostenibile-prezzo-del-cacao\\\/#breadcrumb\",\"itemListElement\":[{\"@type\":\"ListItem\",\"position\":1,\"name\":\"Home\",\"item\":\"https:\\\/\\\/www.manitese.it\\\/en\\\/\"},{\"@type\":\"ListItem\",\"position\":2,\"name\":\"L&#8217;insostenibile Prezzo del Cacao\"}]},{\"@type\":\"WebSite\",\"@id\":\"https:\\\/\\\/www.manitese.it\\\/en\\\/#website\",\"url\":\"https:\\\/\\\/www.manitese.it\\\/en\\\/\",\"name\":\"Mani Tese\",\"description\":\"\",\"potentialAction\":[{\"@type\":\"SearchAction\",\"target\":{\"@type\":\"EntryPoint\",\"urlTemplate\":\"https:\\\/\\\/www.manitese.it\\\/en\\\/?s={search_term_string}\"},\"query-input\":{\"@type\":\"PropertyValueSpecification\",\"valueRequired\":true,\"valueName\":\"search_term_string\"}}],\"inLanguage\":\"en-US\"},{\"@type\":\"Person\",\"@id\":\"https:\\\/\\\/www.manitese.it\\\/en\\\/#\\\/schema\\\/person\\\/5a9774f17e4940e2510bfeba90f04f65\",\"name\":\"agevis\",\"image\":{\"@type\":\"ImageObject\",\"inLanguage\":\"en-US\",\"@id\":\"https:\\\/\\\/secure.gravatar.com\\\/avatar\\\/2dc96c93fcf3387a5922a93b50fb3bff01d4800590fb6a4ab91a034adb25ba17?s=96&d=mm&r=g\",\"url\":\"https:\\\/\\\/secure.gravatar.com\\\/avatar\\\/2dc96c93fcf3387a5922a93b50fb3bff01d4800590fb6a4ab91a034adb25ba17?s=96&d=mm&r=g\",\"contentUrl\":\"https:\\\/\\\/secure.gravatar.com\\\/avatar\\\/2dc96c93fcf3387a5922a93b50fb3bff01d4800590fb6a4ab91a034adb25ba17?s=96&d=mm&r=g\",\"caption\":\"agevis\"},\"url\":\"https:\\\/\\\/www.manitese.it\\\/en\\\/author\\\/wp_agevis_admin\\\/\"}]}<\/script>\n<!-- \/ Yoast SEO plugin. -->","yoast_head_json":{"title":"L'insostenibile Prezzo del Cacao - Mani Tese","robots":{"index":"index","follow":"follow","max-snippet":"max-snippet:-1","max-image-preview":"max-image-preview:large","max-video-preview":"max-video-preview:-1"},"canonical":"https:\/\/www.manitese.it\/en\/linsostenibile-prezzo-del-cacao\/","og_locale":"en_US","og_type":"article","og_title":"L'insostenibile Prezzo del Cacao - Mani Tese","og_description":"Caso studio condotto da Mani Tese nell\u2019ambito del progetto Food Wave, autore Luca Rondi di Altraeconomia.","og_url":"https:\/\/www.manitese.it\/en\/linsostenibile-prezzo-del-cacao\/","og_site_name":"Mani Tese","article_published_time":"2023-11-27T14:18:57+00:00","article_modified_time":"2024-04-11T14:18:33+00:00","og_image":[{"width":1877,"height":2560,"url":"https:\/\/www.manitese.it\/wp-content\/uploads\/2024\/01\/DSCF6636chirit-scaled-1.jpg","type":"image\/jpeg"}],"author":"agevis","twitter_card":"summary_large_image","twitter_misc":{"Written by":"agevis","Est. reading time":"3 minutes"},"schema":{"@context":"https:\/\/schema.org","@graph":[{"@type":"Article","@id":"https:\/\/www.manitese.it\/en\/linsostenibile-prezzo-del-cacao\/#article","isPartOf":{"@id":"https:\/\/www.manitese.it\/en\/linsostenibile-prezzo-del-cacao\/"},"author":{"name":"agevis","@id":"https:\/\/www.manitese.it\/en\/#\/schema\/person\/5a9774f17e4940e2510bfeba90f04f65"},"headline":"L&#8217;insostenibile Prezzo del Cacao","datePublished":"2023-11-27T14:18:57+00:00","dateModified":"2024-04-11T14:18:33+00:00","mainEntityOfPage":{"@id":"https:\/\/www.manitese.it\/en\/linsostenibile-prezzo-del-cacao\/"},"wordCount":554,"commentCount":0,"image":{"@id":"https:\/\/www.manitese.it\/en\/linsostenibile-prezzo-del-cacao\/#primaryimage"},"thumbnailUrl":"https:\/\/www.manitese.it\/wp-content\/uploads\/2024\/01\/DSCF6636chirit-scaled-1.jpg","articleSection":["News"],"inLanguage":"en-US","potentialAction":[{"@type":"CommentAction","name":"Comment","target":["https:\/\/www.manitese.it\/en\/linsostenibile-prezzo-del-cacao\/#respond"]}]},{"@type":"WebPage","@id":"https:\/\/www.manitese.it\/en\/linsostenibile-prezzo-del-cacao\/","url":"https:\/\/www.manitese.it\/en\/linsostenibile-prezzo-del-cacao\/","name":"L'insostenibile Prezzo del Cacao - Mani Tese","isPartOf":{"@id":"https:\/\/www.manitese.it\/en\/#website"},"primaryImageOfPage":{"@id":"https:\/\/www.manitese.it\/en\/linsostenibile-prezzo-del-cacao\/#primaryimage"},"image":{"@id":"https:\/\/www.manitese.it\/en\/linsostenibile-prezzo-del-cacao\/#primaryimage"},"thumbnailUrl":"https:\/\/www.manitese.it\/wp-content\/uploads\/2024\/01\/DSCF6636chirit-scaled-1.jpg","datePublished":"2023-11-27T14:18:57+00:00","dateModified":"2024-04-11T14:18:33+00:00","author":{"@id":"https:\/\/www.manitese.it\/en\/#\/schema\/person\/5a9774f17e4940e2510bfeba90f04f65"},"breadcrumb":{"@id":"https:\/\/www.manitese.it\/en\/linsostenibile-prezzo-del-cacao\/#breadcrumb"},"inLanguage":"en-US","potentialAction":[{"@type":"ReadAction","target":["https:\/\/www.manitese.it\/en\/linsostenibile-prezzo-del-cacao\/"]}]},{"@type":"ImageObject","inLanguage":"en-US","@id":"https:\/\/www.manitese.it\/en\/linsostenibile-prezzo-del-cacao\/#primaryimage","url":"https:\/\/www.manitese.it\/wp-content\/uploads\/2024\/01\/DSCF6636chirit-scaled-1.jpg","contentUrl":"https:\/\/www.manitese.it\/wp-content\/uploads\/2024\/01\/DSCF6636chirit-scaled-1.jpg","width":1877,"height":2560},{"@type":"BreadcrumbList","@id":"https:\/\/www.manitese.it\/en\/linsostenibile-prezzo-del-cacao\/#breadcrumb","itemListElement":[{"@type":"ListItem","position":1,"name":"Home","item":"https:\/\/www.manitese.it\/en\/"},{"@type":"ListItem","position":2,"name":"L&#8217;insostenibile Prezzo del Cacao"}]},{"@type":"WebSite","@id":"https:\/\/www.manitese.it\/en\/#website","url":"https:\/\/www.manitese.it\/en\/","name":"Mani Tese","description":"","potentialAction":[{"@type":"SearchAction","target":{"@type":"EntryPoint","urlTemplate":"https:\/\/www.manitese.it\/en\/?s={search_term_string}"},"query-input":{"@type":"PropertyValueSpecification","valueRequired":true,"valueName":"search_term_string"}}],"inLanguage":"en-US"},{"@type":"Person","@id":"https:\/\/www.manitese.it\/en\/#\/schema\/person\/5a9774f17e4940e2510bfeba90f04f65","name":"agevis","image":{"@type":"ImageObject","inLanguage":"en-US","@id":"https:\/\/secure.gravatar.com\/avatar\/2dc96c93fcf3387a5922a93b50fb3bff01d4800590fb6a4ab91a034adb25ba17?s=96&d=mm&r=g","url":"https:\/\/secure.gravatar.com\/avatar\/2dc96c93fcf3387a5922a93b50fb3bff01d4800590fb6a4ab91a034adb25ba17?s=96&d=mm&r=g","contentUrl":"https:\/\/secure.gravatar.com\/avatar\/2dc96c93fcf3387a5922a93b50fb3bff01d4800590fb6a4ab91a034adb25ba17?s=96&d=mm&r=g","caption":"agevis"},"url":"https:\/\/www.manitese.it\/en\/author\/wp_agevis_admin\/"}]}},"jetpack_featured_media_url":"https:\/\/www.manitese.it\/wp-content\/uploads\/2024\/01\/DSCF6636chirit-scaled-1.jpg","jetpack_sharing_enabled":true,"_links":{"self":[{"href":"https:\/\/www.manitese.it\/en\/wp-json\/wp\/v2\/posts\/192441","targetHints":{"allow":["GET"]}}],"collection":[{"href":"https:\/\/www.manitese.it\/en\/wp-json\/wp\/v2\/posts"}],"about":[{"href":"https:\/\/www.manitese.it\/en\/wp-json\/wp\/v2\/types\/post"}],"author":[{"embeddable":true,"href":"https:\/\/www.manitese.it\/en\/wp-json\/wp\/v2\/users\/1"}],"replies":[{"embeddable":true,"href":"https:\/\/www.manitese.it\/en\/wp-json\/wp\/v2\/comments?post=192441"}],"version-history":[{"count":4,"href":"https:\/\/www.manitese.it\/en\/wp-json\/wp\/v2\/posts\/192441\/revisions"}],"predecessor-version":[{"id":194246,"href":"https:\/\/www.manitese.it\/en\/wp-json\/wp\/v2\/posts\/192441\/revisions\/194246"}],"wp:featuredmedia":[{"embeddable":true,"href":"https:\/\/www.manitese.it\/en\/wp-json\/wp\/v2\/media\/192442"}],"wp:attachment":[{"href":"https:\/\/www.manitese.it\/en\/wp-json\/wp\/v2\/media?parent=192441"}],"wp:term":[{"taxonomy":"category","embeddable":true,"href":"https:\/\/www.manitese.it\/en\/wp-json\/wp\/v2\/categories?post=192441"},{"taxonomy":"post_tag","embeddable":true,"href":"https:\/\/www.manitese.it\/en\/wp-json\/wp\/v2\/tags?post=192441"},{"taxonomy":"thematic_area","embeddable":true,"href":"https:\/\/www.manitese.it\/en\/wp-json\/wp\/v2\/thematic_area?post=192441"}],"curies":[{"name":"wp","href":"https:\/\/api.w.org\/{rel}","templated":true}]}}