{"id":192413,"date":"2023-11-21T11:46:50","date_gmt":"2023-11-21T10:46:50","guid":{"rendered":"https:\/\/manitese.it\/?p=192413"},"modified":"2024-01-26T12:10:06","modified_gmt":"2024-01-26T11:10:06","slug":"sulla-sostenibilita-dellanacardo","status":"publish","type":"post","link":"https:\/\/www.manitese.it\/en\/sulla-sostenibilita-dellanacardo\/","title":{"rendered":"Sulla Sostenibilit\u00e0 dell&#8217;Anacardo"},"content":{"rendered":"<p>Lo troviamo nelle ciotole dell\u2019aperitivo, nel sushi, nelle barrette e in alcuni prodotti pronti, come il pesto. Spinto dalle diete salutiste e vegetariane, l\u2019anacardo ha conquistato i mercati occidentali in tempi record.<\/p>\n<p>Ma da dove arriva? In meno di vent\u2019anni la Guinea-Bissau \u00e8 diventata uno dei pi\u00f9 importanti produttori del mondo. Ma le coltivazioni sono aumentate a spese delle foreste. E i contadini hanno continuato a incassare la quota pi\u00f9 piccola del grande business: lo 0,004 per cento del valore che il prodotto ha nei nostri supermercati.<\/p>\n<p>I dati Eurostat confermano che in Europa \u00e8 boom di anacardi: in dieci anni le importazioni sono aumentate di oltre il 110 per cento schizzando dalle 71mila tonnellate del 2012 alle 151mila del 2022. L\u2019Italia \u00e8 il quarto consumatore, dopo Germania, Olanda e Francia.<\/p>\n<p>L\u2019offerta ha cercato di reggere il passo. Su scala globale, nel 1988 gli ettari coltivati ad anacardio erano poco pi\u00f9 di un milione. Nel 2020, la cifra \u00e8 salita a 7,1 milioni. Quasi met\u00e0 della produzione si concentra in Africa occidentale. Mentre a sgusciare e pulire la noce, che contiene un liquido corrosivo per la pelle, sono fabbriche asiatiche.<\/p>\n<p>L\u2019impatto ambientale \u00e8 doppio. Il primo \u00e8 legato al lungo viaggio che il prodotto fa prima di arrivare in Europa. L\u2019espansione delle piantagioni, invece, sta contribuendo al disboscamento dei paesi di origine della materia prima, al pari di cacao e caff\u00e8. Monocolture che \u2013 a differenza degli anacardi \u2013 stanno ormai crescendo a ritmi pi\u00f9 lenti.<\/p>\n<p>Un\u2019evoluzione di cui l\u2019Ue sembra non tenere conto. La nuova legge contro la deforestazione \u201cnon riesce a essere preventiva\u201d, spiega la ricercatrice Joana Capela. \u201cLa lista dei prodotti regolati \u00e8 stabilita sulla base di dati vecchi, non fotografa la situazione corrente. Quando sar\u00e0 aggiornata, guarder\u00e0 sempre al passato. Intanto le foreste dei paesi tropicali saranno state distrutte per fare spazio agli anacardi\u201d.<\/p>\n<h1 style=\"text-align: center;\"><a href=\"https:\/\/www.manitese.it\/anacardi-aperitivo-a-spese-della-biodiversita-e-dei-contadini\">Scopri di pi\u00f9 e scarica il dossier Mani Tese<\/a><\/h1>\n","protected":false},"excerpt":{"rendered":"<p>Caso studio condotto da Mani Tese nell\u2019ambito del progetto Food Wave, autrice Rosita Rijtano de Lavialibera<\/p>\n","protected":false},"author":1,"featured_media":192414,"comment_status":"open","ping_status":"open","sticky":false,"template":"","format":"standard","meta":{"_acf_changed":false,"give_campaign_id":0,"inline_featured_image":false,"_jetpack_memberships_contains_paid_content":false,"footnotes":""},"categories":[1],"tags":[],"thematic_area":[874],"class_list":["post-192413","post","type-post","status-publish","format-standard","has-post-thumbnail","hentry","category-news","thematic_area-lotta-alla-fame-poverta-e-disuguaglianze"],"acf":[],"yoast_head":"<!-- This site is optimized with the Yoast SEO plugin v27.5 - https:\/\/yoast.com\/product\/yoast-seo-wordpress\/ -->\n<title>Sulla Sostenibilit\u00e0 dell&#039;Anacardo - Mani Tese<\/title>\n<meta name=\"robots\" content=\"index, follow, max-snippet:-1, max-image-preview:large, max-video-preview:-1\" \/>\n<link rel=\"canonical\" href=\"https:\/\/www.manitese.it\/en\/sulla-sostenibilita-dellanacardo\/\" \/>\n<meta property=\"og:locale\" content=\"en_US\" \/>\n<meta property=\"og:type\" content=\"article\" \/>\n<meta property=\"og:title\" content=\"Sulla Sostenibilit\u00e0 dell&#039;Anacardo - Mani Tese\" \/>\n<meta property=\"og:description\" content=\"Caso studio condotto da Mani Tese nell\u2019ambito del progetto Food Wave, autrice Rosita Rijtano de Lavialibera\" \/>\n<meta property=\"og:url\" content=\"https:\/\/www.manitese.it\/en\/sulla-sostenibilita-dellanacardo\/\" \/>\n<meta property=\"og:site_name\" content=\"Mani Tese\" \/>\n<meta property=\"article:published_time\" content=\"2023-11-21T10:46:50+00:00\" \/>\n<meta property=\"article:modified_time\" content=\"2024-01-26T11:10:06+00:00\" \/>\n<meta property=\"og:image\" content=\"https:\/\/www.manitese.it\/wp-content\/uploads\/2024\/01\/13-scaled-1.jpg\" \/>\n\t<meta property=\"og:image:width\" content=\"2560\" \/>\n\t<meta property=\"og:image:height\" content=\"1920\" \/>\n\t<meta property=\"og:image:type\" content=\"image\/jpeg\" \/>\n<meta name=\"author\" content=\"agevis\" \/>\n<meta name=\"twitter:card\" content=\"summary_large_image\" \/>\n<meta name=\"twitter:label1\" content=\"Written by\" \/>\n\t<meta name=\"twitter:data1\" content=\"agevis\" \/>\n\t<meta name=\"twitter:label2\" content=\"Est. reading time\" \/>\n\t<meta name=\"twitter:data2\" content=\"2 minutes\" \/>\n<script type=\"application\/ld+json\" class=\"yoast-schema-graph\">{\"@context\":\"https:\\\/\\\/schema.org\",\"@graph\":[{\"@type\":\"Article\",\"@id\":\"https:\\\/\\\/www.manitese.it\\\/en\\\/sulla-sostenibilita-dellanacardo\\\/#article\",\"isPartOf\":{\"@id\":\"https:\\\/\\\/www.manitese.it\\\/en\\\/sulla-sostenibilita-dellanacardo\\\/\"},\"author\":{\"name\":\"agevis\",\"@id\":\"https:\\\/\\\/www.manitese.it\\\/en\\\/#\\\/schema\\\/person\\\/5a9774f17e4940e2510bfeba90f04f65\"},\"headline\":\"Sulla Sostenibilit\u00e0 dell&#8217;Anacardo\",\"datePublished\":\"2023-11-21T10:46:50+00:00\",\"dateModified\":\"2024-01-26T11:10:06+00:00\",\"mainEntityOfPage\":{\"@id\":\"https:\\\/\\\/www.manitese.it\\\/en\\\/sulla-sostenibilita-dellanacardo\\\/\"},\"wordCount\":314,\"commentCount\":0,\"image\":{\"@id\":\"https:\\\/\\\/www.manitese.it\\\/en\\\/sulla-sostenibilita-dellanacardo\\\/#primaryimage\"},\"thumbnailUrl\":\"https:\\\/\\\/www.manitese.it\\\/wp-content\\\/uploads\\\/2024\\\/01\\\/13-scaled-1.jpg\",\"articleSection\":[\"News\"],\"inLanguage\":\"en-US\",\"potentialAction\":[{\"@type\":\"CommentAction\",\"name\":\"Comment\",\"target\":[\"https:\\\/\\\/www.manitese.it\\\/en\\\/sulla-sostenibilita-dellanacardo\\\/#respond\"]}]},{\"@type\":\"WebPage\",\"@id\":\"https:\\\/\\\/www.manitese.it\\\/en\\\/sulla-sostenibilita-dellanacardo\\\/\",\"url\":\"https:\\\/\\\/www.manitese.it\\\/en\\\/sulla-sostenibilita-dellanacardo\\\/\",\"name\":\"Sulla Sostenibilit\u00e0 dell'Anacardo - Mani Tese\",\"isPartOf\":{\"@id\":\"https:\\\/\\\/www.manitese.it\\\/en\\\/#website\"},\"primaryImageOfPage\":{\"@id\":\"https:\\\/\\\/www.manitese.it\\\/en\\\/sulla-sostenibilita-dellanacardo\\\/#primaryimage\"},\"image\":{\"@id\":\"https:\\\/\\\/www.manitese.it\\\/en\\\/sulla-sostenibilita-dellanacardo\\\/#primaryimage\"},\"thumbnailUrl\":\"https:\\\/\\\/www.manitese.it\\\/wp-content\\\/uploads\\\/2024\\\/01\\\/13-scaled-1.jpg\",\"datePublished\":\"2023-11-21T10:46:50+00:00\",\"dateModified\":\"2024-01-26T11:10:06+00:00\",\"author\":{\"@id\":\"https:\\\/\\\/www.manitese.it\\\/en\\\/#\\\/schema\\\/person\\\/5a9774f17e4940e2510bfeba90f04f65\"},\"breadcrumb\":{\"@id\":\"https:\\\/\\\/www.manitese.it\\\/en\\\/sulla-sostenibilita-dellanacardo\\\/#breadcrumb\"},\"inLanguage\":\"en-US\",\"potentialAction\":[{\"@type\":\"ReadAction\",\"target\":[\"https:\\\/\\\/www.manitese.it\\\/en\\\/sulla-sostenibilita-dellanacardo\\\/\"]}]},{\"@type\":\"ImageObject\",\"inLanguage\":\"en-US\",\"@id\":\"https:\\\/\\\/www.manitese.it\\\/en\\\/sulla-sostenibilita-dellanacardo\\\/#primaryimage\",\"url\":\"https:\\\/\\\/www.manitese.it\\\/wp-content\\\/uploads\\\/2024\\\/01\\\/13-scaled-1.jpg\",\"contentUrl\":\"https:\\\/\\\/www.manitese.it\\\/wp-content\\\/uploads\\\/2024\\\/01\\\/13-scaled-1.jpg\",\"width\":2560,\"height\":1920},{\"@type\":\"BreadcrumbList\",\"@id\":\"https:\\\/\\\/www.manitese.it\\\/en\\\/sulla-sostenibilita-dellanacardo\\\/#breadcrumb\",\"itemListElement\":[{\"@type\":\"ListItem\",\"position\":1,\"name\":\"Home\",\"item\":\"https:\\\/\\\/www.manitese.it\\\/en\\\/\"},{\"@type\":\"ListItem\",\"position\":2,\"name\":\"Sulla Sostenibilit\u00e0 dell&#8217;Anacardo\"}]},{\"@type\":\"WebSite\",\"@id\":\"https:\\\/\\\/www.manitese.it\\\/en\\\/#website\",\"url\":\"https:\\\/\\\/www.manitese.it\\\/en\\\/\",\"name\":\"Mani Tese\",\"description\":\"\",\"potentialAction\":[{\"@type\":\"SearchAction\",\"target\":{\"@type\":\"EntryPoint\",\"urlTemplate\":\"https:\\\/\\\/www.manitese.it\\\/en\\\/?s={search_term_string}\"},\"query-input\":{\"@type\":\"PropertyValueSpecification\",\"valueRequired\":true,\"valueName\":\"search_term_string\"}}],\"inLanguage\":\"en-US\"},{\"@type\":\"Person\",\"@id\":\"https:\\\/\\\/www.manitese.it\\\/en\\\/#\\\/schema\\\/person\\\/5a9774f17e4940e2510bfeba90f04f65\",\"name\":\"agevis\",\"image\":{\"@type\":\"ImageObject\",\"inLanguage\":\"en-US\",\"@id\":\"https:\\\/\\\/secure.gravatar.com\\\/avatar\\\/2dc96c93fcf3387a5922a93b50fb3bff01d4800590fb6a4ab91a034adb25ba17?s=96&d=mm&r=g\",\"url\":\"https:\\\/\\\/secure.gravatar.com\\\/avatar\\\/2dc96c93fcf3387a5922a93b50fb3bff01d4800590fb6a4ab91a034adb25ba17?s=96&d=mm&r=g\",\"contentUrl\":\"https:\\\/\\\/secure.gravatar.com\\\/avatar\\\/2dc96c93fcf3387a5922a93b50fb3bff01d4800590fb6a4ab91a034adb25ba17?s=96&d=mm&r=g\",\"caption\":\"agevis\"},\"url\":\"https:\\\/\\\/www.manitese.it\\\/en\\\/author\\\/wp_agevis_admin\\\/\"}]}<\/script>\n<!-- \/ Yoast SEO plugin. -->","yoast_head_json":{"title":"Sulla Sostenibilit\u00e0 dell'Anacardo - Mani Tese","robots":{"index":"index","follow":"follow","max-snippet":"max-snippet:-1","max-image-preview":"max-image-preview:large","max-video-preview":"max-video-preview:-1"},"canonical":"https:\/\/www.manitese.it\/en\/sulla-sostenibilita-dellanacardo\/","og_locale":"en_US","og_type":"article","og_title":"Sulla Sostenibilit\u00e0 dell'Anacardo - Mani Tese","og_description":"Caso studio condotto da Mani Tese nell\u2019ambito del progetto Food Wave, autrice Rosita Rijtano de Lavialibera","og_url":"https:\/\/www.manitese.it\/en\/sulla-sostenibilita-dellanacardo\/","og_site_name":"Mani Tese","article_published_time":"2023-11-21T10:46:50+00:00","article_modified_time":"2024-01-26T11:10:06+00:00","og_image":[{"width":2560,"height":1920,"url":"https:\/\/www.manitese.it\/wp-content\/uploads\/2024\/01\/13-scaled-1.jpg","type":"image\/jpeg"}],"author":"agevis","twitter_card":"summary_large_image","twitter_misc":{"Written by":"agevis","Est. reading time":"2 minutes"},"schema":{"@context":"https:\/\/schema.org","@graph":[{"@type":"Article","@id":"https:\/\/www.manitese.it\/en\/sulla-sostenibilita-dellanacardo\/#article","isPartOf":{"@id":"https:\/\/www.manitese.it\/en\/sulla-sostenibilita-dellanacardo\/"},"author":{"name":"agevis","@id":"https:\/\/www.manitese.it\/en\/#\/schema\/person\/5a9774f17e4940e2510bfeba90f04f65"},"headline":"Sulla Sostenibilit\u00e0 dell&#8217;Anacardo","datePublished":"2023-11-21T10:46:50+00:00","dateModified":"2024-01-26T11:10:06+00:00","mainEntityOfPage":{"@id":"https:\/\/www.manitese.it\/en\/sulla-sostenibilita-dellanacardo\/"},"wordCount":314,"commentCount":0,"image":{"@id":"https:\/\/www.manitese.it\/en\/sulla-sostenibilita-dellanacardo\/#primaryimage"},"thumbnailUrl":"https:\/\/www.manitese.it\/wp-content\/uploads\/2024\/01\/13-scaled-1.jpg","articleSection":["News"],"inLanguage":"en-US","potentialAction":[{"@type":"CommentAction","name":"Comment","target":["https:\/\/www.manitese.it\/en\/sulla-sostenibilita-dellanacardo\/#respond"]}]},{"@type":"WebPage","@id":"https:\/\/www.manitese.it\/en\/sulla-sostenibilita-dellanacardo\/","url":"https:\/\/www.manitese.it\/en\/sulla-sostenibilita-dellanacardo\/","name":"Sulla Sostenibilit\u00e0 dell'Anacardo - Mani Tese","isPartOf":{"@id":"https:\/\/www.manitese.it\/en\/#website"},"primaryImageOfPage":{"@id":"https:\/\/www.manitese.it\/en\/sulla-sostenibilita-dellanacardo\/#primaryimage"},"image":{"@id":"https:\/\/www.manitese.it\/en\/sulla-sostenibilita-dellanacardo\/#primaryimage"},"thumbnailUrl":"https:\/\/www.manitese.it\/wp-content\/uploads\/2024\/01\/13-scaled-1.jpg","datePublished":"2023-11-21T10:46:50+00:00","dateModified":"2024-01-26T11:10:06+00:00","author":{"@id":"https:\/\/www.manitese.it\/en\/#\/schema\/person\/5a9774f17e4940e2510bfeba90f04f65"},"breadcrumb":{"@id":"https:\/\/www.manitese.it\/en\/sulla-sostenibilita-dellanacardo\/#breadcrumb"},"inLanguage":"en-US","potentialAction":[{"@type":"ReadAction","target":["https:\/\/www.manitese.it\/en\/sulla-sostenibilita-dellanacardo\/"]}]},{"@type":"ImageObject","inLanguage":"en-US","@id":"https:\/\/www.manitese.it\/en\/sulla-sostenibilita-dellanacardo\/#primaryimage","url":"https:\/\/www.manitese.it\/wp-content\/uploads\/2024\/01\/13-scaled-1.jpg","contentUrl":"https:\/\/www.manitese.it\/wp-content\/uploads\/2024\/01\/13-scaled-1.jpg","width":2560,"height":1920},{"@type":"BreadcrumbList","@id":"https:\/\/www.manitese.it\/en\/sulla-sostenibilita-dellanacardo\/#breadcrumb","itemListElement":[{"@type":"ListItem","position":1,"name":"Home","item":"https:\/\/www.manitese.it\/en\/"},{"@type":"ListItem","position":2,"name":"Sulla Sostenibilit\u00e0 dell&#8217;Anacardo"}]},{"@type":"WebSite","@id":"https:\/\/www.manitese.it\/en\/#website","url":"https:\/\/www.manitese.it\/en\/","name":"Mani Tese","description":"","potentialAction":[{"@type":"SearchAction","target":{"@type":"EntryPoint","urlTemplate":"https:\/\/www.manitese.it\/en\/?s={search_term_string}"},"query-input":{"@type":"PropertyValueSpecification","valueRequired":true,"valueName":"search_term_string"}}],"inLanguage":"en-US"},{"@type":"Person","@id":"https:\/\/www.manitese.it\/en\/#\/schema\/person\/5a9774f17e4940e2510bfeba90f04f65","name":"agevis","image":{"@type":"ImageObject","inLanguage":"en-US","@id":"https:\/\/secure.gravatar.com\/avatar\/2dc96c93fcf3387a5922a93b50fb3bff01d4800590fb6a4ab91a034adb25ba17?s=96&d=mm&r=g","url":"https:\/\/secure.gravatar.com\/avatar\/2dc96c93fcf3387a5922a93b50fb3bff01d4800590fb6a4ab91a034adb25ba17?s=96&d=mm&r=g","contentUrl":"https:\/\/secure.gravatar.com\/avatar\/2dc96c93fcf3387a5922a93b50fb3bff01d4800590fb6a4ab91a034adb25ba17?s=96&d=mm&r=g","caption":"agevis"},"url":"https:\/\/www.manitese.it\/en\/author\/wp_agevis_admin\/"}]}},"jetpack_featured_media_url":"https:\/\/www.manitese.it\/wp-content\/uploads\/2024\/01\/13-scaled-1.jpg","jetpack_sharing_enabled":true,"_links":{"self":[{"href":"https:\/\/www.manitese.it\/en\/wp-json\/wp\/v2\/posts\/192413","targetHints":{"allow":["GET"]}}],"collection":[{"href":"https:\/\/www.manitese.it\/en\/wp-json\/wp\/v2\/posts"}],"about":[{"href":"https:\/\/www.manitese.it\/en\/wp-json\/wp\/v2\/types\/post"}],"author":[{"embeddable":true,"href":"https:\/\/www.manitese.it\/en\/wp-json\/wp\/v2\/users\/1"}],"replies":[{"embeddable":true,"href":"https:\/\/www.manitese.it\/en\/wp-json\/wp\/v2\/comments?post=192413"}],"version-history":[{"count":1,"href":"https:\/\/www.manitese.it\/en\/wp-json\/wp\/v2\/posts\/192413\/revisions"}],"predecessor-version":[{"id":192416,"href":"https:\/\/www.manitese.it\/en\/wp-json\/wp\/v2\/posts\/192413\/revisions\/192416"}],"wp:featuredmedia":[{"embeddable":true,"href":"https:\/\/www.manitese.it\/en\/wp-json\/wp\/v2\/media\/192414"}],"wp:attachment":[{"href":"https:\/\/www.manitese.it\/en\/wp-json\/wp\/v2\/media?parent=192413"}],"wp:term":[{"taxonomy":"category","embeddable":true,"href":"https:\/\/www.manitese.it\/en\/wp-json\/wp\/v2\/categories?post=192413"},{"taxonomy":"post_tag","embeddable":true,"href":"https:\/\/www.manitese.it\/en\/wp-json\/wp\/v2\/tags?post=192413"},{"taxonomy":"thematic_area","embeddable":true,"href":"https:\/\/www.manitese.it\/en\/wp-json\/wp\/v2\/thematic_area?post=192413"}],"curies":[{"name":"wp","href":"https:\/\/api.w.org\/{rel}","templated":true}]}}