{"id":190946,"date":"2023-10-24T16:51:03","date_gmt":"2023-10-24T14:51:03","guid":{"rendered":"https:\/\/manitese.it\/?p=190946"},"modified":"2025-07-08T12:37:08","modified_gmt":"2025-07-08T10:37:08","slug":"25-novembre-con-le-donne-della-guinea-bissau","status":"publish","type":"post","link":"https:\/\/www.manitese.it\/en\/25-novembre-con-le-donne-della-guinea-bissau\/","title":{"rendered":"25 Novembre con le donne della Guinea-Bissau"},"content":{"rendered":"\r\n<p>In <strong>Guinea-Bissau<\/strong>, un piccolo Paese dell\u2019Africa Occidentale con un altissimo indice di povert\u00e0, la disuguaglianza e la violenza di genere sono a livelli allarmanti.<\/p>\r\n\r\n\r\n\r\n<p><strong>Moltissime donne hanno subito o subiscono violenza.<\/strong> Il 67% delle donne intervistate ha dichiarato di essere stata vittima di almeno un tipo di violenza. In particolare, delle 978 donne intervistate che hanno o hanno avuto un partner, ben 613 hanno affermato di aver subito violenza da quest\u2019ultimo.<\/p>\r\n\r\n\r\n\r\n<p>Pochissime sono le donne che denunciano gli atti di violenza. Il 68% non ha raccontato a nessuno l\u2019accaduto e solo lo 0,5% lo ha riferito a un medico.<\/p>\r\n\r\n\r\n\r\n<p><strong>Tantissime ragazze sono inoltre costrette a matrimoni forzati e precoci<\/strong>. Su 871 donne che hanno risposto a domanda diretta, l\u201981,1% ha dichiarato che il loro matrimonio \u00e8 stato deciso dalla famiglia del marito.<\/p>\r\n\r\n\r\n\r\n<p><strong>Pi\u00f9 della met\u00e0 delle donne (il 52%) ha subito mutilazione genitale femminile.<\/strong> Si tratta, soprattutto, di bambine tra gli 0 e i 14 anni (30%). In uno studio realizzato nel 2021 nel quadro del progetto promosso da Mani Tese NO NA CUIDA DE NO VIDA, MINDJER!, ben il 60% delle donne intervistate ha confessato di aver subito questa pratica.<\/p>\r\n\r\n\r\n\r\n<p>Queste donne non hanno nessuno su cui contare, se non il personale degli <strong>unici due centri di accoglienza per vittime di violenza di genere <\/strong>presenti in tutto il Paese, che sono sostenuti da Mani Tese: il centro di Bissau e quello, pi\u00f9 recente, di S\u00e3o Domingos.<\/p>\r\n\r\n\r\n<div class=\"wp-block-image\">\r\n<figure class=\"aligncenter size-full\"><img decoding=\"async\" class=\"wp-image-173672\" src=\"https:\/\/manitese.it\/wp-content\/uploads\/2023\/11\/image-1.png\" alt=\"\" \/><\/figure>\r\n<\/div>\r\n\r\n\r\n<p class=\"has-text-align-center has-medium-font-size\"><strong>LA CAMPAGNA DEL 25 NOVEMBRE<\/strong><\/p>\r\n\r\n\r\n\r\n<p>I due centri di accoglienza per vittime di violenza di genere in Guinea-Bissau rappresentano, a oggi, l\u2019unica speranza di sopravvivenza per tantissime donne in difficolt\u00e0: ragazzine fuggite da matrimoni forzati con uomini molto pi\u00f9 grandi di loro, donne abusate dai propri compagni o dai famigliari, giovani mamme abbandonate&#8230;<\/p>\r\n\r\n\r\n\r\n<p>Mani Tese, da anni, sta facendo tutto il possibile per mantenere i centri aperti, ma le necessit\u00e0 sono tante. per questo, in occasione della <strong>Giornata Internazionale per l\u2019Eliminazione della Violenza Contro le Donne (25 novembre),<\/strong> abbiamo deciso di lanciare una campagna per supportare i centri per le vittime di violenza di genere e aiutarli a essere sempre pi\u00f9 autosufficienti.<\/p>\r\n\r\n\r\n\r\n<p><strong>Di cosa abbiamo bisogno:<\/strong><\/p>\r\n\r\n\r\n\r\n<p><strong><em>Kit igienico-sanitari:<\/em><\/strong> servono medicine e prodotti con cui assicurare il benessere fisico delle donne vittime di violenza.<\/p>\r\n\r\n\r\n\r\n<p><strong><em>Corsi di formazione:<\/em><\/strong> i corsi di formazione in sartoria fornisco alle donne l\u2019opportunit\u00e0 di imparare un mestiere e di rendersi economicamente indipendenti.<\/p>\r\n\r\n\r\n\r\n<p><strong><em>Un orto sostenibile<\/em><\/strong> con cui produrre cibo per le ospiti e per la vendita cos\u00ec da garantire sempre di pi\u00f9 l\u2019autosufficienza del centro.<\/p>\r\n\r\n\r\n\r\n<p>Per il 25 novembre, <strong>chiediamo un aiuto per mantenere attivi i centri di accoglienza per le donne che hanno sub\u00ecto violenza con un dono solidale<\/strong> che aiuti tante di loro ad avere un futuro migliore.<\/p>\r\n\r\n\r\n<div class=\"wp-block-image\">\r\n<figure class=\"aligncenter size-full\"><img decoding=\"async\" class=\"wp-image-173670\" src=\"https:\/\/manitese.it\/wp-content\/uploads\/2023\/11\/image.png\" alt=\"\" \/><\/figure>\r\n<\/div>\r\n\r\n\r\n<p class=\"has-text-align-center has-medium-font-size\"><strong>IL NOSTRO PROGETTO IN GUINEA-BISSAU<\/strong><\/p>\r\n\r\n\r\n\r\n<p>Le nostre attivit\u00e0 rientrano nel progetto \u201c<strong>NO TENE DIRITU A UM VIDA SEM VIOL\u00caNCIA\u201d \u2013 Rafforzamento dei meccanismi di protezione delle vittime di gbv e promozione dei diritti delle donne in Guinea-Bissau<\/strong>\u201d cofinanziato dall\u2019Unione Europea e promosso da Mani Tese in partenariato con FEC \u2013 F\u00e9 e Coopera\u00e7\u00e3o, ENGIM \u2013 Fondazione Ente Nazionale Giuseppini Murialdo, AMIC \u2013 Associa\u00e7\u00e3o dos Amigos da Crian\u00e7a.<\/p>\r\n\r\n<p>&nbsp;<\/p>","protected":false},"excerpt":{"rendered":"<p>Aiutaci a mantenere attivi gli unici due centri di accoglienza per le donne vittime di violenza di genere in Guinea Bissau.<\/p>\n","protected":false},"author":1,"featured_media":190947,"comment_status":"open","ping_status":"open","sticky":false,"template":"","format":"standard","meta":{"_acf_changed":false,"give_campaign_id":0,"inline_featured_image":false,"_jetpack_memberships_contains_paid_content":false,"footnotes":""},"categories":[1],"tags":[],"thematic_area":[875],"class_list":["post-190946","post","type-post","status-publish","format-standard","has-post-thumbnail","hentry","category-news","thematic_area-promozione-della-cittadinanza-globale"],"acf":[],"yoast_head":"<!-- This site is optimized with the Yoast SEO plugin v27.5 - https:\/\/yoast.com\/product\/yoast-seo-wordpress\/ -->\n<title>25 Novembre con le donne della Guinea-Bissau - Mani Tese<\/title>\n<meta name=\"description\" content=\"Aiutaci a mantenere attivi gli unici due centri di accoglienza per le donne vittime di violenza di genere in Guinea Bissau\" \/>\n<meta name=\"robots\" content=\"index, follow, max-snippet:-1, max-image-preview:large, max-video-preview:-1\" \/>\n<link rel=\"canonical\" href=\"https:\/\/www.manitese.it\/en\/25-novembre-con-le-donne-della-guinea-bissau\/\" \/>\n<meta property=\"og:locale\" content=\"en_US\" \/>\n<meta property=\"og:type\" content=\"article\" \/>\n<meta property=\"og:title\" content=\"25 Novembre con le donne della Guinea-Bissau - Mani Tese\" \/>\n<meta property=\"og:description\" content=\"Aiutaci a mantenere attivi gli unici due centri di accoglienza per le donne vittime di violenza di genere in Guinea Bissau\" \/>\n<meta property=\"og:url\" content=\"https:\/\/www.manitese.it\/en\/25-novembre-con-le-donne-della-guinea-bissau\/\" \/>\n<meta property=\"og:site_name\" content=\"Mani Tese\" \/>\n<meta property=\"article:published_time\" content=\"2023-10-24T14:51:03+00:00\" \/>\n<meta property=\"article:modified_time\" content=\"2025-07-08T10:37:08+00:00\" \/>\n<meta property=\"og:image\" content=\"https:\/\/www.manitese.it\/wp-content\/uploads\/2023\/11\/image-2.png\" \/>\n\t<meta property=\"og:image:width\" content=\"801\" \/>\n\t<meta property=\"og:image:height\" content=\"334\" \/>\n\t<meta property=\"og:image:type\" content=\"image\/png\" \/>\n<meta name=\"author\" content=\"agevis\" \/>\n<meta name=\"twitter:card\" content=\"summary_large_image\" \/>\n<meta name=\"twitter:label1\" content=\"Written by\" \/>\n\t<meta name=\"twitter:data1\" content=\"agevis\" \/>\n\t<meta name=\"twitter:label2\" content=\"Est. reading time\" \/>\n\t<meta name=\"twitter:data2\" content=\"3 minutes\" \/>\n<script type=\"application\/ld+json\" class=\"yoast-schema-graph\">{\"@context\":\"https:\\\/\\\/schema.org\",\"@graph\":[{\"@type\":\"Article\",\"@id\":\"https:\\\/\\\/www.manitese.it\\\/en\\\/25-novembre-con-le-donne-della-guinea-bissau\\\/#article\",\"isPartOf\":{\"@id\":\"https:\\\/\\\/www.manitese.it\\\/en\\\/25-novembre-con-le-donne-della-guinea-bissau\\\/\"},\"author\":{\"name\":\"agevis\",\"@id\":\"https:\\\/\\\/www.manitese.it\\\/en\\\/#\\\/schema\\\/person\\\/5a9774f17e4940e2510bfeba90f04f65\"},\"headline\":\"25 Novembre con le donne della Guinea-Bissau\",\"datePublished\":\"2023-10-24T14:51:03+00:00\",\"dateModified\":\"2025-07-08T10:37:08+00:00\",\"mainEntityOfPage\":{\"@id\":\"https:\\\/\\\/www.manitese.it\\\/en\\\/25-novembre-con-le-donne-della-guinea-bissau\\\/\"},\"wordCount\":518,\"commentCount\":0,\"image\":{\"@id\":\"https:\\\/\\\/www.manitese.it\\\/en\\\/25-novembre-con-le-donne-della-guinea-bissau\\\/#primaryimage\"},\"thumbnailUrl\":\"https:\\\/\\\/www.manitese.it\\\/wp-content\\\/uploads\\\/2023\\\/11\\\/image-2.png\",\"articleSection\":[\"News\"],\"inLanguage\":\"en-US\",\"potentialAction\":[{\"@type\":\"CommentAction\",\"name\":\"Comment\",\"target\":[\"https:\\\/\\\/www.manitese.it\\\/en\\\/25-novembre-con-le-donne-della-guinea-bissau\\\/#respond\"]}]},{\"@type\":\"WebPage\",\"@id\":\"https:\\\/\\\/www.manitese.it\\\/en\\\/25-novembre-con-le-donne-della-guinea-bissau\\\/\",\"url\":\"https:\\\/\\\/www.manitese.it\\\/en\\\/25-novembre-con-le-donne-della-guinea-bissau\\\/\",\"name\":\"25 Novembre con le donne della Guinea-Bissau - Mani Tese\",\"isPartOf\":{\"@id\":\"https:\\\/\\\/www.manitese.it\\\/en\\\/#website\"},\"primaryImageOfPage\":{\"@id\":\"https:\\\/\\\/www.manitese.it\\\/en\\\/25-novembre-con-le-donne-della-guinea-bissau\\\/#primaryimage\"},\"image\":{\"@id\":\"https:\\\/\\\/www.manitese.it\\\/en\\\/25-novembre-con-le-donne-della-guinea-bissau\\\/#primaryimage\"},\"thumbnailUrl\":\"https:\\\/\\\/www.manitese.it\\\/wp-content\\\/uploads\\\/2023\\\/11\\\/image-2.png\",\"datePublished\":\"2023-10-24T14:51:03+00:00\",\"dateModified\":\"2025-07-08T10:37:08+00:00\",\"author\":{\"@id\":\"https:\\\/\\\/www.manitese.it\\\/en\\\/#\\\/schema\\\/person\\\/5a9774f17e4940e2510bfeba90f04f65\"},\"description\":\"Aiutaci a mantenere attivi gli unici due centri di accoglienza per le donne vittime di violenza di genere in Guinea Bissau\",\"breadcrumb\":{\"@id\":\"https:\\\/\\\/www.manitese.it\\\/en\\\/25-novembre-con-le-donne-della-guinea-bissau\\\/#breadcrumb\"},\"inLanguage\":\"en-US\",\"potentialAction\":[{\"@type\":\"ReadAction\",\"target\":[\"https:\\\/\\\/www.manitese.it\\\/en\\\/25-novembre-con-le-donne-della-guinea-bissau\\\/\"]}]},{\"@type\":\"ImageObject\",\"inLanguage\":\"en-US\",\"@id\":\"https:\\\/\\\/www.manitese.it\\\/en\\\/25-novembre-con-le-donne-della-guinea-bissau\\\/#primaryimage\",\"url\":\"https:\\\/\\\/www.manitese.it\\\/wp-content\\\/uploads\\\/2023\\\/11\\\/image-2.png\",\"contentUrl\":\"https:\\\/\\\/www.manitese.it\\\/wp-content\\\/uploads\\\/2023\\\/11\\\/image-2.png\",\"width\":801,\"height\":334},{\"@type\":\"BreadcrumbList\",\"@id\":\"https:\\\/\\\/www.manitese.it\\\/en\\\/25-novembre-con-le-donne-della-guinea-bissau\\\/#breadcrumb\",\"itemListElement\":[{\"@type\":\"ListItem\",\"position\":1,\"name\":\"Home\",\"item\":\"https:\\\/\\\/www.manitese.it\\\/en\\\/\"},{\"@type\":\"ListItem\",\"position\":2,\"name\":\"25 Novembre con le donne della Guinea-Bissau\"}]},{\"@type\":\"WebSite\",\"@id\":\"https:\\\/\\\/www.manitese.it\\\/en\\\/#website\",\"url\":\"https:\\\/\\\/www.manitese.it\\\/en\\\/\",\"name\":\"Mani Tese\",\"description\":\"\",\"potentialAction\":[{\"@type\":\"SearchAction\",\"target\":{\"@type\":\"EntryPoint\",\"urlTemplate\":\"https:\\\/\\\/www.manitese.it\\\/en\\\/?s={search_term_string}\"},\"query-input\":{\"@type\":\"PropertyValueSpecification\",\"valueRequired\":true,\"valueName\":\"search_term_string\"}}],\"inLanguage\":\"en-US\"},{\"@type\":\"Person\",\"@id\":\"https:\\\/\\\/www.manitese.it\\\/en\\\/#\\\/schema\\\/person\\\/5a9774f17e4940e2510bfeba90f04f65\",\"name\":\"agevis\",\"image\":{\"@type\":\"ImageObject\",\"inLanguage\":\"en-US\",\"@id\":\"https:\\\/\\\/secure.gravatar.com\\\/avatar\\\/2dc96c93fcf3387a5922a93b50fb3bff01d4800590fb6a4ab91a034adb25ba17?s=96&d=mm&r=g\",\"url\":\"https:\\\/\\\/secure.gravatar.com\\\/avatar\\\/2dc96c93fcf3387a5922a93b50fb3bff01d4800590fb6a4ab91a034adb25ba17?s=96&d=mm&r=g\",\"contentUrl\":\"https:\\\/\\\/secure.gravatar.com\\\/avatar\\\/2dc96c93fcf3387a5922a93b50fb3bff01d4800590fb6a4ab91a034adb25ba17?s=96&d=mm&r=g\",\"caption\":\"agevis\"},\"url\":\"https:\\\/\\\/www.manitese.it\\\/en\\\/author\\\/wp_agevis_admin\\\/\"}]}<\/script>\n<!-- \/ Yoast SEO plugin. -->","yoast_head_json":{"title":"25 Novembre con le donne della Guinea-Bissau - Mani Tese","description":"Aiutaci a mantenere attivi gli unici due centri di accoglienza per le donne vittime di violenza di genere in Guinea Bissau","robots":{"index":"index","follow":"follow","max-snippet":"max-snippet:-1","max-image-preview":"max-image-preview:large","max-video-preview":"max-video-preview:-1"},"canonical":"https:\/\/www.manitese.it\/en\/25-novembre-con-le-donne-della-guinea-bissau\/","og_locale":"en_US","og_type":"article","og_title":"25 Novembre con le donne della Guinea-Bissau - Mani Tese","og_description":"Aiutaci a mantenere attivi gli unici due centri di accoglienza per le donne vittime di violenza di genere in Guinea Bissau","og_url":"https:\/\/www.manitese.it\/en\/25-novembre-con-le-donne-della-guinea-bissau\/","og_site_name":"Mani Tese","article_published_time":"2023-10-24T14:51:03+00:00","article_modified_time":"2025-07-08T10:37:08+00:00","og_image":[{"width":801,"height":334,"url":"https:\/\/www.manitese.it\/wp-content\/uploads\/2023\/11\/image-2.png","type":"image\/png"}],"author":"agevis","twitter_card":"summary_large_image","twitter_misc":{"Written by":"agevis","Est. reading time":"3 minutes"},"schema":{"@context":"https:\/\/schema.org","@graph":[{"@type":"Article","@id":"https:\/\/www.manitese.it\/en\/25-novembre-con-le-donne-della-guinea-bissau\/#article","isPartOf":{"@id":"https:\/\/www.manitese.it\/en\/25-novembre-con-le-donne-della-guinea-bissau\/"},"author":{"name":"agevis","@id":"https:\/\/www.manitese.it\/en\/#\/schema\/person\/5a9774f17e4940e2510bfeba90f04f65"},"headline":"25 Novembre con le donne della Guinea-Bissau","datePublished":"2023-10-24T14:51:03+00:00","dateModified":"2025-07-08T10:37:08+00:00","mainEntityOfPage":{"@id":"https:\/\/www.manitese.it\/en\/25-novembre-con-le-donne-della-guinea-bissau\/"},"wordCount":518,"commentCount":0,"image":{"@id":"https:\/\/www.manitese.it\/en\/25-novembre-con-le-donne-della-guinea-bissau\/#primaryimage"},"thumbnailUrl":"https:\/\/www.manitese.it\/wp-content\/uploads\/2023\/11\/image-2.png","articleSection":["News"],"inLanguage":"en-US","potentialAction":[{"@type":"CommentAction","name":"Comment","target":["https:\/\/www.manitese.it\/en\/25-novembre-con-le-donne-della-guinea-bissau\/#respond"]}]},{"@type":"WebPage","@id":"https:\/\/www.manitese.it\/en\/25-novembre-con-le-donne-della-guinea-bissau\/","url":"https:\/\/www.manitese.it\/en\/25-novembre-con-le-donne-della-guinea-bissau\/","name":"25 Novembre con le donne della Guinea-Bissau - Mani Tese","isPartOf":{"@id":"https:\/\/www.manitese.it\/en\/#website"},"primaryImageOfPage":{"@id":"https:\/\/www.manitese.it\/en\/25-novembre-con-le-donne-della-guinea-bissau\/#primaryimage"},"image":{"@id":"https:\/\/www.manitese.it\/en\/25-novembre-con-le-donne-della-guinea-bissau\/#primaryimage"},"thumbnailUrl":"https:\/\/www.manitese.it\/wp-content\/uploads\/2023\/11\/image-2.png","datePublished":"2023-10-24T14:51:03+00:00","dateModified":"2025-07-08T10:37:08+00:00","author":{"@id":"https:\/\/www.manitese.it\/en\/#\/schema\/person\/5a9774f17e4940e2510bfeba90f04f65"},"description":"Aiutaci a mantenere attivi gli unici due centri di accoglienza per le donne vittime di violenza di genere in Guinea Bissau","breadcrumb":{"@id":"https:\/\/www.manitese.it\/en\/25-novembre-con-le-donne-della-guinea-bissau\/#breadcrumb"},"inLanguage":"en-US","potentialAction":[{"@type":"ReadAction","target":["https:\/\/www.manitese.it\/en\/25-novembre-con-le-donne-della-guinea-bissau\/"]}]},{"@type":"ImageObject","inLanguage":"en-US","@id":"https:\/\/www.manitese.it\/en\/25-novembre-con-le-donne-della-guinea-bissau\/#primaryimage","url":"https:\/\/www.manitese.it\/wp-content\/uploads\/2023\/11\/image-2.png","contentUrl":"https:\/\/www.manitese.it\/wp-content\/uploads\/2023\/11\/image-2.png","width":801,"height":334},{"@type":"BreadcrumbList","@id":"https:\/\/www.manitese.it\/en\/25-novembre-con-le-donne-della-guinea-bissau\/#breadcrumb","itemListElement":[{"@type":"ListItem","position":1,"name":"Home","item":"https:\/\/www.manitese.it\/en\/"},{"@type":"ListItem","position":2,"name":"25 Novembre con le donne della Guinea-Bissau"}]},{"@type":"WebSite","@id":"https:\/\/www.manitese.it\/en\/#website","url":"https:\/\/www.manitese.it\/en\/","name":"Mani Tese","description":"","potentialAction":[{"@type":"SearchAction","target":{"@type":"EntryPoint","urlTemplate":"https:\/\/www.manitese.it\/en\/?s={search_term_string}"},"query-input":{"@type":"PropertyValueSpecification","valueRequired":true,"valueName":"search_term_string"}}],"inLanguage":"en-US"},{"@type":"Person","@id":"https:\/\/www.manitese.it\/en\/#\/schema\/person\/5a9774f17e4940e2510bfeba90f04f65","name":"agevis","image":{"@type":"ImageObject","inLanguage":"en-US","@id":"https:\/\/secure.gravatar.com\/avatar\/2dc96c93fcf3387a5922a93b50fb3bff01d4800590fb6a4ab91a034adb25ba17?s=96&d=mm&r=g","url":"https:\/\/secure.gravatar.com\/avatar\/2dc96c93fcf3387a5922a93b50fb3bff01d4800590fb6a4ab91a034adb25ba17?s=96&d=mm&r=g","contentUrl":"https:\/\/secure.gravatar.com\/avatar\/2dc96c93fcf3387a5922a93b50fb3bff01d4800590fb6a4ab91a034adb25ba17?s=96&d=mm&r=g","caption":"agevis"},"url":"https:\/\/www.manitese.it\/en\/author\/wp_agevis_admin\/"}]}},"jetpack_featured_media_url":"https:\/\/www.manitese.it\/wp-content\/uploads\/2023\/11\/image-2.png","jetpack_sharing_enabled":true,"_links":{"self":[{"href":"https:\/\/www.manitese.it\/en\/wp-json\/wp\/v2\/posts\/190946","targetHints":{"allow":["GET"]}}],"collection":[{"href":"https:\/\/www.manitese.it\/en\/wp-json\/wp\/v2\/posts"}],"about":[{"href":"https:\/\/www.manitese.it\/en\/wp-json\/wp\/v2\/types\/post"}],"author":[{"embeddable":true,"href":"https:\/\/www.manitese.it\/en\/wp-json\/wp\/v2\/users\/1"}],"replies":[{"embeddable":true,"href":"https:\/\/www.manitese.it\/en\/wp-json\/wp\/v2\/comments?post=190946"}],"version-history":[{"count":8,"href":"https:\/\/www.manitese.it\/en\/wp-json\/wp\/v2\/posts\/190946\/revisions"}],"predecessor-version":[{"id":192405,"href":"https:\/\/www.manitese.it\/en\/wp-json\/wp\/v2\/posts\/190946\/revisions\/192405"}],"wp:featuredmedia":[{"embeddable":true,"href":"https:\/\/www.manitese.it\/en\/wp-json\/wp\/v2\/media\/190947"}],"wp:attachment":[{"href":"https:\/\/www.manitese.it\/en\/wp-json\/wp\/v2\/media?parent=190946"}],"wp:term":[{"taxonomy":"category","embeddable":true,"href":"https:\/\/www.manitese.it\/en\/wp-json\/wp\/v2\/categories?post=190946"},{"taxonomy":"post_tag","embeddable":true,"href":"https:\/\/www.manitese.it\/en\/wp-json\/wp\/v2\/tags?post=190946"},{"taxonomy":"thematic_area","embeddable":true,"href":"https:\/\/www.manitese.it\/en\/wp-json\/wp\/v2\/thematic_area?post=190946"}],"curies":[{"name":"wp","href":"https:\/\/api.w.org\/{rel}","templated":true}]}}