{"id":190938,"date":"2023-10-23T15:12:46","date_gmt":"2023-10-23T13:12:46","guid":{"rendered":"https:\/\/manitese.it\/?p=190938"},"modified":"2025-07-08T12:37:38","modified_gmt":"2025-07-08T10:37:38","slug":"al-via-il-progetto-corpi-civili-in-mozambico","status":"publish","type":"post","link":"https:\/\/www.manitese.it\/en\/al-via-il-progetto-corpi-civili-in-mozambico\/","title":{"rendered":"Al via il progetto &#8220;Corpi civili in Mozambico&#8221;"},"content":{"rendered":"\r\n\r\n\r\n<p>Mani Tese ha recentemente aperto due posizioni per il\u00a0<a href=\"https:\/\/www.manitese.it\/al-via-il-progetto-dei-corpi-civili-di-pace-di-mani-tese\" target=\"_blank\" rel=\"noreferrer noopener\">progetto dei Corpi Civili di Pace<\/a>\u00a0nella sua Sede in Mozambico, in particolare nella citt\u00e0 di Quelimane, ed Elisa Bianchini e Silvia Martinez saranno le due volontarie che, grazie al progetto IN DIFESA DELLA MADRE TERRA, a breve si recheranno nel Paese.<\/p>\r\n\r\n\r\n\r\n<p>L\u2019obiettivo generale del progetto di Mani Tese dei Corpi Civili di Pace proposto da Mani Tese in Mozambico \u00e8 quello di prevenire e gestire gli effetti dell\u2019emergenza ambientale sulla natura e sulle condizioni di vita della popolazione rurale.<\/p>\r\n\r\n\r\n\r\n<p>L\u2019iniziativa \u00e8 realizzata con il partenariato di Uni\u00e3o Provincial Dos Camponeses Da Zamb\u00e9zia \u2013 UPC-Z, un\u2019organizzazione che ha come obiettivo principale quello di organizzare le realt\u00e0 associative dei contadini nei distretti della Provincia della Zamb\u00e9zia per rappresentarle a livello regionale e sostenerle nella produzione e commercializzazione.<\/p>\r\n\r\n\r\n\r\n<p>Ma conosciamo meglio le nostre due volontarie direttamente dalle loro parole:<\/p>\r\n\r\n\r\n\r\n<figure class=\"wp-block-image size-large\"><img decoding=\"async\" class=\"wp-image-173608\" src=\"https:\/\/manitese.it\/wp-content\/uploads\/2023\/11\/elisa-bianchini-1-768x1024-1.jpg\" alt=\"\" \/><\/figure>\r\n\r\n\r\n\r\n<p><em>\u201cCiao! Mi chiamo Elisa Bianchini, sono specializzata in sviluppo globale ed ho un particolare interesse per la tutela dell\u00b4 ambiente e sicurezza alimentare. Le mie esperienze lavorative precedenti includono un coinvolgimento con rifugiati e popolazioni indigene, e lavoro sul campo in Cambogia e Thailandia. Credo che al centro di un mondo migliore risieda il concetto di sostenibilit\u00e0, ambientale, sociale ed economica. Credo nell\u2019azione collettiva, incentrata sulle persone, che parta dal locale fino al globale.\u201d<\/em><\/p>\r\n\r\n\r\n\r\n<figure class=\"wp-block-image size-large\"><img decoding=\"async\" class=\"wp-image-173610\" src=\"https:\/\/manitese.it\/wp-content\/uploads\/2023\/11\/processed-CB8BAEF4-B7EB-45AE-B5DB-4C5A94BC6FDC-465DF451-7731-4AC2-888C-2B504227EC8D-1-768x1024-1.jpeg\" alt=\"\" \/><\/figure>\r\n\r\n\r\n\r\n<p><em>\u201cCiao a tutt*! Mi chiamo Silvia Martinez, sono nata a Cagliari e sar\u00f2 volontaria dei corpi civili di pace in Mozambico per il progetto \u201cIn difesa della Madre Terra\u201d con Mani Tese.<\/em><\/p>\r\n\r\n\r\n\r\n<p><em>Sono specializzata in Scienze biomolecolari e dell\u2019evoluzione e spero nel mio piccolo di poter contribuire alla diffusione di pratiche di sostenibilit\u00e0 e alla conservazione della natura nell\u2019area di Quelimane\u201d<\/em><\/p>\r\n\r\n\r\n\r\n<p>Non possiamo non pensare che anche questa \u00e8 la nostra risposta a un mondo che sempre di pi\u00f9 sembra nutrirsi di guerra, violenza e distruzione.<\/p>\r\n\r\n\r\n\r\n<p>Buon viaggio e buone scelte di Pace, ragazze!<\/p>\r\n","protected":false},"excerpt":{"rendered":"<p>Due volontarie a Quelimane nella sede di Mani Tese saranno impegnate nella prevenzione e nella gestione dell\u2019emergenza ambientale.<\/p>\n","protected":false},"author":1,"featured_media":190943,"comment_status":"open","ping_status":"open","sticky":false,"template":"","format":"standard","meta":{"_acf_changed":false,"give_campaign_id":0,"inline_featured_image":false,"_jetpack_memberships_contains_paid_content":false,"footnotes":""},"categories":[1],"tags":[],"thematic_area":[875],"class_list":["post-190938","post","type-post","status-publish","format-standard","has-post-thumbnail","hentry","category-news","thematic_area-promozione-della-cittadinanza-globale"],"acf":[],"yoast_head":"<!-- This site is optimized with the Yoast SEO plugin v27.5 - https:\/\/yoast.com\/product\/yoast-seo-wordpress\/ -->\n<title>Al via il progetto &quot;Corpi civili in Mozambico&quot; - Mani Tese<\/title>\n<meta name=\"description\" content=\"Due volontarie a Quelimane nella sede di Mani Tese saranno impegnate nella prevenzione e nella gestione dell\u2019emergenza ambientale.\" \/>\n<meta name=\"robots\" content=\"index, follow, max-snippet:-1, max-image-preview:large, max-video-preview:-1\" \/>\n<link rel=\"canonical\" href=\"https:\/\/www.manitese.it\/en\/al-via-il-progetto-corpi-civili-in-mozambico\/\" \/>\n<meta property=\"og:locale\" content=\"en_US\" \/>\n<meta property=\"og:type\" content=\"article\" \/>\n<meta property=\"og:title\" content=\"Al via il progetto &quot;Corpi civili in Mozambico&quot; - Mani Tese\" \/>\n<meta property=\"og:description\" content=\"Due volontarie a Quelimane nella sede di Mani Tese saranno impegnate nella prevenzione e nella gestione dell\u2019emergenza ambientale.\" \/>\n<meta property=\"og:url\" content=\"https:\/\/www.manitese.it\/en\/al-via-il-progetto-corpi-civili-in-mozambico\/\" \/>\n<meta property=\"og:site_name\" content=\"Mani Tese\" \/>\n<meta property=\"article:published_time\" content=\"2023-10-23T13:12:46+00:00\" \/>\n<meta property=\"article:modified_time\" content=\"2025-07-08T10:37:38+00:00\" \/>\n<meta property=\"og:image\" content=\"https:\/\/www.manitese.it\/wp-content\/uploads\/2023\/11\/Fotos-do-Jornal-da-Mani-Tese-15-1-scaled-1.jpg\" \/>\n\t<meta property=\"og:image:width\" content=\"2560\" \/>\n\t<meta property=\"og:image:height\" content=\"1707\" \/>\n\t<meta property=\"og:image:type\" content=\"image\/jpeg\" \/>\n<meta name=\"author\" content=\"agevis\" \/>\n<meta name=\"twitter:card\" content=\"summary_large_image\" \/>\n<meta name=\"twitter:label1\" content=\"Written by\" \/>\n\t<meta name=\"twitter:data1\" content=\"agevis\" \/>\n\t<meta name=\"twitter:label2\" content=\"Est. reading time\" \/>\n\t<meta name=\"twitter:data2\" content=\"2 minutes\" \/>\n<script type=\"application\/ld+json\" class=\"yoast-schema-graph\">{\"@context\":\"https:\\\/\\\/schema.org\",\"@graph\":[{\"@type\":\"Article\",\"@id\":\"https:\\\/\\\/www.manitese.it\\\/en\\\/al-via-il-progetto-corpi-civili-in-mozambico\\\/#article\",\"isPartOf\":{\"@id\":\"https:\\\/\\\/www.manitese.it\\\/en\\\/al-via-il-progetto-corpi-civili-in-mozambico\\\/\"},\"author\":{\"name\":\"agevis\",\"@id\":\"https:\\\/\\\/www.manitese.it\\\/en\\\/#\\\/schema\\\/person\\\/5a9774f17e4940e2510bfeba90f04f65\"},\"headline\":\"Al via il progetto &#8220;Corpi civili in Mozambico&#8221;\",\"datePublished\":\"2023-10-23T13:12:46+00:00\",\"dateModified\":\"2025-07-08T10:37:38+00:00\",\"mainEntityOfPage\":{\"@id\":\"https:\\\/\\\/www.manitese.it\\\/en\\\/al-via-il-progetto-corpi-civili-in-mozambico\\\/\"},\"wordCount\":328,\"commentCount\":0,\"image\":{\"@id\":\"https:\\\/\\\/www.manitese.it\\\/en\\\/al-via-il-progetto-corpi-civili-in-mozambico\\\/#primaryimage\"},\"thumbnailUrl\":\"https:\\\/\\\/www.manitese.it\\\/wp-content\\\/uploads\\\/2023\\\/11\\\/Fotos-do-Jornal-da-Mani-Tese-15-1-scaled-1.jpg\",\"articleSection\":[\"News\"],\"inLanguage\":\"en-US\",\"potentialAction\":[{\"@type\":\"CommentAction\",\"name\":\"Comment\",\"target\":[\"https:\\\/\\\/www.manitese.it\\\/en\\\/al-via-il-progetto-corpi-civili-in-mozambico\\\/#respond\"]}]},{\"@type\":\"WebPage\",\"@id\":\"https:\\\/\\\/www.manitese.it\\\/en\\\/al-via-il-progetto-corpi-civili-in-mozambico\\\/\",\"url\":\"https:\\\/\\\/www.manitese.it\\\/en\\\/al-via-il-progetto-corpi-civili-in-mozambico\\\/\",\"name\":\"Al via il progetto \\\"Corpi civili in Mozambico\\\" - Mani Tese\",\"isPartOf\":{\"@id\":\"https:\\\/\\\/www.manitese.it\\\/en\\\/#website\"},\"primaryImageOfPage\":{\"@id\":\"https:\\\/\\\/www.manitese.it\\\/en\\\/al-via-il-progetto-corpi-civili-in-mozambico\\\/#primaryimage\"},\"image\":{\"@id\":\"https:\\\/\\\/www.manitese.it\\\/en\\\/al-via-il-progetto-corpi-civili-in-mozambico\\\/#primaryimage\"},\"thumbnailUrl\":\"https:\\\/\\\/www.manitese.it\\\/wp-content\\\/uploads\\\/2023\\\/11\\\/Fotos-do-Jornal-da-Mani-Tese-15-1-scaled-1.jpg\",\"datePublished\":\"2023-10-23T13:12:46+00:00\",\"dateModified\":\"2025-07-08T10:37:38+00:00\",\"author\":{\"@id\":\"https:\\\/\\\/www.manitese.it\\\/en\\\/#\\\/schema\\\/person\\\/5a9774f17e4940e2510bfeba90f04f65\"},\"description\":\"Due volontarie a Quelimane nella sede di Mani Tese saranno impegnate nella prevenzione e nella gestione dell\u2019emergenza ambientale.\",\"breadcrumb\":{\"@id\":\"https:\\\/\\\/www.manitese.it\\\/en\\\/al-via-il-progetto-corpi-civili-in-mozambico\\\/#breadcrumb\"},\"inLanguage\":\"en-US\",\"potentialAction\":[{\"@type\":\"ReadAction\",\"target\":[\"https:\\\/\\\/www.manitese.it\\\/en\\\/al-via-il-progetto-corpi-civili-in-mozambico\\\/\"]}]},{\"@type\":\"ImageObject\",\"inLanguage\":\"en-US\",\"@id\":\"https:\\\/\\\/www.manitese.it\\\/en\\\/al-via-il-progetto-corpi-civili-in-mozambico\\\/#primaryimage\",\"url\":\"https:\\\/\\\/www.manitese.it\\\/wp-content\\\/uploads\\\/2023\\\/11\\\/Fotos-do-Jornal-da-Mani-Tese-15-1-scaled-1.jpg\",\"contentUrl\":\"https:\\\/\\\/www.manitese.it\\\/wp-content\\\/uploads\\\/2023\\\/11\\\/Fotos-do-Jornal-da-Mani-Tese-15-1-scaled-1.jpg\",\"width\":2560,\"height\":1707},{\"@type\":\"BreadcrumbList\",\"@id\":\"https:\\\/\\\/www.manitese.it\\\/en\\\/al-via-il-progetto-corpi-civili-in-mozambico\\\/#breadcrumb\",\"itemListElement\":[{\"@type\":\"ListItem\",\"position\":1,\"name\":\"Home\",\"item\":\"https:\\\/\\\/www.manitese.it\\\/en\\\/\"},{\"@type\":\"ListItem\",\"position\":2,\"name\":\"Al via il progetto &#8220;Corpi civili in Mozambico&#8221;\"}]},{\"@type\":\"WebSite\",\"@id\":\"https:\\\/\\\/www.manitese.it\\\/en\\\/#website\",\"url\":\"https:\\\/\\\/www.manitese.it\\\/en\\\/\",\"name\":\"Mani Tese\",\"description\":\"\",\"potentialAction\":[{\"@type\":\"SearchAction\",\"target\":{\"@type\":\"EntryPoint\",\"urlTemplate\":\"https:\\\/\\\/www.manitese.it\\\/en\\\/?s={search_term_string}\"},\"query-input\":{\"@type\":\"PropertyValueSpecification\",\"valueRequired\":true,\"valueName\":\"search_term_string\"}}],\"inLanguage\":\"en-US\"},{\"@type\":\"Person\",\"@id\":\"https:\\\/\\\/www.manitese.it\\\/en\\\/#\\\/schema\\\/person\\\/5a9774f17e4940e2510bfeba90f04f65\",\"name\":\"agevis\",\"image\":{\"@type\":\"ImageObject\",\"inLanguage\":\"en-US\",\"@id\":\"https:\\\/\\\/secure.gravatar.com\\\/avatar\\\/2dc96c93fcf3387a5922a93b50fb3bff01d4800590fb6a4ab91a034adb25ba17?s=96&d=mm&r=g\",\"url\":\"https:\\\/\\\/secure.gravatar.com\\\/avatar\\\/2dc96c93fcf3387a5922a93b50fb3bff01d4800590fb6a4ab91a034adb25ba17?s=96&d=mm&r=g\",\"contentUrl\":\"https:\\\/\\\/secure.gravatar.com\\\/avatar\\\/2dc96c93fcf3387a5922a93b50fb3bff01d4800590fb6a4ab91a034adb25ba17?s=96&d=mm&r=g\",\"caption\":\"agevis\"},\"url\":\"https:\\\/\\\/www.manitese.it\\\/en\\\/author\\\/wp_agevis_admin\\\/\"}]}<\/script>\n<!-- \/ Yoast SEO plugin. -->","yoast_head_json":{"title":"Al via il progetto \"Corpi civili in Mozambico\" - Mani Tese","description":"Due volontarie a Quelimane nella sede di Mani Tese saranno impegnate nella prevenzione e nella gestione dell\u2019emergenza ambientale.","robots":{"index":"index","follow":"follow","max-snippet":"max-snippet:-1","max-image-preview":"max-image-preview:large","max-video-preview":"max-video-preview:-1"},"canonical":"https:\/\/www.manitese.it\/en\/al-via-il-progetto-corpi-civili-in-mozambico\/","og_locale":"en_US","og_type":"article","og_title":"Al via il progetto \"Corpi civili in Mozambico\" - Mani Tese","og_description":"Due volontarie a Quelimane nella sede di Mani Tese saranno impegnate nella prevenzione e nella gestione dell\u2019emergenza ambientale.","og_url":"https:\/\/www.manitese.it\/en\/al-via-il-progetto-corpi-civili-in-mozambico\/","og_site_name":"Mani Tese","article_published_time":"2023-10-23T13:12:46+00:00","article_modified_time":"2025-07-08T10:37:38+00:00","og_image":[{"width":2560,"height":1707,"url":"https:\/\/www.manitese.it\/wp-content\/uploads\/2023\/11\/Fotos-do-Jornal-da-Mani-Tese-15-1-scaled-1.jpg","type":"image\/jpeg"}],"author":"agevis","twitter_card":"summary_large_image","twitter_misc":{"Written by":"agevis","Est. reading time":"2 minutes"},"schema":{"@context":"https:\/\/schema.org","@graph":[{"@type":"Article","@id":"https:\/\/www.manitese.it\/en\/al-via-il-progetto-corpi-civili-in-mozambico\/#article","isPartOf":{"@id":"https:\/\/www.manitese.it\/en\/al-via-il-progetto-corpi-civili-in-mozambico\/"},"author":{"name":"agevis","@id":"https:\/\/www.manitese.it\/en\/#\/schema\/person\/5a9774f17e4940e2510bfeba90f04f65"},"headline":"Al via il progetto &#8220;Corpi civili in Mozambico&#8221;","datePublished":"2023-10-23T13:12:46+00:00","dateModified":"2025-07-08T10:37:38+00:00","mainEntityOfPage":{"@id":"https:\/\/www.manitese.it\/en\/al-via-il-progetto-corpi-civili-in-mozambico\/"},"wordCount":328,"commentCount":0,"image":{"@id":"https:\/\/www.manitese.it\/en\/al-via-il-progetto-corpi-civili-in-mozambico\/#primaryimage"},"thumbnailUrl":"https:\/\/www.manitese.it\/wp-content\/uploads\/2023\/11\/Fotos-do-Jornal-da-Mani-Tese-15-1-scaled-1.jpg","articleSection":["News"],"inLanguage":"en-US","potentialAction":[{"@type":"CommentAction","name":"Comment","target":["https:\/\/www.manitese.it\/en\/al-via-il-progetto-corpi-civili-in-mozambico\/#respond"]}]},{"@type":"WebPage","@id":"https:\/\/www.manitese.it\/en\/al-via-il-progetto-corpi-civili-in-mozambico\/","url":"https:\/\/www.manitese.it\/en\/al-via-il-progetto-corpi-civili-in-mozambico\/","name":"Al via il progetto \"Corpi civili in Mozambico\" - Mani Tese","isPartOf":{"@id":"https:\/\/www.manitese.it\/en\/#website"},"primaryImageOfPage":{"@id":"https:\/\/www.manitese.it\/en\/al-via-il-progetto-corpi-civili-in-mozambico\/#primaryimage"},"image":{"@id":"https:\/\/www.manitese.it\/en\/al-via-il-progetto-corpi-civili-in-mozambico\/#primaryimage"},"thumbnailUrl":"https:\/\/www.manitese.it\/wp-content\/uploads\/2023\/11\/Fotos-do-Jornal-da-Mani-Tese-15-1-scaled-1.jpg","datePublished":"2023-10-23T13:12:46+00:00","dateModified":"2025-07-08T10:37:38+00:00","author":{"@id":"https:\/\/www.manitese.it\/en\/#\/schema\/person\/5a9774f17e4940e2510bfeba90f04f65"},"description":"Due volontarie a Quelimane nella sede di Mani Tese saranno impegnate nella prevenzione e nella gestione dell\u2019emergenza ambientale.","breadcrumb":{"@id":"https:\/\/www.manitese.it\/en\/al-via-il-progetto-corpi-civili-in-mozambico\/#breadcrumb"},"inLanguage":"en-US","potentialAction":[{"@type":"ReadAction","target":["https:\/\/www.manitese.it\/en\/al-via-il-progetto-corpi-civili-in-mozambico\/"]}]},{"@type":"ImageObject","inLanguage":"en-US","@id":"https:\/\/www.manitese.it\/en\/al-via-il-progetto-corpi-civili-in-mozambico\/#primaryimage","url":"https:\/\/www.manitese.it\/wp-content\/uploads\/2023\/11\/Fotos-do-Jornal-da-Mani-Tese-15-1-scaled-1.jpg","contentUrl":"https:\/\/www.manitese.it\/wp-content\/uploads\/2023\/11\/Fotos-do-Jornal-da-Mani-Tese-15-1-scaled-1.jpg","width":2560,"height":1707},{"@type":"BreadcrumbList","@id":"https:\/\/www.manitese.it\/en\/al-via-il-progetto-corpi-civili-in-mozambico\/#breadcrumb","itemListElement":[{"@type":"ListItem","position":1,"name":"Home","item":"https:\/\/www.manitese.it\/en\/"},{"@type":"ListItem","position":2,"name":"Al via il progetto &#8220;Corpi civili in Mozambico&#8221;"}]},{"@type":"WebSite","@id":"https:\/\/www.manitese.it\/en\/#website","url":"https:\/\/www.manitese.it\/en\/","name":"Mani Tese","description":"","potentialAction":[{"@type":"SearchAction","target":{"@type":"EntryPoint","urlTemplate":"https:\/\/www.manitese.it\/en\/?s={search_term_string}"},"query-input":{"@type":"PropertyValueSpecification","valueRequired":true,"valueName":"search_term_string"}}],"inLanguage":"en-US"},{"@type":"Person","@id":"https:\/\/www.manitese.it\/en\/#\/schema\/person\/5a9774f17e4940e2510bfeba90f04f65","name":"agevis","image":{"@type":"ImageObject","inLanguage":"en-US","@id":"https:\/\/secure.gravatar.com\/avatar\/2dc96c93fcf3387a5922a93b50fb3bff01d4800590fb6a4ab91a034adb25ba17?s=96&d=mm&r=g","url":"https:\/\/secure.gravatar.com\/avatar\/2dc96c93fcf3387a5922a93b50fb3bff01d4800590fb6a4ab91a034adb25ba17?s=96&d=mm&r=g","contentUrl":"https:\/\/secure.gravatar.com\/avatar\/2dc96c93fcf3387a5922a93b50fb3bff01d4800590fb6a4ab91a034adb25ba17?s=96&d=mm&r=g","caption":"agevis"},"url":"https:\/\/www.manitese.it\/en\/author\/wp_agevis_admin\/"}]}},"jetpack_featured_media_url":"https:\/\/www.manitese.it\/wp-content\/uploads\/2023\/11\/Fotos-do-Jornal-da-Mani-Tese-15-1-scaled-1.jpg","jetpack_sharing_enabled":true,"_links":{"self":[{"href":"https:\/\/www.manitese.it\/en\/wp-json\/wp\/v2\/posts\/190938","targetHints":{"allow":["GET"]}}],"collection":[{"href":"https:\/\/www.manitese.it\/en\/wp-json\/wp\/v2\/posts"}],"about":[{"href":"https:\/\/www.manitese.it\/en\/wp-json\/wp\/v2\/types\/post"}],"author":[{"embeddable":true,"href":"https:\/\/www.manitese.it\/en\/wp-json\/wp\/v2\/users\/1"}],"replies":[{"embeddable":true,"href":"https:\/\/www.manitese.it\/en\/wp-json\/wp\/v2\/comments?post=190938"}],"version-history":[{"count":4,"href":"https:\/\/www.manitese.it\/en\/wp-json\/wp\/v2\/posts\/190938\/revisions"}],"predecessor-version":[{"id":190995,"href":"https:\/\/www.manitese.it\/en\/wp-json\/wp\/v2\/posts\/190938\/revisions\/190995"}],"wp:featuredmedia":[{"embeddable":true,"href":"https:\/\/www.manitese.it\/en\/wp-json\/wp\/v2\/media\/190943"}],"wp:attachment":[{"href":"https:\/\/www.manitese.it\/en\/wp-json\/wp\/v2\/media?parent=190938"}],"wp:term":[{"taxonomy":"category","embeddable":true,"href":"https:\/\/www.manitese.it\/en\/wp-json\/wp\/v2\/categories?post=190938"},{"taxonomy":"post_tag","embeddable":true,"href":"https:\/\/www.manitese.it\/en\/wp-json\/wp\/v2\/tags?post=190938"},{"taxonomy":"thematic_area","embeddable":true,"href":"https:\/\/www.manitese.it\/en\/wp-json\/wp\/v2\/thematic_area?post=190938"}],"curies":[{"name":"wp","href":"https:\/\/api.w.org\/{rel}","templated":true}]}}