{"id":190923,"date":"2023-10-05T12:53:14","date_gmt":"2023-10-05T10:53:14","guid":{"rendered":"https:\/\/manitese.it\/?p=190923"},"modified":"2023-11-14T11:04:56","modified_gmt":"2023-11-14T10:04:56","slug":"africa-occidentale-e-colpi-di-stato","status":"publish","type":"post","link":"https:\/\/www.manitese.it\/en\/africa-occidentale-e-colpi-di-stato\/","title":{"rendered":"Africa Occidentale e colpi di stato"},"content":{"rendered":"\r\n<p><strong><em>Di Anna Fatima Pasqual e Giovanni Sartor \u2013 Mani Tese<\/em><\/strong><\/p>\r\n\r\n\r\n\r\n<p>A partire dal 2020 la zona dell\u2019Africa che viene definita dalle Nazioni Unite Africa Occidentale e che comprende 16 Paesi<a id=\"_ednref1\" href=\"#_edn1\">[i]<\/a> ha subito in 4 dei suoi stati membri (<strong>Mal\u00ec, Guinea, Burkina Faso ed infine il Niger<\/strong>) <strong>6 colpi di stato<\/strong>, a cui se ne aggiungono altri due avvenuti in Paesi limitrofi quali il <strong>Ciad e il Gabon<\/strong>. Questi ultimi due Paesi hanno in comune con gli altri in cui \u00e8 avvenuto il golpe l\u2019essere delle ex colonie francesi e quindi in qualche modo appartenenti alla cosiddetta <strong>\u201cFran\u00e7afrique\u201d.<\/strong><\/p>\r\n\r\n\r\n\r\n<p>Colpi di stato sono stati inoltre tentati senza successo, sempre a partire dal 2020, in <strong>Gambia e Guinea Bissau.<\/strong> A questa situazione si aggiunge uno scenario politico instabile in <strong>Senegal <\/strong>in vista delle elezioni presidenziali previste nel mese di febbraio 2024.<\/p>\r\n\r\n\r\n\r\n<p>Il susseguirsi di colpi di Stato, molti dei quali tra l\u2019altro avvenuti da parte di alti ranghi dell\u2019esercito che fino a un attimo prima erano stati tra i pi\u00f9 fidati collaboratori dei presidenti deposti, farebbe pensare a una strategia comune e coordinata. Tuttavia gli esperti internazionali sono concordi nel rilevare che, se \u00e8 vero che <strong>le motivazioni possono essere in parte comuni e si sia creata anche una sorta di spirito di emulazione, la situazione \u00e8 diversa Paese per Paese ed \u00e8 bene tenere in considerazione il contesto di ciascuna realt\u00e0.<\/strong><\/p>\r\n\r\n\r\n\r\n<p>Molti osservatori sono concordi nel ritenere che il motivo principale dei colpi di Stato e soprattutto del <strong>successivo consenso che hanno ricevuto in seno alla popolazione<\/strong>, <strong>sia legato a problematiche interne ovvero all\u2019incapacit\u00e0 dei Presidenti dei diversi Paesi e pi\u00f9 in generale della classe politica di rispondere ai bisogni dei cittadini.<\/strong> Si tratta di bisogni che sono riconducibili alla mancanza di servizi di base quali sanit\u00e0 e scuola, ma anche a un aumento dei costi dei prodotti alimentari e di conseguenza alla povert\u00e0.<\/p>\r\n\r\n\r\n\r\n<p>A queste motivazioni si aggiungono le problematiche relative alla <strong>presenza di gruppi armati non statali di matrice jihadista<\/strong>, in particolare in Mal\u00ec, Niger e Burkina Faso, che controllano porzioni sempre pi\u00f9 grandi dei territori dei rispettivi Paesi, senza che i governi pre-golpisti siano riusciti a dare risposte tali da limitare l\u2019avanzata e il controllo di territori da parte di tali gruppi armati.<\/p>\r\n\r\n\r\n\r\n<p>Storicamente <strong>l\u2019esercito<\/strong> in Africa Occidentale \u00e8 spesso stato percepito come <strong>il soggetto che \u00e8 intervenuto a tutela degli interessi della nazione e dei suoi cittadini,<\/strong> quando essi sono stati minacciati da una classe politica che non era in grado di adempiere ai suoi compiti, corrotta e guidata da interessi esterni.<\/p>\r\n\r\n\r\n\r\n<p>Nei giornali si \u00e8 molto parlato anche di un <strong>sentimento antifrancese che indubbiamente esiste e lo abbiamo visto dalle manifestazioni nelle diverse capitali dei Paesi coinvolti e parlando con i nostri collaboratori e partner in Burkina Faso e Benin<\/strong>. Ci sembra per\u00f2 di poter dire che il<strong> problema non sia la Francia ed in particolare i suoi cittadini ma il fatto che le sue politiche neo-coloniali incentrate sulla difesa e promozione degli interessi francesi in Africa Occidentale<\/strong> (che \u00e8 esattamente quello che fanno in realt\u00e0 tutti i Paesi nello scacchiere africano), pur con le correzioni attuate attraverso l\u2019Aiuto pubblico allo Sviluppo e altre forme di finanziamento, <strong>non siano state in grado di portare benessere alla popolazione locale<\/strong>. Anzi, oggi la qualit\u00e0 della vita, in particolare nei tre Paesi del Sahel (Mal\u00ec, Burkina Faso e Niger), \u00e8 in peggioramento e la popolazione riconosce nella Francia la causa principale di questa situazione.<\/p>\r\n\r\n\r\n\r\n<p>Siamo di fronte a una <strong>crisi della democrazia<\/strong>. In Africa dopo la colonizzazione e un periodo nel quale la maggior parte degli stati \u00e8 stata governata dal partito unico dell\u2019indipendenza, si sono aperte le porte negli anni \u201890 al multipartitismo e alle elezioni. <strong>Oggi molte di queste democrazie hanno fallito<\/strong> e non sono state in grado di rispondere ai bisogni della popolazione<strong>.<\/strong><\/p>\r\n\r\n\r\n\r\n<p><strong>L\u2019alternanza al potere \u00e8 stata limitata anche da tentativi da parte del Presidente di turno al potere di modificare la costituzione per garantirsi pi\u00f9 mandati rispetto ai due standard<\/strong> (solo per fare alcuni esempi: in Guinea e Gabon i colpi di stato sono avvenuti dopo l\u2019elezione per un terzo mandato del presidente uscente. In Costa d\u2019Avorio il Presidente Ouattara \u00e8 riuscito a farsi rieleggere per un terzo mandato).<\/p>\r\n\r\n\r\n\r\n<p>\u00c8 una democrazia delle \u00e9lites quella che molto spesso troviamo nei Paesi dell\u2019Africa Occidentale: intermediari d\u2019affari di potenze varie che rinunciano a fare politica e a difendere gli interessi di chi li ha eletti. \u00a0I Paesi citati<strong>\u00a0non si trovano ad affrontare identici problemi<\/strong>. C\u2019\u00e8 piuttosto una convergenza di nodi irrisolti e un\u2019insofferenza crescente per i regimi che, sotto l\u2019apparenza di elezioni democratiche, nascondono la difesa di interessi privatistici e tradiscono in modo pi\u00f9 o meno sfacciato il patto sociale con i cittadini.<\/p>\r\n\r\n\r\n\r\n<p><strong>I golpe appaiono quindi come l\u2019unico modo di provocare un cambiamento in questo nuovo ciclo storico, di assicurare una forma di alternanza al vertice dello stato e di accelerare la transizione generazionale.<\/strong><\/p>\r\n\r\n\r\n\r\n<p>La situazione \u00e8 molto complessa e le forze in gioco come gli interessi sono molteplici.<strong> Mani Tese sta dalla parte della popolazione e delle comunit\u00e0 e crede che stabilit\u00e0 e sviluppo in quest\u2019area del mondo non possano che passare dal loro protagonismo e attivismo<\/strong>.<\/p>\r\n\r\n\r\n\r\n<p>Riceviamo segnali che i cambiamenti in atto stiano risvegliando e attivando forze endogene. Questo \u00e8 sicuramente positivo <strong>se canalizzato in un interesse collettivo e centrato sui bisogni della popolazione<\/strong> senza ricadere su meccanismi geo-politici di sfere di influenza e di controllo di potenze straniere che schiaccerebbe ancora una volta la popolazione locale su interessi e dinamiche che poco avrebbero a che fare con il loro benessere.<\/p>\r\n\r\n\r\n\r\n<p>Per questo, il primo tema prioritario \u00e8 a nostro avviso, qualsiasi regime ci sia, <strong>la necessit\u00e0 che vengano garantite le libert\u00e0 individuali e collettive di espressione, incontro, riunione, stampa, il rispetto dei diritti umani in tutte le sue forme e la risposta ai bisogni essenziali per i cittadini<\/strong>.<\/p>\r\n\r\n\r\n\r\n<p>\u00c8 \u00a0fondamentale che <strong>la societ\u00e0 civile possa essere protagonista<\/strong> e proporre a chi \u00e8 al potere, siano essi civili o militari, un\u2019agenda politica di cambiamento.<\/p>\r\n\r\n\r\n\r\n<p>L\u2019auspicio \u00e8 poi quello che in tempi rapidi sia <strong>la popolazione a poter scegliere attraverso libere elezioni chi li governer\u00e0<\/strong> ma non prima di aver attuato un percorso simile ma molto pi\u00f9 autentico rispetto a quello gi\u00e0 avvenuto negli anni \u201990 con le <strong>Conferenze Nazionali<\/strong>, coinvolgendo le cosiddette \u201cforze vive\u201d della nazione in un processo che ponga le basi per un rilancio \u201cvernacolare\u201d, come ama dire J.L. Touad\u00ec, dei processi democratici.<\/p>\r\n\r\n\r\n\r\n<p>Un altro aspetto importante \u00e8 a nostro avviso <strong>l\u2019alleanza tra i diversi Paesi dell\u2019Area per adottare una strategia comune<\/strong>. Essenziale se si vuole sconfiggere il terrorismo ma anche se, insieme, ci si vuole contrapporre a interessi di stampo neocoloniale. Recentemente i governi frutto dei golpe in Mal\u00ec, Burkina Faso e Niger hanno stretto un patto dando vita <strong>all\u2019Alleanza dei Paesi del Sahel<\/strong> (A<strong>lliance des \u00c9tats du Sahel &#8211; Aes)<\/strong><strong>. Il documento, chiamato <\/strong><strong>Carta Liptako-Gourma, <\/strong>prende il nome dalla regione dove le frontiere dei tre Paesi si incontrano, una zona in cui operano negli ultimi anni diversi gruppi armati irregolari. I contenuti del patto riguardano una collaborazione tra i tre Paesi sia in ambito militare sia in ambito economico. Se sar\u00e0 in grado di ottenere qualche risultato nella lotta ai gruppi armati jhaidisti, lo vedremo nei prossimi mesi. Provare a operare insieme su problemi comuni \u00e8 in ogni caso positivo.<\/p>\r\n\r\n\r\n\r\n<p>Da questo punto di vista <strong>ECOWAS,<\/strong> <strong>comunit\u00e0 economica degli stati dell\u2019Africa Occidentale, \u00a0potrebbe giocare un ruolo importante se veramente si superano schieramenti pro o contro la Francia o altre potenze extra africane e ci si concentra sugli interessi della Regione<\/strong>. La Nigeria, di gran lunga il Paese pi\u00f9 potente e popoloso dell\u2019area, potrebbe avere un gran vantaggio dal giocare un ruolo da riferimento regionale in una zona in cui si riduce drasticamente la conflittualit\u00e0 e si promuovono politiche di comune interesse.<\/p>\r\n\r\n\r\n\r\n<p>Un aspetto importante \u00e8 infine <strong>il ruolo della comunit\u00e0 internazionale<\/strong>. L\u2019attuale situazione \u00e8 anche figlia di un approccio che ha visto la Francia ma non solo (si pensi all\u2019Italia e alle sue politiche finalizzate a ridurre i flussi migratori) <strong>concentrarsi sugli interessi nazionali e non su quelli dei Paesi dell\u2019Africa occidentale <\/strong>senza ascoltare i loro bisogni e tenere conto dei loro interessi, se non in minima parte con i progetti di cooperazione finanziati alle ONG e alle diverse Agenzie delle Nazioni Unite. Anche <strong>l\u2019approccio prevalentemente securitario,<\/strong> con la formazione degli eserciti e delle forze di polizia, come avvenuto per esempio negli ultimi anni in Niger, ha rivelato tutti i suoi limiti, anche perch\u00e9 oggi al potere ci sono quei militari precedentemente formati dalla Francia e dagli altri Paesi, Italia compresa, presenti in Niger.<\/p>\r\n\r\n\r\n\r\n<p><strong>Nelle politiche dell\u2019Unione Europea e dei suoi stati membri le priorit\u00e0 siano dunque i diritti e il benessere dei cittadini dei Paesi partner, non tanto e non solo i propri interessi geopolitici.<\/strong><\/p>\r\n\r\n\r\n<hr class=\"wp-block-separator has-alpha-channel-opacity\" \/>\r\n\r\n\r\n<p><a id=\"_edn1\" href=\"#_ednref1\">[i]<\/a> 15 sono invece i membri dell\u2019ECOWAS, comunit\u00e0 economica degli stati dell\u2019Africa Occidentale di cui non fa pi\u00f9 parte la Mauritania<\/p>\r\n\r\n\r\n\r\n<figure class=\"wp-block-gallery has-nested-images columns-default is-cropped wp-block-gallery-1 is-layout-flex wp-block-gallery-is-layout-flex\">\r\n<figure class=\"wp-block-image size-large\"><img decoding=\"async\" data-id=\"172792\" class=\"wp-image-172792\" src=\"https:\/\/manitese.it\/wp-content\/uploads\/2023\/11\/414_IMG_3784-1024x683-1.jpg\" alt=\"\" \/><\/figure>\r\n<\/figure>\r\n","protected":false},"excerpt":{"rendered":"<p>Le sfide in atto nella zona a seguito del susseguirsi dei golpe.<\/p>\n","protected":false},"author":1,"featured_media":190926,"comment_status":"open","ping_status":"open","sticky":false,"template":"","format":"standard","meta":{"_acf_changed":false,"give_campaign_id":0,"inline_featured_image":false,"_jetpack_memberships_contains_paid_content":false,"footnotes":""},"categories":[1],"tags":[],"thematic_area":[],"class_list":["post-190923","post","type-post","status-publish","format-standard","has-post-thumbnail","hentry","category-news"],"acf":[],"yoast_head":"<!-- This site is optimized with the Yoast SEO plugin v27.5 - https:\/\/yoast.com\/product\/yoast-seo-wordpress\/ -->\n<title>Africa Occidentale e colpi di stato - Mani Tese<\/title>\n<meta name=\"description\" content=\"Le sfide in atto nella zona a seguito del susseguirsi dei golpe.\" \/>\n<meta name=\"robots\" content=\"index, follow, max-snippet:-1, max-image-preview:large, max-video-preview:-1\" \/>\n<link rel=\"canonical\" href=\"https:\/\/www.manitese.it\/en\/africa-occidentale-e-colpi-di-stato\/\" \/>\n<meta property=\"og:locale\" content=\"en_US\" \/>\n<meta property=\"og:type\" content=\"article\" \/>\n<meta property=\"og:title\" content=\"Africa Occidentale e colpi di stato - Mani Tese\" \/>\n<meta property=\"og:description\" content=\"Le sfide in atto nella zona a seguito del susseguirsi dei golpe.\" \/>\n<meta property=\"og:url\" content=\"https:\/\/www.manitese.it\/en\/africa-occidentale-e-colpi-di-stato\/\" \/>\n<meta property=\"og:site_name\" content=\"Mani Tese\" \/>\n<meta property=\"article:published_time\" content=\"2023-10-05T10:53:14+00:00\" \/>\n<meta property=\"article:modified_time\" content=\"2023-11-14T10:04:56+00:00\" \/>\n<meta property=\"og:image\" content=\"https:\/\/www.manitese.it\/wp-content\/uploads\/2023\/11\/642_IMG_9781-1-scaled-1.jpg\" \/>\n\t<meta property=\"og:image:width\" content=\"2560\" \/>\n\t<meta property=\"og:image:height\" content=\"1707\" \/>\n\t<meta property=\"og:image:type\" content=\"image\/jpeg\" \/>\n<meta name=\"author\" content=\"agevis\" \/>\n<meta name=\"twitter:card\" content=\"summary_large_image\" \/>\n<meta name=\"twitter:label1\" content=\"Written by\" \/>\n\t<meta name=\"twitter:data1\" content=\"agevis\" \/>\n\t<meta name=\"twitter:label2\" content=\"Est. reading time\" \/>\n\t<meta name=\"twitter:data2\" content=\"7 minutes\" \/>\n<script type=\"application\/ld+json\" class=\"yoast-schema-graph\">{\"@context\":\"https:\\\/\\\/schema.org\",\"@graph\":[{\"@type\":\"Article\",\"@id\":\"https:\\\/\\\/www.manitese.it\\\/en\\\/africa-occidentale-e-colpi-di-stato\\\/#article\",\"isPartOf\":{\"@id\":\"https:\\\/\\\/www.manitese.it\\\/en\\\/africa-occidentale-e-colpi-di-stato\\\/\"},\"author\":{\"name\":\"agevis\",\"@id\":\"https:\\\/\\\/www.manitese.it\\\/en\\\/#\\\/schema\\\/person\\\/5a9774f17e4940e2510bfeba90f04f65\"},\"headline\":\"Africa Occidentale e colpi di stato\",\"datePublished\":\"2023-10-05T10:53:14+00:00\",\"dateModified\":\"2023-11-14T10:04:56+00:00\",\"mainEntityOfPage\":{\"@id\":\"https:\\\/\\\/www.manitese.it\\\/en\\\/africa-occidentale-e-colpi-di-stato\\\/\"},\"wordCount\":1497,\"commentCount\":0,\"image\":{\"@id\":\"https:\\\/\\\/www.manitese.it\\\/en\\\/africa-occidentale-e-colpi-di-stato\\\/#primaryimage\"},\"thumbnailUrl\":\"https:\\\/\\\/www.manitese.it\\\/wp-content\\\/uploads\\\/2023\\\/11\\\/642_IMG_9781-1-scaled-1.jpg\",\"articleSection\":[\"News\"],\"inLanguage\":\"en-US\",\"potentialAction\":[{\"@type\":\"CommentAction\",\"name\":\"Comment\",\"target\":[\"https:\\\/\\\/www.manitese.it\\\/en\\\/africa-occidentale-e-colpi-di-stato\\\/#respond\"]}]},{\"@type\":\"WebPage\",\"@id\":\"https:\\\/\\\/www.manitese.it\\\/en\\\/africa-occidentale-e-colpi-di-stato\\\/\",\"url\":\"https:\\\/\\\/www.manitese.it\\\/en\\\/africa-occidentale-e-colpi-di-stato\\\/\",\"name\":\"Africa Occidentale e colpi di stato - Mani Tese\",\"isPartOf\":{\"@id\":\"https:\\\/\\\/www.manitese.it\\\/en\\\/#website\"},\"primaryImageOfPage\":{\"@id\":\"https:\\\/\\\/www.manitese.it\\\/en\\\/africa-occidentale-e-colpi-di-stato\\\/#primaryimage\"},\"image\":{\"@id\":\"https:\\\/\\\/www.manitese.it\\\/en\\\/africa-occidentale-e-colpi-di-stato\\\/#primaryimage\"},\"thumbnailUrl\":\"https:\\\/\\\/www.manitese.it\\\/wp-content\\\/uploads\\\/2023\\\/11\\\/642_IMG_9781-1-scaled-1.jpg\",\"datePublished\":\"2023-10-05T10:53:14+00:00\",\"dateModified\":\"2023-11-14T10:04:56+00:00\",\"author\":{\"@id\":\"https:\\\/\\\/www.manitese.it\\\/en\\\/#\\\/schema\\\/person\\\/5a9774f17e4940e2510bfeba90f04f65\"},\"description\":\"Le sfide in atto nella zona a seguito del susseguirsi dei golpe.\",\"breadcrumb\":{\"@id\":\"https:\\\/\\\/www.manitese.it\\\/en\\\/africa-occidentale-e-colpi-di-stato\\\/#breadcrumb\"},\"inLanguage\":\"en-US\",\"potentialAction\":[{\"@type\":\"ReadAction\",\"target\":[\"https:\\\/\\\/www.manitese.it\\\/en\\\/africa-occidentale-e-colpi-di-stato\\\/\"]}]},{\"@type\":\"ImageObject\",\"inLanguage\":\"en-US\",\"@id\":\"https:\\\/\\\/www.manitese.it\\\/en\\\/africa-occidentale-e-colpi-di-stato\\\/#primaryimage\",\"url\":\"https:\\\/\\\/www.manitese.it\\\/wp-content\\\/uploads\\\/2023\\\/11\\\/642_IMG_9781-1-scaled-1.jpg\",\"contentUrl\":\"https:\\\/\\\/www.manitese.it\\\/wp-content\\\/uploads\\\/2023\\\/11\\\/642_IMG_9781-1-scaled-1.jpg\",\"width\":2560,\"height\":1707},{\"@type\":\"BreadcrumbList\",\"@id\":\"https:\\\/\\\/www.manitese.it\\\/en\\\/africa-occidentale-e-colpi-di-stato\\\/#breadcrumb\",\"itemListElement\":[{\"@type\":\"ListItem\",\"position\":1,\"name\":\"Home\",\"item\":\"https:\\\/\\\/www.manitese.it\\\/en\\\/\"},{\"@type\":\"ListItem\",\"position\":2,\"name\":\"Africa Occidentale e colpi di stato\"}]},{\"@type\":\"WebSite\",\"@id\":\"https:\\\/\\\/www.manitese.it\\\/en\\\/#website\",\"url\":\"https:\\\/\\\/www.manitese.it\\\/en\\\/\",\"name\":\"Mani Tese\",\"description\":\"\",\"potentialAction\":[{\"@type\":\"SearchAction\",\"target\":{\"@type\":\"EntryPoint\",\"urlTemplate\":\"https:\\\/\\\/www.manitese.it\\\/en\\\/?s={search_term_string}\"},\"query-input\":{\"@type\":\"PropertyValueSpecification\",\"valueRequired\":true,\"valueName\":\"search_term_string\"}}],\"inLanguage\":\"en-US\"},{\"@type\":\"Person\",\"@id\":\"https:\\\/\\\/www.manitese.it\\\/en\\\/#\\\/schema\\\/person\\\/5a9774f17e4940e2510bfeba90f04f65\",\"name\":\"agevis\",\"image\":{\"@type\":\"ImageObject\",\"inLanguage\":\"en-US\",\"@id\":\"https:\\\/\\\/secure.gravatar.com\\\/avatar\\\/2dc96c93fcf3387a5922a93b50fb3bff01d4800590fb6a4ab91a034adb25ba17?s=96&d=mm&r=g\",\"url\":\"https:\\\/\\\/secure.gravatar.com\\\/avatar\\\/2dc96c93fcf3387a5922a93b50fb3bff01d4800590fb6a4ab91a034adb25ba17?s=96&d=mm&r=g\",\"contentUrl\":\"https:\\\/\\\/secure.gravatar.com\\\/avatar\\\/2dc96c93fcf3387a5922a93b50fb3bff01d4800590fb6a4ab91a034adb25ba17?s=96&d=mm&r=g\",\"caption\":\"agevis\"},\"url\":\"https:\\\/\\\/www.manitese.it\\\/en\\\/author\\\/wp_agevis_admin\\\/\"}]}<\/script>\n<!-- \/ Yoast SEO plugin. -->","yoast_head_json":{"title":"Africa Occidentale e colpi di stato - Mani Tese","description":"Le sfide in atto nella zona a seguito del susseguirsi dei golpe.","robots":{"index":"index","follow":"follow","max-snippet":"max-snippet:-1","max-image-preview":"max-image-preview:large","max-video-preview":"max-video-preview:-1"},"canonical":"https:\/\/www.manitese.it\/en\/africa-occidentale-e-colpi-di-stato\/","og_locale":"en_US","og_type":"article","og_title":"Africa Occidentale e colpi di stato - Mani Tese","og_description":"Le sfide in atto nella zona a seguito del susseguirsi dei golpe.","og_url":"https:\/\/www.manitese.it\/en\/africa-occidentale-e-colpi-di-stato\/","og_site_name":"Mani Tese","article_published_time":"2023-10-05T10:53:14+00:00","article_modified_time":"2023-11-14T10:04:56+00:00","og_image":[{"width":2560,"height":1707,"url":"https:\/\/www.manitese.it\/wp-content\/uploads\/2023\/11\/642_IMG_9781-1-scaled-1.jpg","type":"image\/jpeg"}],"author":"agevis","twitter_card":"summary_large_image","twitter_misc":{"Written by":"agevis","Est. reading time":"7 minutes"},"schema":{"@context":"https:\/\/schema.org","@graph":[{"@type":"Article","@id":"https:\/\/www.manitese.it\/en\/africa-occidentale-e-colpi-di-stato\/#article","isPartOf":{"@id":"https:\/\/www.manitese.it\/en\/africa-occidentale-e-colpi-di-stato\/"},"author":{"name":"agevis","@id":"https:\/\/www.manitese.it\/en\/#\/schema\/person\/5a9774f17e4940e2510bfeba90f04f65"},"headline":"Africa Occidentale e colpi di stato","datePublished":"2023-10-05T10:53:14+00:00","dateModified":"2023-11-14T10:04:56+00:00","mainEntityOfPage":{"@id":"https:\/\/www.manitese.it\/en\/africa-occidentale-e-colpi-di-stato\/"},"wordCount":1497,"commentCount":0,"image":{"@id":"https:\/\/www.manitese.it\/en\/africa-occidentale-e-colpi-di-stato\/#primaryimage"},"thumbnailUrl":"https:\/\/www.manitese.it\/wp-content\/uploads\/2023\/11\/642_IMG_9781-1-scaled-1.jpg","articleSection":["News"],"inLanguage":"en-US","potentialAction":[{"@type":"CommentAction","name":"Comment","target":["https:\/\/www.manitese.it\/en\/africa-occidentale-e-colpi-di-stato\/#respond"]}]},{"@type":"WebPage","@id":"https:\/\/www.manitese.it\/en\/africa-occidentale-e-colpi-di-stato\/","url":"https:\/\/www.manitese.it\/en\/africa-occidentale-e-colpi-di-stato\/","name":"Africa Occidentale e colpi di stato - Mani Tese","isPartOf":{"@id":"https:\/\/www.manitese.it\/en\/#website"},"primaryImageOfPage":{"@id":"https:\/\/www.manitese.it\/en\/africa-occidentale-e-colpi-di-stato\/#primaryimage"},"image":{"@id":"https:\/\/www.manitese.it\/en\/africa-occidentale-e-colpi-di-stato\/#primaryimage"},"thumbnailUrl":"https:\/\/www.manitese.it\/wp-content\/uploads\/2023\/11\/642_IMG_9781-1-scaled-1.jpg","datePublished":"2023-10-05T10:53:14+00:00","dateModified":"2023-11-14T10:04:56+00:00","author":{"@id":"https:\/\/www.manitese.it\/en\/#\/schema\/person\/5a9774f17e4940e2510bfeba90f04f65"},"description":"Le sfide in atto nella zona a seguito del susseguirsi dei golpe.","breadcrumb":{"@id":"https:\/\/www.manitese.it\/en\/africa-occidentale-e-colpi-di-stato\/#breadcrumb"},"inLanguage":"en-US","potentialAction":[{"@type":"ReadAction","target":["https:\/\/www.manitese.it\/en\/africa-occidentale-e-colpi-di-stato\/"]}]},{"@type":"ImageObject","inLanguage":"en-US","@id":"https:\/\/www.manitese.it\/en\/africa-occidentale-e-colpi-di-stato\/#primaryimage","url":"https:\/\/www.manitese.it\/wp-content\/uploads\/2023\/11\/642_IMG_9781-1-scaled-1.jpg","contentUrl":"https:\/\/www.manitese.it\/wp-content\/uploads\/2023\/11\/642_IMG_9781-1-scaled-1.jpg","width":2560,"height":1707},{"@type":"BreadcrumbList","@id":"https:\/\/www.manitese.it\/en\/africa-occidentale-e-colpi-di-stato\/#breadcrumb","itemListElement":[{"@type":"ListItem","position":1,"name":"Home","item":"https:\/\/www.manitese.it\/en\/"},{"@type":"ListItem","position":2,"name":"Africa Occidentale e colpi di stato"}]},{"@type":"WebSite","@id":"https:\/\/www.manitese.it\/en\/#website","url":"https:\/\/www.manitese.it\/en\/","name":"Mani Tese","description":"","potentialAction":[{"@type":"SearchAction","target":{"@type":"EntryPoint","urlTemplate":"https:\/\/www.manitese.it\/en\/?s={search_term_string}"},"query-input":{"@type":"PropertyValueSpecification","valueRequired":true,"valueName":"search_term_string"}}],"inLanguage":"en-US"},{"@type":"Person","@id":"https:\/\/www.manitese.it\/en\/#\/schema\/person\/5a9774f17e4940e2510bfeba90f04f65","name":"agevis","image":{"@type":"ImageObject","inLanguage":"en-US","@id":"https:\/\/secure.gravatar.com\/avatar\/2dc96c93fcf3387a5922a93b50fb3bff01d4800590fb6a4ab91a034adb25ba17?s=96&d=mm&r=g","url":"https:\/\/secure.gravatar.com\/avatar\/2dc96c93fcf3387a5922a93b50fb3bff01d4800590fb6a4ab91a034adb25ba17?s=96&d=mm&r=g","contentUrl":"https:\/\/secure.gravatar.com\/avatar\/2dc96c93fcf3387a5922a93b50fb3bff01d4800590fb6a4ab91a034adb25ba17?s=96&d=mm&r=g","caption":"agevis"},"url":"https:\/\/www.manitese.it\/en\/author\/wp_agevis_admin\/"}]}},"jetpack_featured_media_url":"https:\/\/www.manitese.it\/wp-content\/uploads\/2023\/11\/642_IMG_9781-1-scaled-1.jpg","jetpack_sharing_enabled":true,"_links":{"self":[{"href":"https:\/\/www.manitese.it\/en\/wp-json\/wp\/v2\/posts\/190923","targetHints":{"allow":["GET"]}}],"collection":[{"href":"https:\/\/www.manitese.it\/en\/wp-json\/wp\/v2\/posts"}],"about":[{"href":"https:\/\/www.manitese.it\/en\/wp-json\/wp\/v2\/types\/post"}],"author":[{"embeddable":true,"href":"https:\/\/www.manitese.it\/en\/wp-json\/wp\/v2\/users\/1"}],"replies":[{"embeddable":true,"href":"https:\/\/www.manitese.it\/en\/wp-json\/wp\/v2\/comments?post=190923"}],"version-history":[{"count":2,"href":"https:\/\/www.manitese.it\/en\/wp-json\/wp\/v2\/posts\/190923\/revisions"}],"predecessor-version":[{"id":191109,"href":"https:\/\/www.manitese.it\/en\/wp-json\/wp\/v2\/posts\/190923\/revisions\/191109"}],"wp:featuredmedia":[{"embeddable":true,"href":"https:\/\/www.manitese.it\/en\/wp-json\/wp\/v2\/media\/190926"}],"wp:attachment":[{"href":"https:\/\/www.manitese.it\/en\/wp-json\/wp\/v2\/media?parent=190923"}],"wp:term":[{"taxonomy":"category","embeddable":true,"href":"https:\/\/www.manitese.it\/en\/wp-json\/wp\/v2\/categories?post=190923"},{"taxonomy":"post_tag","embeddable":true,"href":"https:\/\/www.manitese.it\/en\/wp-json\/wp\/v2\/tags?post=190923"},{"taxonomy":"thematic_area","embeddable":true,"href":"https:\/\/www.manitese.it\/en\/wp-json\/wp\/v2\/thematic_area?post=190923"}],"curies":[{"name":"wp","href":"https:\/\/api.w.org\/{rel}","templated":true}]}}