{"id":190921,"date":"2023-09-14T18:01:35","date_gmt":"2023-09-14T16:01:35","guid":{"rendered":"https:\/\/manitese.it\/?p=190921"},"modified":"2023-11-29T17:41:51","modified_gmt":"2023-11-29T16:41:51","slug":"make-compost-not-war","status":"publish","type":"post","link":"https:\/\/www.manitese.it\/en\/make-compost-not-war\/","title":{"rendered":"Make compost not war"},"content":{"rendered":"\r\n<p>&nbsp;<\/p>\r\n\r\n\r\n\r\n<p>Dopo la dichiarazione del 13 aprile 2023 di Ibrahim Traor\u00e9, presidente del Burkina Faso, la stampa parla apertamente di <strong>una guerra in corso contro <\/strong><strong>i gruppi armati non statali<\/strong> (GANE) e in tutto il Paese \u00e8 in atto una mobilitazione generale di persone e risorse. Il numero di attacchi nelle diverse regioni del Burkina Faso \u00e8 aumentato poco prima della stagione delle piogge, come si attendevano i servizi di sicurezza, e sta diminuendo man mano che gli scrosci si fanno pi\u00f9 forti e frequenti.\u00a0<\/p>\r\n\r\n\r\n\r\n<p>Non solo l\u2019esercito Burkinab\u00e9 gioisce della tregua data dalla pioggia, ma anche la terra, riarsa dal sole per nove mesi all\u2019anno, finalmente ricomincia a respirare e rinverdirsi. Tuttavia, <strong>a causa dei cambiamenti climatici, le piogge si stanno facendo sempre pi\u00f9 irregolari<\/strong>, come racconta Jean-Baptiste Kabor\u00e9, leader dell\u2019organizzazione contadina del comune di Pella, nella regione del Centro-Ovest.\u00a0<\/p>\r\n\r\n\r\n\r\n<p>\u201cColtivo il riso da sempre ma negli ultimi anni il clima \u00e8 cambiato moltissimo \u2013 afferma Jean-Baptiste Kabor\u00e9 &#8211; Non piove pi\u00f9 come prima e il rischio di perdere il raccolto adesso \u00e8 pi\u00f9 elevato\u201d.\u00a0\u00a0<\/p>\r\n\r\n\r\n\r\n<p>Jean-Baptiste ha appena concluso la restituzione alla sua organizzazione delle <strong>tecniche <\/strong><strong>agroecologiche<\/strong><strong> apprese durante la formazione<\/strong> di aprile, realizzate nell\u2019ambito del progetto \u201c<strong>Nutriamo il futuro<\/strong>\u201d, cofinanziato da AICS Agenzia Italiana per la Cooperazione allo Sviluppo. Con lui c\u2019\u00e8 anche il coltivatore Adama Soulama, che si dichiara contento di quello che ha imparato, e che ha subito applicato sul suo terreno.\u00a0<\/p>\r\n\r\n\r\n\r\n<p>\u201c\u00c8 stato molto utile imparare a fare il compost &#8211; racconta Adama &#8211; Alcuni gi\u00e0 conoscevano la tecnica, ma adesso tutti i membri dell\u2019organizzazione sanno metterla in pratica in modo corretto e questo ci permette di rigenerare il terreno e renderlo pi\u00f9 fertile senza dipendere da fertilizzanti sintetici, riducendo il rischio di perdita del raccolto\u201d.\u00a0<\/p>\r\n\r\n\r\n\r\n<p><strong>Fare il compost implica sforzo fisico e una grande collaborazione<\/strong><strong> tra le persone<\/strong><strong> e rappresenta uno<\/strong> <strong>degli <\/strong><strong>asset<\/strong><strong> del<\/strong><strong> progetto \u201cNutriamo il futuro\u201d<\/strong><strong>.<\/strong>\u00a0<\/p>\r\n\r\n\r\n\r\n<p>Salomon Bouda, punto focale di Mani Tese, si \u00e8 occupato di organizzare e gestire le formazioni realizzate e racconta cos\u00ec il procedimento: \u201cPer riuscire a creare un buon compost, occorre il coinvolgimento di tante persone. Prima si scava la superficie della terra e si crea una base, poi si appoggiano la paglia, la cenere e le deiezioni animali. Il tutto viene irrorato dall\u2019acqua versata ripetutamente. Si continua per un po\u2019 fino a realizzare tre strati, poi si copre il tutto con un telo e si aspetta. Il risultato di questo lavoro permette di rigenerare la terra\u201d.\u00a0<\/p>\r\n\r\n\r\n\r\n<p><strong>Lavorare insieme per<\/strong><strong> prendersi cura della terra e rigenerarla \u00e8 la chiave per costruire la pace in Burkina Faso, come altrove.<\/strong> Quando la terra diventa arida, fare il compost diventa un\u2019attivit\u00e0 fondamentale che, attraverso la cooperazione, permette di ottenere, l\u2019indomani, buoni frutti.\u00a0<\/p>\r\n\r\n\r\n\r\n<figure class=\"wp-block-image size-large is-resized\"><img fetchpriority=\"high\" decoding=\"async\" class=\"wp-image-172189\" src=\"https:\/\/manitese.it\/wp-content\/uploads\/2023\/11\/intervista_01-scaled-1.jpg\" alt=\"\" width=\"840\" height=\"525\" \/><\/figure>\r\n\r\n<p>&nbsp;<\/p>","protected":false},"excerpt":{"rendered":"<p>Il potere dell\u2019agroecologia in Burkina Faso: lavorare insieme per prendersi cura della terra e rigenerarla \u00e8 la chiave per costruire la pace.<\/p>\n","protected":false},"author":1,"featured_media":190919,"comment_status":"open","ping_status":"open","sticky":false,"template":"","format":"standard","meta":{"_acf_changed":false,"give_campaign_id":0,"inline_featured_image":false,"_jetpack_memberships_contains_paid_content":false,"footnotes":""},"categories":[1],"tags":[],"thematic_area":[905,913],"class_list":["post-190921","post","type-post","status-publish","format-standard","has-post-thumbnail","hentry","category-news","thematic_area-accesso-universale-al-cibo-e-allacqua","thematic_area-sistemi-agroalimentari-locali"],"acf":[],"yoast_head":"<!-- This site is optimized with the Yoast SEO plugin v27.5 - https:\/\/yoast.com\/product\/yoast-seo-wordpress\/ -->\n<title>Make compost not war - Mani Tese<\/title>\n<meta name=\"description\" content=\"Il potere dell\u2019agroecologia in Burkina Faso: lavorare insieme per prendersi cura della terra e rigenerarla \u00e8 la chiave per costruire la pace.\" \/>\n<meta name=\"robots\" content=\"index, follow, max-snippet:-1, max-image-preview:large, max-video-preview:-1\" \/>\n<link rel=\"canonical\" href=\"https:\/\/www.manitese.it\/en\/make-compost-not-war\/\" \/>\n<meta property=\"og:locale\" content=\"en_US\" \/>\n<meta property=\"og:type\" content=\"article\" \/>\n<meta property=\"og:title\" content=\"Make compost not war - Mani Tese\" \/>\n<meta property=\"og:description\" content=\"Il potere dell\u2019agroecologia in Burkina Faso: lavorare insieme per prendersi cura della terra e rigenerarla \u00e8 la chiave per costruire la pace.\" \/>\n<meta property=\"og:url\" content=\"https:\/\/www.manitese.it\/en\/make-compost-not-war\/\" \/>\n<meta property=\"og:site_name\" content=\"Mani Tese\" \/>\n<meta property=\"article:published_time\" content=\"2023-09-14T16:01:35+00:00\" \/>\n<meta property=\"article:modified_time\" content=\"2023-11-29T16:41:51+00:00\" \/>\n<meta property=\"og:image\" content=\"https:\/\/www.manitese.it\/wp-content\/uploads\/2023\/11\/intervista_01-scaled-1.jpg\" \/>\n\t<meta property=\"og:image:width\" content=\"2560\" \/>\n\t<meta property=\"og:image:height\" content=\"1603\" \/>\n\t<meta property=\"og:image:type\" content=\"image\/jpeg\" \/>\n<meta name=\"author\" content=\"agevis\" \/>\n<meta name=\"twitter:card\" content=\"summary_large_image\" \/>\n<meta name=\"twitter:label1\" content=\"Written by\" \/>\n\t<meta name=\"twitter:data1\" content=\"agevis\" \/>\n\t<meta name=\"twitter:label2\" content=\"Est. reading time\" \/>\n\t<meta name=\"twitter:data2\" content=\"3 minutes\" \/>\n<script type=\"application\/ld+json\" class=\"yoast-schema-graph\">{\"@context\":\"https:\\\/\\\/schema.org\",\"@graph\":[{\"@type\":\"Article\",\"@id\":\"https:\\\/\\\/www.manitese.it\\\/en\\\/make-compost-not-war\\\/#article\",\"isPartOf\":{\"@id\":\"https:\\\/\\\/www.manitese.it\\\/en\\\/make-compost-not-war\\\/\"},\"author\":{\"name\":\"agevis\",\"@id\":\"https:\\\/\\\/www.manitese.it\\\/en\\\/#\\\/schema\\\/person\\\/5a9774f17e4940e2510bfeba90f04f65\"},\"headline\":\"Make compost not war\",\"datePublished\":\"2023-09-14T16:01:35+00:00\",\"dateModified\":\"2023-11-29T16:41:51+00:00\",\"mainEntityOfPage\":{\"@id\":\"https:\\\/\\\/www.manitese.it\\\/en\\\/make-compost-not-war\\\/\"},\"wordCount\":455,\"commentCount\":0,\"image\":{\"@id\":\"https:\\\/\\\/www.manitese.it\\\/en\\\/make-compost-not-war\\\/#primaryimage\"},\"thumbnailUrl\":\"https:\\\/\\\/www.manitese.it\\\/wp-content\\\/uploads\\\/2023\\\/11\\\/intervista_01-scaled-1.jpg\",\"articleSection\":[\"News\"],\"inLanguage\":\"en-US\",\"potentialAction\":[{\"@type\":\"CommentAction\",\"name\":\"Comment\",\"target\":[\"https:\\\/\\\/www.manitese.it\\\/en\\\/make-compost-not-war\\\/#respond\"]}]},{\"@type\":\"WebPage\",\"@id\":\"https:\\\/\\\/www.manitese.it\\\/en\\\/make-compost-not-war\\\/\",\"url\":\"https:\\\/\\\/www.manitese.it\\\/en\\\/make-compost-not-war\\\/\",\"name\":\"Make compost not war - Mani Tese\",\"isPartOf\":{\"@id\":\"https:\\\/\\\/www.manitese.it\\\/en\\\/#website\"},\"primaryImageOfPage\":{\"@id\":\"https:\\\/\\\/www.manitese.it\\\/en\\\/make-compost-not-war\\\/#primaryimage\"},\"image\":{\"@id\":\"https:\\\/\\\/www.manitese.it\\\/en\\\/make-compost-not-war\\\/#primaryimage\"},\"thumbnailUrl\":\"https:\\\/\\\/www.manitese.it\\\/wp-content\\\/uploads\\\/2023\\\/11\\\/intervista_01-scaled-1.jpg\",\"datePublished\":\"2023-09-14T16:01:35+00:00\",\"dateModified\":\"2023-11-29T16:41:51+00:00\",\"author\":{\"@id\":\"https:\\\/\\\/www.manitese.it\\\/en\\\/#\\\/schema\\\/person\\\/5a9774f17e4940e2510bfeba90f04f65\"},\"description\":\"Il potere dell\u2019agroecologia in Burkina Faso: lavorare insieme per prendersi cura della terra e rigenerarla \u00e8 la chiave per costruire la pace.\",\"breadcrumb\":{\"@id\":\"https:\\\/\\\/www.manitese.it\\\/en\\\/make-compost-not-war\\\/#breadcrumb\"},\"inLanguage\":\"en-US\",\"potentialAction\":[{\"@type\":\"ReadAction\",\"target\":[\"https:\\\/\\\/www.manitese.it\\\/en\\\/make-compost-not-war\\\/\"]}]},{\"@type\":\"ImageObject\",\"inLanguage\":\"en-US\",\"@id\":\"https:\\\/\\\/www.manitese.it\\\/en\\\/make-compost-not-war\\\/#primaryimage\",\"url\":\"https:\\\/\\\/www.manitese.it\\\/wp-content\\\/uploads\\\/2023\\\/11\\\/intervista_01-scaled-1.jpg\",\"contentUrl\":\"https:\\\/\\\/www.manitese.it\\\/wp-content\\\/uploads\\\/2023\\\/11\\\/intervista_01-scaled-1.jpg\",\"width\":2560,\"height\":1603},{\"@type\":\"BreadcrumbList\",\"@id\":\"https:\\\/\\\/www.manitese.it\\\/en\\\/make-compost-not-war\\\/#breadcrumb\",\"itemListElement\":[{\"@type\":\"ListItem\",\"position\":1,\"name\":\"Home\",\"item\":\"https:\\\/\\\/www.manitese.it\\\/en\\\/\"},{\"@type\":\"ListItem\",\"position\":2,\"name\":\"Make compost not war\"}]},{\"@type\":\"WebSite\",\"@id\":\"https:\\\/\\\/www.manitese.it\\\/en\\\/#website\",\"url\":\"https:\\\/\\\/www.manitese.it\\\/en\\\/\",\"name\":\"Mani Tese\",\"description\":\"\",\"potentialAction\":[{\"@type\":\"SearchAction\",\"target\":{\"@type\":\"EntryPoint\",\"urlTemplate\":\"https:\\\/\\\/www.manitese.it\\\/en\\\/?s={search_term_string}\"},\"query-input\":{\"@type\":\"PropertyValueSpecification\",\"valueRequired\":true,\"valueName\":\"search_term_string\"}}],\"inLanguage\":\"en-US\"},{\"@type\":\"Person\",\"@id\":\"https:\\\/\\\/www.manitese.it\\\/en\\\/#\\\/schema\\\/person\\\/5a9774f17e4940e2510bfeba90f04f65\",\"name\":\"agevis\",\"image\":{\"@type\":\"ImageObject\",\"inLanguage\":\"en-US\",\"@id\":\"https:\\\/\\\/secure.gravatar.com\\\/avatar\\\/2dc96c93fcf3387a5922a93b50fb3bff01d4800590fb6a4ab91a034adb25ba17?s=96&d=mm&r=g\",\"url\":\"https:\\\/\\\/secure.gravatar.com\\\/avatar\\\/2dc96c93fcf3387a5922a93b50fb3bff01d4800590fb6a4ab91a034adb25ba17?s=96&d=mm&r=g\",\"contentUrl\":\"https:\\\/\\\/secure.gravatar.com\\\/avatar\\\/2dc96c93fcf3387a5922a93b50fb3bff01d4800590fb6a4ab91a034adb25ba17?s=96&d=mm&r=g\",\"caption\":\"agevis\"},\"url\":\"https:\\\/\\\/www.manitese.it\\\/en\\\/author\\\/wp_agevis_admin\\\/\"}]}<\/script>\n<!-- \/ Yoast SEO plugin. -->","yoast_head_json":{"title":"Make compost not war - Mani Tese","description":"Il potere dell\u2019agroecologia in Burkina Faso: lavorare insieme per prendersi cura della terra e rigenerarla \u00e8 la chiave per costruire la pace.","robots":{"index":"index","follow":"follow","max-snippet":"max-snippet:-1","max-image-preview":"max-image-preview:large","max-video-preview":"max-video-preview:-1"},"canonical":"https:\/\/www.manitese.it\/en\/make-compost-not-war\/","og_locale":"en_US","og_type":"article","og_title":"Make compost not war - Mani Tese","og_description":"Il potere dell\u2019agroecologia in Burkina Faso: lavorare insieme per prendersi cura della terra e rigenerarla \u00e8 la chiave per costruire la pace.","og_url":"https:\/\/www.manitese.it\/en\/make-compost-not-war\/","og_site_name":"Mani Tese","article_published_time":"2023-09-14T16:01:35+00:00","article_modified_time":"2023-11-29T16:41:51+00:00","og_image":[{"width":2560,"height":1603,"url":"https:\/\/www.manitese.it\/wp-content\/uploads\/2023\/11\/intervista_01-scaled-1.jpg","type":"image\/jpeg"}],"author":"agevis","twitter_card":"summary_large_image","twitter_misc":{"Written by":"agevis","Est. reading time":"3 minutes"},"schema":{"@context":"https:\/\/schema.org","@graph":[{"@type":"Article","@id":"https:\/\/www.manitese.it\/en\/make-compost-not-war\/#article","isPartOf":{"@id":"https:\/\/www.manitese.it\/en\/make-compost-not-war\/"},"author":{"name":"agevis","@id":"https:\/\/www.manitese.it\/en\/#\/schema\/person\/5a9774f17e4940e2510bfeba90f04f65"},"headline":"Make compost not war","datePublished":"2023-09-14T16:01:35+00:00","dateModified":"2023-11-29T16:41:51+00:00","mainEntityOfPage":{"@id":"https:\/\/www.manitese.it\/en\/make-compost-not-war\/"},"wordCount":455,"commentCount":0,"image":{"@id":"https:\/\/www.manitese.it\/en\/make-compost-not-war\/#primaryimage"},"thumbnailUrl":"https:\/\/www.manitese.it\/wp-content\/uploads\/2023\/11\/intervista_01-scaled-1.jpg","articleSection":["News"],"inLanguage":"en-US","potentialAction":[{"@type":"CommentAction","name":"Comment","target":["https:\/\/www.manitese.it\/en\/make-compost-not-war\/#respond"]}]},{"@type":"WebPage","@id":"https:\/\/www.manitese.it\/en\/make-compost-not-war\/","url":"https:\/\/www.manitese.it\/en\/make-compost-not-war\/","name":"Make compost not war - Mani Tese","isPartOf":{"@id":"https:\/\/www.manitese.it\/en\/#website"},"primaryImageOfPage":{"@id":"https:\/\/www.manitese.it\/en\/make-compost-not-war\/#primaryimage"},"image":{"@id":"https:\/\/www.manitese.it\/en\/make-compost-not-war\/#primaryimage"},"thumbnailUrl":"https:\/\/www.manitese.it\/wp-content\/uploads\/2023\/11\/intervista_01-scaled-1.jpg","datePublished":"2023-09-14T16:01:35+00:00","dateModified":"2023-11-29T16:41:51+00:00","author":{"@id":"https:\/\/www.manitese.it\/en\/#\/schema\/person\/5a9774f17e4940e2510bfeba90f04f65"},"description":"Il potere dell\u2019agroecologia in Burkina Faso: lavorare insieme per prendersi cura della terra e rigenerarla \u00e8 la chiave per costruire la pace.","breadcrumb":{"@id":"https:\/\/www.manitese.it\/en\/make-compost-not-war\/#breadcrumb"},"inLanguage":"en-US","potentialAction":[{"@type":"ReadAction","target":["https:\/\/www.manitese.it\/en\/make-compost-not-war\/"]}]},{"@type":"ImageObject","inLanguage":"en-US","@id":"https:\/\/www.manitese.it\/en\/make-compost-not-war\/#primaryimage","url":"https:\/\/www.manitese.it\/wp-content\/uploads\/2023\/11\/intervista_01-scaled-1.jpg","contentUrl":"https:\/\/www.manitese.it\/wp-content\/uploads\/2023\/11\/intervista_01-scaled-1.jpg","width":2560,"height":1603},{"@type":"BreadcrumbList","@id":"https:\/\/www.manitese.it\/en\/make-compost-not-war\/#breadcrumb","itemListElement":[{"@type":"ListItem","position":1,"name":"Home","item":"https:\/\/www.manitese.it\/en\/"},{"@type":"ListItem","position":2,"name":"Make compost not war"}]},{"@type":"WebSite","@id":"https:\/\/www.manitese.it\/en\/#website","url":"https:\/\/www.manitese.it\/en\/","name":"Mani Tese","description":"","potentialAction":[{"@type":"SearchAction","target":{"@type":"EntryPoint","urlTemplate":"https:\/\/www.manitese.it\/en\/?s={search_term_string}"},"query-input":{"@type":"PropertyValueSpecification","valueRequired":true,"valueName":"search_term_string"}}],"inLanguage":"en-US"},{"@type":"Person","@id":"https:\/\/www.manitese.it\/en\/#\/schema\/person\/5a9774f17e4940e2510bfeba90f04f65","name":"agevis","image":{"@type":"ImageObject","inLanguage":"en-US","@id":"https:\/\/secure.gravatar.com\/avatar\/2dc96c93fcf3387a5922a93b50fb3bff01d4800590fb6a4ab91a034adb25ba17?s=96&d=mm&r=g","url":"https:\/\/secure.gravatar.com\/avatar\/2dc96c93fcf3387a5922a93b50fb3bff01d4800590fb6a4ab91a034adb25ba17?s=96&d=mm&r=g","contentUrl":"https:\/\/secure.gravatar.com\/avatar\/2dc96c93fcf3387a5922a93b50fb3bff01d4800590fb6a4ab91a034adb25ba17?s=96&d=mm&r=g","caption":"agevis"},"url":"https:\/\/www.manitese.it\/en\/author\/wp_agevis_admin\/"}]}},"jetpack_featured_media_url":"https:\/\/www.manitese.it\/wp-content\/uploads\/2023\/11\/intervista_01-scaled-1.jpg","jetpack_sharing_enabled":true,"_links":{"self":[{"href":"https:\/\/www.manitese.it\/en\/wp-json\/wp\/v2\/posts\/190921","targetHints":{"allow":["GET"]}}],"collection":[{"href":"https:\/\/www.manitese.it\/en\/wp-json\/wp\/v2\/posts"}],"about":[{"href":"https:\/\/www.manitese.it\/en\/wp-json\/wp\/v2\/types\/post"}],"author":[{"embeddable":true,"href":"https:\/\/www.manitese.it\/en\/wp-json\/wp\/v2\/users\/1"}],"replies":[{"embeddable":true,"href":"https:\/\/www.manitese.it\/en\/wp-json\/wp\/v2\/comments?post=190921"}],"version-history":[{"count":3,"href":"https:\/\/www.manitese.it\/en\/wp-json\/wp\/v2\/posts\/190921\/revisions"}],"predecessor-version":[{"id":191640,"href":"https:\/\/www.manitese.it\/en\/wp-json\/wp\/v2\/posts\/190921\/revisions\/191640"}],"wp:featuredmedia":[{"embeddable":true,"href":"https:\/\/www.manitese.it\/en\/wp-json\/wp\/v2\/media\/190919"}],"wp:attachment":[{"href":"https:\/\/www.manitese.it\/en\/wp-json\/wp\/v2\/media?parent=190921"}],"wp:term":[{"taxonomy":"category","embeddable":true,"href":"https:\/\/www.manitese.it\/en\/wp-json\/wp\/v2\/categories?post=190921"},{"taxonomy":"post_tag","embeddable":true,"href":"https:\/\/www.manitese.it\/en\/wp-json\/wp\/v2\/tags?post=190921"},{"taxonomy":"thematic_area","embeddable":true,"href":"https:\/\/www.manitese.it\/en\/wp-json\/wp\/v2\/thematic_area?post=190921"}],"curies":[{"name":"wp","href":"https:\/\/api.w.org\/{rel}","templated":true}]}}