{"id":190886,"date":"2023-07-17T14:54:45","date_gmt":"2023-07-17T12:54:45","guid":{"rendered":"https:\/\/manitese.it\/?p=190886"},"modified":"2023-11-14T11:00:40","modified_gmt":"2023-11-14T10:00:40","slug":"food-policy-da-oggi-al-19-luglio-torna-a-dakar-il-forum-regionale-delle-citta-africane-del-milan-urban-food-policy-pact","status":"publish","type":"post","link":"https:\/\/www.manitese.it\/en\/food-policy-da-oggi-al-19-luglio-torna-a-dakar-il-forum-regionale-delle-citta-africane-del-milan-urban-food-policy-pact\/","title":{"rendered":"Food policy. Da oggi al 19 luglio torna a Dakar il forum regionale delle citt\u00e0 africane del Milan Urban Food Policy Pact"},"content":{"rendered":"\r\n<p>Milano, 17 luglio 2023 &#8211; Il Milano Urban Food Policy Pact (MUFFP) lancia il suo quinto Forum Regionale in Africa. L\u2019evento che si apre oggi si concluder\u00e0 il 19 luglio 2023, ospitato dalla citt\u00e0 di Dakar, su un tema di grande attualit\u00e0: \u201cFornire alle citt\u00e0 gli strumenti per lo sviluppo di Food Policy in Africa\u201d. Il Forum \u00e8 organizzato dal Segretariato del MUFFP, in collaborazione con Fondazione ACRA e l\u2019ONG Mani tese, col supporto del progetto europeo Food Wave e di AICS, l\u2019Agenzia Italiana per la Cooperazione allo Sviluppo.<\/p>\r\n\r\n\r\n\r\n<p>Il Forum prevede tre giorni di training, dedicati ai funzionari delle citt\u00e0 africane che hanno sottoscritto il MUFFP, sugli strumenti dello sviluppo delle food policy e il coinvolgimento di giovani attivisti per il clima europei e africani.<\/p>\r\n\r\n\r\n\r\n<p>Gli strumenti oggetto del training sono stati sviluppati con il supporto scientifico del Politecnico di Milano, come parte del progetto Food Trails (finanziato con fondi Horizon 2020) di cui il Comune di Milano \u00e8 capofila. I partecipanti verranno supportati nell\u2019identificazione e nell\u2019implementazione di azioni per migliorare i sistemi di food policy delle citt\u00e0. Il Forum sar\u00e0 anche un\u2019occasione di scambio di buone pratiche e idee tra le citt\u00e0 partecipanti, le agenzie di sviluppo e le organizzazioni internazionali.<\/p>\r\n\r\n\r\n\r\n<p>\u201cL\u2019impegno del MUFFP in Africa \u00e8 iniziato proprio a Dakar, con il primo Forum Regionale nel 2016 &#8211; dichiara la Vicesindaco con delega alla Food Policy Anna Scavuzzo, che aprir\u00e0 i lavori del Forum -. Da allora, si sono susseguiti incontri e occasioni di scambio: da Brazzaville in Congo nel 2018 a Niamey in Niger nel 2019 a Ouagadougou in Burkina Faso nel 2021. Lo sforzo concreto e tangibile che abbiamo portato avanti in questi sette anni e le esperienze che abbiamo raccolto sulle politiche alimentari urbane, ci hanno reso una comunit\u00e0 pi\u00f9 forte e resiliente. Con questo Forum, ancora una volta, dimostriamo l&#8217;impegno di Milano nel proseguire il dialogo e lo scambio di conoscenze necessario per trasformare i sistemi alimentari delle nostre citt\u00e0\u201d.<\/p>\r\n\r\n\r\n\r\n<p>\u201cLa sicurezza e la sovranit\u00e0 alimentare &#8211; spiega il presidente di Fondazione ACRA, Nicola Morganti &#8211; sono tra le principali aree di azione di ACRA che ha collaborato con il Comune di Milano fin dall\u2019inizio per promuovere il MUFFP in tutte i Paesi coinvolti, per garantire sinergie e partnership tra i vari attori e facilitare la partecipazione della societ\u00e0 civile al processo di definizione e implementazione di food policy urbane inclusive e sostenibili, in particolare nel contesto africano\u201d.<\/p>\r\n\r\n\r\n\r\n<p>\u201cL&#8217;agricoltura urbana e periurbana &#8211; afferma Pietro Pipi, capo dell\u2019Ufficio VI di AICS &#8211; offre importanti opportunit\u00e0 per la conservazione e l&#8217;integrazione della biodiversit\u00e0 nei sistemi alimentari, contribuendo alla creazione di sinergie tra sicurezza alimentare e nutrizionale e servizi legati agli ecosistemi e al benessere umano. In tal senso, la Convenzione siglata tra Comune di Milano e AICS nel 2022 \u2018per il rafforzamento del Milan Urban Food Policy Pact\u2019 pu\u00f2 sostenere positivamente il coinvolgimento delle citt\u00e0 africane gi\u00e0 attive nelle politiche alimentari urbane che ricadono nei Paesi prioritari dell&#8217;Agenzia. L&#8217;Agenzia riconosce l&#8217;importanza che le politiche alimentari urbane svolgono nel processo di sviluppo sostenibile e il ruolo chiave che le citt\u00e0 possono svolgere nel rafforzare la sicurezza alimentare della popolazione in Africa e allo stesso tempo facilitare il raggiungimento degli obiettivi dell&#8217;Agenda 2030. L&#8217;obiettivo del Forum \u00e8 rafforzare le competenze e conoscenze dei funzionari delle citt\u00e0 africane, e ogni investimento nelle risorse umane \u00e8 propedeutico e prezioso per ogni altro tipo di sviluppo, oltre a quello umano\u201d.\u00a0<\/p>\r\n\r\n\r\n\r\n<p>Il contributo delle citt\u00e0 africane allo sviluppo di food policy urbane \u00e8 concreto, come dimostrano le 90 buone pratiche che sono state presentate nelle sei edizioni del Milan Pact Award che ha visto la premiazione di ben sei citt\u00e0 africane. La numerosit\u00e0, la qualit\u00e0 e l&#8217;efficacia di queste progettualit\u00e0 messe in campo dalle citt\u00e0 africane dimostrano il loro protagonismo e l&#8217;impegno a lavorare in prima fila nell\u2019affrontare le sfide globali del cambiamento climatico, dello sviluppo sostenibile, della povert\u00e0 e dell\u2019inclusione sociale.<\/p>\r\n\r\n\r\n\r\n<p>Questo dato emerge osservando il crescere di progetti e iniziative, come il progetto europeo AfriFOODlink che riunisce 26 partner in tutto il mondo, tra i quali il MUFPP, allo scopo di migliorare la sicurezza alimentare e la sostenibilit\u00e0 urbana in pi\u00f9 di 20 citt\u00e0 africane ed europee.\u00a0 Un\u2019altra importante iniziativa \u00e8 Food Wave, un progetto europeo che mira a coinvolgere i giovani delle citt\u00e0 per promuovere consapevolezza rispetto alle scelte personali e delle comunit\u00e0, a partire da un approccio sostenibile alle abitudini di consumo e produzione di cibo in 17 Paesi del mondo e che contribuisce alla realizzazione del Forum permettendo a 35 giovani attivisti di partecipare alla tre giorni di lavoro.<\/p>\r\n\r\n\r\n\r\n<figure class=\"wp-block-gallery has-nested-images columns-default is-cropped wp-block-gallery-1 is-layout-flex wp-block-gallery-is-layout-flex\">\r\n<figure class=\"wp-block-image size-large\"><img decoding=\"async\" data-id=\"171679\" class=\"wp-image-171679\" src=\"https:\/\/manitese.it\/wp-content\/uploads\/2023\/11\/Forum-MUFPP.png\" alt=\"Il Milano Urban Food Policy Pact (MUFFP) lancia il suo quinto Forum Regionale in Africa. \" \/><\/figure>\r\n<\/figure>\r\n\r\n<p>&nbsp;<\/p>","protected":false},"excerpt":{"rendered":"<p>Il Milano Urban Food Policy Pact (MUFFP) lancia il suo quinto Forum Regionale in Africa. <\/p>\n","protected":false},"author":1,"featured_media":190889,"comment_status":"open","ping_status":"open","sticky":false,"template":"","format":"standard","meta":{"_acf_changed":false,"give_campaign_id":0,"inline_featured_image":false,"_jetpack_memberships_contains_paid_content":false,"footnotes":""},"categories":[1],"tags":[],"thematic_area":[],"class_list":["post-190886","post","type-post","status-publish","format-standard","has-post-thumbnail","hentry","category-news"],"acf":[],"yoast_head":"<!-- This site is optimized with the Yoast SEO plugin v27.5 - https:\/\/yoast.com\/product\/yoast-seo-wordpress\/ -->\n<title>Food policy. Da oggi al 19 luglio torna a Dakar il forum regionale delle citt\u00e0 africane del Milan Urban Food Policy Pact - Mani Tese<\/title>\n<meta name=\"description\" content=\"Il Milano Urban Food Policy Pact (MUFFP) lancia il suo quinto Forum Regionale in Africa.\" \/>\n<meta name=\"robots\" content=\"index, follow, max-snippet:-1, max-image-preview:large, max-video-preview:-1\" \/>\n<link rel=\"canonical\" href=\"https:\/\/www.manitese.it\/en\/food-policy-da-oggi-al-19-luglio-torna-a-dakar-il-forum-regionale-delle-citta-africane-del-milan-urban-food-policy-pact\/\" \/>\n<meta property=\"og:locale\" content=\"en_US\" \/>\n<meta property=\"og:type\" content=\"article\" \/>\n<meta property=\"og:title\" content=\"Food policy. Da oggi al 19 luglio torna a Dakar il forum regionale delle citt\u00e0 africane del Milan Urban Food Policy Pact - Mani Tese\" \/>\n<meta property=\"og:description\" content=\"Il Milano Urban Food Policy Pact (MUFFP) lancia il suo quinto Forum Regionale in Africa.\" \/>\n<meta property=\"og:url\" content=\"https:\/\/www.manitese.it\/en\/food-policy-da-oggi-al-19-luglio-torna-a-dakar-il-forum-regionale-delle-citta-africane-del-milan-urban-food-policy-pact\/\" \/>\n<meta property=\"og:site_name\" content=\"Mani Tese\" \/>\n<meta property=\"article:published_time\" content=\"2023-07-17T12:54:45+00:00\" \/>\n<meta property=\"article:modified_time\" content=\"2023-11-14T10:00:40+00:00\" \/>\n<meta property=\"og:image\" content=\"https:\/\/www.manitese.it\/wp-content\/uploads\/2023\/11\/MUFPP.png\" \/>\n\t<meta property=\"og:image:width\" content=\"1080\" \/>\n\t<meta property=\"og:image:height\" content=\"1080\" \/>\n\t<meta property=\"og:image:type\" content=\"image\/png\" \/>\n<meta name=\"author\" content=\"agevis\" \/>\n<meta name=\"twitter:card\" content=\"summary_large_image\" \/>\n<meta name=\"twitter:label1\" content=\"Written by\" \/>\n\t<meta name=\"twitter:data1\" content=\"agevis\" \/>\n\t<meta name=\"twitter:label2\" content=\"Est. reading time\" \/>\n\t<meta name=\"twitter:data2\" content=\"4 minutes\" \/>\n<script type=\"application\/ld+json\" class=\"yoast-schema-graph\">{\"@context\":\"https:\\\/\\\/schema.org\",\"@graph\":[{\"@type\":\"Article\",\"@id\":\"https:\\\/\\\/www.manitese.it\\\/en\\\/food-policy-da-oggi-al-19-luglio-torna-a-dakar-il-forum-regionale-delle-citta-africane-del-milan-urban-food-policy-pact\\\/#article\",\"isPartOf\":{\"@id\":\"https:\\\/\\\/www.manitese.it\\\/en\\\/food-policy-da-oggi-al-19-luglio-torna-a-dakar-il-forum-regionale-delle-citta-africane-del-milan-urban-food-policy-pact\\\/\"},\"author\":{\"name\":\"agevis\",\"@id\":\"https:\\\/\\\/www.manitese.it\\\/en\\\/#\\\/schema\\\/person\\\/5a9774f17e4940e2510bfeba90f04f65\"},\"headline\":\"Food policy. Da oggi al 19 luglio torna a Dakar il forum regionale delle citt\u00e0 africane del Milan Urban Food Policy Pact\",\"datePublished\":\"2023-07-17T12:54:45+00:00\",\"dateModified\":\"2023-11-14T10:00:40+00:00\",\"mainEntityOfPage\":{\"@id\":\"https:\\\/\\\/www.manitese.it\\\/en\\\/food-policy-da-oggi-al-19-luglio-torna-a-dakar-il-forum-regionale-delle-citta-africane-del-milan-urban-food-policy-pact\\\/\"},\"wordCount\":785,\"commentCount\":0,\"image\":{\"@id\":\"https:\\\/\\\/www.manitese.it\\\/en\\\/food-policy-da-oggi-al-19-luglio-torna-a-dakar-il-forum-regionale-delle-citta-africane-del-milan-urban-food-policy-pact\\\/#primaryimage\"},\"thumbnailUrl\":\"https:\\\/\\\/www.manitese.it\\\/wp-content\\\/uploads\\\/2023\\\/11\\\/MUFPP.png\",\"articleSection\":[\"News\"],\"inLanguage\":\"en-US\",\"potentialAction\":[{\"@type\":\"CommentAction\",\"name\":\"Comment\",\"target\":[\"https:\\\/\\\/www.manitese.it\\\/en\\\/food-policy-da-oggi-al-19-luglio-torna-a-dakar-il-forum-regionale-delle-citta-africane-del-milan-urban-food-policy-pact\\\/#respond\"]}]},{\"@type\":\"WebPage\",\"@id\":\"https:\\\/\\\/www.manitese.it\\\/en\\\/food-policy-da-oggi-al-19-luglio-torna-a-dakar-il-forum-regionale-delle-citta-africane-del-milan-urban-food-policy-pact\\\/\",\"url\":\"https:\\\/\\\/www.manitese.it\\\/en\\\/food-policy-da-oggi-al-19-luglio-torna-a-dakar-il-forum-regionale-delle-citta-africane-del-milan-urban-food-policy-pact\\\/\",\"name\":\"Food policy. Da oggi al 19 luglio torna a Dakar il forum regionale delle citt\u00e0 africane del Milan Urban Food Policy Pact - Mani Tese\",\"isPartOf\":{\"@id\":\"https:\\\/\\\/www.manitese.it\\\/en\\\/#website\"},\"primaryImageOfPage\":{\"@id\":\"https:\\\/\\\/www.manitese.it\\\/en\\\/food-policy-da-oggi-al-19-luglio-torna-a-dakar-il-forum-regionale-delle-citta-africane-del-milan-urban-food-policy-pact\\\/#primaryimage\"},\"image\":{\"@id\":\"https:\\\/\\\/www.manitese.it\\\/en\\\/food-policy-da-oggi-al-19-luglio-torna-a-dakar-il-forum-regionale-delle-citta-africane-del-milan-urban-food-policy-pact\\\/#primaryimage\"},\"thumbnailUrl\":\"https:\\\/\\\/www.manitese.it\\\/wp-content\\\/uploads\\\/2023\\\/11\\\/MUFPP.png\",\"datePublished\":\"2023-07-17T12:54:45+00:00\",\"dateModified\":\"2023-11-14T10:00:40+00:00\",\"author\":{\"@id\":\"https:\\\/\\\/www.manitese.it\\\/en\\\/#\\\/schema\\\/person\\\/5a9774f17e4940e2510bfeba90f04f65\"},\"description\":\"Il Milano Urban Food Policy Pact (MUFFP) lancia il suo quinto Forum Regionale in Africa.\",\"breadcrumb\":{\"@id\":\"https:\\\/\\\/www.manitese.it\\\/en\\\/food-policy-da-oggi-al-19-luglio-torna-a-dakar-il-forum-regionale-delle-citta-africane-del-milan-urban-food-policy-pact\\\/#breadcrumb\"},\"inLanguage\":\"en-US\",\"potentialAction\":[{\"@type\":\"ReadAction\",\"target\":[\"https:\\\/\\\/www.manitese.it\\\/en\\\/food-policy-da-oggi-al-19-luglio-torna-a-dakar-il-forum-regionale-delle-citta-africane-del-milan-urban-food-policy-pact\\\/\"]}]},{\"@type\":\"ImageObject\",\"inLanguage\":\"en-US\",\"@id\":\"https:\\\/\\\/www.manitese.it\\\/en\\\/food-policy-da-oggi-al-19-luglio-torna-a-dakar-il-forum-regionale-delle-citta-africane-del-milan-urban-food-policy-pact\\\/#primaryimage\",\"url\":\"https:\\\/\\\/www.manitese.it\\\/wp-content\\\/uploads\\\/2023\\\/11\\\/MUFPP.png\",\"contentUrl\":\"https:\\\/\\\/www.manitese.it\\\/wp-content\\\/uploads\\\/2023\\\/11\\\/MUFPP.png\",\"width\":1080,\"height\":1080},{\"@type\":\"BreadcrumbList\",\"@id\":\"https:\\\/\\\/www.manitese.it\\\/en\\\/food-policy-da-oggi-al-19-luglio-torna-a-dakar-il-forum-regionale-delle-citta-africane-del-milan-urban-food-policy-pact\\\/#breadcrumb\",\"itemListElement\":[{\"@type\":\"ListItem\",\"position\":1,\"name\":\"Home\",\"item\":\"https:\\\/\\\/www.manitese.it\\\/en\\\/\"},{\"@type\":\"ListItem\",\"position\":2,\"name\":\"Food policy. Da oggi al 19 luglio torna a Dakar il forum regionale delle citt\u00e0 africane del Milan Urban Food Policy Pact\"}]},{\"@type\":\"WebSite\",\"@id\":\"https:\\\/\\\/www.manitese.it\\\/en\\\/#website\",\"url\":\"https:\\\/\\\/www.manitese.it\\\/en\\\/\",\"name\":\"Mani Tese\",\"description\":\"\",\"potentialAction\":[{\"@type\":\"SearchAction\",\"target\":{\"@type\":\"EntryPoint\",\"urlTemplate\":\"https:\\\/\\\/www.manitese.it\\\/en\\\/?s={search_term_string}\"},\"query-input\":{\"@type\":\"PropertyValueSpecification\",\"valueRequired\":true,\"valueName\":\"search_term_string\"}}],\"inLanguage\":\"en-US\"},{\"@type\":\"Person\",\"@id\":\"https:\\\/\\\/www.manitese.it\\\/en\\\/#\\\/schema\\\/person\\\/5a9774f17e4940e2510bfeba90f04f65\",\"name\":\"agevis\",\"image\":{\"@type\":\"ImageObject\",\"inLanguage\":\"en-US\",\"@id\":\"https:\\\/\\\/secure.gravatar.com\\\/avatar\\\/2dc96c93fcf3387a5922a93b50fb3bff01d4800590fb6a4ab91a034adb25ba17?s=96&d=mm&r=g\",\"url\":\"https:\\\/\\\/secure.gravatar.com\\\/avatar\\\/2dc96c93fcf3387a5922a93b50fb3bff01d4800590fb6a4ab91a034adb25ba17?s=96&d=mm&r=g\",\"contentUrl\":\"https:\\\/\\\/secure.gravatar.com\\\/avatar\\\/2dc96c93fcf3387a5922a93b50fb3bff01d4800590fb6a4ab91a034adb25ba17?s=96&d=mm&r=g\",\"caption\":\"agevis\"},\"url\":\"https:\\\/\\\/www.manitese.it\\\/en\\\/author\\\/wp_agevis_admin\\\/\"}]}<\/script>\n<!-- \/ Yoast SEO plugin. -->","yoast_head_json":{"title":"Food policy. Da oggi al 19 luglio torna a Dakar il forum regionale delle citt\u00e0 africane del Milan Urban Food Policy Pact - Mani Tese","description":"Il Milano Urban Food Policy Pact (MUFFP) lancia il suo quinto Forum Regionale in Africa.","robots":{"index":"index","follow":"follow","max-snippet":"max-snippet:-1","max-image-preview":"max-image-preview:large","max-video-preview":"max-video-preview:-1"},"canonical":"https:\/\/www.manitese.it\/en\/food-policy-da-oggi-al-19-luglio-torna-a-dakar-il-forum-regionale-delle-citta-africane-del-milan-urban-food-policy-pact\/","og_locale":"en_US","og_type":"article","og_title":"Food policy. Da oggi al 19 luglio torna a Dakar il forum regionale delle citt\u00e0 africane del Milan Urban Food Policy Pact - Mani Tese","og_description":"Il Milano Urban Food Policy Pact (MUFFP) lancia il suo quinto Forum Regionale in Africa.","og_url":"https:\/\/www.manitese.it\/en\/food-policy-da-oggi-al-19-luglio-torna-a-dakar-il-forum-regionale-delle-citta-africane-del-milan-urban-food-policy-pact\/","og_site_name":"Mani Tese","article_published_time":"2023-07-17T12:54:45+00:00","article_modified_time":"2023-11-14T10:00:40+00:00","og_image":[{"width":1080,"height":1080,"url":"https:\/\/www.manitese.it\/wp-content\/uploads\/2023\/11\/MUFPP.png","type":"image\/png"}],"author":"agevis","twitter_card":"summary_large_image","twitter_misc":{"Written by":"agevis","Est. reading time":"4 minutes"},"schema":{"@context":"https:\/\/schema.org","@graph":[{"@type":"Article","@id":"https:\/\/www.manitese.it\/en\/food-policy-da-oggi-al-19-luglio-torna-a-dakar-il-forum-regionale-delle-citta-africane-del-milan-urban-food-policy-pact\/#article","isPartOf":{"@id":"https:\/\/www.manitese.it\/en\/food-policy-da-oggi-al-19-luglio-torna-a-dakar-il-forum-regionale-delle-citta-africane-del-milan-urban-food-policy-pact\/"},"author":{"name":"agevis","@id":"https:\/\/www.manitese.it\/en\/#\/schema\/person\/5a9774f17e4940e2510bfeba90f04f65"},"headline":"Food policy. Da oggi al 19 luglio torna a Dakar il forum regionale delle citt\u00e0 africane del Milan Urban Food Policy Pact","datePublished":"2023-07-17T12:54:45+00:00","dateModified":"2023-11-14T10:00:40+00:00","mainEntityOfPage":{"@id":"https:\/\/www.manitese.it\/en\/food-policy-da-oggi-al-19-luglio-torna-a-dakar-il-forum-regionale-delle-citta-africane-del-milan-urban-food-policy-pact\/"},"wordCount":785,"commentCount":0,"image":{"@id":"https:\/\/www.manitese.it\/en\/food-policy-da-oggi-al-19-luglio-torna-a-dakar-il-forum-regionale-delle-citta-africane-del-milan-urban-food-policy-pact\/#primaryimage"},"thumbnailUrl":"https:\/\/www.manitese.it\/wp-content\/uploads\/2023\/11\/MUFPP.png","articleSection":["News"],"inLanguage":"en-US","potentialAction":[{"@type":"CommentAction","name":"Comment","target":["https:\/\/www.manitese.it\/en\/food-policy-da-oggi-al-19-luglio-torna-a-dakar-il-forum-regionale-delle-citta-africane-del-milan-urban-food-policy-pact\/#respond"]}]},{"@type":"WebPage","@id":"https:\/\/www.manitese.it\/en\/food-policy-da-oggi-al-19-luglio-torna-a-dakar-il-forum-regionale-delle-citta-africane-del-milan-urban-food-policy-pact\/","url":"https:\/\/www.manitese.it\/en\/food-policy-da-oggi-al-19-luglio-torna-a-dakar-il-forum-regionale-delle-citta-africane-del-milan-urban-food-policy-pact\/","name":"Food policy. Da oggi al 19 luglio torna a Dakar il forum regionale delle citt\u00e0 africane del Milan Urban Food Policy Pact - Mani Tese","isPartOf":{"@id":"https:\/\/www.manitese.it\/en\/#website"},"primaryImageOfPage":{"@id":"https:\/\/www.manitese.it\/en\/food-policy-da-oggi-al-19-luglio-torna-a-dakar-il-forum-regionale-delle-citta-africane-del-milan-urban-food-policy-pact\/#primaryimage"},"image":{"@id":"https:\/\/www.manitese.it\/en\/food-policy-da-oggi-al-19-luglio-torna-a-dakar-il-forum-regionale-delle-citta-africane-del-milan-urban-food-policy-pact\/#primaryimage"},"thumbnailUrl":"https:\/\/www.manitese.it\/wp-content\/uploads\/2023\/11\/MUFPP.png","datePublished":"2023-07-17T12:54:45+00:00","dateModified":"2023-11-14T10:00:40+00:00","author":{"@id":"https:\/\/www.manitese.it\/en\/#\/schema\/person\/5a9774f17e4940e2510bfeba90f04f65"},"description":"Il Milano Urban Food Policy Pact (MUFFP) lancia il suo quinto Forum Regionale in Africa.","breadcrumb":{"@id":"https:\/\/www.manitese.it\/en\/food-policy-da-oggi-al-19-luglio-torna-a-dakar-il-forum-regionale-delle-citta-africane-del-milan-urban-food-policy-pact\/#breadcrumb"},"inLanguage":"en-US","potentialAction":[{"@type":"ReadAction","target":["https:\/\/www.manitese.it\/en\/food-policy-da-oggi-al-19-luglio-torna-a-dakar-il-forum-regionale-delle-citta-africane-del-milan-urban-food-policy-pact\/"]}]},{"@type":"ImageObject","inLanguage":"en-US","@id":"https:\/\/www.manitese.it\/en\/food-policy-da-oggi-al-19-luglio-torna-a-dakar-il-forum-regionale-delle-citta-africane-del-milan-urban-food-policy-pact\/#primaryimage","url":"https:\/\/www.manitese.it\/wp-content\/uploads\/2023\/11\/MUFPP.png","contentUrl":"https:\/\/www.manitese.it\/wp-content\/uploads\/2023\/11\/MUFPP.png","width":1080,"height":1080},{"@type":"BreadcrumbList","@id":"https:\/\/www.manitese.it\/en\/food-policy-da-oggi-al-19-luglio-torna-a-dakar-il-forum-regionale-delle-citta-africane-del-milan-urban-food-policy-pact\/#breadcrumb","itemListElement":[{"@type":"ListItem","position":1,"name":"Home","item":"https:\/\/www.manitese.it\/en\/"},{"@type":"ListItem","position":2,"name":"Food policy. Da oggi al 19 luglio torna a Dakar il forum regionale delle citt\u00e0 africane del Milan Urban Food Policy Pact"}]},{"@type":"WebSite","@id":"https:\/\/www.manitese.it\/en\/#website","url":"https:\/\/www.manitese.it\/en\/","name":"Mani Tese","description":"","potentialAction":[{"@type":"SearchAction","target":{"@type":"EntryPoint","urlTemplate":"https:\/\/www.manitese.it\/en\/?s={search_term_string}"},"query-input":{"@type":"PropertyValueSpecification","valueRequired":true,"valueName":"search_term_string"}}],"inLanguage":"en-US"},{"@type":"Person","@id":"https:\/\/www.manitese.it\/en\/#\/schema\/person\/5a9774f17e4940e2510bfeba90f04f65","name":"agevis","image":{"@type":"ImageObject","inLanguage":"en-US","@id":"https:\/\/secure.gravatar.com\/avatar\/2dc96c93fcf3387a5922a93b50fb3bff01d4800590fb6a4ab91a034adb25ba17?s=96&d=mm&r=g","url":"https:\/\/secure.gravatar.com\/avatar\/2dc96c93fcf3387a5922a93b50fb3bff01d4800590fb6a4ab91a034adb25ba17?s=96&d=mm&r=g","contentUrl":"https:\/\/secure.gravatar.com\/avatar\/2dc96c93fcf3387a5922a93b50fb3bff01d4800590fb6a4ab91a034adb25ba17?s=96&d=mm&r=g","caption":"agevis"},"url":"https:\/\/www.manitese.it\/en\/author\/wp_agevis_admin\/"}]}},"jetpack_featured_media_url":"https:\/\/www.manitese.it\/wp-content\/uploads\/2023\/11\/MUFPP.png","jetpack_sharing_enabled":true,"_links":{"self":[{"href":"https:\/\/www.manitese.it\/en\/wp-json\/wp\/v2\/posts\/190886","targetHints":{"allow":["GET"]}}],"collection":[{"href":"https:\/\/www.manitese.it\/en\/wp-json\/wp\/v2\/posts"}],"about":[{"href":"https:\/\/www.manitese.it\/en\/wp-json\/wp\/v2\/types\/post"}],"author":[{"embeddable":true,"href":"https:\/\/www.manitese.it\/en\/wp-json\/wp\/v2\/users\/1"}],"replies":[{"embeddable":true,"href":"https:\/\/www.manitese.it\/en\/wp-json\/wp\/v2\/comments?post=190886"}],"version-history":[{"count":5,"href":"https:\/\/www.manitese.it\/en\/wp-json\/wp\/v2\/posts\/190886\/revisions"}],"predecessor-version":[{"id":191101,"href":"https:\/\/www.manitese.it\/en\/wp-json\/wp\/v2\/posts\/190886\/revisions\/191101"}],"wp:featuredmedia":[{"embeddable":true,"href":"https:\/\/www.manitese.it\/en\/wp-json\/wp\/v2\/media\/190889"}],"wp:attachment":[{"href":"https:\/\/www.manitese.it\/en\/wp-json\/wp\/v2\/media?parent=190886"}],"wp:term":[{"taxonomy":"category","embeddable":true,"href":"https:\/\/www.manitese.it\/en\/wp-json\/wp\/v2\/categories?post=190886"},{"taxonomy":"post_tag","embeddable":true,"href":"https:\/\/www.manitese.it\/en\/wp-json\/wp\/v2\/tags?post=190886"},{"taxonomy":"thematic_area","embeddable":true,"href":"https:\/\/www.manitese.it\/en\/wp-json\/wp\/v2\/thematic_area?post=190886"}],"curies":[{"name":"wp","href":"https:\/\/api.w.org\/{rel}","templated":true}]}}