{"id":190807,"date":"2023-07-05T12:29:10","date_gmt":"2023-07-05T10:29:10","guid":{"rendered":"https:\/\/manitese.it\/?p=190807"},"modified":"2023-11-29T11:07:59","modified_gmt":"2023-11-29T10:07:59","slug":"burkina-faso-e-ritornata-lacqua-a-loumbila","status":"publish","type":"post","link":"https:\/\/www.manitese.it\/en\/burkina-faso-e-ritornata-lacqua-a-loumbila\/","title":{"rendered":"Burkina Faso: \u00c8 ritornata l\u2019acqua a Loumbila!"},"content":{"rendered":"\r\n<p>Ci troviamo a Loumbilia, nella provincia di Oubritenga in Burkina Faso, dove luned\u00ec 19 giugno \u00e8 finalmente ritornata l\u2019acqua dopo un periodo in cui l\u2019Unione dei produttori di Loumbila, sostenuta da Mani Tese, aveva subito una battuta d\u2019arresto nella produzione agricola perch\u00e9 la pompa che funzionava ad energia solare si era rotta.<\/p>\r\n\r\n\r\n\r\n<p>L\u2019acquisto di una nuova pompa \u00e8 stato possibile grazie ad un dono dell\u2019impresa comasca EQUA srl, che si occupa di energia rinnovabile e ha collaborato con Mani Tese in diversi progetti.<\/p>\r\n\r\n\r\n\r\n<p>In un contesto come quello del Burkina Faso, con un clima semi-saheliano, la mancanza di una fonte d\u2019acqua pulita costante segna profondamente le attivit\u00e0 agricole, fino a renderle impraticabili in sua assenza.<\/p>\r\n\r\n\r\n\r\n<p>Tuttavia, grazie alla donazione di EQUA, i produttori dell\u2019Unione di Loumbila possono finalmente ritornare a prendersi cura dell\u2019appezzamento di terra in capo all\u2019Unione, certificato da CNABio, e continuare la produzione agroecologica di diversi prodotti, tra cui pomodori, cipolle, cetrioli, zucchine, gombo, moringa e peperoncino.<\/p>\r\n\r\n\r\n\r\n<p>L\u2019Unione \u00e8 composta da 238 produttori, 45 dedicati interamente all\u2019agroecologia, e 146 donne che svolgono sia il ruolo di produttrici che di trasformatrici. I membri dell\u2019Unione appartengono a 9 diversi villaggi e fanno parte di 17 cooperative.<\/p>\r\n\r\n\r\n\r\n<p>La nuova pompa ha dato lo slancio all\u2019Unione per ripensare alla propria strategia di sviluppo e l\u2019ha raccontata a Mani Tese durante una riunione.<\/p>\r\n\r\n\r\n\r\n<p>Sanfo, portavoce dei produttori, ha affermato che, grazie alla nuova pompa, l\u2019Unione si impegner\u00e0 a fondo su tre livelli: la produzione, la trasformazione e la commercializzazione. Innanzitutto, potr\u00e0 ricominciare la produzione agricola agroecologica, la produzione del compost con la tecnica del bokashi e utilizzer\u00e0 la propria cassa per finanziare la sistemazione di alcuni bacini d\u2019acqua presenti sul perimetro.<\/p>\r\n\r\n\r\n\r\n<p>Le donne riprenderanno a fare le confetture di cipolle e si dedicheranno anche all\u2019essiccazione e vendita di foglie di moringa, gombo e peperoncino e ricominceranno a partecipare alle fiere portando i loro prodotti agroecologici, cercando di installare un nuovo punto vendita in un\u2019area strategica della citt\u00e0 sensibilizzando i clienti sul valore aggiunto della loro produzione.<\/p>\r\n\r\n\r\n\r\n<p>Il ritorno dell\u2019acqua \u00e8 stato fondamentale e ha ridato energia al gruppo di produttori e trasformatrici che subito dopo l\u2019installazione si \u00e8 gi\u00e0 messo all\u2019opera sul perimetro preparando il terreno per la stagione delle piogge.<\/p>\r\n\r\n\r\n\r\n<figure class=\"wp-block-gallery-1 is-layout-flex wp-block-gallery-is-layout-flex\">\r\n\r\n\r\n\r\n<\/figure>\r\n","protected":false},"excerpt":{"rendered":"<p>Grazie all\u2019installazione di una nuova pompa i produttori locali possono finalmente ritornare a prendersi cura del terreno e continuare la sfida agroecologica ripensando alla propria strategia di sviluppo.<\/p>\n","protected":false},"author":1,"featured_media":190978,"comment_status":"open","ping_status":"open","sticky":false,"template":"","format":"standard","meta":{"_acf_changed":false,"give_campaign_id":0,"inline_featured_image":false,"_jetpack_memberships_contains_paid_content":false,"footnotes":""},"categories":[1],"tags":[116],"thematic_area":[873],"class_list":["post-190807","post","type-post","status-publish","format-standard","has-post-thumbnail","hentry","category-news","tag-ambiente","thematic_area-contrasto-alla-crisi-climatica"],"acf":[],"yoast_head":"<!-- This site is optimized with the Yoast SEO plugin v27.5 - https:\/\/yoast.com\/product\/yoast-seo-wordpress\/ -->\n<title>Burkina Faso: \u00c8 ritornata l\u2019acqua a Loumbila! - Mani Tese<\/title>\n<meta name=\"description\" content=\"Grazie all\u2019installazione di una nuova pompa i produttori locali possono finalmente ritornare a prendersi cura del terreno e continuare la sfida agroecologica ripensando alla propria strategia di sviluppo\" \/>\n<meta name=\"robots\" content=\"index, follow, max-snippet:-1, max-image-preview:large, max-video-preview:-1\" \/>\n<link rel=\"canonical\" href=\"https:\/\/www.manitese.it\/en\/burkina-faso-e-ritornata-lacqua-a-loumbila\/\" \/>\n<meta property=\"og:locale\" content=\"en_US\" \/>\n<meta property=\"og:type\" content=\"article\" \/>\n<meta property=\"og:title\" content=\"Burkina Faso: \u00c8 ritornata l\u2019acqua a Loumbila! - Mani Tese\" \/>\n<meta property=\"og:description\" content=\"Grazie all\u2019installazione di una nuova pompa i produttori locali possono finalmente ritornare a prendersi cura del terreno e continuare la sfida agroecologica ripensando alla propria strategia di sviluppo\" \/>\n<meta property=\"og:url\" content=\"https:\/\/www.manitese.it\/en\/burkina-faso-e-ritornata-lacqua-a-loumbila\/\" \/>\n<meta property=\"og:site_name\" content=\"Mani Tese\" \/>\n<meta property=\"article:published_time\" content=\"2023-07-05T10:29:10+00:00\" \/>\n<meta property=\"article:modified_time\" content=\"2023-11-29T10:07:59+00:00\" \/>\n<meta property=\"og:image\" content=\"https:\/\/www.manitese.it\/wp-content\/uploads\/2023\/11\/IMG-20230606-WA0028.jpg\" \/>\n\t<meta property=\"og:image:width\" content=\"768\" \/>\n\t<meta property=\"og:image:height\" content=\"1024\" \/>\n\t<meta property=\"og:image:type\" content=\"image\/jpeg\" \/>\n<meta name=\"author\" content=\"agevis\" \/>\n<meta name=\"twitter:card\" content=\"summary_large_image\" \/>\n<meta name=\"twitter:label1\" content=\"Written by\" \/>\n\t<meta name=\"twitter:data1\" content=\"agevis\" \/>\n\t<meta name=\"twitter:label2\" content=\"Est. reading time\" \/>\n\t<meta name=\"twitter:data2\" content=\"3 minutes\" \/>\n<script type=\"application\/ld+json\" class=\"yoast-schema-graph\">{\"@context\":\"https:\\\/\\\/schema.org\",\"@graph\":[{\"@type\":\"Article\",\"@id\":\"https:\\\/\\\/www.manitese.it\\\/en\\\/burkina-faso-e-ritornata-lacqua-a-loumbila\\\/#article\",\"isPartOf\":{\"@id\":\"https:\\\/\\\/www.manitese.it\\\/en\\\/burkina-faso-e-ritornata-lacqua-a-loumbila\\\/\"},\"author\":{\"name\":\"agevis\",\"@id\":\"https:\\\/\\\/www.manitese.it\\\/en\\\/#\\\/schema\\\/person\\\/5a9774f17e4940e2510bfeba90f04f65\"},\"headline\":\"Burkina Faso: \u00c8 ritornata l\u2019acqua a Loumbila!\",\"datePublished\":\"2023-07-05T10:29:10+00:00\",\"dateModified\":\"2023-11-29T10:07:59+00:00\",\"mainEntityOfPage\":{\"@id\":\"https:\\\/\\\/www.manitese.it\\\/en\\\/burkina-faso-e-ritornata-lacqua-a-loumbila\\\/\"},\"wordCount\":385,\"commentCount\":0,\"image\":{\"@id\":\"https:\\\/\\\/www.manitese.it\\\/en\\\/burkina-faso-e-ritornata-lacqua-a-loumbila\\\/#primaryimage\"},\"thumbnailUrl\":\"https:\\\/\\\/www.manitese.it\\\/wp-content\\\/uploads\\\/2023\\\/11\\\/IMG-20230606-WA0028.jpg\",\"keywords\":[\"ambiente\"],\"articleSection\":[\"News\"],\"inLanguage\":\"en-US\",\"potentialAction\":[{\"@type\":\"CommentAction\",\"name\":\"Comment\",\"target\":[\"https:\\\/\\\/www.manitese.it\\\/en\\\/burkina-faso-e-ritornata-lacqua-a-loumbila\\\/#respond\"]}]},{\"@type\":\"WebPage\",\"@id\":\"https:\\\/\\\/www.manitese.it\\\/en\\\/burkina-faso-e-ritornata-lacqua-a-loumbila\\\/\",\"url\":\"https:\\\/\\\/www.manitese.it\\\/en\\\/burkina-faso-e-ritornata-lacqua-a-loumbila\\\/\",\"name\":\"Burkina Faso: \u00c8 ritornata l\u2019acqua a Loumbila! - Mani Tese\",\"isPartOf\":{\"@id\":\"https:\\\/\\\/www.manitese.it\\\/en\\\/#website\"},\"primaryImageOfPage\":{\"@id\":\"https:\\\/\\\/www.manitese.it\\\/en\\\/burkina-faso-e-ritornata-lacqua-a-loumbila\\\/#primaryimage\"},\"image\":{\"@id\":\"https:\\\/\\\/www.manitese.it\\\/en\\\/burkina-faso-e-ritornata-lacqua-a-loumbila\\\/#primaryimage\"},\"thumbnailUrl\":\"https:\\\/\\\/www.manitese.it\\\/wp-content\\\/uploads\\\/2023\\\/11\\\/IMG-20230606-WA0028.jpg\",\"datePublished\":\"2023-07-05T10:29:10+00:00\",\"dateModified\":\"2023-11-29T10:07:59+00:00\",\"author\":{\"@id\":\"https:\\\/\\\/www.manitese.it\\\/en\\\/#\\\/schema\\\/person\\\/5a9774f17e4940e2510bfeba90f04f65\"},\"description\":\"Grazie all\u2019installazione di una nuova pompa i produttori locali possono finalmente ritornare a prendersi cura del terreno e continuare la sfida agroecologica ripensando alla propria strategia di sviluppo\",\"breadcrumb\":{\"@id\":\"https:\\\/\\\/www.manitese.it\\\/en\\\/burkina-faso-e-ritornata-lacqua-a-loumbila\\\/#breadcrumb\"},\"inLanguage\":\"en-US\",\"potentialAction\":[{\"@type\":\"ReadAction\",\"target\":[\"https:\\\/\\\/www.manitese.it\\\/en\\\/burkina-faso-e-ritornata-lacqua-a-loumbila\\\/\"]}]},{\"@type\":\"ImageObject\",\"inLanguage\":\"en-US\",\"@id\":\"https:\\\/\\\/www.manitese.it\\\/en\\\/burkina-faso-e-ritornata-lacqua-a-loumbila\\\/#primaryimage\",\"url\":\"https:\\\/\\\/www.manitese.it\\\/wp-content\\\/uploads\\\/2023\\\/11\\\/IMG-20230606-WA0028.jpg\",\"contentUrl\":\"https:\\\/\\\/www.manitese.it\\\/wp-content\\\/uploads\\\/2023\\\/11\\\/IMG-20230606-WA0028.jpg\",\"width\":768,\"height\":1024,\"caption\":\"asdasdas\"},{\"@type\":\"BreadcrumbList\",\"@id\":\"https:\\\/\\\/www.manitese.it\\\/en\\\/burkina-faso-e-ritornata-lacqua-a-loumbila\\\/#breadcrumb\",\"itemListElement\":[{\"@type\":\"ListItem\",\"position\":1,\"name\":\"Home\",\"item\":\"https:\\\/\\\/www.manitese.it\\\/en\\\/\"},{\"@type\":\"ListItem\",\"position\":2,\"name\":\"Burkina Faso: \u00c8 ritornata l\u2019acqua a Loumbila!\"}]},{\"@type\":\"WebSite\",\"@id\":\"https:\\\/\\\/www.manitese.it\\\/en\\\/#website\",\"url\":\"https:\\\/\\\/www.manitese.it\\\/en\\\/\",\"name\":\"Mani Tese\",\"description\":\"\",\"potentialAction\":[{\"@type\":\"SearchAction\",\"target\":{\"@type\":\"EntryPoint\",\"urlTemplate\":\"https:\\\/\\\/www.manitese.it\\\/en\\\/?s={search_term_string}\"},\"query-input\":{\"@type\":\"PropertyValueSpecification\",\"valueRequired\":true,\"valueName\":\"search_term_string\"}}],\"inLanguage\":\"en-US\"},{\"@type\":\"Person\",\"@id\":\"https:\\\/\\\/www.manitese.it\\\/en\\\/#\\\/schema\\\/person\\\/5a9774f17e4940e2510bfeba90f04f65\",\"name\":\"agevis\",\"image\":{\"@type\":\"ImageObject\",\"inLanguage\":\"en-US\",\"@id\":\"https:\\\/\\\/secure.gravatar.com\\\/avatar\\\/2dc96c93fcf3387a5922a93b50fb3bff01d4800590fb6a4ab91a034adb25ba17?s=96&d=mm&r=g\",\"url\":\"https:\\\/\\\/secure.gravatar.com\\\/avatar\\\/2dc96c93fcf3387a5922a93b50fb3bff01d4800590fb6a4ab91a034adb25ba17?s=96&d=mm&r=g\",\"contentUrl\":\"https:\\\/\\\/secure.gravatar.com\\\/avatar\\\/2dc96c93fcf3387a5922a93b50fb3bff01d4800590fb6a4ab91a034adb25ba17?s=96&d=mm&r=g\",\"caption\":\"agevis\"},\"url\":\"https:\\\/\\\/www.manitese.it\\\/en\\\/author\\\/wp_agevis_admin\\\/\"}]}<\/script>\n<!-- \/ Yoast SEO plugin. -->","yoast_head_json":{"title":"Burkina Faso: \u00c8 ritornata l\u2019acqua a Loumbila! - Mani Tese","description":"Grazie all\u2019installazione di una nuova pompa i produttori locali possono finalmente ritornare a prendersi cura del terreno e continuare la sfida agroecologica ripensando alla propria strategia di sviluppo","robots":{"index":"index","follow":"follow","max-snippet":"max-snippet:-1","max-image-preview":"max-image-preview:large","max-video-preview":"max-video-preview:-1"},"canonical":"https:\/\/www.manitese.it\/en\/burkina-faso-e-ritornata-lacqua-a-loumbila\/","og_locale":"en_US","og_type":"article","og_title":"Burkina Faso: \u00c8 ritornata l\u2019acqua a Loumbila! - Mani Tese","og_description":"Grazie all\u2019installazione di una nuova pompa i produttori locali possono finalmente ritornare a prendersi cura del terreno e continuare la sfida agroecologica ripensando alla propria strategia di sviluppo","og_url":"https:\/\/www.manitese.it\/en\/burkina-faso-e-ritornata-lacqua-a-loumbila\/","og_site_name":"Mani Tese","article_published_time":"2023-07-05T10:29:10+00:00","article_modified_time":"2023-11-29T10:07:59+00:00","og_image":[{"width":768,"height":1024,"url":"https:\/\/www.manitese.it\/wp-content\/uploads\/2023\/11\/IMG-20230606-WA0028.jpg","type":"image\/jpeg"}],"author":"agevis","twitter_card":"summary_large_image","twitter_misc":{"Written by":"agevis","Est. reading time":"3 minutes"},"schema":{"@context":"https:\/\/schema.org","@graph":[{"@type":"Article","@id":"https:\/\/www.manitese.it\/en\/burkina-faso-e-ritornata-lacqua-a-loumbila\/#article","isPartOf":{"@id":"https:\/\/www.manitese.it\/en\/burkina-faso-e-ritornata-lacqua-a-loumbila\/"},"author":{"name":"agevis","@id":"https:\/\/www.manitese.it\/en\/#\/schema\/person\/5a9774f17e4940e2510bfeba90f04f65"},"headline":"Burkina Faso: \u00c8 ritornata l\u2019acqua a Loumbila!","datePublished":"2023-07-05T10:29:10+00:00","dateModified":"2023-11-29T10:07:59+00:00","mainEntityOfPage":{"@id":"https:\/\/www.manitese.it\/en\/burkina-faso-e-ritornata-lacqua-a-loumbila\/"},"wordCount":385,"commentCount":0,"image":{"@id":"https:\/\/www.manitese.it\/en\/burkina-faso-e-ritornata-lacqua-a-loumbila\/#primaryimage"},"thumbnailUrl":"https:\/\/www.manitese.it\/wp-content\/uploads\/2023\/11\/IMG-20230606-WA0028.jpg","keywords":["ambiente"],"articleSection":["News"],"inLanguage":"en-US","potentialAction":[{"@type":"CommentAction","name":"Comment","target":["https:\/\/www.manitese.it\/en\/burkina-faso-e-ritornata-lacqua-a-loumbila\/#respond"]}]},{"@type":"WebPage","@id":"https:\/\/www.manitese.it\/en\/burkina-faso-e-ritornata-lacqua-a-loumbila\/","url":"https:\/\/www.manitese.it\/en\/burkina-faso-e-ritornata-lacqua-a-loumbila\/","name":"Burkina Faso: \u00c8 ritornata l\u2019acqua a Loumbila! - Mani Tese","isPartOf":{"@id":"https:\/\/www.manitese.it\/en\/#website"},"primaryImageOfPage":{"@id":"https:\/\/www.manitese.it\/en\/burkina-faso-e-ritornata-lacqua-a-loumbila\/#primaryimage"},"image":{"@id":"https:\/\/www.manitese.it\/en\/burkina-faso-e-ritornata-lacqua-a-loumbila\/#primaryimage"},"thumbnailUrl":"https:\/\/www.manitese.it\/wp-content\/uploads\/2023\/11\/IMG-20230606-WA0028.jpg","datePublished":"2023-07-05T10:29:10+00:00","dateModified":"2023-11-29T10:07:59+00:00","author":{"@id":"https:\/\/www.manitese.it\/en\/#\/schema\/person\/5a9774f17e4940e2510bfeba90f04f65"},"description":"Grazie all\u2019installazione di una nuova pompa i produttori locali possono finalmente ritornare a prendersi cura del terreno e continuare la sfida agroecologica ripensando alla propria strategia di sviluppo","breadcrumb":{"@id":"https:\/\/www.manitese.it\/en\/burkina-faso-e-ritornata-lacqua-a-loumbila\/#breadcrumb"},"inLanguage":"en-US","potentialAction":[{"@type":"ReadAction","target":["https:\/\/www.manitese.it\/en\/burkina-faso-e-ritornata-lacqua-a-loumbila\/"]}]},{"@type":"ImageObject","inLanguage":"en-US","@id":"https:\/\/www.manitese.it\/en\/burkina-faso-e-ritornata-lacqua-a-loumbila\/#primaryimage","url":"https:\/\/www.manitese.it\/wp-content\/uploads\/2023\/11\/IMG-20230606-WA0028.jpg","contentUrl":"https:\/\/www.manitese.it\/wp-content\/uploads\/2023\/11\/IMG-20230606-WA0028.jpg","width":768,"height":1024,"caption":"asdasdas"},{"@type":"BreadcrumbList","@id":"https:\/\/www.manitese.it\/en\/burkina-faso-e-ritornata-lacqua-a-loumbila\/#breadcrumb","itemListElement":[{"@type":"ListItem","position":1,"name":"Home","item":"https:\/\/www.manitese.it\/en\/"},{"@type":"ListItem","position":2,"name":"Burkina Faso: \u00c8 ritornata l\u2019acqua a Loumbila!"}]},{"@type":"WebSite","@id":"https:\/\/www.manitese.it\/en\/#website","url":"https:\/\/www.manitese.it\/en\/","name":"Mani Tese","description":"","potentialAction":[{"@type":"SearchAction","target":{"@type":"EntryPoint","urlTemplate":"https:\/\/www.manitese.it\/en\/?s={search_term_string}"},"query-input":{"@type":"PropertyValueSpecification","valueRequired":true,"valueName":"search_term_string"}}],"inLanguage":"en-US"},{"@type":"Person","@id":"https:\/\/www.manitese.it\/en\/#\/schema\/person\/5a9774f17e4940e2510bfeba90f04f65","name":"agevis","image":{"@type":"ImageObject","inLanguage":"en-US","@id":"https:\/\/secure.gravatar.com\/avatar\/2dc96c93fcf3387a5922a93b50fb3bff01d4800590fb6a4ab91a034adb25ba17?s=96&d=mm&r=g","url":"https:\/\/secure.gravatar.com\/avatar\/2dc96c93fcf3387a5922a93b50fb3bff01d4800590fb6a4ab91a034adb25ba17?s=96&d=mm&r=g","contentUrl":"https:\/\/secure.gravatar.com\/avatar\/2dc96c93fcf3387a5922a93b50fb3bff01d4800590fb6a4ab91a034adb25ba17?s=96&d=mm&r=g","caption":"agevis"},"url":"https:\/\/www.manitese.it\/en\/author\/wp_agevis_admin\/"}]}},"jetpack_featured_media_url":"https:\/\/www.manitese.it\/wp-content\/uploads\/2023\/11\/IMG-20230606-WA0028.jpg","jetpack_sharing_enabled":true,"_links":{"self":[{"href":"https:\/\/www.manitese.it\/en\/wp-json\/wp\/v2\/posts\/190807","targetHints":{"allow":["GET"]}}],"collection":[{"href":"https:\/\/www.manitese.it\/en\/wp-json\/wp\/v2\/posts"}],"about":[{"href":"https:\/\/www.manitese.it\/en\/wp-json\/wp\/v2\/types\/post"}],"author":[{"embeddable":true,"href":"https:\/\/www.manitese.it\/en\/wp-json\/wp\/v2\/users\/1"}],"replies":[{"embeddable":true,"href":"https:\/\/www.manitese.it\/en\/wp-json\/wp\/v2\/comments?post=190807"}],"version-history":[{"count":10,"href":"https:\/\/www.manitese.it\/en\/wp-json\/wp\/v2\/posts\/190807\/revisions"}],"predecessor-version":[{"id":191539,"href":"https:\/\/www.manitese.it\/en\/wp-json\/wp\/v2\/posts\/190807\/revisions\/191539"}],"wp:featuredmedia":[{"embeddable":true,"href":"https:\/\/www.manitese.it\/en\/wp-json\/wp\/v2\/media\/190978"}],"wp:attachment":[{"href":"https:\/\/www.manitese.it\/en\/wp-json\/wp\/v2\/media?parent=190807"}],"wp:term":[{"taxonomy":"category","embeddable":true,"href":"https:\/\/www.manitese.it\/en\/wp-json\/wp\/v2\/categories?post=190807"},{"taxonomy":"post_tag","embeddable":true,"href":"https:\/\/www.manitese.it\/en\/wp-json\/wp\/v2\/tags?post=190807"},{"taxonomy":"thematic_area","embeddable":true,"href":"https:\/\/www.manitese.it\/en\/wp-json\/wp\/v2\/thematic_area?post=190807"}],"curies":[{"name":"wp","href":"https:\/\/api.w.org\/{rel}","templated":true}]}}