{"id":171459,"date":"2023-06-21T11:19:33","date_gmt":"2023-06-21T09:19:33","guid":{"rendered":"https:\/\/manitese.it\/?p=171459"},"modified":"2023-11-29T17:36:32","modified_gmt":"2023-11-29T16:36:32","slug":"alla-riscoperta-dei-prodotti-locali-in-burkina-faso","status":"publish","type":"post","link":"https:\/\/www.manitese.it\/en\/alla-riscoperta-dei-prodotti-locali-in-burkina-faso\/","title":{"rendered":"Alla riscoperta dei prodotti locali in Burkina Faso"},"content":{"rendered":"\r\n\r\n\r\n<p>Il <strong>soumbala <\/strong>ha un valore speciale per la cultura burkinab\u00e8. Il suo utilizzo \u00e8 stato promosso sin dai tempi di Thomas Sankara per invitare a consumare cibo locale. Il soumbala, infatti, \u00e8 un ottimo sostituto naturale del famigerato cubo Maggi, che ha invaso il Paese nel secolo scorso facendo dimenticare l\u2019uso dei prodotti locali.\u00a0\u00a0<\/p>\r\n\r\n\r\n\r\n<p>Nell\u2019ambito del progetto <strong>\u201cTRASFORMIAMO! Sviluppo di attivit\u00e0 di trasformazione alimentare e promozione del cibo locale nel comune di Koubr\u00ec in Burkina Faso<\/strong>\u201d, cofinanziato dalla Regione Emilia-Romagna, nei giorni scorsi abbiamo avviato dei corsi di formazione per realizzare un ottimo soumbala in modo efficiente e sostenibile.\u00a0<\/p>\r\n\r\n\r\n\r\n<p>\u00a0\u201cOggi sono venute a trovarmi le mie figlie da Ouagadougou &#8211; racconta <strong>Marie Ouedraogo, una destinataria della formazione<\/strong> &#8211; \u201cDi solito vengono a trovarmi a Koubri almeno una volta a settimana ed \u00e8 sempre bello averle qui con me insieme ai nipoti\u201d. <strong>Diane<\/strong>, la figlia maggiore, ci dice che, non appena sono arrivate, Marie ha voluto subito raccontare loro della formazione ricevuta da Mani Tese sulla trasformazione dei grani di ner\u00e9 in soumbala.\u00a0<\/p>\r\n\r\n\r\n\r\n<p>\u201cSono molto soddisfatta di questa formazione \u2013 dice <strong>Marie <\/strong>\u2013 Abbiamo migliorato le tecniche di selezione e pulizia del ner\u00e9 per eliminare foglie e grani che non sono adatti. Poi, per facilitare la cottura dei grani, li abbiamo decorticati con i mortai e, subito dopo, li abbiamo fatti cuocere per circa un giorno intero. Dopodich\u00e9 ai grani cotti abbiamo tolto la pelle e li abbiamo lavati attentamente a pi\u00f9 riprese. Infine, li abbiamo riscaldati di nuovo prima di lasciarli fermentare per circa 48 ore sull\u2019essiccatoio. \u00c8 un processo lungo ma, grazie alla formazione, <strong>abbiamo imparato come accorciare i tempi e ottenere in modo pi\u00f9 efficiente un prodotto di qualit\u00e0<\/strong>\u201d.\u00a0<\/p>\r\n\r\n\r\n\r\n<p>Si avvicina un\u2019altra donna, che stava innaffiando le foglie di amaranto, e si siede sotto un albero accanto a noi. Si chiama <strong>Mariam.<\/strong> \u201cConoscevamo gi\u00e0 come fare il soumbala \u2013 ci tiene ad aggiungere &#8211; per\u00f2 con la formazione abbiamo imparato una tecnica che ci permette di separare i grani cotti da quelli che non lo sono ancora. <strong>Prima facevamo tutto a mano ed era un processo lungo e faticoso, oggi con gli strumenti che abbiamo siamo molto pi\u00f9 veloci<\/strong>\u201d.\u00a0\u00a0<\/p>\r\n\r\n\r\n\r\n<p><strong>Marie e Mariam ci hanno raccontato che, dopo la formazione, hanno subito cominciato a vendere il loro prodotto trasformato<\/strong>. \u201cC\u2019erano molte persone incuriosite dalla nostra formazione a cui, alla fine, abbiamo venduto alcune palline di soumbala che abbiamo prodotto\u201d, raccontano.\u00a0<\/p>\r\n\r\n\r\n\r\n<p>\u00a0\u201cIl mio segreto \u2013 conclude Marie \u2013 da quando le mie figlie erano piccole, <strong>\u00e8 quello di aggiungere nei piatti che preparo un po\u2019 di soumbala<\/strong>, cos\u00ec che abbiano pi\u00f9 sapore e siano pi\u00f9 nutrienti. Usando il soumbala non devo spendere molto perch\u00e9 i grani li trovo sugli alberi vicino a casa o al mercato a basso prezzo\u201d.\u00a0\u00a0<\/p>\r\n\r\n\r\n\r\n<p>Oggi, con le tecniche apprese, Marie potr\u00e0 continuare a cucinare i suoi piatti speciali e naturali per le figlie e i nipoti continuando a tramandare il segreto di famiglia ma prepararli sar\u00e0 pi\u00f9 semplice e veloce!\u00a0\u00a0<\/p>\r\n\r\n\r\n\r\n<figure class=\"wp-block-gallery has-nested-images columns-default is-cropped wp-block-gallery-1 is-layout-flex wp-block-gallery-is-layout-flex\">\r\n<figure class=\"wp-block-image size-large\"><img decoding=\"async\" data-id=\"171476\" class=\"wp-image-171476\" src=\"https:\/\/manitese.it\/wp-content\/uploads\/2023\/06\/20230525_104955-6-1024x576.jpg\" alt=\"\" \/><\/figure>\r\n\r\n\r\n\r\n<figure class=\"wp-block-image size-large\"><img decoding=\"async\" data-id=\"171478\" class=\"wp-image-171478\" src=\"https:\/\/manitese.it\/wp-content\/uploads\/2023\/06\/20230525_104540-576x1024.jpg\" alt=\"\" \/><\/figure>\r\n\r\n\r\n\r\n<figure class=\"wp-block-image size-large\"><img decoding=\"async\" data-id=\"171480\" class=\"wp-image-171480\" src=\"https:\/\/manitese.it\/wp-content\/uploads\/2023\/06\/IMG_20230502_143149-1024x576.jpg\" alt=\"\" \/><\/figure>\r\n<\/figure>\r\n","protected":false},"excerpt":{"rendered":"<p>Sono partite le nostre formazioni con le donne agricoltrici per reimparare a usare cibo sano e locale e diventare sempre pi\u00f9 indipendenti. <\/p>\n","protected":false},"author":1,"featured_media":171460,"comment_status":"open","ping_status":"open","sticky":false,"template":"","format":"standard","meta":{"_acf_changed":false,"give_campaign_id":0,"inline_featured_image":false,"_jetpack_memberships_contains_paid_content":false,"footnotes":""},"categories":[1],"tags":[115,116],"thematic_area":[907,915,913],"class_list":["post-171459","post","type-post","status-publish","format-standard","has-post-thumbnail","hentry","category-news","tag-cibo","tag-ambiente","thematic_area-imprenditoria-sociale","thematic_area-energia-pulita","thematic_area-sistemi-agroalimentari-locali"],"acf":[],"yoast_head":"<!-- This site is optimized with the Yoast SEO plugin v27.5 - https:\/\/yoast.com\/product\/yoast-seo-wordpress\/ -->\n<title>Mani Tese - PRODOTTI LOCALI DEL BURKINA FASO<\/title>\n<meta name=\"description\" content=\"Sono partite le nostre formazioni con le donne agricoltrici per reimparare a usare cibo sano e locale e diventare sempre pi\u00f9 indipendenti.\" \/>\n<meta name=\"robots\" content=\"index, follow, max-snippet:-1, max-image-preview:large, max-video-preview:-1\" \/>\n<link rel=\"canonical\" href=\"https:\/\/www.manitese.it\/en\/alla-riscoperta-dei-prodotti-locali-in-burkina-faso\/\" \/>\n<meta property=\"og:locale\" content=\"en_US\" \/>\n<meta property=\"og:type\" content=\"article\" \/>\n<meta property=\"og:title\" content=\"Mani Tese - PRODOTTI LOCALI DEL BURKINA FASO\" \/>\n<meta property=\"og:description\" content=\"Sono partite le nostre formazioni con le donne agricoltrici per reimparare a usare cibo sano e locale e diventare sempre pi\u00f9 indipendenti.\" \/>\n<meta property=\"og:url\" content=\"https:\/\/www.manitese.it\/en\/alla-riscoperta-dei-prodotti-locali-in-burkina-faso\/\" \/>\n<meta property=\"og:site_name\" content=\"Mani Tese\" \/>\n<meta property=\"article:published_time\" content=\"2023-06-21T09:19:33+00:00\" \/>\n<meta property=\"article:modified_time\" content=\"2023-11-29T16:36:32+00:00\" \/>\n<meta property=\"og:image\" content=\"https:\/\/www.manitese.it\/wp-content\/uploads\/2023\/06\/IMG_20230504_093937-scaled-1.jpg\" \/>\n\t<meta property=\"og:image:width\" content=\"1920\" \/>\n\t<meta property=\"og:image:height\" content=\"2560\" \/>\n\t<meta property=\"og:image:type\" content=\"image\/jpeg\" \/>\n<meta name=\"author\" content=\"agevis\" \/>\n<meta name=\"twitter:card\" content=\"summary_large_image\" \/>\n<meta name=\"twitter:label1\" content=\"Written by\" \/>\n\t<meta name=\"twitter:data1\" content=\"agevis\" \/>\n\t<meta name=\"twitter:label2\" content=\"Est. reading time\" \/>\n\t<meta name=\"twitter:data2\" content=\"3 minutes\" \/>\n<script type=\"application\/ld+json\" class=\"yoast-schema-graph\">{\"@context\":\"https:\\\/\\\/schema.org\",\"@graph\":[{\"@type\":\"Article\",\"@id\":\"https:\\\/\\\/www.manitese.it\\\/en\\\/alla-riscoperta-dei-prodotti-locali-in-burkina-faso\\\/#article\",\"isPartOf\":{\"@id\":\"https:\\\/\\\/www.manitese.it\\\/en\\\/alla-riscoperta-dei-prodotti-locali-in-burkina-faso\\\/\"},\"author\":{\"name\":\"agevis\",\"@id\":\"https:\\\/\\\/www.manitese.it\\\/en\\\/#\\\/schema\\\/person\\\/5a9774f17e4940e2510bfeba90f04f65\"},\"headline\":\"Alla riscoperta dei prodotti locali in Burkina Faso\",\"datePublished\":\"2023-06-21T09:19:33+00:00\",\"dateModified\":\"2023-11-29T16:36:32+00:00\",\"mainEntityOfPage\":{\"@id\":\"https:\\\/\\\/www.manitese.it\\\/en\\\/alla-riscoperta-dei-prodotti-locali-in-burkina-faso\\\/\"},\"wordCount\":497,\"commentCount\":0,\"image\":{\"@id\":\"https:\\\/\\\/www.manitese.it\\\/en\\\/alla-riscoperta-dei-prodotti-locali-in-burkina-faso\\\/#primaryimage\"},\"thumbnailUrl\":\"https:\\\/\\\/www.manitese.it\\\/wp-content\\\/uploads\\\/2023\\\/06\\\/IMG_20230504_093937-scaled-1.jpg\",\"keywords\":[\"cibo\",\"ambiente\"],\"articleSection\":[\"News\"],\"inLanguage\":\"en-US\",\"potentialAction\":[{\"@type\":\"CommentAction\",\"name\":\"Comment\",\"target\":[\"https:\\\/\\\/www.manitese.it\\\/en\\\/alla-riscoperta-dei-prodotti-locali-in-burkina-faso\\\/#respond\"]}]},{\"@type\":\"WebPage\",\"@id\":\"https:\\\/\\\/www.manitese.it\\\/en\\\/alla-riscoperta-dei-prodotti-locali-in-burkina-faso\\\/\",\"url\":\"https:\\\/\\\/www.manitese.it\\\/en\\\/alla-riscoperta-dei-prodotti-locali-in-burkina-faso\\\/\",\"name\":\"Mani Tese - PRODOTTI LOCALI DEL BURKINA FASO\",\"isPartOf\":{\"@id\":\"https:\\\/\\\/www.manitese.it\\\/en\\\/#website\"},\"primaryImageOfPage\":{\"@id\":\"https:\\\/\\\/www.manitese.it\\\/en\\\/alla-riscoperta-dei-prodotti-locali-in-burkina-faso\\\/#primaryimage\"},\"image\":{\"@id\":\"https:\\\/\\\/www.manitese.it\\\/en\\\/alla-riscoperta-dei-prodotti-locali-in-burkina-faso\\\/#primaryimage\"},\"thumbnailUrl\":\"https:\\\/\\\/www.manitese.it\\\/wp-content\\\/uploads\\\/2023\\\/06\\\/IMG_20230504_093937-scaled-1.jpg\",\"datePublished\":\"2023-06-21T09:19:33+00:00\",\"dateModified\":\"2023-11-29T16:36:32+00:00\",\"author\":{\"@id\":\"https:\\\/\\\/www.manitese.it\\\/en\\\/#\\\/schema\\\/person\\\/5a9774f17e4940e2510bfeba90f04f65\"},\"description\":\"Sono partite le nostre formazioni con le donne agricoltrici per reimparare a usare cibo sano e locale e diventare sempre pi\u00f9 indipendenti.\",\"breadcrumb\":{\"@id\":\"https:\\\/\\\/www.manitese.it\\\/en\\\/alla-riscoperta-dei-prodotti-locali-in-burkina-faso\\\/#breadcrumb\"},\"inLanguage\":\"en-US\",\"potentialAction\":[{\"@type\":\"ReadAction\",\"target\":[\"https:\\\/\\\/www.manitese.it\\\/en\\\/alla-riscoperta-dei-prodotti-locali-in-burkina-faso\\\/\"]}]},{\"@type\":\"ImageObject\",\"inLanguage\":\"en-US\",\"@id\":\"https:\\\/\\\/www.manitese.it\\\/en\\\/alla-riscoperta-dei-prodotti-locali-in-burkina-faso\\\/#primaryimage\",\"url\":\"https:\\\/\\\/www.manitese.it\\\/wp-content\\\/uploads\\\/2023\\\/06\\\/IMG_20230504_093937-scaled-1.jpg\",\"contentUrl\":\"https:\\\/\\\/www.manitese.it\\\/wp-content\\\/uploads\\\/2023\\\/06\\\/IMG_20230504_093937-scaled-1.jpg\",\"width\":1920,\"height\":2560,\"caption\":\"rpt\"},{\"@type\":\"BreadcrumbList\",\"@id\":\"https:\\\/\\\/www.manitese.it\\\/en\\\/alla-riscoperta-dei-prodotti-locali-in-burkina-faso\\\/#breadcrumb\",\"itemListElement\":[{\"@type\":\"ListItem\",\"position\":1,\"name\":\"Home\",\"item\":\"https:\\\/\\\/www.manitese.it\\\/en\\\/\"},{\"@type\":\"ListItem\",\"position\":2,\"name\":\"Alla riscoperta dei prodotti locali in Burkina Faso\"}]},{\"@type\":\"WebSite\",\"@id\":\"https:\\\/\\\/www.manitese.it\\\/en\\\/#website\",\"url\":\"https:\\\/\\\/www.manitese.it\\\/en\\\/\",\"name\":\"Mani Tese\",\"description\":\"\",\"potentialAction\":[{\"@type\":\"SearchAction\",\"target\":{\"@type\":\"EntryPoint\",\"urlTemplate\":\"https:\\\/\\\/www.manitese.it\\\/en\\\/?s={search_term_string}\"},\"query-input\":{\"@type\":\"PropertyValueSpecification\",\"valueRequired\":true,\"valueName\":\"search_term_string\"}}],\"inLanguage\":\"en-US\"},{\"@type\":\"Person\",\"@id\":\"https:\\\/\\\/www.manitese.it\\\/en\\\/#\\\/schema\\\/person\\\/5a9774f17e4940e2510bfeba90f04f65\",\"name\":\"agevis\",\"image\":{\"@type\":\"ImageObject\",\"inLanguage\":\"en-US\",\"@id\":\"https:\\\/\\\/secure.gravatar.com\\\/avatar\\\/2dc96c93fcf3387a5922a93b50fb3bff01d4800590fb6a4ab91a034adb25ba17?s=96&d=mm&r=g\",\"url\":\"https:\\\/\\\/secure.gravatar.com\\\/avatar\\\/2dc96c93fcf3387a5922a93b50fb3bff01d4800590fb6a4ab91a034adb25ba17?s=96&d=mm&r=g\",\"contentUrl\":\"https:\\\/\\\/secure.gravatar.com\\\/avatar\\\/2dc96c93fcf3387a5922a93b50fb3bff01d4800590fb6a4ab91a034adb25ba17?s=96&d=mm&r=g\",\"caption\":\"agevis\"},\"url\":\"https:\\\/\\\/www.manitese.it\\\/en\\\/author\\\/wp_agevis_admin\\\/\"}]}<\/script>\n<!-- \/ Yoast SEO plugin. -->","yoast_head_json":{"title":"Mani Tese - PRODOTTI LOCALI DEL BURKINA FASO","description":"Sono partite le nostre formazioni con le donne agricoltrici per reimparare a usare cibo sano e locale e diventare sempre pi\u00f9 indipendenti.","robots":{"index":"index","follow":"follow","max-snippet":"max-snippet:-1","max-image-preview":"max-image-preview:large","max-video-preview":"max-video-preview:-1"},"canonical":"https:\/\/www.manitese.it\/en\/alla-riscoperta-dei-prodotti-locali-in-burkina-faso\/","og_locale":"en_US","og_type":"article","og_title":"Mani Tese - PRODOTTI LOCALI DEL BURKINA FASO","og_description":"Sono partite le nostre formazioni con le donne agricoltrici per reimparare a usare cibo sano e locale e diventare sempre pi\u00f9 indipendenti.","og_url":"https:\/\/www.manitese.it\/en\/alla-riscoperta-dei-prodotti-locali-in-burkina-faso\/","og_site_name":"Mani Tese","article_published_time":"2023-06-21T09:19:33+00:00","article_modified_time":"2023-11-29T16:36:32+00:00","og_image":[{"width":1920,"height":2560,"url":"https:\/\/www.manitese.it\/wp-content\/uploads\/2023\/06\/IMG_20230504_093937-scaled-1.jpg","type":"image\/jpeg"}],"author":"agevis","twitter_card":"summary_large_image","twitter_misc":{"Written by":"agevis","Est. reading time":"3 minutes"},"schema":{"@context":"https:\/\/schema.org","@graph":[{"@type":"Article","@id":"https:\/\/www.manitese.it\/en\/alla-riscoperta-dei-prodotti-locali-in-burkina-faso\/#article","isPartOf":{"@id":"https:\/\/www.manitese.it\/en\/alla-riscoperta-dei-prodotti-locali-in-burkina-faso\/"},"author":{"name":"agevis","@id":"https:\/\/www.manitese.it\/en\/#\/schema\/person\/5a9774f17e4940e2510bfeba90f04f65"},"headline":"Alla riscoperta dei prodotti locali in Burkina Faso","datePublished":"2023-06-21T09:19:33+00:00","dateModified":"2023-11-29T16:36:32+00:00","mainEntityOfPage":{"@id":"https:\/\/www.manitese.it\/en\/alla-riscoperta-dei-prodotti-locali-in-burkina-faso\/"},"wordCount":497,"commentCount":0,"image":{"@id":"https:\/\/www.manitese.it\/en\/alla-riscoperta-dei-prodotti-locali-in-burkina-faso\/#primaryimage"},"thumbnailUrl":"https:\/\/www.manitese.it\/wp-content\/uploads\/2023\/06\/IMG_20230504_093937-scaled-1.jpg","keywords":["cibo","ambiente"],"articleSection":["News"],"inLanguage":"en-US","potentialAction":[{"@type":"CommentAction","name":"Comment","target":["https:\/\/www.manitese.it\/en\/alla-riscoperta-dei-prodotti-locali-in-burkina-faso\/#respond"]}]},{"@type":"WebPage","@id":"https:\/\/www.manitese.it\/en\/alla-riscoperta-dei-prodotti-locali-in-burkina-faso\/","url":"https:\/\/www.manitese.it\/en\/alla-riscoperta-dei-prodotti-locali-in-burkina-faso\/","name":"Mani Tese - PRODOTTI LOCALI DEL BURKINA FASO","isPartOf":{"@id":"https:\/\/www.manitese.it\/en\/#website"},"primaryImageOfPage":{"@id":"https:\/\/www.manitese.it\/en\/alla-riscoperta-dei-prodotti-locali-in-burkina-faso\/#primaryimage"},"image":{"@id":"https:\/\/www.manitese.it\/en\/alla-riscoperta-dei-prodotti-locali-in-burkina-faso\/#primaryimage"},"thumbnailUrl":"https:\/\/www.manitese.it\/wp-content\/uploads\/2023\/06\/IMG_20230504_093937-scaled-1.jpg","datePublished":"2023-06-21T09:19:33+00:00","dateModified":"2023-11-29T16:36:32+00:00","author":{"@id":"https:\/\/www.manitese.it\/en\/#\/schema\/person\/5a9774f17e4940e2510bfeba90f04f65"},"description":"Sono partite le nostre formazioni con le donne agricoltrici per reimparare a usare cibo sano e locale e diventare sempre pi\u00f9 indipendenti.","breadcrumb":{"@id":"https:\/\/www.manitese.it\/en\/alla-riscoperta-dei-prodotti-locali-in-burkina-faso\/#breadcrumb"},"inLanguage":"en-US","potentialAction":[{"@type":"ReadAction","target":["https:\/\/www.manitese.it\/en\/alla-riscoperta-dei-prodotti-locali-in-burkina-faso\/"]}]},{"@type":"ImageObject","inLanguage":"en-US","@id":"https:\/\/www.manitese.it\/en\/alla-riscoperta-dei-prodotti-locali-in-burkina-faso\/#primaryimage","url":"https:\/\/www.manitese.it\/wp-content\/uploads\/2023\/06\/IMG_20230504_093937-scaled-1.jpg","contentUrl":"https:\/\/www.manitese.it\/wp-content\/uploads\/2023\/06\/IMG_20230504_093937-scaled-1.jpg","width":1920,"height":2560,"caption":"rpt"},{"@type":"BreadcrumbList","@id":"https:\/\/www.manitese.it\/en\/alla-riscoperta-dei-prodotti-locali-in-burkina-faso\/#breadcrumb","itemListElement":[{"@type":"ListItem","position":1,"name":"Home","item":"https:\/\/www.manitese.it\/en\/"},{"@type":"ListItem","position":2,"name":"Alla riscoperta dei prodotti locali in Burkina Faso"}]},{"@type":"WebSite","@id":"https:\/\/www.manitese.it\/en\/#website","url":"https:\/\/www.manitese.it\/en\/","name":"Mani Tese","description":"","potentialAction":[{"@type":"SearchAction","target":{"@type":"EntryPoint","urlTemplate":"https:\/\/www.manitese.it\/en\/?s={search_term_string}"},"query-input":{"@type":"PropertyValueSpecification","valueRequired":true,"valueName":"search_term_string"}}],"inLanguage":"en-US"},{"@type":"Person","@id":"https:\/\/www.manitese.it\/en\/#\/schema\/person\/5a9774f17e4940e2510bfeba90f04f65","name":"agevis","image":{"@type":"ImageObject","inLanguage":"en-US","@id":"https:\/\/secure.gravatar.com\/avatar\/2dc96c93fcf3387a5922a93b50fb3bff01d4800590fb6a4ab91a034adb25ba17?s=96&d=mm&r=g","url":"https:\/\/secure.gravatar.com\/avatar\/2dc96c93fcf3387a5922a93b50fb3bff01d4800590fb6a4ab91a034adb25ba17?s=96&d=mm&r=g","contentUrl":"https:\/\/secure.gravatar.com\/avatar\/2dc96c93fcf3387a5922a93b50fb3bff01d4800590fb6a4ab91a034adb25ba17?s=96&d=mm&r=g","caption":"agevis"},"url":"https:\/\/www.manitese.it\/en\/author\/wp_agevis_admin\/"}]}},"jetpack_featured_media_url":"https:\/\/www.manitese.it\/wp-content\/uploads\/2023\/06\/IMG_20230504_093937-scaled-1.jpg","jetpack_sharing_enabled":true,"_links":{"self":[{"href":"https:\/\/www.manitese.it\/en\/wp-json\/wp\/v2\/posts\/171459","targetHints":{"allow":["GET"]}}],"collection":[{"href":"https:\/\/www.manitese.it\/en\/wp-json\/wp\/v2\/posts"}],"about":[{"href":"https:\/\/www.manitese.it\/en\/wp-json\/wp\/v2\/types\/post"}],"author":[{"embeddable":true,"href":"https:\/\/www.manitese.it\/en\/wp-json\/wp\/v2\/users\/1"}],"replies":[{"embeddable":true,"href":"https:\/\/www.manitese.it\/en\/wp-json\/wp\/v2\/comments?post=171459"}],"version-history":[{"count":3,"href":"https:\/\/www.manitese.it\/en\/wp-json\/wp\/v2\/posts\/171459\/revisions"}],"predecessor-version":[{"id":191637,"href":"https:\/\/www.manitese.it\/en\/wp-json\/wp\/v2\/posts\/171459\/revisions\/191637"}],"wp:featuredmedia":[{"embeddable":true,"href":"https:\/\/www.manitese.it\/en\/wp-json\/wp\/v2\/media\/171460"}],"wp:attachment":[{"href":"https:\/\/www.manitese.it\/en\/wp-json\/wp\/v2\/media?parent=171459"}],"wp:term":[{"taxonomy":"category","embeddable":true,"href":"https:\/\/www.manitese.it\/en\/wp-json\/wp\/v2\/categories?post=171459"},{"taxonomy":"post_tag","embeddable":true,"href":"https:\/\/www.manitese.it\/en\/wp-json\/wp\/v2\/tags?post=171459"},{"taxonomy":"thematic_area","embeddable":true,"href":"https:\/\/www.manitese.it\/en\/wp-json\/wp\/v2\/thematic_area?post=171459"}],"curies":[{"name":"wp","href":"https:\/\/api.w.org\/{rel}","templated":true}]}}