{"id":171388,"date":"2023-06-16T16:47:49","date_gmt":"2023-06-16T14:47:49","guid":{"rendered":"https:\/\/manitese.it\/?p=171388"},"modified":"2023-11-29T17:31:13","modified_gmt":"2023-11-29T16:31:13","slug":"mozambico-le-donne-contro-i-cambiamenti-climatici","status":"publish","type":"post","link":"https:\/\/www.manitese.it\/en\/mozambico-le-donne-contro-i-cambiamenti-climatici\/","title":{"rendered":"Mozambico: le donne contro I cambiamenti climatici"},"content":{"rendered":"\r\n<p>&nbsp;<\/p>\r\n\r\n\r\n\r\n<p>Mani Tese, nell&#8217;ambito del suo <a href=\"https:\/\/manitese.it\/progetto\/katagya-sperimenta\" target=\"_blank\" rel=\"noreferrer noopener\"><strong>progetto Katagya<\/strong><\/a> in Mozambico cofinanziato dalla Regione Emilia Romagna, nelle scorse settimane ha tenuto una tavola rotonda con l&#8217;obiettivo di <strong>scambiare esperienze positive sull&#8217;uso sostenibile dell&#8217;ambiente, valutando le donne come attrici in prima linea nel processo di mitigazione del cambiamento climatico.<\/strong>\u00a0\u00a0<\/p>\r\n\r\n\r\n\r\n<p>La tavola rotonda \u00e8 stata moderata dalla giovane Fatima Matos, attivista ambientale della citt\u00e0 di Quelimane, e Leonel Raimo, coordinatore del progetto Katagya e responsabile delle attivit\u00e0 di blue economy di Mani Tese.\u00a0<\/p>\r\n\r\n\r\n\r\n<p>All\u2019evento, che mirava a promuovere <strong>lo scambio di esperienze tra i gruppi coinvolti nel proge<\/strong>tto, hanno partecipato 13 donne e 7 uomini, fra cui rappresentanti di associazioni locali amiche dell&#8217;ambiente, del Comune di Quelimane, dell\u2019Unione Provinciale de Contadini della Zambezia (UPCZ) e attivisti ambientali.\u00a0<\/p>\r\n\r\n\r\n\r\n<p>Durante il dibattito, l&#8217;attenzione principale \u00e8 stata posta sul <strong>ruolo delle donne nella mitigazione del cambiamento climatico.<\/strong> Sono state le donne, infatti, a discutere delle principali cause del cambiamento climatico, evidenziando alcune cattive abitudini da modificare. Fra queste, l&#8217;avidit\u00e0 di arricchimento compulsivo e le limitazioni alla gestione del reddito sono state indicate come fattori che inducono gli uomini a optare per l&#8217;abbattimento massiccio di alberi a uso commerciale e industriale, abusando delle foreste.\u00a0\u00a0<\/p>\r\n\r\n\r\n\r\n<p>Altre cattive abitudine emerse sono state la pratica dell&#8217;agricoltura intensiva, dove il suolo \u00e8 considerato una mera risorsa da sfruttare, e l&#8217;eccessiva produzione di carbone.\u00a0<\/p>\r\n\r\n\r\n\r\n<p>Nel dibattito <strong>\u00e8 emerso chiaramente come le donne, pioniere nella pratica dell&#8217;agricoltura sostenibile, abbiano inconsapevolmente dato il loro effettivo contributo alla mitigazione degli effetti del cambiamento climatico.<\/strong> <strong>La donna contadina, con la sua zappa a manico corto, i semi autoctoni e le piante da frutto, astenendosi dall&#8217;uso di fertilizzanti sintetici, lavora i suoi campi in modo naturale rispettando la conservazione ambientale<\/strong>.\u00a0<\/p>\r\n\r\n\r\n\r\n<p>Il <strong>ruolo delle donne nell&#8217;agricoltura<\/strong> \u00e8 stato proprio l\u2019oggetto specifico di <strong>una seconda tavola rotonda<\/strong>, organizzata da Gildo Abu Pires, del team comunicazione di Mani Tese, e moderata sempre da Leonel Raimo, coordinatore del progetto Katagya.\u00a0<\/p>\r\n\r\n\r\n\r\n<p>L\u2019evento ha visto la partecipazione di 17 membri di diverse organizzazioni: Comune di Quelimane, Unione provinciale dei contadini di Zamb\u00e9zia, SDAE, NAFEZA, CELIM, Associa\u00e7\u00e3o das Mulheres Domesticas da Zamb\u00e9zia, Associa\u00e7\u00e3o Ondas da Maganja da Costa e Senhora F\u00e1tima &#8211; Attivista sociale.\u00a0<\/p>\r\n\r\n\r\n\r\n<p>Il dibattito ha riguardato un\u2019attenta <strong>riflessione sul ruolo delle donne in agricoltura, compresi i suoi ostacoli, le sfide e le possibili soluzioni per l&#8217;emancipazione delle donne.<\/strong>\u00a0\u00a0<\/p>\r\n\r\n\r\n\r\n<p>Odete Pedro, la rappresentante di NAFEZA-Nucleo das Associa\u00e7\u00f5es Femeninas da Zambezia, in particolare ha sottolineato come le donne abbiano contribuito positivamente all&#8217;agricoltura cos\u00ec come nella societ\u00e0 in generale. <strong>La maggior parte delle persone dedicate all&#8217;agricoltura di sussistenza, infatti, sono donne,<\/strong> mentre gli uomini si dedicano principalmente all\u2019agricoltura per la commercializzazione dei prodotti.\u00a0<\/p>\r\n\r\n\r\n\r\n<p>La coltivatrice Gildo ha inoltre affermato che la donna \u00e8 <strong>la Guardiana del seme autoctono<\/strong> e coltiva la terra senza l\u2019uso di fertilizzanti sintetici per produrre cibo per tutta la famiglia.\u00a0\u00a0<\/p>\r\n\r\n\r\n\r\n<p>Ha inoltre aggiunto <strong>che il problema principale delle donne \u00e8 il patriarcato,<\/strong> un sistema che perpetua il potere di decisionale degli uomini in tutti gli aspetti della vita sociale. Si tratta di un contesto radicato su convinzioni familiari, sociali, culturali e religiose, in cui l&#8217;uomo \u00e8 posto come figura superiore alla donna. Un atteggiamento che finisce per disattenere il principio di uguaglianza fra le persone.\u00a0<\/p>\r\n\r\n\r\n\r\n<p>Sono molte, infatti, le attivit\u00e0 per cui \u00e8 necessario per le donne avere l\u2019autorizzazione degli uomini, come ad esempio l&#8217;acquisizione di machamba per la produzione alimentare, compresa la decisione su cosa pu\u00f2 essere venduto e quando.\u00a0<\/p>\r\n\r\n\r\n\r\n<p>La societ\u00e0 sta quindi perdendo l&#8217;opportunit\u00e0 di valorizzare la donna, la principale custode del cibo. Dovrebbe invece formare uomini e donne sull&#8217;uguaglianza dei diritti umani educando gli uomini al rispetto.\u00a0<\/p>\r\n\r\n\r\n\r\n<p>Tiago Ot\u00edlio, Rappresentante di Celim, ha sostenuto la creazione massiccia di associazioni di donne per l&#8217;agricoltura e la loro formazione affermando come anche la partecipazione degli uomini alle sessioni di formazione possa fare in modo che, insieme alle donne, possano mettere in pratica cambiamenti e miglioramenti positivi tanto in agricoltura quanto nella societ\u00e0.\u00a0<\/p>\r\n","protected":false},"excerpt":{"rendered":"<p>Le donne, guardiane dei semi e della terra, in Mozambico da sempre svolgono un importante ruolo di salvaguardia ambientale e mitigazione degli effetti del riscaldamento globale. <\/p>\n","protected":false},"author":1,"featured_media":171391,"comment_status":"open","ping_status":"open","sticky":false,"template":"","format":"standard","meta":{"_acf_changed":false,"give_campaign_id":0,"inline_featured_image":false,"_jetpack_memberships_contains_paid_content":false,"footnotes":""},"categories":[1],"tags":[116],"thematic_area":[909,905,914],"class_list":["post-171388","post","type-post","status-publish","format-standard","has-post-thumbnail","hentry","category-news","tag-ambiente","thematic_area-inclusione-sociale","thematic_area-accesso-universale-al-cibo-e-allacqua","thematic_area-riforestazione-e-biodiversita"],"acf":[],"yoast_head":"<!-- This site is optimized with the Yoast SEO plugin v27.5 - https:\/\/yoast.com\/product\/yoast-seo-wordpress\/ -->\n<title>Mani Tese - LE DONNE CONTRO I CAMBIAMENTI CLIMATICI<\/title>\n<meta name=\"description\" content=\"Le donne, guardiane dei semi e della terra, in Mozambico da sempre svolgono un importante ruolo di salvaguardia ambientale e mitigazione degli effetti del riscaldamento globale.\" \/>\n<meta name=\"robots\" content=\"index, follow, max-snippet:-1, max-image-preview:large, max-video-preview:-1\" \/>\n<link rel=\"canonical\" href=\"https:\/\/www.manitese.it\/en\/mozambico-le-donne-contro-i-cambiamenti-climatici\/\" \/>\n<meta property=\"og:locale\" content=\"en_US\" \/>\n<meta property=\"og:type\" content=\"article\" \/>\n<meta property=\"og:title\" content=\"Mani Tese - LE DONNE CONTRO I CAMBIAMENTI CLIMATICI\" \/>\n<meta property=\"og:description\" content=\"Le donne, guardiane dei semi e della terra, in Mozambico da sempre svolgono un importante ruolo di salvaguardia ambientale e mitigazione degli effetti del riscaldamento globale.\" \/>\n<meta property=\"og:url\" content=\"https:\/\/www.manitese.it\/en\/mozambico-le-donne-contro-i-cambiamenti-climatici\/\" \/>\n<meta property=\"og:site_name\" content=\"Mani Tese\" \/>\n<meta property=\"article:published_time\" content=\"2023-06-16T14:47:49+00:00\" \/>\n<meta property=\"article:modified_time\" content=\"2023-11-29T16:31:13+00:00\" \/>\n<meta property=\"og:image\" content=\"https:\/\/www.manitese.it\/wp-content\/uploads\/2023\/06\/IMG_3325-scaled-1.jpg\" \/>\n\t<meta property=\"og:image:width\" content=\"2560\" \/>\n\t<meta property=\"og:image:height\" content=\"1707\" \/>\n\t<meta property=\"og:image:type\" content=\"image\/jpeg\" \/>\n<meta name=\"author\" content=\"agevis\" \/>\n<meta name=\"twitter:card\" content=\"summary_large_image\" \/>\n<meta name=\"twitter:label1\" content=\"Written by\" \/>\n\t<meta name=\"twitter:data1\" content=\"agevis\" \/>\n\t<meta name=\"twitter:label2\" content=\"Est. reading time\" \/>\n\t<meta name=\"twitter:data2\" content=\"3 minutes\" \/>\n<script type=\"application\/ld+json\" class=\"yoast-schema-graph\">{\"@context\":\"https:\\\/\\\/schema.org\",\"@graph\":[{\"@type\":\"Article\",\"@id\":\"https:\\\/\\\/www.manitese.it\\\/en\\\/mozambico-le-donne-contro-i-cambiamenti-climatici\\\/#article\",\"isPartOf\":{\"@id\":\"https:\\\/\\\/www.manitese.it\\\/en\\\/mozambico-le-donne-contro-i-cambiamenti-climatici\\\/\"},\"author\":{\"name\":\"agevis\",\"@id\":\"https:\\\/\\\/www.manitese.it\\\/en\\\/#\\\/schema\\\/person\\\/5a9774f17e4940e2510bfeba90f04f65\"},\"headline\":\"Mozambico: le donne contro I cambiamenti climatici\",\"datePublished\":\"2023-06-16T14:47:49+00:00\",\"dateModified\":\"2023-11-29T16:31:13+00:00\",\"mainEntityOfPage\":{\"@id\":\"https:\\\/\\\/www.manitese.it\\\/en\\\/mozambico-le-donne-contro-i-cambiamenti-climatici\\\/\"},\"wordCount\":684,\"commentCount\":0,\"image\":{\"@id\":\"https:\\\/\\\/www.manitese.it\\\/en\\\/mozambico-le-donne-contro-i-cambiamenti-climatici\\\/#primaryimage\"},\"thumbnailUrl\":\"https:\\\/\\\/www.manitese.it\\\/wp-content\\\/uploads\\\/2023\\\/06\\\/IMG_3325-scaled-1.jpg\",\"keywords\":[\"ambiente\"],\"articleSection\":[\"News\"],\"inLanguage\":\"en-US\",\"potentialAction\":[{\"@type\":\"CommentAction\",\"name\":\"Comment\",\"target\":[\"https:\\\/\\\/www.manitese.it\\\/en\\\/mozambico-le-donne-contro-i-cambiamenti-climatici\\\/#respond\"]}]},{\"@type\":\"WebPage\",\"@id\":\"https:\\\/\\\/www.manitese.it\\\/en\\\/mozambico-le-donne-contro-i-cambiamenti-climatici\\\/\",\"url\":\"https:\\\/\\\/www.manitese.it\\\/en\\\/mozambico-le-donne-contro-i-cambiamenti-climatici\\\/\",\"name\":\"Mani Tese - LE DONNE CONTRO I CAMBIAMENTI CLIMATICI\",\"isPartOf\":{\"@id\":\"https:\\\/\\\/www.manitese.it\\\/en\\\/#website\"},\"primaryImageOfPage\":{\"@id\":\"https:\\\/\\\/www.manitese.it\\\/en\\\/mozambico-le-donne-contro-i-cambiamenti-climatici\\\/#primaryimage\"},\"image\":{\"@id\":\"https:\\\/\\\/www.manitese.it\\\/en\\\/mozambico-le-donne-contro-i-cambiamenti-climatici\\\/#primaryimage\"},\"thumbnailUrl\":\"https:\\\/\\\/www.manitese.it\\\/wp-content\\\/uploads\\\/2023\\\/06\\\/IMG_3325-scaled-1.jpg\",\"datePublished\":\"2023-06-16T14:47:49+00:00\",\"dateModified\":\"2023-11-29T16:31:13+00:00\",\"author\":{\"@id\":\"https:\\\/\\\/www.manitese.it\\\/en\\\/#\\\/schema\\\/person\\\/5a9774f17e4940e2510bfeba90f04f65\"},\"description\":\"Le donne, guardiane dei semi e della terra, in Mozambico da sempre svolgono un importante ruolo di salvaguardia ambientale e mitigazione degli effetti del riscaldamento globale.\",\"breadcrumb\":{\"@id\":\"https:\\\/\\\/www.manitese.it\\\/en\\\/mozambico-le-donne-contro-i-cambiamenti-climatici\\\/#breadcrumb\"},\"inLanguage\":\"en-US\",\"potentialAction\":[{\"@type\":\"ReadAction\",\"target\":[\"https:\\\/\\\/www.manitese.it\\\/en\\\/mozambico-le-donne-contro-i-cambiamenti-climatici\\\/\"]}]},{\"@type\":\"ImageObject\",\"inLanguage\":\"en-US\",\"@id\":\"https:\\\/\\\/www.manitese.it\\\/en\\\/mozambico-le-donne-contro-i-cambiamenti-climatici\\\/#primaryimage\",\"url\":\"https:\\\/\\\/www.manitese.it\\\/wp-content\\\/uploads\\\/2023\\\/06\\\/IMG_3325-scaled-1.jpg\",\"contentUrl\":\"https:\\\/\\\/www.manitese.it\\\/wp-content\\\/uploads\\\/2023\\\/06\\\/IMG_3325-scaled-1.jpg\",\"width\":2560,\"height\":1707},{\"@type\":\"BreadcrumbList\",\"@id\":\"https:\\\/\\\/www.manitese.it\\\/en\\\/mozambico-le-donne-contro-i-cambiamenti-climatici\\\/#breadcrumb\",\"itemListElement\":[{\"@type\":\"ListItem\",\"position\":1,\"name\":\"Home\",\"item\":\"https:\\\/\\\/www.manitese.it\\\/en\\\/\"},{\"@type\":\"ListItem\",\"position\":2,\"name\":\"Mozambico: le donne contro I cambiamenti climatici\"}]},{\"@type\":\"WebSite\",\"@id\":\"https:\\\/\\\/www.manitese.it\\\/en\\\/#website\",\"url\":\"https:\\\/\\\/www.manitese.it\\\/en\\\/\",\"name\":\"Mani Tese\",\"description\":\"\",\"potentialAction\":[{\"@type\":\"SearchAction\",\"target\":{\"@type\":\"EntryPoint\",\"urlTemplate\":\"https:\\\/\\\/www.manitese.it\\\/en\\\/?s={search_term_string}\"},\"query-input\":{\"@type\":\"PropertyValueSpecification\",\"valueRequired\":true,\"valueName\":\"search_term_string\"}}],\"inLanguage\":\"en-US\"},{\"@type\":\"Person\",\"@id\":\"https:\\\/\\\/www.manitese.it\\\/en\\\/#\\\/schema\\\/person\\\/5a9774f17e4940e2510bfeba90f04f65\",\"name\":\"agevis\",\"image\":{\"@type\":\"ImageObject\",\"inLanguage\":\"en-US\",\"@id\":\"https:\\\/\\\/secure.gravatar.com\\\/avatar\\\/2dc96c93fcf3387a5922a93b50fb3bff01d4800590fb6a4ab91a034adb25ba17?s=96&d=mm&r=g\",\"url\":\"https:\\\/\\\/secure.gravatar.com\\\/avatar\\\/2dc96c93fcf3387a5922a93b50fb3bff01d4800590fb6a4ab91a034adb25ba17?s=96&d=mm&r=g\",\"contentUrl\":\"https:\\\/\\\/secure.gravatar.com\\\/avatar\\\/2dc96c93fcf3387a5922a93b50fb3bff01d4800590fb6a4ab91a034adb25ba17?s=96&d=mm&r=g\",\"caption\":\"agevis\"},\"url\":\"https:\\\/\\\/www.manitese.it\\\/en\\\/author\\\/wp_agevis_admin\\\/\"}]}<\/script>\n<!-- \/ Yoast SEO plugin. -->","yoast_head_json":{"title":"Mani Tese - LE DONNE CONTRO I CAMBIAMENTI CLIMATICI","description":"Le donne, guardiane dei semi e della terra, in Mozambico da sempre svolgono un importante ruolo di salvaguardia ambientale e mitigazione degli effetti del riscaldamento globale.","robots":{"index":"index","follow":"follow","max-snippet":"max-snippet:-1","max-image-preview":"max-image-preview:large","max-video-preview":"max-video-preview:-1"},"canonical":"https:\/\/www.manitese.it\/en\/mozambico-le-donne-contro-i-cambiamenti-climatici\/","og_locale":"en_US","og_type":"article","og_title":"Mani Tese - LE DONNE CONTRO I CAMBIAMENTI CLIMATICI","og_description":"Le donne, guardiane dei semi e della terra, in Mozambico da sempre svolgono un importante ruolo di salvaguardia ambientale e mitigazione degli effetti del riscaldamento globale.","og_url":"https:\/\/www.manitese.it\/en\/mozambico-le-donne-contro-i-cambiamenti-climatici\/","og_site_name":"Mani Tese","article_published_time":"2023-06-16T14:47:49+00:00","article_modified_time":"2023-11-29T16:31:13+00:00","og_image":[{"width":2560,"height":1707,"url":"https:\/\/www.manitese.it\/wp-content\/uploads\/2023\/06\/IMG_3325-scaled-1.jpg","type":"image\/jpeg"}],"author":"agevis","twitter_card":"summary_large_image","twitter_misc":{"Written by":"agevis","Est. reading time":"3 minutes"},"schema":{"@context":"https:\/\/schema.org","@graph":[{"@type":"Article","@id":"https:\/\/www.manitese.it\/en\/mozambico-le-donne-contro-i-cambiamenti-climatici\/#article","isPartOf":{"@id":"https:\/\/www.manitese.it\/en\/mozambico-le-donne-contro-i-cambiamenti-climatici\/"},"author":{"name":"agevis","@id":"https:\/\/www.manitese.it\/en\/#\/schema\/person\/5a9774f17e4940e2510bfeba90f04f65"},"headline":"Mozambico: le donne contro I cambiamenti climatici","datePublished":"2023-06-16T14:47:49+00:00","dateModified":"2023-11-29T16:31:13+00:00","mainEntityOfPage":{"@id":"https:\/\/www.manitese.it\/en\/mozambico-le-donne-contro-i-cambiamenti-climatici\/"},"wordCount":684,"commentCount":0,"image":{"@id":"https:\/\/www.manitese.it\/en\/mozambico-le-donne-contro-i-cambiamenti-climatici\/#primaryimage"},"thumbnailUrl":"https:\/\/www.manitese.it\/wp-content\/uploads\/2023\/06\/IMG_3325-scaled-1.jpg","keywords":["ambiente"],"articleSection":["News"],"inLanguage":"en-US","potentialAction":[{"@type":"CommentAction","name":"Comment","target":["https:\/\/www.manitese.it\/en\/mozambico-le-donne-contro-i-cambiamenti-climatici\/#respond"]}]},{"@type":"WebPage","@id":"https:\/\/www.manitese.it\/en\/mozambico-le-donne-contro-i-cambiamenti-climatici\/","url":"https:\/\/www.manitese.it\/en\/mozambico-le-donne-contro-i-cambiamenti-climatici\/","name":"Mani Tese - LE DONNE CONTRO I CAMBIAMENTI CLIMATICI","isPartOf":{"@id":"https:\/\/www.manitese.it\/en\/#website"},"primaryImageOfPage":{"@id":"https:\/\/www.manitese.it\/en\/mozambico-le-donne-contro-i-cambiamenti-climatici\/#primaryimage"},"image":{"@id":"https:\/\/www.manitese.it\/en\/mozambico-le-donne-contro-i-cambiamenti-climatici\/#primaryimage"},"thumbnailUrl":"https:\/\/www.manitese.it\/wp-content\/uploads\/2023\/06\/IMG_3325-scaled-1.jpg","datePublished":"2023-06-16T14:47:49+00:00","dateModified":"2023-11-29T16:31:13+00:00","author":{"@id":"https:\/\/www.manitese.it\/en\/#\/schema\/person\/5a9774f17e4940e2510bfeba90f04f65"},"description":"Le donne, guardiane dei semi e della terra, in Mozambico da sempre svolgono un importante ruolo di salvaguardia ambientale e mitigazione degli effetti del riscaldamento globale.","breadcrumb":{"@id":"https:\/\/www.manitese.it\/en\/mozambico-le-donne-contro-i-cambiamenti-climatici\/#breadcrumb"},"inLanguage":"en-US","potentialAction":[{"@type":"ReadAction","target":["https:\/\/www.manitese.it\/en\/mozambico-le-donne-contro-i-cambiamenti-climatici\/"]}]},{"@type":"ImageObject","inLanguage":"en-US","@id":"https:\/\/www.manitese.it\/en\/mozambico-le-donne-contro-i-cambiamenti-climatici\/#primaryimage","url":"https:\/\/www.manitese.it\/wp-content\/uploads\/2023\/06\/IMG_3325-scaled-1.jpg","contentUrl":"https:\/\/www.manitese.it\/wp-content\/uploads\/2023\/06\/IMG_3325-scaled-1.jpg","width":2560,"height":1707},{"@type":"BreadcrumbList","@id":"https:\/\/www.manitese.it\/en\/mozambico-le-donne-contro-i-cambiamenti-climatici\/#breadcrumb","itemListElement":[{"@type":"ListItem","position":1,"name":"Home","item":"https:\/\/www.manitese.it\/en\/"},{"@type":"ListItem","position":2,"name":"Mozambico: le donne contro I cambiamenti climatici"}]},{"@type":"WebSite","@id":"https:\/\/www.manitese.it\/en\/#website","url":"https:\/\/www.manitese.it\/en\/","name":"Mani Tese","description":"","potentialAction":[{"@type":"SearchAction","target":{"@type":"EntryPoint","urlTemplate":"https:\/\/www.manitese.it\/en\/?s={search_term_string}"},"query-input":{"@type":"PropertyValueSpecification","valueRequired":true,"valueName":"search_term_string"}}],"inLanguage":"en-US"},{"@type":"Person","@id":"https:\/\/www.manitese.it\/en\/#\/schema\/person\/5a9774f17e4940e2510bfeba90f04f65","name":"agevis","image":{"@type":"ImageObject","inLanguage":"en-US","@id":"https:\/\/secure.gravatar.com\/avatar\/2dc96c93fcf3387a5922a93b50fb3bff01d4800590fb6a4ab91a034adb25ba17?s=96&d=mm&r=g","url":"https:\/\/secure.gravatar.com\/avatar\/2dc96c93fcf3387a5922a93b50fb3bff01d4800590fb6a4ab91a034adb25ba17?s=96&d=mm&r=g","contentUrl":"https:\/\/secure.gravatar.com\/avatar\/2dc96c93fcf3387a5922a93b50fb3bff01d4800590fb6a4ab91a034adb25ba17?s=96&d=mm&r=g","caption":"agevis"},"url":"https:\/\/www.manitese.it\/en\/author\/wp_agevis_admin\/"}]}},"jetpack_featured_media_url":"https:\/\/www.manitese.it\/wp-content\/uploads\/2023\/06\/IMG_3325-scaled-1.jpg","jetpack_sharing_enabled":true,"_links":{"self":[{"href":"https:\/\/www.manitese.it\/en\/wp-json\/wp\/v2\/posts\/171388","targetHints":{"allow":["GET"]}}],"collection":[{"href":"https:\/\/www.manitese.it\/en\/wp-json\/wp\/v2\/posts"}],"about":[{"href":"https:\/\/www.manitese.it\/en\/wp-json\/wp\/v2\/types\/post"}],"author":[{"embeddable":true,"href":"https:\/\/www.manitese.it\/en\/wp-json\/wp\/v2\/users\/1"}],"replies":[{"embeddable":true,"href":"https:\/\/www.manitese.it\/en\/wp-json\/wp\/v2\/comments?post=171388"}],"version-history":[{"count":3,"href":"https:\/\/www.manitese.it\/en\/wp-json\/wp\/v2\/posts\/171388\/revisions"}],"predecessor-version":[{"id":191634,"href":"https:\/\/www.manitese.it\/en\/wp-json\/wp\/v2\/posts\/171388\/revisions\/191634"}],"wp:featuredmedia":[{"embeddable":true,"href":"https:\/\/www.manitese.it\/en\/wp-json\/wp\/v2\/media\/171391"}],"wp:attachment":[{"href":"https:\/\/www.manitese.it\/en\/wp-json\/wp\/v2\/media?parent=171388"}],"wp:term":[{"taxonomy":"category","embeddable":true,"href":"https:\/\/www.manitese.it\/en\/wp-json\/wp\/v2\/categories?post=171388"},{"taxonomy":"post_tag","embeddable":true,"href":"https:\/\/www.manitese.it\/en\/wp-json\/wp\/v2\/tags?post=171388"},{"taxonomy":"thematic_area","embeddable":true,"href":"https:\/\/www.manitese.it\/en\/wp-json\/wp\/v2\/thematic_area?post=171388"}],"curies":[{"name":"wp","href":"https:\/\/api.w.org\/{rel}","templated":true}]}}