{"id":171360,"date":"2023-06-09T10:22:28","date_gmt":"2023-06-09T08:22:28","guid":{"rendered":"https:\/\/manitese.it\/?p=171360"},"modified":"2023-11-29T17:17:46","modified_gmt":"2023-11-29T16:17:46","slug":"al-via-il-progetto-dei-corpi-civili-di-pace-di-mani-tese","status":"publish","type":"post","link":"https:\/\/www.manitese.it\/en\/al-via-il-progetto-dei-corpi-civili-di-pace-di-mani-tese\/","title":{"rendered":"Al via il progetto dei corpi civili di pace di Mani Tese!"},"content":{"rendered":"\r\n<p>&nbsp;<\/p>\r\n\r\n\r\n\r\n<p id=\"E376\">I <strong>Corpi Civili di Pace<\/strong> sono giovani volontari e volontarie italiane impegnati nella prima sperimentazione triennale di interventi civili di pace italiani.<\/p>\r\n\r\n\r\n\r\n<p id=\"E380\">Gli Interventi Civili di Pace si configurano come azione civile, non armata e nonviolenta di operatori professionali e volontari che, come terze parti, sostengono gli attori locali nella prevenzione e trasformazione dei conflitti. L\u2019obiettivo degli interventi \u00e8 <em>la promozione di una pace positiva, intesa come cessazione della violenza ma anche come affermazione di diritti umani e benessere sociale.<\/em><\/p>\r\n\r\n\r\n\r\n<p id=\"E384\">Per candidarsi a un progetto CCP del Cesc Project e dei suoi Enti di Accoglienza tra cui Mani Tese \u00e8 utile <strong>prendere visione di tutti i progetti a cui si pu\u00f2 presentare domanda a <a href=\"https:\/\/www.cescproject.org\/main\/ccp-i-nostri-progetti\/\">questo link<\/a><\/strong><\/p>\r\n\r\n\r\n\r\n<p id=\"E404\">Successivamente si svolger\u00e0 una selezione di tutti gli aspiranti volontari e volontarie, che avverr\u00e0 sulla base dei titoli di studio conseguiti, delle competenze ed esperienze pregresse, nonch\u00e9 sulle attitudini e motivazioni comprovate anche attraverso un colloquio psico-attitudinale di selezione.<\/p>\r\n\r\n\r\n\r\n<p id=\"E412\">\u00a0<\/p>\r\n\r\n\r\n\r\n<p id=\"E413\">Tutti i progetti di Corpi Civili di Pace del Cesc Project durano 12 mesi.<\/p>\r\n\r\n\r\n\r\n<p id=\"E421\">\u00c8 previsto un periodo iniziale di formazione generale in Italia e la possibilit\u00e0 di un rientro dal paese estero per una seconda fase di formazione intermedia.<\/p>\r\n\r\n\r\n\r\n<p id=\"E426\">\u00a0<\/p>\r\n\r\n\r\n\r\n<p id=\"E428\"><strong>IL PROGETTO DEI CORPI CIVILI DI PACE CON MANI TESE<\/strong><\/p>\r\n\r\n\r\n\r\n<p id=\"E435\">Mani Tese partecipa alla realizzazione di questo progetto con la sua <strong>Sede in Mozambico, nella citt\u00e0 di Quelimane, in Mozambico,<\/strong> dove sono aperte <strong>due posizioni<\/strong> per i Corpi Civili di Pace.<\/p>\r\n\r\n\r\n\r\n<p id=\"E445\">Il progetto si realizzer\u00e0 con il partenariato di <strong>Uni<\/strong><strong>\u00e3<\/strong><strong>o<\/strong> <strong>Provincial<\/strong> <strong>Dos<\/strong> <strong>Camponeses<\/strong><strong> Da <\/strong><strong>Zamb<\/strong><strong>\u00e9<\/strong><strong>zia<\/strong><strong> &#8211; UPC-Z<\/strong>, un&#8217;organizzazione che ha come obiettivo principale quello di organizzare le realt\u00e0 associative costituite da contadini nei vari distretti della<\/p>\r\n\r\n\r\n\r\n<p id=\"E474\">Provincia della Zamb\u00e9zia, per rappresentarle a livello regionale e sostenerle nella produzione e commercializzazione.<\/p>\r\n\r\n\r\n\r\n<p id=\"E481\"><strong>L\u2019obiettivo generale del progetto \u00e8 prevenire e gestire gli effetti dell\u2019emergenza ambientale sulla natura e sulle condizioni di vita della popolazione rurale.<\/strong><\/p>\r\n\r\n\r\n\r\n<p id=\"E484\"><strong>I<\/strong><strong> volontari dei Corpi Civili di Pace <\/strong><strong>parteciperanno, in particolare, alle seguenti attivit\u00e0<\/strong><\/p>\r\n\r\n\r\n\r\n<p id=\"E488\">&#8211; visite di assistenza tecnica, raccolta dati e proposte nelle propriet\u00e0 degli agricoltori beneficiari e coinvolti nel progetto<\/p>\r\n\r\n\r\n\r\n<p id=\"E495\">&#8211; elaborazione e scrittura di proposte progettuali;<\/p>\r\n\r\n\r\n\r\n<p id=\"E498\">&#8211; elaborazione di materiale divulgativo e di promozione, articoli, podcast o video sulle attivit\u00e0 proposte, anche attraverso le reti sociali e le pagina web e social dei partner locali<\/p>\r\n\r\n\r\n\r\n<p id=\"E508\">&#8211; supporto e assistenza a gruppi, realt\u00e0, comunit\u00e0 locali<\/p>\r\n\r\n\r\n\r\n<p id=\"E511\">&#8211; collaborazione nell\u2019identificazione e coinvolgimento di istituzioni pubbliche e private nelle attivit\u00e0 proposte in territorio<\/p>\r\n\r\n\r\n\r\n<p id=\"E516\">&#8211; organizzazione logistica e accompagnamento\/ implementazione di eventi formativi<\/p>\r\n\r\n\r\n\r\n<p id=\"E519\">&#8211; raccolta di materiale, documenti, normativa, testimonianze sulle emergenze ambientali locali<\/p>\r\n\r\n\r\n\r\n<p id=\"E522\">&#8211; sistematizzazione del materiale raccolto e Diagnostico delle problematiche principali legate alle emergenze ambientali<\/p>\r\n\r\n\r\n\r\n<p id=\"E527\">&#8211; elaborazione di un report.<\/p>\r\n\r\n\r\n\r\n<p id=\"E534\"><strong>Per sapere di pi\u00f9 sul progetto e conoscere le modalit\u00e0 di partecipazione, <a href=\"https:\/\/manitese.it\/corpi-civili-di-pace\">visita la pagina dedicata<\/a><\/strong><\/p>\r\n\r\n\r\n\r\n<p>&nbsp;<\/p>\r\n","protected":false},"excerpt":{"rendered":"<p>Diventa volontario\/a per i Corpi Civili di Pace con Mani Tese e partecipa al progetto in Mozambico &#8220;In difesa della madre terra: supporto alle popolazioni vittime di emergenza ambientale e cambio climatico&#8221;<\/p>\n","protected":false},"author":1,"featured_media":171346,"comment_status":"open","ping_status":"open","sticky":false,"template":"","format":"standard","meta":{"_acf_changed":false,"give_campaign_id":0,"inline_featured_image":false,"_jetpack_memberships_contains_paid_content":false,"footnotes":""},"categories":[1],"tags":[61,116,801],"thematic_area":[909,918,905],"class_list":["post-171360","post","type-post","status-publish","format-standard","has-post-thumbnail","hentry","category-news","tag-educazione-3","tag-ambiente","tag-serviziocivile","thematic_area-inclusione-sociale","thematic_area-sistemi-e-filiere-agroalimentari-locali","thematic_area-accesso-universale-al-cibo-e-allacqua"],"acf":[],"yoast_head":"<!-- This site is optimized with the Yoast SEO plugin v27.5 - https:\/\/yoast.com\/product\/yoast-seo-wordpress\/ -->\n<title>Mani Tese - AL VIA IL PROGETTO DEI CORPI CIVILI DI PACE<\/title>\n<meta name=\"description\" content=\"Diventa volontario\/a per i Corpi Civili di Pace con Mani Tese e partecipa al progetto in Mozambico &quot;In difesa della madre terra: supporto alle popolazioni vittime di emergenza ambientale e cambio climatico&quot;\" \/>\n<meta name=\"robots\" content=\"index, follow, max-snippet:-1, max-image-preview:large, max-video-preview:-1\" \/>\n<link rel=\"canonical\" href=\"https:\/\/www.manitese.it\/en\/al-via-il-progetto-dei-corpi-civili-di-pace-di-mani-tese\/\" \/>\n<meta property=\"og:locale\" content=\"en_US\" \/>\n<meta property=\"og:type\" content=\"article\" \/>\n<meta property=\"og:title\" content=\"Mani Tese - AL VIA IL PROGETTO DEI CORPI CIVILI DI PACE\" \/>\n<meta property=\"og:description\" content=\"Diventa volontario\/a per i Corpi Civili di Pace con Mani Tese e partecipa al progetto in Mozambico &quot;In difesa della madre terra: supporto alle popolazioni vittime di emergenza ambientale e cambio climatico&quot;\" \/>\n<meta property=\"og:url\" content=\"https:\/\/www.manitese.it\/en\/al-via-il-progetto-dei-corpi-civili-di-pace-di-mani-tese\/\" \/>\n<meta property=\"og:site_name\" content=\"Mani Tese\" \/>\n<meta property=\"article:published_time\" content=\"2023-06-09T08:22:28+00:00\" \/>\n<meta property=\"article:modified_time\" content=\"2023-11-29T16:17:46+00:00\" \/>\n<meta property=\"og:image\" content=\"https:\/\/www.manitese.it\/wp-content\/uploads\/2023\/06\/Fotos-do-Jornal-da-Mani-Tese-15-1-scaled-1.jpg\" \/>\n\t<meta property=\"og:image:width\" content=\"2560\" \/>\n\t<meta property=\"og:image:height\" content=\"1707\" \/>\n\t<meta property=\"og:image:type\" content=\"image\/jpeg\" \/>\n<meta name=\"author\" content=\"agevis\" \/>\n<meta name=\"twitter:card\" content=\"summary_large_image\" \/>\n<meta name=\"twitter:label1\" content=\"Written by\" \/>\n\t<meta name=\"twitter:data1\" content=\"agevis\" \/>\n\t<meta name=\"twitter:label2\" content=\"Est. reading time\" \/>\n\t<meta name=\"twitter:data2\" content=\"2 minutes\" \/>\n<script type=\"application\/ld+json\" class=\"yoast-schema-graph\">{\"@context\":\"https:\\\/\\\/schema.org\",\"@graph\":[{\"@type\":\"Article\",\"@id\":\"https:\\\/\\\/www.manitese.it\\\/en\\\/al-via-il-progetto-dei-corpi-civili-di-pace-di-mani-tese\\\/#article\",\"isPartOf\":{\"@id\":\"https:\\\/\\\/www.manitese.it\\\/en\\\/al-via-il-progetto-dei-corpi-civili-di-pace-di-mani-tese\\\/\"},\"author\":{\"name\":\"agevis\",\"@id\":\"https:\\\/\\\/www.manitese.it\\\/en\\\/#\\\/schema\\\/person\\\/5a9774f17e4940e2510bfeba90f04f65\"},\"headline\":\"Al via il progetto dei corpi civili di pace di Mani Tese!\",\"datePublished\":\"2023-06-09T08:22:28+00:00\",\"dateModified\":\"2023-11-29T16:17:46+00:00\",\"mainEntityOfPage\":{\"@id\":\"https:\\\/\\\/www.manitese.it\\\/en\\\/al-via-il-progetto-dei-corpi-civili-di-pace-di-mani-tese\\\/\"},\"wordCount\":470,\"commentCount\":0,\"image\":{\"@id\":\"https:\\\/\\\/www.manitese.it\\\/en\\\/al-via-il-progetto-dei-corpi-civili-di-pace-di-mani-tese\\\/#primaryimage\"},\"thumbnailUrl\":\"https:\\\/\\\/www.manitese.it\\\/wp-content\\\/uploads\\\/2023\\\/06\\\/Fotos-do-Jornal-da-Mani-Tese-15-1-scaled-1.jpg\",\"keywords\":[\"educazione\",\"ambiente\",\"serviziocivile\"],\"articleSection\":[\"News\"],\"inLanguage\":\"en-US\",\"potentialAction\":[{\"@type\":\"CommentAction\",\"name\":\"Comment\",\"target\":[\"https:\\\/\\\/www.manitese.it\\\/en\\\/al-via-il-progetto-dei-corpi-civili-di-pace-di-mani-tese\\\/#respond\"]}]},{\"@type\":\"WebPage\",\"@id\":\"https:\\\/\\\/www.manitese.it\\\/en\\\/al-via-il-progetto-dei-corpi-civili-di-pace-di-mani-tese\\\/\",\"url\":\"https:\\\/\\\/www.manitese.it\\\/en\\\/al-via-il-progetto-dei-corpi-civili-di-pace-di-mani-tese\\\/\",\"name\":\"Mani Tese - AL VIA IL PROGETTO DEI CORPI CIVILI DI PACE\",\"isPartOf\":{\"@id\":\"https:\\\/\\\/www.manitese.it\\\/en\\\/#website\"},\"primaryImageOfPage\":{\"@id\":\"https:\\\/\\\/www.manitese.it\\\/en\\\/al-via-il-progetto-dei-corpi-civili-di-pace-di-mani-tese\\\/#primaryimage\"},\"image\":{\"@id\":\"https:\\\/\\\/www.manitese.it\\\/en\\\/al-via-il-progetto-dei-corpi-civili-di-pace-di-mani-tese\\\/#primaryimage\"},\"thumbnailUrl\":\"https:\\\/\\\/www.manitese.it\\\/wp-content\\\/uploads\\\/2023\\\/06\\\/Fotos-do-Jornal-da-Mani-Tese-15-1-scaled-1.jpg\",\"datePublished\":\"2023-06-09T08:22:28+00:00\",\"dateModified\":\"2023-11-29T16:17:46+00:00\",\"author\":{\"@id\":\"https:\\\/\\\/www.manitese.it\\\/en\\\/#\\\/schema\\\/person\\\/5a9774f17e4940e2510bfeba90f04f65\"},\"description\":\"Diventa volontario\\\/a per i Corpi Civili di Pace con Mani Tese e partecipa al progetto in Mozambico \\\"In difesa della madre terra: supporto alle popolazioni vittime di emergenza ambientale e cambio climatico\\\"\",\"breadcrumb\":{\"@id\":\"https:\\\/\\\/www.manitese.it\\\/en\\\/al-via-il-progetto-dei-corpi-civili-di-pace-di-mani-tese\\\/#breadcrumb\"},\"inLanguage\":\"en-US\",\"potentialAction\":[{\"@type\":\"ReadAction\",\"target\":[\"https:\\\/\\\/www.manitese.it\\\/en\\\/al-via-il-progetto-dei-corpi-civili-di-pace-di-mani-tese\\\/\"]}]},{\"@type\":\"ImageObject\",\"inLanguage\":\"en-US\",\"@id\":\"https:\\\/\\\/www.manitese.it\\\/en\\\/al-via-il-progetto-dei-corpi-civili-di-pace-di-mani-tese\\\/#primaryimage\",\"url\":\"https:\\\/\\\/www.manitese.it\\\/wp-content\\\/uploads\\\/2023\\\/06\\\/Fotos-do-Jornal-da-Mani-Tese-15-1-scaled-1.jpg\",\"contentUrl\":\"https:\\\/\\\/www.manitese.it\\\/wp-content\\\/uploads\\\/2023\\\/06\\\/Fotos-do-Jornal-da-Mani-Tese-15-1-scaled-1.jpg\",\"width\":2560,\"height\":1707},{\"@type\":\"BreadcrumbList\",\"@id\":\"https:\\\/\\\/www.manitese.it\\\/en\\\/al-via-il-progetto-dei-corpi-civili-di-pace-di-mani-tese\\\/#breadcrumb\",\"itemListElement\":[{\"@type\":\"ListItem\",\"position\":1,\"name\":\"Home\",\"item\":\"https:\\\/\\\/www.manitese.it\\\/en\\\/\"},{\"@type\":\"ListItem\",\"position\":2,\"name\":\"Al via il progetto dei corpi civili di pace di Mani Tese!\"}]},{\"@type\":\"WebSite\",\"@id\":\"https:\\\/\\\/www.manitese.it\\\/en\\\/#website\",\"url\":\"https:\\\/\\\/www.manitese.it\\\/en\\\/\",\"name\":\"Mani Tese\",\"description\":\"\",\"potentialAction\":[{\"@type\":\"SearchAction\",\"target\":{\"@type\":\"EntryPoint\",\"urlTemplate\":\"https:\\\/\\\/www.manitese.it\\\/en\\\/?s={search_term_string}\"},\"query-input\":{\"@type\":\"PropertyValueSpecification\",\"valueRequired\":true,\"valueName\":\"search_term_string\"}}],\"inLanguage\":\"en-US\"},{\"@type\":\"Person\",\"@id\":\"https:\\\/\\\/www.manitese.it\\\/en\\\/#\\\/schema\\\/person\\\/5a9774f17e4940e2510bfeba90f04f65\",\"name\":\"agevis\",\"image\":{\"@type\":\"ImageObject\",\"inLanguage\":\"en-US\",\"@id\":\"https:\\\/\\\/secure.gravatar.com\\\/avatar\\\/2dc96c93fcf3387a5922a93b50fb3bff01d4800590fb6a4ab91a034adb25ba17?s=96&d=mm&r=g\",\"url\":\"https:\\\/\\\/secure.gravatar.com\\\/avatar\\\/2dc96c93fcf3387a5922a93b50fb3bff01d4800590fb6a4ab91a034adb25ba17?s=96&d=mm&r=g\",\"contentUrl\":\"https:\\\/\\\/secure.gravatar.com\\\/avatar\\\/2dc96c93fcf3387a5922a93b50fb3bff01d4800590fb6a4ab91a034adb25ba17?s=96&d=mm&r=g\",\"caption\":\"agevis\"},\"url\":\"https:\\\/\\\/www.manitese.it\\\/en\\\/author\\\/wp_agevis_admin\\\/\"}]}<\/script>\n<!-- \/ Yoast SEO plugin. -->","yoast_head_json":{"title":"Mani Tese - AL VIA IL PROGETTO DEI CORPI CIVILI DI PACE","description":"Diventa volontario\/a per i Corpi Civili di Pace con Mani Tese e partecipa al progetto in Mozambico \"In difesa della madre terra: supporto alle popolazioni vittime di emergenza ambientale e cambio climatico\"","robots":{"index":"index","follow":"follow","max-snippet":"max-snippet:-1","max-image-preview":"max-image-preview:large","max-video-preview":"max-video-preview:-1"},"canonical":"https:\/\/www.manitese.it\/en\/al-via-il-progetto-dei-corpi-civili-di-pace-di-mani-tese\/","og_locale":"en_US","og_type":"article","og_title":"Mani Tese - AL VIA IL PROGETTO DEI CORPI CIVILI DI PACE","og_description":"Diventa volontario\/a per i Corpi Civili di Pace con Mani Tese e partecipa al progetto in Mozambico \"In difesa della madre terra: supporto alle popolazioni vittime di emergenza ambientale e cambio climatico\"","og_url":"https:\/\/www.manitese.it\/en\/al-via-il-progetto-dei-corpi-civili-di-pace-di-mani-tese\/","og_site_name":"Mani Tese","article_published_time":"2023-06-09T08:22:28+00:00","article_modified_time":"2023-11-29T16:17:46+00:00","og_image":[{"width":2560,"height":1707,"url":"https:\/\/www.manitese.it\/wp-content\/uploads\/2023\/06\/Fotos-do-Jornal-da-Mani-Tese-15-1-scaled-1.jpg","type":"image\/jpeg"}],"author":"agevis","twitter_card":"summary_large_image","twitter_misc":{"Written by":"agevis","Est. reading time":"2 minutes"},"schema":{"@context":"https:\/\/schema.org","@graph":[{"@type":"Article","@id":"https:\/\/www.manitese.it\/en\/al-via-il-progetto-dei-corpi-civili-di-pace-di-mani-tese\/#article","isPartOf":{"@id":"https:\/\/www.manitese.it\/en\/al-via-il-progetto-dei-corpi-civili-di-pace-di-mani-tese\/"},"author":{"name":"agevis","@id":"https:\/\/www.manitese.it\/en\/#\/schema\/person\/5a9774f17e4940e2510bfeba90f04f65"},"headline":"Al via il progetto dei corpi civili di pace di Mani Tese!","datePublished":"2023-06-09T08:22:28+00:00","dateModified":"2023-11-29T16:17:46+00:00","mainEntityOfPage":{"@id":"https:\/\/www.manitese.it\/en\/al-via-il-progetto-dei-corpi-civili-di-pace-di-mani-tese\/"},"wordCount":470,"commentCount":0,"image":{"@id":"https:\/\/www.manitese.it\/en\/al-via-il-progetto-dei-corpi-civili-di-pace-di-mani-tese\/#primaryimage"},"thumbnailUrl":"https:\/\/www.manitese.it\/wp-content\/uploads\/2023\/06\/Fotos-do-Jornal-da-Mani-Tese-15-1-scaled-1.jpg","keywords":["educazione","ambiente","serviziocivile"],"articleSection":["News"],"inLanguage":"en-US","potentialAction":[{"@type":"CommentAction","name":"Comment","target":["https:\/\/www.manitese.it\/en\/al-via-il-progetto-dei-corpi-civili-di-pace-di-mani-tese\/#respond"]}]},{"@type":"WebPage","@id":"https:\/\/www.manitese.it\/en\/al-via-il-progetto-dei-corpi-civili-di-pace-di-mani-tese\/","url":"https:\/\/www.manitese.it\/en\/al-via-il-progetto-dei-corpi-civili-di-pace-di-mani-tese\/","name":"Mani Tese - AL VIA IL PROGETTO DEI CORPI CIVILI DI PACE","isPartOf":{"@id":"https:\/\/www.manitese.it\/en\/#website"},"primaryImageOfPage":{"@id":"https:\/\/www.manitese.it\/en\/al-via-il-progetto-dei-corpi-civili-di-pace-di-mani-tese\/#primaryimage"},"image":{"@id":"https:\/\/www.manitese.it\/en\/al-via-il-progetto-dei-corpi-civili-di-pace-di-mani-tese\/#primaryimage"},"thumbnailUrl":"https:\/\/www.manitese.it\/wp-content\/uploads\/2023\/06\/Fotos-do-Jornal-da-Mani-Tese-15-1-scaled-1.jpg","datePublished":"2023-06-09T08:22:28+00:00","dateModified":"2023-11-29T16:17:46+00:00","author":{"@id":"https:\/\/www.manitese.it\/en\/#\/schema\/person\/5a9774f17e4940e2510bfeba90f04f65"},"description":"Diventa volontario\/a per i Corpi Civili di Pace con Mani Tese e partecipa al progetto in Mozambico \"In difesa della madre terra: supporto alle popolazioni vittime di emergenza ambientale e cambio climatico\"","breadcrumb":{"@id":"https:\/\/www.manitese.it\/en\/al-via-il-progetto-dei-corpi-civili-di-pace-di-mani-tese\/#breadcrumb"},"inLanguage":"en-US","potentialAction":[{"@type":"ReadAction","target":["https:\/\/www.manitese.it\/en\/al-via-il-progetto-dei-corpi-civili-di-pace-di-mani-tese\/"]}]},{"@type":"ImageObject","inLanguage":"en-US","@id":"https:\/\/www.manitese.it\/en\/al-via-il-progetto-dei-corpi-civili-di-pace-di-mani-tese\/#primaryimage","url":"https:\/\/www.manitese.it\/wp-content\/uploads\/2023\/06\/Fotos-do-Jornal-da-Mani-Tese-15-1-scaled-1.jpg","contentUrl":"https:\/\/www.manitese.it\/wp-content\/uploads\/2023\/06\/Fotos-do-Jornal-da-Mani-Tese-15-1-scaled-1.jpg","width":2560,"height":1707},{"@type":"BreadcrumbList","@id":"https:\/\/www.manitese.it\/en\/al-via-il-progetto-dei-corpi-civili-di-pace-di-mani-tese\/#breadcrumb","itemListElement":[{"@type":"ListItem","position":1,"name":"Home","item":"https:\/\/www.manitese.it\/en\/"},{"@type":"ListItem","position":2,"name":"Al via il progetto dei corpi civili di pace di Mani Tese!"}]},{"@type":"WebSite","@id":"https:\/\/www.manitese.it\/en\/#website","url":"https:\/\/www.manitese.it\/en\/","name":"Mani Tese","description":"","potentialAction":[{"@type":"SearchAction","target":{"@type":"EntryPoint","urlTemplate":"https:\/\/www.manitese.it\/en\/?s={search_term_string}"},"query-input":{"@type":"PropertyValueSpecification","valueRequired":true,"valueName":"search_term_string"}}],"inLanguage":"en-US"},{"@type":"Person","@id":"https:\/\/www.manitese.it\/en\/#\/schema\/person\/5a9774f17e4940e2510bfeba90f04f65","name":"agevis","image":{"@type":"ImageObject","inLanguage":"en-US","@id":"https:\/\/secure.gravatar.com\/avatar\/2dc96c93fcf3387a5922a93b50fb3bff01d4800590fb6a4ab91a034adb25ba17?s=96&d=mm&r=g","url":"https:\/\/secure.gravatar.com\/avatar\/2dc96c93fcf3387a5922a93b50fb3bff01d4800590fb6a4ab91a034adb25ba17?s=96&d=mm&r=g","contentUrl":"https:\/\/secure.gravatar.com\/avatar\/2dc96c93fcf3387a5922a93b50fb3bff01d4800590fb6a4ab91a034adb25ba17?s=96&d=mm&r=g","caption":"agevis"},"url":"https:\/\/www.manitese.it\/en\/author\/wp_agevis_admin\/"}]}},"jetpack_featured_media_url":"https:\/\/www.manitese.it\/wp-content\/uploads\/2023\/06\/Fotos-do-Jornal-da-Mani-Tese-15-1-scaled-1.jpg","jetpack_sharing_enabled":true,"_links":{"self":[{"href":"https:\/\/www.manitese.it\/en\/wp-json\/wp\/v2\/posts\/171360","targetHints":{"allow":["GET"]}}],"collection":[{"href":"https:\/\/www.manitese.it\/en\/wp-json\/wp\/v2\/posts"}],"about":[{"href":"https:\/\/www.manitese.it\/en\/wp-json\/wp\/v2\/types\/post"}],"author":[{"embeddable":true,"href":"https:\/\/www.manitese.it\/en\/wp-json\/wp\/v2\/users\/1"}],"replies":[{"embeddable":true,"href":"https:\/\/www.manitese.it\/en\/wp-json\/wp\/v2\/comments?post=171360"}],"version-history":[{"count":4,"href":"https:\/\/www.manitese.it\/en\/wp-json\/wp\/v2\/posts\/171360\/revisions"}],"predecessor-version":[{"id":191632,"href":"https:\/\/www.manitese.it\/en\/wp-json\/wp\/v2\/posts\/171360\/revisions\/191632"}],"wp:featuredmedia":[{"embeddable":true,"href":"https:\/\/www.manitese.it\/en\/wp-json\/wp\/v2\/media\/171346"}],"wp:attachment":[{"href":"https:\/\/www.manitese.it\/en\/wp-json\/wp\/v2\/media?parent=171360"}],"wp:term":[{"taxonomy":"category","embeddable":true,"href":"https:\/\/www.manitese.it\/en\/wp-json\/wp\/v2\/categories?post=171360"},{"taxonomy":"post_tag","embeddable":true,"href":"https:\/\/www.manitese.it\/en\/wp-json\/wp\/v2\/tags?post=171360"},{"taxonomy":"thematic_area","embeddable":true,"href":"https:\/\/www.manitese.it\/en\/wp-json\/wp\/v2\/thematic_area?post=171360"}],"curies":[{"name":"wp","href":"https:\/\/api.w.org\/{rel}","templated":true}]}}