{"id":171199,"date":"2023-05-26T10:27:20","date_gmt":"2023-05-26T08:27:20","guid":{"rendered":"https:\/\/manitese.it\/?p=171199"},"modified":"2023-07-20T18:47:23","modified_gmt":"2023-07-20T16:47:23","slug":"a-caccia-di-rifiuti-a-quelimane","status":"publish","type":"post","link":"https:\/\/www.manitese.it\/en\/a-caccia-di-rifiuti-a-quelimane\/","title":{"rendered":"A caccia di rifiuti a Quelimane!"},"content":{"rendered":"\n<p><strong>In occasione della Giornata della Terra, Mani Tese ha promosso una campagna di raccolta della spazzatura nella citt\u00e0 di Quelimane, in Mozambico, nell\u2019ambito del nuovo progetto KATAGYA.<\/strong>\u00a0<\/p>\n\n\n\n<p>Si tratta di un\u2019iniziativa in linea con uno dei focus principali di Mani Tese, che \u00e8 il miglioramento del suolo e dell&#8217;ambiente per garantire buon cibo e buona salute a tutti e a tutte, ed \u00e8 stata realizzata nell\u2019ambito del nuovo progetto <strong>\u201c<\/strong><a href=\"https:\/\/manitese.it\/progetto\/katagya-sperimenta\"><strong>KATAGYA \u2013 SPERIMENTA! \u2013 Donne al centro, per la diversificazione alimentare e la salvaguardia ambientale della citt\u00e0 di Quelimane<\/strong><\/a><strong>\u201d. <\/strong>Obiettivo del progetto \u00e8 infatti quello di contribuire alla sovranit\u00e0, sostenibilit\u00e0 e diversificazione alimentare promuovendo pratiche agro-ecologiche, di piccola filiera, di riforestazione e di educazione ambientale volte alla mitigazione e all\u2019adattamento ai cambiamenti climatici, ponendo le donne al centro dei processi di cambiamento.&nbsp;<\/p>\n\n\n\n<p><strong>Il progetto KATAGYA \u00e8 promosso da Mani Tese insieme a Fondazione E-35, Municipio Di Quelimane e Associazione Mani Tese Faenza ed \u00e8 cofinanziato dalla Regione Emilia Romagna.<\/strong>&nbsp;<\/p>\n\n\n\n<p><strong>La campagna di raccolta dei rifiuti<\/strong> \u00e8 stata guidata da <strong>Ailton Maiela<\/strong>, coordinatore delle attivit\u00e0 ambientali di Mani Tese, che ha evidenziato l&#8217;importanza dell&#8217;Educazione Ambientale per la mitigazione del cambiamento climatico. Secondo Ailton, questa iniziativa servir\u00e0 da esempio affinch\u00e9 tutti i cittadini e le cittadine evitino in futuro di inquinare l&#8217;ambiente mantenendolo pulito.&nbsp;<\/p>\n\n\n\n<p><strong>La raccolta&nbsp; dei rifiuti si \u00e8 svolta nel giardino situato all&#8217;incrocio del fiume Zambesi, noto come Jardim Marques, e in Avenida Bonifacio Gruveta (la Marginale) nella citt\u00e0 di Quelimane<\/strong>. Nel giardino Marques, la spazzatura \u00e8 stata raccolta e pulita intorno all&#8217;area piena di erba mentre, sulla Marginale, \u00e8 stata effettuata la raccolta di bottiglie, buste di plastica, lattine e pezzi di lamiere zincate.&nbsp;&nbsp;<\/p>\n\n\n\n<p>Per facilitare lo smaltimento sono state utilizzate <strong>due cargo bike<\/strong> adattate da Mani Tese per la mobilit\u00e0 urbana, che hanno aiutato a trasportare la spazzatura attraverso le arterie cittadine.&nbsp;&nbsp;<\/p>\n\n\n\n<p>L\u2019iniziativa ha visto la partecipazione del CACQ- Consiglio della citt\u00e0 di Quelimane e di associazioni locali amiche dell&#8217;ambiente: LETS DO IT; AJACQ ACODEMADZA-Associazione comunitaria per l&#8217;ambiente e la sfida dello sviluppo in Zambezia; AACECS-Associazione di sostegno alla comunit\u00e0 per l&#8217;educazione civica e la salute e ONDAS DA MAGANJA DA COSTA.&nbsp;&nbsp;<\/p>\n\n\n\n<p>Alla fine della raccolta, i partecipanti si sono riuniti festeggiando al grido&nbsp; \u030f<strong>Lixo no Ch\u00e3o N\u00e3o!&#8230; \u030b(Immondizia per terra, no!),<\/strong> lo slogan adottato dal nostro partner Fondazione E35 nelle sue attivit\u00e0 di educazione ambientale a Pemba.&nbsp;&nbsp;<\/p>\n\n\n\n<figure class=\"wp-block-gallery has-nested-images columns-2 is-cropped wp-block-gallery-1 is-layout-flex wp-block-gallery-is-layout-flex\">\n<figure class=\"wp-block-image size-large\"><img decoding=\"async\" data-id=\"171200\" src=\"https:\/\/manitese.it\/wp-content\/uploads\/2023\/05\/IMG_20230422_073144-1-scaled.jpg\" alt=\"\" class=\"wp-image-171200\"\/><figcaption>Exif_JPEG_420<\/figcaption><\/figure>\n\n\n\n<figure class=\"wp-block-image size-large\"><img fetchpriority=\"high\" decoding=\"async\" width=\"1280\" height=\"720\" data-id=\"171202\" src=\"https:\/\/manitese.it\/wp-content\/uploads\/2023\/05\/IMG-20230422-WA0021-1-1.jpg\" alt=\"\" class=\"wp-image-171202\" srcset=\"https:\/\/www.manitese.it\/wp-content\/uploads\/2023\/05\/IMG-20230422-WA0021-1-1.jpg 1280w, https:\/\/www.manitese.it\/wp-content\/uploads\/2023\/05\/IMG-20230422-WA0021-1-1-600x338.jpg 600w, https:\/\/www.manitese.it\/wp-content\/uploads\/2023\/05\/IMG-20230422-WA0021-1-1-300x169.jpg 300w, https:\/\/www.manitese.it\/wp-content\/uploads\/2023\/05\/IMG-20230422-WA0021-1-1-1024x576.jpg 1024w, https:\/\/www.manitese.it\/wp-content\/uploads\/2023\/05\/IMG-20230422-WA0021-1-1-768x432.jpg 768w, https:\/\/www.manitese.it\/wp-content\/uploads\/2023\/05\/IMG-20230422-WA0021-1-1-400x225.jpg 400w\" sizes=\"(max-width: 1280px) 100vw, 1280px\" \/><\/figure>\n\n\n\n<figure class=\"wp-block-image\"><img decoding=\"async\" width=\"718\" height=\"397\" data-id=\"171206\" src=\"https:\/\/manitese.it\/wp-content\/uploads\/2023\/05\/Screenshot_20230425-134939-1.png\" alt=\"\" class=\"wp-image-171206\" srcset=\"https:\/\/www.manitese.it\/wp-content\/uploads\/2023\/05\/Screenshot_20230425-134939-1.png 718w, https:\/\/www.manitese.it\/wp-content\/uploads\/2023\/05\/Screenshot_20230425-134939-1-600x332.png 600w, https:\/\/www.manitese.it\/wp-content\/uploads\/2023\/05\/Screenshot_20230425-134939-1-300x166.png 300w, https:\/\/www.manitese.it\/wp-content\/uploads\/2023\/05\/Screenshot_20230425-134939-1-400x221.png 400w\" sizes=\"(max-width: 718px) 100vw, 718px\" \/><\/figure>\n<\/figure>\n\n\n\n<p><\/p>\n","protected":false},"excerpt":{"rendered":"<p>In occasione della Giornata della Terra, Mani Tese ha promosso una campagna di raccolta della spazzatura nella citt\u00e0 di Quelimane, in Mozambico, nell\u2019ambito del nuovo progetto KATAGYA. <\/p>\n","protected":false},"author":1,"featured_media":171200,"comment_status":"open","ping_status":"open","sticky":false,"template":"","format":"standard","meta":{"_acf_changed":false,"give_campaign_id":0,"inline_featured_image":false,"_jetpack_memberships_contains_paid_content":false,"footnotes":""},"categories":[1],"tags":[53,101,117],"thematic_area":[874],"class_list":["post-171199","post","type-post","status-publish","format-standard","has-post-thumbnail","hentry","category-news","tag-mozambico","tag-diritti-2","tag-ecologia","thematic_area-lotta-alla-fame-poverta-e-disuguaglianze"],"acf":[],"yoast_head":"<!-- This site is optimized with the Yoast SEO plugin v27.5 - https:\/\/yoast.com\/product\/yoast-seo-wordpress\/ -->\n<title>Mani Tese - A caccia di rifiuti a Quelimane<\/title>\n<meta name=\"description\" content=\"In occasione della Giornata della Terra, Mani Tese ha promosso una campagna di raccolta della spazzatura nella citt\u00e0 di Quelimane, in Mozambico, nell\u2019ambito del nuovo progetto KATAGYA.\" \/>\n<meta name=\"robots\" content=\"index, follow, max-snippet:-1, max-image-preview:large, max-video-preview:-1\" \/>\n<link rel=\"canonical\" href=\"https:\/\/www.manitese.it\/en\/a-caccia-di-rifiuti-a-quelimane\/\" \/>\n<meta property=\"og:locale\" content=\"en_US\" \/>\n<meta property=\"og:type\" content=\"article\" \/>\n<meta property=\"og:title\" content=\"Mani Tese - A caccia di rifiuti a Quelimane\" \/>\n<meta property=\"og:description\" content=\"In occasione della Giornata della Terra, Mani Tese ha promosso una campagna di raccolta della spazzatura nella citt\u00e0 di Quelimane, in Mozambico, nell\u2019ambito del nuovo progetto KATAGYA.\" \/>\n<meta property=\"og:url\" content=\"https:\/\/www.manitese.it\/en\/a-caccia-di-rifiuti-a-quelimane\/\" \/>\n<meta property=\"og:site_name\" content=\"Mani Tese\" \/>\n<meta property=\"article:published_time\" content=\"2023-05-26T08:27:20+00:00\" \/>\n<meta property=\"article:modified_time\" content=\"2023-07-20T16:47:23+00:00\" \/>\n<meta property=\"og:image\" content=\"https:\/\/www.manitese.it\/wp-content\/uploads\/2023\/05\/IMG_20230422_073144-1-scaled-1.jpg\" \/>\n\t<meta property=\"og:image:width\" content=\"2560\" \/>\n\t<meta property=\"og:image:height\" content=\"1920\" \/>\n\t<meta property=\"og:image:type\" content=\"image\/jpeg\" \/>\n<meta name=\"author\" content=\"agevis\" \/>\n<meta name=\"twitter:card\" content=\"summary_large_image\" \/>\n<meta name=\"twitter:label1\" content=\"Written by\" \/>\n\t<meta name=\"twitter:data1\" content=\"agevis\" \/>\n\t<meta name=\"twitter:label2\" content=\"Est. reading time\" \/>\n\t<meta name=\"twitter:data2\" content=\"2 minutes\" \/>\n<script type=\"application\/ld+json\" class=\"yoast-schema-graph\">{\"@context\":\"https:\\\/\\\/schema.org\",\"@graph\":[{\"@type\":\"Article\",\"@id\":\"https:\\\/\\\/www.manitese.it\\\/en\\\/a-caccia-di-rifiuti-a-quelimane\\\/#article\",\"isPartOf\":{\"@id\":\"https:\\\/\\\/www.manitese.it\\\/en\\\/a-caccia-di-rifiuti-a-quelimane\\\/\"},\"author\":{\"name\":\"agevis\",\"@id\":\"https:\\\/\\\/www.manitese.it\\\/en\\\/#\\\/schema\\\/person\\\/5a9774f17e4940e2510bfeba90f04f65\"},\"headline\":\"A caccia di rifiuti a Quelimane!\",\"datePublished\":\"2023-05-26T08:27:20+00:00\",\"dateModified\":\"2023-07-20T16:47:23+00:00\",\"mainEntityOfPage\":{\"@id\":\"https:\\\/\\\/www.manitese.it\\\/en\\\/a-caccia-di-rifiuti-a-quelimane\\\/\"},\"wordCount\":415,\"commentCount\":0,\"image\":{\"@id\":\"https:\\\/\\\/www.manitese.it\\\/en\\\/a-caccia-di-rifiuti-a-quelimane\\\/#primaryimage\"},\"thumbnailUrl\":\"https:\\\/\\\/www.manitese.it\\\/wp-content\\\/uploads\\\/2023\\\/05\\\/IMG_20230422_073144-1-scaled-1.jpg\",\"keywords\":[\"Mozambico\",\"diritti\",\"ecologia\"],\"articleSection\":[\"News\"],\"inLanguage\":\"en-US\",\"potentialAction\":[{\"@type\":\"CommentAction\",\"name\":\"Comment\",\"target\":[\"https:\\\/\\\/www.manitese.it\\\/en\\\/a-caccia-di-rifiuti-a-quelimane\\\/#respond\"]}]},{\"@type\":\"WebPage\",\"@id\":\"https:\\\/\\\/www.manitese.it\\\/en\\\/a-caccia-di-rifiuti-a-quelimane\\\/\",\"url\":\"https:\\\/\\\/www.manitese.it\\\/en\\\/a-caccia-di-rifiuti-a-quelimane\\\/\",\"name\":\"Mani Tese - A caccia di rifiuti a Quelimane\",\"isPartOf\":{\"@id\":\"https:\\\/\\\/www.manitese.it\\\/en\\\/#website\"},\"primaryImageOfPage\":{\"@id\":\"https:\\\/\\\/www.manitese.it\\\/en\\\/a-caccia-di-rifiuti-a-quelimane\\\/#primaryimage\"},\"image\":{\"@id\":\"https:\\\/\\\/www.manitese.it\\\/en\\\/a-caccia-di-rifiuti-a-quelimane\\\/#primaryimage\"},\"thumbnailUrl\":\"https:\\\/\\\/www.manitese.it\\\/wp-content\\\/uploads\\\/2023\\\/05\\\/IMG_20230422_073144-1-scaled-1.jpg\",\"datePublished\":\"2023-05-26T08:27:20+00:00\",\"dateModified\":\"2023-07-20T16:47:23+00:00\",\"author\":{\"@id\":\"https:\\\/\\\/www.manitese.it\\\/en\\\/#\\\/schema\\\/person\\\/5a9774f17e4940e2510bfeba90f04f65\"},\"description\":\"In occasione della Giornata della Terra, Mani Tese ha promosso una campagna di raccolta della spazzatura nella citt\u00e0 di Quelimane, in Mozambico, nell\u2019ambito del nuovo progetto KATAGYA.\",\"breadcrumb\":{\"@id\":\"https:\\\/\\\/www.manitese.it\\\/en\\\/a-caccia-di-rifiuti-a-quelimane\\\/#breadcrumb\"},\"inLanguage\":\"en-US\",\"potentialAction\":[{\"@type\":\"ReadAction\",\"target\":[\"https:\\\/\\\/www.manitese.it\\\/en\\\/a-caccia-di-rifiuti-a-quelimane\\\/\"]}]},{\"@type\":\"ImageObject\",\"inLanguage\":\"en-US\",\"@id\":\"https:\\\/\\\/www.manitese.it\\\/en\\\/a-caccia-di-rifiuti-a-quelimane\\\/#primaryimage\",\"url\":\"https:\\\/\\\/www.manitese.it\\\/wp-content\\\/uploads\\\/2023\\\/05\\\/IMG_20230422_073144-1-scaled-1.jpg\",\"contentUrl\":\"https:\\\/\\\/www.manitese.it\\\/wp-content\\\/uploads\\\/2023\\\/05\\\/IMG_20230422_073144-1-scaled-1.jpg\",\"width\":2560,\"height\":1920,\"caption\":\"Exif_JPEG_420\"},{\"@type\":\"BreadcrumbList\",\"@id\":\"https:\\\/\\\/www.manitese.it\\\/en\\\/a-caccia-di-rifiuti-a-quelimane\\\/#breadcrumb\",\"itemListElement\":[{\"@type\":\"ListItem\",\"position\":1,\"name\":\"Home\",\"item\":\"https:\\\/\\\/www.manitese.it\\\/en\\\/\"},{\"@type\":\"ListItem\",\"position\":2,\"name\":\"A caccia di rifiuti a Quelimane!\"}]},{\"@type\":\"WebSite\",\"@id\":\"https:\\\/\\\/www.manitese.it\\\/en\\\/#website\",\"url\":\"https:\\\/\\\/www.manitese.it\\\/en\\\/\",\"name\":\"Mani Tese\",\"description\":\"\",\"potentialAction\":[{\"@type\":\"SearchAction\",\"target\":{\"@type\":\"EntryPoint\",\"urlTemplate\":\"https:\\\/\\\/www.manitese.it\\\/en\\\/?s={search_term_string}\"},\"query-input\":{\"@type\":\"PropertyValueSpecification\",\"valueRequired\":true,\"valueName\":\"search_term_string\"}}],\"inLanguage\":\"en-US\"},{\"@type\":\"Person\",\"@id\":\"https:\\\/\\\/www.manitese.it\\\/en\\\/#\\\/schema\\\/person\\\/5a9774f17e4940e2510bfeba90f04f65\",\"name\":\"agevis\",\"image\":{\"@type\":\"ImageObject\",\"inLanguage\":\"en-US\",\"@id\":\"https:\\\/\\\/secure.gravatar.com\\\/avatar\\\/2dc96c93fcf3387a5922a93b50fb3bff01d4800590fb6a4ab91a034adb25ba17?s=96&d=mm&r=g\",\"url\":\"https:\\\/\\\/secure.gravatar.com\\\/avatar\\\/2dc96c93fcf3387a5922a93b50fb3bff01d4800590fb6a4ab91a034adb25ba17?s=96&d=mm&r=g\",\"contentUrl\":\"https:\\\/\\\/secure.gravatar.com\\\/avatar\\\/2dc96c93fcf3387a5922a93b50fb3bff01d4800590fb6a4ab91a034adb25ba17?s=96&d=mm&r=g\",\"caption\":\"agevis\"},\"url\":\"https:\\\/\\\/www.manitese.it\\\/en\\\/author\\\/wp_agevis_admin\\\/\"}]}<\/script>\n<!-- \/ Yoast SEO plugin. -->","yoast_head_json":{"title":"Mani Tese - A caccia di rifiuti a Quelimane","description":"In occasione della Giornata della Terra, Mani Tese ha promosso una campagna di raccolta della spazzatura nella citt\u00e0 di Quelimane, in Mozambico, nell\u2019ambito del nuovo progetto KATAGYA.","robots":{"index":"index","follow":"follow","max-snippet":"max-snippet:-1","max-image-preview":"max-image-preview:large","max-video-preview":"max-video-preview:-1"},"canonical":"https:\/\/www.manitese.it\/en\/a-caccia-di-rifiuti-a-quelimane\/","og_locale":"en_US","og_type":"article","og_title":"Mani Tese - A caccia di rifiuti a Quelimane","og_description":"In occasione della Giornata della Terra, Mani Tese ha promosso una campagna di raccolta della spazzatura nella citt\u00e0 di Quelimane, in Mozambico, nell\u2019ambito del nuovo progetto KATAGYA.","og_url":"https:\/\/www.manitese.it\/en\/a-caccia-di-rifiuti-a-quelimane\/","og_site_name":"Mani Tese","article_published_time":"2023-05-26T08:27:20+00:00","article_modified_time":"2023-07-20T16:47:23+00:00","og_image":[{"width":2560,"height":1920,"url":"https:\/\/www.manitese.it\/wp-content\/uploads\/2023\/05\/IMG_20230422_073144-1-scaled-1.jpg","type":"image\/jpeg"}],"author":"agevis","twitter_card":"summary_large_image","twitter_misc":{"Written by":"agevis","Est. reading time":"2 minutes"},"schema":{"@context":"https:\/\/schema.org","@graph":[{"@type":"Article","@id":"https:\/\/www.manitese.it\/en\/a-caccia-di-rifiuti-a-quelimane\/#article","isPartOf":{"@id":"https:\/\/www.manitese.it\/en\/a-caccia-di-rifiuti-a-quelimane\/"},"author":{"name":"agevis","@id":"https:\/\/www.manitese.it\/en\/#\/schema\/person\/5a9774f17e4940e2510bfeba90f04f65"},"headline":"A caccia di rifiuti a Quelimane!","datePublished":"2023-05-26T08:27:20+00:00","dateModified":"2023-07-20T16:47:23+00:00","mainEntityOfPage":{"@id":"https:\/\/www.manitese.it\/en\/a-caccia-di-rifiuti-a-quelimane\/"},"wordCount":415,"commentCount":0,"image":{"@id":"https:\/\/www.manitese.it\/en\/a-caccia-di-rifiuti-a-quelimane\/#primaryimage"},"thumbnailUrl":"https:\/\/www.manitese.it\/wp-content\/uploads\/2023\/05\/IMG_20230422_073144-1-scaled-1.jpg","keywords":["Mozambico","diritti","ecologia"],"articleSection":["News"],"inLanguage":"en-US","potentialAction":[{"@type":"CommentAction","name":"Comment","target":["https:\/\/www.manitese.it\/en\/a-caccia-di-rifiuti-a-quelimane\/#respond"]}]},{"@type":"WebPage","@id":"https:\/\/www.manitese.it\/en\/a-caccia-di-rifiuti-a-quelimane\/","url":"https:\/\/www.manitese.it\/en\/a-caccia-di-rifiuti-a-quelimane\/","name":"Mani Tese - A caccia di rifiuti a Quelimane","isPartOf":{"@id":"https:\/\/www.manitese.it\/en\/#website"},"primaryImageOfPage":{"@id":"https:\/\/www.manitese.it\/en\/a-caccia-di-rifiuti-a-quelimane\/#primaryimage"},"image":{"@id":"https:\/\/www.manitese.it\/en\/a-caccia-di-rifiuti-a-quelimane\/#primaryimage"},"thumbnailUrl":"https:\/\/www.manitese.it\/wp-content\/uploads\/2023\/05\/IMG_20230422_073144-1-scaled-1.jpg","datePublished":"2023-05-26T08:27:20+00:00","dateModified":"2023-07-20T16:47:23+00:00","author":{"@id":"https:\/\/www.manitese.it\/en\/#\/schema\/person\/5a9774f17e4940e2510bfeba90f04f65"},"description":"In occasione della Giornata della Terra, Mani Tese ha promosso una campagna di raccolta della spazzatura nella citt\u00e0 di Quelimane, in Mozambico, nell\u2019ambito del nuovo progetto KATAGYA.","breadcrumb":{"@id":"https:\/\/www.manitese.it\/en\/a-caccia-di-rifiuti-a-quelimane\/#breadcrumb"},"inLanguage":"en-US","potentialAction":[{"@type":"ReadAction","target":["https:\/\/www.manitese.it\/en\/a-caccia-di-rifiuti-a-quelimane\/"]}]},{"@type":"ImageObject","inLanguage":"en-US","@id":"https:\/\/www.manitese.it\/en\/a-caccia-di-rifiuti-a-quelimane\/#primaryimage","url":"https:\/\/www.manitese.it\/wp-content\/uploads\/2023\/05\/IMG_20230422_073144-1-scaled-1.jpg","contentUrl":"https:\/\/www.manitese.it\/wp-content\/uploads\/2023\/05\/IMG_20230422_073144-1-scaled-1.jpg","width":2560,"height":1920,"caption":"Exif_JPEG_420"},{"@type":"BreadcrumbList","@id":"https:\/\/www.manitese.it\/en\/a-caccia-di-rifiuti-a-quelimane\/#breadcrumb","itemListElement":[{"@type":"ListItem","position":1,"name":"Home","item":"https:\/\/www.manitese.it\/en\/"},{"@type":"ListItem","position":2,"name":"A caccia di rifiuti a Quelimane!"}]},{"@type":"WebSite","@id":"https:\/\/www.manitese.it\/en\/#website","url":"https:\/\/www.manitese.it\/en\/","name":"Mani Tese","description":"","potentialAction":[{"@type":"SearchAction","target":{"@type":"EntryPoint","urlTemplate":"https:\/\/www.manitese.it\/en\/?s={search_term_string}"},"query-input":{"@type":"PropertyValueSpecification","valueRequired":true,"valueName":"search_term_string"}}],"inLanguage":"en-US"},{"@type":"Person","@id":"https:\/\/www.manitese.it\/en\/#\/schema\/person\/5a9774f17e4940e2510bfeba90f04f65","name":"agevis","image":{"@type":"ImageObject","inLanguage":"en-US","@id":"https:\/\/secure.gravatar.com\/avatar\/2dc96c93fcf3387a5922a93b50fb3bff01d4800590fb6a4ab91a034adb25ba17?s=96&d=mm&r=g","url":"https:\/\/secure.gravatar.com\/avatar\/2dc96c93fcf3387a5922a93b50fb3bff01d4800590fb6a4ab91a034adb25ba17?s=96&d=mm&r=g","contentUrl":"https:\/\/secure.gravatar.com\/avatar\/2dc96c93fcf3387a5922a93b50fb3bff01d4800590fb6a4ab91a034adb25ba17?s=96&d=mm&r=g","caption":"agevis"},"url":"https:\/\/www.manitese.it\/en\/author\/wp_agevis_admin\/"}]}},"jetpack_featured_media_url":"https:\/\/www.manitese.it\/wp-content\/uploads\/2023\/05\/IMG_20230422_073144-1-scaled-1.jpg","jetpack_sharing_enabled":true,"_links":{"self":[{"href":"https:\/\/www.manitese.it\/en\/wp-json\/wp\/v2\/posts\/171199","targetHints":{"allow":["GET"]}}],"collection":[{"href":"https:\/\/www.manitese.it\/en\/wp-json\/wp\/v2\/posts"}],"about":[{"href":"https:\/\/www.manitese.it\/en\/wp-json\/wp\/v2\/types\/post"}],"author":[{"embeddable":true,"href":"https:\/\/www.manitese.it\/en\/wp-json\/wp\/v2\/users\/1"}],"replies":[{"embeddable":true,"href":"https:\/\/www.manitese.it\/en\/wp-json\/wp\/v2\/comments?post=171199"}],"version-history":[{"count":2,"href":"https:\/\/www.manitese.it\/en\/wp-json\/wp\/v2\/posts\/171199\/revisions"}],"predecessor-version":[{"id":177553,"href":"https:\/\/www.manitese.it\/en\/wp-json\/wp\/v2\/posts\/171199\/revisions\/177553"}],"wp:featuredmedia":[{"embeddable":true,"href":"https:\/\/www.manitese.it\/en\/wp-json\/wp\/v2\/media\/171200"}],"wp:attachment":[{"href":"https:\/\/www.manitese.it\/en\/wp-json\/wp\/v2\/media?parent=171199"}],"wp:term":[{"taxonomy":"category","embeddable":true,"href":"https:\/\/www.manitese.it\/en\/wp-json\/wp\/v2\/categories?post=171199"},{"taxonomy":"post_tag","embeddable":true,"href":"https:\/\/www.manitese.it\/en\/wp-json\/wp\/v2\/tags?post=171199"},{"taxonomy":"thematic_area","embeddable":true,"href":"https:\/\/www.manitese.it\/en\/wp-json\/wp\/v2\/thematic_area?post=171199"}],"curies":[{"name":"wp","href":"https:\/\/api.w.org\/{rel}","templated":true}]}}