{"id":171167,"date":"2023-05-22T14:24:48","date_gmt":"2023-05-22T12:24:48","guid":{"rendered":"https:\/\/manitese.it\/?p=171167"},"modified":"2023-07-20T18:47:38","modified_gmt":"2023-07-20T16:47:38","slug":"emergenza-emilia-romagna-aiutaci-anche-tu","status":"publish","type":"post","link":"https:\/\/www.manitese.it\/en\/emergenza-emilia-romagna-aiutaci-anche-tu\/","title":{"rendered":"Emergenza Emilia Eomagna: aiutaci anche tu!"},"content":{"rendered":"\n<p>Mani Tese, con i suoi volontari di Mani Tese Faenza e della Cooperativa Riciclaggio e Solidariet\u00e0, \u00e8 in queste ore impegnata nelle attivit\u00e0 di supporto alla popolazione colpita dall\u2019alluvione. Al loro fianco siamo tutti mobilitati, in modo particolare i volontari di Mani Tese Firenze e di Mani Tese Finale Emilia.\u00a0\u00a0<\/p>\n\n\n\n<p><strong>Come Supportarci:<\/strong>&nbsp;<\/p>\n\n\n\n<p><strong>??<\/strong><strong>\u202fVenendo come volontario\/a<\/strong> personalmente a Faenza per liberare abitazioni e negozi dal fango, pulire, togliere i detriti e salvare quello che \u00e8 possibile recuperare.&nbsp;&nbsp;<\/p>\n\n\n\n<p>ATTENZIONE: \u00e8 necessario essere maggiorenni, venire automuniti, con l\u2019occorrente per dormire e con i viveri per cucinare.&nbsp;&nbsp;<\/p>\n\n\n\n<p>I volontari\/e saranno ospitati\/e in una parrocchia.&nbsp;&nbsp;<\/p>\n\n\n\n<ul class=\"wp-block-list\"><li><em>Per info contattare Andrea Casalini tel. 346 4099414 &#8211; <\/em><a href=\"mailto:andrea.casa97@hotmail.it\" target=\"_blank\" rel=\"noreferrer noopener\"><em>andrea.casa97@hotmail.it<\/em><\/a><em><\/em>&nbsp;<\/li><\/ul>\n\n\n\n<p><strong>?<\/strong><strong>\ufe0f Spedendo i seguenti materiali:&nbsp;<\/strong>&nbsp;<\/p>\n\n\n\n<p>&#8211; guanti da lavoro, stivali, pale, scope, pompe a scoppio, generatori elettrici, idropulitrici, deumidificatori;&nbsp;<\/p>\n\n\n\n<ul class=\"wp-block-list\"><li><em>Per info contattare Luca Santandrea alla email <\/em><a href=\"mailto:lucaricic@libero.it\" target=\"_blank\" rel=\"noreferrer noopener\"><em>lucaricic@libero.it<\/em><\/a><em><\/em>&nbsp;<\/li><\/ul>\n\n\n\n<p>&#8211; latte lunga conservazione, biscotti, dolci, pane, caff\u00e8 solubile, t\u00e8 in bustine, parmigiano, carne, verdura, zucchero, pasta, cibo in scatola, vaschette di alluminio o plastica, sacchetti di carta e buste di plastica a uso alimentare.&nbsp;<\/p>\n\n\n\n<ul class=\"wp-block-list\"><li><em>Spedire o consegnare<\/em><em> a <\/em><em>As<\/em><em>sociazione Piccola Betlemme Odv &#8211; Via Monsignor Antonio Cantoni, 48, <\/em>Faenza (RA)<em>&nbsp;&#8211; <\/em><em>335 561 2210 (Luca) \u2013 349 6058931 (Camilla) &#8211; <\/em><a href=\"mailto:lapiccolabetlemme@gmail.com\" target=\"_blank\" rel=\"noreferrer noopener\"><em>lapiccolabetlemme@gmail.com<\/em><\/a><em><\/em>&nbsp;<\/li><\/ul>\n\n\n\n<p><em>(L\u2019associazione, composta interamente da volontari, \u00e8 impegnata da 4 anni in un virtuoso<\/em> <em>progetto di economia circolare. Ha infatti creato una rete con i supermercati, le aziende<\/em> <em>impegnate nel food, i negozi e i ristoranti. Quotidianamente va a recuperare tutto il cibo altrimenti scartato che, una volta selezionato, viene ridistribuito alle persone in difficolt\u00e0, anche attraverso un prezioso servizio di cucina e mensa in locali offerti dal Comune.)<\/em>&nbsp;<\/p>\n\n\n\n<p><strong>?<\/strong><strong> Inviandoci un contributo <\/strong>a sostegno dei costi necessari a intervenire in questa emergenza.&nbsp;<\/p>\n\n\n\n<p><em>Modalit\u00e0 di donazione:&nbsp;<\/em>&nbsp;<\/p>\n\n\n\n<p>\u2013 Carta di credito sul sito di Mani Tese inserendo l\u2019importo che desideri donare (causale\/note: EMERGENZA ALLUVIONE EMILIA ROMAGNA)&nbsp;<\/p>\n\n\n\n<p>\u2013 Bonifico bancario intestato a Associazione MANI TESE ONG Onlus presso banca Popolare Etica (IBAN: IT 57 F 05018 01600 000010203040) inserendo come causale EMERGENZA ALLUVIONE EMILIA ROMAGNA&nbsp;<\/p>\n\n\n\n<p>\u2013 CCP, Conto Corrente Postale: n\u00b0 291278 intestato a Associazione Mani Tese ONG ONLUS , Piazzale Morandi 2, 20121 Milano inserendo come causale EMERGENZA ALLUVIONE EMILIA ROMAGNA&nbsp;<\/p>\n\n\n\n<p><strong>Grazie per il vostro supporto!<\/strong>&nbsp;<\/p>\n\n\n\n<figure class=\"wp-block-gallery has-nested-images columns-2 is-cropped wp-block-gallery-1 is-layout-flex wp-block-gallery-is-layout-flex\">\n<figure class=\"wp-block-image size-large is-style-default\"><img fetchpriority=\"high\" decoding=\"async\" width=\"1024\" height=\"414\" data-id=\"171168\" src=\"https:\/\/manitese.it\/wp-content\/uploads\/2023\/05\/MicrosoftTeams-image-1024x414.jpg\" alt=\"\" class=\"wp-image-171168\" srcset=\"https:\/\/www.manitese.it\/wp-content\/uploads\/2023\/05\/MicrosoftTeams-image-1024x414.jpg 1024w, https:\/\/www.manitese.it\/wp-content\/uploads\/2023\/05\/MicrosoftTeams-image-600x243.jpg 600w, https:\/\/www.manitese.it\/wp-content\/uploads\/2023\/05\/MicrosoftTeams-image-300x121.jpg 300w, https:\/\/www.manitese.it\/wp-content\/uploads\/2023\/05\/MicrosoftTeams-image-768x311.jpg 768w, https:\/\/www.manitese.it\/wp-content\/uploads\/2023\/05\/MicrosoftTeams-image-1536x621.jpg 1536w, https:\/\/www.manitese.it\/wp-content\/uploads\/2023\/05\/MicrosoftTeams-image-400x162.jpg 400w, https:\/\/www.manitese.it\/wp-content\/uploads\/2023\/05\/MicrosoftTeams-image.jpg 1981w\" sizes=\"(max-width: 1024px) 100vw, 1024px\" \/><\/figure>\n<\/figure>\n\n\n\n<p><\/p>\n","protected":false},"excerpt":{"rendered":"<p>Mani Tese, con i suoi volontari di Mani Tese Faenza e della Cooperativa Riciclaggio e Solidariet\u00e0, \u00e8 impegnata nelle attivit\u00e0 di supporto alla popolazione colpita dall\u2019alluvione: ecco tutti i modi per sostenerci!<\/p>\n","protected":false},"author":1,"featured_media":171170,"comment_status":"open","ping_status":"open","sticky":false,"template":"","format":"standard","meta":{"_acf_changed":false,"give_campaign_id":0,"inline_featured_image":false,"_jetpack_memberships_contains_paid_content":false,"footnotes":""},"categories":[1],"tags":[27,101,115],"thematic_area":[874],"class_list":["post-171167","post","type-post","status-publish","format-standard","has-post-thumbnail","hentry","category-news","tag-kenya","tag-diritti-2","tag-cibo","thematic_area-lotta-alla-fame-poverta-e-disuguaglianze"],"acf":[],"yoast_head":"<!-- This site is optimized with the Yoast SEO plugin v27.5 - https:\/\/yoast.com\/product\/yoast-seo-wordpress\/ -->\n<title>Mani Tese - Emergenza Emilia Romagna, aiutaci anche tu<\/title>\n<meta name=\"description\" content=\"Mani Tese, con i suoi volontari di Mani Tese Faenza e della Cooperativa Riciclaggio e Solidariet\u00e0, \u00e8 impegnata nelle attivit\u00e0 di supporto alla popolazione colpita dall\u2019alluvione: ecco tutti i modi per sostenerci!\" \/>\n<meta name=\"robots\" content=\"index, follow, max-snippet:-1, max-image-preview:large, max-video-preview:-1\" \/>\n<link rel=\"canonical\" href=\"https:\/\/www.manitese.it\/en\/emergenza-emilia-romagna-aiutaci-anche-tu\/\" \/>\n<meta property=\"og:locale\" content=\"en_US\" \/>\n<meta property=\"og:type\" content=\"article\" \/>\n<meta property=\"og:title\" content=\"Mani Tese - Emergenza Emilia Romagna, aiutaci anche tu\" \/>\n<meta property=\"og:description\" content=\"Mani Tese, con i suoi volontari di Mani Tese Faenza e della Cooperativa Riciclaggio e Solidariet\u00e0, \u00e8 impegnata nelle attivit\u00e0 di supporto alla popolazione colpita dall\u2019alluvione: ecco tutti i modi per sostenerci!\" \/>\n<meta property=\"og:url\" content=\"https:\/\/www.manitese.it\/en\/emergenza-emilia-romagna-aiutaci-anche-tu\/\" \/>\n<meta property=\"og:site_name\" content=\"Mani Tese\" \/>\n<meta property=\"article:published_time\" content=\"2023-05-22T12:24:48+00:00\" \/>\n<meta property=\"article:modified_time\" content=\"2023-07-20T16:47:38+00:00\" \/>\n<meta property=\"og:image\" content=\"https:\/\/www.manitese.it\/wp-content\/uploads\/2023\/05\/MicrosoftTeams-image-1.jpg\" \/>\n\t<meta property=\"og:image:width\" content=\"1981\" \/>\n\t<meta property=\"og:image:height\" content=\"801\" \/>\n\t<meta property=\"og:image:type\" content=\"image\/jpeg\" \/>\n<meta name=\"author\" content=\"agevis\" \/>\n<meta name=\"twitter:card\" content=\"summary_large_image\" \/>\n<meta name=\"twitter:label1\" content=\"Written by\" \/>\n\t<meta name=\"twitter:data1\" content=\"agevis\" \/>\n\t<meta name=\"twitter:label2\" content=\"Est. reading time\" \/>\n\t<meta name=\"twitter:data2\" content=\"2 minutes\" \/>\n<script type=\"application\/ld+json\" class=\"yoast-schema-graph\">{\"@context\":\"https:\\\/\\\/schema.org\",\"@graph\":[{\"@type\":\"Article\",\"@id\":\"https:\\\/\\\/www.manitese.it\\\/en\\\/emergenza-emilia-romagna-aiutaci-anche-tu\\\/#article\",\"isPartOf\":{\"@id\":\"https:\\\/\\\/www.manitese.it\\\/en\\\/emergenza-emilia-romagna-aiutaci-anche-tu\\\/\"},\"author\":{\"name\":\"agevis\",\"@id\":\"https:\\\/\\\/www.manitese.it\\\/en\\\/#\\\/schema\\\/person\\\/5a9774f17e4940e2510bfeba90f04f65\"},\"headline\":\"Emergenza Emilia Eomagna: aiutaci anche tu!\",\"datePublished\":\"2023-05-22T12:24:48+00:00\",\"dateModified\":\"2023-07-20T16:47:38+00:00\",\"mainEntityOfPage\":{\"@id\":\"https:\\\/\\\/www.manitese.it\\\/en\\\/emergenza-emilia-romagna-aiutaci-anche-tu\\\/\"},\"wordCount\":381,\"commentCount\":0,\"image\":{\"@id\":\"https:\\\/\\\/www.manitese.it\\\/en\\\/emergenza-emilia-romagna-aiutaci-anche-tu\\\/#primaryimage\"},\"thumbnailUrl\":\"https:\\\/\\\/www.manitese.it\\\/wp-content\\\/uploads\\\/2023\\\/05\\\/MicrosoftTeams-image-1.jpg\",\"keywords\":[\"Kenya\",\"diritti\",\"cibo\"],\"articleSection\":[\"News\"],\"inLanguage\":\"en-US\",\"potentialAction\":[{\"@type\":\"CommentAction\",\"name\":\"Comment\",\"target\":[\"https:\\\/\\\/www.manitese.it\\\/en\\\/emergenza-emilia-romagna-aiutaci-anche-tu\\\/#respond\"]}]},{\"@type\":\"WebPage\",\"@id\":\"https:\\\/\\\/www.manitese.it\\\/en\\\/emergenza-emilia-romagna-aiutaci-anche-tu\\\/\",\"url\":\"https:\\\/\\\/www.manitese.it\\\/en\\\/emergenza-emilia-romagna-aiutaci-anche-tu\\\/\",\"name\":\"Mani Tese - Emergenza Emilia Romagna, aiutaci anche tu\",\"isPartOf\":{\"@id\":\"https:\\\/\\\/www.manitese.it\\\/en\\\/#website\"},\"primaryImageOfPage\":{\"@id\":\"https:\\\/\\\/www.manitese.it\\\/en\\\/emergenza-emilia-romagna-aiutaci-anche-tu\\\/#primaryimage\"},\"image\":{\"@id\":\"https:\\\/\\\/www.manitese.it\\\/en\\\/emergenza-emilia-romagna-aiutaci-anche-tu\\\/#primaryimage\"},\"thumbnailUrl\":\"https:\\\/\\\/www.manitese.it\\\/wp-content\\\/uploads\\\/2023\\\/05\\\/MicrosoftTeams-image-1.jpg\",\"datePublished\":\"2023-05-22T12:24:48+00:00\",\"dateModified\":\"2023-07-20T16:47:38+00:00\",\"author\":{\"@id\":\"https:\\\/\\\/www.manitese.it\\\/en\\\/#\\\/schema\\\/person\\\/5a9774f17e4940e2510bfeba90f04f65\"},\"description\":\"Mani Tese, con i suoi volontari di Mani Tese Faenza e della Cooperativa Riciclaggio e Solidariet\u00e0, \u00e8 impegnata nelle attivit\u00e0 di supporto alla popolazione colpita dall\u2019alluvione: ecco tutti i modi per sostenerci!\",\"breadcrumb\":{\"@id\":\"https:\\\/\\\/www.manitese.it\\\/en\\\/emergenza-emilia-romagna-aiutaci-anche-tu\\\/#breadcrumb\"},\"inLanguage\":\"en-US\",\"potentialAction\":[{\"@type\":\"ReadAction\",\"target\":[\"https:\\\/\\\/www.manitese.it\\\/en\\\/emergenza-emilia-romagna-aiutaci-anche-tu\\\/\"]}]},{\"@type\":\"ImageObject\",\"inLanguage\":\"en-US\",\"@id\":\"https:\\\/\\\/www.manitese.it\\\/en\\\/emergenza-emilia-romagna-aiutaci-anche-tu\\\/#primaryimage\",\"url\":\"https:\\\/\\\/www.manitese.it\\\/wp-content\\\/uploads\\\/2023\\\/05\\\/MicrosoftTeams-image-1.jpg\",\"contentUrl\":\"https:\\\/\\\/www.manitese.it\\\/wp-content\\\/uploads\\\/2023\\\/05\\\/MicrosoftTeams-image-1.jpg\",\"width\":1981,\"height\":801},{\"@type\":\"BreadcrumbList\",\"@id\":\"https:\\\/\\\/www.manitese.it\\\/en\\\/emergenza-emilia-romagna-aiutaci-anche-tu\\\/#breadcrumb\",\"itemListElement\":[{\"@type\":\"ListItem\",\"position\":1,\"name\":\"Home\",\"item\":\"https:\\\/\\\/www.manitese.it\\\/en\\\/\"},{\"@type\":\"ListItem\",\"position\":2,\"name\":\"Emergenza Emilia Eomagna: aiutaci anche tu!\"}]},{\"@type\":\"WebSite\",\"@id\":\"https:\\\/\\\/www.manitese.it\\\/en\\\/#website\",\"url\":\"https:\\\/\\\/www.manitese.it\\\/en\\\/\",\"name\":\"Mani Tese\",\"description\":\"\",\"potentialAction\":[{\"@type\":\"SearchAction\",\"target\":{\"@type\":\"EntryPoint\",\"urlTemplate\":\"https:\\\/\\\/www.manitese.it\\\/en\\\/?s={search_term_string}\"},\"query-input\":{\"@type\":\"PropertyValueSpecification\",\"valueRequired\":true,\"valueName\":\"search_term_string\"}}],\"inLanguage\":\"en-US\"},{\"@type\":\"Person\",\"@id\":\"https:\\\/\\\/www.manitese.it\\\/en\\\/#\\\/schema\\\/person\\\/5a9774f17e4940e2510bfeba90f04f65\",\"name\":\"agevis\",\"image\":{\"@type\":\"ImageObject\",\"inLanguage\":\"en-US\",\"@id\":\"https:\\\/\\\/secure.gravatar.com\\\/avatar\\\/2dc96c93fcf3387a5922a93b50fb3bff01d4800590fb6a4ab91a034adb25ba17?s=96&d=mm&r=g\",\"url\":\"https:\\\/\\\/secure.gravatar.com\\\/avatar\\\/2dc96c93fcf3387a5922a93b50fb3bff01d4800590fb6a4ab91a034adb25ba17?s=96&d=mm&r=g\",\"contentUrl\":\"https:\\\/\\\/secure.gravatar.com\\\/avatar\\\/2dc96c93fcf3387a5922a93b50fb3bff01d4800590fb6a4ab91a034adb25ba17?s=96&d=mm&r=g\",\"caption\":\"agevis\"},\"url\":\"https:\\\/\\\/www.manitese.it\\\/en\\\/author\\\/wp_agevis_admin\\\/\"}]}<\/script>\n<!-- \/ Yoast SEO plugin. -->","yoast_head_json":{"title":"Mani Tese - Emergenza Emilia Romagna, aiutaci anche tu","description":"Mani Tese, con i suoi volontari di Mani Tese Faenza e della Cooperativa Riciclaggio e Solidariet\u00e0, \u00e8 impegnata nelle attivit\u00e0 di supporto alla popolazione colpita dall\u2019alluvione: ecco tutti i modi per sostenerci!","robots":{"index":"index","follow":"follow","max-snippet":"max-snippet:-1","max-image-preview":"max-image-preview:large","max-video-preview":"max-video-preview:-1"},"canonical":"https:\/\/www.manitese.it\/en\/emergenza-emilia-romagna-aiutaci-anche-tu\/","og_locale":"en_US","og_type":"article","og_title":"Mani Tese - Emergenza Emilia Romagna, aiutaci anche tu","og_description":"Mani Tese, con i suoi volontari di Mani Tese Faenza e della Cooperativa Riciclaggio e Solidariet\u00e0, \u00e8 impegnata nelle attivit\u00e0 di supporto alla popolazione colpita dall\u2019alluvione: ecco tutti i modi per sostenerci!","og_url":"https:\/\/www.manitese.it\/en\/emergenza-emilia-romagna-aiutaci-anche-tu\/","og_site_name":"Mani Tese","article_published_time":"2023-05-22T12:24:48+00:00","article_modified_time":"2023-07-20T16:47:38+00:00","og_image":[{"width":1981,"height":801,"url":"https:\/\/www.manitese.it\/wp-content\/uploads\/2023\/05\/MicrosoftTeams-image-1.jpg","type":"image\/jpeg"}],"author":"agevis","twitter_card":"summary_large_image","twitter_misc":{"Written by":"agevis","Est. reading time":"2 minutes"},"schema":{"@context":"https:\/\/schema.org","@graph":[{"@type":"Article","@id":"https:\/\/www.manitese.it\/en\/emergenza-emilia-romagna-aiutaci-anche-tu\/#article","isPartOf":{"@id":"https:\/\/www.manitese.it\/en\/emergenza-emilia-romagna-aiutaci-anche-tu\/"},"author":{"name":"agevis","@id":"https:\/\/www.manitese.it\/en\/#\/schema\/person\/5a9774f17e4940e2510bfeba90f04f65"},"headline":"Emergenza Emilia Eomagna: aiutaci anche tu!","datePublished":"2023-05-22T12:24:48+00:00","dateModified":"2023-07-20T16:47:38+00:00","mainEntityOfPage":{"@id":"https:\/\/www.manitese.it\/en\/emergenza-emilia-romagna-aiutaci-anche-tu\/"},"wordCount":381,"commentCount":0,"image":{"@id":"https:\/\/www.manitese.it\/en\/emergenza-emilia-romagna-aiutaci-anche-tu\/#primaryimage"},"thumbnailUrl":"https:\/\/www.manitese.it\/wp-content\/uploads\/2023\/05\/MicrosoftTeams-image-1.jpg","keywords":["Kenya","diritti","cibo"],"articleSection":["News"],"inLanguage":"en-US","potentialAction":[{"@type":"CommentAction","name":"Comment","target":["https:\/\/www.manitese.it\/en\/emergenza-emilia-romagna-aiutaci-anche-tu\/#respond"]}]},{"@type":"WebPage","@id":"https:\/\/www.manitese.it\/en\/emergenza-emilia-romagna-aiutaci-anche-tu\/","url":"https:\/\/www.manitese.it\/en\/emergenza-emilia-romagna-aiutaci-anche-tu\/","name":"Mani Tese - Emergenza Emilia Romagna, aiutaci anche tu","isPartOf":{"@id":"https:\/\/www.manitese.it\/en\/#website"},"primaryImageOfPage":{"@id":"https:\/\/www.manitese.it\/en\/emergenza-emilia-romagna-aiutaci-anche-tu\/#primaryimage"},"image":{"@id":"https:\/\/www.manitese.it\/en\/emergenza-emilia-romagna-aiutaci-anche-tu\/#primaryimage"},"thumbnailUrl":"https:\/\/www.manitese.it\/wp-content\/uploads\/2023\/05\/MicrosoftTeams-image-1.jpg","datePublished":"2023-05-22T12:24:48+00:00","dateModified":"2023-07-20T16:47:38+00:00","author":{"@id":"https:\/\/www.manitese.it\/en\/#\/schema\/person\/5a9774f17e4940e2510bfeba90f04f65"},"description":"Mani Tese, con i suoi volontari di Mani Tese Faenza e della Cooperativa Riciclaggio e Solidariet\u00e0, \u00e8 impegnata nelle attivit\u00e0 di supporto alla popolazione colpita dall\u2019alluvione: ecco tutti i modi per sostenerci!","breadcrumb":{"@id":"https:\/\/www.manitese.it\/en\/emergenza-emilia-romagna-aiutaci-anche-tu\/#breadcrumb"},"inLanguage":"en-US","potentialAction":[{"@type":"ReadAction","target":["https:\/\/www.manitese.it\/en\/emergenza-emilia-romagna-aiutaci-anche-tu\/"]}]},{"@type":"ImageObject","inLanguage":"en-US","@id":"https:\/\/www.manitese.it\/en\/emergenza-emilia-romagna-aiutaci-anche-tu\/#primaryimage","url":"https:\/\/www.manitese.it\/wp-content\/uploads\/2023\/05\/MicrosoftTeams-image-1.jpg","contentUrl":"https:\/\/www.manitese.it\/wp-content\/uploads\/2023\/05\/MicrosoftTeams-image-1.jpg","width":1981,"height":801},{"@type":"BreadcrumbList","@id":"https:\/\/www.manitese.it\/en\/emergenza-emilia-romagna-aiutaci-anche-tu\/#breadcrumb","itemListElement":[{"@type":"ListItem","position":1,"name":"Home","item":"https:\/\/www.manitese.it\/en\/"},{"@type":"ListItem","position":2,"name":"Emergenza Emilia Eomagna: aiutaci anche tu!"}]},{"@type":"WebSite","@id":"https:\/\/www.manitese.it\/en\/#website","url":"https:\/\/www.manitese.it\/en\/","name":"Mani Tese","description":"","potentialAction":[{"@type":"SearchAction","target":{"@type":"EntryPoint","urlTemplate":"https:\/\/www.manitese.it\/en\/?s={search_term_string}"},"query-input":{"@type":"PropertyValueSpecification","valueRequired":true,"valueName":"search_term_string"}}],"inLanguage":"en-US"},{"@type":"Person","@id":"https:\/\/www.manitese.it\/en\/#\/schema\/person\/5a9774f17e4940e2510bfeba90f04f65","name":"agevis","image":{"@type":"ImageObject","inLanguage":"en-US","@id":"https:\/\/secure.gravatar.com\/avatar\/2dc96c93fcf3387a5922a93b50fb3bff01d4800590fb6a4ab91a034adb25ba17?s=96&d=mm&r=g","url":"https:\/\/secure.gravatar.com\/avatar\/2dc96c93fcf3387a5922a93b50fb3bff01d4800590fb6a4ab91a034adb25ba17?s=96&d=mm&r=g","contentUrl":"https:\/\/secure.gravatar.com\/avatar\/2dc96c93fcf3387a5922a93b50fb3bff01d4800590fb6a4ab91a034adb25ba17?s=96&d=mm&r=g","caption":"agevis"},"url":"https:\/\/www.manitese.it\/en\/author\/wp_agevis_admin\/"}]}},"jetpack_featured_media_url":"https:\/\/www.manitese.it\/wp-content\/uploads\/2023\/05\/MicrosoftTeams-image-1.jpg","jetpack_sharing_enabled":true,"_links":{"self":[{"href":"https:\/\/www.manitese.it\/en\/wp-json\/wp\/v2\/posts\/171167","targetHints":{"allow":["GET"]}}],"collection":[{"href":"https:\/\/www.manitese.it\/en\/wp-json\/wp\/v2\/posts"}],"about":[{"href":"https:\/\/www.manitese.it\/en\/wp-json\/wp\/v2\/types\/post"}],"author":[{"embeddable":true,"href":"https:\/\/www.manitese.it\/en\/wp-json\/wp\/v2\/users\/1"}],"replies":[{"embeddable":true,"href":"https:\/\/www.manitese.it\/en\/wp-json\/wp\/v2\/comments?post=171167"}],"version-history":[{"count":2,"href":"https:\/\/www.manitese.it\/en\/wp-json\/wp\/v2\/posts\/171167\/revisions"}],"predecessor-version":[{"id":177554,"href":"https:\/\/www.manitese.it\/en\/wp-json\/wp\/v2\/posts\/171167\/revisions\/177554"}],"wp:featuredmedia":[{"embeddable":true,"href":"https:\/\/www.manitese.it\/en\/wp-json\/wp\/v2\/media\/171170"}],"wp:attachment":[{"href":"https:\/\/www.manitese.it\/en\/wp-json\/wp\/v2\/media?parent=171167"}],"wp:term":[{"taxonomy":"category","embeddable":true,"href":"https:\/\/www.manitese.it\/en\/wp-json\/wp\/v2\/categories?post=171167"},{"taxonomy":"post_tag","embeddable":true,"href":"https:\/\/www.manitese.it\/en\/wp-json\/wp\/v2\/tags?post=171167"},{"taxonomy":"thematic_area","embeddable":true,"href":"https:\/\/www.manitese.it\/en\/wp-json\/wp\/v2\/thematic_area?post=171167"}],"curies":[{"name":"wp","href":"https:\/\/api.w.org\/{rel}","templated":true}]}}