{"id":171103,"date":"2023-05-15T15:55:17","date_gmt":"2023-05-15T13:55:17","guid":{"rendered":"https:\/\/manitese.it\/?p=171103"},"modified":"2023-11-29T17:27:23","modified_gmt":"2023-11-29T16:27:23","slug":"coinvolgiamo-tutt%c9%99-in-guinea-bissau","status":"publish","type":"post","link":"https:\/\/www.manitese.it\/en\/coinvolgiamo-tutt%c9%99-in-guinea-bissau\/","title":{"rendered":"Coinvolgiamo tutt\u0259 in Guinea-Bissau!"},"content":{"rendered":"\r\n\r\n\r\n<p>Mani Tese \u00e8 attiva in Guinea-Bissau da pi\u00f9 di 40 anni e lavora con costanza su temi come la tutela dei diritti umani e delle donne, la sicurezza alimentare e il diritto al cibo, la giustizia ambientale.\u00a0\u00a0<\/p>\r\n\r\n\r\n\r\n<p>Da novembre 2022 abbiamo intrapreso nel Paese un nuovo progetto, finanziato dalla Agenzia Italiana per la Cooperazione allo Sviluppo (AICS), dal titolo &#8220;<strong>Coinvolgiamo tutt\u01dd per costruire il nostro futuro: politiche, formazione e lavoro per un business inclusivo!\u201d<\/strong>. \u00a0<\/p>\r\n\r\n\r\n\r\n<p>Il progetto ha come obiettivo quello di <strong>promuovere una societ\u00e0 inclusiva, capace di offrire opportunit\u00e0 di formazione professionale e di lavoro per una crescita economica partecipata e sostenibile <\/strong>in particolare a tre gruppi discriminati e cio\u00e8 <strong>ai giovani, alle donne e alle persone con disabilit\u00e0.<\/strong>\u00a0<\/p>\r\n\r\n\r\n\r\n<p>In Guinea-Bissau vi \u00e8 infatti <strong>una forte discriminazione di genere<\/strong> dovuta alla struttura sociale patriarcale, soprattutto nelle zone rurali. <strong>Anche i giovani nella fascia d\u2019et\u00e0 tra 15 ai 29 anni circa vivono in condizioni di povert\u00e0<\/strong>, caratterizzate da scarsa formazione, analfabetismo, disoccupazione, precariet\u00e0 ed esclusione. <strong>Le persone con disabilit\u00e0, infine, sono vittime di stigma sociale<\/strong> e hanno scarse possibilit\u00e0 di accedere alla formazione per questioni economiche e di mobilit\u00e0.\u00a0<\/p>\r\n\r\n\r\n\r\n<p>Il progetto mira, nelle regioni di intervento (Settore Autonomo di Bissau, Gabu, Bafata, Cacheu e Oio), <strong>a rimuovere gli ostacoli alla loro inclusione scolastica, a migliorare e incrementare l&#8217;offerta di formazione professionale e l&#8217;accesso al lavoro e a sostenere la nascita e la crescita di microimprese e attivit\u00e0 economiche.<\/strong>\u00a0<\/p>\r\n\r\n\r\n\r\n<p>Altro scopo \u00e8 inoltre quello di<strong> sviluppare il coordinamento di una rete di 3 gruppi di lavoro tematici sul business inclusivo<\/strong> (giovani tra i 15 e i 34 anni, donne e persone con disabilit\u00e0), al fine di proporre, alle istituzioni, politiche pubbliche volte all\u2019inclusione formativa e professionale di questi soggetti.\u00a0<\/p>\r\n\r\n\r\n\r\n<p>In questi primi mesi di progetto stiamo lavorando alla creazione del <strong>tavolo tematico sull\u2019inclusione di genere <\/strong>e stiamo <strong>riaprendo il nostro centro<\/strong> operativo nell\u2019est del Paese, nella provincia di Gabu.\u00a0\u00a0<\/p>\r\n\r\n\r\n\r\n<p><strong>\u00c8 infatti nelle province pi\u00f9 remote, nelle zone rurali, dove la discriminazione si fa pi\u00f9 palpabile e dove la nostra presenza \u00e8 pi\u00f9 importante ed essenziale.\u00a0<\/strong>\u00a0<\/p>\r\n\r\n\r\n\r\n<p>In questa fase, stiamo anche mappando le micro-imprese pi\u00f9 funzionali (create grazie a progetti precedenti), raccogliendone le testimonianze e valutando le difficolt\u00e0 emerse durante gli anni pi\u00f9 drammatici del COVID e della crisi politico-economica che attanaglia questo Paese dell\u2019Africa Occidentale, spesso dimenticato e poco conosciuto, ma con un potenziale enorme di risorse e di umanit\u00e0.\u00a0\u00a0<\/p>\r\n\r\n\r\n\r\n<p>Il progetto \u201c<strong>Coinvolgiamo tutt\u01dd per costruire il nostro futuro\u201d<\/strong> \u00e8 il frutto di <strong>un partenariato <\/strong>che vede Mani Tese capofila e che coinvolge le organizzazioni internazionali ENGIM e AIFO e le organizzazioni nazionali RENAJ (Rete Nazionale dei Giovani), FADPD _GB (Federazione delle associazioni per la difesa dei diritti e l&#8217;inclusione delle persone con disabilit\u00e0 in Guinea Bissau) e CIFAP (Centri per l&#8217;istruzione e la formazione professionale). Queste ONG sono tutte attive da anni in Guinea-Bissau e sono attori chiave nel costruire un cambiamento significativo verso una societ\u00e0 pi\u00f9 inclusiva.\u00a0<\/p>\r\n\r\n\r\n\r\n<figure class=\"wp-block-gallery has-nested-images columns-2 is-cropped wp-block-gallery-1 is-layout-flex wp-block-gallery-is-layout-flex\">\r\n<figure class=\"wp-block-image size-large\"><img decoding=\"async\" data-id=\"171108\" class=\"wp-image-171108\" src=\"https:\/\/manitese.it\/wp-content\/uploads\/2023\/05\/incontro-governatrice-Gabu-1-1024x576.jpg\" alt=\"\" \/><\/figure>\r\n<\/figure>\r\n\r\n\r\n\r\n<p>&nbsp;<\/p>\r\n","protected":false},"excerpt":{"rendered":"<p>Nel Paese abbiamo avviato un progetto per promuovere una societ\u00e0 inclusiva e capace di offrire, in particolare a donne, giovani e persone con disabilit\u00e0, opportunit\u00e0 formative e professionali per una crescita partecipata e sostenibile. <\/p>\n","protected":false},"author":1,"featured_media":171104,"comment_status":"open","ping_status":"open","sticky":false,"template":"","format":"standard","meta":{"_acf_changed":false,"give_campaign_id":0,"inline_featured_image":false,"_jetpack_memberships_contains_paid_content":false,"footnotes":""},"categories":[1],"tags":[27,101,115],"thematic_area":[909,912,907,911],"class_list":["post-171103","post","type-post","status-publish","format-standard","has-post-thumbnail","hentry","category-news","tag-kenya","tag-diritti-2","tag-cibo","thematic_area-inclusione-sociale","thematic_area-pace-e-coesione-sociale","thematic_area-imprenditoria-sociale","thematic_area-educazione-di-qualita"],"acf":[],"yoast_head":"<!-- This site is optimized with the Yoast SEO plugin v27.5 - https:\/\/yoast.com\/product\/yoast-seo-wordpress\/ -->\n<title>Mani Tese - Guinea Buissau, progetti per un paese sostenibile<\/title>\n<meta name=\"description\" content=\"Progetto per promuovere una societ\u00e0 inclusiva e capace di offrire, in particolare a donne, giovani e persone con disabilit\u00e0, opportunit\u00e0 formative e professionali per una crescita partecipata e sostenibile.\" \/>\n<meta name=\"robots\" content=\"index, follow, max-snippet:-1, max-image-preview:large, max-video-preview:-1\" \/>\n<link rel=\"canonical\" href=\"https:\/\/www.manitese.it\/en\/coinvolgiamo-tutt%c9%99-in-guinea-bissau\/\" \/>\n<meta property=\"og:locale\" content=\"en_US\" \/>\n<meta property=\"og:type\" content=\"article\" \/>\n<meta property=\"og:title\" content=\"Mani Tese - Guinea Buissau, progetti per un paese sostenibile\" \/>\n<meta property=\"og:description\" content=\"Progetto per promuovere una societ\u00e0 inclusiva e capace di offrire, in particolare a donne, giovani e persone con disabilit\u00e0, opportunit\u00e0 formative e professionali per una crescita partecipata e sostenibile.\" \/>\n<meta property=\"og:url\" content=\"https:\/\/www.manitese.it\/en\/coinvolgiamo-tutt%c9%99-in-guinea-bissau\/\" \/>\n<meta property=\"og:site_name\" content=\"Mani Tese\" \/>\n<meta property=\"article:published_time\" content=\"2023-05-15T13:55:17+00:00\" \/>\n<meta property=\"article:modified_time\" content=\"2023-11-29T16:27:23+00:00\" \/>\n<meta property=\"og:image\" content=\"https:\/\/www.manitese.it\/wp-content\/uploads\/2023\/05\/incontro-governatrice-Gabu-rotated-1.jpg\" \/>\n\t<meta property=\"og:image:width\" content=\"1040\" \/>\n\t<meta property=\"og:image:height\" content=\"585\" \/>\n\t<meta property=\"og:image:type\" content=\"image\/jpeg\" \/>\n<meta name=\"author\" content=\"agevis\" \/>\n<meta name=\"twitter:card\" content=\"summary_large_image\" \/>\n<meta name=\"twitter:label1\" content=\"Written by\" \/>\n\t<meta name=\"twitter:data1\" content=\"agevis\" \/>\n\t<meta name=\"twitter:label2\" content=\"Est. reading time\" \/>\n\t<meta name=\"twitter:data2\" content=\"3 minutes\" \/>\n<script type=\"application\/ld+json\" class=\"yoast-schema-graph\">{\"@context\":\"https:\\\/\\\/schema.org\",\"@graph\":[{\"@type\":\"Article\",\"@id\":\"https:\\\/\\\/www.manitese.it\\\/en\\\/coinvolgiamo-tutt%c9%99-in-guinea-bissau\\\/#article\",\"isPartOf\":{\"@id\":\"https:\\\/\\\/www.manitese.it\\\/en\\\/coinvolgiamo-tutt%c9%99-in-guinea-bissau\\\/\"},\"author\":{\"name\":\"agevis\",\"@id\":\"https:\\\/\\\/www.manitese.it\\\/en\\\/#\\\/schema\\\/person\\\/5a9774f17e4940e2510bfeba90f04f65\"},\"headline\":\"Coinvolgiamo tutt\u0259 in Guinea-Bissau!\",\"datePublished\":\"2023-05-15T13:55:17+00:00\",\"dateModified\":\"2023-11-29T16:27:23+00:00\",\"mainEntityOfPage\":{\"@id\":\"https:\\\/\\\/www.manitese.it\\\/en\\\/coinvolgiamo-tutt%c9%99-in-guinea-bissau\\\/\"},\"wordCount\":488,\"commentCount\":0,\"image\":{\"@id\":\"https:\\\/\\\/www.manitese.it\\\/en\\\/coinvolgiamo-tutt%c9%99-in-guinea-bissau\\\/#primaryimage\"},\"thumbnailUrl\":\"https:\\\/\\\/www.manitese.it\\\/wp-content\\\/uploads\\\/2023\\\/05\\\/incontro-governatrice-Gabu-rotated-1.jpg\",\"keywords\":[\"Kenya\",\"diritti\",\"cibo\"],\"articleSection\":[\"News\"],\"inLanguage\":\"en-US\",\"potentialAction\":[{\"@type\":\"CommentAction\",\"name\":\"Comment\",\"target\":[\"https:\\\/\\\/www.manitese.it\\\/en\\\/coinvolgiamo-tutt%c9%99-in-guinea-bissau\\\/#respond\"]}]},{\"@type\":\"WebPage\",\"@id\":\"https:\\\/\\\/www.manitese.it\\\/en\\\/coinvolgiamo-tutt%c9%99-in-guinea-bissau\\\/\",\"url\":\"https:\\\/\\\/www.manitese.it\\\/en\\\/coinvolgiamo-tutt%c9%99-in-guinea-bissau\\\/\",\"name\":\"Mani Tese - Guinea Buissau, progetti per un paese sostenibile\",\"isPartOf\":{\"@id\":\"https:\\\/\\\/www.manitese.it\\\/en\\\/#website\"},\"primaryImageOfPage\":{\"@id\":\"https:\\\/\\\/www.manitese.it\\\/en\\\/coinvolgiamo-tutt%c9%99-in-guinea-bissau\\\/#primaryimage\"},\"image\":{\"@id\":\"https:\\\/\\\/www.manitese.it\\\/en\\\/coinvolgiamo-tutt%c9%99-in-guinea-bissau\\\/#primaryimage\"},\"thumbnailUrl\":\"https:\\\/\\\/www.manitese.it\\\/wp-content\\\/uploads\\\/2023\\\/05\\\/incontro-governatrice-Gabu-rotated-1.jpg\",\"datePublished\":\"2023-05-15T13:55:17+00:00\",\"dateModified\":\"2023-11-29T16:27:23+00:00\",\"author\":{\"@id\":\"https:\\\/\\\/www.manitese.it\\\/en\\\/#\\\/schema\\\/person\\\/5a9774f17e4940e2510bfeba90f04f65\"},\"description\":\"Progetto per promuovere una societ\u00e0 inclusiva e capace di offrire, in particolare a donne, giovani e persone con disabilit\u00e0, opportunit\u00e0 formative e professionali per una crescita partecipata e sostenibile.\",\"breadcrumb\":{\"@id\":\"https:\\\/\\\/www.manitese.it\\\/en\\\/coinvolgiamo-tutt%c9%99-in-guinea-bissau\\\/#breadcrumb\"},\"inLanguage\":\"en-US\",\"potentialAction\":[{\"@type\":\"ReadAction\",\"target\":[\"https:\\\/\\\/www.manitese.it\\\/en\\\/coinvolgiamo-tutt%c9%99-in-guinea-bissau\\\/\"]}]},{\"@type\":\"ImageObject\",\"inLanguage\":\"en-US\",\"@id\":\"https:\\\/\\\/www.manitese.it\\\/en\\\/coinvolgiamo-tutt%c9%99-in-guinea-bissau\\\/#primaryimage\",\"url\":\"https:\\\/\\\/www.manitese.it\\\/wp-content\\\/uploads\\\/2023\\\/05\\\/incontro-governatrice-Gabu-rotated-1.jpg\",\"contentUrl\":\"https:\\\/\\\/www.manitese.it\\\/wp-content\\\/uploads\\\/2023\\\/05\\\/incontro-governatrice-Gabu-rotated-1.jpg\",\"width\":1040,\"height\":585},{\"@type\":\"BreadcrumbList\",\"@id\":\"https:\\\/\\\/www.manitese.it\\\/en\\\/coinvolgiamo-tutt%c9%99-in-guinea-bissau\\\/#breadcrumb\",\"itemListElement\":[{\"@type\":\"ListItem\",\"position\":1,\"name\":\"Home\",\"item\":\"https:\\\/\\\/www.manitese.it\\\/en\\\/\"},{\"@type\":\"ListItem\",\"position\":2,\"name\":\"Coinvolgiamo tutt\u0259 in Guinea-Bissau!\"}]},{\"@type\":\"WebSite\",\"@id\":\"https:\\\/\\\/www.manitese.it\\\/en\\\/#website\",\"url\":\"https:\\\/\\\/www.manitese.it\\\/en\\\/\",\"name\":\"Mani Tese\",\"description\":\"\",\"potentialAction\":[{\"@type\":\"SearchAction\",\"target\":{\"@type\":\"EntryPoint\",\"urlTemplate\":\"https:\\\/\\\/www.manitese.it\\\/en\\\/?s={search_term_string}\"},\"query-input\":{\"@type\":\"PropertyValueSpecification\",\"valueRequired\":true,\"valueName\":\"search_term_string\"}}],\"inLanguage\":\"en-US\"},{\"@type\":\"Person\",\"@id\":\"https:\\\/\\\/www.manitese.it\\\/en\\\/#\\\/schema\\\/person\\\/5a9774f17e4940e2510bfeba90f04f65\",\"name\":\"agevis\",\"image\":{\"@type\":\"ImageObject\",\"inLanguage\":\"en-US\",\"@id\":\"https:\\\/\\\/secure.gravatar.com\\\/avatar\\\/2dc96c93fcf3387a5922a93b50fb3bff01d4800590fb6a4ab91a034adb25ba17?s=96&d=mm&r=g\",\"url\":\"https:\\\/\\\/secure.gravatar.com\\\/avatar\\\/2dc96c93fcf3387a5922a93b50fb3bff01d4800590fb6a4ab91a034adb25ba17?s=96&d=mm&r=g\",\"contentUrl\":\"https:\\\/\\\/secure.gravatar.com\\\/avatar\\\/2dc96c93fcf3387a5922a93b50fb3bff01d4800590fb6a4ab91a034adb25ba17?s=96&d=mm&r=g\",\"caption\":\"agevis\"},\"url\":\"https:\\\/\\\/www.manitese.it\\\/en\\\/author\\\/wp_agevis_admin\\\/\"}]}<\/script>\n<!-- \/ Yoast SEO plugin. -->","yoast_head_json":{"title":"Mani Tese - Guinea Buissau, progetti per un paese sostenibile","description":"Progetto per promuovere una societ\u00e0 inclusiva e capace di offrire, in particolare a donne, giovani e persone con disabilit\u00e0, opportunit\u00e0 formative e professionali per una crescita partecipata e sostenibile.","robots":{"index":"index","follow":"follow","max-snippet":"max-snippet:-1","max-image-preview":"max-image-preview:large","max-video-preview":"max-video-preview:-1"},"canonical":"https:\/\/www.manitese.it\/en\/coinvolgiamo-tutt%c9%99-in-guinea-bissau\/","og_locale":"en_US","og_type":"article","og_title":"Mani Tese - Guinea Buissau, progetti per un paese sostenibile","og_description":"Progetto per promuovere una societ\u00e0 inclusiva e capace di offrire, in particolare a donne, giovani e persone con disabilit\u00e0, opportunit\u00e0 formative e professionali per una crescita partecipata e sostenibile.","og_url":"https:\/\/www.manitese.it\/en\/coinvolgiamo-tutt%c9%99-in-guinea-bissau\/","og_site_name":"Mani Tese","article_published_time":"2023-05-15T13:55:17+00:00","article_modified_time":"2023-11-29T16:27:23+00:00","og_image":[{"width":1040,"height":585,"url":"https:\/\/www.manitese.it\/wp-content\/uploads\/2023\/05\/incontro-governatrice-Gabu-rotated-1.jpg","type":"image\/jpeg"}],"author":"agevis","twitter_card":"summary_large_image","twitter_misc":{"Written by":"agevis","Est. reading time":"3 minutes"},"schema":{"@context":"https:\/\/schema.org","@graph":[{"@type":"Article","@id":"https:\/\/www.manitese.it\/en\/coinvolgiamo-tutt%c9%99-in-guinea-bissau\/#article","isPartOf":{"@id":"https:\/\/www.manitese.it\/en\/coinvolgiamo-tutt%c9%99-in-guinea-bissau\/"},"author":{"name":"agevis","@id":"https:\/\/www.manitese.it\/en\/#\/schema\/person\/5a9774f17e4940e2510bfeba90f04f65"},"headline":"Coinvolgiamo tutt\u0259 in Guinea-Bissau!","datePublished":"2023-05-15T13:55:17+00:00","dateModified":"2023-11-29T16:27:23+00:00","mainEntityOfPage":{"@id":"https:\/\/www.manitese.it\/en\/coinvolgiamo-tutt%c9%99-in-guinea-bissau\/"},"wordCount":488,"commentCount":0,"image":{"@id":"https:\/\/www.manitese.it\/en\/coinvolgiamo-tutt%c9%99-in-guinea-bissau\/#primaryimage"},"thumbnailUrl":"https:\/\/www.manitese.it\/wp-content\/uploads\/2023\/05\/incontro-governatrice-Gabu-rotated-1.jpg","keywords":["Kenya","diritti","cibo"],"articleSection":["News"],"inLanguage":"en-US","potentialAction":[{"@type":"CommentAction","name":"Comment","target":["https:\/\/www.manitese.it\/en\/coinvolgiamo-tutt%c9%99-in-guinea-bissau\/#respond"]}]},{"@type":"WebPage","@id":"https:\/\/www.manitese.it\/en\/coinvolgiamo-tutt%c9%99-in-guinea-bissau\/","url":"https:\/\/www.manitese.it\/en\/coinvolgiamo-tutt%c9%99-in-guinea-bissau\/","name":"Mani Tese - Guinea Buissau, progetti per un paese sostenibile","isPartOf":{"@id":"https:\/\/www.manitese.it\/en\/#website"},"primaryImageOfPage":{"@id":"https:\/\/www.manitese.it\/en\/coinvolgiamo-tutt%c9%99-in-guinea-bissau\/#primaryimage"},"image":{"@id":"https:\/\/www.manitese.it\/en\/coinvolgiamo-tutt%c9%99-in-guinea-bissau\/#primaryimage"},"thumbnailUrl":"https:\/\/www.manitese.it\/wp-content\/uploads\/2023\/05\/incontro-governatrice-Gabu-rotated-1.jpg","datePublished":"2023-05-15T13:55:17+00:00","dateModified":"2023-11-29T16:27:23+00:00","author":{"@id":"https:\/\/www.manitese.it\/en\/#\/schema\/person\/5a9774f17e4940e2510bfeba90f04f65"},"description":"Progetto per promuovere una societ\u00e0 inclusiva e capace di offrire, in particolare a donne, giovani e persone con disabilit\u00e0, opportunit\u00e0 formative e professionali per una crescita partecipata e sostenibile.","breadcrumb":{"@id":"https:\/\/www.manitese.it\/en\/coinvolgiamo-tutt%c9%99-in-guinea-bissau\/#breadcrumb"},"inLanguage":"en-US","potentialAction":[{"@type":"ReadAction","target":["https:\/\/www.manitese.it\/en\/coinvolgiamo-tutt%c9%99-in-guinea-bissau\/"]}]},{"@type":"ImageObject","inLanguage":"en-US","@id":"https:\/\/www.manitese.it\/en\/coinvolgiamo-tutt%c9%99-in-guinea-bissau\/#primaryimage","url":"https:\/\/www.manitese.it\/wp-content\/uploads\/2023\/05\/incontro-governatrice-Gabu-rotated-1.jpg","contentUrl":"https:\/\/www.manitese.it\/wp-content\/uploads\/2023\/05\/incontro-governatrice-Gabu-rotated-1.jpg","width":1040,"height":585},{"@type":"BreadcrumbList","@id":"https:\/\/www.manitese.it\/en\/coinvolgiamo-tutt%c9%99-in-guinea-bissau\/#breadcrumb","itemListElement":[{"@type":"ListItem","position":1,"name":"Home","item":"https:\/\/www.manitese.it\/en\/"},{"@type":"ListItem","position":2,"name":"Coinvolgiamo tutt\u0259 in Guinea-Bissau!"}]},{"@type":"WebSite","@id":"https:\/\/www.manitese.it\/en\/#website","url":"https:\/\/www.manitese.it\/en\/","name":"Mani Tese","description":"","potentialAction":[{"@type":"SearchAction","target":{"@type":"EntryPoint","urlTemplate":"https:\/\/www.manitese.it\/en\/?s={search_term_string}"},"query-input":{"@type":"PropertyValueSpecification","valueRequired":true,"valueName":"search_term_string"}}],"inLanguage":"en-US"},{"@type":"Person","@id":"https:\/\/www.manitese.it\/en\/#\/schema\/person\/5a9774f17e4940e2510bfeba90f04f65","name":"agevis","image":{"@type":"ImageObject","inLanguage":"en-US","@id":"https:\/\/secure.gravatar.com\/avatar\/2dc96c93fcf3387a5922a93b50fb3bff01d4800590fb6a4ab91a034adb25ba17?s=96&d=mm&r=g","url":"https:\/\/secure.gravatar.com\/avatar\/2dc96c93fcf3387a5922a93b50fb3bff01d4800590fb6a4ab91a034adb25ba17?s=96&d=mm&r=g","contentUrl":"https:\/\/secure.gravatar.com\/avatar\/2dc96c93fcf3387a5922a93b50fb3bff01d4800590fb6a4ab91a034adb25ba17?s=96&d=mm&r=g","caption":"agevis"},"url":"https:\/\/www.manitese.it\/en\/author\/wp_agevis_admin\/"}]}},"jetpack_featured_media_url":"https:\/\/www.manitese.it\/wp-content\/uploads\/2023\/05\/incontro-governatrice-Gabu-rotated-1.jpg","jetpack_sharing_enabled":true,"_links":{"self":[{"href":"https:\/\/www.manitese.it\/en\/wp-json\/wp\/v2\/posts\/171103","targetHints":{"allow":["GET"]}}],"collection":[{"href":"https:\/\/www.manitese.it\/en\/wp-json\/wp\/v2\/posts"}],"about":[{"href":"https:\/\/www.manitese.it\/en\/wp-json\/wp\/v2\/types\/post"}],"author":[{"embeddable":true,"href":"https:\/\/www.manitese.it\/en\/wp-json\/wp\/v2\/users\/1"}],"replies":[{"embeddable":true,"href":"https:\/\/www.manitese.it\/en\/wp-json\/wp\/v2\/comments?post=171103"}],"version-history":[{"count":5,"href":"https:\/\/www.manitese.it\/en\/wp-json\/wp\/v2\/posts\/171103\/revisions"}],"predecessor-version":[{"id":191633,"href":"https:\/\/www.manitese.it\/en\/wp-json\/wp\/v2\/posts\/171103\/revisions\/191633"}],"wp:featuredmedia":[{"embeddable":true,"href":"https:\/\/www.manitese.it\/en\/wp-json\/wp\/v2\/media\/171104"}],"wp:attachment":[{"href":"https:\/\/www.manitese.it\/en\/wp-json\/wp\/v2\/media?parent=171103"}],"wp:term":[{"taxonomy":"category","embeddable":true,"href":"https:\/\/www.manitese.it\/en\/wp-json\/wp\/v2\/categories?post=171103"},{"taxonomy":"post_tag","embeddable":true,"href":"https:\/\/www.manitese.it\/en\/wp-json\/wp\/v2\/tags?post=171103"},{"taxonomy":"thematic_area","embeddable":true,"href":"https:\/\/www.manitese.it\/en\/wp-json\/wp\/v2\/thematic_area?post=171103"}],"curies":[{"name":"wp","href":"https:\/\/api.w.org\/{rel}","templated":true}]}}